{"id":19148,"date":"2020-02-17T15:20:01","date_gmt":"2020-02-17T14:20:01","guid":{"rendered":"http:\/\/lyonbondyblog.fr\/LBB\/?p=19148"},"modified":"2020-02-18T14:50:07","modified_gmt":"2020-02-18T13:50:07","slug":"interview-ange-vidal-une-native-vaudaise-pour-porter-la-liste-demain-vaulx-en-velin-aux-municipales-partie-1","status":"publish","type":"post","link":"https:\/\/lyonbondyblog.fr\/LBB\/interview-ange-vidal-une-native-vaudaise-pour-porter-la-liste-demain-vaulx-en-velin-aux-municipales-partie-1\/","title":{"rendered":"[Interview] Ange Vidal, une native vaudaise pour porter la liste \u00ab\u00a0Demain, Vaulx-en-Velin\u00a0\u00bb aux municipales &#8211; Partie 1"},"content":{"rendered":"<h4>A Vaulx-en-Velin, Ange Vidal se pr\u00e9sente dans une ville qu&rsquo;elle connait particuli\u00e8rement bien aux \u00e9lections municipales, qui se d\u00e9rouleront en mars 2020. Elle sera \u00e0 la t\u00eate de la liste \u00ab\u00a0Demain, Vaulx-en-Velin\u00a0\u00bb.<\/h4>\n<h4>Pourquoi vous \u00eates-vous lanc\u00e9e dans ces \u00e9lections et pourquoi \u00e0 Vaulx-en-Velin ?<\/h4>\n<p>Je me pr\u00e9sente car je suis vaudaise. Je suis arriv\u00e9e \u00e0 Vaulx-en-Velin en 1967, j&rsquo;ai vu la ville se transformer. Mes parents \u00e9taient tr\u00e8s actifs autant sur le plan politique qu&rsquo;associatif sur Vaulx-en-Velin. Ma m\u00e8re a \u00e9t\u00e9 \u00e9lue sur deux mandats et demi \u00e0 la ville, j&rsquo;ai vu ses transformations, elle me tient \u00e0 c\u0153ur. Lorsque je suis revenu de la r\u00e9gion parisienne, c&rsquo;est \u00e0 Vaulx-en-Velin que j&rsquo;ai voulu m&rsquo;installer et travailler.<\/p>\n<h4>Comment vous vous positionnez par rapport \u00e0 l\u2019environnement \u00e0 Vaulx-en-Velin ? Avez-vous des projets ?<\/h4>\n<p>Nous avons des projets d&rsquo;environnements, notre collectif fait parti des forces de gauche alternatives et nous souhaitons toutes les r\u00e9unir, y compris EELV. Notre liste n&rsquo;est donc pas ferm\u00e9e et est ouverte \u00e0 toutes les personnes ayant une pens\u00e9e de gauche. On a tout un volet concernant l&rsquo;\u00e9cologie, tant au niveau des modes de transports, des circuits courts, du b\u00e2ti. Au niveau des produits locaux bios, la cr\u00e9ation d&rsquo;une cuisine centrale pour tous les enfants vaudais est n\u00e9cessaire. Il faut \u00e9galement des commerces en \u00e9picerie de produits locaux, revoir les pistes cyclables, ainsi que tout ce qui est recyclerie de v\u00eatements, de mat\u00e9riels de bricolages. Nous avons aussi le tramway comme projet. Nous voulons valoriser et entretenir la digue du village. Nous avons \u00e9galement pr\u00e9vu un plan de restauration du ruisseau La Rize, ainsi que du canal de Jonage et du parc de La Rize. Il faut retravailler \u00e9galement les liaisons, et s&rsquo;atteler \u00e0 la cr\u00e9ation d&rsquo;\u00eelots de fra\u00eecheur.<\/p>\n<h4>Quelle partie du budget de la ville est-il possible d&rsquo;utiliser pour financer ces projets ?<\/h4>\n<p>La ville a travaill\u00e9 d&rsquo;une dr\u00f4le de fa\u00e7on, au niveau des frais de buffet par exemple : il y a eu une augmentation de 45 %, soit 66 000 euros. Entre 2014 et 2018 la ville a eu recours syst\u00e9matiquement \u00e0 l&#8217;emploi contractuel augmentant ainsi de 40,5 pour cents le nombre de travailleurs. Nous sommes donc pass\u00e9 de 5 920 000 \u00e0 8 292 000 emplois contractuels, sachant qu&rsquo;ils repr\u00e9sentent beaucoup de charg\u00e9s de missions. Au niveau de la ville il y a une volont\u00e9 de casser le service public et de tout passer en d\u00e9l\u00e9gation. Donc quand vous me demandez o\u00f9 nous allons trouver les \u00e9conomies, nous pouvons r\u00e9affecter l&rsquo;argent d\u2019une autre fa\u00e7on. En sachant qu&rsquo;il y a \u00e9galement des choses qui sont du ressort de la m\u00e9tropole, donc tout n&rsquo;est pas du ressort de la commune puisque la m\u00e9tropole a de plus en plus de comp\u00e9tences. D&rsquo;o\u00f9 l&rsquo;importance d&rsquo;avoir \u00e0 Vaulx-en-Velin des \u00e9lus qui en font partie, afin de se faire entendre et faire levier sur cette aust\u00e9rit\u00e9 qui va peser de plus en plus sur cette commune et sur ses habitants.<\/p>\n<h4>Comment vous voyez cette relation entre la m\u00e9tropole et la commune ? Pensez-vous que c&rsquo;est vraiment b\u00e9n\u00e9fique \u00e0 la commune ?<\/h4>\n<p>Si vous avez un \u00e9lu de la commune, qui si\u00e8ge \u00e0 la m\u00e9tropole et qui se retrouve dans un groupe important, \u00e9videmment qu&rsquo;il y a des points de levier. Tout se joue au niveau des forces politiques, aux sein des forces de gauche nous sommes tous d&rsquo;accord pour dire qu&rsquo;il faut revoir un certain nombre de choses, revenir \u00e0 des domaines de comp\u00e9tences qui appartenaient \u00e0 la commune. La m\u00e9tropole est une grosse machine. Evidemment les communes de droite trouvent leurs comptes dans la m\u00e9tropole car c&rsquo;est un fonctionnement qu&rsquo;ils mettent d\u00e9j\u00e0 en place dans leur gouvernance communale.<\/p>\n<h4>Que pensez-vous des transports \u00e0 Vaulx-en-Velin? Notamment au Nord, qui est assez mal desservi ?<\/h4>\n<p>Nous avons eu une assembl\u00e9e citoyenne sur les transports. Ce qui est ressorti, c&rsquo;\u00e9tait notre volont\u00e9 d&rsquo;avoir le tramway \u00e0 Vaulx-en-Velin. Nous avons conscience que celui-ci n&rsquo;\u00e9tant pas inscrit dans les tablettes de la m\u00e9tropole, il devrait s&rsquo;inscrire sur la mandature de 2026, et nous ne l&rsquo;aurons surement pas avant 2030, alors nous n&rsquo;allons rien l\u00e2cher. Au niveau de la population du Mas il y a des personnes qui souhaitent avoir le tramway. Pour d&rsquo;autres personnes, par exemple celles qui travaillent sur Rillieux ou \u00e0 Saint-Priest, cela compliqu\u00e9 pour elles car \u00e7a rallonge leur trajet.<\/p>\n<h4>Il n&rsquo;y a que deux bornes de Velov \u00e0 Vaulx-en-Velin. Avez-vous des projets concernant le d\u00e9placement \u00e0 v\u00e9lo ?<\/h4>\n<p>Je pense que dans un premier temps il faut faire une \u00e9tude pour voir qui les utilisent, car je vois peu d&rsquo;habitants sur le centre-ville qui prennent des Velov. Beaucoup de vaudais ont leurs propres v\u00e9los. Je pense que c&rsquo;est plus utile pour le personnel de la mairie pour se d\u00e9placer d&rsquo;un point \u00e0 un autre, au m\u00eame titre que les voitures \u00e9lectriques. C&rsquo;est une demande qui n&rsquo;est pas concr\u00e8tement exprim\u00e9, \u00e0 contrario de l&rsquo;augmentation des pistes cyclables et de la baisse du nombre de voitures. C&rsquo;est vrai que m\u00eame si la rocade est \u00e0 c\u00f4t\u00e9, nous avons un axe qui traverse. Il faut essayer de trouver des solutions. Cela \u00e9tant, tout ce qui est am\u00e9lioration des fr\u00e9quences de bus et de ses lignes, encore une comp\u00e9tence de la m\u00e9tropole, on peut envisager une plateforme de covoiturage, savoir ou la mettre, une au Nord, une au Sud.<\/p>\n<h4>Vaulx-en-Velin reste une ville abordable pour la m\u00e9tropole. Cependant, les prix du logement augmentent, avec une moyenne de 2300 euros le m\u00e8tre carr\u00e9.&nbsp; Comment fait-on pour se loger aujourd&rsquo;hui \u00e0 Vaulx-en-Velin ?<\/h4>\n<p>C&rsquo;est tr\u00e8s difficile,le logement est \u00e9galement une comp\u00e9tence de la m\u00e9tropole. La mairie devrait le faire aussi. La ville de Vaulx-en-Velin a perdu \u00e9norm\u00e9ment de solidarit\u00e9.<br \/>\nLe projet de la r\u00e9novation du Grand-Mas est d&rsquo;arriver au seuil l\u00e9gal des logements sociaux, sur toute la commune, le Nord et le Sud. Cela veut dire que sur la r\u00e9novation du Mas il ne va rester qu&rsquo;une toute petite partie de logements sociaux.<\/p>\n<h4>Les habitants veulent-ils seulement enlever des logements sociaux au Mas du Taureau ?<\/h4>\n<p>Vous retrouvez essentiellement les logements sociaux au Mas du Taureau, La Grappini\u00e8re qui est en r\u00e9novation, o\u00f9 il va y avoir des appartements qui vont \u00eatre supprim\u00e9s. Il y a donc des possibilit\u00e9s de relogement, il y a un grand plan sur l&rsquo;habitat au niveau de Vaulx-en-Velin. D&rsquo;o\u00f9 l&rsquo;importance de la m\u00e9tropole et de ses \u00e9lus, pour d\u00e9sengorger un peu la ville de Lyon et faire venir des personnes \u00e0 revenus moyens, qui pourront plus facilement se loger. Il y a eu des tentatives immobili\u00e8res \u00e0 Vaulx-en-Velin, Rue de l&rsquo;\u00e9galit\u00e9, en r\u00e9union de quartier on nous avait vendu des petites maisons, toutes accol\u00e9es, des appartements \u00e0 louer et \u00e0 vendre. Ils essayent \u00e9galement de prendre du sol pour des logements sociaux. Aujourd&rsquo;hui, vous regardez les petites annonces vous vous apercevez qu&rsquo;il y a d\u00e9j\u00e0 des appartements en vente. Il y a un r\u00e9el probl\u00e8me, nous faisons venir des personnes et au bout d&rsquo;un moment elles s&rsquo;en vont, et de ce fait la population est mouvante. En 2020 la d\u00e9mographie est de plus de 50 000 vaudais, on est la ville la plus jeune de France, il nous manque des \u00e9coles, et de ce fait \u00e0 un moment il va nous falloir un coll\u00e8ge. La cr\u00e8che \u00e0 l&rsquo;\u00e9cole Ren\u00e9 Beauverie a \u00e9t\u00e9 donn\u00e9 au priv\u00e9, elle est dans les murs de l&rsquo;\u00e9cole communale et pourtant on a une cr\u00e8che priv\u00e9e \u00e0 l&rsquo;int\u00e9rieur. Quand l\u2019on sait que cela co\u00fbte plus cher alors on peut s&rsquo;interroger, \u00e9tant donn\u00e9 qu&rsquo;elle aurait pu revenir au service public.&nbsp; \u00c7a aurait peut-\u00eatre permis de faire des \u00e9conomies et cr\u00e9er une micro-cr\u00e8che \u00e0 un endroit pr\u00e9cis o\u00f9 cela manquait.<\/p>\n<h4>Il y a des logements vacants \u00e0 Vaulx-en-Velin, parait-il, comment vous vous positionnez l\u00e0-dessus ? Pensez-vous qu&rsquo;on doit les utiliser, pour les femmes battues, les \u00e9tudiants par exemple ?<\/h4>\n<p>Au niveau des appartements vacants, il n\u2019est pas normal que dans une soci\u00e9t\u00e9 de richesses telle que la n\u00f4tre&nbsp; nous trouvions des \u00e9tudiants en grande situation de pr\u00e9carit\u00e9.<br \/>\nIl n&rsquo;est pas acceptable qu&rsquo;une ville populaire ne s&rsquo;occupe pas d&rsquo;enfants qui dorment dans la rue, alors que l&rsquo;on a des logements vacants. Il n&rsquo;est pas acceptable de signer en grande pompe une convention annon\u00e7ant quatre logements pour les violences intra-familiales et qu&rsquo;au conseil municipal de cette semaine on parle de monter les dossiers pour obtenir les subventions. C&rsquo;est un effet d&rsquo;annonce, mais concr\u00e8tement ces quatre logements ne sont pas l\u00e0, ils n&rsquo;existent pas. Rappelons-nous de l&rsquo;histoire de Vaulx-en-Velin, la cr\u00e9ation de la ZUP de Vaulx en Velin, pas tr\u00e8s loin \u00e0 Villeurbanne o\u00f9 nous avions un bidonville. Est ce que l\u2019on peut accepter cela au 21e si\u00e8cle ? Que des enfants dorment dehors, que des \u00e9tudiants soient en grande situation de pr\u00e9carit\u00e9, que des familles le 10 du mois n&rsquo;aient plus rien dans le frigo pour leurs enfants? Non.<\/p>\n<!-- AddThis Advanced Settings generic via filter on the_content --><!-- AddThis Share Buttons generic via filter on the_content -->","protected":false},"excerpt":{"rendered":"<p>A Vaulx-en-Velin, Ange Vidal se pr\u00e9sente dans une ville qu&rsquo;elle connait particuli\u00e8rement bien aux \u00e9lections municipales, qui se d\u00e9rouleront en mars 2020. Elle sera \u00e0 &hellip; <!-- AddThis Advanced Settings generic via filter on wp_trim_excerpt --><!-- AddThis Share Buttons generic via filter on wp_trim_excerpt --><\/p>\n","protected":false},"author":21556,"featured_media":19149,"comment_status":"open","ping_status":"open","sticky":false,"template":"","format":"standard","meta":{"_FSMCFIC_featured_image_caption":"","_FSMCFIC_featured_image_nocaption":"","_FSMCFIC_featured_image_hide":"","footnotes":""},"categories":[13120,6,3891],"tags":[],"class_list":["post-19148","post","type-post","status-publish","format-standard","has-post-thumbnail","hentry","category-municipales-2020","category-politique","category-vaulx-en-velin"],"yoast_head":"<!-- This site is optimized with the Yoast SEO plugin v22.8 - https:\/\/yoast.com\/wordpress\/plugins\/seo\/ -->\n<title>[Interview] Ange Vidal, une native vaudaise pour porter la liste &quot;Demain, Vaulx-en-Velin&quot; aux municipales - Partie 1 - Lyon Bondy Blog<\/title>\n<meta name=\"robots\" content=\"index, follow, max-snippet:-1, max-image-preview:large, max-video-preview:-1\" \/>\n<link rel=\"canonical\" href=\"https:\/\/lyonbondyblog.fr\/LBB\/interview-ange-vidal-une-native-vaudaise-pour-porter-la-liste-demain-vaulx-en-velin-aux-municipales-partie-1\/\" \/>\n<meta property=\"og:locale\" content=\"fr_FR\" \/>\n<meta property=\"og:type\" content=\"article\" \/>\n<meta property=\"og:title\" content=\"[Interview] Ange Vidal, une native vaudaise pour porter la liste &quot;Demain, Vaulx-en-Velin&quot; aux municipales - Partie 1 - Lyon Bondy Blog\" \/>\n<meta property=\"og:description\" content=\"A Vaulx-en-Velin, Ange Vidal se pr\u00e9sente dans une ville qu&rsquo;elle connait particuli\u00e8rement bien aux \u00e9lections municipales, qui se d\u00e9rouleront en mars 2020. Elle sera \u00e0 &hellip;\" \/>\n<meta property=\"og:url\" content=\"https:\/\/lyonbondyblog.fr\/LBB\/interview-ange-vidal-une-native-vaudaise-pour-porter-la-liste-demain-vaulx-en-velin-aux-municipales-partie-1\/\" \/>\n<meta property=\"og:site_name\" content=\"Lyon Bondy Blog\" \/>\n<meta property=\"article:publisher\" content=\"https:\/\/www.facebook.com\/lyonbondyblog\" \/>\n<meta property=\"article:published_time\" content=\"2020-02-17T14:20:01+00:00\" \/>\n<meta property=\"article:modified_time\" content=\"2020-02-18T13:50:07+00:00\" \/>\n<meta property=\"og:image\" content=\"https:\/\/lyonbondyblog.fr\/LBB\/wp-content\/uploads\/2020\/02\/87025445_1036651110051484_6317317011701497856_n.jpg\" \/>\n\t<meta property=\"og:image:width\" content=\"2244\" \/>\n\t<meta property=\"og:image:height\" content=\"1080\" \/>\n\t<meta property=\"og:image:type\" content=\"image\/jpeg\" \/>\n<meta name=\"author\" content=\"Mat\u00e9o Bacha\" \/>\n<meta name=\"twitter:card\" content=\"summary_large_image\" \/>\n<meta name=\"twitter:creator\" content=\"@bondybloglyon\" \/>\n<meta name=\"twitter:site\" content=\"@bondybloglyon\" \/>\n<script type=\"application\/ld+json\" class=\"yoast-schema-graph\">{\"@context\":\"https:\/\/schema.org\",\"@graph\":[{\"@type\":\"Article\",\"@id\":\"https:\/\/lyonbondyblog.fr\/LBB\/interview-ange-vidal-une-native-vaudaise-pour-porter-la-liste-demain-vaulx-en-velin-aux-municipales-partie-1\/#article\",\"isPartOf\":{\"@id\":\"https:\/\/lyonbondyblog.fr\/LBB\/interview-ange-vidal-une-native-vaudaise-pour-porter-la-liste-demain-vaulx-en-velin-aux-municipales-partie-1\/\"},\"author\":{\"name\":\"Mat\u00e9o Bacha\",\"@id\":\"https:\/\/lyonbondyblog.fr\/LBB\/#\/schema\/person\/e849a2dd9fe15d7729268e633a461e2d\"},\"headline\":\"[Interview] Ange Vidal, une native vaudaise pour porter la liste \u00ab\u00a0Demain, Vaulx-en-Velin\u00a0\u00bb aux municipales &#8211; Partie 1\",\"datePublished\":\"2020-02-17T14:20:01+00:00\",\"dateModified\":\"2020-02-18T13:50:07+00:00\",\"mainEntityOfPage\":{\"@id\":\"https:\/\/lyonbondyblog.fr\/LBB\/interview-ange-vidal-une-native-vaudaise-pour-porter-la-liste-demain-vaulx-en-velin-aux-municipales-partie-1\/\"},\"wordCount\":1528,\"commentCount\":0,\"publisher\":{\"@id\":\"https:\/\/lyonbondyblog.fr\/LBB\/#organization\"},\"image\":{\"@id\":\"https:\/\/lyonbondyblog.fr\/LBB\/interview-ange-vidal-une-native-vaudaise-pour-porter-la-liste-demain-vaulx-en-velin-aux-municipales-partie-1\/#primaryimage\"},\"thumbnailUrl\":\"https:\/\/lyonbondyblog.fr\/LBB\/wp-content\/uploads\/2020\/02\/87025445_1036651110051484_6317317011701497856_n.jpg\",\"articleSection\":[\"Municipales 2020\",\"Politique\",\"Vaulx-en-Velin\"],\"inLanguage\":\"fr-FR\",\"potentialAction\":[{\"@type\":\"CommentAction\",\"name\":\"Comment\",\"target\":[\"https:\/\/lyonbondyblog.fr\/LBB\/interview-ange-vidal-une-native-vaudaise-pour-porter-la-liste-demain-vaulx-en-velin-aux-municipales-partie-1\/#respond\"]}]},{\"@type\":\"WebPage\",\"@id\":\"https:\/\/lyonbondyblog.fr\/LBB\/interview-ange-vidal-une-native-vaudaise-pour-porter-la-liste-demain-vaulx-en-velin-aux-municipales-partie-1\/\",\"url\":\"https:\/\/lyonbondyblog.fr\/LBB\/interview-ange-vidal-une-native-vaudaise-pour-porter-la-liste-demain-vaulx-en-velin-aux-municipales-partie-1\/\",\"name\":\"[Interview] Ange Vidal, une native vaudaise pour porter la liste \\\"Demain, Vaulx-en-Velin\\\" aux municipales - Partie 1 - Lyon Bondy Blog\",\"isPartOf\":{\"@id\":\"https:\/\/lyonbondyblog.fr\/LBB\/#website\"},\"primaryImageOfPage\":{\"@id\":\"https:\/\/lyonbondyblog.fr\/LBB\/interview-ange-vidal-une-native-vaudaise-pour-porter-la-liste-demain-vaulx-en-velin-aux-municipales-partie-1\/#primaryimage\"},\"image\":{\"@id\":\"https:\/\/lyonbondyblog.fr\/LBB\/interview-ange-vidal-une-native-vaudaise-pour-porter-la-liste-demain-vaulx-en-velin-aux-municipales-partie-1\/#primaryimage\"},\"thumbnailUrl\":\"https:\/\/lyonbondyblog.fr\/LBB\/wp-content\/uploads\/2020\/02\/87025445_1036651110051484_6317317011701497856_n.jpg\",\"datePublished\":\"2020-02-17T14:20:01+00:00\",\"dateModified\":\"2020-02-18T13:50:07+00:00\",\"inLanguage\":\"fr-FR\",\"potentialAction\":[{\"@type\":\"ReadAction\",\"target\":[\"https:\/\/lyonbondyblog.fr\/LBB\/interview-ange-vidal-une-native-vaudaise-pour-porter-la-liste-demain-vaulx-en-velin-aux-municipales-partie-1\/\"]}]},{\"@type\":\"ImageObject\",\"inLanguage\":\"fr-FR\",\"@id\":\"https:\/\/lyonbondyblog.fr\/LBB\/interview-ange-vidal-une-native-vaudaise-pour-porter-la-liste-demain-vaulx-en-velin-aux-municipales-partie-1\/#primaryimage\",\"url\":\"https:\/\/lyonbondyblog.fr\/LBB\/wp-content\/uploads\/2020\/02\/87025445_1036651110051484_6317317011701497856_n.jpg\",\"contentUrl\":\"https:\/\/lyonbondyblog.fr\/LBB\/wp-content\/uploads\/2020\/02\/87025445_1036651110051484_6317317011701497856_n.jpg\",\"width\":2244,\"height\":1080},{\"@type\":\"WebSite\",\"@id\":\"https:\/\/lyonbondyblog.fr\/LBB\/#website\",\"url\":\"https:\/\/lyonbondyblog.fr\/LBB\/\",\"name\":\"Lyon Bondy Blog\",\"description\":\"\",\"publisher\":{\"@id\":\"https:\/\/lyonbondyblog.fr\/LBB\/#organization\"},\"potentialAction\":[{\"@type\":\"SearchAction\",\"target\":{\"@type\":\"EntryPoint\",\"urlTemplate\":\"https:\/\/lyonbondyblog.fr\/LBB\/?s={search_term_string}\"},\"query-input\":\"required name=search_term_string\"}],\"inLanguage\":\"fr-FR\"},{\"@type\":\"Organization\",\"@id\":\"https:\/\/lyonbondyblog.fr\/LBB\/#organization\",\"name\":\"LYON BONDY BLOG\",\"url\":\"https:\/\/lyonbondyblog.fr\/LBB\/\",\"logo\":{\"@type\":\"ImageObject\",\"inLanguage\":\"fr-FR\",\"@id\":\"https:\/\/lyonbondyblog.fr\/LBB\/#\/schema\/logo\/image\/\",\"url\":\"http:\/\/lyonbondyblog.fr\/LBB\/wp-content\/uploads\/2014\/10\/logo-portable-144.png\",\"contentUrl\":\"http:\/\/lyonbondyblog.fr\/LBB\/wp-content\/uploads\/2014\/10\/logo-portable-144.png\",\"width\":144,\"height\":123,\"caption\":\"LYON BONDY BLOG\"},\"image\":{\"@id\":\"https:\/\/lyonbondyblog.fr\/LBB\/#\/schema\/logo\/image\/\"},\"sameAs\":[\"https:\/\/www.facebook.com\/lyonbondyblog\",\"https:\/\/x.com\/bondybloglyon\"]},{\"@type\":\"Person\",\"@id\":\"https:\/\/lyonbondyblog.fr\/LBB\/#\/schema\/person\/e849a2dd9fe15d7729268e633a461e2d\",\"name\":\"Mat\u00e9o Bacha\",\"url\":\"https:\/\/lyonbondyblog.fr\/LBB\/author\/mateobacha\/\"}]}<\/script>\n<!-- \/ Yoast SEO plugin. -->","yoast_head_json":{"title":"[Interview] Ange Vidal, une native vaudaise pour porter la liste \"Demain, Vaulx-en-Velin\" aux municipales - Partie 1 - Lyon Bondy Blog","robots":{"index":"index","follow":"follow","max-snippet":"max-snippet:-1","max-image-preview":"max-image-preview:large","max-video-preview":"max-video-preview:-1"},"canonical":"https:\/\/lyonbondyblog.fr\/LBB\/interview-ange-vidal-une-native-vaudaise-pour-porter-la-liste-demain-vaulx-en-velin-aux-municipales-partie-1\/","og_locale":"fr_FR","og_type":"article","og_title":"[Interview] Ange Vidal, une native vaudaise pour porter la liste \"Demain, Vaulx-en-Velin\" aux municipales - Partie 1 - Lyon Bondy Blog","og_description":"A Vaulx-en-Velin, Ange Vidal se pr\u00e9sente dans une ville qu&rsquo;elle connait particuli\u00e8rement bien aux \u00e9lections municipales, qui se d\u00e9rouleront en mars 2020. Elle sera \u00e0 &hellip;","og_url":"https:\/\/lyonbondyblog.fr\/LBB\/interview-ange-vidal-une-native-vaudaise-pour-porter-la-liste-demain-vaulx-en-velin-aux-municipales-partie-1\/","og_site_name":"Lyon Bondy Blog","article_publisher":"https:\/\/www.facebook.com\/lyonbondyblog","article_published_time":"2020-02-17T14:20:01+00:00","article_modified_time":"2020-02-18T13:50:07+00:00","og_image":[{"width":2244,"height":1080,"url":"https:\/\/lyonbondyblog.fr\/LBB\/wp-content\/uploads\/2020\/02\/87025445_1036651110051484_6317317011701497856_n.jpg","type":"image\/jpeg"}],"author":"Mat\u00e9o Bacha","twitter_card":"summary_large_image","twitter_creator":"@bondybloglyon","twitter_site":"@bondybloglyon","schema":{"@context":"https:\/\/schema.org","@graph":[{"@type":"Article","@id":"https:\/\/lyonbondyblog.fr\/LBB\/interview-ange-vidal-une-native-vaudaise-pour-porter-la-liste-demain-vaulx-en-velin-aux-municipales-partie-1\/#article","isPartOf":{"@id":"https:\/\/lyonbondyblog.fr\/LBB\/interview-ange-vidal-une-native-vaudaise-pour-porter-la-liste-demain-vaulx-en-velin-aux-municipales-partie-1\/"},"author":{"name":"Mat\u00e9o Bacha","@id":"https:\/\/lyonbondyblog.fr\/LBB\/#\/schema\/person\/e849a2dd9fe15d7729268e633a461e2d"},"headline":"[Interview] Ange Vidal, une native vaudaise pour porter la liste \u00ab\u00a0Demain, Vaulx-en-Velin\u00a0\u00bb aux municipales &#8211; Partie 1","datePublished":"2020-02-17T14:20:01+00:00","dateModified":"2020-02-18T13:50:07+00:00","mainEntityOfPage":{"@id":"https:\/\/lyonbondyblog.fr\/LBB\/interview-ange-vidal-une-native-vaudaise-pour-porter-la-liste-demain-vaulx-en-velin-aux-municipales-partie-1\/"},"wordCount":1528,"commentCount":0,"publisher":{"@id":"https:\/\/lyonbondyblog.fr\/LBB\/#organization"},"image":{"@id":"https:\/\/lyonbondyblog.fr\/LBB\/interview-ange-vidal-une-native-vaudaise-pour-porter-la-liste-demain-vaulx-en-velin-aux-municipales-partie-1\/#primaryimage"},"thumbnailUrl":"https:\/\/lyonbondyblog.fr\/LBB\/wp-content\/uploads\/2020\/02\/87025445_1036651110051484_6317317011701497856_n.jpg","articleSection":["Municipales 2020","Politique","Vaulx-en-Velin"],"inLanguage":"fr-FR","potentialAction":[{"@type":"CommentAction","name":"Comment","target":["https:\/\/lyonbondyblog.fr\/LBB\/interview-ange-vidal-une-native-vaudaise-pour-porter-la-liste-demain-vaulx-en-velin-aux-municipales-partie-1\/#respond"]}]},{"@type":"WebPage","@id":"https:\/\/lyonbondyblog.fr\/LBB\/interview-ange-vidal-une-native-vaudaise-pour-porter-la-liste-demain-vaulx-en-velin-aux-municipales-partie-1\/","url":"https:\/\/lyonbondyblog.fr\/LBB\/interview-ange-vidal-une-native-vaudaise-pour-porter-la-liste-demain-vaulx-en-velin-aux-municipales-partie-1\/","name":"[Interview] Ange Vidal, une native vaudaise pour porter la liste \"Demain, Vaulx-en-Velin\" aux municipales - Partie 1 - Lyon Bondy Blog","isPartOf":{"@id":"https:\/\/lyonbondyblog.fr\/LBB\/#website"},"primaryImageOfPage":{"@id":"https:\/\/lyonbondyblog.fr\/LBB\/interview-ange-vidal-une-native-vaudaise-pour-porter-la-liste-demain-vaulx-en-velin-aux-municipales-partie-1\/#primaryimage"},"image":{"@id":"https:\/\/lyonbondyblog.fr\/LBB\/interview-ange-vidal-une-native-vaudaise-pour-porter-la-liste-demain-vaulx-en-velin-aux-municipales-partie-1\/#primaryimage"},"thumbnailUrl":"https:\/\/lyonbondyblog.fr\/LBB\/wp-content\/uploads\/2020\/02\/87025445_1036651110051484_6317317011701497856_n.jpg","datePublished":"2020-02-17T14:20:01+00:00","dateModified":"2020-02-18T13:50:07+00:00","inLanguage":"fr-FR","potentialAction":[{"@type":"ReadAction","target":["https:\/\/lyonbondyblog.fr\/LBB\/interview-ange-vidal-une-native-vaudaise-pour-porter-la-liste-demain-vaulx-en-velin-aux-municipales-partie-1\/"]}]},{"@type":"ImageObject","inLanguage":"fr-FR","@id":"https:\/\/lyonbondyblog.fr\/LBB\/interview-ange-vidal-une-native-vaudaise-pour-porter-la-liste-demain-vaulx-en-velin-aux-municipales-partie-1\/#primaryimage","url":"https:\/\/lyonbondyblog.fr\/LBB\/wp-content\/uploads\/2020\/02\/87025445_1036651110051484_6317317011701497856_n.jpg","contentUrl":"https:\/\/lyonbondyblog.fr\/LBB\/wp-content\/uploads\/2020\/02\/87025445_1036651110051484_6317317011701497856_n.jpg","width":2244,"height":1080},{"@type":"WebSite","@id":"https:\/\/lyonbondyblog.fr\/LBB\/#website","url":"https:\/\/lyonbondyblog.fr\/LBB\/","name":"Lyon Bondy Blog","description":"","publisher":{"@id":"https:\/\/lyonbondyblog.fr\/LBB\/#organization"},"potentialAction":[{"@type":"SearchAction","target":{"@type":"EntryPoint","urlTemplate":"https:\/\/lyonbondyblog.fr\/LBB\/?s={search_term_string}"},"query-input":"required name=search_term_string"}],"inLanguage":"fr-FR"},{"@type":"Organization","@id":"https:\/\/lyonbondyblog.fr\/LBB\/#organization","name":"LYON BONDY BLOG","url":"https:\/\/lyonbondyblog.fr\/LBB\/","logo":{"@type":"ImageObject","inLanguage":"fr-FR","@id":"https:\/\/lyonbondyblog.fr\/LBB\/#\/schema\/logo\/image\/","url":"http:\/\/lyonbondyblog.fr\/LBB\/wp-content\/uploads\/2014\/10\/logo-portable-144.png","contentUrl":"http:\/\/lyonbondyblog.fr\/LBB\/wp-content\/uploads\/2014\/10\/logo-portable-144.png","width":144,"height":123,"caption":"LYON BONDY BLOG"},"image":{"@id":"https:\/\/lyonbondyblog.fr\/LBB\/#\/schema\/logo\/image\/"},"sameAs":["https:\/\/www.facebook.com\/lyonbondyblog","https:\/\/x.com\/bondybloglyon"]},{"@type":"Person","@id":"https:\/\/lyonbondyblog.fr\/LBB\/#\/schema\/person\/e849a2dd9fe15d7729268e633a461e2d","name":"Mat\u00e9o Bacha","url":"https:\/\/lyonbondyblog.fr\/LBB\/author\/mateobacha\/"}]}},"_links":{"self":[{"href":"https:\/\/lyonbondyblog.fr\/LBB\/wp-json\/wp\/v2\/posts\/19148","targetHints":{"allow":["GET"]}}],"collection":[{"href":"https:\/\/lyonbondyblog.fr\/LBB\/wp-json\/wp\/v2\/posts"}],"about":[{"href":"https:\/\/lyonbondyblog.fr\/LBB\/wp-json\/wp\/v2\/types\/post"}],"author":[{"embeddable":true,"href":"https:\/\/lyonbondyblog.fr\/LBB\/wp-json\/wp\/v2\/users\/21556"}],"replies":[{"embeddable":true,"href":"https:\/\/lyonbondyblog.fr\/LBB\/wp-json\/wp\/v2\/comments?post=19148"}],"version-history":[{"count":11,"href":"https:\/\/lyonbondyblog.fr\/LBB\/wp-json\/wp\/v2\/posts\/19148\/revisions"}],"predecessor-version":[{"id":19201,"href":"https:\/\/lyonbondyblog.fr\/LBB\/wp-json\/wp\/v2\/posts\/19148\/revisions\/19201"}],"wp:featuredmedia":[{"embeddable":true,"href":"https:\/\/lyonbondyblog.fr\/LBB\/wp-json\/wp\/v2\/media\/19149"}],"wp:attachment":[{"href":"https:\/\/lyonbondyblog.fr\/LBB\/wp-json\/wp\/v2\/media?parent=19148"}],"wp:term":[{"taxonomy":"category","embeddable":true,"href":"https:\/\/lyonbondyblog.fr\/LBB\/wp-json\/wp\/v2\/categories?post=19148"},{"taxonomy":"post_tag","embeddable":true,"href":"https:\/\/lyonbondyblog.fr\/LBB\/wp-json\/wp\/v2\/tags?post=19148"}],"curies":[{"name":"wp","href":"https:\/\/api.w.org\/{rel}","templated":true}]}}