{"id":19097,"date":"2020-02-16T17:45:40","date_gmt":"2020-02-16T16:45:40","guid":{"rendered":"http:\/\/lyonbondyblog.fr\/LBB\/?p=19097"},"modified":"2020-02-19T09:41:58","modified_gmt":"2020-02-19T08:41:58","slug":"interview-thomas-spreux-fait-entendre-la-voix-des-travailleurs-partie-2","status":"publish","type":"post","link":"https:\/\/lyonbondyblog.fr\/LBB\/interview-thomas-spreux-fait-entendre-la-voix-des-travailleurs-partie-2\/","title":{"rendered":"[Interview] Thomas Spreux fait entendre la voix des travailleurs &#8211; Partie 2"},"content":{"rendered":"<h4>Thomas Spreux est candidat \u00e0 la mairie de Vaulx-en-Velin avec Lutte Ouvri\u00e8re. Instituteur et habitant de Vaulx-en-Velin, il exprime son rejet de la politique actuelle, et demande moins de libert\u00e9s patronales, en parall\u00e8le \u00e0 des \u00e9volutions pour les travailleurs.<\/h4>\n<p><b>Comment am\u00e9liorer l&rsquo;attractivit\u00e9 de la ville ?&nbsp;<\/b><\/p>\n<p>Moi je ne cherche pas \u00e0 faire en sorte qu&rsquo;une ville soit plus attractive qu&rsquo;une autre, pour moi ce qui est indispensable c&rsquo;est la d\u00e9fense des int\u00e9r\u00eats politiques des travailleurs dans toutes les communes, dans tout le pays, m\u00eame plus largement qu&rsquo;\u00e0 l&rsquo;\u00e9chelle de la France.Nous voudrions que le monde entier soit d\u00e9barrasser de l&rsquo;exploitation, de cette soci\u00e9t\u00e9 capitaliste. Que les gens aient acc\u00e8s au meilleur, \u00e0 la culture, aux loisirs, aux savoirs, aux connaissances, cette soci\u00e9t\u00e9 capitaliste prive les ouvriers, la classe sociale qui fait tout fonctionner. Je pense qu&rsquo;il faut inverser les choses et ce n&rsquo;est pas sp\u00e9cifique \u00e0 Vaulx-en-Velin c&rsquo;est partout qu&rsquo;il faut rendre la vie meilleure pour les travailleurs.&nbsp;<\/p>\n<p>&nbsp;<\/p>\n<p><b>Pourriez-vous expliquer aux lecteurs la position de Lutte Ouvri\u00e8re par rapport aux principes d&rsquo;\u00e9lections ? &nbsp;<\/b><\/p>\n<p>&nbsp;<\/p>\n<p>Et bien nous sommes convaincu que ce ne sont pas les \u00e9lections qui permettront de changer la soci\u00e9t\u00e9 en profondeur, ces derni\u00e8res n&rsquo;ont jamais permis \u00e7a, cela n&rsquo;a jamais enlev\u00e9 aux capitalistes le pouvoir qu&rsquo;ils exercent sur l&rsquo;ensemble de la soci\u00e9t\u00e9 \u00e0 travers leurs propri\u00e9t\u00e9s, leurs propri\u00e9t\u00e9s d&rsquo;entreprises, leurs propri\u00e9t\u00e9s des capitaux et que donc pour inverser les choses \u00e7a ne peut venir que de mouvements sociaux puissants et \u00e0 travers des luttes sociales massives, comme en juin 36, comme en mai 68, pour nous la solution ne peut venir que de l\u00e0, cela dit les \u00e9lections c&rsquo;est quand m\u00eame un moment ou des millions de personnes se posent des questions politiques, se posent la question de pour qui voter, ce sont des moments o\u00f9 il y a du d\u00e9bat politique et pour nous il est inconcevable de laisser la place aux autres et de ne pas y participer sous pr\u00e9texte que les \u00e9lections ne changent pas la soci\u00e9t\u00e9<i>.<\/i> Nous, on pense que chaque occasion est bonne pour d\u00e9fendre des id\u00e9es politiques, pour faire avancer nos id\u00e9es et permettre aux travailleurs de s&rsquo;exprimer sur ces id\u00e9es, on voit que pour d\u00e9fendre les int\u00e9r\u00eats des grands patrons capitalistes il y a le choix, entre des dizaines de partis qui le font, nous on pr\u00e9sente une liste d&rsquo;ouvriers, de salari\u00e9s, de femmes de m\u00e9nages, d&rsquo;enseignants, d&rsquo;infirmi\u00e8res, pour dire que les travailleurs, ils ont leurs mots \u00e0 dire et que on peut utiliser le bulletin de vote pour changer la soci\u00e9t\u00e9, parce que cela ne se passera pas comme \u00e7a. Au moins pour dire que nous ne sommes pas d&rsquo;accord, affirmer qu&rsquo;il y a un camp dans la soci\u00e9t\u00e9 qui refuse toutes ces mesures anti-ouvri\u00e8res et qu&rsquo;il ne veut pas se laisser faire, on ne veut pas se laisser faire par le grand patronat, on ne veut pas se laisser faire par le gouvernement.<\/p>\n<p>&nbsp;<\/p>\n<p><b>Concernant les personnes \u00e2g\u00e9es, est ce que vous pensez qu&rsquo;il y a des solutions, notamment l&rsquo;aide \u00e0 domicile, sachant que beaucoup d&rsquo;EHPAD sont remplis ?<\/b>&nbsp;<\/p>\n<p>&nbsp;<\/p>\n<p>L&rsquo;aide \u00e0 domicile; quand ils l&rsquo;\u00e9voquent, \u00e7a les int\u00e9resse car \u00e7a ne co\u00fbte pas cher. Ce qui est r\u00e9voltant c&rsquo;est que la d\u00e9pendance des personnes \u00e2g\u00e9es, dans une soci\u00e9t\u00e9 o\u00f9 seul le profit des capitalistes compte. C&rsquo;est juste vu par ceux-ci comme un moyen de s&rsquo;enrichir, les personnes \u00e2g\u00e9es c&rsquo;est une marchandise au m\u00eame titre que les bo\u00eetes de conserve quand ils investissent dans des supermarch\u00e9s<b>.<\/b> Il suffit de voir la fa\u00e7on dont les personnes \u00e2g\u00e9es qui sont trait\u00e9es dans les EHPAD \u00e0 cause du manque de moyens, pour voir \u00e0 quel point cet situation est r\u00e9voltante et \u00e0 quel point la prise en charge des personnes \u00e2g\u00e9es pour g\u00e9n\u00e9rer des profits de ces soci\u00e9t\u00e9s qui se sont lanc\u00e9s dans ce qui s&rsquo;appelle l&rsquo;\u00e9conomie du silver age, pour se rendre compte que l&rsquo;on vit dans une soci\u00e9t\u00e9 barbare. Alors bien s\u00fbr il y a des personnes qui pr\u00e9f\u00e8rent continuer \u00e0 vivre chez elles \u00e0 domicile et c&rsquo;est tant mieux pour elles si elles peuvent le faire et il faut aussi que L\u2019\u00c9tat mette en place des aides pour que les personnes qui vivent chez elles puissent \u00eatre accompagn\u00e9es. De toute fa\u00e7on il faut surtout enlever aux patrons le droit d&rsquo;exploiter les personnes \u00e2g\u00e9es pour faire du profit sur leur dos.&nbsp;<\/p>\n<p>&nbsp;<\/p>\n<p><b>Le taux de ch\u00f4mage \u00e0 Vaulx-en-Velin est de 22%, plus de deux fois la moyenne fran\u00e7aise, qu&rsquo;est-ce que vous proposez comme solution ? Notamment pour les jeunes.&nbsp;<\/b><\/p>\n<p>&nbsp;<\/p>\n<p>Le ch\u00f4mage c&rsquo;est la catastrophe majeure qui touche le monde ouvrier, les quartiers populaires et ce n&rsquo;est pas quelque chose qui tombe du ciel, on entend souvent de la part des partis bourgeois \u00e0 propos du ch\u00f4mage qu&rsquo;il faut d\u00e9velopper des formations, qu&rsquo;il faut mettre la priorit\u00e9 sur les formations professionnalisantes et compagnie, c&rsquo;est une arnaque, c&rsquo;est faire croire que si le ch\u00f4mage augmente c&rsquo;est de la faute des travailleurs qui n&rsquo;ont pas assez de connaissances, qui ne sont pas assez form\u00e9s, c&rsquo;est plut\u00f4t que des milliers d&#8217;emplois sont supprim\u00e9s chaque semaine par les patrons pour augmenter leurs profits. Ils suppriment des postes pour augmenter leurs b\u00e9n\u00e9fices, pour nous la priorit\u00e9 pour r\u00e9soudre le probl\u00e8me de ch\u00f4mage c&rsquo;est d&rsquo;abord d&rsquo;arr\u00eater cette h\u00e9morragie de supprimer des emplois, alors peut \u00eatre que certains perdront de l&rsquo;argent, d&rsquo;autres qui seront en d\u00e9ficit si ils doivent maintenir les emplois alors m\u00eame ceux-l\u00e0 ont cas prendre sur tous les profits pass\u00e9s sur le dos des travailleurs pendant des ann\u00e9es pour maintenir les emplois, parce que il y en a assez que la priorit\u00e9 ce soit toujours le bien \u00eatre de ces grands patrons millionnaires et milliardaires. En quoi la vie des travailleurs qui perdent leurs boulots n&rsquo;est pas une priorit\u00e9, la priorit\u00e9 c&rsquo;est d&rsquo;abord \u00e7a. On est pour interdire les licenciements, pour imposer aux grands patrons de cr\u00e9er tous les emplois n\u00e9cessaires, on est pour la r\u00e9partition du travail entre tous, on peut travailler moins d&rsquo;heures par semaine, on veut un emploi pour tout le monde, on veut un salaire complet, un salaire entier, pas du temps partiel impos\u00e9, pour tous les travailleurs et \u00e9videmment qu&rsquo;il y a assez de richesses pour \u00e7a. Les plus grandes fortunes de ce pays chaque ann\u00e9e ils augmentent leurs patrimoines de moiti\u00e9, un patron qui a 10 milliards de patrimoine, celle d&rsquo;apr\u00e8s il en a 15. \u00c9videmment que c&rsquo;est n&rsquo;est pas possible dans le cadre des \u00e9lections municipales, les maires n&rsquo;ont pas le pouvoir de faire \u00e7a, ils ont quasiment aucun pouvoir, cependant les travailleurs font tout tourner dans la soci\u00e9t\u00e9, ils produisent toutes les richesses, ils les produisent, ils les vendent, ils font tourner les \u00e9coles, ils font tourner les h\u00f4pitaux. Les travailleurs font tout, c&rsquo;est eux qui font tourner la soci\u00e9t\u00e9. Ils ont la possibilit\u00e9 d&rsquo;imposer aux patrons d&#8217;embaucher tous les ch\u00f4meurs, et d&rsquo;augmenter tous les salaires.&nbsp;<\/p>\n<p>&nbsp;<\/p>\n<p><b>Qu&rsquo;est-ce qu&rsquo;on peut faire pour les petits commer\u00e7ants \u00e0 Vaulx-en-Velin ?&nbsp;<\/b><\/p>\n<p>&nbsp;<\/p>\n<p>Les petits commer\u00e7ants, ce dont ils souffrent le plus, c&rsquo;est du ch\u00f4mage dans la population, oui c&rsquo;est vrai, quelquefois, on entend les commer\u00e7ants dirent qu\u2019ils ne s\u2019en sortent pas, et pour bon nombres d&rsquo;entre eux c&rsquo;est une r\u00e9alit\u00e9, beaucoup de commer\u00e7ants se payent moins de salaire que des ouvriers, et tout \u00e7a c&rsquo;est une r\u00e9alit\u00e9 qui existe aussi dans la soci\u00e9t\u00e9. Le vrai probl\u00e8me dont souffrent les petits commer\u00e7ants \u00e0 Vaulx-en-Velin, comme partout, c&rsquo;est que les travailleurs qui sont leurs clients, n&rsquo;ont plus un rond, il faut que leurs clients aient les moyens de passer dans leurs magasins. Et pour que les clients aient les moyens de passer dans leurs magasins il faut que leurs salaires augmentent et l\u00e0 ce que je peux vous dire c&rsquo;est que les commer\u00e7ants et les mara\u00eecher sur les march\u00e9s pourront vendre plus de choses, quand la situation mat\u00e9rielle des travailleurs s&rsquo;am\u00e9liorera et qu&rsquo;on pourra s&rsquo;attaquer aux milliards de profits qui sont fait sur le dos des travailleurs.<\/p>\n<p>&nbsp;<\/p>\n<p><b>Concernant les cr\u00e8ches, \u00e0 Vaulx-en-Velin il y a une population qui est tr\u00e8s jeune, peut-on installer de nouvelles cr\u00e8ches \u00e0 Vaulx-en-Velin ?&nbsp;<\/b><\/p>\n<p>&nbsp;<\/p>\n<p>L\u00e0 aussi il faut prendre l&rsquo;argent o\u00f9 il est, ils doivent laisser leurs enfants \u00e0 la cr\u00e8che, personne ne doit laisser son argent \u00e0 la cr\u00e8che pour rester \u00e0 la maison, quand les parents laissent leurs enfants \u00e0 la cr\u00e8che c&rsquo;est pour aller travailler, pourquoi les patrons ne devraient pas payer pour l&rsquo;accueil des enfants dans les cr\u00e8ches, on doit ouvrir massivement des cr\u00e8ches \u00e0 Vaulx-en-Velin et partout. Nous sommes pour beaucoup plus de cr\u00e8ches, et financ\u00e9es par les capitalistes.&nbsp;<\/p>\n<p>&nbsp;<\/p>\n<p><b>Y a-t-il une alliance envisageable au premier tour ou potentiellement au deuxi\u00e8me tour ?&nbsp;<\/b><\/p>\n<p>&nbsp;<\/p>\n<p>Une alliance cela voudrait dire quoi ? Cela voudrait dire que les id\u00e9es dont on a discut\u00e9es l\u00e0, ces id\u00e9es de luttes de classes, ces id\u00e9es que personne ne peut exprimer \u00e0 la place des travailleurs, ces revendications qui sont les leurs, qui les dirait \u00e0 notre place ? Il existe des dizaines de partis qui se proposent de g\u00e9rer les affaires de la municipalit\u00e9, et bien nous ce n&rsquo;est pas \u00e7a notre programme, nous notre programme c&rsquo;est de pr\u00e9parer l&rsquo;action collective de millions de travailleurs pour ne pas se laisser faire par le grand patronat, pour ne pas se laisser faire par Macron, dans la soci\u00e9t\u00e9 il y a deux camps, on le voit bien avec la r\u00e9forme des retraites, les travailleurs ont tout le reste de la soci\u00e9t\u00e9 contre eux, l\u2019\u00c9tat, sa police, la t\u00e9l\u00e9, etc. C&rsquo;est donc indispensable qu&rsquo;il ait leurs revendications, qu&rsquo;ils puissent les affirmer contre le reste de l&rsquo;opposition, il est indispensable que cette liste lutte ouvri\u00e8re existe et donc il n&rsquo;y aura pas d&rsquo;alliance avec un autre parti, ni au premier ni au second tour.&nbsp;<\/p>\n<p>&nbsp;<\/p>\n<p>&nbsp;<\/p>\n<p><iframe loading=\"lazy\" src=\"https:\/\/www.youtube.com\/embed\/4C8yUKrTwX8\" allowfullscreen=\"allowfullscreen\" width=\"560\" height=\"315\" frameborder=\"0\"><\/iframe><\/p>\n<p>R\u00e9daction : Mat\u00e9o Bacha<\/p>\n<p>Interview : Nicolas Delattre<\/p>\n<!-- AddThis Advanced Settings generic via filter on the_content --><!-- AddThis Share Buttons generic via filter on the_content -->","protected":false},"excerpt":{"rendered":"<p>Thomas Spreux est candidat \u00e0 la mairie de Vaulx-en-Velin avec Lutte Ouvri\u00e8re. Instituteur et habitant de Vaulx-en-Velin, il exprime son rejet de la politique actuelle, &hellip; <!-- AddThis Advanced Settings generic via filter on wp_trim_excerpt --><!-- AddThis Share Buttons generic via filter on wp_trim_excerpt --><\/p>\n","protected":false},"author":1,"featured_media":19137,"comment_status":"open","ping_status":"open","sticky":false,"template":"","format":"standard","meta":{"_FSMCFIC_featured_image_caption":"","_FSMCFIC_featured_image_nocaption":"","_FSMCFIC_featured_image_hide":"","footnotes":""},"categories":[4,13120,6,3891],"tags":[],"class_list":["post-19097","post","type-post","status-publish","format-standard","has-post-thumbnail","hentry","category-lyon","category-municipales-2020","category-politique","category-vaulx-en-velin"],"yoast_head":"<!-- This site is optimized with the Yoast SEO plugin v22.8 - https:\/\/yoast.com\/wordpress\/plugins\/seo\/ -->\n<title>[Interview] Thomas Spreux fait entendre la voix des travailleurs - Partie 2 - Lyon Bondy Blog<\/title>\n<meta name=\"robots\" content=\"index, follow, max-snippet:-1, max-image-preview:large, max-video-preview:-1\" \/>\n<link rel=\"canonical\" href=\"https:\/\/lyonbondyblog.fr\/LBB\/interview-thomas-spreux-fait-entendre-la-voix-des-travailleurs-partie-2\/\" \/>\n<meta property=\"og:locale\" content=\"fr_FR\" \/>\n<meta property=\"og:type\" content=\"article\" \/>\n<meta property=\"og:title\" content=\"[Interview] Thomas Spreux fait entendre la voix des travailleurs - Partie 2 - Lyon Bondy Blog\" \/>\n<meta property=\"og:description\" content=\"Thomas Spreux est candidat \u00e0 la mairie de Vaulx-en-Velin avec Lutte Ouvri\u00e8re. Instituteur et habitant de Vaulx-en-Velin, il exprime son rejet de la politique actuelle, &hellip;\" \/>\n<meta property=\"og:url\" content=\"https:\/\/lyonbondyblog.fr\/LBB\/interview-thomas-spreux-fait-entendre-la-voix-des-travailleurs-partie-2\/\" \/>\n<meta property=\"og:site_name\" content=\"Lyon Bondy Blog\" \/>\n<meta property=\"article:publisher\" content=\"https:\/\/www.facebook.com\/lyonbondyblog\" \/>\n<meta property=\"article:author\" content=\"https:\/\/www.facebook.com\/lyonbondyblog\" \/>\n<meta property=\"article:published_time\" content=\"2020-02-16T16:45:40+00:00\" \/>\n<meta property=\"article:modified_time\" content=\"2020-02-19T08:41:58+00:00\" \/>\n<meta property=\"og:image\" content=\"https:\/\/lyonbondyblog.fr\/LBB\/wp-content\/uploads\/2020\/02\/86350615_202315184255283_4359417622488416256_n.jpg\" \/>\n\t<meta property=\"og:image:width\" content=\"1964\" \/>\n\t<meta property=\"og:image:height\" content=\"945\" \/>\n\t<meta property=\"og:image:type\" content=\"image\/jpeg\" \/>\n<meta name=\"author\" content=\"La r\u00e9daction\" \/>\n<meta name=\"twitter:card\" content=\"summary_large_image\" \/>\n<meta name=\"twitter:creator\" content=\"@BondyBlogLyon\" \/>\n<meta name=\"twitter:site\" content=\"@bondybloglyon\" \/>\n<script type=\"application\/ld+json\" class=\"yoast-schema-graph\">{\"@context\":\"https:\/\/schema.org\",\"@graph\":[{\"@type\":\"Article\",\"@id\":\"https:\/\/lyonbondyblog.fr\/LBB\/interview-thomas-spreux-fait-entendre-la-voix-des-travailleurs-partie-2\/#article\",\"isPartOf\":{\"@id\":\"https:\/\/lyonbondyblog.fr\/LBB\/interview-thomas-spreux-fait-entendre-la-voix-des-travailleurs-partie-2\/\"},\"author\":{\"name\":\"La r\u00e9daction\",\"@id\":\"https:\/\/lyonbondyblog.fr\/LBB\/#\/schema\/person\/e45f8d27baac75072daa0be50c409b25\"},\"headline\":\"[Interview] Thomas Spreux fait entendre la voix des travailleurs &#8211; Partie 2\",\"datePublished\":\"2020-02-16T16:45:40+00:00\",\"dateModified\":\"2020-02-19T08:41:58+00:00\",\"mainEntityOfPage\":{\"@id\":\"https:\/\/lyonbondyblog.fr\/LBB\/interview-thomas-spreux-fait-entendre-la-voix-des-travailleurs-partie-2\/\"},\"wordCount\":1755,\"commentCount\":0,\"publisher\":{\"@id\":\"https:\/\/lyonbondyblog.fr\/LBB\/#organization\"},\"image\":{\"@id\":\"https:\/\/lyonbondyblog.fr\/LBB\/interview-thomas-spreux-fait-entendre-la-voix-des-travailleurs-partie-2\/#primaryimage\"},\"thumbnailUrl\":\"https:\/\/lyonbondyblog.fr\/LBB\/wp-content\/uploads\/2020\/02\/86350615_202315184255283_4359417622488416256_n.jpg\",\"articleSection\":[\"Lyon\",\"Municipales 2020\",\"Politique\",\"Vaulx-en-Velin\"],\"inLanguage\":\"fr-FR\",\"potentialAction\":[{\"@type\":\"CommentAction\",\"name\":\"Comment\",\"target\":[\"https:\/\/lyonbondyblog.fr\/LBB\/interview-thomas-spreux-fait-entendre-la-voix-des-travailleurs-partie-2\/#respond\"]}]},{\"@type\":\"WebPage\",\"@id\":\"https:\/\/lyonbondyblog.fr\/LBB\/interview-thomas-spreux-fait-entendre-la-voix-des-travailleurs-partie-2\/\",\"url\":\"https:\/\/lyonbondyblog.fr\/LBB\/interview-thomas-spreux-fait-entendre-la-voix-des-travailleurs-partie-2\/\",\"name\":\"[Interview] Thomas Spreux fait entendre la voix des travailleurs - Partie 2 - Lyon Bondy Blog\",\"isPartOf\":{\"@id\":\"https:\/\/lyonbondyblog.fr\/LBB\/#website\"},\"primaryImageOfPage\":{\"@id\":\"https:\/\/lyonbondyblog.fr\/LBB\/interview-thomas-spreux-fait-entendre-la-voix-des-travailleurs-partie-2\/#primaryimage\"},\"image\":{\"@id\":\"https:\/\/lyonbondyblog.fr\/LBB\/interview-thomas-spreux-fait-entendre-la-voix-des-travailleurs-partie-2\/#primaryimage\"},\"thumbnailUrl\":\"https:\/\/lyonbondyblog.fr\/LBB\/wp-content\/uploads\/2020\/02\/86350615_202315184255283_4359417622488416256_n.jpg\",\"datePublished\":\"2020-02-16T16:45:40+00:00\",\"dateModified\":\"2020-02-19T08:41:58+00:00\",\"inLanguage\":\"fr-FR\",\"potentialAction\":[{\"@type\":\"ReadAction\",\"target\":[\"https:\/\/lyonbondyblog.fr\/LBB\/interview-thomas-spreux-fait-entendre-la-voix-des-travailleurs-partie-2\/\"]}]},{\"@type\":\"ImageObject\",\"inLanguage\":\"fr-FR\",\"@id\":\"https:\/\/lyonbondyblog.fr\/LBB\/interview-thomas-spreux-fait-entendre-la-voix-des-travailleurs-partie-2\/#primaryimage\",\"url\":\"https:\/\/lyonbondyblog.fr\/LBB\/wp-content\/uploads\/2020\/02\/86350615_202315184255283_4359417622488416256_n.jpg\",\"contentUrl\":\"https:\/\/lyonbondyblog.fr\/LBB\/wp-content\/uploads\/2020\/02\/86350615_202315184255283_4359417622488416256_n.jpg\",\"width\":1964,\"height\":945},{\"@type\":\"WebSite\",\"@id\":\"https:\/\/lyonbondyblog.fr\/LBB\/#website\",\"url\":\"https:\/\/lyonbondyblog.fr\/LBB\/\",\"name\":\"Lyon Bondy Blog\",\"description\":\"\",\"publisher\":{\"@id\":\"https:\/\/lyonbondyblog.fr\/LBB\/#organization\"},\"potentialAction\":[{\"@type\":\"SearchAction\",\"target\":{\"@type\":\"EntryPoint\",\"urlTemplate\":\"https:\/\/lyonbondyblog.fr\/LBB\/?s={search_term_string}\"},\"query-input\":\"required name=search_term_string\"}],\"inLanguage\":\"fr-FR\"},{\"@type\":\"Organization\",\"@id\":\"https:\/\/lyonbondyblog.fr\/LBB\/#organization\",\"name\":\"LYON BONDY BLOG\",\"url\":\"https:\/\/lyonbondyblog.fr\/LBB\/\",\"logo\":{\"@type\":\"ImageObject\",\"inLanguage\":\"fr-FR\",\"@id\":\"https:\/\/lyonbondyblog.fr\/LBB\/#\/schema\/logo\/image\/\",\"url\":\"http:\/\/lyonbondyblog.fr\/LBB\/wp-content\/uploads\/2014\/10\/logo-portable-144.png\",\"contentUrl\":\"http:\/\/lyonbondyblog.fr\/LBB\/wp-content\/uploads\/2014\/10\/logo-portable-144.png\",\"width\":144,\"height\":123,\"caption\":\"LYON BONDY BLOG\"},\"image\":{\"@id\":\"https:\/\/lyonbondyblog.fr\/LBB\/#\/schema\/logo\/image\/\"},\"sameAs\":[\"https:\/\/www.facebook.com\/lyonbondyblog\",\"https:\/\/x.com\/bondybloglyon\"]},{\"@type\":\"Person\",\"@id\":\"https:\/\/lyonbondyblog.fr\/LBB\/#\/schema\/person\/e45f8d27baac75072daa0be50c409b25\",\"name\":\"La r\u00e9daction\",\"description\":\"Cr\u00e9e en 2008, la r\u00e9daction du Lyon Bondy Blog s'applique \u00e0 proposer une information locale diff\u00e9rente et compl\u00e9mentaire des m\u00e9dias traditionnels.\",\"sameAs\":[\"https:\/\/www.facebook.com\/lyonbondyblog\",\"https:\/\/x.com\/BondyBlogLyon\"],\"url\":\"https:\/\/lyonbondyblog.fr\/LBB\/author\/admin\/\"}]}<\/script>\n<!-- \/ Yoast SEO plugin. -->","yoast_head_json":{"title":"[Interview] Thomas Spreux fait entendre la voix des travailleurs - Partie 2 - Lyon Bondy Blog","robots":{"index":"index","follow":"follow","max-snippet":"max-snippet:-1","max-image-preview":"max-image-preview:large","max-video-preview":"max-video-preview:-1"},"canonical":"https:\/\/lyonbondyblog.fr\/LBB\/interview-thomas-spreux-fait-entendre-la-voix-des-travailleurs-partie-2\/","og_locale":"fr_FR","og_type":"article","og_title":"[Interview] Thomas Spreux fait entendre la voix des travailleurs - Partie 2 - Lyon Bondy Blog","og_description":"Thomas Spreux est candidat \u00e0 la mairie de Vaulx-en-Velin avec Lutte Ouvri\u00e8re. Instituteur et habitant de Vaulx-en-Velin, il exprime son rejet de la politique actuelle, &hellip;","og_url":"https:\/\/lyonbondyblog.fr\/LBB\/interview-thomas-spreux-fait-entendre-la-voix-des-travailleurs-partie-2\/","og_site_name":"Lyon Bondy Blog","article_publisher":"https:\/\/www.facebook.com\/lyonbondyblog","article_author":"https:\/\/www.facebook.com\/lyonbondyblog","article_published_time":"2020-02-16T16:45:40+00:00","article_modified_time":"2020-02-19T08:41:58+00:00","og_image":[{"width":1964,"height":945,"url":"https:\/\/lyonbondyblog.fr\/LBB\/wp-content\/uploads\/2020\/02\/86350615_202315184255283_4359417622488416256_n.jpg","type":"image\/jpeg"}],"author":"La r\u00e9daction","twitter_card":"summary_large_image","twitter_creator":"@BondyBlogLyon","twitter_site":"@bondybloglyon","schema":{"@context":"https:\/\/schema.org","@graph":[{"@type":"Article","@id":"https:\/\/lyonbondyblog.fr\/LBB\/interview-thomas-spreux-fait-entendre-la-voix-des-travailleurs-partie-2\/#article","isPartOf":{"@id":"https:\/\/lyonbondyblog.fr\/LBB\/interview-thomas-spreux-fait-entendre-la-voix-des-travailleurs-partie-2\/"},"author":{"name":"La r\u00e9daction","@id":"https:\/\/lyonbondyblog.fr\/LBB\/#\/schema\/person\/e45f8d27baac75072daa0be50c409b25"},"headline":"[Interview] Thomas Spreux fait entendre la voix des travailleurs &#8211; Partie 2","datePublished":"2020-02-16T16:45:40+00:00","dateModified":"2020-02-19T08:41:58+00:00","mainEntityOfPage":{"@id":"https:\/\/lyonbondyblog.fr\/LBB\/interview-thomas-spreux-fait-entendre-la-voix-des-travailleurs-partie-2\/"},"wordCount":1755,"commentCount":0,"publisher":{"@id":"https:\/\/lyonbondyblog.fr\/LBB\/#organization"},"image":{"@id":"https:\/\/lyonbondyblog.fr\/LBB\/interview-thomas-spreux-fait-entendre-la-voix-des-travailleurs-partie-2\/#primaryimage"},"thumbnailUrl":"https:\/\/lyonbondyblog.fr\/LBB\/wp-content\/uploads\/2020\/02\/86350615_202315184255283_4359417622488416256_n.jpg","articleSection":["Lyon","Municipales 2020","Politique","Vaulx-en-Velin"],"inLanguage":"fr-FR","potentialAction":[{"@type":"CommentAction","name":"Comment","target":["https:\/\/lyonbondyblog.fr\/LBB\/interview-thomas-spreux-fait-entendre-la-voix-des-travailleurs-partie-2\/#respond"]}]},{"@type":"WebPage","@id":"https:\/\/lyonbondyblog.fr\/LBB\/interview-thomas-spreux-fait-entendre-la-voix-des-travailleurs-partie-2\/","url":"https:\/\/lyonbondyblog.fr\/LBB\/interview-thomas-spreux-fait-entendre-la-voix-des-travailleurs-partie-2\/","name":"[Interview] Thomas Spreux fait entendre la voix des travailleurs - Partie 2 - Lyon Bondy Blog","isPartOf":{"@id":"https:\/\/lyonbondyblog.fr\/LBB\/#website"},"primaryImageOfPage":{"@id":"https:\/\/lyonbondyblog.fr\/LBB\/interview-thomas-spreux-fait-entendre-la-voix-des-travailleurs-partie-2\/#primaryimage"},"image":{"@id":"https:\/\/lyonbondyblog.fr\/LBB\/interview-thomas-spreux-fait-entendre-la-voix-des-travailleurs-partie-2\/#primaryimage"},"thumbnailUrl":"https:\/\/lyonbondyblog.fr\/LBB\/wp-content\/uploads\/2020\/02\/86350615_202315184255283_4359417622488416256_n.jpg","datePublished":"2020-02-16T16:45:40+00:00","dateModified":"2020-02-19T08:41:58+00:00","inLanguage":"fr-FR","potentialAction":[{"@type":"ReadAction","target":["https:\/\/lyonbondyblog.fr\/LBB\/interview-thomas-spreux-fait-entendre-la-voix-des-travailleurs-partie-2\/"]}]},{"@type":"ImageObject","inLanguage":"fr-FR","@id":"https:\/\/lyonbondyblog.fr\/LBB\/interview-thomas-spreux-fait-entendre-la-voix-des-travailleurs-partie-2\/#primaryimage","url":"https:\/\/lyonbondyblog.fr\/LBB\/wp-content\/uploads\/2020\/02\/86350615_202315184255283_4359417622488416256_n.jpg","contentUrl":"https:\/\/lyonbondyblog.fr\/LBB\/wp-content\/uploads\/2020\/02\/86350615_202315184255283_4359417622488416256_n.jpg","width":1964,"height":945},{"@type":"WebSite","@id":"https:\/\/lyonbondyblog.fr\/LBB\/#website","url":"https:\/\/lyonbondyblog.fr\/LBB\/","name":"Lyon Bondy Blog","description":"","publisher":{"@id":"https:\/\/lyonbondyblog.fr\/LBB\/#organization"},"potentialAction":[{"@type":"SearchAction","target":{"@type":"EntryPoint","urlTemplate":"https:\/\/lyonbondyblog.fr\/LBB\/?s={search_term_string}"},"query-input":"required name=search_term_string"}],"inLanguage":"fr-FR"},{"@type":"Organization","@id":"https:\/\/lyonbondyblog.fr\/LBB\/#organization","name":"LYON BONDY BLOG","url":"https:\/\/lyonbondyblog.fr\/LBB\/","logo":{"@type":"ImageObject","inLanguage":"fr-FR","@id":"https:\/\/lyonbondyblog.fr\/LBB\/#\/schema\/logo\/image\/","url":"http:\/\/lyonbondyblog.fr\/LBB\/wp-content\/uploads\/2014\/10\/logo-portable-144.png","contentUrl":"http:\/\/lyonbondyblog.fr\/LBB\/wp-content\/uploads\/2014\/10\/logo-portable-144.png","width":144,"height":123,"caption":"LYON BONDY BLOG"},"image":{"@id":"https:\/\/lyonbondyblog.fr\/LBB\/#\/schema\/logo\/image\/"},"sameAs":["https:\/\/www.facebook.com\/lyonbondyblog","https:\/\/x.com\/bondybloglyon"]},{"@type":"Person","@id":"https:\/\/lyonbondyblog.fr\/LBB\/#\/schema\/person\/e45f8d27baac75072daa0be50c409b25","name":"La r\u00e9daction","description":"Cr\u00e9e en 2008, la r\u00e9daction du Lyon Bondy Blog s'applique \u00e0 proposer une information locale diff\u00e9rente et compl\u00e9mentaire des m\u00e9dias traditionnels.","sameAs":["https:\/\/www.facebook.com\/lyonbondyblog","https:\/\/x.com\/BondyBlogLyon"],"url":"https:\/\/lyonbondyblog.fr\/LBB\/author\/admin\/"}]}},"_links":{"self":[{"href":"https:\/\/lyonbondyblog.fr\/LBB\/wp-json\/wp\/v2\/posts\/19097","targetHints":{"allow":["GET"]}}],"collection":[{"href":"https:\/\/lyonbondyblog.fr\/LBB\/wp-json\/wp\/v2\/posts"}],"about":[{"href":"https:\/\/lyonbondyblog.fr\/LBB\/wp-json\/wp\/v2\/types\/post"}],"author":[{"embeddable":true,"href":"https:\/\/lyonbondyblog.fr\/LBB\/wp-json\/wp\/v2\/users\/1"}],"replies":[{"embeddable":true,"href":"https:\/\/lyonbondyblog.fr\/LBB\/wp-json\/wp\/v2\/comments?post=19097"}],"version-history":[{"count":8,"href":"https:\/\/lyonbondyblog.fr\/LBB\/wp-json\/wp\/v2\/posts\/19097\/revisions"}],"predecessor-version":[{"id":19146,"href":"https:\/\/lyonbondyblog.fr\/LBB\/wp-json\/wp\/v2\/posts\/19097\/revisions\/19146"}],"wp:featuredmedia":[{"embeddable":true,"href":"https:\/\/lyonbondyblog.fr\/LBB\/wp-json\/wp\/v2\/media\/19137"}],"wp:attachment":[{"href":"https:\/\/lyonbondyblog.fr\/LBB\/wp-json\/wp\/v2\/media?parent=19097"}],"wp:term":[{"taxonomy":"category","embeddable":true,"href":"https:\/\/lyonbondyblog.fr\/LBB\/wp-json\/wp\/v2\/categories?post=19097"},{"taxonomy":"post_tag","embeddable":true,"href":"https:\/\/lyonbondyblog.fr\/LBB\/wp-json\/wp\/v2\/tags?post=19097"}],"curies":[{"name":"wp","href":"https:\/\/api.w.org\/{rel}","templated":true}]}}