{"id":18993,"date":"2020-02-07T14:20:55","date_gmt":"2020-02-07T13:20:55","guid":{"rendered":"http:\/\/lyonbondyblog.fr\/LBB\/?p=18993"},"modified":"2020-02-07T16:45:32","modified_gmt":"2020-02-07T15:45:32","slug":"beatrice-vessilier-pour-lideal-dune-ville-verte","status":"publish","type":"post","link":"https:\/\/lyonbondyblog.fr\/LBB\/beatrice-vessilier-pour-lideal-dune-ville-verte\/","title":{"rendered":"B\u00e9atrice Vessiller, pour l&rsquo;id\u00e9al d&rsquo;une ville verte [Partie 1]"},"content":{"rendered":"<h4 style=\"text-align: justify;\">Candidate \u00e9cologiste pour la mairie de Villeurbanne, B\u00e9atrice Vessiller a pour objectif de faire de la ville un lieu o\u00f9 il fait bon-vivre dans le respect de l&rsquo;environnement. Pour cette seconde candidature, elle souhaite de nouveau rassembler les \u00e9cologistes seules pour le premier tour. Le Lyon Bondy Blog l\u2019a rencontr\u00e9e.<\/h4>\n<h4 style=\"text-align: justify;\"><span style=\"color: #262626;\"><span style=\"font-family: Arial, serif;\"><span style=\"font-size: medium;\">Quels sont les chantiers prioritaires \u00e0 Villeurbanne et quels sont ses manques&nbsp;? Comment financer ces projets&nbsp;?<\/span><\/span><\/span><\/h4>\n<p style=\"text-align: justify;\"><span style=\"color: #262626;\"><span style=\"font-family: Arial, serif;\"><span style=\"font-size: medium;\">Les chantiers prioritaires du programme que je porte avec mon \u00e9quipe de femmes et d\u2019hommes engag\u00e9s pour Villeurbanne sont au nombre de trois. Ralentir la construction et v\u00e9g\u00e9taliser la ville, elle a pris 25&nbsp;000 habitants en 20 ans avec des constructions dans tous les quartiers et dans des op\u00e9rations qui ne sont pas toujours d\u2019ensembles. On a le sentiment d\u2019\u00e9touffer un peu, surtout que l\u2019on n\u2019a pas construit les \u00e9quipements et les services publics n\u00e9cessaires, que ce soit en termes d\u2019\u00e9cole, de cr\u00e8che ou de parcs publics. Ralentir la construction et v\u00e9g\u00e9taliser fortement la ville avec la cr\u00e9ation de trois grands parcs plus des parcs de proximit\u00e9, avec la v\u00e9g\u00e9talisation des rues et des places, ceci est notre premi\u00e8re priorit\u00e9.<\/span><\/span><\/span><\/p>\n<p style=\"text-align: justify;\"><span style=\"color: #262626;\"><span style=\"font-family: Arial, serif;\"><span style=\"font-size: medium;\"><br \/>\nDeuxi\u00e8me priorit\u00e9 : l\u2019\u00e9ducation. Nos enfants sont notre pr\u00e9sent et notre avenir. Il y a 26 groupes scolaires \u00e0 Villeurbanne et quelque 400 places en cr\u00e8che. Nous voulons un plan ambitieux pour les \u00e9coles de Villeurbanne avec la construction de nouveaux \u00e9tablissements, la r\u00e9novation de celles existantes. Nous voulons aussi le d\u00e9veloppement du bio et du local dans les cantines scolaires, le r\u00e9am\u00e9nagement des cours d\u2019\u00e9cole pour lutter contre les \u00eelots de chaleur, mais aussi pour que filles et gar\u00e7ons aient toute leur place dans les cours. Nous souhaitons aussi d\u00e9velopper les projets d\u2019\u00e9ducation \u00e0 l\u2019environnement, des projets d\u2019\u00e9ducation au v\u00e9lo avec le fait que tous les enfants doivent passer le \u00ab&nbsp;savoir rouler&nbsp;\u00bb,&nbsp;&nbsp;l\u2019\u00e9ducation \u00e0 la citoyennet\u00e9 et des activit\u00e9s artistiques avec les institutions culturelles de la ville.<\/span><\/span><\/span><\/p>\n<p style=\"text-align: justify;\"><span style=\"color: #262626;\"><span style=\"font-family: Arial, serif;\"><span style=\"font-size: medium;\"><br \/>\nTroisi\u00e8me priorit\u00e9, la question de la s\u00e9curit\u00e9 et de la tranquillit\u00e9. Dans tous les quartiers, on voit une attente du fait des nuisances g\u00e9n\u00e9r\u00e9es par les incivilit\u00e9s croissantes, par les \u00ab\u00a0zones de deals\u00a0\u00bb , disons-le. Je m\u2019attelle aux probl\u00e8mes avec des moyens financiers suppl\u00e9mentaires pour cr\u00e9er des postes de m\u00e9diateurs de rue, de policiers municipaux suppl\u00e9mentaires. Je lance \u00e9galement les assises de la s\u00e9curit\u00e9 et de la tranquillit\u00e9 pour discuter avec tous les professionnels, aussi bien de la police que de la justice, des \u00e9ducateurs que des acteurs de quartiers. Cela doit se faire aussi avec les habitants parce que je pense qu\u2019il faut avoir une approche de la s\u00e9curit\u00e9 pas seulement s\u00e9curitaire, mais aussi bien sur la pr\u00e9vention que sur l\u2019\u00e9ducation, pas seulement sur la sanction. Je pense que nous pouvons faire des diagnostiques partag\u00e9s sur les secteurs qui posent probl\u00e8me dans les quartiers et \u00e9labor\u00e9s des solutions d\u2019am\u00e9nagement pour un qu\u2019un usage chasse l\u2019autre ou des solutions d\u2019animations de rue, d\u2019organisations d\u2019activit\u00e9 en s\u2019appuyant sur les centres sociaux. En allant vers ces jeunes qui sont peut-\u00eatre aujourd\u2019hui dans des parcours qui ne sont pas bons pour eux, voil\u00e0 mes trois priorit\u00e9s.<\/span><\/span><\/span><\/p>\n<p style=\"text-align: justify;\"><span style=\"color: #262626;\"><span style=\"font-family: Arial, serif;\"><span style=\"font-size: medium;\">Pour les manques, il y a besoin d\u2019un plan r\u00e9novation et de construction pour les \u00e9coles, idem pour les \u00e9quipements sportifs. Depuis 2015, la ville a gagn\u00e9 beaucoup d\u2019habitants sans pouvoir r\u00e9pondre \u00e0 tous les besoins. Il y a un manque d\u2019installation sportive, donc il faut r\u00e9nover des stades existants, mais aussi construire au moins un nouveau stade. Il y a aussi des besoins aussi en termes culturels. Je souhaiterais relocaliser la m\u00e9diath\u00e8que du Tonkin pour en faire un \u00e9quipement plus ouvert sur le quartier qui peut aussi r\u00e9pondre au sujet pr\u00e9c\u00e9dent de travailler sur ce qu\u2019on d\u00e9veloppe comme activit\u00e9 dans le quartier pour lutter contre les zones de nuisances.<\/span><\/span><\/span><\/p>\n<h4 style=\"text-align: justify;\"><span style=\"color: #262626;\"><span style=\"font-family: Arial, serif;\"><span style=\"font-size: medium;\">Est-il rare qu\u2019un \u00e9lu \u00e9cologiste prenne en charge la question de la s\u00e9curit\u00e9&nbsp;? C\u2019est habituellement pris avec plus de r\u00e9ticence dans votre parti politique.<\/span><\/span><\/span><\/h4>\n<p style=\"text-align: justify;\"><span style=\"color: #262626;\"><span style=\"font-family: Arial, serif;\"><span style=\"font-size: medium;\">Les \u00e9cologistes ont pour vocation \u00e0 diriger des villes et la m\u00e9tropole, donc nous nous attelons \u00e0 tous les sujets qui pr\u00e9occupent nos concitoyens et nos concitoyennes. Sur ces questions-l\u00e0, la perception et le v\u00e9cu des femmes sont importants. C\u2019est un sujet o\u00f9 il y a des attentes l\u00e9gitimes, donc je m\u2019y attelle comme mes coll\u00e8gues qui sont candidats dans d\u2019autres villes, parce qu\u2019en effet, les questions de s\u00e9curit\u00e9 et de tranquillit\u00e9 sont l\u00e9gitimes. On doit se sentir bien dans sa ville et dans l\u2019espace public. On doit pouvoir se d\u00e9placer \u00e0 n\u2019importe quelle heure dans la ville et laisser nos enfants partir seuls. Cela doit \u00eatre assur\u00e9 par la collectivit\u00e9 donc je serais la maire des Villeurbannaises et des Villeurbannais qui s\u2019attelle aux probl\u00e8mes de s\u00e9curit\u00e9 et de tranquillit\u00e9 en luttant aussi contre les incivilit\u00e9s. Il y a beaucoup d\u2019infractions au Code de la route, il y a des comportements qui sont irrespectueux et qui d\u00e9gradent la vie des gens. Et cela n\u2019est pas possible.<\/span><\/span><\/span><\/p>\n<h4 style=\"text-align: justify;\"><span style=\"color: #262626;\">&nbsp;<\/span><span style=\"color: #262626;\"><span style=\"font-family: Arial, serif;\"><span style=\"font-size: medium;\">Jean-Paul Bret est le maire de Villeurbanne depuis 19 ans (2001-2020). Quel bilan faites-vous de ses mandats&nbsp;?&nbsp;&nbsp;<\/span><\/span><\/span><\/h4>\n<p style=\"text-align: justify;\"><span style=\"color: #262626;\"><span style=\"font-family: Arial, serif;\"><span style=\"font-size: medium;\">Je pense bien \u00e9videmment qu\u2019il y a des choses positives dans sa gestion de la ville, sinon il n\u2019aurait pas \u00e9t\u00e9 r\u00e9\u00e9lu deux fois. Il a su pr\u00e9server le tissu associatif et la vie culturelle riche \u00e0 Villeurbanne, qui donne son identit\u00e9 et fait qu\u2019on y est tous attach\u00e9s. Il y a de la mixit\u00e9 sociale qui est un autre point qui caract\u00e9rise Villeurbanne, et auquel je suis moi aussi attach\u00e9e et que je compte pr\u00e9server, avec un maintien de logements sociaux et une vigilance dans ce qui se construit dans les logements abordables, pour ne pas avoir que des logements tr\u00e8s chers. M\u00eame si c\u2019est une difficult\u00e9 aujourd\u2019hui, \u00e0 la fois dans les logements en vente ou location o\u00f9 il y a une flamb\u00e9e des prix \u00e0 laquelle je compte m\u2019atteler.<\/span><\/span><\/span><\/p>\n<h4 style=\"text-align: justify;\"><span style=\"color: #262626;\"><span style=\"font-family: Arial, serif;\"><span style=\"font-size: medium;\">Comment comptez-vous vous y atteler&nbsp;?<\/span><\/span><\/span><\/h4>\n<p style=\"text-align: justify;\"><span style=\"color: #262626;\"><span style=\"font-family: Arial, serif;\"><span style=\"font-size: medium;\">Je m\u2019y attellerai avec plusieurs outils. D\u2019une part l\u2019encadrement des loyers, que nous mettrons en \u0153uvre au niveau de la m\u00e9tropole, puisque la loi le permet maintenant. Si la collectivit\u00e9 le demande, on peut exp\u00e9rimenter le prix du loyer, ce qui fait que l\u2019on aura \u00e0 la relocation des hausses de loyer encadr\u00e9es et beaucoup plus mod\u00e9r\u00e9es qu\u2019aujourd\u2019hui. C\u2019est un probl\u00e8me sur les petits logements. Les petits propri\u00e9taires font parfois la bascule quand le locataire change, et ce n\u2019est pas acceptable. C\u2019est pour le locatif. Nous pr\u00e9serverons la construction d\u2019une part importante de logements sociaux. En termes d\u2019acc\u00e8s \u00e0 la vente, nous devons maitriser mieux le foncier. Quand on vendra du terrain aux promoteurs immobiliers, on n\u00e9gociera que les prix de sorties du logement soient dans tels et tels niveaux, et pas des 5000 euros du m\u00e8tre carr\u00e9 comme on voit Rue L\u00e9on Blum, c\u2019est compl\u00e8tement hallucinant ! Il faut ma\u00eetriser les terrains avec une politique fonci\u00e8re plus volontariste que ce qui a \u00e9t\u00e9 fait jusque maintenant. Il faut anticiper, avoir une vision \u00e0 long terme. Mieux contr\u00f4ler ce qui se fait. Ce qui aidera aussi \u00e0 ralentir la construction d\u2019ailleurs, puisque je souhaite faire une pause dans les \u00e9volutions de population.<\/span><\/span><\/span><span style=\"color: #262626;\">&nbsp;<\/span><\/p>\n<h4 style=\"text-align: justify;\"><span style=\"color: #262626;\"><span style=\"font-family: Arial, serif;\"><span style=\"font-size: medium;\">La question \u00e9cologique devient de plus importante pour les citoyens aujourd\u2019hui. Comment vous positionnez-vous dessus&nbsp;? Comment financer ces projets&nbsp;?<\/span><\/span><\/span><\/h4>\n<p style=\"text-align: justify;\"><span style=\"color: #262626;\"><span style=\"font-family: Arial, serif;\"><span style=\"font-size: medium;\">\u00c9videmment, l\u2019\u00e9cologie est au c\u0153ur de la politique publique que nous m\u00e8nerons, \u00e9galement au niveau de la m\u00e9tropole, parce que cette th\u00e9matique am\u00e9liore nos vies en am\u00e9liorant la ville. Il faut r\u00e9duire la circulation et en permettre de se d\u00e9placer plus facilement sans polluer en transports en commun, \u00e0 pieds ou \u00e0 v\u00e9lo. Il faut d\u00e9velopper des transports en commun, du r\u00e9seau cyclable dans toute la ville avec une vigilance sur les cheminements pi\u00e9tons, des trottoirs non encombr\u00e9s et des bancs pour que les personnes \u00e2g\u00e9es ou \u00e0 mobilit\u00e9 r\u00e9duite puissent faire des pauses dans l\u2019espace public. Sur la mobilit\u00e9, il y aura \u00e9videmment un sujet port\u00e9 au Sytral, avec un financement suppl\u00e9mentaire n\u00e9cessaire pour d\u00e9velopper l&rsquo;offre de bus, de tramway. On a des propositions \u00e0 la fois de hausses de la subvention de la M\u00e9tropole et de contributions des entreprises. Les am\u00e9nagements cyclables, seront pay\u00e9s par la m\u00e9tropole, ou l&rsquo;am\u00e9lioration des cheminements pi\u00e9tons, sur la mise en accessibilit\u00e9, c&rsquo;est aussi \u00e0 la M\u00e9tropole. On fera moins de rond-points et de parkings, et on aura les moyens pour faire une agglom\u00e9ration 100% \u00ab\u00a0cyclable et marchable\u00a0\u00bb. On ne fera pas l&rsquo;Anneau des Sciences. Pour la question de la mobilit\u00e9, on posera des stationnements cyclables s\u00e9curis\u00e9s un peu partout, on d\u00e9veloppera l&rsquo;\u00e9ducation aux v\u00e9los, j&rsquo;en ai d\u00e9j\u00e0 un peu parl\u00e9 dans les \u00e9coles de Villeurbanne. Je parlais de v\u00e9g\u00e9taliser la ville. Cela supposera de la plantation d&rsquo;arbres dans l&rsquo;espace public, mais aussi de l&rsquo;aide \u00e0 la v\u00e9g\u00e9talisation dans les parcelles priv\u00e9es. Si on veut vraiment rafra\u00eechir la ville en \u00e9t\u00e9, il faut augmenter la couverture v\u00e9g\u00e9tale et la \u00ab\u00a0canop\u00e9e\u00a0\u00bb. Cela passe aussi par l\u00e0 : la v\u00e9g\u00e9talisation de parcelles priv\u00e9es, d&rsquo;entreprises, sur les toits. Quand on regarde aujourd&rsquo;hui Villeurbanne de haut, il y a des surfaces planes qui ne demandent qu&rsquo;\u00e0 \u00eatre v\u00e9g\u00e9talis\u00e9es ou couvertes de panneaux solaires. Et puis on va cr\u00e9er trois grands parcs. Sur un terrain qui est une usine qui va quitter Villeurbanne dans l&rsquo;ann\u00e9e, on a un espace de cinq hectares. Je vais proposer d&rsquo;\u00e9laborer un projet avec les habitants autour d&rsquo;un parc \u00e0 trois \u00e0 quatre hectares, avec peut-\u00eatre de la construction autour, de tertiaire, de logements ou d&rsquo;\u00e9quipements publics. \u00c7a financera aussi l\u2019am\u00e9nagement du parc.&nbsp;<\/span><\/span><\/span><\/p>\n<p style=\"text-align: justify;\"><span style=\"color: #262626; font-family: Arial, serif; font-size: medium;\">Pour l&rsquo;alimentation bio et locale dans les cantines scolaires, il faudra faire un partenariat avec les exploitations de la m\u00e9tropole et des agriculteurs autour. L\u00e0, on les aidera \u00e0 se convertir au bio et on leur garantira des march\u00e9s importants. La cuisine centrale, c&rsquo;est 8000 repas par jour, et quand on s&rsquo;engage \u00e0 acheter des produits \u00e0 un agriculteur, il sait qu&rsquo;il a des d\u00e9bouch\u00e9s. Le financement de cet approvisionnement en bio et de produits locaux de saison est possible, car on servira moins de viande qui n&rsquo;est pas indispensable \u00e0 la sant\u00e9 tous les jours. Celle-ci poss\u00e8de un bilan environnemental tr\u00e8s co\u00fbteux. On luttera contre le gaspillage alimentaire : en France on jette beaucoup, on gaspille beaucoup. Il faut travailler dessus pour avoir un co\u00fbt&nbsp;r\u00e9duit.&nbsp;<\/span><br \/>\n<span style=\"color: #262626; font-family: Arial, serif; font-size: medium;\">On veut promouvoir \u00e9galement l&rsquo;achat d&rsquo;\u00e9lectricit\u00e9 verte \u00e0 Villeurbanne, pour avoir une \u00e9nergie 100% renouvelable dans la fourniture d&rsquo;\u00e9lectricit\u00e9 n\u00e9cessaire aux \u00e9quipements municipaux. Aujourd&rsquo;hui, il y a un l\u00e9ger surco\u00fbt. C&rsquo;est une question de choix parce que de toute fa\u00e7on la situation de Villeurbanne est saine. Je ne compte pas augmenter les imp\u00f4ts, la fiscalit\u00e9 restera contant. On a des marges de man\u0153uvre&nbsp;et des possibilit\u00e9s \u00e0 la fois d&rsquo;investir et d&rsquo;avoir certaines d\u00e9penses de fonctionnement comme l&rsquo;\u00e9nergie verte ou l&rsquo;alimentation bio, ou de vrais contrats de travail pour les animateurs du p\u00e9riscolaire. Tout \u00e7a est possible vu la sant\u00e9 financi\u00e8re de la ville actuellement.<\/span><\/p>\n<h4 style=\"text-align: justify;\"><span style=\"color: #262626;\"><span style=\"font-family: Arial, serif;\"><span style=\"font-size: medium;\">Vous avez de la circulation. Vous souhaiterez qu&rsquo;il y ait moins de circulation en ville?<\/span><\/span><\/span><\/h4>\n<p style=\"text-align: justify;\"><span style=\"color: #262626;\"><span style=\"font-family: Arial, serif;\"><span style=\"font-size: medium;\">C&rsquo;est indispensable. On vient de vivre un deuxi\u00e8me pic de pollution alors que l&rsquo;on est qu&rsquo;au d\u00e9but de l&rsquo;ann\u00e9e.&nbsp;<\/span><\/span><\/span><\/p>\n<h4 style=\"text-align: justify;\"><span style=\"color: #262626;\"><span style=\"font-family: Arial, serif;\"><span style=\"font-size: medium;\">Comment faire pour pousser les gens \u00e0 se d\u00e9placer ? Tout le monde ne peut pas utiliser le v\u00e9lo, comme les personnes \u00e2g\u00e9es, les familles nombreuses ? Comment faciliter le d\u00e9placement hors v\u00e9hicule ?<\/span><\/span><\/span><\/h4>\n<p style=\"text-align: justify;\"><span style=\"color: #262626;\"><span style=\"font-family: Arial, serif;\"><span style=\"font-size: medium;\">Pour les familles, nous allons mettre en oeuvre la gratuit\u00e9 pour les enfants jusqu&rsquo;\u00e0 dix ans. Aujourd&rsquo;hui, quand une famille nous dit \u00ab\u00a0On se d\u00e9place \u00e0 quatre, on prend un ticket aller-retour pour chaque membre de la famille, c&rsquo;est cher, \u00e7a ne vaut pas le coup, on prend la voiture\u00a0\u00bb, demain avec cette tarification tr\u00e8s avantageuse et incitative, les familles pourront prendre les transports en commun. Par ailleurs, il faut d\u00e9velopper l&rsquo;offre et r\u00e9am\u00e9nager l&rsquo;espace public. D\u00e9velopper l&rsquo;offre de transports en commun, plus de bus sur certaines lignes, cr\u00e9er de nouvelles lignes de tramway et r\u00e9am\u00e9nager l&rsquo;espace public. \u00c0 Villeurbanne, j&rsquo;ai engag\u00e9 le r\u00e9am\u00e9nagement du cours \u00c9mile Zola quand j&rsquo;\u00e9tais adjointe \u00e0 la voirie et au d\u00e9placement. Aujourd&rsquo;hui, on a de la place pour les v\u00e9los, on a de la v\u00e9g\u00e9talisation o\u00f9 c&rsquo;est possible, c&rsquo;est beaucoup plus agr\u00e9able d&rsquo;avoir une voie de circulation dans chaque sens et des am\u00e9nagements cyclables, \u00e0 condition que les automobilistes les respectent, l\u00e0-dessus il y a du boulot. Il faut que la police municipale fasse respecter ces am\u00e9nagements cyclables. En tout cas, aujourd&rsquo;hui, les riverains appr\u00e9cient d&rsquo;avoir moins de bruit et de pollution sur une avenue r\u00e9am\u00e9nag\u00e9e. Ce type d&rsquo;am\u00e9nagement il faut le faire dans beaucoup autres axes de la ville, pour partager l&rsquo;espace public en faveur d&rsquo;autres modes.&nbsp;<\/span><\/span><\/span><\/p>\n<p style=\"text-align: justify;\"><span style=\"color: #262626;\"><span style=\"font-family: Arial, serif;\"><span style=\"font-size: medium;\"><br \/>\nPour les personnes \u00e2g\u00e9es, elles prendront les transports en commun parce qu&rsquo;il y aura plus de fr\u00e9quences. Il faut aussi favoriser la marche \u00e0 pied, c&rsquo;est bon pour la sant\u00e9 pour tout le monde, pouvoir se d\u00e9placer \u00e0 pieds et se reposer sur des bancs, et ne pas se dire \u00ab\u00a0Je prends la voiture, c&rsquo;est trop fatigant\u00a0\u00bb. Il y a des am\u00e9nagements de la ville qui sont propices \u00e0 inciter \u00e0 l&rsquo;usage des autres modes. Il faut les faire et il faut un peu contraindre \u00e0 l&rsquo;usage de la voiture en r\u00e9duisant le stationnement au lieu de travail. Si on peut se garer au lieu de travail, on prend plus facilement la voiture. C&rsquo;est pour \u00e7a que dans les bureaux, les secteurs bien desservis par les transports en commun ont construit moins de stationnements. Je suis m\u00eame pour inciter les entreprises qui ont des places de stationnement aujourd&rsquo;hui \u00e0 v\u00e9g\u00e9taliser leur parking. Je suis pr\u00eate \u00e0 les aider pour planter des arbres, puisque dans des secteurs bien desservis par le m\u00e9tro et le tramway, les employ\u00e9s et les salari\u00e9s peuvent venir autrement qu&rsquo;en voiture. Il y a vraiment un travail important pour changer d&rsquo;\u00e9chelle sur l&rsquo;am\u00e9nagement de la ville et le d\u00e9veloppement des modes non polluants. C&rsquo;est un enjeu de sant\u00e9 publique ! Mais aussi par rapport au climat puisque les \u00e9missions de gaz \u00e0 effet de serre, les transports sont tr\u00e8s importants. Au niveau local, dans les politiques locales, nous avons des leviers pour agir, et nos citoyens attendent cela. Ils marchent pour le climat, on a vu comment ils ont vot\u00e9 aux \u00e9lections europ\u00e9ennes. Maintenant, il faut qu&rsquo;au niveau de ces \u00e9lections municipales, s&rsquo;ils ont envie de poursuivre leurs gestes, il faut nous ayons des actions concr\u00e8tes qui les embarqueront dans une vie qui am\u00e9liorera leur quotidien.<\/span><\/span><\/span><\/p>\n<h4 style=\"text-align: justify;\"><span style=\"color: #262626;\"><span style=\"font-family: Arial, serif;\"><span style=\"font-size: medium;\">Au 1er janvier 2020, le prix du m\u00e8tre carr\u00e9 est d&rsquo;environ 3500 euros. Comment faire pour que les Villeurbannais puissent continuer \u00e0 vivre ici? Doivent-ils s&rsquo;excentrer?<\/span><\/span><\/span><\/h4>\n<p style=\"text-align: justify;\"><span style=\"color: #262626;\"><span style=\"font-family: Arial, serif;\"><span style=\"font-size: medium;\">Ce n&rsquo;est pas le but. Il faut pr\u00e9server le caract\u00e8re tr\u00e8s mixte de Villeurbanne, et pour \u00e7a, il faut enrayer cette hausse continue des prix de l&rsquo;immobilier. Quand la collectivit\u00e9 ma\u00eetrise le terrain et le vend \u00e0 des promoteurs, elle peut imposer les prix de sorties, puis demander de vendre de 2400 \u00e0 2500 euros le m\u00e8tre carr\u00e9 selon le type de logement. On peut aussi s&rsquo;appuyer sur le nouvel outil que la m\u00e9tropole a mis en place en d\u00e9cembre, qui est l&rsquo;office foncier solidaire. Cela va permettre de dissocier le prix du foncier du prix de l&rsquo;appartement. Cet office va vendre des terrains \u00e0 des promoteurs qui vendront seulement l&rsquo;appartement et les m\u00e9nages. Ils payeront \u00e9galement une redevance mensuelle sur le prix du foncier. Pour \u00e7a, il faut une politique fonci\u00e8re tr\u00e8s volontariste : il faut que la collectivit\u00e9, c&rsquo;est-\u00e0-dire la m\u00e9tropole et ville, ach\u00e8te du foncier pour faire en sorte de bien contr\u00f4ler ce qui va \u00eatre construit et \u00e0 quel prix cela sera vendu. Pour ce qui ne sera pas construit, il faut acheter des terrains puisque nous voulons faire des parcs de proximit\u00e9.<\/span><\/span><\/span><\/p>\n<h4 style=\"text-align: justify;\"><span style=\"color: #262626;\"><span style=\"font-family: Arial, serif;\"><span style=\"font-size: medium;\">Faut-il r\u00e9quisitionner les logements vacants?<\/span><\/span><\/span><\/h4>\n<p style=\"text-align: justify;\"><span style=\"color: #262626;\"><span style=\"font-family: Arial, serif;\"><span style=\"font-size: medium;\">Dans la m\u00e9tropole de Lyon, ce n&rsquo;est pas un tr\u00e8s gros probl\u00e8me. En revanche, il y a des b\u00e2timents en attente de projet, pour lesquels on peut faire beaucoup plus que ce que l&rsquo;on fait aujourd&rsquo;hui. L&rsquo;urbanisme, transitoire, c&rsquo;est justement la mise \u00e0 disposition de b\u00e2timents aupr\u00e8s d&rsquo;associations pour faire de l&rsquo;h\u00e9bergement de personnes \u00e0 la rue, de migrants ou autre. Je pense qu&rsquo;on le fait pas assez, et nous souhaitons le faire plus, parce quand la collectivit\u00e9 ach\u00e8te un b\u00e2timent qui sera d\u00e9moli dans deux, trois ans, pendant ce temps l\u00e0 il peut utilement servir \u00e0 du logement ou des friches artistiques. Mais pour ce qui est du logement, il y a effectivement des op\u00e9rations qui peuvent \u00eatre faites dans l&rsquo;attente des projets. Je parle des b\u00e2timents qui sont achet\u00e9s par la collectivit\u00e9, il peut y avoir des acteurs priv\u00e9s qui ont aussi des b\u00e2timents en attente et pourraient utilement servir. La clinique du Tonkin de Villeurbanne, d\u00e9sormais d\u00e9saffect\u00e9e depuis l&rsquo;ouverture du M\u00e9dip\u00f4le, je regrette qu&rsquo;il n&rsquo;y ait pas eu d&rsquo;op\u00e9rations la concernant, avec des centaines de chambres disponibles. On n&rsquo;a pas su en faire un usage autre que de laisser ce b\u00e2timent vacant en attente de projet, c&rsquo;est dommage. Je m&rsquo;en occuperai si je suis capable de le faire dans quelques semaines. En tous cas, je souhaite discuter du devenir de cette clinique.<\/span><\/span><\/span><\/p>\n<!-- AddThis Advanced Settings generic via filter on the_content --><!-- AddThis Share Buttons generic via filter on the_content -->","protected":false},"excerpt":{"rendered":"<p>Candidate \u00e9cologiste pour la mairie de Villeurbanne, B\u00e9atrice Vessiller a pour objectif de faire de la ville un lieu o\u00f9 il fait bon-vivre dans le &hellip; <!-- AddThis Advanced Settings generic via filter on wp_trim_excerpt --><!-- AddThis Share Buttons generic via filter on wp_trim_excerpt --><\/p>\n","protected":false},"author":825,"featured_media":19003,"comment_status":"open","ping_status":"open","sticky":false,"template":"","format":"standard","meta":{"_FSMCFIC_featured_image_caption":"","_FSMCFIC_featured_image_nocaption":"","_FSMCFIC_featured_image_hide":"","footnotes":""},"categories":[13120,10388],"tags":[],"class_list":["post-18993","post","type-post","status-publish","format-standard","has-post-thumbnail","hentry","category-municipales-2020","category-villeurbanne"],"yoast_head":"<!-- This site is optimized with the Yoast SEO plugin v22.8 - https:\/\/yoast.com\/wordpress\/plugins\/seo\/ -->\n<title>B\u00e9atrice Vessiller, pour l&#039;id\u00e9al d&#039;une ville verte [Partie 1] - Lyon Bondy Blog<\/title>\n<meta name=\"robots\" content=\"index, follow, max-snippet:-1, max-image-preview:large, max-video-preview:-1\" \/>\n<link rel=\"canonical\" href=\"https:\/\/lyonbondyblog.fr\/LBB\/beatrice-vessilier-pour-lideal-dune-ville-verte\/\" \/>\n<meta property=\"og:locale\" content=\"fr_FR\" \/>\n<meta property=\"og:type\" content=\"article\" \/>\n<meta property=\"og:title\" content=\"B\u00e9atrice Vessiller, pour l&#039;id\u00e9al d&#039;une ville verte [Partie 1] - Lyon Bondy Blog\" \/>\n<meta property=\"og:description\" content=\"Candidate \u00e9cologiste pour la mairie de Villeurbanne, B\u00e9atrice Vessiller a pour objectif de faire de la ville un lieu o\u00f9 il fait bon-vivre dans le &hellip;\" \/>\n<meta property=\"og:url\" content=\"https:\/\/lyonbondyblog.fr\/LBB\/beatrice-vessilier-pour-lideal-dune-ville-verte\/\" \/>\n<meta property=\"og:site_name\" content=\"Lyon Bondy Blog\" \/>\n<meta property=\"article:publisher\" content=\"https:\/\/www.facebook.com\/lyonbondyblog\" \/>\n<meta property=\"article:published_time\" content=\"2020-02-07T13:20:55+00:00\" \/>\n<meta property=\"article:modified_time\" content=\"2020-02-07T15:45:32+00:00\" \/>\n<meta property=\"og:image\" content=\"https:\/\/lyonbondyblog.fr\/LBB\/wp-content\/uploads\/2020\/02\/84241467_241634226823590_6085210291761577984_n-2.jpg\" \/>\n\t<meta property=\"og:image:width\" content=\"1144\" \/>\n\t<meta property=\"og:image:height\" content=\"945\" \/>\n\t<meta property=\"og:image:type\" content=\"image\/jpeg\" \/>\n<meta name=\"author\" content=\"Bastien Salles\" \/>\n<meta name=\"twitter:card\" content=\"summary_large_image\" \/>\n<meta name=\"twitter:creator\" content=\"@bondybloglyon\" \/>\n<meta name=\"twitter:site\" content=\"@bondybloglyon\" \/>\n<script type=\"application\/ld+json\" class=\"yoast-schema-graph\">{\"@context\":\"https:\/\/schema.org\",\"@graph\":[{\"@type\":\"Article\",\"@id\":\"https:\/\/lyonbondyblog.fr\/LBB\/beatrice-vessilier-pour-lideal-dune-ville-verte\/#article\",\"isPartOf\":{\"@id\":\"https:\/\/lyonbondyblog.fr\/LBB\/beatrice-vessilier-pour-lideal-dune-ville-verte\/\"},\"author\":{\"name\":\"Bastien Salles\",\"@id\":\"https:\/\/lyonbondyblog.fr\/LBB\/#\/schema\/person\/f904f2efe38cd807e8dcb9c8a5934c0e\"},\"headline\":\"B\u00e9atrice Vessiller, pour l&rsquo;id\u00e9al d&rsquo;une ville verte [Partie 1]\",\"datePublished\":\"2020-02-07T13:20:55+00:00\",\"dateModified\":\"2020-02-07T15:45:32+00:00\",\"mainEntityOfPage\":{\"@id\":\"https:\/\/lyonbondyblog.fr\/LBB\/beatrice-vessilier-pour-lideal-dune-ville-verte\/\"},\"wordCount\":3087,\"commentCount\":0,\"publisher\":{\"@id\":\"https:\/\/lyonbondyblog.fr\/LBB\/#organization\"},\"image\":{\"@id\":\"https:\/\/lyonbondyblog.fr\/LBB\/beatrice-vessilier-pour-lideal-dune-ville-verte\/#primaryimage\"},\"thumbnailUrl\":\"https:\/\/lyonbondyblog.fr\/LBB\/wp-content\/uploads\/2020\/02\/84241467_241634226823590_6085210291761577984_n-2.jpg\",\"articleSection\":[\"Municipales 2020\",\"Villeurbanne\"],\"inLanguage\":\"fr-FR\",\"potentialAction\":[{\"@type\":\"CommentAction\",\"name\":\"Comment\",\"target\":[\"https:\/\/lyonbondyblog.fr\/LBB\/beatrice-vessilier-pour-lideal-dune-ville-verte\/#respond\"]}]},{\"@type\":\"WebPage\",\"@id\":\"https:\/\/lyonbondyblog.fr\/LBB\/beatrice-vessilier-pour-lideal-dune-ville-verte\/\",\"url\":\"https:\/\/lyonbondyblog.fr\/LBB\/beatrice-vessilier-pour-lideal-dune-ville-verte\/\",\"name\":\"B\u00e9atrice Vessiller, pour l'id\u00e9al d'une ville verte [Partie 1] - Lyon Bondy Blog\",\"isPartOf\":{\"@id\":\"https:\/\/lyonbondyblog.fr\/LBB\/#website\"},\"primaryImageOfPage\":{\"@id\":\"https:\/\/lyonbondyblog.fr\/LBB\/beatrice-vessilier-pour-lideal-dune-ville-verte\/#primaryimage\"},\"image\":{\"@id\":\"https:\/\/lyonbondyblog.fr\/LBB\/beatrice-vessilier-pour-lideal-dune-ville-verte\/#primaryimage\"},\"thumbnailUrl\":\"https:\/\/lyonbondyblog.fr\/LBB\/wp-content\/uploads\/2020\/02\/84241467_241634226823590_6085210291761577984_n-2.jpg\",\"datePublished\":\"2020-02-07T13:20:55+00:00\",\"dateModified\":\"2020-02-07T15:45:32+00:00\",\"inLanguage\":\"fr-FR\",\"potentialAction\":[{\"@type\":\"ReadAction\",\"target\":[\"https:\/\/lyonbondyblog.fr\/LBB\/beatrice-vessilier-pour-lideal-dune-ville-verte\/\"]}]},{\"@type\":\"ImageObject\",\"inLanguage\":\"fr-FR\",\"@id\":\"https:\/\/lyonbondyblog.fr\/LBB\/beatrice-vessilier-pour-lideal-dune-ville-verte\/#primaryimage\",\"url\":\"https:\/\/lyonbondyblog.fr\/LBB\/wp-content\/uploads\/2020\/02\/84241467_241634226823590_6085210291761577984_n-2.jpg\",\"contentUrl\":\"https:\/\/lyonbondyblog.fr\/LBB\/wp-content\/uploads\/2020\/02\/84241467_241634226823590_6085210291761577984_n-2.jpg\",\"width\":1144,\"height\":945},{\"@type\":\"WebSite\",\"@id\":\"https:\/\/lyonbondyblog.fr\/LBB\/#website\",\"url\":\"https:\/\/lyonbondyblog.fr\/LBB\/\",\"name\":\"Lyon Bondy Blog\",\"description\":\"\",\"publisher\":{\"@id\":\"https:\/\/lyonbondyblog.fr\/LBB\/#organization\"},\"potentialAction\":[{\"@type\":\"SearchAction\",\"target\":{\"@type\":\"EntryPoint\",\"urlTemplate\":\"https:\/\/lyonbondyblog.fr\/LBB\/?s={search_term_string}\"},\"query-input\":\"required name=search_term_string\"}],\"inLanguage\":\"fr-FR\"},{\"@type\":\"Organization\",\"@id\":\"https:\/\/lyonbondyblog.fr\/LBB\/#organization\",\"name\":\"LYON BONDY BLOG\",\"url\":\"https:\/\/lyonbondyblog.fr\/LBB\/\",\"logo\":{\"@type\":\"ImageObject\",\"inLanguage\":\"fr-FR\",\"@id\":\"https:\/\/lyonbondyblog.fr\/LBB\/#\/schema\/logo\/image\/\",\"url\":\"http:\/\/lyonbondyblog.fr\/LBB\/wp-content\/uploads\/2014\/10\/logo-portable-144.png\",\"contentUrl\":\"http:\/\/lyonbondyblog.fr\/LBB\/wp-content\/uploads\/2014\/10\/logo-portable-144.png\",\"width\":144,\"height\":123,\"caption\":\"LYON BONDY BLOG\"},\"image\":{\"@id\":\"https:\/\/lyonbondyblog.fr\/LBB\/#\/schema\/logo\/image\/\"},\"sameAs\":[\"https:\/\/www.facebook.com\/lyonbondyblog\",\"https:\/\/x.com\/bondybloglyon\"]},{\"@type\":\"Person\",\"@id\":\"https:\/\/lyonbondyblog.fr\/LBB\/#\/schema\/person\/f904f2efe38cd807e8dcb9c8a5934c0e\",\"name\":\"Bastien Salles\",\"url\":\"https:\/\/lyonbondyblog.fr\/LBB\/author\/bastien-salles\/\"}]}<\/script>\n<!-- \/ Yoast SEO plugin. -->","yoast_head_json":{"title":"B\u00e9atrice Vessiller, pour l'id\u00e9al d'une ville verte [Partie 1] - Lyon Bondy Blog","robots":{"index":"index","follow":"follow","max-snippet":"max-snippet:-1","max-image-preview":"max-image-preview:large","max-video-preview":"max-video-preview:-1"},"canonical":"https:\/\/lyonbondyblog.fr\/LBB\/beatrice-vessilier-pour-lideal-dune-ville-verte\/","og_locale":"fr_FR","og_type":"article","og_title":"B\u00e9atrice Vessiller, pour l'id\u00e9al d'une ville verte [Partie 1] - Lyon Bondy Blog","og_description":"Candidate \u00e9cologiste pour la mairie de Villeurbanne, B\u00e9atrice Vessiller a pour objectif de faire de la ville un lieu o\u00f9 il fait bon-vivre dans le &hellip;","og_url":"https:\/\/lyonbondyblog.fr\/LBB\/beatrice-vessilier-pour-lideal-dune-ville-verte\/","og_site_name":"Lyon Bondy Blog","article_publisher":"https:\/\/www.facebook.com\/lyonbondyblog","article_published_time":"2020-02-07T13:20:55+00:00","article_modified_time":"2020-02-07T15:45:32+00:00","og_image":[{"width":1144,"height":945,"url":"https:\/\/lyonbondyblog.fr\/LBB\/wp-content\/uploads\/2020\/02\/84241467_241634226823590_6085210291761577984_n-2.jpg","type":"image\/jpeg"}],"author":"Bastien Salles","twitter_card":"summary_large_image","twitter_creator":"@bondybloglyon","twitter_site":"@bondybloglyon","schema":{"@context":"https:\/\/schema.org","@graph":[{"@type":"Article","@id":"https:\/\/lyonbondyblog.fr\/LBB\/beatrice-vessilier-pour-lideal-dune-ville-verte\/#article","isPartOf":{"@id":"https:\/\/lyonbondyblog.fr\/LBB\/beatrice-vessilier-pour-lideal-dune-ville-verte\/"},"author":{"name":"Bastien Salles","@id":"https:\/\/lyonbondyblog.fr\/LBB\/#\/schema\/person\/f904f2efe38cd807e8dcb9c8a5934c0e"},"headline":"B\u00e9atrice Vessiller, pour l&rsquo;id\u00e9al d&rsquo;une ville verte [Partie 1]","datePublished":"2020-02-07T13:20:55+00:00","dateModified":"2020-02-07T15:45:32+00:00","mainEntityOfPage":{"@id":"https:\/\/lyonbondyblog.fr\/LBB\/beatrice-vessilier-pour-lideal-dune-ville-verte\/"},"wordCount":3087,"commentCount":0,"publisher":{"@id":"https:\/\/lyonbondyblog.fr\/LBB\/#organization"},"image":{"@id":"https:\/\/lyonbondyblog.fr\/LBB\/beatrice-vessilier-pour-lideal-dune-ville-verte\/#primaryimage"},"thumbnailUrl":"https:\/\/lyonbondyblog.fr\/LBB\/wp-content\/uploads\/2020\/02\/84241467_241634226823590_6085210291761577984_n-2.jpg","articleSection":["Municipales 2020","Villeurbanne"],"inLanguage":"fr-FR","potentialAction":[{"@type":"CommentAction","name":"Comment","target":["https:\/\/lyonbondyblog.fr\/LBB\/beatrice-vessilier-pour-lideal-dune-ville-verte\/#respond"]}]},{"@type":"WebPage","@id":"https:\/\/lyonbondyblog.fr\/LBB\/beatrice-vessilier-pour-lideal-dune-ville-verte\/","url":"https:\/\/lyonbondyblog.fr\/LBB\/beatrice-vessilier-pour-lideal-dune-ville-verte\/","name":"B\u00e9atrice Vessiller, pour l'id\u00e9al d'une ville verte [Partie 1] - Lyon Bondy Blog","isPartOf":{"@id":"https:\/\/lyonbondyblog.fr\/LBB\/#website"},"primaryImageOfPage":{"@id":"https:\/\/lyonbondyblog.fr\/LBB\/beatrice-vessilier-pour-lideal-dune-ville-verte\/#primaryimage"},"image":{"@id":"https:\/\/lyonbondyblog.fr\/LBB\/beatrice-vessilier-pour-lideal-dune-ville-verte\/#primaryimage"},"thumbnailUrl":"https:\/\/lyonbondyblog.fr\/LBB\/wp-content\/uploads\/2020\/02\/84241467_241634226823590_6085210291761577984_n-2.jpg","datePublished":"2020-02-07T13:20:55+00:00","dateModified":"2020-02-07T15:45:32+00:00","inLanguage":"fr-FR","potentialAction":[{"@type":"ReadAction","target":["https:\/\/lyonbondyblog.fr\/LBB\/beatrice-vessilier-pour-lideal-dune-ville-verte\/"]}]},{"@type":"ImageObject","inLanguage":"fr-FR","@id":"https:\/\/lyonbondyblog.fr\/LBB\/beatrice-vessilier-pour-lideal-dune-ville-verte\/#primaryimage","url":"https:\/\/lyonbondyblog.fr\/LBB\/wp-content\/uploads\/2020\/02\/84241467_241634226823590_6085210291761577984_n-2.jpg","contentUrl":"https:\/\/lyonbondyblog.fr\/LBB\/wp-content\/uploads\/2020\/02\/84241467_241634226823590_6085210291761577984_n-2.jpg","width":1144,"height":945},{"@type":"WebSite","@id":"https:\/\/lyonbondyblog.fr\/LBB\/#website","url":"https:\/\/lyonbondyblog.fr\/LBB\/","name":"Lyon Bondy Blog","description":"","publisher":{"@id":"https:\/\/lyonbondyblog.fr\/LBB\/#organization"},"potentialAction":[{"@type":"SearchAction","target":{"@type":"EntryPoint","urlTemplate":"https:\/\/lyonbondyblog.fr\/LBB\/?s={search_term_string}"},"query-input":"required name=search_term_string"}],"inLanguage":"fr-FR"},{"@type":"Organization","@id":"https:\/\/lyonbondyblog.fr\/LBB\/#organization","name":"LYON BONDY BLOG","url":"https:\/\/lyonbondyblog.fr\/LBB\/","logo":{"@type":"ImageObject","inLanguage":"fr-FR","@id":"https:\/\/lyonbondyblog.fr\/LBB\/#\/schema\/logo\/image\/","url":"http:\/\/lyonbondyblog.fr\/LBB\/wp-content\/uploads\/2014\/10\/logo-portable-144.png","contentUrl":"http:\/\/lyonbondyblog.fr\/LBB\/wp-content\/uploads\/2014\/10\/logo-portable-144.png","width":144,"height":123,"caption":"LYON BONDY BLOG"},"image":{"@id":"https:\/\/lyonbondyblog.fr\/LBB\/#\/schema\/logo\/image\/"},"sameAs":["https:\/\/www.facebook.com\/lyonbondyblog","https:\/\/x.com\/bondybloglyon"]},{"@type":"Person","@id":"https:\/\/lyonbondyblog.fr\/LBB\/#\/schema\/person\/f904f2efe38cd807e8dcb9c8a5934c0e","name":"Bastien Salles","url":"https:\/\/lyonbondyblog.fr\/LBB\/author\/bastien-salles\/"}]}},"_links":{"self":[{"href":"https:\/\/lyonbondyblog.fr\/LBB\/wp-json\/wp\/v2\/posts\/18993","targetHints":{"allow":["GET"]}}],"collection":[{"href":"https:\/\/lyonbondyblog.fr\/LBB\/wp-json\/wp\/v2\/posts"}],"about":[{"href":"https:\/\/lyonbondyblog.fr\/LBB\/wp-json\/wp\/v2\/types\/post"}],"author":[{"embeddable":true,"href":"https:\/\/lyonbondyblog.fr\/LBB\/wp-json\/wp\/v2\/users\/825"}],"replies":[{"embeddable":true,"href":"https:\/\/lyonbondyblog.fr\/LBB\/wp-json\/wp\/v2\/comments?post=18993"}],"version-history":[{"count":6,"href":"https:\/\/lyonbondyblog.fr\/LBB\/wp-json\/wp\/v2\/posts\/18993\/revisions"}],"predecessor-version":[{"id":19004,"href":"https:\/\/lyonbondyblog.fr\/LBB\/wp-json\/wp\/v2\/posts\/18993\/revisions\/19004"}],"wp:featuredmedia":[{"embeddable":true,"href":"https:\/\/lyonbondyblog.fr\/LBB\/wp-json\/wp\/v2\/media\/19003"}],"wp:attachment":[{"href":"https:\/\/lyonbondyblog.fr\/LBB\/wp-json\/wp\/v2\/media?parent=18993"}],"wp:term":[{"taxonomy":"category","embeddable":true,"href":"https:\/\/lyonbondyblog.fr\/LBB\/wp-json\/wp\/v2\/categories?post=18993"},{"taxonomy":"post_tag","embeddable":true,"href":"https:\/\/lyonbondyblog.fr\/LBB\/wp-json\/wp\/v2\/tags?post=18993"}],"curies":[{"name":"wp","href":"https:\/\/api.w.org\/{rel}","templated":true}]}}