{"id":18982,"date":"2020-02-06T16:59:04","date_gmt":"2020-02-06T15:59:04","guid":{"rendered":"http:\/\/lyonbondyblog.fr\/LBB\/?p=18982"},"modified":"2020-02-06T17:06:16","modified_gmt":"2020-02-06T16:06:16","slug":"une-nouvelle-manifestation-marquee-par-des-tensions","status":"publish","type":"post","link":"https:\/\/lyonbondyblog.fr\/LBB\/une-nouvelle-manifestation-marquee-par-des-tensions\/","title":{"rendered":"Une nouvelle manifestation, marqu\u00e9e par des tensions"},"content":{"rendered":"<h4>La mobilisation de ce jeudi 6 f\u00e9vrier, \u00e0 Lyon, a r\u00e9uni de nombreuses personnes d\u2019horizons diff\u00e9rents, syndicalistes appartenant \u00e0 la CGT, \u00e9tudiants, professeurs et gilets jaunes. Tous s\u2019\u00e9taient donn\u00e9s rendez-vous devant la Manufacture des Tabacs \u00e0 11h30, pour lancer une nouvelle manifestation contre la r\u00e9forme des retraites.<\/h4>\n<figure id=\"attachment_18983\" aria-describedby=\"caption-attachment-18983\" style=\"width: 900px\" class=\"wp-caption alignnone\"><img loading=\"lazy\" decoding=\"async\" class=\"size-medium wp-image-18983\" src=\"https:\/\/lyonbondyblog.fr\/LBB\/wp-content\/uploads\/2020\/02\/picnumber1-e1580999905661-900x1200.jpeg\" alt=\"\" width=\"900\" height=\"1200\" srcset=\"https:\/\/lyonbondyblog.fr\/LBB\/wp-content\/uploads\/2020\/02\/picnumber1-e1580999905661-900x1200.jpeg 900w, https:\/\/lyonbondyblog.fr\/LBB\/wp-content\/uploads\/2020\/02\/picnumber1-e1580999905661-768x1024.jpeg 768w, https:\/\/lyonbondyblog.fr\/LBB\/wp-content\/uploads\/2020\/02\/picnumber1-e1580999905661-1440x1920.jpeg 1440w, https:\/\/lyonbondyblog.fr\/LBB\/wp-content\/uploads\/2020\/02\/picnumber1-e1580999905661-600x800.jpeg 600w, https:\/\/lyonbondyblog.fr\/LBB\/wp-content\/uploads\/2020\/02\/picnumber1-e1580999905661.jpeg 1512w\" sizes=\"auto, (max-width: 900px) 100vw, 900px\" \/><figcaption id=\"caption-attachment-18983\" class=\"wp-caption-text\">Rassemblement des manifestants \u00e0 Sans-Souci. CC : M.B<\/figcaption><\/figure>\n<p>Selon les autorit\u00e9s, 5300 personnes \u00e9taient pr\u00e9sentes pour cette mobilisation. Les organisateurs, eux, annoncent 8000 personnes.<\/p>\n<p>Un retrait\u00e9 concern\u00e9 par cette r\u00e9forme et par l\u2019avenir de ses petits-enfants t\u00e9moigne :<\/p>\n<p><iframe loading=\"lazy\" src=\"https:\/\/w.soundcloud.com\/player\/?url=https%3A\/\/api.soundcloud.com\/tracks\/756120484&amp;color=%23ff5500&amp;auto_play=false&amp;hide_related=false&amp;show_comments=true&amp;show_user=true&amp;show_reposts=false&amp;show_teaser=true\" scrolling=\"no\" width=\"100%\" height=\"166\" frameborder=\"no\"><\/iframe><\/p>\n<p>&nbsp;<\/p>\n<p>Un militant de lutte ouvri\u00e8re nous donne \u00e9galement son avis :<\/p>\n<p><iframe loading=\"lazy\" src=\"https:\/\/w.soundcloud.com\/player\/?url=https%3A\/\/api.soundcloud.com\/tracks\/756125248&amp;color=%23ff5500&amp;auto_play=false&amp;hide_related=false&amp;show_comments=true&amp;show_user=true&amp;show_reposts=false&amp;show_teaser=true\" scrolling=\"no\" width=\"100%\" height=\"166\" frameborder=\"no\"><\/iframe><\/p>\n<p>&nbsp;<\/p>\n<p>Lors de la manifestation, les \u00e9v\u00e8nements ont pris une autre tournure, en t\u00e9moigne ces tweets :<\/p>\n<blockquote class=\"twitter-tweet\">\n<p lang=\"fr\" dir=\"ltr\">Premier gazage \u00e0 saxe <a href=\"https:\/\/twitter.com\/hashtag\/lyon?src=hash&amp;ref_src=twsrc%5Etfw\">#lyon<\/a> <a href=\"https:\/\/twitter.com\/hashtag\/greve6fevrier?src=hash&amp;ref_src=twsrc%5Etfw\">#greve6fevrier<\/a> <a href=\"https:\/\/twitter.com\/hashtag\/Retraites?src=hash&amp;ref_src=twsrc%5Etfw\">#Retraites<\/a> <a href=\"https:\/\/t.co\/8Syxg6sfll\">pic.twitter.com\/8Syxg6sfll<\/a><\/p>\n<p>&mdash; Bill Denbrough (@Bismuthback) <a href=\"https:\/\/twitter.com\/Bismuthback\/status\/1225397189532405762?ref_src=twsrc%5Etfw\">February 6, 2020<\/a><\/p><\/blockquote>\n<p> <script async src=\"https:\/\/platform.twitter.com\/widgets.js\" charset=\"utf-8\"><\/script> <\/p>\n<blockquote class=\"twitter-tweet\">\n<p lang=\"fr\" dir=\"ltr\">Charge de la police cours Gambetta <a href=\"https:\/\/twitter.com\/hashtag\/lyon?src=hash&amp;ref_src=twsrc%5Etfw\">#lyon<\/a> <a href=\"https:\/\/t.co\/GZvtzMMk2J\">pic.twitter.com\/GZvtzMMk2J<\/a><\/p>\n<p>&mdash; Le Progr\u00e8s Rh\u00f4ne (@leprogresrhone) <a href=\"https:\/\/twitter.com\/leprogresrhone\/status\/1225397271153512449?ref_src=twsrc%5Etfw\">February 6, 2020<\/a><\/p><\/blockquote>\n<p> <script async src=\"https:\/\/platform.twitter.com\/widgets.js\" charset=\"utf-8\"><\/script> <\/p>\n<!-- AddThis Advanced Settings generic via filter on the_content --><!-- AddThis Share Buttons generic via filter on the_content -->","protected":false},"excerpt":{"rendered":"<p>La mobilisation de ce jeudi 6 f\u00e9vrier, \u00e0 Lyon, a r\u00e9uni de nombreuses personnes d\u2019horizons diff\u00e9rents, syndicalistes appartenant \u00e0 la CGT, \u00e9tudiants, professeurs et gilets &hellip; <!-- AddThis Advanced Settings generic via filter on wp_trim_excerpt --><!-- AddThis Share Buttons generic via filter on wp_trim_excerpt --><\/p>\n","protected":false},"author":21556,"featured_media":18984,"comment_status":"open","ping_status":"open","sticky":false,"template":"","format":"standard","meta":{"_FSMCFIC_featured_image_caption":"","_FSMCFIC_featured_image_nocaption":"","_FSMCFIC_featured_image_hide":"","footnotes":""},"categories":[4,6447],"tags":[21840],"class_list":["post-18982","post","type-post","status-publish","format-standard","has-post-thumbnail","hentry","category-lyon","category-manifestations","tag-lyon-manifestation"],"yoast_head":"<!-- This site is optimized with the Yoast SEO plugin v22.8 - https:\/\/yoast.com\/wordpress\/plugins\/seo\/ -->\n<title>Une nouvelle manifestation, marqu\u00e9e par des tensions - Lyon Bondy Blog<\/title>\n<meta name=\"robots\" content=\"index, follow, max-snippet:-1, max-image-preview:large, max-video-preview:-1\" \/>\n<link rel=\"canonical\" href=\"https:\/\/lyonbondyblog.fr\/LBB\/une-nouvelle-manifestation-marquee-par-des-tensions\/\" \/>\n<meta property=\"og:locale\" content=\"fr_FR\" \/>\n<meta property=\"og:type\" content=\"article\" \/>\n<meta property=\"og:title\" content=\"Une nouvelle manifestation, marqu\u00e9e par des tensions - Lyon Bondy Blog\" \/>\n<meta property=\"og:description\" content=\"La mobilisation de ce jeudi 6 f\u00e9vrier, \u00e0 Lyon, a r\u00e9uni de nombreuses personnes d\u2019horizons diff\u00e9rents, syndicalistes appartenant \u00e0 la CGT, \u00e9tudiants, professeurs et gilets &hellip;\" \/>\n<meta property=\"og:url\" content=\"https:\/\/lyonbondyblog.fr\/LBB\/une-nouvelle-manifestation-marquee-par-des-tensions\/\" \/>\n<meta property=\"og:site_name\" content=\"Lyon Bondy Blog\" \/>\n<meta property=\"article:publisher\" content=\"https:\/\/www.facebook.com\/lyonbondyblog\" \/>\n<meta property=\"article:published_time\" content=\"2020-02-06T15:59:04+00:00\" \/>\n<meta property=\"article:modified_time\" content=\"2020-02-06T16:06:16+00:00\" \/>\n<meta property=\"og:image\" content=\"https:\/\/lyonbondyblog.fr\/LBB\/wp-content\/uploads\/2020\/02\/image6-e1581000225358.jpeg\" \/>\n\t<meta property=\"og:image:width\" content=\"1512\" \/>\n\t<meta property=\"og:image:height\" content=\"2016\" \/>\n\t<meta property=\"og:image:type\" content=\"image\/jpeg\" \/>\n<meta name=\"author\" content=\"Mat\u00e9o Bacha\" \/>\n<meta name=\"twitter:card\" content=\"summary_large_image\" \/>\n<meta name=\"twitter:creator\" content=\"@bondybloglyon\" \/>\n<meta name=\"twitter:site\" content=\"@bondybloglyon\" \/>\n<script type=\"application\/ld+json\" class=\"yoast-schema-graph\">{\"@context\":\"https:\/\/schema.org\",\"@graph\":[{\"@type\":\"Article\",\"@id\":\"https:\/\/lyonbondyblog.fr\/LBB\/une-nouvelle-manifestation-marquee-par-des-tensions\/#article\",\"isPartOf\":{\"@id\":\"https:\/\/lyonbondyblog.fr\/LBB\/une-nouvelle-manifestation-marquee-par-des-tensions\/\"},\"author\":{\"name\":\"Mat\u00e9o Bacha\",\"@id\":\"https:\/\/lyonbondyblog.fr\/LBB\/#\/schema\/person\/e849a2dd9fe15d7729268e633a461e2d\"},\"headline\":\"Une nouvelle manifestation, marqu\u00e9e par des tensions\",\"datePublished\":\"2020-02-06T15:59:04+00:00\",\"dateModified\":\"2020-02-06T16:06:16+00:00\",\"mainEntityOfPage\":{\"@id\":\"https:\/\/lyonbondyblog.fr\/LBB\/une-nouvelle-manifestation-marquee-par-des-tensions\/\"},\"wordCount\":171,\"commentCount\":0,\"publisher\":{\"@id\":\"https:\/\/lyonbondyblog.fr\/LBB\/#organization\"},\"image\":{\"@id\":\"https:\/\/lyonbondyblog.fr\/LBB\/une-nouvelle-manifestation-marquee-par-des-tensions\/#primaryimage\"},\"thumbnailUrl\":\"https:\/\/lyonbondyblog.fr\/LBB\/wp-content\/uploads\/2020\/02\/image6-e1581000225358.jpeg\",\"keywords\":[\"lyon manifestation\"],\"articleSection\":[\"Lyon\",\"Manifestations\"],\"inLanguage\":\"fr-FR\",\"potentialAction\":[{\"@type\":\"CommentAction\",\"name\":\"Comment\",\"target\":[\"https:\/\/lyonbondyblog.fr\/LBB\/une-nouvelle-manifestation-marquee-par-des-tensions\/#respond\"]}]},{\"@type\":\"WebPage\",\"@id\":\"https:\/\/lyonbondyblog.fr\/LBB\/une-nouvelle-manifestation-marquee-par-des-tensions\/\",\"url\":\"https:\/\/lyonbondyblog.fr\/LBB\/une-nouvelle-manifestation-marquee-par-des-tensions\/\",\"name\":\"Une nouvelle manifestation, marqu\u00e9e par des tensions - Lyon Bondy Blog\",\"isPartOf\":{\"@id\":\"https:\/\/lyonbondyblog.fr\/LBB\/#website\"},\"primaryImageOfPage\":{\"@id\":\"https:\/\/lyonbondyblog.fr\/LBB\/une-nouvelle-manifestation-marquee-par-des-tensions\/#primaryimage\"},\"image\":{\"@id\":\"https:\/\/lyonbondyblog.fr\/LBB\/une-nouvelle-manifestation-marquee-par-des-tensions\/#primaryimage\"},\"thumbnailUrl\":\"https:\/\/lyonbondyblog.fr\/LBB\/wp-content\/uploads\/2020\/02\/image6-e1581000225358.jpeg\",\"datePublished\":\"2020-02-06T15:59:04+00:00\",\"dateModified\":\"2020-02-06T16:06:16+00:00\",\"inLanguage\":\"fr-FR\",\"potentialAction\":[{\"@type\":\"ReadAction\",\"target\":[\"https:\/\/lyonbondyblog.fr\/LBB\/une-nouvelle-manifestation-marquee-par-des-tensions\/\"]}]},{\"@type\":\"ImageObject\",\"inLanguage\":\"fr-FR\",\"@id\":\"https:\/\/lyonbondyblog.fr\/LBB\/une-nouvelle-manifestation-marquee-par-des-tensions\/#primaryimage\",\"url\":\"https:\/\/lyonbondyblog.fr\/LBB\/wp-content\/uploads\/2020\/02\/image6-e1581000225358.jpeg\",\"contentUrl\":\"https:\/\/lyonbondyblog.fr\/LBB\/wp-content\/uploads\/2020\/02\/image6-e1581000225358.jpeg\",\"width\":1512,\"height\":2016},{\"@type\":\"WebSite\",\"@id\":\"https:\/\/lyonbondyblog.fr\/LBB\/#website\",\"url\":\"https:\/\/lyonbondyblog.fr\/LBB\/\",\"name\":\"Lyon Bondy Blog\",\"description\":\"\",\"publisher\":{\"@id\":\"https:\/\/lyonbondyblog.fr\/LBB\/#organization\"},\"potentialAction\":[{\"@type\":\"SearchAction\",\"target\":{\"@type\":\"EntryPoint\",\"urlTemplate\":\"https:\/\/lyonbondyblog.fr\/LBB\/?s={search_term_string}\"},\"query-input\":\"required name=search_term_string\"}],\"inLanguage\":\"fr-FR\"},{\"@type\":\"Organization\",\"@id\":\"https:\/\/lyonbondyblog.fr\/LBB\/#organization\",\"name\":\"LYON BONDY BLOG\",\"url\":\"https:\/\/lyonbondyblog.fr\/LBB\/\",\"logo\":{\"@type\":\"ImageObject\",\"inLanguage\":\"fr-FR\",\"@id\":\"https:\/\/lyonbondyblog.fr\/LBB\/#\/schema\/logo\/image\/\",\"url\":\"http:\/\/lyonbondyblog.fr\/LBB\/wp-content\/uploads\/2014\/10\/logo-portable-144.png\",\"contentUrl\":\"http:\/\/lyonbondyblog.fr\/LBB\/wp-content\/uploads\/2014\/10\/logo-portable-144.png\",\"width\":144,\"height\":123,\"caption\":\"LYON BONDY BLOG\"},\"image\":{\"@id\":\"https:\/\/lyonbondyblog.fr\/LBB\/#\/schema\/logo\/image\/\"},\"sameAs\":[\"https:\/\/www.facebook.com\/lyonbondyblog\",\"https:\/\/x.com\/bondybloglyon\"]},{\"@type\":\"Person\",\"@id\":\"https:\/\/lyonbondyblog.fr\/LBB\/#\/schema\/person\/e849a2dd9fe15d7729268e633a461e2d\",\"name\":\"Mat\u00e9o Bacha\",\"url\":\"https:\/\/lyonbondyblog.fr\/LBB\/author\/mateobacha\/\"}]}<\/script>\n<!-- \/ Yoast SEO plugin. -->","yoast_head_json":{"title":"Une nouvelle manifestation, marqu\u00e9e par des tensions - Lyon Bondy Blog","robots":{"index":"index","follow":"follow","max-snippet":"max-snippet:-1","max-image-preview":"max-image-preview:large","max-video-preview":"max-video-preview:-1"},"canonical":"https:\/\/lyonbondyblog.fr\/LBB\/une-nouvelle-manifestation-marquee-par-des-tensions\/","og_locale":"fr_FR","og_type":"article","og_title":"Une nouvelle manifestation, marqu\u00e9e par des tensions - Lyon Bondy Blog","og_description":"La mobilisation de ce jeudi 6 f\u00e9vrier, \u00e0 Lyon, a r\u00e9uni de nombreuses personnes d\u2019horizons diff\u00e9rents, syndicalistes appartenant \u00e0 la CGT, \u00e9tudiants, professeurs et gilets &hellip;","og_url":"https:\/\/lyonbondyblog.fr\/LBB\/une-nouvelle-manifestation-marquee-par-des-tensions\/","og_site_name":"Lyon Bondy Blog","article_publisher":"https:\/\/www.facebook.com\/lyonbondyblog","article_published_time":"2020-02-06T15:59:04+00:00","article_modified_time":"2020-02-06T16:06:16+00:00","og_image":[{"width":1512,"height":2016,"url":"https:\/\/lyonbondyblog.fr\/LBB\/wp-content\/uploads\/2020\/02\/image6-e1581000225358.jpeg","type":"image\/jpeg"}],"author":"Mat\u00e9o Bacha","twitter_card":"summary_large_image","twitter_creator":"@bondybloglyon","twitter_site":"@bondybloglyon","schema":{"@context":"https:\/\/schema.org","@graph":[{"@type":"Article","@id":"https:\/\/lyonbondyblog.fr\/LBB\/une-nouvelle-manifestation-marquee-par-des-tensions\/#article","isPartOf":{"@id":"https:\/\/lyonbondyblog.fr\/LBB\/une-nouvelle-manifestation-marquee-par-des-tensions\/"},"author":{"name":"Mat\u00e9o Bacha","@id":"https:\/\/lyonbondyblog.fr\/LBB\/#\/schema\/person\/e849a2dd9fe15d7729268e633a461e2d"},"headline":"Une nouvelle manifestation, marqu\u00e9e par des tensions","datePublished":"2020-02-06T15:59:04+00:00","dateModified":"2020-02-06T16:06:16+00:00","mainEntityOfPage":{"@id":"https:\/\/lyonbondyblog.fr\/LBB\/une-nouvelle-manifestation-marquee-par-des-tensions\/"},"wordCount":171,"commentCount":0,"publisher":{"@id":"https:\/\/lyonbondyblog.fr\/LBB\/#organization"},"image":{"@id":"https:\/\/lyonbondyblog.fr\/LBB\/une-nouvelle-manifestation-marquee-par-des-tensions\/#primaryimage"},"thumbnailUrl":"https:\/\/lyonbondyblog.fr\/LBB\/wp-content\/uploads\/2020\/02\/image6-e1581000225358.jpeg","keywords":["lyon manifestation"],"articleSection":["Lyon","Manifestations"],"inLanguage":"fr-FR","potentialAction":[{"@type":"CommentAction","name":"Comment","target":["https:\/\/lyonbondyblog.fr\/LBB\/une-nouvelle-manifestation-marquee-par-des-tensions\/#respond"]}]},{"@type":"WebPage","@id":"https:\/\/lyonbondyblog.fr\/LBB\/une-nouvelle-manifestation-marquee-par-des-tensions\/","url":"https:\/\/lyonbondyblog.fr\/LBB\/une-nouvelle-manifestation-marquee-par-des-tensions\/","name":"Une nouvelle manifestation, marqu\u00e9e par des tensions - Lyon Bondy Blog","isPartOf":{"@id":"https:\/\/lyonbondyblog.fr\/LBB\/#website"},"primaryImageOfPage":{"@id":"https:\/\/lyonbondyblog.fr\/LBB\/une-nouvelle-manifestation-marquee-par-des-tensions\/#primaryimage"},"image":{"@id":"https:\/\/lyonbondyblog.fr\/LBB\/une-nouvelle-manifestation-marquee-par-des-tensions\/#primaryimage"},"thumbnailUrl":"https:\/\/lyonbondyblog.fr\/LBB\/wp-content\/uploads\/2020\/02\/image6-e1581000225358.jpeg","datePublished":"2020-02-06T15:59:04+00:00","dateModified":"2020-02-06T16:06:16+00:00","inLanguage":"fr-FR","potentialAction":[{"@type":"ReadAction","target":["https:\/\/lyonbondyblog.fr\/LBB\/une-nouvelle-manifestation-marquee-par-des-tensions\/"]}]},{"@type":"ImageObject","inLanguage":"fr-FR","@id":"https:\/\/lyonbondyblog.fr\/LBB\/une-nouvelle-manifestation-marquee-par-des-tensions\/#primaryimage","url":"https:\/\/lyonbondyblog.fr\/LBB\/wp-content\/uploads\/2020\/02\/image6-e1581000225358.jpeg","contentUrl":"https:\/\/lyonbondyblog.fr\/LBB\/wp-content\/uploads\/2020\/02\/image6-e1581000225358.jpeg","width":1512,"height":2016},{"@type":"WebSite","@id":"https:\/\/lyonbondyblog.fr\/LBB\/#website","url":"https:\/\/lyonbondyblog.fr\/LBB\/","name":"Lyon Bondy Blog","description":"","publisher":{"@id":"https:\/\/lyonbondyblog.fr\/LBB\/#organization"},"potentialAction":[{"@type":"SearchAction","target":{"@type":"EntryPoint","urlTemplate":"https:\/\/lyonbondyblog.fr\/LBB\/?s={search_term_string}"},"query-input":"required name=search_term_string"}],"inLanguage":"fr-FR"},{"@type":"Organization","@id":"https:\/\/lyonbondyblog.fr\/LBB\/#organization","name":"LYON BONDY BLOG","url":"https:\/\/lyonbondyblog.fr\/LBB\/","logo":{"@type":"ImageObject","inLanguage":"fr-FR","@id":"https:\/\/lyonbondyblog.fr\/LBB\/#\/schema\/logo\/image\/","url":"http:\/\/lyonbondyblog.fr\/LBB\/wp-content\/uploads\/2014\/10\/logo-portable-144.png","contentUrl":"http:\/\/lyonbondyblog.fr\/LBB\/wp-content\/uploads\/2014\/10\/logo-portable-144.png","width":144,"height":123,"caption":"LYON BONDY BLOG"},"image":{"@id":"https:\/\/lyonbondyblog.fr\/LBB\/#\/schema\/logo\/image\/"},"sameAs":["https:\/\/www.facebook.com\/lyonbondyblog","https:\/\/x.com\/bondybloglyon"]},{"@type":"Person","@id":"https:\/\/lyonbondyblog.fr\/LBB\/#\/schema\/person\/e849a2dd9fe15d7729268e633a461e2d","name":"Mat\u00e9o Bacha","url":"https:\/\/lyonbondyblog.fr\/LBB\/author\/mateobacha\/"}]}},"_links":{"self":[{"href":"https:\/\/lyonbondyblog.fr\/LBB\/wp-json\/wp\/v2\/posts\/18982","targetHints":{"allow":["GET"]}}],"collection":[{"href":"https:\/\/lyonbondyblog.fr\/LBB\/wp-json\/wp\/v2\/posts"}],"about":[{"href":"https:\/\/lyonbondyblog.fr\/LBB\/wp-json\/wp\/v2\/types\/post"}],"author":[{"embeddable":true,"href":"https:\/\/lyonbondyblog.fr\/LBB\/wp-json\/wp\/v2\/users\/21556"}],"replies":[{"embeddable":true,"href":"https:\/\/lyonbondyblog.fr\/LBB\/wp-json\/wp\/v2\/comments?post=18982"}],"version-history":[{"count":5,"href":"https:\/\/lyonbondyblog.fr\/LBB\/wp-json\/wp\/v2\/posts\/18982\/revisions"}],"predecessor-version":[{"id":18991,"href":"https:\/\/lyonbondyblog.fr\/LBB\/wp-json\/wp\/v2\/posts\/18982\/revisions\/18991"}],"wp:featuredmedia":[{"embeddable":true,"href":"https:\/\/lyonbondyblog.fr\/LBB\/wp-json\/wp\/v2\/media\/18984"}],"wp:attachment":[{"href":"https:\/\/lyonbondyblog.fr\/LBB\/wp-json\/wp\/v2\/media?parent=18982"}],"wp:term":[{"taxonomy":"category","embeddable":true,"href":"https:\/\/lyonbondyblog.fr\/LBB\/wp-json\/wp\/v2\/categories?post=18982"},{"taxonomy":"post_tag","embeddable":true,"href":"https:\/\/lyonbondyblog.fr\/LBB\/wp-json\/wp\/v2\/tags?post=18982"}],"curies":[{"name":"wp","href":"https:\/\/api.w.org\/{rel}","templated":true}]}}