{"id":18979,"date":"2020-02-09T13:08:13","date_gmt":"2020-02-09T12:08:13","guid":{"rendered":"http:\/\/lyonbondyblog.fr\/LBB\/?p=18979"},"modified":"2020-02-09T15:28:12","modified_gmt":"2020-02-09T14:28:12","slug":"interview-stephane-bertin-agir-pour-vaulx-en-velin-partie-1","status":"publish","type":"post","link":"https:\/\/lyonbondyblog.fr\/LBB\/interview-stephane-bertin-agir-pour-vaulx-en-velin-partie-1\/","title":{"rendered":"[Interview] St\u00e9phane Bertin, \u00ab\u00a0Agir pour Vaulx-en-Velin\u00a0\u00bb &#8211; Partie 1"},"content":{"rendered":"<h4>St\u00e9phane Bertin,t\u00eate de liste citoyenne \u00ab\u00a0Agir pour Vaulx-en-Velin\u00a0\u00bb, a accord\u00e9 une interview au Lyon Bondy Blog. Le vaudais de naissance revient sur son engagement pour la ville, et les points phares de son programme.<\/h4>\n<h4>Pourquoi vous \u00eates-vous lanc\u00e9 dans ces \u00e9lections, et pourquoi \u00e0 Vaulx-en-Velin ?<\/h4>\n<p>Alors, d\u00e9j\u00e0 pourquoi \u00e0 Vaulx-en-Velin : je suis n\u00e9 \u00e0 Vaulx-en-Velin, je suis de Vaulx-en-Velin, j&rsquo;habite \u00e0 Vaulx-en-Velin et donc je ne vois pas pourquoi je me pr\u00e9senterais ailleurs.Pourquoi se pr\u00e9senter aux \u00e9lections, l&rsquo;histoire est un peu longue mais je vais la r\u00e9sumer tr\u00e8s vite. Je suis n\u00e9 \u00e0 Vaulx-en-Velin, je n&rsquo;ai jamais vraiment fait de politique, mon \u00e9pouse m&rsquo;a rejoint, elle habitait \u00e0 Paris, elle est venue s&rsquo;installer \u00e0 Vaulx-en-Velin en 2000. Quand elle a fait le changement d&rsquo;adresse, la petite histoire, c&rsquo;est que l&rsquo;on a re\u00e7u une invitation pour visiter la ville, car le maire faisait visiter la ville aux nouveaux arrivants. Je lui ai dit que je ne voulais pas y aller, et finalement on y est all\u00e9. Apr\u00e8s \u00e7a il y avait un pot et il y avait \u00e9galement un adjoint qui a annonc\u00e9 vouloir \u00ab\u00a0chercher du monde pour participer au conseil de d\u00e9veloppement\u00a0\u00bb car la ville en avait cr\u00e9\u00e9 un. Je me suis inscrit et je me suis tr\u00e8s vite aper\u00e7u, au bout de 3\/4 ans, que \u00e7a ne marchait pas. On tournait en rond : on recevait des \u00e9lus, et ce que l&rsquo;on disait n&rsquo;\u00e9tait jamais pris en compte. Apr\u00e8s cela, on a cr\u00e9\u00e9 une association au village, mais certains trouvaient que \u00e7a ne marchait pas. Donc ils en ont cr\u00e9\u00e9 de leur c\u00f4t\u00e9 au Sud, etc&#8230; C&rsquo;\u00e9taient des associations de quartier au final. Et puis on s&rsquo;est dit qu&rsquo;on aurait plus de pouvoir pour faire changer les choses si on se regroupait. Au final, nous nous sommes pr\u00e9sent\u00e9s aux \u00e9lections en 2014. Nous \u00e9tions en tant que liste citoyenne, car nous n&rsquo;avions pas d&rsquo;\u00e9tiquette politique. Les sp\u00e9cialistes du moment nous avaient dit \u00ab\u00a0Ouais, tu feras peut-\u00eatre 2 ou 3%&#8230;\u00a0\u00bb et on a fait 17%. C&rsquo;\u00e9tait le signe qu&rsquo;on avait pas si tort que \u00e7a et que les gens ne se reconnaissent plus dans les partis. Il n&rsquo;y a qu&rsquo;\u00e0 voir les scores : ce n&rsquo;est pas nul, car ils ne font pas 0%, mais pas loin. Notre objectif en 2014 \u00e9tait de changer ce r\u00e9gime communiste, puisqu&rsquo;on avait le plus vieux r\u00e9gime communiste au monde, on a battu le record de l&rsquo;Union Sovi\u00e9tique d&rsquo;ailleurs. On a mis notre confiance sur H\u00e9l\u00e8ne Geoffroy \u00e0 l&rsquo;\u00e9poque, mais on s&rsquo;est rendu compte que l&rsquo;on s&rsquo;\u00e9tait fait avoir. Elle n&rsquo;a pas tenu ses promesses : elle a dit qu&rsquo;elle serait maire \u00e0 plein temps, mais elle partait 4 jours par semaine \u00e0 Paris pour exercer son mandat de d\u00e9put\u00e9. Puis quand elle a \u00e9t\u00e9 nomm\u00e9e Secr\u00e9taire d\u2019\u00c9tat, c&rsquo;\u00e9tait le summum. Les choses n&rsquo;ont donc pas avanc\u00e9 sur les sujets qui nous tenaient \u00e0 c\u0153ur : la participation des habitants, par exemple, l&rsquo;environnement, l&rsquo;\u00e9ducation, et puis toutes les questions de vie quotidienne. Et c&rsquo;est pour toutes ces raisons qu&rsquo;on se relance maintenant.<\/p>\n<h4>Quels sont les chantiers prioritaires \u00e0 Vaulx-en-Velin selon vous ?<\/h4>\n<p>D\u00e9j\u00e0, nous avons le tramway. Il ne va pas jusqu&rsquo;au Nord, alors que la plus grosse partie de la population se trouve au Nord. Le tramway est sur les plans depuis 1965. On a \u00e9galement retrouv\u00e9 sur les plans de l&rsquo;\u00e9poque le trac\u00e9 du m\u00e9tro, qui devait aller jusqu&rsquo;au Mas du Taureau, donc au del\u00e0 de Laurent Bonnevay, le m\u00e9tro continuait. Le tramway arrivait, au d\u00e9but du XX\u00e8me, au village. C&rsquo;\u00e9tait la ligne Brotteaux-Vaulx-en-Velin. Cela a \u00e9t\u00e9 d\u00e9mont\u00e9 en 1920, et \u00e7a n&rsquo;a jamais \u00e9t\u00e9 remont\u00e9. Depuis, on nous explique que c&rsquo;est compliqu\u00e9. Donc, pour d\u00e9senclaver le Nord, on attend toujours. Il y a \u00e9galement le chantier de r\u00e9novation du Mas du Taureau, qu&rsquo;on attend depuis les \u00e9meutes de l&rsquo;\u00e9poque. Il y a un d\u00e9s\u00e9quilibre \u00e0 Vaulx, on a quasiment 60% de logement social, on a un taux de ch\u00f4mage incroyable, des probl\u00e8mes de s\u00e9curit\u00e9, de vie quotidienne.<\/p>\n<h4>Comment voyez-vous la relation entre la m\u00e9tropole et la commune de Vaulx-en-Velin ?<\/h4>\n<p>Ces \u00e9lections m\u00e9tropolitaines, je ne sais pas si \u00e7a durera. Je n&rsquo;ai toujours pas compris pourquoi on a chang\u00e9. Les gens n&rsquo;y comprennent rien, je ne sais pas comment cela va se passer le jour de l&rsquo;\u00e9lection. Sur le terrain, les gens nous interrogent par rapport \u00e0 \u00e7a. Je me pose \u00e9galement la question des bureaux de vote. Tenir un bureau de vote pendant des \u00e9lections, c&rsquo;est infernal. Alors imaginez avec deux \u00e9lections simultan\u00e9es. Je trouvais le syst\u00e8me de l&rsquo;\u00e9poque bien, ce sera diff\u00e9rent maintenant. Ce qui est compliqu\u00e9, c&rsquo;est pour des gens comme nous, car \u00ab\u00a0Agir pour Vaulx-en-Velin\u00a0\u00bb, on ne va pas se pr\u00e9senter \u00e0 D\u00e9cines, Meyzieu. On essaye d&rsquo;avoir des contacts avec d&rsquo;autres listes citoyennes mais ce n&rsquo;est pas \u00e9vident de monter des listes. Nous n&rsquo;aurons donc pas de liste m\u00e9tropolitaine, mais on aura probablement des gens de chez nous qui seront sur des listes m\u00e9tropolitaines.<\/p>\n<h4>La question environnementale devient une r\u00e9elle pr\u00e9occupation pour les citoyens, comment vous positionnez-vous sur ce sujet ?<\/h4>\n<p>Lorsque l&rsquo;on a commenc\u00e9 la campagne, j&rsquo;ai dit qu&rsquo;il fallait placer l&rsquo;\u00e9cologie au c\u0153ur de notre programme. On a discut\u00e9, et au final je me suis retrouv\u00e9 en minorit\u00e9, car on me disait que les Vaudais ne voulaient pas forc\u00e9ment qu&rsquo;on leur parle de \u00e7a. Ils veulent qu&rsquo;on leur parle d&#8217;emplois, de s\u00e9curit\u00e9, de logements, de changements locaux. Je me suis battu pour dire qu&rsquo;il faudrait qu&rsquo;on ait un vrai th\u00e8me. Au d\u00e9but, c&rsquo;\u00e9tait compliqu\u00e9. Puis, de fil en aiguille, c&rsquo;est pass\u00e9. Au final, on a fait le choix de ne pas avoir de th\u00e8me \u00ab\u00a0environnement\u00a0\u00bb, mais de l&rsquo;inclure partout dans le programme. Car, finalement, dans tous les projets on peut faire de l&rsquo;\u00e9cologie. Et des projets, on en a des tonnes. On souhaite travailler sur les d\u00e9chets, notamment dans les \u00e9coles en installant des composteurs. On pense \u00e9galement \u00e0 mettre des poules, car \u00e7a participe \u00e0 l&rsquo;\u00e9ducation, et c&rsquo;est excellent pour les d\u00e9chets alimentaires. On veut \u00e9galement construire des \u00ab\u00a0\u00e9co-\u00e9coles\u00a0\u00bb avec les enfants, en leur expliquant comment on construit un b\u00e2timent \u00e9colo. On milite aussi pour le lundi vert, donc dans le groupe on essaye au maximum de faire le lundi vert, ce n&rsquo;est pas toujours \u00e9vident, mais on essaye en tout cas, le but \u00e9tant de ne pas utiliser de produits animaux une fois par semaine. Si c&rsquo;est possible, on aimerait instaurer ce lundi vert \u00e0 la cantine scolaire. Globalement, on a beaucoup d&rsquo;id\u00e9es pour les plus jeunes, notamment sur l&rsquo;\u00e9ducation \u00e9cologique : comment avoir un mode de vie sain pour l&rsquo;environnement, comment construire un b\u00e2timent \u00e9cologique, etc&#8230;<\/p>\n<p>&nbsp;<\/p>\n<!-- AddThis Advanced Settings generic via filter on the_content --><!-- AddThis Share Buttons generic via filter on the_content -->","protected":false},"excerpt":{"rendered":"<p>St\u00e9phane Bertin,t\u00eate de liste citoyenne \u00ab\u00a0Agir pour Vaulx-en-Velin\u00a0\u00bb, a accord\u00e9 une interview au Lyon Bondy Blog. Le vaudais de naissance revient sur son engagement pour &hellip; <!-- AddThis Advanced Settings generic via filter on wp_trim_excerpt --><!-- AddThis Share Buttons generic via filter on wp_trim_excerpt --><\/p>\n","protected":false},"author":14288,"featured_media":19047,"comment_status":"open","ping_status":"open","sticky":false,"template":"","format":"standard","meta":{"_FSMCFIC_featured_image_caption":"","_FSMCFIC_featured_image_nocaption":"","_FSMCFIC_featured_image_hide":"","footnotes":""},"categories":[4,13120,6,3891],"tags":[],"class_list":["post-18979","post","type-post","status-publish","format-standard","has-post-thumbnail","hentry","category-lyon","category-municipales-2020","category-politique","category-vaulx-en-velin"],"yoast_head":"<!-- This site is optimized with the Yoast SEO plugin v22.8 - https:\/\/yoast.com\/wordpress\/plugins\/seo\/ -->\n<title>[Interview] St\u00e9phane Bertin, &quot;Agir pour Vaulx-en-Velin&quot; - Partie 1 - Lyon Bondy Blog<\/title>\n<meta name=\"robots\" content=\"index, follow, max-snippet:-1, max-image-preview:large, max-video-preview:-1\" \/>\n<link rel=\"canonical\" href=\"https:\/\/lyonbondyblog.fr\/LBB\/interview-stephane-bertin-agir-pour-vaulx-en-velin-partie-1\/\" \/>\n<meta property=\"og:locale\" content=\"fr_FR\" \/>\n<meta property=\"og:type\" content=\"article\" \/>\n<meta property=\"og:title\" content=\"[Interview] St\u00e9phane Bertin, &quot;Agir pour Vaulx-en-Velin&quot; - Partie 1 - Lyon Bondy Blog\" \/>\n<meta property=\"og:description\" content=\"St\u00e9phane Bertin,t\u00eate de liste citoyenne \u00ab\u00a0Agir pour Vaulx-en-Velin\u00a0\u00bb, a accord\u00e9 une interview au Lyon Bondy Blog. Le vaudais de naissance revient sur son engagement pour &hellip;\" \/>\n<meta property=\"og:url\" content=\"https:\/\/lyonbondyblog.fr\/LBB\/interview-stephane-bertin-agir-pour-vaulx-en-velin-partie-1\/\" \/>\n<meta property=\"og:site_name\" content=\"Lyon Bondy Blog\" \/>\n<meta property=\"article:publisher\" content=\"https:\/\/www.facebook.com\/lyonbondyblog\" \/>\n<meta property=\"article:published_time\" content=\"2020-02-09T12:08:13+00:00\" \/>\n<meta property=\"article:modified_time\" content=\"2020-02-09T14:28:12+00:00\" \/>\n<meta property=\"og:image\" content=\"https:\/\/lyonbondyblog.fr\/LBB\/wp-content\/uploads\/2020\/02\/Capturebertin-1.png\" \/>\n\t<meta property=\"og:image:width\" content=\"536\" \/>\n\t<meta property=\"og:image:height\" content=\"479\" \/>\n\t<meta property=\"og:image:type\" content=\"image\/png\" \/>\n<meta name=\"author\" content=\"Nicolas Delattre\" \/>\n<meta name=\"twitter:card\" content=\"summary_large_image\" \/>\n<meta name=\"twitter:creator\" content=\"@bondybloglyon\" \/>\n<meta name=\"twitter:site\" content=\"@bondybloglyon\" \/>\n<script type=\"application\/ld+json\" class=\"yoast-schema-graph\">{\"@context\":\"https:\/\/schema.org\",\"@graph\":[{\"@type\":\"Article\",\"@id\":\"https:\/\/lyonbondyblog.fr\/LBB\/interview-stephane-bertin-agir-pour-vaulx-en-velin-partie-1\/#article\",\"isPartOf\":{\"@id\":\"https:\/\/lyonbondyblog.fr\/LBB\/interview-stephane-bertin-agir-pour-vaulx-en-velin-partie-1\/\"},\"author\":{\"name\":\"Nicolas Delattre\",\"@id\":\"https:\/\/lyonbondyblog.fr\/LBB\/#\/schema\/person\/3f5335e7f858766f4ed6876c707e54c5\"},\"headline\":\"[Interview] St\u00e9phane Bertin, \u00ab\u00a0Agir pour Vaulx-en-Velin\u00a0\u00bb &#8211; Partie 1\",\"datePublished\":\"2020-02-09T12:08:13+00:00\",\"dateModified\":\"2020-02-09T14:28:12+00:00\",\"mainEntityOfPage\":{\"@id\":\"https:\/\/lyonbondyblog.fr\/LBB\/interview-stephane-bertin-agir-pour-vaulx-en-velin-partie-1\/\"},\"wordCount\":1160,\"commentCount\":1,\"publisher\":{\"@id\":\"https:\/\/lyonbondyblog.fr\/LBB\/#organization\"},\"image\":{\"@id\":\"https:\/\/lyonbondyblog.fr\/LBB\/interview-stephane-bertin-agir-pour-vaulx-en-velin-partie-1\/#primaryimage\"},\"thumbnailUrl\":\"https:\/\/lyonbondyblog.fr\/LBB\/wp-content\/uploads\/2020\/02\/Capturebertin-1.png\",\"articleSection\":[\"Lyon\",\"Municipales 2020\",\"Politique\",\"Vaulx-en-Velin\"],\"inLanguage\":\"fr-FR\",\"potentialAction\":[{\"@type\":\"CommentAction\",\"name\":\"Comment\",\"target\":[\"https:\/\/lyonbondyblog.fr\/LBB\/interview-stephane-bertin-agir-pour-vaulx-en-velin-partie-1\/#respond\"]}]},{\"@type\":\"WebPage\",\"@id\":\"https:\/\/lyonbondyblog.fr\/LBB\/interview-stephane-bertin-agir-pour-vaulx-en-velin-partie-1\/\",\"url\":\"https:\/\/lyonbondyblog.fr\/LBB\/interview-stephane-bertin-agir-pour-vaulx-en-velin-partie-1\/\",\"name\":\"[Interview] St\u00e9phane Bertin, \\\"Agir pour Vaulx-en-Velin\\\" - Partie 1 - Lyon Bondy Blog\",\"isPartOf\":{\"@id\":\"https:\/\/lyonbondyblog.fr\/LBB\/#website\"},\"primaryImageOfPage\":{\"@id\":\"https:\/\/lyonbondyblog.fr\/LBB\/interview-stephane-bertin-agir-pour-vaulx-en-velin-partie-1\/#primaryimage\"},\"image\":{\"@id\":\"https:\/\/lyonbondyblog.fr\/LBB\/interview-stephane-bertin-agir-pour-vaulx-en-velin-partie-1\/#primaryimage\"},\"thumbnailUrl\":\"https:\/\/lyonbondyblog.fr\/LBB\/wp-content\/uploads\/2020\/02\/Capturebertin-1.png\",\"datePublished\":\"2020-02-09T12:08:13+00:00\",\"dateModified\":\"2020-02-09T14:28:12+00:00\",\"inLanguage\":\"fr-FR\",\"potentialAction\":[{\"@type\":\"ReadAction\",\"target\":[\"https:\/\/lyonbondyblog.fr\/LBB\/interview-stephane-bertin-agir-pour-vaulx-en-velin-partie-1\/\"]}]},{\"@type\":\"ImageObject\",\"inLanguage\":\"fr-FR\",\"@id\":\"https:\/\/lyonbondyblog.fr\/LBB\/interview-stephane-bertin-agir-pour-vaulx-en-velin-partie-1\/#primaryimage\",\"url\":\"https:\/\/lyonbondyblog.fr\/LBB\/wp-content\/uploads\/2020\/02\/Capturebertin-1.png\",\"contentUrl\":\"https:\/\/lyonbondyblog.fr\/LBB\/wp-content\/uploads\/2020\/02\/Capturebertin-1.png\",\"width\":536,\"height\":479},{\"@type\":\"WebSite\",\"@id\":\"https:\/\/lyonbondyblog.fr\/LBB\/#website\",\"url\":\"https:\/\/lyonbondyblog.fr\/LBB\/\",\"name\":\"Lyon Bondy Blog\",\"description\":\"\",\"publisher\":{\"@id\":\"https:\/\/lyonbondyblog.fr\/LBB\/#organization\"},\"potentialAction\":[{\"@type\":\"SearchAction\",\"target\":{\"@type\":\"EntryPoint\",\"urlTemplate\":\"https:\/\/lyonbondyblog.fr\/LBB\/?s={search_term_string}\"},\"query-input\":\"required name=search_term_string\"}],\"inLanguage\":\"fr-FR\"},{\"@type\":\"Organization\",\"@id\":\"https:\/\/lyonbondyblog.fr\/LBB\/#organization\",\"name\":\"LYON BONDY BLOG\",\"url\":\"https:\/\/lyonbondyblog.fr\/LBB\/\",\"logo\":{\"@type\":\"ImageObject\",\"inLanguage\":\"fr-FR\",\"@id\":\"https:\/\/lyonbondyblog.fr\/LBB\/#\/schema\/logo\/image\/\",\"url\":\"http:\/\/lyonbondyblog.fr\/LBB\/wp-content\/uploads\/2014\/10\/logo-portable-144.png\",\"contentUrl\":\"http:\/\/lyonbondyblog.fr\/LBB\/wp-content\/uploads\/2014\/10\/logo-portable-144.png\",\"width\":144,\"height\":123,\"caption\":\"LYON BONDY BLOG\"},\"image\":{\"@id\":\"https:\/\/lyonbondyblog.fr\/LBB\/#\/schema\/logo\/image\/\"},\"sameAs\":[\"https:\/\/www.facebook.com\/lyonbondyblog\",\"https:\/\/x.com\/bondybloglyon\"]},{\"@type\":\"Person\",\"@id\":\"https:\/\/lyonbondyblog.fr\/LBB\/#\/schema\/person\/3f5335e7f858766f4ed6876c707e54c5\",\"name\":\"Nicolas Delattre\",\"url\":\"https:\/\/lyonbondyblog.fr\/LBB\/author\/nicolas-delattre\/\"}]}<\/script>\n<!-- \/ Yoast SEO plugin. -->","yoast_head_json":{"title":"[Interview] St\u00e9phane Bertin, \"Agir pour Vaulx-en-Velin\" - Partie 1 - Lyon Bondy Blog","robots":{"index":"index","follow":"follow","max-snippet":"max-snippet:-1","max-image-preview":"max-image-preview:large","max-video-preview":"max-video-preview:-1"},"canonical":"https:\/\/lyonbondyblog.fr\/LBB\/interview-stephane-bertin-agir-pour-vaulx-en-velin-partie-1\/","og_locale":"fr_FR","og_type":"article","og_title":"[Interview] St\u00e9phane Bertin, \"Agir pour Vaulx-en-Velin\" - Partie 1 - Lyon Bondy Blog","og_description":"St\u00e9phane Bertin,t\u00eate de liste citoyenne \u00ab\u00a0Agir pour Vaulx-en-Velin\u00a0\u00bb, a accord\u00e9 une interview au Lyon Bondy Blog. Le vaudais de naissance revient sur son engagement pour &hellip;","og_url":"https:\/\/lyonbondyblog.fr\/LBB\/interview-stephane-bertin-agir-pour-vaulx-en-velin-partie-1\/","og_site_name":"Lyon Bondy Blog","article_publisher":"https:\/\/www.facebook.com\/lyonbondyblog","article_published_time":"2020-02-09T12:08:13+00:00","article_modified_time":"2020-02-09T14:28:12+00:00","og_image":[{"width":536,"height":479,"url":"https:\/\/lyonbondyblog.fr\/LBB\/wp-content\/uploads\/2020\/02\/Capturebertin-1.png","type":"image\/png"}],"author":"Nicolas Delattre","twitter_card":"summary_large_image","twitter_creator":"@bondybloglyon","twitter_site":"@bondybloglyon","schema":{"@context":"https:\/\/schema.org","@graph":[{"@type":"Article","@id":"https:\/\/lyonbondyblog.fr\/LBB\/interview-stephane-bertin-agir-pour-vaulx-en-velin-partie-1\/#article","isPartOf":{"@id":"https:\/\/lyonbondyblog.fr\/LBB\/interview-stephane-bertin-agir-pour-vaulx-en-velin-partie-1\/"},"author":{"name":"Nicolas Delattre","@id":"https:\/\/lyonbondyblog.fr\/LBB\/#\/schema\/person\/3f5335e7f858766f4ed6876c707e54c5"},"headline":"[Interview] St\u00e9phane Bertin, \u00ab\u00a0Agir pour Vaulx-en-Velin\u00a0\u00bb &#8211; Partie 1","datePublished":"2020-02-09T12:08:13+00:00","dateModified":"2020-02-09T14:28:12+00:00","mainEntityOfPage":{"@id":"https:\/\/lyonbondyblog.fr\/LBB\/interview-stephane-bertin-agir-pour-vaulx-en-velin-partie-1\/"},"wordCount":1160,"commentCount":1,"publisher":{"@id":"https:\/\/lyonbondyblog.fr\/LBB\/#organization"},"image":{"@id":"https:\/\/lyonbondyblog.fr\/LBB\/interview-stephane-bertin-agir-pour-vaulx-en-velin-partie-1\/#primaryimage"},"thumbnailUrl":"https:\/\/lyonbondyblog.fr\/LBB\/wp-content\/uploads\/2020\/02\/Capturebertin-1.png","articleSection":["Lyon","Municipales 2020","Politique","Vaulx-en-Velin"],"inLanguage":"fr-FR","potentialAction":[{"@type":"CommentAction","name":"Comment","target":["https:\/\/lyonbondyblog.fr\/LBB\/interview-stephane-bertin-agir-pour-vaulx-en-velin-partie-1\/#respond"]}]},{"@type":"WebPage","@id":"https:\/\/lyonbondyblog.fr\/LBB\/interview-stephane-bertin-agir-pour-vaulx-en-velin-partie-1\/","url":"https:\/\/lyonbondyblog.fr\/LBB\/interview-stephane-bertin-agir-pour-vaulx-en-velin-partie-1\/","name":"[Interview] St\u00e9phane Bertin, \"Agir pour Vaulx-en-Velin\" - Partie 1 - Lyon Bondy Blog","isPartOf":{"@id":"https:\/\/lyonbondyblog.fr\/LBB\/#website"},"primaryImageOfPage":{"@id":"https:\/\/lyonbondyblog.fr\/LBB\/interview-stephane-bertin-agir-pour-vaulx-en-velin-partie-1\/#primaryimage"},"image":{"@id":"https:\/\/lyonbondyblog.fr\/LBB\/interview-stephane-bertin-agir-pour-vaulx-en-velin-partie-1\/#primaryimage"},"thumbnailUrl":"https:\/\/lyonbondyblog.fr\/LBB\/wp-content\/uploads\/2020\/02\/Capturebertin-1.png","datePublished":"2020-02-09T12:08:13+00:00","dateModified":"2020-02-09T14:28:12+00:00","inLanguage":"fr-FR","potentialAction":[{"@type":"ReadAction","target":["https:\/\/lyonbondyblog.fr\/LBB\/interview-stephane-bertin-agir-pour-vaulx-en-velin-partie-1\/"]}]},{"@type":"ImageObject","inLanguage":"fr-FR","@id":"https:\/\/lyonbondyblog.fr\/LBB\/interview-stephane-bertin-agir-pour-vaulx-en-velin-partie-1\/#primaryimage","url":"https:\/\/lyonbondyblog.fr\/LBB\/wp-content\/uploads\/2020\/02\/Capturebertin-1.png","contentUrl":"https:\/\/lyonbondyblog.fr\/LBB\/wp-content\/uploads\/2020\/02\/Capturebertin-1.png","width":536,"height":479},{"@type":"WebSite","@id":"https:\/\/lyonbondyblog.fr\/LBB\/#website","url":"https:\/\/lyonbondyblog.fr\/LBB\/","name":"Lyon Bondy Blog","description":"","publisher":{"@id":"https:\/\/lyonbondyblog.fr\/LBB\/#organization"},"potentialAction":[{"@type":"SearchAction","target":{"@type":"EntryPoint","urlTemplate":"https:\/\/lyonbondyblog.fr\/LBB\/?s={search_term_string}"},"query-input":"required name=search_term_string"}],"inLanguage":"fr-FR"},{"@type":"Organization","@id":"https:\/\/lyonbondyblog.fr\/LBB\/#organization","name":"LYON BONDY BLOG","url":"https:\/\/lyonbondyblog.fr\/LBB\/","logo":{"@type":"ImageObject","inLanguage":"fr-FR","@id":"https:\/\/lyonbondyblog.fr\/LBB\/#\/schema\/logo\/image\/","url":"http:\/\/lyonbondyblog.fr\/LBB\/wp-content\/uploads\/2014\/10\/logo-portable-144.png","contentUrl":"http:\/\/lyonbondyblog.fr\/LBB\/wp-content\/uploads\/2014\/10\/logo-portable-144.png","width":144,"height":123,"caption":"LYON BONDY BLOG"},"image":{"@id":"https:\/\/lyonbondyblog.fr\/LBB\/#\/schema\/logo\/image\/"},"sameAs":["https:\/\/www.facebook.com\/lyonbondyblog","https:\/\/x.com\/bondybloglyon"]},{"@type":"Person","@id":"https:\/\/lyonbondyblog.fr\/LBB\/#\/schema\/person\/3f5335e7f858766f4ed6876c707e54c5","name":"Nicolas Delattre","url":"https:\/\/lyonbondyblog.fr\/LBB\/author\/nicolas-delattre\/"}]}},"_links":{"self":[{"href":"https:\/\/lyonbondyblog.fr\/LBB\/wp-json\/wp\/v2\/posts\/18979","targetHints":{"allow":["GET"]}}],"collection":[{"href":"https:\/\/lyonbondyblog.fr\/LBB\/wp-json\/wp\/v2\/posts"}],"about":[{"href":"https:\/\/lyonbondyblog.fr\/LBB\/wp-json\/wp\/v2\/types\/post"}],"author":[{"embeddable":true,"href":"https:\/\/lyonbondyblog.fr\/LBB\/wp-json\/wp\/v2\/users\/14288"}],"replies":[{"embeddable":true,"href":"https:\/\/lyonbondyblog.fr\/LBB\/wp-json\/wp\/v2\/comments?post=18979"}],"version-history":[{"count":8,"href":"https:\/\/lyonbondyblog.fr\/LBB\/wp-json\/wp\/v2\/posts\/18979\/revisions"}],"predecessor-version":[{"id":19051,"href":"https:\/\/lyonbondyblog.fr\/LBB\/wp-json\/wp\/v2\/posts\/18979\/revisions\/19051"}],"wp:featuredmedia":[{"embeddable":true,"href":"https:\/\/lyonbondyblog.fr\/LBB\/wp-json\/wp\/v2\/media\/19047"}],"wp:attachment":[{"href":"https:\/\/lyonbondyblog.fr\/LBB\/wp-json\/wp\/v2\/media?parent=18979"}],"wp:term":[{"taxonomy":"category","embeddable":true,"href":"https:\/\/lyonbondyblog.fr\/LBB\/wp-json\/wp\/v2\/categories?post=18979"},{"taxonomy":"post_tag","embeddable":true,"href":"https:\/\/lyonbondyblog.fr\/LBB\/wp-json\/wp\/v2\/tags?post=18979"}],"curies":[{"name":"wp","href":"https:\/\/api.w.org\/{rel}","templated":true}]}}