{"id":1884,"date":"2011-05-26T15:08:36","date_gmt":"2011-05-26T13:08:36","guid":{"rendered":"http:\/\/lyonbondyblog.fr\/LBB\/?p=1884"},"modified":"2013-07-26T15:31:25","modified_gmt":"2013-07-26T13:31:25","slug":"on-a-teste-le-handisport","status":"publish","type":"post","link":"https:\/\/lyonbondyblog.fr\/LBB\/on-a-teste-le-handisport\/","title":{"rendered":"On a test\u00e9: Le Handisport"},"content":{"rendered":"<p><strong>Apr\u00e8s notre apr\u00e8s-midi footballistique hebdomadaire, en ce dimanche 22 mai, nous attendait \u00e0 l&rsquo;int\u00e9rieur du centre sportif VAP de Villeurbanne, un \u00e9v\u00e8nement handisport o\u00f9 \u00e9taient li\u00e9es convivialit\u00e9 et d\u00e9couverte.<\/strong><\/p>\n<div><img loading=\"lazy\" decoding=\"async\" class=\"alignleft\" alt=\"\" src=\"http:\/\/yahoo.lyon.bondyblog.fr\/images\/handi.jpg\" width=\"124\" height=\"166\" \/><\/div>\n<div>\u00a0Tr\u00e8s bien accueillis d\u00e8s notre arriv\u00e9e, le pr\u00e9sident du comit\u00e9 d\u00e9partemental Handisport de Moselle, J.M Donatello, nous proposa imm\u00e9diatement de nous essayer \u00e0 la pratique d&rsquo;activit\u00e9s encore inconnues pour nous: Le basket, le ping-pong, le tennis ou encore l&rsquo;escrime handisport, ainsi que la boccia, une d\u00e9rive de la p\u00e9tanque.<\/div>\n<p>Apr\u00e8s quelques gamelles et autres fous rires, la prise en main du fauteuil roulant s&rsquo;est av\u00e9r\u00e9e plus facile que pr\u00e9vue, et la sensation totalement nouvelle pour nous. Termin\u00e9 les passements de jambes, il fallait dor\u00e9navant utiliser la force des bras pour venir \u00e0 bout de son adversaire.<\/p>\n<p>Nous nous sommes entretenus avec Marion, une des jeunes organisatrices de l&rsquo;\u00e9v\u00e8nement.<\/p>\n<p><b>Quel \u00e9tait le but de cet \u00e9v\u00e8nement?<\/b><\/p>\n<p>Le but \u00e9tait de sensibiliser le public au handisport en lui proposant des activit\u00e9s \u00e0 pratiquer en fauteuil. C&rsquo;\u00e9tait un moyen d&rsquo;aller \u00e0 la rencontre des personnes \u00e0 mobilit\u00e9 r\u00e9duite et d&rsquo;\u00e9changer avec eux autour d&rsquo;une demi-journ\u00e9e en toute convivialit\u00e9.<\/p>\n<p><b>Avez-vous eu des difficult\u00e9s pour le mettre en place?<\/b><\/p>\n<p>Oui des difficult\u00e9s, il y en a eu. Cela faisait partie de notre challenge, notamment au niveau de toutes les pr\u00e9cautions \u00e0 prendre en termes de s\u00e9curit\u00e9 et autres. Mais je pense que le plus difficile reste encore et toujours de mobiliser les gens autour du handisport et \u00e7a je le regrette.<\/p>\n<p>Il y avait aussi cette incertitude assez pesante qui rodait autour du projet.<\/p>\n<p>C&rsquo;\u00e9tait un gros d\u00e9fi \u00e0 relever pour mon groupe et moi-m\u00eame. Nous sommes partis de rien pour arriver \u00e0 ce r\u00e9sultat. Il y avait vraiment tout \u00e0 construire, \u00e7a a \u00e9t\u00e9 un gros travail de fond, et avant tout, c&rsquo;\u00e9tait une premi\u00e8re pour nous. L&rsquo;enjeu \u00e9tait donc important. Mais je ne regrette pas tout ce travail, \u00e7a a \u00e9t\u00e9 une exp\u00e9rience tr\u00e8s riche en \u00e9motions et si c&rsquo;\u00e9tait \u00e0 refaire je n&rsquo;h\u00e9siterais pas.<\/p>\n<p><b>Et enfin quel sont vos impressions apr\u00e8s cet \u00e9v\u00e8nement?<\/b><\/p>\n<p>Un grand soulagement tout d&rsquo;abord, notre travail a port\u00e9 ses fruits et \u00e7a, \u00e7a n&rsquo;a pas de prix\u00a0! Voir que les personnes, qui ont pu participer, \u00e9tait contentes, \u00e7a c&rsquo;\u00e9tait la meilleure r\u00e9compense pour notre travail.<\/p>\n<p>C&rsquo;est beaucoup de bonheur et de fiert\u00e9 quelque part d&rsquo;avoir pu faire partager ce moment, et je tiens \u00e0 remercier toutes les personnes qui nous ont soutenues, le CDH 69 avec son pr\u00e9sident Monsieur Thierry LETHINOIS, les basketteurs de Handisport Lyonnais, notre \u00e9cole Sup&rsquo; de Com, mais tout particuli\u00e8rement les Messins du Comit\u00e9 D\u00e9partemental Handisport de Moselle avec son pr\u00e9sident Monsieur Jean-Marie DONATELLO, son assistante Madame GAMON et son fils Marc pour s&rsquo;\u00eatre d\u00e9plac\u00e9s de la Lorraine jusqu&rsquo;ici, \u00e0 Lyon, pour soutenir notre projet. Je tiens \u00e0 remercier, \u00e9galement, ma famille qui s&rsquo;est, \u00e9galement, d\u00e9plac\u00e9e et qui nous a soutenus jusqu&rsquo;au bout.<\/p>\n<p><span style=\"font-family: Trebuchet; font-size: small;\"><br \/>\n<\/span><\/p>\n<p>Cette journ\u00e9e nous aura appris beaucoup sur ces sportifs handicap\u00e9s qui luttent pour continuer la pratique de leur passion, le sport. Un grand merci \u00e0 tous les organisateurs qui ont \u00e9t\u00e9 g\u00e9niaux.<\/p>\n<p>&nbsp;<\/p>\n<p>Auteurs : Julien Sanchez &amp; Julien Lopez<\/p>\n<!-- AddThis Advanced Settings generic via filter on the_content --><!-- AddThis Share Buttons generic via filter on the_content -->","protected":false},"excerpt":{"rendered":"<p>Apr\u00e8s notre apr\u00e8s-midi footballistique hebdomadaire, en ce dimanche 22 mai, nous attendait \u00e0 l&rsquo;int\u00e9rieur du centre sportif VAP de Villeurbanne, un \u00e9v\u00e8nement handisport o\u00f9 \u00e9taient &hellip; <!-- AddThis Advanced Settings generic via filter on wp_trim_excerpt --><!-- AddThis Share Buttons generic via filter on wp_trim_excerpt --><\/p>\n","protected":false},"author":1,"featured_media":1926,"comment_status":"open","ping_status":"open","sticky":false,"template":"","format":"standard","meta":{"_FSMCFIC_featured_image_caption":"","_FSMCFIC_featured_image_nocaption":"","_FSMCFIC_featured_image_hide":"","footnotes":""},"categories":[4],"tags":[10,112],"class_list":["post-1884","post","type-post","status-publish","format-standard","has-post-thumbnail","hentry","category-lyon","tag-lyon-2","tag-lyon-bondy-blog"],"yoast_head":"<!-- This site is optimized with the Yoast SEO plugin v22.8 - https:\/\/yoast.com\/wordpress\/plugins\/seo\/ -->\n<title>On a test\u00e9: Le Handisport - Lyon Bondy Blog<\/title>\n<meta name=\"robots\" content=\"index, follow, max-snippet:-1, max-image-preview:large, max-video-preview:-1\" \/>\n<link rel=\"canonical\" href=\"https:\/\/lyonbondyblog.fr\/LBB\/on-a-teste-le-handisport\/\" \/>\n<meta property=\"og:locale\" content=\"fr_FR\" \/>\n<meta property=\"og:type\" content=\"article\" \/>\n<meta property=\"og:title\" content=\"On a test\u00e9: Le Handisport - Lyon Bondy Blog\" \/>\n<meta property=\"og:description\" content=\"Apr\u00e8s notre apr\u00e8s-midi footballistique hebdomadaire, en ce dimanche 22 mai, nous attendait \u00e0 l&rsquo;int\u00e9rieur du centre sportif VAP de Villeurbanne, un \u00e9v\u00e8nement handisport o\u00f9 \u00e9taient &hellip;\" \/>\n<meta property=\"og:url\" content=\"https:\/\/lyonbondyblog.fr\/LBB\/on-a-teste-le-handisport\/\" \/>\n<meta property=\"og:site_name\" content=\"Lyon Bondy Blog\" \/>\n<meta property=\"article:publisher\" content=\"https:\/\/www.facebook.com\/lyonbondyblog\" \/>\n<meta property=\"article:author\" content=\"https:\/\/www.facebook.com\/lyonbondyblog\" \/>\n<meta property=\"article:published_time\" content=\"2011-05-26T13:08:36+00:00\" \/>\n<meta property=\"article:modified_time\" content=\"2013-07-26T13:31:25+00:00\" \/>\n<meta property=\"og:image\" content=\"https:\/\/lyonbondyblog.fr\/LBB\/wp-content\/uploads\/2013\/07\/handi.jpg\" \/>\n\t<meta property=\"og:image:width\" content=\"124\" \/>\n\t<meta property=\"og:image:height\" content=\"166\" \/>\n\t<meta property=\"og:image:type\" content=\"image\/jpeg\" \/>\n<meta name=\"author\" content=\"La r\u00e9daction\" \/>\n<meta name=\"twitter:card\" content=\"summary_large_image\" \/>\n<meta name=\"twitter:creator\" content=\"@BondyBlogLyon\" \/>\n<meta name=\"twitter:site\" content=\"@bondybloglyon\" \/>\n<script type=\"application\/ld+json\" class=\"yoast-schema-graph\">{\"@context\":\"https:\/\/schema.org\",\"@graph\":[{\"@type\":\"Article\",\"@id\":\"https:\/\/lyonbondyblog.fr\/LBB\/on-a-teste-le-handisport\/#article\",\"isPartOf\":{\"@id\":\"https:\/\/lyonbondyblog.fr\/LBB\/on-a-teste-le-handisport\/\"},\"author\":{\"name\":\"La r\u00e9daction\",\"@id\":\"https:\/\/lyonbondyblog.fr\/LBB\/#\/schema\/person\/e45f8d27baac75072daa0be50c409b25\"},\"headline\":\"On a test\u00e9: Le Handisport\",\"datePublished\":\"2011-05-26T13:08:36+00:00\",\"dateModified\":\"2013-07-26T13:31:25+00:00\",\"mainEntityOfPage\":{\"@id\":\"https:\/\/lyonbondyblog.fr\/LBB\/on-a-teste-le-handisport\/\"},\"wordCount\":564,\"commentCount\":0,\"publisher\":{\"@id\":\"https:\/\/lyonbondyblog.fr\/LBB\/#organization\"},\"image\":{\"@id\":\"https:\/\/lyonbondyblog.fr\/LBB\/on-a-teste-le-handisport\/#primaryimage\"},\"thumbnailUrl\":\"https:\/\/lyonbondyblog.fr\/LBB\/wp-content\/uploads\/2013\/07\/handi.jpg\",\"keywords\":[\"lyon\",\"Lyon Bondy Blog\"],\"articleSection\":[\"Lyon\"],\"inLanguage\":\"fr-FR\",\"potentialAction\":[{\"@type\":\"CommentAction\",\"name\":\"Comment\",\"target\":[\"https:\/\/lyonbondyblog.fr\/LBB\/on-a-teste-le-handisport\/#respond\"]}]},{\"@type\":\"WebPage\",\"@id\":\"https:\/\/lyonbondyblog.fr\/LBB\/on-a-teste-le-handisport\/\",\"url\":\"https:\/\/lyonbondyblog.fr\/LBB\/on-a-teste-le-handisport\/\",\"name\":\"On a test\u00e9: Le Handisport - Lyon Bondy Blog\",\"isPartOf\":{\"@id\":\"https:\/\/lyonbondyblog.fr\/LBB\/#website\"},\"primaryImageOfPage\":{\"@id\":\"https:\/\/lyonbondyblog.fr\/LBB\/on-a-teste-le-handisport\/#primaryimage\"},\"image\":{\"@id\":\"https:\/\/lyonbondyblog.fr\/LBB\/on-a-teste-le-handisport\/#primaryimage\"},\"thumbnailUrl\":\"https:\/\/lyonbondyblog.fr\/LBB\/wp-content\/uploads\/2013\/07\/handi.jpg\",\"datePublished\":\"2011-05-26T13:08:36+00:00\",\"dateModified\":\"2013-07-26T13:31:25+00:00\",\"inLanguage\":\"fr-FR\",\"potentialAction\":[{\"@type\":\"ReadAction\",\"target\":[\"https:\/\/lyonbondyblog.fr\/LBB\/on-a-teste-le-handisport\/\"]}]},{\"@type\":\"ImageObject\",\"inLanguage\":\"fr-FR\",\"@id\":\"https:\/\/lyonbondyblog.fr\/LBB\/on-a-teste-le-handisport\/#primaryimage\",\"url\":\"https:\/\/lyonbondyblog.fr\/LBB\/wp-content\/uploads\/2013\/07\/handi.jpg\",\"contentUrl\":\"https:\/\/lyonbondyblog.fr\/LBB\/wp-content\/uploads\/2013\/07\/handi.jpg\",\"width\":124,\"height\":166},{\"@type\":\"WebSite\",\"@id\":\"https:\/\/lyonbondyblog.fr\/LBB\/#website\",\"url\":\"https:\/\/lyonbondyblog.fr\/LBB\/\",\"name\":\"Lyon Bondy Blog\",\"description\":\"\",\"publisher\":{\"@id\":\"https:\/\/lyonbondyblog.fr\/LBB\/#organization\"},\"potentialAction\":[{\"@type\":\"SearchAction\",\"target\":{\"@type\":\"EntryPoint\",\"urlTemplate\":\"https:\/\/lyonbondyblog.fr\/LBB\/?s={search_term_string}\"},\"query-input\":\"required name=search_term_string\"}],\"inLanguage\":\"fr-FR\"},{\"@type\":\"Organization\",\"@id\":\"https:\/\/lyonbondyblog.fr\/LBB\/#organization\",\"name\":\"LYON BONDY BLOG\",\"url\":\"https:\/\/lyonbondyblog.fr\/LBB\/\",\"logo\":{\"@type\":\"ImageObject\",\"inLanguage\":\"fr-FR\",\"@id\":\"https:\/\/lyonbondyblog.fr\/LBB\/#\/schema\/logo\/image\/\",\"url\":\"http:\/\/lyonbondyblog.fr\/LBB\/wp-content\/uploads\/2014\/10\/logo-portable-144.png\",\"contentUrl\":\"http:\/\/lyonbondyblog.fr\/LBB\/wp-content\/uploads\/2014\/10\/logo-portable-144.png\",\"width\":144,\"height\":123,\"caption\":\"LYON BONDY BLOG\"},\"image\":{\"@id\":\"https:\/\/lyonbondyblog.fr\/LBB\/#\/schema\/logo\/image\/\"},\"sameAs\":[\"https:\/\/www.facebook.com\/lyonbondyblog\",\"https:\/\/x.com\/bondybloglyon\"]},{\"@type\":\"Person\",\"@id\":\"https:\/\/lyonbondyblog.fr\/LBB\/#\/schema\/person\/e45f8d27baac75072daa0be50c409b25\",\"name\":\"La r\u00e9daction\",\"description\":\"Cr\u00e9e en 2008, la r\u00e9daction du Lyon Bondy Blog s'applique \u00e0 proposer une information locale diff\u00e9rente et compl\u00e9mentaire des m\u00e9dias traditionnels.\",\"sameAs\":[\"https:\/\/www.facebook.com\/lyonbondyblog\",\"https:\/\/x.com\/BondyBlogLyon\"],\"url\":\"https:\/\/lyonbondyblog.fr\/LBB\/author\/admin\/\"}]}<\/script>\n<!-- \/ Yoast SEO plugin. -->","yoast_head_json":{"title":"On a test\u00e9: Le Handisport - Lyon Bondy Blog","robots":{"index":"index","follow":"follow","max-snippet":"max-snippet:-1","max-image-preview":"max-image-preview:large","max-video-preview":"max-video-preview:-1"},"canonical":"https:\/\/lyonbondyblog.fr\/LBB\/on-a-teste-le-handisport\/","og_locale":"fr_FR","og_type":"article","og_title":"On a test\u00e9: Le Handisport - Lyon Bondy Blog","og_description":"Apr\u00e8s notre apr\u00e8s-midi footballistique hebdomadaire, en ce dimanche 22 mai, nous attendait \u00e0 l&rsquo;int\u00e9rieur du centre sportif VAP de Villeurbanne, un \u00e9v\u00e8nement handisport o\u00f9 \u00e9taient &hellip;","og_url":"https:\/\/lyonbondyblog.fr\/LBB\/on-a-teste-le-handisport\/","og_site_name":"Lyon Bondy Blog","article_publisher":"https:\/\/www.facebook.com\/lyonbondyblog","article_author":"https:\/\/www.facebook.com\/lyonbondyblog","article_published_time":"2011-05-26T13:08:36+00:00","article_modified_time":"2013-07-26T13:31:25+00:00","og_image":[{"width":124,"height":166,"url":"https:\/\/lyonbondyblog.fr\/LBB\/wp-content\/uploads\/2013\/07\/handi.jpg","type":"image\/jpeg"}],"author":"La r\u00e9daction","twitter_card":"summary_large_image","twitter_creator":"@BondyBlogLyon","twitter_site":"@bondybloglyon","schema":{"@context":"https:\/\/schema.org","@graph":[{"@type":"Article","@id":"https:\/\/lyonbondyblog.fr\/LBB\/on-a-teste-le-handisport\/#article","isPartOf":{"@id":"https:\/\/lyonbondyblog.fr\/LBB\/on-a-teste-le-handisport\/"},"author":{"name":"La r\u00e9daction","@id":"https:\/\/lyonbondyblog.fr\/LBB\/#\/schema\/person\/e45f8d27baac75072daa0be50c409b25"},"headline":"On a test\u00e9: Le Handisport","datePublished":"2011-05-26T13:08:36+00:00","dateModified":"2013-07-26T13:31:25+00:00","mainEntityOfPage":{"@id":"https:\/\/lyonbondyblog.fr\/LBB\/on-a-teste-le-handisport\/"},"wordCount":564,"commentCount":0,"publisher":{"@id":"https:\/\/lyonbondyblog.fr\/LBB\/#organization"},"image":{"@id":"https:\/\/lyonbondyblog.fr\/LBB\/on-a-teste-le-handisport\/#primaryimage"},"thumbnailUrl":"https:\/\/lyonbondyblog.fr\/LBB\/wp-content\/uploads\/2013\/07\/handi.jpg","keywords":["lyon","Lyon Bondy Blog"],"articleSection":["Lyon"],"inLanguage":"fr-FR","potentialAction":[{"@type":"CommentAction","name":"Comment","target":["https:\/\/lyonbondyblog.fr\/LBB\/on-a-teste-le-handisport\/#respond"]}]},{"@type":"WebPage","@id":"https:\/\/lyonbondyblog.fr\/LBB\/on-a-teste-le-handisport\/","url":"https:\/\/lyonbondyblog.fr\/LBB\/on-a-teste-le-handisport\/","name":"On a test\u00e9: Le Handisport - Lyon Bondy Blog","isPartOf":{"@id":"https:\/\/lyonbondyblog.fr\/LBB\/#website"},"primaryImageOfPage":{"@id":"https:\/\/lyonbondyblog.fr\/LBB\/on-a-teste-le-handisport\/#primaryimage"},"image":{"@id":"https:\/\/lyonbondyblog.fr\/LBB\/on-a-teste-le-handisport\/#primaryimage"},"thumbnailUrl":"https:\/\/lyonbondyblog.fr\/LBB\/wp-content\/uploads\/2013\/07\/handi.jpg","datePublished":"2011-05-26T13:08:36+00:00","dateModified":"2013-07-26T13:31:25+00:00","inLanguage":"fr-FR","potentialAction":[{"@type":"ReadAction","target":["https:\/\/lyonbondyblog.fr\/LBB\/on-a-teste-le-handisport\/"]}]},{"@type":"ImageObject","inLanguage":"fr-FR","@id":"https:\/\/lyonbondyblog.fr\/LBB\/on-a-teste-le-handisport\/#primaryimage","url":"https:\/\/lyonbondyblog.fr\/LBB\/wp-content\/uploads\/2013\/07\/handi.jpg","contentUrl":"https:\/\/lyonbondyblog.fr\/LBB\/wp-content\/uploads\/2013\/07\/handi.jpg","width":124,"height":166},{"@type":"WebSite","@id":"https:\/\/lyonbondyblog.fr\/LBB\/#website","url":"https:\/\/lyonbondyblog.fr\/LBB\/","name":"Lyon Bondy Blog","description":"","publisher":{"@id":"https:\/\/lyonbondyblog.fr\/LBB\/#organization"},"potentialAction":[{"@type":"SearchAction","target":{"@type":"EntryPoint","urlTemplate":"https:\/\/lyonbondyblog.fr\/LBB\/?s={search_term_string}"},"query-input":"required name=search_term_string"}],"inLanguage":"fr-FR"},{"@type":"Organization","@id":"https:\/\/lyonbondyblog.fr\/LBB\/#organization","name":"LYON BONDY BLOG","url":"https:\/\/lyonbondyblog.fr\/LBB\/","logo":{"@type":"ImageObject","inLanguage":"fr-FR","@id":"https:\/\/lyonbondyblog.fr\/LBB\/#\/schema\/logo\/image\/","url":"http:\/\/lyonbondyblog.fr\/LBB\/wp-content\/uploads\/2014\/10\/logo-portable-144.png","contentUrl":"http:\/\/lyonbondyblog.fr\/LBB\/wp-content\/uploads\/2014\/10\/logo-portable-144.png","width":144,"height":123,"caption":"LYON BONDY BLOG"},"image":{"@id":"https:\/\/lyonbondyblog.fr\/LBB\/#\/schema\/logo\/image\/"},"sameAs":["https:\/\/www.facebook.com\/lyonbondyblog","https:\/\/x.com\/bondybloglyon"]},{"@type":"Person","@id":"https:\/\/lyonbondyblog.fr\/LBB\/#\/schema\/person\/e45f8d27baac75072daa0be50c409b25","name":"La r\u00e9daction","description":"Cr\u00e9e en 2008, la r\u00e9daction du Lyon Bondy Blog s'applique \u00e0 proposer une information locale diff\u00e9rente et compl\u00e9mentaire des m\u00e9dias traditionnels.","sameAs":["https:\/\/www.facebook.com\/lyonbondyblog","https:\/\/x.com\/BondyBlogLyon"],"url":"https:\/\/lyonbondyblog.fr\/LBB\/author\/admin\/"}]}},"_links":{"self":[{"href":"https:\/\/lyonbondyblog.fr\/LBB\/wp-json\/wp\/v2\/posts\/1884","targetHints":{"allow":["GET"]}}],"collection":[{"href":"https:\/\/lyonbondyblog.fr\/LBB\/wp-json\/wp\/v2\/posts"}],"about":[{"href":"https:\/\/lyonbondyblog.fr\/LBB\/wp-json\/wp\/v2\/types\/post"}],"author":[{"embeddable":true,"href":"https:\/\/lyonbondyblog.fr\/LBB\/wp-json\/wp\/v2\/users\/1"}],"replies":[{"embeddable":true,"href":"https:\/\/lyonbondyblog.fr\/LBB\/wp-json\/wp\/v2\/comments?post=1884"}],"version-history":[{"count":0,"href":"https:\/\/lyonbondyblog.fr\/LBB\/wp-json\/wp\/v2\/posts\/1884\/revisions"}],"wp:featuredmedia":[{"embeddable":true,"href":"https:\/\/lyonbondyblog.fr\/LBB\/wp-json\/wp\/v2\/media\/1926"}],"wp:attachment":[{"href":"https:\/\/lyonbondyblog.fr\/LBB\/wp-json\/wp\/v2\/media?parent=1884"}],"wp:term":[{"taxonomy":"category","embeddable":true,"href":"https:\/\/lyonbondyblog.fr\/LBB\/wp-json\/wp\/v2\/categories?post=1884"},{"taxonomy":"post_tag","embeddable":true,"href":"https:\/\/lyonbondyblog.fr\/LBB\/wp-json\/wp\/v2\/tags?post=1884"}],"curies":[{"name":"wp","href":"https:\/\/api.w.org\/{rel}","templated":true}]}}