{"id":1882,"date":"2011-07-29T15:08:28","date_gmt":"2011-07-29T13:08:28","guid":{"rendered":"http:\/\/lyonbondyblog.fr\/LBB\/?p=1882"},"modified":"2013-07-26T15:14:54","modified_gmt":"2013-07-26T13:14:54","slug":"vaulx-en-velin-du-sport-et-des-loisirs-pour-les-vacanciers-du-bitume","status":"publish","type":"post","link":"https:\/\/lyonbondyblog.fr\/LBB\/vaulx-en-velin-du-sport-et-des-loisirs-pour-les-vacanciers-du-bitume\/","title":{"rendered":"Vaulx-en-Velin : du sport et des loisirs pour les vacanciers du bitume"},"content":{"rendered":"<p>DIAPORAMA en + Bien que le soleil ne soit pas au rendez-vous, les jeunes Vaudais sont venus en nombre pour cette 7e \u00e9dition d\u2019 \u00ab\u00a0Et\u00e9 en sport\u00a0\u00bb.<\/p>\n<div><a title=\" -- Cliquez pour voir l'image en entier\" href=\"http:\/\/yahoo.lyon.bondyblog.fr\/images\/Photo0596.jpg\" target=\"_blank\"> <img decoding=\"async\" alt=\" -- Cliquez pour voir l'image en entier\" src=\"http:\/\/yahoo.lyon.bondyblog.fr\/images\/Photo0596_t.jpg\" border=\"0\" \/> <\/a><\/div>\n<div><\/div>\n<p>Comme chaque \u00e9t\u00e9 depuis sept ans, le centre ville de Vaulx-en-Velin se transforme en parc aquatique et sprotif. L\u2019id\u00e9e au d\u00e9part\u00a0: divertir les jeunes vaudais, petits et grands dans une p\u00e9riode o\u00f9 l&rsquo;ennui peut devenir quotidien pour ceux qui n&rsquo;ont pas la chance de partir en vacances.<\/p>\n<p><i>\u00ab\u00a0Nous avons d\u00e9cid\u00e9 de proposer des activit\u00e9s originales mais qui n\u2019ont pas trop de contraintes. Nous demandons un minimum d\u2019information sur les jeunes qui viennent participer, \u00e0 savoir leur nom, \u00e2ge et quartier afin de faire des estimations et de pouvoir s\u2019adapter\u00a0 \u00e0 la demande \u00ab\u00a0<\/i> indique Jahid Sadoudi, \u00e9ducateur sportif au Service des sports et responsable de l\u2019action.<\/p>\n<p>L\u2019op\u00e9ration dure quinze jours pour un co\u00fbt total de 80 000 euros salaires compris, permettent ainsi \u00e0 plus de mille enfants, tous \u00e2ges confondus de profiter des activit\u00e9s. Au programme\u00a0: tennis de table, boxe, hydroglisse, beach soccer, piscine, beach volley. Il est m\u00eame possible de faire de la descente en rappel depuis le toit de la mairie! Pr\u00e8s du stand de boxe, les enfants rendent coups pour coups, sous le regard vigilent de Laurent, \u00e9ducateur boxe: <i>\u00ab\u00a0Pour les enfants c\u2019est parfait, surtout pour ceux qui ne partent pas en vacances. De plus les activit\u00e9s sont gratuites\u00a0\u00bb.<br \/>\n<\/i><br \/>\nL\u2019organisation s\u2019est voulue soucieuse dans la prise en compte des classes d\u2019\u00e2ge. Le matin est r\u00e9serv\u00e9 aux structures d&rsquo;accueil de jeunes, l\u2019apr\u00e8s-midi pour les enfants qui ne vont pas au centre. Face \u00e0 la demande, le terrain de beach soccer (foot sur sable) est r\u00e9serv\u00e9 aux adultes de 20h30 \u00e0 21h30.<i><\/i><\/p>\n<p>\u00ab\u00a0Il y a beaucoup d\u2019activit\u00e9s pour les petits mais moins pour les grands c\u2019est pourquoi on a pens\u00e9 \u00e0 eux. Le nombre d\u2019activit\u00e9 a augment\u00e9 avec le temps afin de pouvoir accueillir aussi les familles et les plus petits. Mon souhait \u00e0 l\u2019avenir serait d\u2019int\u00e9grer le service culturel avec un bibliobus et des transats pour les adultes notamment. Faute de place cette ann\u00e9e nous n\u2019avons pas pu le faire\u00a0\u00bb ajoute Jahid Sadoudi.<\/p>\n<p>Rendez-vous est donn\u00e9 l&rsquo;\u00e9t\u00e9 prochain pour d\u00e9couvrir de nouvaux espaces de d\u00e9tente&#8230;<\/p>\n<p><span style=\"text-decoration: underline;\">Journaliste : Rafika Bendermel<\/span><\/p>\n<!-- AddThis Advanced Settings generic via filter on the_content --><!-- AddThis Share Buttons generic via filter on the_content -->","protected":false},"excerpt":{"rendered":"<p>DIAPORAMA en + Bien que le soleil ne soit pas au rendez-vous, les jeunes Vaudais sont venus en nombre pour cette 7e \u00e9dition d\u2019 \u00ab\u00a0Et\u00e9 &hellip; <!-- AddThis Advanced Settings generic via filter on wp_trim_excerpt --><!-- AddThis Share Buttons generic via filter on wp_trim_excerpt --><\/p>\n","protected":false},"author":1,"featured_media":1893,"comment_status":"open","ping_status":"open","sticky":false,"template":"","format":"standard","meta":{"_FSMCFIC_featured_image_caption":"","_FSMCFIC_featured_image_nocaption":"","_FSMCFIC_featured_image_hide":"","footnotes":""},"categories":[4],"tags":[10,112],"class_list":["post-1882","post","type-post","status-publish","format-standard","has-post-thumbnail","hentry","category-lyon","tag-lyon-2","tag-lyon-bondy-blog"],"yoast_head":"<!-- This site is optimized with the Yoast SEO plugin v22.8 - https:\/\/yoast.com\/wordpress\/plugins\/seo\/ -->\n<title>Vaulx-en-Velin : du sport et des loisirs pour les vacanciers du bitume  - Lyon Bondy Blog<\/title>\n<meta name=\"robots\" content=\"index, follow, max-snippet:-1, max-image-preview:large, max-video-preview:-1\" \/>\n<link rel=\"canonical\" href=\"https:\/\/lyonbondyblog.fr\/LBB\/vaulx-en-velin-du-sport-et-des-loisirs-pour-les-vacanciers-du-bitume\/\" \/>\n<meta property=\"og:locale\" content=\"fr_FR\" \/>\n<meta property=\"og:type\" content=\"article\" \/>\n<meta property=\"og:title\" content=\"Vaulx-en-Velin : du sport et des loisirs pour les vacanciers du bitume  - Lyon Bondy Blog\" \/>\n<meta property=\"og:description\" content=\"DIAPORAMA en + Bien que le soleil ne soit pas au rendez-vous, les jeunes Vaudais sont venus en nombre pour cette 7e \u00e9dition d\u2019 \u00ab\u00a0Et\u00e9 &hellip;\" \/>\n<meta property=\"og:url\" content=\"https:\/\/lyonbondyblog.fr\/LBB\/vaulx-en-velin-du-sport-et-des-loisirs-pour-les-vacanciers-du-bitume\/\" \/>\n<meta property=\"og:site_name\" content=\"Lyon Bondy Blog\" \/>\n<meta property=\"article:publisher\" content=\"https:\/\/www.facebook.com\/lyonbondyblog\" \/>\n<meta property=\"article:author\" content=\"https:\/\/www.facebook.com\/lyonbondyblog\" \/>\n<meta property=\"article:published_time\" content=\"2011-07-29T13:08:28+00:00\" \/>\n<meta property=\"article:modified_time\" content=\"2013-07-26T13:14:54+00:00\" \/>\n<meta property=\"og:image\" content=\"https:\/\/lyonbondyblog.fr\/LBB\/wp-content\/uploads\/2013\/07\/Photo0596_t.jpg\" \/>\n\t<meta property=\"og:image:width\" content=\"193\" \/>\n\t<meta property=\"og:image:height\" content=\"145\" \/>\n\t<meta property=\"og:image:type\" content=\"image\/jpeg\" \/>\n<meta name=\"author\" content=\"La r\u00e9daction\" \/>\n<meta name=\"twitter:card\" content=\"summary_large_image\" \/>\n<meta name=\"twitter:creator\" content=\"@BondyBlogLyon\" \/>\n<meta name=\"twitter:site\" content=\"@bondybloglyon\" \/>\n<script type=\"application\/ld+json\" class=\"yoast-schema-graph\">{\"@context\":\"https:\/\/schema.org\",\"@graph\":[{\"@type\":\"Article\",\"@id\":\"https:\/\/lyonbondyblog.fr\/LBB\/vaulx-en-velin-du-sport-et-des-loisirs-pour-les-vacanciers-du-bitume\/#article\",\"isPartOf\":{\"@id\":\"https:\/\/lyonbondyblog.fr\/LBB\/vaulx-en-velin-du-sport-et-des-loisirs-pour-les-vacanciers-du-bitume\/\"},\"author\":{\"name\":\"La r\u00e9daction\",\"@id\":\"https:\/\/lyonbondyblog.fr\/LBB\/#\/schema\/person\/e45f8d27baac75072daa0be50c409b25\"},\"headline\":\"Vaulx-en-Velin : du sport et des loisirs pour les vacanciers du bitume\",\"datePublished\":\"2011-07-29T13:08:28+00:00\",\"dateModified\":\"2013-07-26T13:14:54+00:00\",\"mainEntityOfPage\":{\"@id\":\"https:\/\/lyonbondyblog.fr\/LBB\/vaulx-en-velin-du-sport-et-des-loisirs-pour-les-vacanciers-du-bitume\/\"},\"wordCount\":404,\"commentCount\":0,\"publisher\":{\"@id\":\"https:\/\/lyonbondyblog.fr\/LBB\/#organization\"},\"image\":{\"@id\":\"https:\/\/lyonbondyblog.fr\/LBB\/vaulx-en-velin-du-sport-et-des-loisirs-pour-les-vacanciers-du-bitume\/#primaryimage\"},\"thumbnailUrl\":\"https:\/\/lyonbondyblog.fr\/LBB\/wp-content\/uploads\/2013\/07\/Photo0596_t.jpg\",\"keywords\":[\"lyon\",\"Lyon Bondy Blog\"],\"articleSection\":[\"Lyon\"],\"inLanguage\":\"fr-FR\",\"potentialAction\":[{\"@type\":\"CommentAction\",\"name\":\"Comment\",\"target\":[\"https:\/\/lyonbondyblog.fr\/LBB\/vaulx-en-velin-du-sport-et-des-loisirs-pour-les-vacanciers-du-bitume\/#respond\"]}]},{\"@type\":\"WebPage\",\"@id\":\"https:\/\/lyonbondyblog.fr\/LBB\/vaulx-en-velin-du-sport-et-des-loisirs-pour-les-vacanciers-du-bitume\/\",\"url\":\"https:\/\/lyonbondyblog.fr\/LBB\/vaulx-en-velin-du-sport-et-des-loisirs-pour-les-vacanciers-du-bitume\/\",\"name\":\"Vaulx-en-Velin : du sport et des loisirs pour les vacanciers du bitume - Lyon Bondy Blog\",\"isPartOf\":{\"@id\":\"https:\/\/lyonbondyblog.fr\/LBB\/#website\"},\"primaryImageOfPage\":{\"@id\":\"https:\/\/lyonbondyblog.fr\/LBB\/vaulx-en-velin-du-sport-et-des-loisirs-pour-les-vacanciers-du-bitume\/#primaryimage\"},\"image\":{\"@id\":\"https:\/\/lyonbondyblog.fr\/LBB\/vaulx-en-velin-du-sport-et-des-loisirs-pour-les-vacanciers-du-bitume\/#primaryimage\"},\"thumbnailUrl\":\"https:\/\/lyonbondyblog.fr\/LBB\/wp-content\/uploads\/2013\/07\/Photo0596_t.jpg\",\"datePublished\":\"2011-07-29T13:08:28+00:00\",\"dateModified\":\"2013-07-26T13:14:54+00:00\",\"inLanguage\":\"fr-FR\",\"potentialAction\":[{\"@type\":\"ReadAction\",\"target\":[\"https:\/\/lyonbondyblog.fr\/LBB\/vaulx-en-velin-du-sport-et-des-loisirs-pour-les-vacanciers-du-bitume\/\"]}]},{\"@type\":\"ImageObject\",\"inLanguage\":\"fr-FR\",\"@id\":\"https:\/\/lyonbondyblog.fr\/LBB\/vaulx-en-velin-du-sport-et-des-loisirs-pour-les-vacanciers-du-bitume\/#primaryimage\",\"url\":\"https:\/\/lyonbondyblog.fr\/LBB\/wp-content\/uploads\/2013\/07\/Photo0596_t.jpg\",\"contentUrl\":\"https:\/\/lyonbondyblog.fr\/LBB\/wp-content\/uploads\/2013\/07\/Photo0596_t.jpg\",\"width\":193,\"height\":145},{\"@type\":\"WebSite\",\"@id\":\"https:\/\/lyonbondyblog.fr\/LBB\/#website\",\"url\":\"https:\/\/lyonbondyblog.fr\/LBB\/\",\"name\":\"Lyon Bondy Blog\",\"description\":\"\",\"publisher\":{\"@id\":\"https:\/\/lyonbondyblog.fr\/LBB\/#organization\"},\"potentialAction\":[{\"@type\":\"SearchAction\",\"target\":{\"@type\":\"EntryPoint\",\"urlTemplate\":\"https:\/\/lyonbondyblog.fr\/LBB\/?s={search_term_string}\"},\"query-input\":\"required name=search_term_string\"}],\"inLanguage\":\"fr-FR\"},{\"@type\":\"Organization\",\"@id\":\"https:\/\/lyonbondyblog.fr\/LBB\/#organization\",\"name\":\"LYON BONDY BLOG\",\"url\":\"https:\/\/lyonbondyblog.fr\/LBB\/\",\"logo\":{\"@type\":\"ImageObject\",\"inLanguage\":\"fr-FR\",\"@id\":\"https:\/\/lyonbondyblog.fr\/LBB\/#\/schema\/logo\/image\/\",\"url\":\"http:\/\/lyonbondyblog.fr\/LBB\/wp-content\/uploads\/2014\/10\/logo-portable-144.png\",\"contentUrl\":\"http:\/\/lyonbondyblog.fr\/LBB\/wp-content\/uploads\/2014\/10\/logo-portable-144.png\",\"width\":144,\"height\":123,\"caption\":\"LYON BONDY BLOG\"},\"image\":{\"@id\":\"https:\/\/lyonbondyblog.fr\/LBB\/#\/schema\/logo\/image\/\"},\"sameAs\":[\"https:\/\/www.facebook.com\/lyonbondyblog\",\"https:\/\/x.com\/bondybloglyon\"]},{\"@type\":\"Person\",\"@id\":\"https:\/\/lyonbondyblog.fr\/LBB\/#\/schema\/person\/e45f8d27baac75072daa0be50c409b25\",\"name\":\"La r\u00e9daction\",\"description\":\"Cr\u00e9e en 2008, la r\u00e9daction du Lyon Bondy Blog s'applique \u00e0 proposer une information locale diff\u00e9rente et compl\u00e9mentaire des m\u00e9dias traditionnels.\",\"sameAs\":[\"https:\/\/www.facebook.com\/lyonbondyblog\",\"https:\/\/x.com\/BondyBlogLyon\"],\"url\":\"https:\/\/lyonbondyblog.fr\/LBB\/author\/admin\/\"}]}<\/script>\n<!-- \/ Yoast SEO plugin. -->","yoast_head_json":{"title":"Vaulx-en-Velin : du sport et des loisirs pour les vacanciers du bitume  - Lyon Bondy Blog","robots":{"index":"index","follow":"follow","max-snippet":"max-snippet:-1","max-image-preview":"max-image-preview:large","max-video-preview":"max-video-preview:-1"},"canonical":"https:\/\/lyonbondyblog.fr\/LBB\/vaulx-en-velin-du-sport-et-des-loisirs-pour-les-vacanciers-du-bitume\/","og_locale":"fr_FR","og_type":"article","og_title":"Vaulx-en-Velin : du sport et des loisirs pour les vacanciers du bitume  - Lyon Bondy Blog","og_description":"DIAPORAMA en + Bien que le soleil ne soit pas au rendez-vous, les jeunes Vaudais sont venus en nombre pour cette 7e \u00e9dition d\u2019 \u00ab\u00a0Et\u00e9 &hellip;","og_url":"https:\/\/lyonbondyblog.fr\/LBB\/vaulx-en-velin-du-sport-et-des-loisirs-pour-les-vacanciers-du-bitume\/","og_site_name":"Lyon Bondy Blog","article_publisher":"https:\/\/www.facebook.com\/lyonbondyblog","article_author":"https:\/\/www.facebook.com\/lyonbondyblog","article_published_time":"2011-07-29T13:08:28+00:00","article_modified_time":"2013-07-26T13:14:54+00:00","og_image":[{"width":193,"height":145,"url":"https:\/\/lyonbondyblog.fr\/LBB\/wp-content\/uploads\/2013\/07\/Photo0596_t.jpg","type":"image\/jpeg"}],"author":"La r\u00e9daction","twitter_card":"summary_large_image","twitter_creator":"@BondyBlogLyon","twitter_site":"@bondybloglyon","schema":{"@context":"https:\/\/schema.org","@graph":[{"@type":"Article","@id":"https:\/\/lyonbondyblog.fr\/LBB\/vaulx-en-velin-du-sport-et-des-loisirs-pour-les-vacanciers-du-bitume\/#article","isPartOf":{"@id":"https:\/\/lyonbondyblog.fr\/LBB\/vaulx-en-velin-du-sport-et-des-loisirs-pour-les-vacanciers-du-bitume\/"},"author":{"name":"La r\u00e9daction","@id":"https:\/\/lyonbondyblog.fr\/LBB\/#\/schema\/person\/e45f8d27baac75072daa0be50c409b25"},"headline":"Vaulx-en-Velin : du sport et des loisirs pour les vacanciers du bitume","datePublished":"2011-07-29T13:08:28+00:00","dateModified":"2013-07-26T13:14:54+00:00","mainEntityOfPage":{"@id":"https:\/\/lyonbondyblog.fr\/LBB\/vaulx-en-velin-du-sport-et-des-loisirs-pour-les-vacanciers-du-bitume\/"},"wordCount":404,"commentCount":0,"publisher":{"@id":"https:\/\/lyonbondyblog.fr\/LBB\/#organization"},"image":{"@id":"https:\/\/lyonbondyblog.fr\/LBB\/vaulx-en-velin-du-sport-et-des-loisirs-pour-les-vacanciers-du-bitume\/#primaryimage"},"thumbnailUrl":"https:\/\/lyonbondyblog.fr\/LBB\/wp-content\/uploads\/2013\/07\/Photo0596_t.jpg","keywords":["lyon","Lyon Bondy Blog"],"articleSection":["Lyon"],"inLanguage":"fr-FR","potentialAction":[{"@type":"CommentAction","name":"Comment","target":["https:\/\/lyonbondyblog.fr\/LBB\/vaulx-en-velin-du-sport-et-des-loisirs-pour-les-vacanciers-du-bitume\/#respond"]}]},{"@type":"WebPage","@id":"https:\/\/lyonbondyblog.fr\/LBB\/vaulx-en-velin-du-sport-et-des-loisirs-pour-les-vacanciers-du-bitume\/","url":"https:\/\/lyonbondyblog.fr\/LBB\/vaulx-en-velin-du-sport-et-des-loisirs-pour-les-vacanciers-du-bitume\/","name":"Vaulx-en-Velin : du sport et des loisirs pour les vacanciers du bitume - Lyon Bondy Blog","isPartOf":{"@id":"https:\/\/lyonbondyblog.fr\/LBB\/#website"},"primaryImageOfPage":{"@id":"https:\/\/lyonbondyblog.fr\/LBB\/vaulx-en-velin-du-sport-et-des-loisirs-pour-les-vacanciers-du-bitume\/#primaryimage"},"image":{"@id":"https:\/\/lyonbondyblog.fr\/LBB\/vaulx-en-velin-du-sport-et-des-loisirs-pour-les-vacanciers-du-bitume\/#primaryimage"},"thumbnailUrl":"https:\/\/lyonbondyblog.fr\/LBB\/wp-content\/uploads\/2013\/07\/Photo0596_t.jpg","datePublished":"2011-07-29T13:08:28+00:00","dateModified":"2013-07-26T13:14:54+00:00","inLanguage":"fr-FR","potentialAction":[{"@type":"ReadAction","target":["https:\/\/lyonbondyblog.fr\/LBB\/vaulx-en-velin-du-sport-et-des-loisirs-pour-les-vacanciers-du-bitume\/"]}]},{"@type":"ImageObject","inLanguage":"fr-FR","@id":"https:\/\/lyonbondyblog.fr\/LBB\/vaulx-en-velin-du-sport-et-des-loisirs-pour-les-vacanciers-du-bitume\/#primaryimage","url":"https:\/\/lyonbondyblog.fr\/LBB\/wp-content\/uploads\/2013\/07\/Photo0596_t.jpg","contentUrl":"https:\/\/lyonbondyblog.fr\/LBB\/wp-content\/uploads\/2013\/07\/Photo0596_t.jpg","width":193,"height":145},{"@type":"WebSite","@id":"https:\/\/lyonbondyblog.fr\/LBB\/#website","url":"https:\/\/lyonbondyblog.fr\/LBB\/","name":"Lyon Bondy Blog","description":"","publisher":{"@id":"https:\/\/lyonbondyblog.fr\/LBB\/#organization"},"potentialAction":[{"@type":"SearchAction","target":{"@type":"EntryPoint","urlTemplate":"https:\/\/lyonbondyblog.fr\/LBB\/?s={search_term_string}"},"query-input":"required name=search_term_string"}],"inLanguage":"fr-FR"},{"@type":"Organization","@id":"https:\/\/lyonbondyblog.fr\/LBB\/#organization","name":"LYON BONDY BLOG","url":"https:\/\/lyonbondyblog.fr\/LBB\/","logo":{"@type":"ImageObject","inLanguage":"fr-FR","@id":"https:\/\/lyonbondyblog.fr\/LBB\/#\/schema\/logo\/image\/","url":"http:\/\/lyonbondyblog.fr\/LBB\/wp-content\/uploads\/2014\/10\/logo-portable-144.png","contentUrl":"http:\/\/lyonbondyblog.fr\/LBB\/wp-content\/uploads\/2014\/10\/logo-portable-144.png","width":144,"height":123,"caption":"LYON BONDY BLOG"},"image":{"@id":"https:\/\/lyonbondyblog.fr\/LBB\/#\/schema\/logo\/image\/"},"sameAs":["https:\/\/www.facebook.com\/lyonbondyblog","https:\/\/x.com\/bondybloglyon"]},{"@type":"Person","@id":"https:\/\/lyonbondyblog.fr\/LBB\/#\/schema\/person\/e45f8d27baac75072daa0be50c409b25","name":"La r\u00e9daction","description":"Cr\u00e9e en 2008, la r\u00e9daction du Lyon Bondy Blog s'applique \u00e0 proposer une information locale diff\u00e9rente et compl\u00e9mentaire des m\u00e9dias traditionnels.","sameAs":["https:\/\/www.facebook.com\/lyonbondyblog","https:\/\/x.com\/BondyBlogLyon"],"url":"https:\/\/lyonbondyblog.fr\/LBB\/author\/admin\/"}]}},"_links":{"self":[{"href":"https:\/\/lyonbondyblog.fr\/LBB\/wp-json\/wp\/v2\/posts\/1882","targetHints":{"allow":["GET"]}}],"collection":[{"href":"https:\/\/lyonbondyblog.fr\/LBB\/wp-json\/wp\/v2\/posts"}],"about":[{"href":"https:\/\/lyonbondyblog.fr\/LBB\/wp-json\/wp\/v2\/types\/post"}],"author":[{"embeddable":true,"href":"https:\/\/lyonbondyblog.fr\/LBB\/wp-json\/wp\/v2\/users\/1"}],"replies":[{"embeddable":true,"href":"https:\/\/lyonbondyblog.fr\/LBB\/wp-json\/wp\/v2\/comments?post=1882"}],"version-history":[{"count":0,"href":"https:\/\/lyonbondyblog.fr\/LBB\/wp-json\/wp\/v2\/posts\/1882\/revisions"}],"wp:featuredmedia":[{"embeddable":true,"href":"https:\/\/lyonbondyblog.fr\/LBB\/wp-json\/wp\/v2\/media\/1893"}],"wp:attachment":[{"href":"https:\/\/lyonbondyblog.fr\/LBB\/wp-json\/wp\/v2\/media?parent=1882"}],"wp:term":[{"taxonomy":"category","embeddable":true,"href":"https:\/\/lyonbondyblog.fr\/LBB\/wp-json\/wp\/v2\/categories?post=1882"},{"taxonomy":"post_tag","embeddable":true,"href":"https:\/\/lyonbondyblog.fr\/LBB\/wp-json\/wp\/v2\/tags?post=1882"}],"curies":[{"name":"wp","href":"https:\/\/api.w.org\/{rel}","templated":true}]}}