{"id":18804,"date":"2020-01-27T16:32:58","date_gmt":"2020-01-27T15:32:58","guid":{"rendered":"http:\/\/lyonbondyblog.fr\/LBB\/?p=18804"},"modified":"2020-01-27T17:07:06","modified_gmt":"2020-01-27T16:07:06","slug":"les-meres-lyonnaises-des-cuisinieres-feministes","status":"publish","type":"post","link":"https:\/\/lyonbondyblog.fr\/LBB\/les-meres-lyonnaises-des-cuisinieres-feministes\/","title":{"rendered":"Les m\u00e8res lyonnaises, des cuisini\u00e8res f\u00e9ministes"},"content":{"rendered":"<h4 style=\"font-weight: 400\">Pour la sortie du Guide Michelin 2020, France 3 Auvergne-Rh\u00f4ne-Alpes met \u00e0 l\u2019honneur les c\u00e9l\u00e8bres m\u00e8res lyonnaises. De leur origine populaire \u00e0 leurs difficult\u00e9s d\u2019\u00eatre reconnues dans un milieu d\u2019hommes, le documentaire\u00a0<em>Un si\u00e8cle de pionni\u00e8res, \u00e0 la table des m\u00e8res lyonnaises\u00a0<\/em>porte un regard nouveau sur la gastronomie lyonnaise.<\/h4>\n<p style=\"font-weight: 400\">A l\u2019occasion de la nouvelle \u00e9dition du Guide Michelin, France 3 Auvergne- Rh\u00f4ne-Alpes sort un documentaire in\u00e9dit sur les M\u00e8res lyonnaises. Au-del\u00e0 de l\u2019aspect culinaire, le documentaire livre une histoire sur l\u2019ind\u00e9pendance de ces femmes restauratrices. A cette \u00e9poque, ouvrir un restaurant en tant que femme \u00e9tait audacieux. Priv\u00e9es de capacit\u00e9 juridique, elles ne pouvaient pas proc\u00e9der \u00e0 l\u2019achat d\u2019un bien ou \u00e0 l\u2019ouverture d\u2019un compte bancaire sans caution masculine. Aujourd\u2019hui, ces probl\u00e9matiques ont \u00e9volu\u00e9 mais restent une r\u00e9alit\u00e9.<\/p>\n<p style=\"font-weight: 400\">Le d\u00e9fi des m\u00e8res lyonnaises \u00e9tait donc double\u00a0: cr\u00e9er une entreprise avec toutes les complications li\u00e9es \u00e0 leur sexe et s\u2019imposer dans un milieu masculin. Cette condition de femme ne les quittera jamais. Souvent appel\u00e9es \u00ab\u00a0<em>cuisinettes\u00a0<\/em>\u00bb et jamais \u00ab\u00a0<em>chef\u00a0<\/em>\u00bb, les m\u00e8res avaient conscience de leur situation. La m\u00e8re Castaing a d\u00e9clar\u00e9 sur le sujet, \u00ab\u00a0<em>La grande cuisine, c\u2019est de l\u2019argent. C\u2019est de la gloire. Les femmes n\u2019y ont pas le droit.<\/em>\u00a0\u00bb Pourtant c\u2019est \u00e0 la gloire de ces femmes que Lyon doit sa renomm\u00e9e gastronomique.<\/p>\n<p style=\"font-weight: 400\">Diffus\u00e9 ce soir \u00e0 23h15, le documentaire dresse les portraits de ces cuisini\u00e8res entrepreneurs. Un voyage au c\u0153ur du patrimoine culinaire lyonnais \u00e0 ne pas manquer.<\/p>\n<figure id=\"attachment_18805\" aria-describedby=\"caption-attachment-18805\" style=\"width: 749px\" class=\"wp-caption aligncenter\"><a href=\"https:\/\/lyonbondyblog.fr\/LBB\/wp-content\/uploads\/2020\/01\/La-Vo\u00fbte-Chez-L\u00e9a-Bidaut1.jpg\"><img loading=\"lazy\" decoding=\"async\" class=\"size-full wp-image-18805\" src=\"https:\/\/lyonbondyblog.fr\/LBB\/wp-content\/uploads\/2020\/01\/La-Vo\u00fbte-Chez-L\u00e9a-Bidaut1.jpg\" alt=\"\" width=\"749\" height=\"1124\" srcset=\"https:\/\/lyonbondyblog.fr\/LBB\/wp-content\/uploads\/2020\/01\/La-Vo\u00fbte-Chez-L\u00e9a-Bidaut1.jpg 749w, https:\/\/lyonbondyblog.fr\/LBB\/wp-content\/uploads\/2020\/01\/La-Vo\u00fbte-Chez-L\u00e9a-Bidaut1-600x900.jpg 600w\" sizes=\"auto, (max-width: 749px) 100vw, 749px\" \/><\/a><figcaption id=\"caption-attachment-18805\" class=\"wp-caption-text\">La Vo\u00fbte Chez L\u00e9a Bidaut &#8211; Cr\u00e9dit : France 3<\/figcaption><\/figure>\n<!-- AddThis Advanced Settings generic via filter on the_content --><!-- AddThis Share Buttons generic via filter on the_content -->","protected":false},"excerpt":{"rendered":"<p>Pour la sortie du Guide Michelin 2020, France 3 Auvergne-Rh\u00f4ne-Alpes met \u00e0 l\u2019honneur les c\u00e9l\u00e8bres m\u00e8res lyonnaises. De leur origine populaire \u00e0 leurs difficult\u00e9s d\u2019\u00eatre &hellip; <!-- AddThis Advanced Settings generic via filter on wp_trim_excerpt --><!-- AddThis Share Buttons generic via filter on wp_trim_excerpt --><\/p>\n","protected":false},"author":21058,"featured_media":18805,"comment_status":"open","ping_status":"open","sticky":false,"template":"","format":"standard","meta":{"_FSMCFIC_featured_image_caption":"","_FSMCFIC_featured_image_nocaption":"","_FSMCFIC_featured_image_hide":"","footnotes":""},"categories":[4096,4],"tags":[],"class_list":["post-18804","post","type-post","status-publish","format-standard","has-post-thumbnail","hentry","category-journalisme","category-lyon"],"yoast_head":"<!-- This site is optimized with the Yoast SEO plugin v22.8 - https:\/\/yoast.com\/wordpress\/plugins\/seo\/ -->\n<title>Les m\u00e8res lyonnaises, des cuisini\u00e8res f\u00e9ministes - Lyon Bondy Blog<\/title>\n<meta name=\"robots\" content=\"index, follow, max-snippet:-1, max-image-preview:large, max-video-preview:-1\" \/>\n<link rel=\"canonical\" href=\"https:\/\/lyonbondyblog.fr\/LBB\/les-meres-lyonnaises-des-cuisinieres-feministes\/\" \/>\n<meta property=\"og:locale\" content=\"fr_FR\" \/>\n<meta property=\"og:type\" content=\"article\" \/>\n<meta property=\"og:title\" content=\"Les m\u00e8res lyonnaises, des cuisini\u00e8res f\u00e9ministes - Lyon Bondy Blog\" \/>\n<meta property=\"og:description\" content=\"Pour la sortie du Guide Michelin 2020, France 3 Auvergne-Rh\u00f4ne-Alpes met \u00e0 l\u2019honneur les c\u00e9l\u00e8bres m\u00e8res lyonnaises. De leur origine populaire \u00e0 leurs difficult\u00e9s d\u2019\u00eatre &hellip;\" \/>\n<meta property=\"og:url\" content=\"https:\/\/lyonbondyblog.fr\/LBB\/les-meres-lyonnaises-des-cuisinieres-feministes\/\" \/>\n<meta property=\"og:site_name\" content=\"Lyon Bondy Blog\" \/>\n<meta property=\"article:publisher\" content=\"https:\/\/www.facebook.com\/lyonbondyblog\" \/>\n<meta property=\"article:published_time\" content=\"2020-01-27T15:32:58+00:00\" \/>\n<meta property=\"article:modified_time\" content=\"2020-01-27T16:07:06+00:00\" \/>\n<meta property=\"og:image\" content=\"https:\/\/lyonbondyblog.fr\/LBB\/wp-content\/uploads\/2020\/01\/La-Vo\u00fbte-Chez-L\u00e9a-Bidaut1.jpg\" \/>\n\t<meta property=\"og:image:width\" content=\"749\" \/>\n\t<meta property=\"og:image:height\" content=\"1124\" \/>\n\t<meta property=\"og:image:type\" content=\"image\/jpeg\" \/>\n<meta name=\"author\" content=\"Julia Guinamard\" \/>\n<meta name=\"twitter:card\" content=\"summary_large_image\" \/>\n<meta name=\"twitter:creator\" content=\"@bondybloglyon\" \/>\n<meta name=\"twitter:site\" content=\"@bondybloglyon\" \/>\n<script type=\"application\/ld+json\" class=\"yoast-schema-graph\">{\"@context\":\"https:\/\/schema.org\",\"@graph\":[{\"@type\":\"Article\",\"@id\":\"https:\/\/lyonbondyblog.fr\/LBB\/les-meres-lyonnaises-des-cuisinieres-feministes\/#article\",\"isPartOf\":{\"@id\":\"https:\/\/lyonbondyblog.fr\/LBB\/les-meres-lyonnaises-des-cuisinieres-feministes\/\"},\"author\":{\"name\":\"Julia Guinamard\",\"@id\":\"https:\/\/lyonbondyblog.fr\/LBB\/#\/schema\/person\/731b2abb66c69e0af818aa6396ab5f0d\"},\"headline\":\"Les m\u00e8res lyonnaises, des cuisini\u00e8res f\u00e9ministes\",\"datePublished\":\"2020-01-27T15:32:58+00:00\",\"dateModified\":\"2020-01-27T16:07:06+00:00\",\"mainEntityOfPage\":{\"@id\":\"https:\/\/lyonbondyblog.fr\/LBB\/les-meres-lyonnaises-des-cuisinieres-feministes\/\"},\"wordCount\":299,\"commentCount\":0,\"publisher\":{\"@id\":\"https:\/\/lyonbondyblog.fr\/LBB\/#organization\"},\"image\":{\"@id\":\"https:\/\/lyonbondyblog.fr\/LBB\/les-meres-lyonnaises-des-cuisinieres-feministes\/#primaryimage\"},\"thumbnailUrl\":\"https:\/\/lyonbondyblog.fr\/LBB\/wp-content\/uploads\/2020\/01\/La-Vo\u00fbte-Chez-L\u00e9a-Bidaut1.jpg\",\"articleSection\":[\"Journalisme\",\"Lyon\"],\"inLanguage\":\"fr-FR\",\"potentialAction\":[{\"@type\":\"CommentAction\",\"name\":\"Comment\",\"target\":[\"https:\/\/lyonbondyblog.fr\/LBB\/les-meres-lyonnaises-des-cuisinieres-feministes\/#respond\"]}]},{\"@type\":\"WebPage\",\"@id\":\"https:\/\/lyonbondyblog.fr\/LBB\/les-meres-lyonnaises-des-cuisinieres-feministes\/\",\"url\":\"https:\/\/lyonbondyblog.fr\/LBB\/les-meres-lyonnaises-des-cuisinieres-feministes\/\",\"name\":\"Les m\u00e8res lyonnaises, des cuisini\u00e8res f\u00e9ministes - Lyon Bondy Blog\",\"isPartOf\":{\"@id\":\"https:\/\/lyonbondyblog.fr\/LBB\/#website\"},\"primaryImageOfPage\":{\"@id\":\"https:\/\/lyonbondyblog.fr\/LBB\/les-meres-lyonnaises-des-cuisinieres-feministes\/#primaryimage\"},\"image\":{\"@id\":\"https:\/\/lyonbondyblog.fr\/LBB\/les-meres-lyonnaises-des-cuisinieres-feministes\/#primaryimage\"},\"thumbnailUrl\":\"https:\/\/lyonbondyblog.fr\/LBB\/wp-content\/uploads\/2020\/01\/La-Vo\u00fbte-Chez-L\u00e9a-Bidaut1.jpg\",\"datePublished\":\"2020-01-27T15:32:58+00:00\",\"dateModified\":\"2020-01-27T16:07:06+00:00\",\"inLanguage\":\"fr-FR\",\"potentialAction\":[{\"@type\":\"ReadAction\",\"target\":[\"https:\/\/lyonbondyblog.fr\/LBB\/les-meres-lyonnaises-des-cuisinieres-feministes\/\"]}]},{\"@type\":\"ImageObject\",\"inLanguage\":\"fr-FR\",\"@id\":\"https:\/\/lyonbondyblog.fr\/LBB\/les-meres-lyonnaises-des-cuisinieres-feministes\/#primaryimage\",\"url\":\"https:\/\/lyonbondyblog.fr\/LBB\/wp-content\/uploads\/2020\/01\/La-Vo\u00fbte-Chez-L\u00e9a-Bidaut1.jpg\",\"contentUrl\":\"https:\/\/lyonbondyblog.fr\/LBB\/wp-content\/uploads\/2020\/01\/La-Vo\u00fbte-Chez-L\u00e9a-Bidaut1.jpg\",\"width\":749,\"height\":1124,\"caption\":\"La Vo\u00fbte Chez L\u00e9a Bidaut - Cr\u00e9dit : France 3\"},{\"@type\":\"WebSite\",\"@id\":\"https:\/\/lyonbondyblog.fr\/LBB\/#website\",\"url\":\"https:\/\/lyonbondyblog.fr\/LBB\/\",\"name\":\"Lyon Bondy Blog\",\"description\":\"\",\"publisher\":{\"@id\":\"https:\/\/lyonbondyblog.fr\/LBB\/#organization\"},\"potentialAction\":[{\"@type\":\"SearchAction\",\"target\":{\"@type\":\"EntryPoint\",\"urlTemplate\":\"https:\/\/lyonbondyblog.fr\/LBB\/?s={search_term_string}\"},\"query-input\":\"required name=search_term_string\"}],\"inLanguage\":\"fr-FR\"},{\"@type\":\"Organization\",\"@id\":\"https:\/\/lyonbondyblog.fr\/LBB\/#organization\",\"name\":\"LYON BONDY BLOG\",\"url\":\"https:\/\/lyonbondyblog.fr\/LBB\/\",\"logo\":{\"@type\":\"ImageObject\",\"inLanguage\":\"fr-FR\",\"@id\":\"https:\/\/lyonbondyblog.fr\/LBB\/#\/schema\/logo\/image\/\",\"url\":\"http:\/\/lyonbondyblog.fr\/LBB\/wp-content\/uploads\/2014\/10\/logo-portable-144.png\",\"contentUrl\":\"http:\/\/lyonbondyblog.fr\/LBB\/wp-content\/uploads\/2014\/10\/logo-portable-144.png\",\"width\":144,\"height\":123,\"caption\":\"LYON BONDY BLOG\"},\"image\":{\"@id\":\"https:\/\/lyonbondyblog.fr\/LBB\/#\/schema\/logo\/image\/\"},\"sameAs\":[\"https:\/\/www.facebook.com\/lyonbondyblog\",\"https:\/\/x.com\/bondybloglyon\"]},{\"@type\":\"Person\",\"@id\":\"https:\/\/lyonbondyblog.fr\/LBB\/#\/schema\/person\/731b2abb66c69e0af818aa6396ab5f0d\",\"name\":\"Julia Guinamard\",\"url\":\"https:\/\/lyonbondyblog.fr\/LBB\/author\/teraxilette\/\"}]}<\/script>\n<!-- \/ Yoast SEO plugin. -->","yoast_head_json":{"title":"Les m\u00e8res lyonnaises, des cuisini\u00e8res f\u00e9ministes - Lyon Bondy Blog","robots":{"index":"index","follow":"follow","max-snippet":"max-snippet:-1","max-image-preview":"max-image-preview:large","max-video-preview":"max-video-preview:-1"},"canonical":"https:\/\/lyonbondyblog.fr\/LBB\/les-meres-lyonnaises-des-cuisinieres-feministes\/","og_locale":"fr_FR","og_type":"article","og_title":"Les m\u00e8res lyonnaises, des cuisini\u00e8res f\u00e9ministes - Lyon Bondy Blog","og_description":"Pour la sortie du Guide Michelin 2020, France 3 Auvergne-Rh\u00f4ne-Alpes met \u00e0 l\u2019honneur les c\u00e9l\u00e8bres m\u00e8res lyonnaises. De leur origine populaire \u00e0 leurs difficult\u00e9s d\u2019\u00eatre &hellip;","og_url":"https:\/\/lyonbondyblog.fr\/LBB\/les-meres-lyonnaises-des-cuisinieres-feministes\/","og_site_name":"Lyon Bondy Blog","article_publisher":"https:\/\/www.facebook.com\/lyonbondyblog","article_published_time":"2020-01-27T15:32:58+00:00","article_modified_time":"2020-01-27T16:07:06+00:00","og_image":[{"width":749,"height":1124,"url":"https:\/\/lyonbondyblog.fr\/LBB\/wp-content\/uploads\/2020\/01\/La-Vo\u00fbte-Chez-L\u00e9a-Bidaut1.jpg","type":"image\/jpeg"}],"author":"Julia Guinamard","twitter_card":"summary_large_image","twitter_creator":"@bondybloglyon","twitter_site":"@bondybloglyon","schema":{"@context":"https:\/\/schema.org","@graph":[{"@type":"Article","@id":"https:\/\/lyonbondyblog.fr\/LBB\/les-meres-lyonnaises-des-cuisinieres-feministes\/#article","isPartOf":{"@id":"https:\/\/lyonbondyblog.fr\/LBB\/les-meres-lyonnaises-des-cuisinieres-feministes\/"},"author":{"name":"Julia Guinamard","@id":"https:\/\/lyonbondyblog.fr\/LBB\/#\/schema\/person\/731b2abb66c69e0af818aa6396ab5f0d"},"headline":"Les m\u00e8res lyonnaises, des cuisini\u00e8res f\u00e9ministes","datePublished":"2020-01-27T15:32:58+00:00","dateModified":"2020-01-27T16:07:06+00:00","mainEntityOfPage":{"@id":"https:\/\/lyonbondyblog.fr\/LBB\/les-meres-lyonnaises-des-cuisinieres-feministes\/"},"wordCount":299,"commentCount":0,"publisher":{"@id":"https:\/\/lyonbondyblog.fr\/LBB\/#organization"},"image":{"@id":"https:\/\/lyonbondyblog.fr\/LBB\/les-meres-lyonnaises-des-cuisinieres-feministes\/#primaryimage"},"thumbnailUrl":"https:\/\/lyonbondyblog.fr\/LBB\/wp-content\/uploads\/2020\/01\/La-Vo\u00fbte-Chez-L\u00e9a-Bidaut1.jpg","articleSection":["Journalisme","Lyon"],"inLanguage":"fr-FR","potentialAction":[{"@type":"CommentAction","name":"Comment","target":["https:\/\/lyonbondyblog.fr\/LBB\/les-meres-lyonnaises-des-cuisinieres-feministes\/#respond"]}]},{"@type":"WebPage","@id":"https:\/\/lyonbondyblog.fr\/LBB\/les-meres-lyonnaises-des-cuisinieres-feministes\/","url":"https:\/\/lyonbondyblog.fr\/LBB\/les-meres-lyonnaises-des-cuisinieres-feministes\/","name":"Les m\u00e8res lyonnaises, des cuisini\u00e8res f\u00e9ministes - Lyon Bondy Blog","isPartOf":{"@id":"https:\/\/lyonbondyblog.fr\/LBB\/#website"},"primaryImageOfPage":{"@id":"https:\/\/lyonbondyblog.fr\/LBB\/les-meres-lyonnaises-des-cuisinieres-feministes\/#primaryimage"},"image":{"@id":"https:\/\/lyonbondyblog.fr\/LBB\/les-meres-lyonnaises-des-cuisinieres-feministes\/#primaryimage"},"thumbnailUrl":"https:\/\/lyonbondyblog.fr\/LBB\/wp-content\/uploads\/2020\/01\/La-Vo\u00fbte-Chez-L\u00e9a-Bidaut1.jpg","datePublished":"2020-01-27T15:32:58+00:00","dateModified":"2020-01-27T16:07:06+00:00","inLanguage":"fr-FR","potentialAction":[{"@type":"ReadAction","target":["https:\/\/lyonbondyblog.fr\/LBB\/les-meres-lyonnaises-des-cuisinieres-feministes\/"]}]},{"@type":"ImageObject","inLanguage":"fr-FR","@id":"https:\/\/lyonbondyblog.fr\/LBB\/les-meres-lyonnaises-des-cuisinieres-feministes\/#primaryimage","url":"https:\/\/lyonbondyblog.fr\/LBB\/wp-content\/uploads\/2020\/01\/La-Vo\u00fbte-Chez-L\u00e9a-Bidaut1.jpg","contentUrl":"https:\/\/lyonbondyblog.fr\/LBB\/wp-content\/uploads\/2020\/01\/La-Vo\u00fbte-Chez-L\u00e9a-Bidaut1.jpg","width":749,"height":1124,"caption":"La Vo\u00fbte Chez L\u00e9a Bidaut - Cr\u00e9dit : France 3"},{"@type":"WebSite","@id":"https:\/\/lyonbondyblog.fr\/LBB\/#website","url":"https:\/\/lyonbondyblog.fr\/LBB\/","name":"Lyon Bondy Blog","description":"","publisher":{"@id":"https:\/\/lyonbondyblog.fr\/LBB\/#organization"},"potentialAction":[{"@type":"SearchAction","target":{"@type":"EntryPoint","urlTemplate":"https:\/\/lyonbondyblog.fr\/LBB\/?s={search_term_string}"},"query-input":"required name=search_term_string"}],"inLanguage":"fr-FR"},{"@type":"Organization","@id":"https:\/\/lyonbondyblog.fr\/LBB\/#organization","name":"LYON BONDY BLOG","url":"https:\/\/lyonbondyblog.fr\/LBB\/","logo":{"@type":"ImageObject","inLanguage":"fr-FR","@id":"https:\/\/lyonbondyblog.fr\/LBB\/#\/schema\/logo\/image\/","url":"http:\/\/lyonbondyblog.fr\/LBB\/wp-content\/uploads\/2014\/10\/logo-portable-144.png","contentUrl":"http:\/\/lyonbondyblog.fr\/LBB\/wp-content\/uploads\/2014\/10\/logo-portable-144.png","width":144,"height":123,"caption":"LYON BONDY BLOG"},"image":{"@id":"https:\/\/lyonbondyblog.fr\/LBB\/#\/schema\/logo\/image\/"},"sameAs":["https:\/\/www.facebook.com\/lyonbondyblog","https:\/\/x.com\/bondybloglyon"]},{"@type":"Person","@id":"https:\/\/lyonbondyblog.fr\/LBB\/#\/schema\/person\/731b2abb66c69e0af818aa6396ab5f0d","name":"Julia Guinamard","url":"https:\/\/lyonbondyblog.fr\/LBB\/author\/teraxilette\/"}]}},"_links":{"self":[{"href":"https:\/\/lyonbondyblog.fr\/LBB\/wp-json\/wp\/v2\/posts\/18804","targetHints":{"allow":["GET"]}}],"collection":[{"href":"https:\/\/lyonbondyblog.fr\/LBB\/wp-json\/wp\/v2\/posts"}],"about":[{"href":"https:\/\/lyonbondyblog.fr\/LBB\/wp-json\/wp\/v2\/types\/post"}],"author":[{"embeddable":true,"href":"https:\/\/lyonbondyblog.fr\/LBB\/wp-json\/wp\/v2\/users\/21058"}],"replies":[{"embeddable":true,"href":"https:\/\/lyonbondyblog.fr\/LBB\/wp-json\/wp\/v2\/comments?post=18804"}],"version-history":[{"count":3,"href":"https:\/\/lyonbondyblog.fr\/LBB\/wp-json\/wp\/v2\/posts\/18804\/revisions"}],"predecessor-version":[{"id":18808,"href":"https:\/\/lyonbondyblog.fr\/LBB\/wp-json\/wp\/v2\/posts\/18804\/revisions\/18808"}],"wp:featuredmedia":[{"embeddable":true,"href":"https:\/\/lyonbondyblog.fr\/LBB\/wp-json\/wp\/v2\/media\/18805"}],"wp:attachment":[{"href":"https:\/\/lyonbondyblog.fr\/LBB\/wp-json\/wp\/v2\/media?parent=18804"}],"wp:term":[{"taxonomy":"category","embeddable":true,"href":"https:\/\/lyonbondyblog.fr\/LBB\/wp-json\/wp\/v2\/categories?post=18804"},{"taxonomy":"post_tag","embeddable":true,"href":"https:\/\/lyonbondyblog.fr\/LBB\/wp-json\/wp\/v2\/tags?post=18804"}],"curies":[{"name":"wp","href":"https:\/\/api.w.org\/{rel}","templated":true}]}}