{"id":18729,"date":"2020-01-16T16:18:04","date_gmt":"2020-01-16T15:18:04","guid":{"rendered":"http:\/\/lyonbondyblog.fr\/LBB\/?p=18729"},"modified":"2020-01-16T16:22:08","modified_gmt":"2020-01-16T15:22:08","slug":"manifestation-du-16-janvier-a-lyon-la-suspension-de-lage-pivot-cest-une-autre-manoeuvre","status":"publish","type":"post","link":"https:\/\/lyonbondyblog.fr\/LBB\/manifestation-du-16-janvier-a-lyon-la-suspension-de-lage-pivot-cest-une-autre-manoeuvre\/","title":{"rendered":"Manifestation du 16 janvier \u00e0 Lyon : \u00ab La suspension de l\u2019\u00e2ge pivot, c\u2019est une autre man\u0153uvre \u00bb"},"content":{"rendered":"<h4>Une autre manifestation contre la r\u00e9forme des retraites avait lieu ce 16 janvier \u00e0 la Manufacture des tabacs, dans le 3<sup>\u00e8me<\/sup> arrondissement de Lyon. R\u00e9uni d\u00e8s 11h30, le cort\u00e8ge s\u2019est donn\u00e9 comme point d\u2019arriv\u00e9e la place Bellecour. Dans les rangs des manifestants, la suspension de l\u2019\u00e2ge pivot ne semble pas suffire.<\/h4>\n<p>La CGT a d\u00e9compt\u00e9 16&nbsp;000 manifestants aujourd\u2019hui. Selon la police, ils \u00e9taient 6600. En moyenne, on d\u00e9nombre donc environ deux fois moins de personnes que la semaine derni\u00e8re.<\/p>\n<p>Pourtant, les manifestants semblent toujours aussi d\u00e9termin\u00e9s, \u00e0 l\u2019image de \u00c9ric, int\u00e9rimaire de 32 ans&nbsp;: \u00ab&nbsp;<em>Si je fais gr\u00e8ve aujourd\u2019hui c\u2019est car, il y a quelques jours, le gouvernement nous a entourloup\u00e9s en annon\u00e7ant la suspension de l\u2019\u00e2ge pivot. C\u2019est une autre man\u0153uvre, mais on continuera les manifestations tant qu\u2019il n\u2019y aura pas de retrait de la r\u00e9forme<\/em>&nbsp;\u00bb.<\/p>\n<p>&nbsp;<\/p>\n<p>Pr\u00e9sent dans le cort\u00e8ge, un \u00e9tudiant explique la raison de sa pr\u00e9sence&nbsp;: \u00ab <em>Quand j\u2019ai vu tous ces gens manifester, \u00e7a a \u00e9t\u00e9 comme un d\u00e9clencheur pour moi. Je me suis dit, m\u00eame si la retraite est loin pour moi, c\u2019est important de manifester pour mon futur, et m\u00eame pour les travailleurs qui seront touch\u00e9s par la r\u00e9forme plus tard. C\u2019est pour \u00e7a qu\u2019aujourd\u2019hui, nous les \u00e9tudiants pr\u00e9sents \u00e0 cette manifestation, on appelle \u00e0 la gr\u00e8ve g\u00e9n\u00e9rale<\/em>&nbsp;\u00bb.<\/p>\n<p>&nbsp;<\/p>\n<div id='gallery-1' class='gallery galleryid-18729 gallery-columns-5 gallery-size-full'><figure class='gallery-item'>\n\t\t\t<div class='gallery-icon landscape'>\n\t\t\t\t<a href='https:\/\/lyonbondyblog.fr\/LBB\/manifestation-du-16-janvier-a-lyon-la-suspension-de-lage-pivot-cest-une-autre-manoeuvre\/82249515_2748457428578530_3404272786267439104_n\/'><img loading=\"lazy\" decoding=\"async\" width=\"3968\" height=\"2976\" src=\"https:\/\/lyonbondyblog.fr\/LBB\/wp-content\/uploads\/2020\/01\/82249515_2748457428578530_3404272786267439104_n.jpg\" class=\"attachment-full size-full\" alt=\"\" aria-describedby=\"gallery-1-18736\" srcset=\"https:\/\/lyonbondyblog.fr\/LBB\/wp-content\/uploads\/2020\/01\/82249515_2748457428578530_3404272786267439104_n.jpg 3968w, https:\/\/lyonbondyblog.fr\/LBB\/wp-content\/uploads\/2020\/01\/82249515_2748457428578530_3404272786267439104_n-1200x900.jpg 1200w, https:\/\/lyonbondyblog.fr\/LBB\/wp-content\/uploads\/2020\/01\/82249515_2748457428578530_3404272786267439104_n-768x576.jpg 768w, https:\/\/lyonbondyblog.fr\/LBB\/wp-content\/uploads\/2020\/01\/82249515_2748457428578530_3404272786267439104_n-1920x1440.jpg 1920w, https:\/\/lyonbondyblog.fr\/LBB\/wp-content\/uploads\/2020\/01\/82249515_2748457428578530_3404272786267439104_n-600x450.jpg 600w\" sizes=\"auto, (max-width: 3968px) 100vw, 3968px\" \/><\/a>\n\t\t\t<\/div>\n\t\t\t\t<figcaption class='wp-caption-text gallery-caption' id='gallery-1-18736'>\n\t\t\t\tManifestation du 16 janvier. CC : N.D.\n\t\t\t\t<\/figcaption><\/figure><figure class='gallery-item'>\n\t\t\t<div class='gallery-icon landscape'>\n\t\t\t\t<a href='https:\/\/lyonbondyblog.fr\/LBB\/manifestation-du-16-janvier-a-lyon-la-suspension-de-lage-pivot-cest-une-autre-manoeuvre\/82768452_2613765642177923_5419852903366000640_n\/'><img loading=\"lazy\" decoding=\"async\" width=\"3968\" height=\"2976\" src=\"https:\/\/lyonbondyblog.fr\/LBB\/wp-content\/uploads\/2020\/01\/82768452_2613765642177923_5419852903366000640_n.jpg\" class=\"attachment-full size-full\" alt=\"\" aria-describedby=\"gallery-1-18735\" srcset=\"https:\/\/lyonbondyblog.fr\/LBB\/wp-content\/uploads\/2020\/01\/82768452_2613765642177923_5419852903366000640_n.jpg 3968w, https:\/\/lyonbondyblog.fr\/LBB\/wp-content\/uploads\/2020\/01\/82768452_2613765642177923_5419852903366000640_n-1200x900.jpg 1200w, https:\/\/lyonbondyblog.fr\/LBB\/wp-content\/uploads\/2020\/01\/82768452_2613765642177923_5419852903366000640_n-768x576.jpg 768w, https:\/\/lyonbondyblog.fr\/LBB\/wp-content\/uploads\/2020\/01\/82768452_2613765642177923_5419852903366000640_n-1920x1440.jpg 1920w, https:\/\/lyonbondyblog.fr\/LBB\/wp-content\/uploads\/2020\/01\/82768452_2613765642177923_5419852903366000640_n-600x450.jpg 600w\" sizes=\"auto, (max-width: 3968px) 100vw, 3968px\" \/><\/a>\n\t\t\t<\/div>\n\t\t\t\t<figcaption class='wp-caption-text gallery-caption' id='gallery-1-18735'>\n\t\t\t\tManifestation du 16 janvier. CC : N.D.\n\t\t\t\t<\/figcaption><\/figure><figure class='gallery-item'>\n\t\t\t<div class='gallery-icon landscape'>\n\t\t\t\t<a href='https:\/\/lyonbondyblog.fr\/LBB\/manifestation-du-16-janvier-a-lyon-la-suspension-de-lage-pivot-cest-une-autre-manoeuvre\/82553084_1502393026591129_1813594028575293440_n\/'><img loading=\"lazy\" decoding=\"async\" width=\"3968\" height=\"2976\" src=\"https:\/\/lyonbondyblog.fr\/LBB\/wp-content\/uploads\/2020\/01\/82553084_1502393026591129_1813594028575293440_n.jpg\" class=\"attachment-full size-full\" alt=\"\" srcset=\"https:\/\/lyonbondyblog.fr\/LBB\/wp-content\/uploads\/2020\/01\/82553084_1502393026591129_1813594028575293440_n.jpg 3968w, https:\/\/lyonbondyblog.fr\/LBB\/wp-content\/uploads\/2020\/01\/82553084_1502393026591129_1813594028575293440_n-1200x900.jpg 1200w, https:\/\/lyonbondyblog.fr\/LBB\/wp-content\/uploads\/2020\/01\/82553084_1502393026591129_1813594028575293440_n-768x576.jpg 768w, https:\/\/lyonbondyblog.fr\/LBB\/wp-content\/uploads\/2020\/01\/82553084_1502393026591129_1813594028575293440_n-1920x1440.jpg 1920w, https:\/\/lyonbondyblog.fr\/LBB\/wp-content\/uploads\/2020\/01\/82553084_1502393026591129_1813594028575293440_n-600x450.jpg 600w\" sizes=\"auto, (max-width: 3968px) 100vw, 3968px\" \/><\/a>\n\t\t\t<\/div><\/figure><figure class='gallery-item'>\n\t\t\t<div class='gallery-icon landscape'>\n\t\t\t\t<a href='https:\/\/lyonbondyblog.fr\/LBB\/manifestation-du-16-janvier-a-lyon-la-suspension-de-lage-pivot-cest-une-autre-manoeuvre\/82292078_478653433045148_8930038268892807168_n\/'><img loading=\"lazy\" decoding=\"async\" width=\"3968\" height=\"2976\" src=\"https:\/\/lyonbondyblog.fr\/LBB\/wp-content\/uploads\/2020\/01\/82292078_478653433045148_8930038268892807168_n.jpg\" class=\"attachment-full size-full\" alt=\"\" aria-describedby=\"gallery-1-18733\" srcset=\"https:\/\/lyonbondyblog.fr\/LBB\/wp-content\/uploads\/2020\/01\/82292078_478653433045148_8930038268892807168_n.jpg 3968w, https:\/\/lyonbondyblog.fr\/LBB\/wp-content\/uploads\/2020\/01\/82292078_478653433045148_8930038268892807168_n-1200x900.jpg 1200w, https:\/\/lyonbondyblog.fr\/LBB\/wp-content\/uploads\/2020\/01\/82292078_478653433045148_8930038268892807168_n-768x576.jpg 768w, https:\/\/lyonbondyblog.fr\/LBB\/wp-content\/uploads\/2020\/01\/82292078_478653433045148_8930038268892807168_n-1920x1440.jpg 1920w, https:\/\/lyonbondyblog.fr\/LBB\/wp-content\/uploads\/2020\/01\/82292078_478653433045148_8930038268892807168_n-600x450.jpg 600w\" sizes=\"auto, (max-width: 3968px) 100vw, 3968px\" \/><\/a>\n\t\t\t<\/div>\n\t\t\t\t<figcaption class='wp-caption-text gallery-caption' id='gallery-1-18733'>\n\t\t\t\tManifestation du 16 janvier. CC : N.D.\n\t\t\t\t<\/figcaption><\/figure><figure class='gallery-item'>\n\t\t\t<div class='gallery-icon landscape'>\n\t\t\t\t<a href='https:\/\/lyonbondyblog.fr\/LBB\/manifestation-du-16-janvier-a-lyon-la-suspension-de-lage-pivot-cest-une-autre-manoeuvre\/82905802_461130024580683_3489658660257267712_n\/'><img loading=\"lazy\" decoding=\"async\" width=\"3968\" height=\"2976\" src=\"https:\/\/lyonbondyblog.fr\/LBB\/wp-content\/uploads\/2020\/01\/82905802_461130024580683_3489658660257267712_n.jpg\" class=\"attachment-full size-full\" alt=\"\" aria-describedby=\"gallery-1-18732\" srcset=\"https:\/\/lyonbondyblog.fr\/LBB\/wp-content\/uploads\/2020\/01\/82905802_461130024580683_3489658660257267712_n.jpg 3968w, https:\/\/lyonbondyblog.fr\/LBB\/wp-content\/uploads\/2020\/01\/82905802_461130024580683_3489658660257267712_n-1200x900.jpg 1200w, https:\/\/lyonbondyblog.fr\/LBB\/wp-content\/uploads\/2020\/01\/82905802_461130024580683_3489658660257267712_n-768x576.jpg 768w, https:\/\/lyonbondyblog.fr\/LBB\/wp-content\/uploads\/2020\/01\/82905802_461130024580683_3489658660257267712_n-1920x1440.jpg 1920w, https:\/\/lyonbondyblog.fr\/LBB\/wp-content\/uploads\/2020\/01\/82905802_461130024580683_3489658660257267712_n-600x450.jpg 600w\" sizes=\"auto, (max-width: 3968px) 100vw, 3968px\" \/><\/a>\n\t\t\t<\/div>\n\t\t\t\t<figcaption class='wp-caption-text gallery-caption' id='gallery-1-18732'>\n\t\t\t\tManifestation du 16 janvier. CC : N.D.\n\t\t\t\t<\/figcaption><\/figure>\n\t\t<\/div>\n\n<p>&nbsp;<\/p>\n<p>Quelques d\u00e9bordements ont eu lieu, comme des jets de pierres suivis de charges polici\u00e8res.<\/p>\n<figure id=\"attachment_18731\" aria-describedby=\"caption-attachment-18731\" style=\"width: 587px\" class=\"wp-caption aligncenter\"><a href=\"https:\/\/lyonbondyblog.fr\/LBB\/wp-content\/uploads\/2020\/01\/Capture65.png\"><img loading=\"lazy\" decoding=\"async\" class=\" wp-image-18731\" src=\"https:\/\/lyonbondyblog.fr\/LBB\/wp-content\/uploads\/2020\/01\/Capture65.png\" alt=\"\" width=\"587\" height=\"349\" srcset=\"https:\/\/lyonbondyblog.fr\/LBB\/wp-content\/uploads\/2020\/01\/Capture65.png 740w, https:\/\/lyonbondyblog.fr\/LBB\/wp-content\/uploads\/2020\/01\/Capture65-600x356.png 600w\" sizes=\"auto, (max-width: 587px) 100vw, 587px\" \/><\/a><figcaption id=\"caption-attachment-18731\" class=\"wp-caption-text\">Cr\u00e9dits photos : droits r\u00e9serv\u00e9s.<\/figcaption><\/figure>\n<p>&nbsp;<\/p>\n<figure id=\"attachment_18730\" aria-describedby=\"caption-attachment-18730\" style=\"width: 557px\" class=\"wp-caption aligncenter\"><a href=\"https:\/\/lyonbondyblog.fr\/LBB\/wp-content\/uploads\/2020\/01\/Capture-1.png\"><img loading=\"lazy\" decoding=\"async\" class=\" wp-image-18730\" src=\"https:\/\/lyonbondyblog.fr\/LBB\/wp-content\/uploads\/2020\/01\/Capture-1.png\" alt=\"\" width=\"557\" height=\"407\" srcset=\"https:\/\/lyonbondyblog.fr\/LBB\/wp-content\/uploads\/2020\/01\/Capture-1.png 674w, https:\/\/lyonbondyblog.fr\/LBB\/wp-content\/uploads\/2020\/01\/Capture-1-600x438.png 600w\" sizes=\"auto, (max-width: 557px) 100vw, 557px\" \/><\/a><figcaption id=\"caption-attachment-18730\" class=\"wp-caption-text\">Cr\u00e9dits photos : droits r\u00e9serv\u00e9s.<\/figcaption><\/figure>\n<!-- AddThis Advanced Settings generic via filter on the_content --><!-- AddThis Share Buttons generic via filter on the_content -->","protected":false},"excerpt":{"rendered":"<p>Une autre manifestation contre la r\u00e9forme des retraites avait lieu ce 16 janvier \u00e0 la Manufacture des tabacs, dans le 3\u00e8me arrondissement de Lyon. R\u00e9uni &hellip; <!-- AddThis Advanced Settings generic via filter on wp_trim_excerpt --><!-- AddThis Share Buttons generic via filter on wp_trim_excerpt --><\/p>\n","protected":false},"author":14288,"featured_media":18734,"comment_status":"open","ping_status":"open","sticky":false,"template":"","format":"standard","meta":{"_FSMCFIC_featured_image_caption":"","_FSMCFIC_featured_image_nocaption":"","_FSMCFIC_featured_image_hide":"","footnotes":""},"categories":[6447],"tags":[],"class_list":["post-18729","post","type-post","status-publish","format-standard","has-post-thumbnail","hentry","category-manifestations"],"yoast_head":"<!-- This site is optimized with the Yoast SEO plugin v22.8 - https:\/\/yoast.com\/wordpress\/plugins\/seo\/ -->\n<title>Manifestation du 16 janvier \u00e0 Lyon : \u00ab La suspension de l\u2019\u00e2ge pivot, c\u2019est une autre man\u0153uvre \u00bb - Lyon Bondy Blog<\/title>\n<meta name=\"robots\" content=\"index, follow, max-snippet:-1, max-image-preview:large, max-video-preview:-1\" \/>\n<link rel=\"canonical\" href=\"https:\/\/lyonbondyblog.fr\/LBB\/manifestation-du-16-janvier-a-lyon-la-suspension-de-lage-pivot-cest-une-autre-manoeuvre\/\" \/>\n<meta property=\"og:locale\" content=\"fr_FR\" \/>\n<meta property=\"og:type\" content=\"article\" \/>\n<meta property=\"og:title\" content=\"Manifestation du 16 janvier \u00e0 Lyon : \u00ab La suspension de l\u2019\u00e2ge pivot, c\u2019est une autre man\u0153uvre \u00bb - Lyon Bondy Blog\" \/>\n<meta property=\"og:description\" content=\"Une autre manifestation contre la r\u00e9forme des retraites avait lieu ce 16 janvier \u00e0 la Manufacture des tabacs, dans le 3\u00e8me arrondissement de Lyon. R\u00e9uni &hellip;\" \/>\n<meta property=\"og:url\" content=\"https:\/\/lyonbondyblog.fr\/LBB\/manifestation-du-16-janvier-a-lyon-la-suspension-de-lage-pivot-cest-une-autre-manoeuvre\/\" \/>\n<meta property=\"og:site_name\" content=\"Lyon Bondy Blog\" \/>\n<meta property=\"article:publisher\" content=\"https:\/\/www.facebook.com\/lyonbondyblog\" \/>\n<meta property=\"article:published_time\" content=\"2020-01-16T15:18:04+00:00\" \/>\n<meta property=\"article:modified_time\" content=\"2020-01-16T15:22:08+00:00\" \/>\n<meta property=\"og:image\" content=\"https:\/\/lyonbondyblog.fr\/LBB\/wp-content\/uploads\/2020\/01\/82553084_1502393026591129_1813594028575293440_n.jpg\" \/>\n\t<meta property=\"og:image:width\" content=\"3968\" \/>\n\t<meta property=\"og:image:height\" content=\"2976\" \/>\n\t<meta property=\"og:image:type\" content=\"image\/jpeg\" \/>\n<meta name=\"author\" content=\"Nicolas Delattre\" \/>\n<meta name=\"twitter:card\" content=\"summary_large_image\" \/>\n<meta name=\"twitter:creator\" content=\"@bondybloglyon\" \/>\n<meta name=\"twitter:site\" content=\"@bondybloglyon\" \/>\n<script type=\"application\/ld+json\" class=\"yoast-schema-graph\">{\"@context\":\"https:\/\/schema.org\",\"@graph\":[{\"@type\":\"Article\",\"@id\":\"https:\/\/lyonbondyblog.fr\/LBB\/manifestation-du-16-janvier-a-lyon-la-suspension-de-lage-pivot-cest-une-autre-manoeuvre\/#article\",\"isPartOf\":{\"@id\":\"https:\/\/lyonbondyblog.fr\/LBB\/manifestation-du-16-janvier-a-lyon-la-suspension-de-lage-pivot-cest-une-autre-manoeuvre\/\"},\"author\":{\"name\":\"Nicolas Delattre\",\"@id\":\"https:\/\/lyonbondyblog.fr\/LBB\/#\/schema\/person\/3f5335e7f858766f4ed6876c707e54c5\"},\"headline\":\"Manifestation du 16 janvier \u00e0 Lyon : \u00ab La suspension de l\u2019\u00e2ge pivot, c\u2019est une autre man\u0153uvre \u00bb\",\"datePublished\":\"2020-01-16T15:18:04+00:00\",\"dateModified\":\"2020-01-16T15:22:08+00:00\",\"mainEntityOfPage\":{\"@id\":\"https:\/\/lyonbondyblog.fr\/LBB\/manifestation-du-16-janvier-a-lyon-la-suspension-de-lage-pivot-cest-une-autre-manoeuvre\/\"},\"wordCount\":324,\"commentCount\":0,\"publisher\":{\"@id\":\"https:\/\/lyonbondyblog.fr\/LBB\/#organization\"},\"image\":{\"@id\":\"https:\/\/lyonbondyblog.fr\/LBB\/manifestation-du-16-janvier-a-lyon-la-suspension-de-lage-pivot-cest-une-autre-manoeuvre\/#primaryimage\"},\"thumbnailUrl\":\"https:\/\/lyonbondyblog.fr\/LBB\/wp-content\/uploads\/2020\/01\/82553084_1502393026591129_1813594028575293440_n.jpg\",\"articleSection\":[\"Manifestations\"],\"inLanguage\":\"fr-FR\",\"potentialAction\":[{\"@type\":\"CommentAction\",\"name\":\"Comment\",\"target\":[\"https:\/\/lyonbondyblog.fr\/LBB\/manifestation-du-16-janvier-a-lyon-la-suspension-de-lage-pivot-cest-une-autre-manoeuvre\/#respond\"]}]},{\"@type\":\"WebPage\",\"@id\":\"https:\/\/lyonbondyblog.fr\/LBB\/manifestation-du-16-janvier-a-lyon-la-suspension-de-lage-pivot-cest-une-autre-manoeuvre\/\",\"url\":\"https:\/\/lyonbondyblog.fr\/LBB\/manifestation-du-16-janvier-a-lyon-la-suspension-de-lage-pivot-cest-une-autre-manoeuvre\/\",\"name\":\"Manifestation du 16 janvier \u00e0 Lyon : \u00ab La suspension de l\u2019\u00e2ge pivot, c\u2019est une autre man\u0153uvre \u00bb - Lyon Bondy Blog\",\"isPartOf\":{\"@id\":\"https:\/\/lyonbondyblog.fr\/LBB\/#website\"},\"primaryImageOfPage\":{\"@id\":\"https:\/\/lyonbondyblog.fr\/LBB\/manifestation-du-16-janvier-a-lyon-la-suspension-de-lage-pivot-cest-une-autre-manoeuvre\/#primaryimage\"},\"image\":{\"@id\":\"https:\/\/lyonbondyblog.fr\/LBB\/manifestation-du-16-janvier-a-lyon-la-suspension-de-lage-pivot-cest-une-autre-manoeuvre\/#primaryimage\"},\"thumbnailUrl\":\"https:\/\/lyonbondyblog.fr\/LBB\/wp-content\/uploads\/2020\/01\/82553084_1502393026591129_1813594028575293440_n.jpg\",\"datePublished\":\"2020-01-16T15:18:04+00:00\",\"dateModified\":\"2020-01-16T15:22:08+00:00\",\"inLanguage\":\"fr-FR\",\"potentialAction\":[{\"@type\":\"ReadAction\",\"target\":[\"https:\/\/lyonbondyblog.fr\/LBB\/manifestation-du-16-janvier-a-lyon-la-suspension-de-lage-pivot-cest-une-autre-manoeuvre\/\"]}]},{\"@type\":\"ImageObject\",\"inLanguage\":\"fr-FR\",\"@id\":\"https:\/\/lyonbondyblog.fr\/LBB\/manifestation-du-16-janvier-a-lyon-la-suspension-de-lage-pivot-cest-une-autre-manoeuvre\/#primaryimage\",\"url\":\"https:\/\/lyonbondyblog.fr\/LBB\/wp-content\/uploads\/2020\/01\/82553084_1502393026591129_1813594028575293440_n.jpg\",\"contentUrl\":\"https:\/\/lyonbondyblog.fr\/LBB\/wp-content\/uploads\/2020\/01\/82553084_1502393026591129_1813594028575293440_n.jpg\",\"width\":3968,\"height\":2976},{\"@type\":\"WebSite\",\"@id\":\"https:\/\/lyonbondyblog.fr\/LBB\/#website\",\"url\":\"https:\/\/lyonbondyblog.fr\/LBB\/\",\"name\":\"Lyon Bondy Blog\",\"description\":\"\",\"publisher\":{\"@id\":\"https:\/\/lyonbondyblog.fr\/LBB\/#organization\"},\"potentialAction\":[{\"@type\":\"SearchAction\",\"target\":{\"@type\":\"EntryPoint\",\"urlTemplate\":\"https:\/\/lyonbondyblog.fr\/LBB\/?s={search_term_string}\"},\"query-input\":\"required name=search_term_string\"}],\"inLanguage\":\"fr-FR\"},{\"@type\":\"Organization\",\"@id\":\"https:\/\/lyonbondyblog.fr\/LBB\/#organization\",\"name\":\"LYON BONDY BLOG\",\"url\":\"https:\/\/lyonbondyblog.fr\/LBB\/\",\"logo\":{\"@type\":\"ImageObject\",\"inLanguage\":\"fr-FR\",\"@id\":\"https:\/\/lyonbondyblog.fr\/LBB\/#\/schema\/logo\/image\/\",\"url\":\"http:\/\/lyonbondyblog.fr\/LBB\/wp-content\/uploads\/2014\/10\/logo-portable-144.png\",\"contentUrl\":\"http:\/\/lyonbondyblog.fr\/LBB\/wp-content\/uploads\/2014\/10\/logo-portable-144.png\",\"width\":144,\"height\":123,\"caption\":\"LYON BONDY BLOG\"},\"image\":{\"@id\":\"https:\/\/lyonbondyblog.fr\/LBB\/#\/schema\/logo\/image\/\"},\"sameAs\":[\"https:\/\/www.facebook.com\/lyonbondyblog\",\"https:\/\/x.com\/bondybloglyon\"]},{\"@type\":\"Person\",\"@id\":\"https:\/\/lyonbondyblog.fr\/LBB\/#\/schema\/person\/3f5335e7f858766f4ed6876c707e54c5\",\"name\":\"Nicolas Delattre\",\"url\":\"https:\/\/lyonbondyblog.fr\/LBB\/author\/nicolas-delattre\/\"}]}<\/script>\n<!-- \/ Yoast SEO plugin. -->","yoast_head_json":{"title":"Manifestation du 16 janvier \u00e0 Lyon : \u00ab La suspension de l\u2019\u00e2ge pivot, c\u2019est une autre man\u0153uvre \u00bb - Lyon Bondy Blog","robots":{"index":"index","follow":"follow","max-snippet":"max-snippet:-1","max-image-preview":"max-image-preview:large","max-video-preview":"max-video-preview:-1"},"canonical":"https:\/\/lyonbondyblog.fr\/LBB\/manifestation-du-16-janvier-a-lyon-la-suspension-de-lage-pivot-cest-une-autre-manoeuvre\/","og_locale":"fr_FR","og_type":"article","og_title":"Manifestation du 16 janvier \u00e0 Lyon : \u00ab La suspension de l\u2019\u00e2ge pivot, c\u2019est une autre man\u0153uvre \u00bb - Lyon Bondy Blog","og_description":"Une autre manifestation contre la r\u00e9forme des retraites avait lieu ce 16 janvier \u00e0 la Manufacture des tabacs, dans le 3\u00e8me arrondissement de Lyon. R\u00e9uni &hellip;","og_url":"https:\/\/lyonbondyblog.fr\/LBB\/manifestation-du-16-janvier-a-lyon-la-suspension-de-lage-pivot-cest-une-autre-manoeuvre\/","og_site_name":"Lyon Bondy Blog","article_publisher":"https:\/\/www.facebook.com\/lyonbondyblog","article_published_time":"2020-01-16T15:18:04+00:00","article_modified_time":"2020-01-16T15:22:08+00:00","og_image":[{"width":3968,"height":2976,"url":"https:\/\/lyonbondyblog.fr\/LBB\/wp-content\/uploads\/2020\/01\/82553084_1502393026591129_1813594028575293440_n.jpg","type":"image\/jpeg"}],"author":"Nicolas Delattre","twitter_card":"summary_large_image","twitter_creator":"@bondybloglyon","twitter_site":"@bondybloglyon","schema":{"@context":"https:\/\/schema.org","@graph":[{"@type":"Article","@id":"https:\/\/lyonbondyblog.fr\/LBB\/manifestation-du-16-janvier-a-lyon-la-suspension-de-lage-pivot-cest-une-autre-manoeuvre\/#article","isPartOf":{"@id":"https:\/\/lyonbondyblog.fr\/LBB\/manifestation-du-16-janvier-a-lyon-la-suspension-de-lage-pivot-cest-une-autre-manoeuvre\/"},"author":{"name":"Nicolas Delattre","@id":"https:\/\/lyonbondyblog.fr\/LBB\/#\/schema\/person\/3f5335e7f858766f4ed6876c707e54c5"},"headline":"Manifestation du 16 janvier \u00e0 Lyon : \u00ab La suspension de l\u2019\u00e2ge pivot, c\u2019est une autre man\u0153uvre \u00bb","datePublished":"2020-01-16T15:18:04+00:00","dateModified":"2020-01-16T15:22:08+00:00","mainEntityOfPage":{"@id":"https:\/\/lyonbondyblog.fr\/LBB\/manifestation-du-16-janvier-a-lyon-la-suspension-de-lage-pivot-cest-une-autre-manoeuvre\/"},"wordCount":324,"commentCount":0,"publisher":{"@id":"https:\/\/lyonbondyblog.fr\/LBB\/#organization"},"image":{"@id":"https:\/\/lyonbondyblog.fr\/LBB\/manifestation-du-16-janvier-a-lyon-la-suspension-de-lage-pivot-cest-une-autre-manoeuvre\/#primaryimage"},"thumbnailUrl":"https:\/\/lyonbondyblog.fr\/LBB\/wp-content\/uploads\/2020\/01\/82553084_1502393026591129_1813594028575293440_n.jpg","articleSection":["Manifestations"],"inLanguage":"fr-FR","potentialAction":[{"@type":"CommentAction","name":"Comment","target":["https:\/\/lyonbondyblog.fr\/LBB\/manifestation-du-16-janvier-a-lyon-la-suspension-de-lage-pivot-cest-une-autre-manoeuvre\/#respond"]}]},{"@type":"WebPage","@id":"https:\/\/lyonbondyblog.fr\/LBB\/manifestation-du-16-janvier-a-lyon-la-suspension-de-lage-pivot-cest-une-autre-manoeuvre\/","url":"https:\/\/lyonbondyblog.fr\/LBB\/manifestation-du-16-janvier-a-lyon-la-suspension-de-lage-pivot-cest-une-autre-manoeuvre\/","name":"Manifestation du 16 janvier \u00e0 Lyon : \u00ab La suspension de l\u2019\u00e2ge pivot, c\u2019est une autre man\u0153uvre \u00bb - Lyon Bondy Blog","isPartOf":{"@id":"https:\/\/lyonbondyblog.fr\/LBB\/#website"},"primaryImageOfPage":{"@id":"https:\/\/lyonbondyblog.fr\/LBB\/manifestation-du-16-janvier-a-lyon-la-suspension-de-lage-pivot-cest-une-autre-manoeuvre\/#primaryimage"},"image":{"@id":"https:\/\/lyonbondyblog.fr\/LBB\/manifestation-du-16-janvier-a-lyon-la-suspension-de-lage-pivot-cest-une-autre-manoeuvre\/#primaryimage"},"thumbnailUrl":"https:\/\/lyonbondyblog.fr\/LBB\/wp-content\/uploads\/2020\/01\/82553084_1502393026591129_1813594028575293440_n.jpg","datePublished":"2020-01-16T15:18:04+00:00","dateModified":"2020-01-16T15:22:08+00:00","inLanguage":"fr-FR","potentialAction":[{"@type":"ReadAction","target":["https:\/\/lyonbondyblog.fr\/LBB\/manifestation-du-16-janvier-a-lyon-la-suspension-de-lage-pivot-cest-une-autre-manoeuvre\/"]}]},{"@type":"ImageObject","inLanguage":"fr-FR","@id":"https:\/\/lyonbondyblog.fr\/LBB\/manifestation-du-16-janvier-a-lyon-la-suspension-de-lage-pivot-cest-une-autre-manoeuvre\/#primaryimage","url":"https:\/\/lyonbondyblog.fr\/LBB\/wp-content\/uploads\/2020\/01\/82553084_1502393026591129_1813594028575293440_n.jpg","contentUrl":"https:\/\/lyonbondyblog.fr\/LBB\/wp-content\/uploads\/2020\/01\/82553084_1502393026591129_1813594028575293440_n.jpg","width":3968,"height":2976},{"@type":"WebSite","@id":"https:\/\/lyonbondyblog.fr\/LBB\/#website","url":"https:\/\/lyonbondyblog.fr\/LBB\/","name":"Lyon Bondy Blog","description":"","publisher":{"@id":"https:\/\/lyonbondyblog.fr\/LBB\/#organization"},"potentialAction":[{"@type":"SearchAction","target":{"@type":"EntryPoint","urlTemplate":"https:\/\/lyonbondyblog.fr\/LBB\/?s={search_term_string}"},"query-input":"required name=search_term_string"}],"inLanguage":"fr-FR"},{"@type":"Organization","@id":"https:\/\/lyonbondyblog.fr\/LBB\/#organization","name":"LYON BONDY BLOG","url":"https:\/\/lyonbondyblog.fr\/LBB\/","logo":{"@type":"ImageObject","inLanguage":"fr-FR","@id":"https:\/\/lyonbondyblog.fr\/LBB\/#\/schema\/logo\/image\/","url":"http:\/\/lyonbondyblog.fr\/LBB\/wp-content\/uploads\/2014\/10\/logo-portable-144.png","contentUrl":"http:\/\/lyonbondyblog.fr\/LBB\/wp-content\/uploads\/2014\/10\/logo-portable-144.png","width":144,"height":123,"caption":"LYON BONDY BLOG"},"image":{"@id":"https:\/\/lyonbondyblog.fr\/LBB\/#\/schema\/logo\/image\/"},"sameAs":["https:\/\/www.facebook.com\/lyonbondyblog","https:\/\/x.com\/bondybloglyon"]},{"@type":"Person","@id":"https:\/\/lyonbondyblog.fr\/LBB\/#\/schema\/person\/3f5335e7f858766f4ed6876c707e54c5","name":"Nicolas Delattre","url":"https:\/\/lyonbondyblog.fr\/LBB\/author\/nicolas-delattre\/"}]}},"_links":{"self":[{"href":"https:\/\/lyonbondyblog.fr\/LBB\/wp-json\/wp\/v2\/posts\/18729","targetHints":{"allow":["GET"]}}],"collection":[{"href":"https:\/\/lyonbondyblog.fr\/LBB\/wp-json\/wp\/v2\/posts"}],"about":[{"href":"https:\/\/lyonbondyblog.fr\/LBB\/wp-json\/wp\/v2\/types\/post"}],"author":[{"embeddable":true,"href":"https:\/\/lyonbondyblog.fr\/LBB\/wp-json\/wp\/v2\/users\/14288"}],"replies":[{"embeddable":true,"href":"https:\/\/lyonbondyblog.fr\/LBB\/wp-json\/wp\/v2\/comments?post=18729"}],"version-history":[{"count":7,"href":"https:\/\/lyonbondyblog.fr\/LBB\/wp-json\/wp\/v2\/posts\/18729\/revisions"}],"predecessor-version":[{"id":18749,"href":"https:\/\/lyonbondyblog.fr\/LBB\/wp-json\/wp\/v2\/posts\/18729\/revisions\/18749"}],"wp:featuredmedia":[{"embeddable":true,"href":"https:\/\/lyonbondyblog.fr\/LBB\/wp-json\/wp\/v2\/media\/18734"}],"wp:attachment":[{"href":"https:\/\/lyonbondyblog.fr\/LBB\/wp-json\/wp\/v2\/media?parent=18729"}],"wp:term":[{"taxonomy":"category","embeddable":true,"href":"https:\/\/lyonbondyblog.fr\/LBB\/wp-json\/wp\/v2\/categories?post=18729"},{"taxonomy":"post_tag","embeddable":true,"href":"https:\/\/lyonbondyblog.fr\/LBB\/wp-json\/wp\/v2\/tags?post=18729"}],"curies":[{"name":"wp","href":"https:\/\/api.w.org\/{rel}","templated":true}]}}