{"id":18615,"date":"2020-01-06T11:26:54","date_gmt":"2020-01-06T10:26:54","guid":{"rendered":"http:\/\/lyonbondyblog.fr\/LBB\/?p=18615"},"modified":"2020-01-06T11:26:54","modified_gmt":"2020-01-06T10:26:54","slug":"quand-extinction-rebellion-demande-la-verite","status":"publish","type":"post","link":"https:\/\/lyonbondyblog.fr\/LBB\/quand-extinction-rebellion-demande-la-verite\/","title":{"rendered":"Quand Extinction R\u00e9bellion demande la v\u00e9rit\u00e9"},"content":{"rendered":"<h4>Au mois de janvier d\u00e9marre la campagne nationale \u00ab Dites la v\u00e9rit\u00e9 \u00bb, orchestr\u00e9e par Extinction R\u00e9bellion dans toute la France. L\u2019antenne lyonnaise, tr\u00e8s active, a initi\u00e9 l\u2019action d\u00e8s ce jeudi 2 janvier dans le troisi\u00e8me arrondissement de Lyon.<\/h4>\n<p>L\u2019organisation \u00ab XR \u00bb (Extinction R\u00e9bellion) est d\u00e9sormais bien implant\u00e9e \u00e0 Lyon et dans sa r\u00e9gion. Mouvement de d\u00e9sob\u00e9issance civile agissant gr\u00e2ce aux m\u00e9thodes non-violentes, mais n\u00e9anmoins par des actions chocs, les rebelles, tels qu\u2019ils se d\u00e9finissent, sont d\u00e9sormais plusieurs centaines dans l\u2019agglom\u00e9ration. Le fonctionnement horizontal et d\u00e9centralis\u00e9 de la structure leur permet des actions d\u2019ampleur locales, r\u00e9gionales, voire nationales.<\/p>\n<p>C\u2019est justement une campagne nationale qui d\u00e9marre et souhaite porter la premi\u00e8re revendication du mouvement, qui est d\u2019amener les d\u00e9cideurs \u00e0 \u00ab dire la v\u00e9rit\u00e9 \u00bb sur l\u2019urgence climatique et \u00e9cologique. Ils d\u00e9clarent : \u00ab<em> il nous faut porter haut et fort notre premi\u00e8re revendication au public, aux m\u00e9dias et aux \u00e9lu.e.s, candidats et mairies ! Si la plupart des gens sont d\u00e9sormais au courant des d\u00e9r\u00e8glements climatiques, trop peu sont r\u00e9ellement conscients de la r\u00e9elle urgence \u00e9cologique, climatique et sociale ; si nous n\u2019agissons pas et nous ne nous mobilisons pas maintenant TOU.TE.S ENSEMBLE , l\u2019humanit\u00e9 court \u00e0 sa perte !<\/em> \u00bb<\/p>\n<p>L\u2019action s\u2019inscrira dans la dur\u00e9e, selon un crescendo jusqu\u2019aux \u00e9lections municipales, et articul\u00e9e par diverses formes d\u2019actions. Pour d\u00e9buter cette campagne, le mouvement a choisi l\u2019affichage \u00e0 destination du grand public, avant d\u2019interpeller plus directement candidats et \u00e9lus. Une m\u00e9thode \u00e9prouv\u00e9e pour faire passer des messages. C\u2019est ainsi que ce vendredi 3 janvier, le 3\u00e8me arrondissement s\u2019est vu massivement recouvert d\u2019affiches aux messages chocs, particuli\u00e8rement dans le quartier autour de l\u2019avenue Lacassagne ou F\u00e9lix Faure.<\/p>\n<p>\u00ab <em>L\u2019espoir meurt, l\u2019action commence<\/em> \u00bb, \u00ab<em> Nous ne sommes pas pr\u00eats<\/em> \u00bb, \u00ab<em> urgence absolue<\/em> \u00bb, \u00ab <em>6\u00e8me extinction de masse<\/em> \u00bb, sont les 4 slogans percutants qui invitent les passants \u00e0 s\u2019interroger. Car l\u2019essentiel pour eux dans un premier temps est de faire entendre le message \u00ab aux personnes qui n\u2019ont pas l\u2019habitude de nous entendre \u00bb.<\/p>\n<p>La campagne d\u2019affichage se poursuivra, et s\u2019intensifiera m\u00eame, dans les semaines \u00e0 venir. Le mouvement peut compter sur la mobilisation de ses membres, souvent jeunes, dont la conviction que nous sommes au bord du pr\u00e9cipice, renforce la motivation. \u00ab<em> Se rebeller est juste, d\u00e9sob\u00e9ir est un devoir, agir est n\u00e9cessaire<\/em> \u00bb, une citation d\u2019Oscar Wilde qu\u2019ils ont choisi pour illustrer leur combat.<\/p>\n<p>C\u00e9dric Deglise<\/p>\n<!-- AddThis Advanced Settings generic via filter on the_content --><!-- AddThis Share Buttons generic via filter on the_content -->","protected":false},"excerpt":{"rendered":"<p>Au mois de janvier d\u00e9marre la campagne nationale \u00ab Dites la v\u00e9rit\u00e9 \u00bb, orchestr\u00e9e par Extinction R\u00e9bellion dans toute la France. L\u2019antenne lyonnaise, tr\u00e8s active, &hellip; <!-- AddThis Advanced Settings generic via filter on wp_trim_excerpt --><!-- AddThis Share Buttons generic via filter on wp_trim_excerpt --><\/p>\n","protected":false},"author":1,"featured_media":18616,"comment_status":"open","ping_status":"open","sticky":false,"template":"","format":"standard","meta":{"_FSMCFIC_featured_image_caption":"","_FSMCFIC_featured_image_nocaption":"","_FSMCFIC_featured_image_hide":"","footnotes":""},"categories":[6446,2],"tags":[],"class_list":["post-18615","post","type-post","status-publish","format-standard","has-post-thumbnail","hentry","category-ecologie","category-societe"],"yoast_head":"<!-- This site is optimized with the Yoast SEO plugin v22.8 - https:\/\/yoast.com\/wordpress\/plugins\/seo\/ -->\n<title>Quand Extinction R\u00e9bellion demande la v\u00e9rit\u00e9 - Lyon Bondy Blog<\/title>\n<meta name=\"robots\" content=\"index, follow, max-snippet:-1, max-image-preview:large, max-video-preview:-1\" \/>\n<link rel=\"canonical\" href=\"https:\/\/lyonbondyblog.fr\/LBB\/quand-extinction-rebellion-demande-la-verite\/\" \/>\n<meta property=\"og:locale\" content=\"fr_FR\" \/>\n<meta property=\"og:type\" content=\"article\" \/>\n<meta property=\"og:title\" content=\"Quand Extinction R\u00e9bellion demande la v\u00e9rit\u00e9 - Lyon Bondy Blog\" \/>\n<meta property=\"og:description\" content=\"Au mois de janvier d\u00e9marre la campagne nationale \u00ab Dites la v\u00e9rit\u00e9 \u00bb, orchestr\u00e9e par Extinction R\u00e9bellion dans toute la France. L\u2019antenne lyonnaise, tr\u00e8s active, &hellip;\" \/>\n<meta property=\"og:url\" content=\"https:\/\/lyonbondyblog.fr\/LBB\/quand-extinction-rebellion-demande-la-verite\/\" \/>\n<meta property=\"og:site_name\" content=\"Lyon Bondy Blog\" \/>\n<meta property=\"article:publisher\" content=\"https:\/\/www.facebook.com\/lyonbondyblog\" \/>\n<meta property=\"article:author\" content=\"https:\/\/www.facebook.com\/lyonbondyblog\" \/>\n<meta property=\"article:published_time\" content=\"2020-01-06T10:26:54+00:00\" \/>\n<meta property=\"og:image\" content=\"https:\/\/lyonbondyblog.fr\/LBB\/wp-content\/uploads\/2020\/01\/20200102_233016-e1578306219634.jpg\" \/>\n\t<meta property=\"og:image:width\" content=\"3096\" \/>\n\t<meta property=\"og:image:height\" content=\"4128\" \/>\n\t<meta property=\"og:image:type\" content=\"image\/jpeg\" \/>\n<meta name=\"author\" content=\"La r\u00e9daction\" \/>\n<meta name=\"twitter:card\" content=\"summary_large_image\" \/>\n<meta name=\"twitter:creator\" content=\"@BondyBlogLyon\" \/>\n<meta name=\"twitter:site\" content=\"@bondybloglyon\" \/>\n<script type=\"application\/ld+json\" class=\"yoast-schema-graph\">{\"@context\":\"https:\/\/schema.org\",\"@graph\":[{\"@type\":\"Article\",\"@id\":\"https:\/\/lyonbondyblog.fr\/LBB\/quand-extinction-rebellion-demande-la-verite\/#article\",\"isPartOf\":{\"@id\":\"https:\/\/lyonbondyblog.fr\/LBB\/quand-extinction-rebellion-demande-la-verite\/\"},\"author\":{\"name\":\"La r\u00e9daction\",\"@id\":\"https:\/\/lyonbondyblog.fr\/LBB\/#\/schema\/person\/e45f8d27baac75072daa0be50c409b25\"},\"headline\":\"Quand Extinction R\u00e9bellion demande la v\u00e9rit\u00e9\",\"datePublished\":\"2020-01-06T10:26:54+00:00\",\"dateModified\":\"2020-01-06T10:26:54+00:00\",\"mainEntityOfPage\":{\"@id\":\"https:\/\/lyonbondyblog.fr\/LBB\/quand-extinction-rebellion-demande-la-verite\/\"},\"wordCount\":456,\"commentCount\":0,\"publisher\":{\"@id\":\"https:\/\/lyonbondyblog.fr\/LBB\/#organization\"},\"image\":{\"@id\":\"https:\/\/lyonbondyblog.fr\/LBB\/quand-extinction-rebellion-demande-la-verite\/#primaryimage\"},\"thumbnailUrl\":\"https:\/\/lyonbondyblog.fr\/LBB\/wp-content\/uploads\/2020\/01\/20200102_233016-e1578306219634.jpg\",\"articleSection\":[\"\u00c9cologie\",\"Soci\u00e9t\u00e9\"],\"inLanguage\":\"fr-FR\",\"potentialAction\":[{\"@type\":\"CommentAction\",\"name\":\"Comment\",\"target\":[\"https:\/\/lyonbondyblog.fr\/LBB\/quand-extinction-rebellion-demande-la-verite\/#respond\"]}]},{\"@type\":\"WebPage\",\"@id\":\"https:\/\/lyonbondyblog.fr\/LBB\/quand-extinction-rebellion-demande-la-verite\/\",\"url\":\"https:\/\/lyonbondyblog.fr\/LBB\/quand-extinction-rebellion-demande-la-verite\/\",\"name\":\"Quand Extinction R\u00e9bellion demande la v\u00e9rit\u00e9 - Lyon Bondy Blog\",\"isPartOf\":{\"@id\":\"https:\/\/lyonbondyblog.fr\/LBB\/#website\"},\"primaryImageOfPage\":{\"@id\":\"https:\/\/lyonbondyblog.fr\/LBB\/quand-extinction-rebellion-demande-la-verite\/#primaryimage\"},\"image\":{\"@id\":\"https:\/\/lyonbondyblog.fr\/LBB\/quand-extinction-rebellion-demande-la-verite\/#primaryimage\"},\"thumbnailUrl\":\"https:\/\/lyonbondyblog.fr\/LBB\/wp-content\/uploads\/2020\/01\/20200102_233016-e1578306219634.jpg\",\"datePublished\":\"2020-01-06T10:26:54+00:00\",\"dateModified\":\"2020-01-06T10:26:54+00:00\",\"inLanguage\":\"fr-FR\",\"potentialAction\":[{\"@type\":\"ReadAction\",\"target\":[\"https:\/\/lyonbondyblog.fr\/LBB\/quand-extinction-rebellion-demande-la-verite\/\"]}]},{\"@type\":\"ImageObject\",\"inLanguage\":\"fr-FR\",\"@id\":\"https:\/\/lyonbondyblog.fr\/LBB\/quand-extinction-rebellion-demande-la-verite\/#primaryimage\",\"url\":\"https:\/\/lyonbondyblog.fr\/LBB\/wp-content\/uploads\/2020\/01\/20200102_233016-e1578306219634.jpg\",\"contentUrl\":\"https:\/\/lyonbondyblog.fr\/LBB\/wp-content\/uploads\/2020\/01\/20200102_233016-e1578306219634.jpg\",\"width\":3096,\"height\":4128},{\"@type\":\"WebSite\",\"@id\":\"https:\/\/lyonbondyblog.fr\/LBB\/#website\",\"url\":\"https:\/\/lyonbondyblog.fr\/LBB\/\",\"name\":\"Lyon Bondy Blog\",\"description\":\"\",\"publisher\":{\"@id\":\"https:\/\/lyonbondyblog.fr\/LBB\/#organization\"},\"potentialAction\":[{\"@type\":\"SearchAction\",\"target\":{\"@type\":\"EntryPoint\",\"urlTemplate\":\"https:\/\/lyonbondyblog.fr\/LBB\/?s={search_term_string}\"},\"query-input\":\"required name=search_term_string\"}],\"inLanguage\":\"fr-FR\"},{\"@type\":\"Organization\",\"@id\":\"https:\/\/lyonbondyblog.fr\/LBB\/#organization\",\"name\":\"LYON BONDY BLOG\",\"url\":\"https:\/\/lyonbondyblog.fr\/LBB\/\",\"logo\":{\"@type\":\"ImageObject\",\"inLanguage\":\"fr-FR\",\"@id\":\"https:\/\/lyonbondyblog.fr\/LBB\/#\/schema\/logo\/image\/\",\"url\":\"http:\/\/lyonbondyblog.fr\/LBB\/wp-content\/uploads\/2014\/10\/logo-portable-144.png\",\"contentUrl\":\"http:\/\/lyonbondyblog.fr\/LBB\/wp-content\/uploads\/2014\/10\/logo-portable-144.png\",\"width\":144,\"height\":123,\"caption\":\"LYON BONDY BLOG\"},\"image\":{\"@id\":\"https:\/\/lyonbondyblog.fr\/LBB\/#\/schema\/logo\/image\/\"},\"sameAs\":[\"https:\/\/www.facebook.com\/lyonbondyblog\",\"https:\/\/x.com\/bondybloglyon\"]},{\"@type\":\"Person\",\"@id\":\"https:\/\/lyonbondyblog.fr\/LBB\/#\/schema\/person\/e45f8d27baac75072daa0be50c409b25\",\"name\":\"La r\u00e9daction\",\"description\":\"Cr\u00e9e en 2008, la r\u00e9daction du Lyon Bondy Blog s'applique \u00e0 proposer une information locale diff\u00e9rente et compl\u00e9mentaire des m\u00e9dias traditionnels.\",\"sameAs\":[\"https:\/\/www.facebook.com\/lyonbondyblog\",\"https:\/\/x.com\/BondyBlogLyon\"],\"url\":\"https:\/\/lyonbondyblog.fr\/LBB\/author\/admin\/\"}]}<\/script>\n<!-- \/ Yoast SEO plugin. -->","yoast_head_json":{"title":"Quand Extinction R\u00e9bellion demande la v\u00e9rit\u00e9 - Lyon Bondy Blog","robots":{"index":"index","follow":"follow","max-snippet":"max-snippet:-1","max-image-preview":"max-image-preview:large","max-video-preview":"max-video-preview:-1"},"canonical":"https:\/\/lyonbondyblog.fr\/LBB\/quand-extinction-rebellion-demande-la-verite\/","og_locale":"fr_FR","og_type":"article","og_title":"Quand Extinction R\u00e9bellion demande la v\u00e9rit\u00e9 - Lyon Bondy Blog","og_description":"Au mois de janvier d\u00e9marre la campagne nationale \u00ab Dites la v\u00e9rit\u00e9 \u00bb, orchestr\u00e9e par Extinction R\u00e9bellion dans toute la France. L\u2019antenne lyonnaise, tr\u00e8s active, &hellip;","og_url":"https:\/\/lyonbondyblog.fr\/LBB\/quand-extinction-rebellion-demande-la-verite\/","og_site_name":"Lyon Bondy Blog","article_publisher":"https:\/\/www.facebook.com\/lyonbondyblog","article_author":"https:\/\/www.facebook.com\/lyonbondyblog","article_published_time":"2020-01-06T10:26:54+00:00","og_image":[{"width":3096,"height":4128,"url":"https:\/\/lyonbondyblog.fr\/LBB\/wp-content\/uploads\/2020\/01\/20200102_233016-e1578306219634.jpg","type":"image\/jpeg"}],"author":"La r\u00e9daction","twitter_card":"summary_large_image","twitter_creator":"@BondyBlogLyon","twitter_site":"@bondybloglyon","schema":{"@context":"https:\/\/schema.org","@graph":[{"@type":"Article","@id":"https:\/\/lyonbondyblog.fr\/LBB\/quand-extinction-rebellion-demande-la-verite\/#article","isPartOf":{"@id":"https:\/\/lyonbondyblog.fr\/LBB\/quand-extinction-rebellion-demande-la-verite\/"},"author":{"name":"La r\u00e9daction","@id":"https:\/\/lyonbondyblog.fr\/LBB\/#\/schema\/person\/e45f8d27baac75072daa0be50c409b25"},"headline":"Quand Extinction R\u00e9bellion demande la v\u00e9rit\u00e9","datePublished":"2020-01-06T10:26:54+00:00","dateModified":"2020-01-06T10:26:54+00:00","mainEntityOfPage":{"@id":"https:\/\/lyonbondyblog.fr\/LBB\/quand-extinction-rebellion-demande-la-verite\/"},"wordCount":456,"commentCount":0,"publisher":{"@id":"https:\/\/lyonbondyblog.fr\/LBB\/#organization"},"image":{"@id":"https:\/\/lyonbondyblog.fr\/LBB\/quand-extinction-rebellion-demande-la-verite\/#primaryimage"},"thumbnailUrl":"https:\/\/lyonbondyblog.fr\/LBB\/wp-content\/uploads\/2020\/01\/20200102_233016-e1578306219634.jpg","articleSection":["\u00c9cologie","Soci\u00e9t\u00e9"],"inLanguage":"fr-FR","potentialAction":[{"@type":"CommentAction","name":"Comment","target":["https:\/\/lyonbondyblog.fr\/LBB\/quand-extinction-rebellion-demande-la-verite\/#respond"]}]},{"@type":"WebPage","@id":"https:\/\/lyonbondyblog.fr\/LBB\/quand-extinction-rebellion-demande-la-verite\/","url":"https:\/\/lyonbondyblog.fr\/LBB\/quand-extinction-rebellion-demande-la-verite\/","name":"Quand Extinction R\u00e9bellion demande la v\u00e9rit\u00e9 - Lyon Bondy Blog","isPartOf":{"@id":"https:\/\/lyonbondyblog.fr\/LBB\/#website"},"primaryImageOfPage":{"@id":"https:\/\/lyonbondyblog.fr\/LBB\/quand-extinction-rebellion-demande-la-verite\/#primaryimage"},"image":{"@id":"https:\/\/lyonbondyblog.fr\/LBB\/quand-extinction-rebellion-demande-la-verite\/#primaryimage"},"thumbnailUrl":"https:\/\/lyonbondyblog.fr\/LBB\/wp-content\/uploads\/2020\/01\/20200102_233016-e1578306219634.jpg","datePublished":"2020-01-06T10:26:54+00:00","dateModified":"2020-01-06T10:26:54+00:00","inLanguage":"fr-FR","potentialAction":[{"@type":"ReadAction","target":["https:\/\/lyonbondyblog.fr\/LBB\/quand-extinction-rebellion-demande-la-verite\/"]}]},{"@type":"ImageObject","inLanguage":"fr-FR","@id":"https:\/\/lyonbondyblog.fr\/LBB\/quand-extinction-rebellion-demande-la-verite\/#primaryimage","url":"https:\/\/lyonbondyblog.fr\/LBB\/wp-content\/uploads\/2020\/01\/20200102_233016-e1578306219634.jpg","contentUrl":"https:\/\/lyonbondyblog.fr\/LBB\/wp-content\/uploads\/2020\/01\/20200102_233016-e1578306219634.jpg","width":3096,"height":4128},{"@type":"WebSite","@id":"https:\/\/lyonbondyblog.fr\/LBB\/#website","url":"https:\/\/lyonbondyblog.fr\/LBB\/","name":"Lyon Bondy Blog","description":"","publisher":{"@id":"https:\/\/lyonbondyblog.fr\/LBB\/#organization"},"potentialAction":[{"@type":"SearchAction","target":{"@type":"EntryPoint","urlTemplate":"https:\/\/lyonbondyblog.fr\/LBB\/?s={search_term_string}"},"query-input":"required name=search_term_string"}],"inLanguage":"fr-FR"},{"@type":"Organization","@id":"https:\/\/lyonbondyblog.fr\/LBB\/#organization","name":"LYON BONDY BLOG","url":"https:\/\/lyonbondyblog.fr\/LBB\/","logo":{"@type":"ImageObject","inLanguage":"fr-FR","@id":"https:\/\/lyonbondyblog.fr\/LBB\/#\/schema\/logo\/image\/","url":"http:\/\/lyonbondyblog.fr\/LBB\/wp-content\/uploads\/2014\/10\/logo-portable-144.png","contentUrl":"http:\/\/lyonbondyblog.fr\/LBB\/wp-content\/uploads\/2014\/10\/logo-portable-144.png","width":144,"height":123,"caption":"LYON BONDY BLOG"},"image":{"@id":"https:\/\/lyonbondyblog.fr\/LBB\/#\/schema\/logo\/image\/"},"sameAs":["https:\/\/www.facebook.com\/lyonbondyblog","https:\/\/x.com\/bondybloglyon"]},{"@type":"Person","@id":"https:\/\/lyonbondyblog.fr\/LBB\/#\/schema\/person\/e45f8d27baac75072daa0be50c409b25","name":"La r\u00e9daction","description":"Cr\u00e9e en 2008, la r\u00e9daction du Lyon Bondy Blog s'applique \u00e0 proposer une information locale diff\u00e9rente et compl\u00e9mentaire des m\u00e9dias traditionnels.","sameAs":["https:\/\/www.facebook.com\/lyonbondyblog","https:\/\/x.com\/BondyBlogLyon"],"url":"https:\/\/lyonbondyblog.fr\/LBB\/author\/admin\/"}]}},"_links":{"self":[{"href":"https:\/\/lyonbondyblog.fr\/LBB\/wp-json\/wp\/v2\/posts\/18615","targetHints":{"allow":["GET"]}}],"collection":[{"href":"https:\/\/lyonbondyblog.fr\/LBB\/wp-json\/wp\/v2\/posts"}],"about":[{"href":"https:\/\/lyonbondyblog.fr\/LBB\/wp-json\/wp\/v2\/types\/post"}],"author":[{"embeddable":true,"href":"https:\/\/lyonbondyblog.fr\/LBB\/wp-json\/wp\/v2\/users\/1"}],"replies":[{"embeddable":true,"href":"https:\/\/lyonbondyblog.fr\/LBB\/wp-json\/wp\/v2\/comments?post=18615"}],"version-history":[{"count":1,"href":"https:\/\/lyonbondyblog.fr\/LBB\/wp-json\/wp\/v2\/posts\/18615\/revisions"}],"predecessor-version":[{"id":18617,"href":"https:\/\/lyonbondyblog.fr\/LBB\/wp-json\/wp\/v2\/posts\/18615\/revisions\/18617"}],"wp:featuredmedia":[{"embeddable":true,"href":"https:\/\/lyonbondyblog.fr\/LBB\/wp-json\/wp\/v2\/media\/18616"}],"wp:attachment":[{"href":"https:\/\/lyonbondyblog.fr\/LBB\/wp-json\/wp\/v2\/media?parent=18615"}],"wp:term":[{"taxonomy":"category","embeddable":true,"href":"https:\/\/lyonbondyblog.fr\/LBB\/wp-json\/wp\/v2\/categories?post=18615"},{"taxonomy":"post_tag","embeddable":true,"href":"https:\/\/lyonbondyblog.fr\/LBB\/wp-json\/wp\/v2\/tags?post=18615"}],"curies":[{"name":"wp","href":"https:\/\/api.w.org\/{rel}","templated":true}]}}