{"id":18552,"date":"2019-12-30T15:25:05","date_gmt":"2019-12-30T14:25:05","guid":{"rendered":"http:\/\/lyonbondyblog.fr\/LBB\/?p=18552"},"modified":"2019-12-30T18:50:31","modified_gmt":"2019-12-30T17:50:31","slug":"interview-agnes-marion-candidate-rn-pour-la-mairie-centrale","status":"publish","type":"post","link":"https:\/\/lyonbondyblog.fr\/LBB\/interview-agnes-marion-candidate-rn-pour-la-mairie-centrale\/","title":{"rendered":"[Interview] Agn\u00e8s Marion, candidate RN pour la Mairie centrale"},"content":{"rendered":"<h4>Agn\u00e8s Marion est&nbsp;&nbsp;candidate \u00e0 la Mairie centrale de Lyon. T\u00eate de liste de \u00ab\u00a0Pour l&rsquo;amour de Lyon\u00a0\u00bb, le Lyon Bondy Blog l&rsquo;a rencontr\u00e9 lors d&rsquo;une de ces conf\u00e9rences de presse.<\/h4>\n<h4>La question \u00e9cologique devient une pr\u00e9occupation importante pour les citoyens lyonnais. Comment faire pour que Lyon r\u00e9ponde \u00e0 ces nouvelles exigences&nbsp;?<\/h4>\n<p>Comment fait-on pour vivre dans des ensembles de plus en plus grands sans ab\u00eemer le cadre de vie&nbsp;? C\u2019est une vraie question. Je me pose une autre question en pr\u00e9alable \u00e0 cette r\u00e9flexion&nbsp;: on est en train de cr\u00e9er des ensembles de plus en plus denses o\u00f9 se concentrent les pouvoirs politiques et \u00e9conomiques, et donc tout le dynamisme. \u00c0 partir du moment o\u00f9 l\u2019on fait cette concentration, il est difficile d\u2019\u00e9chapper \u00e0 la b\u00e9tonisation et aux probl\u00e8mes de mobilit\u00e9 notamment. Je crois qu\u2019il y a une vraie r\u00e9flexion que nous devons mener en toute coh\u00e9rence sur la pertinence de nos mod\u00e8les de d\u00e9veloppement, et notamment sur ce qui est mis en place par les concurrents politiques \u2013 je pense \u00e0 G\u00e9rard Collomb et David Kimelfeld pour la m\u00e9tropole. Ils ont cr\u00e9\u00e9 un \u00e9norme p\u00f4le d\u2019attraction dans\/pour la m\u00e9tropole lyonnaise au d\u00e9triment de tous les territoires alentours qui eux, se retrouvent d\u00e9serts.<\/p>\n<p>Je pense qu\u2019il y a un d\u00e9s\u00e9quilibre auquel il faut r\u00e9fl\u00e9chir. Je crois qu\u2019il y a des mesures simples \u00e0 prendre en \u00e9cologie. Je pense au localisme, c\u2019est-\u00e0-dire au fait de produire, de consommer et de recycler sur place. Il y a une tr\u00e8s grande incoh\u00e9rence \u00e0 aller chercher les produits que l\u2019on consomme tr\u00e8s loin alors que nous sommes un d\u00e9partement, une r\u00e9gion de grande production agroalimentaire. Je veux que l\u2019on pratique le localisme, je veux faciliter les producteurs locaux dans la commande publique, mais aussi dans la consommation locale avec, par exemple, des march\u00e9s de producteurs dans chaque arrondissement, plusieurs fois par semaine. Ou encore des points de livraison, qui permettraient au consommateur lyonnais d\u2019\u00eatre mis en relation directe avec le producteur du d\u00e9partement ou de la m\u00e9tropole. Il y a beaucoup de producteurs qui demandent de l\u2019ouverture sur le march\u00e9 lyonnais, pour que nos enfants mangent des produits lyonnais.<\/p>\n<p>Je pense que le localisme r\u00e9pond \u00e0 plusieurs probl\u00e9matiques. Je note que l\u2019\u00e9cologie est souvent punitive, et \u00e7a me pose un vrai probl\u00e8me. Je ne crois pas qu\u2019on puisse extirper \u00e7a au forceps, dans le sens o\u00f9 cela a un vrai impact sur la vie des gens. Il faut que l\u2019air devienne respirable, mais pas que la vie devienne invivable. Surtout pour ceux qui ont moins les moyens, parce que la transition \u00e9cologique co\u00fbte cher. Je crois qu\u2019il faut associer les Lyonnais \u00e0 cette transition \u00e9cologique, en faire des acteurs et non pas leur imposer des choses. Il faut les associer aux prises de d\u00e9cisions, et toujours leur proposer des solutions, faciles \u00e0 mettre en place.<\/p>\n<p>Je crois beaucoup \u00e0 l\u2019\u00e9cologie du bon sens et de la sobri\u00e9t\u00e9, je crois qu\u2019il faut renouer avec l\u2019\u00e9cologie circulaire qui \u00e9tait ch\u00e8re \u00e0 nos grand-m\u00e8res, \u00e9cologistes sans le savoir. Elles avaient du bon sens&nbsp;: on recycle, on se pr\u00eate des choses et on troque les affaires. On ne peut pas demander aux gens d\u2019\u00eatre plus \u00e9cologiques et de ne plus consommer. Il faut \u00eatre de bon sens pour que cela reste vivable, et pour que les Lyonnais se sentent associ\u00e9s et le soient vraiment, dans les d\u00e9cisions qui permettront de faire de Lyon une ville \u00e9cologique sur le tr\u00e8s long terme.<\/p>\n<h4>La ville de Lyon cherche \u00e0 se pi\u00e9tonniser le plus possible, avec par exemple une journ\u00e9e prototype sans voitures sur la Presqu\u2019\u00eele. Comptez-vous d\u00e9velopper ceci si vous \u00eates \u00e9lue&nbsp;?<\/h4>\n<p>Je n\u2019ai rien de mani\u00e8re doctrinaire contre la pi\u00e9tonnisation, si elle ne tue pas les commerces. Je suis d\u2019accord si elle ne cr\u00e9e pas d\u2019ins\u00e9curit\u00e9. On sait qu\u2019il y a des villes qui ont mis en place une pi\u00e9tonnisation et sont revenues sur cette d\u00e9cision car elles se sont rendu compte que les rues pi\u00e9tonnes avaient un impact sur le dynamisme des commerces, et aussi sur la s\u00e9curit\u00e9. Il y a beaucoup plus de crimes et de d\u00e9lits dans ces rues que dans des rues o\u00f9 des voitures passent. Je serais pour une pi\u00e9tonnisation altern\u00e9e, c\u2019est \u00e0 dire sur certains horaires, avec une cadence pertinente et au plus pr\u00e8s des besoins des habitants qui doivent vivre et des commer\u00e7ants qui doivent continuer \u00e0 travailler. Ce sont eux aussi qui font vivre la ville, produisent des richesses et qui font que notre ville a un rayonnement. C\u2019est en prenant en compte tout \u00e7a que l\u2019on pourra sortir d\u2019une \u00e9cologie punitive qui cr\u00e9e beaucoup de r\u00e9ticences alors qu\u2019elle est n\u00e9cessaire.<\/p>\n<h4>Cette ann\u00e9e \u00e0 Lyon, les prix du logement ont explos\u00e9&nbsp;: plus 10% en 2019, le m\u00e8tre carr\u00e9 revient \u00e0 4320\u20ac. Comment continuer \u00e0 loger les Lyonnais sans les mettre en difficult\u00e9 financi\u00e8re&nbsp;? Doivent-ils s\u2019excentrer&nbsp;?<\/h4>\n<p>Les Lyonnais sont tent\u00e9s de s\u2019excentrer, on le voit bien, d\u2019autant plus que la qualit\u00e9 de vie a tendance \u00e0 baisser. Les gens ont effectivement tendance \u00e0 s\u2019excentrer pour retrouver du confort, des espaces verts qu\u2019ils n\u2019ont plus en ville, la s\u00e9curit\u00e9\u2026 Je note que les grandes surfaces lyonnaises ont tendance \u00e0 \u00eatre vendues \u00e0 la d\u00e9coupe actuellement, ce qui ne permet plus du tout \u00e0 des familles de se loger. Les familles, ce sont celles qui portent aussi la consommation, le commerce de proximit\u00e9. Il va falloir trouver des solutions pour inciter les gens \u00e0 rester en ville. La premi\u00e8re des choses \u00e0 mettre en place, c\u2019est un renouement avec une vraie qualit\u00e9 de vie en ville. Lorsqu\u2019on ne l\u2019a plus, on part \u00e0 l\u2019ext\u00e9rieur. C\u2019est ce qui s\u2019est pass\u00e9 notamment dans le 2\u00e8me arrondissement. \u00c0 la rentr\u00e9e de septembre, une classe a ferm\u00e9 \u00e0 l\u2019\u00e9cole des Jacobins. Pendant l\u2019\u00e9t\u00e9, les familles ont tellement \u00e9t\u00e9 d\u00e9pit\u00e9es de leurs conditions de vie, li\u00e9es notamment aux nuisances nocturnes, qu\u2019elles sont all\u00e9es ailleurs. Si on en arrive \u00e0 une ville morte o\u00f9 il n\u2019y a plus de familles, plus de commerces, il faut redonner un cadre de vie apaisant et apais\u00e9 pour que les gens reviennent s\u2019installer.<\/p>\n<h4>Comment lutter contre la pr\u00e9carit\u00e9 \u00e9tudiante&nbsp;\u00e0 Lyon?<\/h4>\n<p>La pr\u00e9carit\u00e9 ne touche pas que les \u00e9tudiants, il y a un grand public pr\u00e9caire \u00e0 Lyon. Les logements sont chers, et plein de gens n\u2019arrivent pas \u00e0 se loger dignement. On c\u00f4toie le plus grand luxe et la plus grande pauvret\u00e9. Je crois que c\u2019est aussi une histoire de volont\u00e9 politique. L\u2019H\u00f4tel-Dieu est assez symptomatique. Cet h\u00f4pital qui \u00e9tait un h\u00f4pital de charit\u00e9 est devenu un lieu de la consommation et du luxe, qui dit bien qui sont ceux qu\u2019on a envie de privil\u00e9gier dans cette ville-l\u00e0. Il faut faire des propositions fortes en termes de pr\u00e9carit\u00e9. Il y en a \u00e0 destination des \u00e9tudiants dans mon programme, je compte utiliser un certain nombre de leviers qui sont donn\u00e9s aux mairies via le logement.<\/p>\n<!-- AddThis Advanced Settings generic via filter on the_content --><!-- AddThis Share Buttons generic via filter on the_content -->","protected":false},"excerpt":{"rendered":"<p>Agn\u00e8s Marion est&nbsp;&nbsp;candidate \u00e0 la Mairie centrale de Lyon. T\u00eate de liste de \u00ab\u00a0Pour l&rsquo;amour de Lyon\u00a0\u00bb, le Lyon Bondy Blog l&rsquo;a rencontr\u00e9 lors d&rsquo;une &hellip; <!-- AddThis Advanced Settings generic via filter on wp_trim_excerpt --><!-- AddThis Share Buttons generic via filter on wp_trim_excerpt --><\/p>\n","protected":false},"author":825,"featured_media":18563,"comment_status":"open","ping_status":"open","sticky":false,"template":"","format":"standard","meta":{"_FSMCFIC_featured_image_caption":"","_FSMCFIC_featured_image_nocaption":"","_FSMCFIC_featured_image_hide":"","footnotes":""},"categories":[4,13120],"tags":[],"class_list":["post-18552","post","type-post","status-publish","format-standard","has-post-thumbnail","hentry","category-lyon","category-municipales-2020"],"yoast_head":"<!-- This site is optimized with the Yoast SEO plugin v22.8 - https:\/\/yoast.com\/wordpress\/plugins\/seo\/ -->\n<title>[Interview] Agn\u00e8s Marion, candidate RN pour la Mairie centrale - Lyon Bondy Blog<\/title>\n<meta name=\"robots\" content=\"index, follow, max-snippet:-1, max-image-preview:large, max-video-preview:-1\" \/>\n<link rel=\"canonical\" href=\"https:\/\/lyonbondyblog.fr\/LBB\/interview-agnes-marion-candidate-rn-pour-la-mairie-centrale\/\" \/>\n<meta property=\"og:locale\" content=\"fr_FR\" \/>\n<meta property=\"og:type\" content=\"article\" \/>\n<meta property=\"og:title\" content=\"[Interview] Agn\u00e8s Marion, candidate RN pour la Mairie centrale - Lyon Bondy Blog\" \/>\n<meta property=\"og:description\" content=\"Agn\u00e8s Marion est&nbsp;&nbsp;candidate \u00e0 la Mairie centrale de Lyon. T\u00eate de liste de \u00ab\u00a0Pour l&rsquo;amour de Lyon\u00a0\u00bb, le Lyon Bondy Blog l&rsquo;a rencontr\u00e9 lors d&rsquo;une &hellip;\" \/>\n<meta property=\"og:url\" content=\"https:\/\/lyonbondyblog.fr\/LBB\/interview-agnes-marion-candidate-rn-pour-la-mairie-centrale\/\" \/>\n<meta property=\"og:site_name\" content=\"Lyon Bondy Blog\" \/>\n<meta property=\"article:publisher\" content=\"https:\/\/www.facebook.com\/lyonbondyblog\" \/>\n<meta property=\"article:published_time\" content=\"2019-12-30T14:25:05+00:00\" \/>\n<meta property=\"article:modified_time\" content=\"2019-12-30T17:50:31+00:00\" \/>\n<meta property=\"og:image\" content=\"https:\/\/lyonbondyblog.fr\/LBB\/wp-content\/uploads\/2019\/12\/20191212_110640.jpg\" \/>\n\t<meta property=\"og:image:width\" content=\"4032\" \/>\n\t<meta property=\"og:image:height\" content=\"3024\" \/>\n\t<meta property=\"og:image:type\" content=\"image\/jpeg\" \/>\n<meta name=\"author\" content=\"Bastien Salles\" \/>\n<meta name=\"twitter:card\" content=\"summary_large_image\" \/>\n<meta name=\"twitter:creator\" content=\"@bondybloglyon\" \/>\n<meta name=\"twitter:site\" content=\"@bondybloglyon\" \/>\n<script type=\"application\/ld+json\" class=\"yoast-schema-graph\">{\"@context\":\"https:\/\/schema.org\",\"@graph\":[{\"@type\":\"Article\",\"@id\":\"https:\/\/lyonbondyblog.fr\/LBB\/interview-agnes-marion-candidate-rn-pour-la-mairie-centrale\/#article\",\"isPartOf\":{\"@id\":\"https:\/\/lyonbondyblog.fr\/LBB\/interview-agnes-marion-candidate-rn-pour-la-mairie-centrale\/\"},\"author\":{\"name\":\"Bastien Salles\",\"@id\":\"https:\/\/lyonbondyblog.fr\/LBB\/#\/schema\/person\/f904f2efe38cd807e8dcb9c8a5934c0e\"},\"headline\":\"[Interview] Agn\u00e8s Marion, candidate RN pour la Mairie centrale\",\"datePublished\":\"2019-12-30T14:25:05+00:00\",\"dateModified\":\"2019-12-30T17:50:31+00:00\",\"mainEntityOfPage\":{\"@id\":\"https:\/\/lyonbondyblog.fr\/LBB\/interview-agnes-marion-candidate-rn-pour-la-mairie-centrale\/\"},\"wordCount\":1266,\"commentCount\":0,\"publisher\":{\"@id\":\"https:\/\/lyonbondyblog.fr\/LBB\/#organization\"},\"image\":{\"@id\":\"https:\/\/lyonbondyblog.fr\/LBB\/interview-agnes-marion-candidate-rn-pour-la-mairie-centrale\/#primaryimage\"},\"thumbnailUrl\":\"https:\/\/lyonbondyblog.fr\/LBB\/wp-content\/uploads\/2019\/12\/20191212_110640.jpg\",\"articleSection\":[\"Lyon\",\"Municipales 2020\"],\"inLanguage\":\"fr-FR\",\"potentialAction\":[{\"@type\":\"CommentAction\",\"name\":\"Comment\",\"target\":[\"https:\/\/lyonbondyblog.fr\/LBB\/interview-agnes-marion-candidate-rn-pour-la-mairie-centrale\/#respond\"]}]},{\"@type\":\"WebPage\",\"@id\":\"https:\/\/lyonbondyblog.fr\/LBB\/interview-agnes-marion-candidate-rn-pour-la-mairie-centrale\/\",\"url\":\"https:\/\/lyonbondyblog.fr\/LBB\/interview-agnes-marion-candidate-rn-pour-la-mairie-centrale\/\",\"name\":\"[Interview] Agn\u00e8s Marion, candidate RN pour la Mairie centrale - Lyon Bondy Blog\",\"isPartOf\":{\"@id\":\"https:\/\/lyonbondyblog.fr\/LBB\/#website\"},\"primaryImageOfPage\":{\"@id\":\"https:\/\/lyonbondyblog.fr\/LBB\/interview-agnes-marion-candidate-rn-pour-la-mairie-centrale\/#primaryimage\"},\"image\":{\"@id\":\"https:\/\/lyonbondyblog.fr\/LBB\/interview-agnes-marion-candidate-rn-pour-la-mairie-centrale\/#primaryimage\"},\"thumbnailUrl\":\"https:\/\/lyonbondyblog.fr\/LBB\/wp-content\/uploads\/2019\/12\/20191212_110640.jpg\",\"datePublished\":\"2019-12-30T14:25:05+00:00\",\"dateModified\":\"2019-12-30T17:50:31+00:00\",\"inLanguage\":\"fr-FR\",\"potentialAction\":[{\"@type\":\"ReadAction\",\"target\":[\"https:\/\/lyonbondyblog.fr\/LBB\/interview-agnes-marion-candidate-rn-pour-la-mairie-centrale\/\"]}]},{\"@type\":\"ImageObject\",\"inLanguage\":\"fr-FR\",\"@id\":\"https:\/\/lyonbondyblog.fr\/LBB\/interview-agnes-marion-candidate-rn-pour-la-mairie-centrale\/#primaryimage\",\"url\":\"https:\/\/lyonbondyblog.fr\/LBB\/wp-content\/uploads\/2019\/12\/20191212_110640.jpg\",\"contentUrl\":\"https:\/\/lyonbondyblog.fr\/LBB\/wp-content\/uploads\/2019\/12\/20191212_110640.jpg\",\"width\":4032,\"height\":3024},{\"@type\":\"WebSite\",\"@id\":\"https:\/\/lyonbondyblog.fr\/LBB\/#website\",\"url\":\"https:\/\/lyonbondyblog.fr\/LBB\/\",\"name\":\"Lyon Bondy Blog\",\"description\":\"\",\"publisher\":{\"@id\":\"https:\/\/lyonbondyblog.fr\/LBB\/#organization\"},\"potentialAction\":[{\"@type\":\"SearchAction\",\"target\":{\"@type\":\"EntryPoint\",\"urlTemplate\":\"https:\/\/lyonbondyblog.fr\/LBB\/?s={search_term_string}\"},\"query-input\":\"required name=search_term_string\"}],\"inLanguage\":\"fr-FR\"},{\"@type\":\"Organization\",\"@id\":\"https:\/\/lyonbondyblog.fr\/LBB\/#organization\",\"name\":\"LYON BONDY BLOG\",\"url\":\"https:\/\/lyonbondyblog.fr\/LBB\/\",\"logo\":{\"@type\":\"ImageObject\",\"inLanguage\":\"fr-FR\",\"@id\":\"https:\/\/lyonbondyblog.fr\/LBB\/#\/schema\/logo\/image\/\",\"url\":\"http:\/\/lyonbondyblog.fr\/LBB\/wp-content\/uploads\/2014\/10\/logo-portable-144.png\",\"contentUrl\":\"http:\/\/lyonbondyblog.fr\/LBB\/wp-content\/uploads\/2014\/10\/logo-portable-144.png\",\"width\":144,\"height\":123,\"caption\":\"LYON BONDY BLOG\"},\"image\":{\"@id\":\"https:\/\/lyonbondyblog.fr\/LBB\/#\/schema\/logo\/image\/\"},\"sameAs\":[\"https:\/\/www.facebook.com\/lyonbondyblog\",\"https:\/\/x.com\/bondybloglyon\"]},{\"@type\":\"Person\",\"@id\":\"https:\/\/lyonbondyblog.fr\/LBB\/#\/schema\/person\/f904f2efe38cd807e8dcb9c8a5934c0e\",\"name\":\"Bastien Salles\",\"url\":\"https:\/\/lyonbondyblog.fr\/LBB\/author\/bastien-salles\/\"}]}<\/script>\n<!-- \/ Yoast SEO plugin. -->","yoast_head_json":{"title":"[Interview] Agn\u00e8s Marion, candidate RN pour la Mairie centrale - Lyon Bondy Blog","robots":{"index":"index","follow":"follow","max-snippet":"max-snippet:-1","max-image-preview":"max-image-preview:large","max-video-preview":"max-video-preview:-1"},"canonical":"https:\/\/lyonbondyblog.fr\/LBB\/interview-agnes-marion-candidate-rn-pour-la-mairie-centrale\/","og_locale":"fr_FR","og_type":"article","og_title":"[Interview] Agn\u00e8s Marion, candidate RN pour la Mairie centrale - Lyon Bondy Blog","og_description":"Agn\u00e8s Marion est&nbsp;&nbsp;candidate \u00e0 la Mairie centrale de Lyon. T\u00eate de liste de \u00ab\u00a0Pour l&rsquo;amour de Lyon\u00a0\u00bb, le Lyon Bondy Blog l&rsquo;a rencontr\u00e9 lors d&rsquo;une &hellip;","og_url":"https:\/\/lyonbondyblog.fr\/LBB\/interview-agnes-marion-candidate-rn-pour-la-mairie-centrale\/","og_site_name":"Lyon Bondy Blog","article_publisher":"https:\/\/www.facebook.com\/lyonbondyblog","article_published_time":"2019-12-30T14:25:05+00:00","article_modified_time":"2019-12-30T17:50:31+00:00","og_image":[{"width":4032,"height":3024,"url":"https:\/\/lyonbondyblog.fr\/LBB\/wp-content\/uploads\/2019\/12\/20191212_110640.jpg","type":"image\/jpeg"}],"author":"Bastien Salles","twitter_card":"summary_large_image","twitter_creator":"@bondybloglyon","twitter_site":"@bondybloglyon","schema":{"@context":"https:\/\/schema.org","@graph":[{"@type":"Article","@id":"https:\/\/lyonbondyblog.fr\/LBB\/interview-agnes-marion-candidate-rn-pour-la-mairie-centrale\/#article","isPartOf":{"@id":"https:\/\/lyonbondyblog.fr\/LBB\/interview-agnes-marion-candidate-rn-pour-la-mairie-centrale\/"},"author":{"name":"Bastien Salles","@id":"https:\/\/lyonbondyblog.fr\/LBB\/#\/schema\/person\/f904f2efe38cd807e8dcb9c8a5934c0e"},"headline":"[Interview] Agn\u00e8s Marion, candidate RN pour la Mairie centrale","datePublished":"2019-12-30T14:25:05+00:00","dateModified":"2019-12-30T17:50:31+00:00","mainEntityOfPage":{"@id":"https:\/\/lyonbondyblog.fr\/LBB\/interview-agnes-marion-candidate-rn-pour-la-mairie-centrale\/"},"wordCount":1266,"commentCount":0,"publisher":{"@id":"https:\/\/lyonbondyblog.fr\/LBB\/#organization"},"image":{"@id":"https:\/\/lyonbondyblog.fr\/LBB\/interview-agnes-marion-candidate-rn-pour-la-mairie-centrale\/#primaryimage"},"thumbnailUrl":"https:\/\/lyonbondyblog.fr\/LBB\/wp-content\/uploads\/2019\/12\/20191212_110640.jpg","articleSection":["Lyon","Municipales 2020"],"inLanguage":"fr-FR","potentialAction":[{"@type":"CommentAction","name":"Comment","target":["https:\/\/lyonbondyblog.fr\/LBB\/interview-agnes-marion-candidate-rn-pour-la-mairie-centrale\/#respond"]}]},{"@type":"WebPage","@id":"https:\/\/lyonbondyblog.fr\/LBB\/interview-agnes-marion-candidate-rn-pour-la-mairie-centrale\/","url":"https:\/\/lyonbondyblog.fr\/LBB\/interview-agnes-marion-candidate-rn-pour-la-mairie-centrale\/","name":"[Interview] Agn\u00e8s Marion, candidate RN pour la Mairie centrale - Lyon Bondy Blog","isPartOf":{"@id":"https:\/\/lyonbondyblog.fr\/LBB\/#website"},"primaryImageOfPage":{"@id":"https:\/\/lyonbondyblog.fr\/LBB\/interview-agnes-marion-candidate-rn-pour-la-mairie-centrale\/#primaryimage"},"image":{"@id":"https:\/\/lyonbondyblog.fr\/LBB\/interview-agnes-marion-candidate-rn-pour-la-mairie-centrale\/#primaryimage"},"thumbnailUrl":"https:\/\/lyonbondyblog.fr\/LBB\/wp-content\/uploads\/2019\/12\/20191212_110640.jpg","datePublished":"2019-12-30T14:25:05+00:00","dateModified":"2019-12-30T17:50:31+00:00","inLanguage":"fr-FR","potentialAction":[{"@type":"ReadAction","target":["https:\/\/lyonbondyblog.fr\/LBB\/interview-agnes-marion-candidate-rn-pour-la-mairie-centrale\/"]}]},{"@type":"ImageObject","inLanguage":"fr-FR","@id":"https:\/\/lyonbondyblog.fr\/LBB\/interview-agnes-marion-candidate-rn-pour-la-mairie-centrale\/#primaryimage","url":"https:\/\/lyonbondyblog.fr\/LBB\/wp-content\/uploads\/2019\/12\/20191212_110640.jpg","contentUrl":"https:\/\/lyonbondyblog.fr\/LBB\/wp-content\/uploads\/2019\/12\/20191212_110640.jpg","width":4032,"height":3024},{"@type":"WebSite","@id":"https:\/\/lyonbondyblog.fr\/LBB\/#website","url":"https:\/\/lyonbondyblog.fr\/LBB\/","name":"Lyon Bondy Blog","description":"","publisher":{"@id":"https:\/\/lyonbondyblog.fr\/LBB\/#organization"},"potentialAction":[{"@type":"SearchAction","target":{"@type":"EntryPoint","urlTemplate":"https:\/\/lyonbondyblog.fr\/LBB\/?s={search_term_string}"},"query-input":"required name=search_term_string"}],"inLanguage":"fr-FR"},{"@type":"Organization","@id":"https:\/\/lyonbondyblog.fr\/LBB\/#organization","name":"LYON BONDY BLOG","url":"https:\/\/lyonbondyblog.fr\/LBB\/","logo":{"@type":"ImageObject","inLanguage":"fr-FR","@id":"https:\/\/lyonbondyblog.fr\/LBB\/#\/schema\/logo\/image\/","url":"http:\/\/lyonbondyblog.fr\/LBB\/wp-content\/uploads\/2014\/10\/logo-portable-144.png","contentUrl":"http:\/\/lyonbondyblog.fr\/LBB\/wp-content\/uploads\/2014\/10\/logo-portable-144.png","width":144,"height":123,"caption":"LYON BONDY BLOG"},"image":{"@id":"https:\/\/lyonbondyblog.fr\/LBB\/#\/schema\/logo\/image\/"},"sameAs":["https:\/\/www.facebook.com\/lyonbondyblog","https:\/\/x.com\/bondybloglyon"]},{"@type":"Person","@id":"https:\/\/lyonbondyblog.fr\/LBB\/#\/schema\/person\/f904f2efe38cd807e8dcb9c8a5934c0e","name":"Bastien Salles","url":"https:\/\/lyonbondyblog.fr\/LBB\/author\/bastien-salles\/"}]}},"_links":{"self":[{"href":"https:\/\/lyonbondyblog.fr\/LBB\/wp-json\/wp\/v2\/posts\/18552","targetHints":{"allow":["GET"]}}],"collection":[{"href":"https:\/\/lyonbondyblog.fr\/LBB\/wp-json\/wp\/v2\/posts"}],"about":[{"href":"https:\/\/lyonbondyblog.fr\/LBB\/wp-json\/wp\/v2\/types\/post"}],"author":[{"embeddable":true,"href":"https:\/\/lyonbondyblog.fr\/LBB\/wp-json\/wp\/v2\/users\/825"}],"replies":[{"embeddable":true,"href":"https:\/\/lyonbondyblog.fr\/LBB\/wp-json\/wp\/v2\/comments?post=18552"}],"version-history":[{"count":6,"href":"https:\/\/lyonbondyblog.fr\/LBB\/wp-json\/wp\/v2\/posts\/18552\/revisions"}],"predecessor-version":[{"id":18599,"href":"https:\/\/lyonbondyblog.fr\/LBB\/wp-json\/wp\/v2\/posts\/18552\/revisions\/18599"}],"wp:featuredmedia":[{"embeddable":true,"href":"https:\/\/lyonbondyblog.fr\/LBB\/wp-json\/wp\/v2\/media\/18563"}],"wp:attachment":[{"href":"https:\/\/lyonbondyblog.fr\/LBB\/wp-json\/wp\/v2\/media?parent=18552"}],"wp:term":[{"taxonomy":"category","embeddable":true,"href":"https:\/\/lyonbondyblog.fr\/LBB\/wp-json\/wp\/v2\/categories?post=18552"},{"taxonomy":"post_tag","embeddable":true,"href":"https:\/\/lyonbondyblog.fr\/LBB\/wp-json\/wp\/v2\/tags?post=18552"}],"curies":[{"name":"wp","href":"https:\/\/api.w.org\/{rel}","templated":true}]}}