{"id":18548,"date":"2019-12-18T17:04:47","date_gmt":"2019-12-18T16:04:47","guid":{"rendered":"http:\/\/lyonbondyblog.fr\/LBB\/?p=18548"},"modified":"2019-12-22T19:17:26","modified_gmt":"2019-12-22T18:17:26","slug":"sonia-zdorovtzoff-javais-envie-de-minvestir-dans-un-arrondissement-qui-me-ressemblait","status":"publish","type":"post","link":"https:\/\/lyonbondyblog.fr\/LBB\/sonia-zdorovtzoff-javais-envie-de-minvestir-dans-un-arrondissement-qui-me-ressemblait\/","title":{"rendered":"Sonia Zdorovtzoff : \u00ab J\u2019avais envie de m\u2019investir dans un arrondissement qui me ressemblait. \u00bb"},"content":{"rendered":"<h4>Sonia Zdorovtzoff, t\u00eate de liste \u00e9cologiste pour le huiti\u00e8me arrondissement de Lyon nous a accord\u00e9 une interview \u00e0 propos de sa candidature.<\/h4>\n<p>&nbsp;<\/p>\n<h4>Pourquoi vous \u00eates-vous lanc\u00e9e pour ces \u00e9lections&nbsp;? Pourquoi le&nbsp;8<sup>\u00e8me<\/sup> arrondissement&nbsp;?<\/h4>\n<p>Pour moi, \u00e7a a vraiment \u00e9t\u00e9 la d\u00e9mission de Nicolas Hulot qui a \u00e9t\u00e9 un \u00e9lectrochoc. Je travaillais dans une ONG humanitaire, et on avait pas mal de personnes qui \u00e9taient engag\u00e9es chez les \u00e9cologistes. J\u2019en ai parl\u00e9 avec mes coll\u00e8gues, voir leur r\u00e9action, le d\u00e9pitement que \u00e7a a pu susciter. Finalement, tout ceci a cr\u00e9\u00e9 un beau mouvement au sein des citoyens fran\u00e7ais, avec les marches pour le climat. \u00c0 Lyon, beaucoup, beaucoup de gens \u00e9taient mobilis\u00e9s, on \u00e9tait une des marches les plus importantes, je crois, avec 15 000 personnes. De cet \u00e9v\u00e9nement un peu triste est n\u00e9 un mouvement qui \u00e9tait dynamique, enthousiaste et qui m\u2019a port\u00e9&nbsp;; \u00e7a m\u2019a donn\u00e9 envie de retrousser mes manches. J\u2019ai voulu m\u2019engager davantage avec EELV pour les Europ\u00e9ennes. Dans mon ONG j\u2019\u00e9tais coll\u00e8gue avec Gr\u00e9gory Doucet, qui m\u2019a aid\u00e9e \u00e0 entrer en politique.<\/p>\n<p>Je suis n\u00e9e \u00e0 Bourg-en-Bresse, et le 8<sup>\u00e8me<\/sup> me rappelle chez moi. J\u2019ai envie de d\u00e9fendre des gens qui auraient pu \u00eatre mes camarades de classe, qui partagent les m\u00eames valeurs que moi. J\u2019avais envie de m\u2019investir dans un arrondissement qui me ressemblait.<\/p>\n<p>&nbsp;<\/p>\n<h4>Les candidats EELV sont peu connus \u00e0 Lyon, est-ce une bonne chose&nbsp;?<\/h4>\n<p>Je me dis que c\u2019est plut\u00f4t rafraichissant, les gens ont envie de renouvellement. On est cr\u00e9dible pour leur parler de sujets qui leur tiennent \u00e0 c\u0153ur. L\u2019\u00e9cologie est une priorit\u00e9 des Lyonnais et Lyonnaises aussi. On a l\u2019envie, on est dynamique.<\/p>\n<p>&nbsp;<\/p>\n<h4>Comment placez-vous le social par rapport \u00e0 l\u2019\u00e9cologie&nbsp;?<\/h4>\n<p>L\u2019\u00e9cologie politique, repose sur trois piliers, qui sont de m\u00eame importance&nbsp;: la justice sociale, l\u2019environnement et la d\u00e9mocratie citoyenne.&nbsp;Si EELV n\u2019avait pas eu la justice sociale au c\u0153ur de ses propositions et de ses politiques, je ne les aurais pas rejoints.<\/p>\n<figure id=\"attachment_18550\" aria-describedby=\"caption-attachment-18550\" style=\"width: 304px\" class=\"wp-caption alignnone\"><img loading=\"lazy\" decoding=\"async\" class=\"wp-image-18550 \" src=\"https:\/\/lyonbondyblog.fr\/LBB\/wp-content\/uploads\/2019\/12\/RAL01808-800x1200.jpg\" alt=\"\" width=\"304\" height=\"456\" srcset=\"https:\/\/lyonbondyblog.fr\/LBB\/wp-content\/uploads\/2019\/12\/RAL01808-800x1200.jpg 800w, https:\/\/lyonbondyblog.fr\/LBB\/wp-content\/uploads\/2019\/12\/RAL01808-768x1152.jpg 768w, https:\/\/lyonbondyblog.fr\/LBB\/wp-content\/uploads\/2019\/12\/RAL01808-1280x1920.jpg 1280w, https:\/\/lyonbondyblog.fr\/LBB\/wp-content\/uploads\/2019\/12\/RAL01808-600x900.jpg 600w\" sizes=\"auto, (max-width: 304px) 100vw, 304px\" \/><figcaption id=\"caption-attachment-18550\" class=\"wp-caption-text\">Sonia Zdorovtzoff. Cr\u00e9dit : Renaud Alouche, Maintenant Lyon 2020<\/figcaption><\/figure>\n<p>&nbsp;<\/p>\n<h4>Quels sont selon vous les chantiers prioritaires dans le&nbsp;8<sup>\u00e8me<\/sup> arrondissement&nbsp;?<\/h4>\n<p>La justice sociale, bien expliquer aux gens que nous sommes vraiment l\u00e0 pour d\u00e9fendre les int\u00e9r\u00eats de tout le monde, surtout des plus vuln\u00e9rables. On veut faire une campagne, et j\u2019esp\u00e8re administrer cet arrondissement pour tous et toutes, pour les habitants des quartiers comme Monplaisir, Mermoz ou \u00c9tats-Unis. Et si je devais avoir une deuxi\u00e8me priorit\u00e9, je dirais la d\u00e9mocratie citoyenne, participative. Il faut s\u2019assurer que les citoyens soient encourag\u00e9s et que leur engouement soit facilit\u00e9 pour prendre part \u00e0 la vie politique locale, que \u00e7a se passe sans heurts. Il faut les inciter afin qu\u2019ils prennent des initiatives que ce soit dans les associations sportives, culturelles ou la cr\u00e9ation d\u2019un jardin partag\u00e9, on est pr\u00eat \u00e0 aider tout le monde.<\/p>\n<p>&nbsp;<\/p>\n<h4>Le 8<sup>\u00e8me<\/sup> est en pleine gentrification dans certains quartiers, comment vous positionnez-vous par rapport \u00e0 cela&nbsp;?<\/h4>\n<p>Lorsque l\u2019on dit qu\u2019on veut faire campagne, que l\u2019on veut administrer l\u2019arrondissement, c\u2019est vraiment qu\u2019on ne va pas s\u2019arr\u00eater aux petits et garder que les gens de Monplaisir. La justice sociale, l\u2019\u00e9cologie politique et ses trois piliers, c\u2019est pour tout le monde. Par le pass\u00e9 les grands plans d\u2019ensemble et la mani\u00e8re dont la ville a \u00e9t\u00e9 am\u00e9nag\u00e9e a nui \u00e0 une partie de la population. Ce n\u2019est pas le genre de politique qu\u2019on a envie de porter.<\/p>\n<p>&nbsp;<\/p>\n<p>&nbsp;<\/p>\n<!-- AddThis Advanced Settings generic via filter on the_content --><!-- AddThis Share Buttons generic via filter on the_content -->","protected":false},"excerpt":{"rendered":"<p>Sonia Zdorovtzoff, t\u00eate de liste \u00e9cologiste pour le huiti\u00e8me arrondissement de Lyon nous a accord\u00e9 une interview \u00e0 propos de sa candidature. &nbsp; Pourquoi vous &hellip; <!-- AddThis Advanced Settings generic via filter on wp_trim_excerpt --><!-- AddThis Share Buttons generic via filter on wp_trim_excerpt --><\/p>\n","protected":false},"author":15132,"featured_media":18549,"comment_status":"open","ping_status":"open","sticky":false,"template":"","format":"standard","meta":{"_FSMCFIC_featured_image_caption":"","_FSMCFIC_featured_image_nocaption":"","_FSMCFIC_featured_image_hide":"","footnotes":""},"categories":[4,13120,6],"tags":[],"class_list":["post-18548","post","type-post","status-publish","format-standard","has-post-thumbnail","hentry","category-lyon","category-municipales-2020","category-politique"],"yoast_head":"<!-- This site is optimized with the Yoast SEO plugin v22.8 - https:\/\/yoast.com\/wordpress\/plugins\/seo\/ -->\n<title>Sonia Zdorovtzoff : \u00ab J\u2019avais envie de m\u2019investir dans un arrondissement qui me ressemblait. \u00bb - Lyon Bondy Blog<\/title>\n<meta name=\"robots\" content=\"index, follow, max-snippet:-1, max-image-preview:large, max-video-preview:-1\" \/>\n<link rel=\"canonical\" href=\"https:\/\/lyonbondyblog.fr\/LBB\/sonia-zdorovtzoff-javais-envie-de-minvestir-dans-un-arrondissement-qui-me-ressemblait\/\" \/>\n<meta property=\"og:locale\" content=\"fr_FR\" \/>\n<meta property=\"og:type\" content=\"article\" \/>\n<meta property=\"og:title\" content=\"Sonia Zdorovtzoff : \u00ab J\u2019avais envie de m\u2019investir dans un arrondissement qui me ressemblait. \u00bb - Lyon Bondy Blog\" \/>\n<meta property=\"og:description\" content=\"Sonia Zdorovtzoff, t\u00eate de liste \u00e9cologiste pour le huiti\u00e8me arrondissement de Lyon nous a accord\u00e9 une interview \u00e0 propos de sa candidature. &nbsp; Pourquoi vous &hellip;\" \/>\n<meta property=\"og:url\" content=\"https:\/\/lyonbondyblog.fr\/LBB\/sonia-zdorovtzoff-javais-envie-de-minvestir-dans-un-arrondissement-qui-me-ressemblait\/\" \/>\n<meta property=\"og:site_name\" content=\"Lyon Bondy Blog\" \/>\n<meta property=\"article:publisher\" content=\"https:\/\/www.facebook.com\/lyonbondyblog\" \/>\n<meta property=\"article:published_time\" content=\"2019-12-18T16:04:47+00:00\" \/>\n<meta property=\"article:modified_time\" content=\"2019-12-22T18:17:26+00:00\" \/>\n<meta property=\"og:image\" content=\"https:\/\/lyonbondyblog.fr\/LBB\/wp-content\/uploads\/2019\/12\/2019_12_17-Lancement-campagne-8e\u0300me-Renaud-Alouche-1920x1280.jpg\" \/>\n\t<meta property=\"og:image:width\" content=\"1920\" \/>\n\t<meta property=\"og:image:height\" content=\"1280\" \/>\n\t<meta property=\"og:image:type\" content=\"image\/jpeg\" \/>\n<meta name=\"author\" content=\"Lucas Sadowski\" \/>\n<meta name=\"twitter:card\" content=\"summary_large_image\" \/>\n<meta name=\"twitter:creator\" content=\"@bondybloglyon\" \/>\n<meta name=\"twitter:site\" content=\"@bondybloglyon\" \/>\n<script type=\"application\/ld+json\" class=\"yoast-schema-graph\">{\"@context\":\"https:\/\/schema.org\",\"@graph\":[{\"@type\":\"Article\",\"@id\":\"https:\/\/lyonbondyblog.fr\/LBB\/sonia-zdorovtzoff-javais-envie-de-minvestir-dans-un-arrondissement-qui-me-ressemblait\/#article\",\"isPartOf\":{\"@id\":\"https:\/\/lyonbondyblog.fr\/LBB\/sonia-zdorovtzoff-javais-envie-de-minvestir-dans-un-arrondissement-qui-me-ressemblait\/\"},\"author\":{\"name\":\"Lucas Sadowski\",\"@id\":\"https:\/\/lyonbondyblog.fr\/LBB\/#\/schema\/person\/d56578ce53309d764289db2075f9bcef\"},\"headline\":\"Sonia Zdorovtzoff : \u00ab J\u2019avais envie de m\u2019investir dans un arrondissement qui me ressemblait. \u00bb\",\"datePublished\":\"2019-12-18T16:04:47+00:00\",\"dateModified\":\"2019-12-22T18:17:26+00:00\",\"mainEntityOfPage\":{\"@id\":\"https:\/\/lyonbondyblog.fr\/LBB\/sonia-zdorovtzoff-javais-envie-de-minvestir-dans-un-arrondissement-qui-me-ressemblait\/\"},\"wordCount\":652,\"commentCount\":0,\"publisher\":{\"@id\":\"https:\/\/lyonbondyblog.fr\/LBB\/#organization\"},\"image\":{\"@id\":\"https:\/\/lyonbondyblog.fr\/LBB\/sonia-zdorovtzoff-javais-envie-de-minvestir-dans-un-arrondissement-qui-me-ressemblait\/#primaryimage\"},\"thumbnailUrl\":\"https:\/\/lyonbondyblog.fr\/LBB\/wp-content\/uploads\/2019\/12\/2019_12_17-Lancement-campagne-8e\u0300me-Renaud-Alouche.jpg\",\"articleSection\":[\"Lyon\",\"Municipales 2020\",\"Politique\"],\"inLanguage\":\"fr-FR\",\"potentialAction\":[{\"@type\":\"CommentAction\",\"name\":\"Comment\",\"target\":[\"https:\/\/lyonbondyblog.fr\/LBB\/sonia-zdorovtzoff-javais-envie-de-minvestir-dans-un-arrondissement-qui-me-ressemblait\/#respond\"]}]},{\"@type\":\"WebPage\",\"@id\":\"https:\/\/lyonbondyblog.fr\/LBB\/sonia-zdorovtzoff-javais-envie-de-minvestir-dans-un-arrondissement-qui-me-ressemblait\/\",\"url\":\"https:\/\/lyonbondyblog.fr\/LBB\/sonia-zdorovtzoff-javais-envie-de-minvestir-dans-un-arrondissement-qui-me-ressemblait\/\",\"name\":\"Sonia Zdorovtzoff : \u00ab J\u2019avais envie de m\u2019investir dans un arrondissement qui me ressemblait. \u00bb - Lyon Bondy Blog\",\"isPartOf\":{\"@id\":\"https:\/\/lyonbondyblog.fr\/LBB\/#website\"},\"primaryImageOfPage\":{\"@id\":\"https:\/\/lyonbondyblog.fr\/LBB\/sonia-zdorovtzoff-javais-envie-de-minvestir-dans-un-arrondissement-qui-me-ressemblait\/#primaryimage\"},\"image\":{\"@id\":\"https:\/\/lyonbondyblog.fr\/LBB\/sonia-zdorovtzoff-javais-envie-de-minvestir-dans-un-arrondissement-qui-me-ressemblait\/#primaryimage\"},\"thumbnailUrl\":\"https:\/\/lyonbondyblog.fr\/LBB\/wp-content\/uploads\/2019\/12\/2019_12_17-Lancement-campagne-8e\u0300me-Renaud-Alouche.jpg\",\"datePublished\":\"2019-12-18T16:04:47+00:00\",\"dateModified\":\"2019-12-22T18:17:26+00:00\",\"inLanguage\":\"fr-FR\",\"potentialAction\":[{\"@type\":\"ReadAction\",\"target\":[\"https:\/\/lyonbondyblog.fr\/LBB\/sonia-zdorovtzoff-javais-envie-de-minvestir-dans-un-arrondissement-qui-me-ressemblait\/\"]}]},{\"@type\":\"ImageObject\",\"inLanguage\":\"fr-FR\",\"@id\":\"https:\/\/lyonbondyblog.fr\/LBB\/sonia-zdorovtzoff-javais-envie-de-minvestir-dans-un-arrondissement-qui-me-ressemblait\/#primaryimage\",\"url\":\"https:\/\/lyonbondyblog.fr\/LBB\/wp-content\/uploads\/2019\/12\/2019_12_17-Lancement-campagne-8e\u0300me-Renaud-Alouche.jpg\",\"contentUrl\":\"https:\/\/lyonbondyblog.fr\/LBB\/wp-content\/uploads\/2019\/12\/2019_12_17-Lancement-campagne-8e\u0300me-Renaud-Alouche.jpg\",\"width\":4500,\"height\":3000},{\"@type\":\"WebSite\",\"@id\":\"https:\/\/lyonbondyblog.fr\/LBB\/#website\",\"url\":\"https:\/\/lyonbondyblog.fr\/LBB\/\",\"name\":\"Lyon Bondy Blog\",\"description\":\"\",\"publisher\":{\"@id\":\"https:\/\/lyonbondyblog.fr\/LBB\/#organization\"},\"potentialAction\":[{\"@type\":\"SearchAction\",\"target\":{\"@type\":\"EntryPoint\",\"urlTemplate\":\"https:\/\/lyonbondyblog.fr\/LBB\/?s={search_term_string}\"},\"query-input\":\"required name=search_term_string\"}],\"inLanguage\":\"fr-FR\"},{\"@type\":\"Organization\",\"@id\":\"https:\/\/lyonbondyblog.fr\/LBB\/#organization\",\"name\":\"LYON BONDY BLOG\",\"url\":\"https:\/\/lyonbondyblog.fr\/LBB\/\",\"logo\":{\"@type\":\"ImageObject\",\"inLanguage\":\"fr-FR\",\"@id\":\"https:\/\/lyonbondyblog.fr\/LBB\/#\/schema\/logo\/image\/\",\"url\":\"http:\/\/lyonbondyblog.fr\/LBB\/wp-content\/uploads\/2014\/10\/logo-portable-144.png\",\"contentUrl\":\"http:\/\/lyonbondyblog.fr\/LBB\/wp-content\/uploads\/2014\/10\/logo-portable-144.png\",\"width\":144,\"height\":123,\"caption\":\"LYON BONDY BLOG\"},\"image\":{\"@id\":\"https:\/\/lyonbondyblog.fr\/LBB\/#\/schema\/logo\/image\/\"},\"sameAs\":[\"https:\/\/www.facebook.com\/lyonbondyblog\",\"https:\/\/x.com\/bondybloglyon\"]},{\"@type\":\"Person\",\"@id\":\"https:\/\/lyonbondyblog.fr\/LBB\/#\/schema\/person\/d56578ce53309d764289db2075f9bcef\",\"name\":\"Lucas Sadowski\",\"url\":\"https:\/\/lyonbondyblog.fr\/LBB\/author\/lucas-sadowski\/\"}]}<\/script>\n<!-- \/ Yoast SEO plugin. -->","yoast_head_json":{"title":"Sonia Zdorovtzoff : \u00ab J\u2019avais envie de m\u2019investir dans un arrondissement qui me ressemblait. \u00bb - Lyon Bondy Blog","robots":{"index":"index","follow":"follow","max-snippet":"max-snippet:-1","max-image-preview":"max-image-preview:large","max-video-preview":"max-video-preview:-1"},"canonical":"https:\/\/lyonbondyblog.fr\/LBB\/sonia-zdorovtzoff-javais-envie-de-minvestir-dans-un-arrondissement-qui-me-ressemblait\/","og_locale":"fr_FR","og_type":"article","og_title":"Sonia Zdorovtzoff : \u00ab J\u2019avais envie de m\u2019investir dans un arrondissement qui me ressemblait. \u00bb - Lyon Bondy Blog","og_description":"Sonia Zdorovtzoff, t\u00eate de liste \u00e9cologiste pour le huiti\u00e8me arrondissement de Lyon nous a accord\u00e9 une interview \u00e0 propos de sa candidature. &nbsp; Pourquoi vous &hellip;","og_url":"https:\/\/lyonbondyblog.fr\/LBB\/sonia-zdorovtzoff-javais-envie-de-minvestir-dans-un-arrondissement-qui-me-ressemblait\/","og_site_name":"Lyon Bondy Blog","article_publisher":"https:\/\/www.facebook.com\/lyonbondyblog","article_published_time":"2019-12-18T16:04:47+00:00","article_modified_time":"2019-12-22T18:17:26+00:00","og_image":[{"width":1920,"height":1280,"url":"https:\/\/lyonbondyblog.fr\/LBB\/wp-content\/uploads\/2019\/12\/2019_12_17-Lancement-campagne-8e\u0300me-Renaud-Alouche-1920x1280.jpg","type":"image\/jpeg"}],"author":"Lucas Sadowski","twitter_card":"summary_large_image","twitter_creator":"@bondybloglyon","twitter_site":"@bondybloglyon","schema":{"@context":"https:\/\/schema.org","@graph":[{"@type":"Article","@id":"https:\/\/lyonbondyblog.fr\/LBB\/sonia-zdorovtzoff-javais-envie-de-minvestir-dans-un-arrondissement-qui-me-ressemblait\/#article","isPartOf":{"@id":"https:\/\/lyonbondyblog.fr\/LBB\/sonia-zdorovtzoff-javais-envie-de-minvestir-dans-un-arrondissement-qui-me-ressemblait\/"},"author":{"name":"Lucas Sadowski","@id":"https:\/\/lyonbondyblog.fr\/LBB\/#\/schema\/person\/d56578ce53309d764289db2075f9bcef"},"headline":"Sonia Zdorovtzoff : \u00ab J\u2019avais envie de m\u2019investir dans un arrondissement qui me ressemblait. \u00bb","datePublished":"2019-12-18T16:04:47+00:00","dateModified":"2019-12-22T18:17:26+00:00","mainEntityOfPage":{"@id":"https:\/\/lyonbondyblog.fr\/LBB\/sonia-zdorovtzoff-javais-envie-de-minvestir-dans-un-arrondissement-qui-me-ressemblait\/"},"wordCount":652,"commentCount":0,"publisher":{"@id":"https:\/\/lyonbondyblog.fr\/LBB\/#organization"},"image":{"@id":"https:\/\/lyonbondyblog.fr\/LBB\/sonia-zdorovtzoff-javais-envie-de-minvestir-dans-un-arrondissement-qui-me-ressemblait\/#primaryimage"},"thumbnailUrl":"https:\/\/lyonbondyblog.fr\/LBB\/wp-content\/uploads\/2019\/12\/2019_12_17-Lancement-campagne-8e\u0300me-Renaud-Alouche.jpg","articleSection":["Lyon","Municipales 2020","Politique"],"inLanguage":"fr-FR","potentialAction":[{"@type":"CommentAction","name":"Comment","target":["https:\/\/lyonbondyblog.fr\/LBB\/sonia-zdorovtzoff-javais-envie-de-minvestir-dans-un-arrondissement-qui-me-ressemblait\/#respond"]}]},{"@type":"WebPage","@id":"https:\/\/lyonbondyblog.fr\/LBB\/sonia-zdorovtzoff-javais-envie-de-minvestir-dans-un-arrondissement-qui-me-ressemblait\/","url":"https:\/\/lyonbondyblog.fr\/LBB\/sonia-zdorovtzoff-javais-envie-de-minvestir-dans-un-arrondissement-qui-me-ressemblait\/","name":"Sonia Zdorovtzoff : \u00ab J\u2019avais envie de m\u2019investir dans un arrondissement qui me ressemblait. \u00bb - Lyon Bondy Blog","isPartOf":{"@id":"https:\/\/lyonbondyblog.fr\/LBB\/#website"},"primaryImageOfPage":{"@id":"https:\/\/lyonbondyblog.fr\/LBB\/sonia-zdorovtzoff-javais-envie-de-minvestir-dans-un-arrondissement-qui-me-ressemblait\/#primaryimage"},"image":{"@id":"https:\/\/lyonbondyblog.fr\/LBB\/sonia-zdorovtzoff-javais-envie-de-minvestir-dans-un-arrondissement-qui-me-ressemblait\/#primaryimage"},"thumbnailUrl":"https:\/\/lyonbondyblog.fr\/LBB\/wp-content\/uploads\/2019\/12\/2019_12_17-Lancement-campagne-8e\u0300me-Renaud-Alouche.jpg","datePublished":"2019-12-18T16:04:47+00:00","dateModified":"2019-12-22T18:17:26+00:00","inLanguage":"fr-FR","potentialAction":[{"@type":"ReadAction","target":["https:\/\/lyonbondyblog.fr\/LBB\/sonia-zdorovtzoff-javais-envie-de-minvestir-dans-un-arrondissement-qui-me-ressemblait\/"]}]},{"@type":"ImageObject","inLanguage":"fr-FR","@id":"https:\/\/lyonbondyblog.fr\/LBB\/sonia-zdorovtzoff-javais-envie-de-minvestir-dans-un-arrondissement-qui-me-ressemblait\/#primaryimage","url":"https:\/\/lyonbondyblog.fr\/LBB\/wp-content\/uploads\/2019\/12\/2019_12_17-Lancement-campagne-8e\u0300me-Renaud-Alouche.jpg","contentUrl":"https:\/\/lyonbondyblog.fr\/LBB\/wp-content\/uploads\/2019\/12\/2019_12_17-Lancement-campagne-8e\u0300me-Renaud-Alouche.jpg","width":4500,"height":3000},{"@type":"WebSite","@id":"https:\/\/lyonbondyblog.fr\/LBB\/#website","url":"https:\/\/lyonbondyblog.fr\/LBB\/","name":"Lyon Bondy Blog","description":"","publisher":{"@id":"https:\/\/lyonbondyblog.fr\/LBB\/#organization"},"potentialAction":[{"@type":"SearchAction","target":{"@type":"EntryPoint","urlTemplate":"https:\/\/lyonbondyblog.fr\/LBB\/?s={search_term_string}"},"query-input":"required name=search_term_string"}],"inLanguage":"fr-FR"},{"@type":"Organization","@id":"https:\/\/lyonbondyblog.fr\/LBB\/#organization","name":"LYON BONDY BLOG","url":"https:\/\/lyonbondyblog.fr\/LBB\/","logo":{"@type":"ImageObject","inLanguage":"fr-FR","@id":"https:\/\/lyonbondyblog.fr\/LBB\/#\/schema\/logo\/image\/","url":"http:\/\/lyonbondyblog.fr\/LBB\/wp-content\/uploads\/2014\/10\/logo-portable-144.png","contentUrl":"http:\/\/lyonbondyblog.fr\/LBB\/wp-content\/uploads\/2014\/10\/logo-portable-144.png","width":144,"height":123,"caption":"LYON BONDY BLOG"},"image":{"@id":"https:\/\/lyonbondyblog.fr\/LBB\/#\/schema\/logo\/image\/"},"sameAs":["https:\/\/www.facebook.com\/lyonbondyblog","https:\/\/x.com\/bondybloglyon"]},{"@type":"Person","@id":"https:\/\/lyonbondyblog.fr\/LBB\/#\/schema\/person\/d56578ce53309d764289db2075f9bcef","name":"Lucas Sadowski","url":"https:\/\/lyonbondyblog.fr\/LBB\/author\/lucas-sadowski\/"}]}},"_links":{"self":[{"href":"https:\/\/lyonbondyblog.fr\/LBB\/wp-json\/wp\/v2\/posts\/18548","targetHints":{"allow":["GET"]}}],"collection":[{"href":"https:\/\/lyonbondyblog.fr\/LBB\/wp-json\/wp\/v2\/posts"}],"about":[{"href":"https:\/\/lyonbondyblog.fr\/LBB\/wp-json\/wp\/v2\/types\/post"}],"author":[{"embeddable":true,"href":"https:\/\/lyonbondyblog.fr\/LBB\/wp-json\/wp\/v2\/users\/15132"}],"replies":[{"embeddable":true,"href":"https:\/\/lyonbondyblog.fr\/LBB\/wp-json\/wp\/v2\/comments?post=18548"}],"version-history":[{"count":3,"href":"https:\/\/lyonbondyblog.fr\/LBB\/wp-json\/wp\/v2\/posts\/18548\/revisions"}],"predecessor-version":[{"id":18593,"href":"https:\/\/lyonbondyblog.fr\/LBB\/wp-json\/wp\/v2\/posts\/18548\/revisions\/18593"}],"wp:featuredmedia":[{"embeddable":true,"href":"https:\/\/lyonbondyblog.fr\/LBB\/wp-json\/wp\/v2\/media\/18549"}],"wp:attachment":[{"href":"https:\/\/lyonbondyblog.fr\/LBB\/wp-json\/wp\/v2\/media?parent=18548"}],"wp:term":[{"taxonomy":"category","embeddable":true,"href":"https:\/\/lyonbondyblog.fr\/LBB\/wp-json\/wp\/v2\/categories?post=18548"},{"taxonomy":"post_tag","embeddable":true,"href":"https:\/\/lyonbondyblog.fr\/LBB\/wp-json\/wp\/v2\/tags?post=18548"}],"curies":[{"name":"wp","href":"https:\/\/api.w.org\/{rel}","templated":true}]}}