{"id":18489,"date":"2019-12-06T11:24:31","date_gmt":"2019-12-06T10:24:31","guid":{"rendered":"http:\/\/lyonbondyblog.fr\/LBB\/?p=18489"},"modified":"2019-12-06T11:24:31","modified_gmt":"2019-12-06T10:24:31","slug":"dossier-elections-municipales-et-metropolitaines-avec-le-lbb-episode-4-etat-des-lieux-de-villeurbanne","status":"publish","type":"post","link":"https:\/\/lyonbondyblog.fr\/LBB\/dossier-elections-municipales-et-metropolitaines-avec-le-lbb-episode-4-etat-des-lieux-de-villeurbanne\/","title":{"rendered":"Dossier \u00e9lections municipales et m\u00e9tropolitaines avec le LBB &#8211; Episode 4 : \u00c9tat des lieux de Villeurbanne"},"content":{"rendered":"<h4 style=\"text-align: justify;\">Les \u00e9lections municipales et m\u00e9tropolitaines approchent \u00e0 grands pas sur Lyon et les villes alentours. Le Lyon Bondy Blog a d\u00e9cid\u00e9 de s\u2019y atteler afin de vous proposer, diff\u00e9rents articles sur ces fameuses \u00e9lections. On sait, les municipales et les m\u00e9tropolitaines, ce n\u2019est pas le sujet le plus sexy ni le plus simple \u00e0 comprendre. Le LBB vous pr\u00e9sente donc son guide, pour mieux vous accompagner dans ces \u00e9lections. Car pour nous, il est essentiel de pouvoir rendre accessible \u00e0 tous la compr\u00e9hension du fonctionnement et les enjeux de ces \u00e9lections.<\/h4>\n<div id=\"m_-6087491188061984154gmail-magicdomid100\" dir=\"ltr\" style=\"text-align: justify;\">\n<h3>Episode 4 : \u00c9tat des lieux de Villeurbanne&nbsp;<\/h3>\n<\/div>\n<div id=\"m_-6087491188061984154gmail-magicdomid102\" dir=\"ltr\" style=\"text-align: justify;\">\n<p>Pour ce nouvel \u00e9pisode, il est temps de s&rsquo;int\u00e9resser \u00e0 Villeurbanne. Deuxi\u00e8me ville de la m\u00e9tropole, elle est le prolongement de Lyon&nbsp;:&nbsp;les deux villes s&rsquo;entrecroisant \u00e0 plusieurs endroits, comme Charpennes,&nbsp; sans que l&rsquo;on ne le remarque vraiment. Politiquement et historiquement, Villeurbanne se situe \u00e0 gauche, avec l&rsquo;arriv\u00e9e de la SFIO (Section fran\u00e7aise de l&rsquo;Internationale ouvri\u00e8re) apr\u00e8s la guerre en 1947 avec Lazarre Goujon. Aujourd&rsquo;hui, son maire Jean-Paul Bret est membre du Parti socialiste, montrant que Villeurbanne n&rsquo;a jamais vraiment d\u00e9vi\u00e9 de la gauche. Un maire par ailleurs appr\u00e9ci\u00e9 et respect\u00e9 des Villeurbannais, et en place depuis 18 ans, mais pr\u00e9sent dans la ville 1977. Il ne se repr\u00e9sentera pas \u00e0 ces prochaines \u00e9lections.On peut \u00e9galement remarquer un renforcement de l&rsquo;extr\u00eame droite m\u00eame s\u2019il reste faible, avec son arriv\u00e9e au conseil municipal.&nbsp;<\/p>\n<figure id=\"attachment_18491\" aria-describedby=\"caption-attachment-18491\" style=\"width: 519px\" class=\"wp-caption alignnone\"><img loading=\"lazy\" decoding=\"async\" class=\"wp-image-18491\" src=\"https:\/\/lyonbondyblog.fr\/LBB\/wp-content\/uploads\/2019\/12\/\u00e9lus-Villeurbanne.jpg\" alt=\"\" width=\"519\" height=\"402\" srcset=\"https:\/\/lyonbondyblog.fr\/LBB\/wp-content\/uploads\/2019\/12\/\u00e9lus-Villeurbanne.jpg 930w, https:\/\/lyonbondyblog.fr\/LBB\/wp-content\/uploads\/2019\/12\/\u00e9lus-Villeurbanne-768x595.jpg 768w, https:\/\/lyonbondyblog.fr\/LBB\/wp-content\/uploads\/2019\/12\/\u00e9lus-Villeurbanne-600x465.jpg 600w\" sizes=\"auto, (max-width: 519px) 100vw, 519px\" \/><figcaption id=\"caption-attachment-18491\" class=\"wp-caption-text\">Cr\u00e9dits Ma\u00ebl Coustes<\/figcaption><\/figure>\n<p>Avec une population avoisinant les 150 000 habitants en 2016 selon l&rsquo;Insee, Villeurbanne est une ville plut\u00f4t jeune avec beaucoup d&rsquo;\u00e9tudiants, les 15-44 ans repr\u00e9sentant presque 50% de sa population, toujours selon l&rsquo;Insee.&nbsp;<\/p>\n<\/div>\n<div id=\"m_-6087491188061984154gmail-magicdomid104\" dir=\"ltr\" style=\"text-align: justify;\">\n<p>La ville n&rsquo;est pourtant pas homog\u00e8ne, avec des quartiers d\u00e9laiss\u00e9s comme celui de St Jean, isol\u00e9 derri\u00e8re le p\u00e9riph\u00e9rique, o\u00f9 en 2014 42,4% des habitants vivent sous le seuil de pauvret\u00e9, selon les chiffres de l&rsquo;Insee . Tandis que d&rsquo;autres sont en totale gentrification, comme celui Gratte-Ciel.<\/p>\n<\/div>\n<div id=\"m_-6087491188061984154gmail-magicdomid105\" dir=\"ltr\" style=\"text-align: justify;\">\n<p>Les Villeurbannais sont \u00e9galement pr\u00e9sents dans la politique de la ville, avec par exemple les concertations citoyennes sur le cannabis fin 2018 &#8211; d\u00e9but 2019.&nbsp;<\/p>\n<\/div>\n<div id=\"m_-6087491188061984154gmail-magicdomid106\" dir=\"ltr\" style=\"text-align: justify;\">\n<p>Avec les \u00e9lections municipales approchant, un enjeu ressort du lot, car \u00e9tant un probl\u00e8me majeur pour la ville : la s\u00e9curit\u00e9. Villeurbanne est une ville tr\u00e8s touch\u00e9e par le trafic de drogues, notamment le cannabis, avec une cinquantaine de points de vente, mais aussi par la d\u00e9linquance et les r\u00e8glements de compte que tout cela engendre.&nbsp;<\/p>\n<\/div>\n<p style=\"text-align: justify;\">Villeurbanne vit au rythme de ses habitants et de leurs activit\u00e9s.&nbsp;De nombreuses associations y sont implant\u00e9es. Le sport tient notamment une place importante dans la ville avec notamment&nbsp;la pr\u00e9sence de&nbsp;l&rsquo;ASVEL&nbsp;rugby (F\u00e9d\u00e9ral 1) et basketball (Jeep \u00c9lite).<\/p>\n<!-- AddThis Advanced Settings generic via filter on the_content --><!-- AddThis Share Buttons generic via filter on the_content -->","protected":false},"excerpt":{"rendered":"<p>Les \u00e9lections municipales et m\u00e9tropolitaines approchent \u00e0 grands pas sur Lyon et les villes alentours. Le Lyon Bondy Blog a d\u00e9cid\u00e9 de s\u2019y atteler afin &hellip; <!-- AddThis Advanced Settings generic via filter on wp_trim_excerpt --><!-- AddThis Share Buttons generic via filter on wp_trim_excerpt --><\/p>\n","protected":false},"author":825,"featured_media":18493,"comment_status":"open","ping_status":"open","sticky":false,"template":"","format":"standard","meta":{"_FSMCFIC_featured_image_caption":"","_FSMCFIC_featured_image_nocaption":"","_FSMCFIC_featured_image_hide":"","footnotes":""},"categories":[13120,10388],"tags":[],"class_list":["post-18489","post","type-post","status-publish","format-standard","has-post-thumbnail","hentry","category-municipales-2020","category-villeurbanne"],"yoast_head":"<!-- This site is optimized with the Yoast SEO plugin v22.8 - https:\/\/yoast.com\/wordpress\/plugins\/seo\/ -->\n<title>Dossier \u00e9lections municipales et m\u00e9tropolitaines avec le LBB - Episode 4 : \u00c9tat des lieux de Villeurbanne - Lyon Bondy Blog<\/title>\n<meta name=\"robots\" content=\"index, follow, max-snippet:-1, max-image-preview:large, max-video-preview:-1\" \/>\n<link rel=\"canonical\" href=\"https:\/\/lyonbondyblog.fr\/LBB\/dossier-elections-municipales-et-metropolitaines-avec-le-lbb-episode-4-etat-des-lieux-de-villeurbanne\/\" \/>\n<meta property=\"og:locale\" content=\"fr_FR\" \/>\n<meta property=\"og:type\" content=\"article\" \/>\n<meta property=\"og:title\" content=\"Dossier \u00e9lections municipales et m\u00e9tropolitaines avec le LBB - Episode 4 : \u00c9tat des lieux de Villeurbanne - Lyon Bondy Blog\" \/>\n<meta property=\"og:description\" content=\"Les \u00e9lections municipales et m\u00e9tropolitaines approchent \u00e0 grands pas sur Lyon et les villes alentours. Le Lyon Bondy Blog a d\u00e9cid\u00e9 de s\u2019y atteler afin &hellip;\" \/>\n<meta property=\"og:url\" content=\"https:\/\/lyonbondyblog.fr\/LBB\/dossier-elections-municipales-et-metropolitaines-avec-le-lbb-episode-4-etat-des-lieux-de-villeurbanne\/\" \/>\n<meta property=\"og:site_name\" content=\"Lyon Bondy Blog\" \/>\n<meta property=\"article:publisher\" content=\"https:\/\/www.facebook.com\/lyonbondyblog\" \/>\n<meta property=\"article:published_time\" content=\"2019-12-06T10:24:31+00:00\" \/>\n<meta property=\"og:image\" content=\"https:\/\/lyonbondyblog.fr\/LBB\/wp-content\/uploads\/2019\/12\/10378402855_75df378ea0_b.jpg\" \/>\n\t<meta property=\"og:image:width\" content=\"1024\" \/>\n\t<meta property=\"og:image:height\" content=\"768\" \/>\n\t<meta property=\"og:image:type\" content=\"image\/jpeg\" \/>\n<meta name=\"author\" content=\"Bastien Salles\" \/>\n<meta name=\"twitter:card\" content=\"summary_large_image\" \/>\n<meta name=\"twitter:creator\" content=\"@bondybloglyon\" \/>\n<meta name=\"twitter:site\" content=\"@bondybloglyon\" \/>\n<script type=\"application\/ld+json\" class=\"yoast-schema-graph\">{\"@context\":\"https:\/\/schema.org\",\"@graph\":[{\"@type\":\"Article\",\"@id\":\"https:\/\/lyonbondyblog.fr\/LBB\/dossier-elections-municipales-et-metropolitaines-avec-le-lbb-episode-4-etat-des-lieux-de-villeurbanne\/#article\",\"isPartOf\":{\"@id\":\"https:\/\/lyonbondyblog.fr\/LBB\/dossier-elections-municipales-et-metropolitaines-avec-le-lbb-episode-4-etat-des-lieux-de-villeurbanne\/\"},\"author\":{\"name\":\"Bastien Salles\",\"@id\":\"https:\/\/lyonbondyblog.fr\/LBB\/#\/schema\/person\/f904f2efe38cd807e8dcb9c8a5934c0e\"},\"headline\":\"Dossier \u00e9lections municipales et m\u00e9tropolitaines avec le LBB &#8211; Episode 4 : \u00c9tat des lieux de Villeurbanne\",\"datePublished\":\"2019-12-06T10:24:31+00:00\",\"dateModified\":\"2019-12-06T10:24:31+00:00\",\"mainEntityOfPage\":{\"@id\":\"https:\/\/lyonbondyblog.fr\/LBB\/dossier-elections-municipales-et-metropolitaines-avec-le-lbb-episode-4-etat-des-lieux-de-villeurbanne\/\"},\"wordCount\":495,\"commentCount\":0,\"publisher\":{\"@id\":\"https:\/\/lyonbondyblog.fr\/LBB\/#organization\"},\"image\":{\"@id\":\"https:\/\/lyonbondyblog.fr\/LBB\/dossier-elections-municipales-et-metropolitaines-avec-le-lbb-episode-4-etat-des-lieux-de-villeurbanne\/#primaryimage\"},\"thumbnailUrl\":\"https:\/\/lyonbondyblog.fr\/LBB\/wp-content\/uploads\/2019\/12\/10378402855_75df378ea0_b.jpg\",\"articleSection\":[\"Municipales 2020\",\"Villeurbanne\"],\"inLanguage\":\"fr-FR\",\"potentialAction\":[{\"@type\":\"CommentAction\",\"name\":\"Comment\",\"target\":[\"https:\/\/lyonbondyblog.fr\/LBB\/dossier-elections-municipales-et-metropolitaines-avec-le-lbb-episode-4-etat-des-lieux-de-villeurbanne\/#respond\"]}]},{\"@type\":\"WebPage\",\"@id\":\"https:\/\/lyonbondyblog.fr\/LBB\/dossier-elections-municipales-et-metropolitaines-avec-le-lbb-episode-4-etat-des-lieux-de-villeurbanne\/\",\"url\":\"https:\/\/lyonbondyblog.fr\/LBB\/dossier-elections-municipales-et-metropolitaines-avec-le-lbb-episode-4-etat-des-lieux-de-villeurbanne\/\",\"name\":\"Dossier \u00e9lections municipales et m\u00e9tropolitaines avec le LBB - Episode 4 : \u00c9tat des lieux de Villeurbanne - Lyon Bondy Blog\",\"isPartOf\":{\"@id\":\"https:\/\/lyonbondyblog.fr\/LBB\/#website\"},\"primaryImageOfPage\":{\"@id\":\"https:\/\/lyonbondyblog.fr\/LBB\/dossier-elections-municipales-et-metropolitaines-avec-le-lbb-episode-4-etat-des-lieux-de-villeurbanne\/#primaryimage\"},\"image\":{\"@id\":\"https:\/\/lyonbondyblog.fr\/LBB\/dossier-elections-municipales-et-metropolitaines-avec-le-lbb-episode-4-etat-des-lieux-de-villeurbanne\/#primaryimage\"},\"thumbnailUrl\":\"https:\/\/lyonbondyblog.fr\/LBB\/wp-content\/uploads\/2019\/12\/10378402855_75df378ea0_b.jpg\",\"datePublished\":\"2019-12-06T10:24:31+00:00\",\"dateModified\":\"2019-12-06T10:24:31+00:00\",\"inLanguage\":\"fr-FR\",\"potentialAction\":[{\"@type\":\"ReadAction\",\"target\":[\"https:\/\/lyonbondyblog.fr\/LBB\/dossier-elections-municipales-et-metropolitaines-avec-le-lbb-episode-4-etat-des-lieux-de-villeurbanne\/\"]}]},{\"@type\":\"ImageObject\",\"inLanguage\":\"fr-FR\",\"@id\":\"https:\/\/lyonbondyblog.fr\/LBB\/dossier-elections-municipales-et-metropolitaines-avec-le-lbb-episode-4-etat-des-lieux-de-villeurbanne\/#primaryimage\",\"url\":\"https:\/\/lyonbondyblog.fr\/LBB\/wp-content\/uploads\/2019\/12\/10378402855_75df378ea0_b.jpg\",\"contentUrl\":\"https:\/\/lyonbondyblog.fr\/LBB\/wp-content\/uploads\/2019\/12\/10378402855_75df378ea0_b.jpg\",\"width\":1024,\"height\":768},{\"@type\":\"WebSite\",\"@id\":\"https:\/\/lyonbondyblog.fr\/LBB\/#website\",\"url\":\"https:\/\/lyonbondyblog.fr\/LBB\/\",\"name\":\"Lyon Bondy Blog\",\"description\":\"\",\"publisher\":{\"@id\":\"https:\/\/lyonbondyblog.fr\/LBB\/#organization\"},\"potentialAction\":[{\"@type\":\"SearchAction\",\"target\":{\"@type\":\"EntryPoint\",\"urlTemplate\":\"https:\/\/lyonbondyblog.fr\/LBB\/?s={search_term_string}\"},\"query-input\":\"required name=search_term_string\"}],\"inLanguage\":\"fr-FR\"},{\"@type\":\"Organization\",\"@id\":\"https:\/\/lyonbondyblog.fr\/LBB\/#organization\",\"name\":\"LYON BONDY BLOG\",\"url\":\"https:\/\/lyonbondyblog.fr\/LBB\/\",\"logo\":{\"@type\":\"ImageObject\",\"inLanguage\":\"fr-FR\",\"@id\":\"https:\/\/lyonbondyblog.fr\/LBB\/#\/schema\/logo\/image\/\",\"url\":\"http:\/\/lyonbondyblog.fr\/LBB\/wp-content\/uploads\/2014\/10\/logo-portable-144.png\",\"contentUrl\":\"http:\/\/lyonbondyblog.fr\/LBB\/wp-content\/uploads\/2014\/10\/logo-portable-144.png\",\"width\":144,\"height\":123,\"caption\":\"LYON BONDY BLOG\"},\"image\":{\"@id\":\"https:\/\/lyonbondyblog.fr\/LBB\/#\/schema\/logo\/image\/\"},\"sameAs\":[\"https:\/\/www.facebook.com\/lyonbondyblog\",\"https:\/\/x.com\/bondybloglyon\"]},{\"@type\":\"Person\",\"@id\":\"https:\/\/lyonbondyblog.fr\/LBB\/#\/schema\/person\/f904f2efe38cd807e8dcb9c8a5934c0e\",\"name\":\"Bastien Salles\",\"url\":\"https:\/\/lyonbondyblog.fr\/LBB\/author\/bastien-salles\/\"}]}<\/script>\n<!-- \/ Yoast SEO plugin. -->","yoast_head_json":{"title":"Dossier \u00e9lections municipales et m\u00e9tropolitaines avec le LBB - Episode 4 : \u00c9tat des lieux de Villeurbanne - Lyon Bondy Blog","robots":{"index":"index","follow":"follow","max-snippet":"max-snippet:-1","max-image-preview":"max-image-preview:large","max-video-preview":"max-video-preview:-1"},"canonical":"https:\/\/lyonbondyblog.fr\/LBB\/dossier-elections-municipales-et-metropolitaines-avec-le-lbb-episode-4-etat-des-lieux-de-villeurbanne\/","og_locale":"fr_FR","og_type":"article","og_title":"Dossier \u00e9lections municipales et m\u00e9tropolitaines avec le LBB - Episode 4 : \u00c9tat des lieux de Villeurbanne - Lyon Bondy Blog","og_description":"Les \u00e9lections municipales et m\u00e9tropolitaines approchent \u00e0 grands pas sur Lyon et les villes alentours. Le Lyon Bondy Blog a d\u00e9cid\u00e9 de s\u2019y atteler afin &hellip;","og_url":"https:\/\/lyonbondyblog.fr\/LBB\/dossier-elections-municipales-et-metropolitaines-avec-le-lbb-episode-4-etat-des-lieux-de-villeurbanne\/","og_site_name":"Lyon Bondy Blog","article_publisher":"https:\/\/www.facebook.com\/lyonbondyblog","article_published_time":"2019-12-06T10:24:31+00:00","og_image":[{"width":1024,"height":768,"url":"https:\/\/lyonbondyblog.fr\/LBB\/wp-content\/uploads\/2019\/12\/10378402855_75df378ea0_b.jpg","type":"image\/jpeg"}],"author":"Bastien Salles","twitter_card":"summary_large_image","twitter_creator":"@bondybloglyon","twitter_site":"@bondybloglyon","schema":{"@context":"https:\/\/schema.org","@graph":[{"@type":"Article","@id":"https:\/\/lyonbondyblog.fr\/LBB\/dossier-elections-municipales-et-metropolitaines-avec-le-lbb-episode-4-etat-des-lieux-de-villeurbanne\/#article","isPartOf":{"@id":"https:\/\/lyonbondyblog.fr\/LBB\/dossier-elections-municipales-et-metropolitaines-avec-le-lbb-episode-4-etat-des-lieux-de-villeurbanne\/"},"author":{"name":"Bastien Salles","@id":"https:\/\/lyonbondyblog.fr\/LBB\/#\/schema\/person\/f904f2efe38cd807e8dcb9c8a5934c0e"},"headline":"Dossier \u00e9lections municipales et m\u00e9tropolitaines avec le LBB &#8211; Episode 4 : \u00c9tat des lieux de Villeurbanne","datePublished":"2019-12-06T10:24:31+00:00","dateModified":"2019-12-06T10:24:31+00:00","mainEntityOfPage":{"@id":"https:\/\/lyonbondyblog.fr\/LBB\/dossier-elections-municipales-et-metropolitaines-avec-le-lbb-episode-4-etat-des-lieux-de-villeurbanne\/"},"wordCount":495,"commentCount":0,"publisher":{"@id":"https:\/\/lyonbondyblog.fr\/LBB\/#organization"},"image":{"@id":"https:\/\/lyonbondyblog.fr\/LBB\/dossier-elections-municipales-et-metropolitaines-avec-le-lbb-episode-4-etat-des-lieux-de-villeurbanne\/#primaryimage"},"thumbnailUrl":"https:\/\/lyonbondyblog.fr\/LBB\/wp-content\/uploads\/2019\/12\/10378402855_75df378ea0_b.jpg","articleSection":["Municipales 2020","Villeurbanne"],"inLanguage":"fr-FR","potentialAction":[{"@type":"CommentAction","name":"Comment","target":["https:\/\/lyonbondyblog.fr\/LBB\/dossier-elections-municipales-et-metropolitaines-avec-le-lbb-episode-4-etat-des-lieux-de-villeurbanne\/#respond"]}]},{"@type":"WebPage","@id":"https:\/\/lyonbondyblog.fr\/LBB\/dossier-elections-municipales-et-metropolitaines-avec-le-lbb-episode-4-etat-des-lieux-de-villeurbanne\/","url":"https:\/\/lyonbondyblog.fr\/LBB\/dossier-elections-municipales-et-metropolitaines-avec-le-lbb-episode-4-etat-des-lieux-de-villeurbanne\/","name":"Dossier \u00e9lections municipales et m\u00e9tropolitaines avec le LBB - Episode 4 : \u00c9tat des lieux de Villeurbanne - Lyon Bondy Blog","isPartOf":{"@id":"https:\/\/lyonbondyblog.fr\/LBB\/#website"},"primaryImageOfPage":{"@id":"https:\/\/lyonbondyblog.fr\/LBB\/dossier-elections-municipales-et-metropolitaines-avec-le-lbb-episode-4-etat-des-lieux-de-villeurbanne\/#primaryimage"},"image":{"@id":"https:\/\/lyonbondyblog.fr\/LBB\/dossier-elections-municipales-et-metropolitaines-avec-le-lbb-episode-4-etat-des-lieux-de-villeurbanne\/#primaryimage"},"thumbnailUrl":"https:\/\/lyonbondyblog.fr\/LBB\/wp-content\/uploads\/2019\/12\/10378402855_75df378ea0_b.jpg","datePublished":"2019-12-06T10:24:31+00:00","dateModified":"2019-12-06T10:24:31+00:00","inLanguage":"fr-FR","potentialAction":[{"@type":"ReadAction","target":["https:\/\/lyonbondyblog.fr\/LBB\/dossier-elections-municipales-et-metropolitaines-avec-le-lbb-episode-4-etat-des-lieux-de-villeurbanne\/"]}]},{"@type":"ImageObject","inLanguage":"fr-FR","@id":"https:\/\/lyonbondyblog.fr\/LBB\/dossier-elections-municipales-et-metropolitaines-avec-le-lbb-episode-4-etat-des-lieux-de-villeurbanne\/#primaryimage","url":"https:\/\/lyonbondyblog.fr\/LBB\/wp-content\/uploads\/2019\/12\/10378402855_75df378ea0_b.jpg","contentUrl":"https:\/\/lyonbondyblog.fr\/LBB\/wp-content\/uploads\/2019\/12\/10378402855_75df378ea0_b.jpg","width":1024,"height":768},{"@type":"WebSite","@id":"https:\/\/lyonbondyblog.fr\/LBB\/#website","url":"https:\/\/lyonbondyblog.fr\/LBB\/","name":"Lyon Bondy Blog","description":"","publisher":{"@id":"https:\/\/lyonbondyblog.fr\/LBB\/#organization"},"potentialAction":[{"@type":"SearchAction","target":{"@type":"EntryPoint","urlTemplate":"https:\/\/lyonbondyblog.fr\/LBB\/?s={search_term_string}"},"query-input":"required name=search_term_string"}],"inLanguage":"fr-FR"},{"@type":"Organization","@id":"https:\/\/lyonbondyblog.fr\/LBB\/#organization","name":"LYON BONDY BLOG","url":"https:\/\/lyonbondyblog.fr\/LBB\/","logo":{"@type":"ImageObject","inLanguage":"fr-FR","@id":"https:\/\/lyonbondyblog.fr\/LBB\/#\/schema\/logo\/image\/","url":"http:\/\/lyonbondyblog.fr\/LBB\/wp-content\/uploads\/2014\/10\/logo-portable-144.png","contentUrl":"http:\/\/lyonbondyblog.fr\/LBB\/wp-content\/uploads\/2014\/10\/logo-portable-144.png","width":144,"height":123,"caption":"LYON BONDY BLOG"},"image":{"@id":"https:\/\/lyonbondyblog.fr\/LBB\/#\/schema\/logo\/image\/"},"sameAs":["https:\/\/www.facebook.com\/lyonbondyblog","https:\/\/x.com\/bondybloglyon"]},{"@type":"Person","@id":"https:\/\/lyonbondyblog.fr\/LBB\/#\/schema\/person\/f904f2efe38cd807e8dcb9c8a5934c0e","name":"Bastien Salles","url":"https:\/\/lyonbondyblog.fr\/LBB\/author\/bastien-salles\/"}]}},"_links":{"self":[{"href":"https:\/\/lyonbondyblog.fr\/LBB\/wp-json\/wp\/v2\/posts\/18489","targetHints":{"allow":["GET"]}}],"collection":[{"href":"https:\/\/lyonbondyblog.fr\/LBB\/wp-json\/wp\/v2\/posts"}],"about":[{"href":"https:\/\/lyonbondyblog.fr\/LBB\/wp-json\/wp\/v2\/types\/post"}],"author":[{"embeddable":true,"href":"https:\/\/lyonbondyblog.fr\/LBB\/wp-json\/wp\/v2\/users\/825"}],"replies":[{"embeddable":true,"href":"https:\/\/lyonbondyblog.fr\/LBB\/wp-json\/wp\/v2\/comments?post=18489"}],"version-history":[{"count":3,"href":"https:\/\/lyonbondyblog.fr\/LBB\/wp-json\/wp\/v2\/posts\/18489\/revisions"}],"predecessor-version":[{"id":18495,"href":"https:\/\/lyonbondyblog.fr\/LBB\/wp-json\/wp\/v2\/posts\/18489\/revisions\/18495"}],"wp:featuredmedia":[{"embeddable":true,"href":"https:\/\/lyonbondyblog.fr\/LBB\/wp-json\/wp\/v2\/media\/18493"}],"wp:attachment":[{"href":"https:\/\/lyonbondyblog.fr\/LBB\/wp-json\/wp\/v2\/media?parent=18489"}],"wp:term":[{"taxonomy":"category","embeddable":true,"href":"https:\/\/lyonbondyblog.fr\/LBB\/wp-json\/wp\/v2\/categories?post=18489"},{"taxonomy":"post_tag","embeddable":true,"href":"https:\/\/lyonbondyblog.fr\/LBB\/wp-json\/wp\/v2\/tags?post=18489"}],"curies":[{"name":"wp","href":"https:\/\/api.w.org\/{rel}","templated":true}]}}