{"id":18423,"date":"2019-12-03T15:28:30","date_gmt":"2019-12-03T14:28:30","guid":{"rendered":"http:\/\/lyonbondyblog.fr\/LBB\/?p=18423"},"modified":"2019-12-03T15:49:13","modified_gmt":"2019-12-03T14:49:13","slug":"le-rhone-sportif-rugby-fete-ses-100-ans-de-tranquillite","status":"publish","type":"post","link":"https:\/\/lyonbondyblog.fr\/LBB\/le-rhone-sportif-rugby-fete-ses-100-ans-de-tranquillite\/","title":{"rendered":"Le Rh\u00f4ne Sportif Rugby f\u00eate ses 100 ans de tranquillit\u00e9"},"content":{"rendered":"<h4><span style=\"font-size: 14pt;\">Le Rh\u00f4ne Sportif Rugby Villeurbanne, situ\u00e9 dans la rue Tranquille dans le quartier Saint-Jean, a f\u00eat\u00e9 ses cent ans ce mercredi 27 novembre. Pour l&rsquo;occasion, Alexandre Bonucci, co-pr\u00e9sident du club sportif, a accept\u00e9 de r\u00e9pondre \u00e0 notre interview pour pr\u00e9senter le club et son importance dans le quartier.<\/span><\/h4>\n<p><span style=\"font-family: Arial, sans-serif;\"><span style=\"font-size: medium;\"><span style=\"color: #000000;\">Q<\/span><span style=\"color: #000000;\">ui \u00eates-vous et pouvez-vous pr\u00e9senter l&rsquo;endroit o\u00f9 nous sommes ?&nbsp;<\/span><\/span><\/span><\/p>\n<p><iframe loading=\"lazy\" src=\"https:\/\/w.soundcloud.com\/player\/?url=https%3A\/\/api.soundcloud.com\/tracks\/722094238&amp;color=%23ff5500&amp;auto_play=false&amp;hide_related=false&amp;show_comments=true&amp;show_user=true&amp;show_reposts=false&amp;show_teaser=true&amp;visual=true\" width=\"100%\" height=\"100\" frameborder=\"no\" scrolling=\"no\"><span data-mce-type=\"bookmark\" style=\"display: inline-block; width: 0px; overflow: hidden; line-height: 0;\" class=\"mce_SELRES_start\">\ufeff<\/span><span data-mce-type=\"bookmark\" style=\"display: inline-block; width: 0px; overflow: hidden; line-height: 0;\" class=\"mce_SELRES_start\">\ufeff<\/span><\/iframe><\/p>\n<p>&nbsp;<\/p>\n<p>Qui est l&rsquo;abb\u00e9 Firmant ?<\/p>\n<p><iframe loading=\"lazy\" src=\"https:\/\/w.soundcloud.com\/player\/?url=https%3A\/\/api.soundcloud.com\/tracks\/722094235&amp;color=%23ff5500&amp;auto_play=false&amp;hide_related=false&amp;show_comments=true&amp;show_user=true&amp;show_reposts=false&amp;show_teaser=true&amp;visual=true\" width=\"100%\" height=\"100\" frameborder=\"no\" scrolling=\"no\"><span data-mce-type=\"bookmark\" style=\"display: inline-block; width: 0px; overflow: hidden; line-height: 0;\" class=\"mce_SELRES_start\">\ufeff<\/span><\/iframe><\/p>\n<p>&nbsp;<\/p>\n<p><span style=\"color: #000000;\"><span style=\"font-family: Arial, sans-serif;\"><span style=\"font-size: medium;\">Que pensez-vous de votre position dans le quartier Saint-Jean ?<\/span><\/span><\/span><br \/>\n<iframe loading=\"lazy\" src=\"https:\/\/w.soundcloud.com\/player\/?url=https%3A\/\/api.soundcloud.com\/tracks\/722094229&amp;color=%23ff5500&amp;auto_play=false&amp;hide_related=false&amp;show_comments=true&amp;show_user=true&amp;show_reposts=false&amp;show_teaser=true&amp;visual=true\" width=\"100%\" height=\"100\" frameborder=\"no\" scrolling=\"no\"><span data-mce-type=\"bookmark\" style=\"display: inline-block; width: 0px; overflow: hidden; line-height: 0;\" class=\"mce_SELRES_start\">\ufeff<\/span><\/iframe><\/p>\n<p>&nbsp;<\/p>\n<p><span style=\"color: #000000;\"><span style=\"font-family: Arial, sans-serif;\"><span style=\"font-size: medium;\">Est-ce que vous souffrez de la concurrence avec l\u2019Asvel Rugby ?<\/span><\/span><\/span><\/p>\n<p><iframe loading=\"lazy\" src=\"https:\/\/w.soundcloud.com\/player\/?url=https%3A\/\/api.soundcloud.com\/tracks\/722094223&amp;color=%23ff5500&amp;auto_play=false&amp;hide_related=false&amp;show_comments=true&amp;show_user=true&amp;show_reposts=false&amp;show_teaser=true&amp;visual=true\" width=\"100%\" height=\"100\" frameborder=\"no\" scrolling=\"no\"><span data-mce-type=\"bookmark\" style=\"display: inline-block; width: 0px; overflow: hidden; line-height: 0;\" class=\"mce_SELRES_start\">\ufeff<\/span><\/iframe><br \/>\n&nbsp;<\/p>\n<p><span style=\"color: #000000;\"><span style=\"font-family: Arial, sans-serif;\"><span style=\"font-size: medium;\">La mairie vous \u00e0 donner un coup de main pour les 100 ans ?<\/span><\/span><\/span><\/p>\n<p><iframe loading=\"lazy\" src=\"https:\/\/w.soundcloud.com\/player\/?url=https%3A\/\/api.soundcloud.com\/tracks\/722094220&amp;color=%23ff5500&amp;auto_play=false&amp;hide_related=false&amp;show_comments=true&amp;show_user=true&amp;show_reposts=false&amp;show_teaser=true&amp;visual=true\" width=\"100%\" height=\"100\" frameborder=\"no\" scrolling=\"no\"><span data-mce-type=\"bookmark\" style=\"display: inline-block; width: 0px; overflow: hidden; line-height: 0;\" class=\"mce_SELRES_start\">\ufeff<\/span><\/iframe><\/p>\n<p>&nbsp;<\/p>\n<p><span style=\"color: #000000;\"><span style=\"font-family: Arial, sans-serif;\"><span style=\"font-size: medium;\">Le rugby f\u00e9minin est en essor, et pour vous, comment \u00e7a se passe ?<\/span><\/span><\/span><\/p>\n<p><iframe loading=\"lazy\" src=\"https:\/\/w.soundcloud.com\/player\/?url=https%3A\/\/api.soundcloud.com\/tracks\/722094217&amp;color=%23ff5500&amp;auto_play=false&amp;hide_related=false&amp;show_comments=true&amp;show_user=true&amp;show_reposts=false&amp;show_teaser=true&amp;visual=true\" width=\"100%\" height=\"100\" frameborder=\"no\" scrolling=\"no\"><\/iframe><\/p>\n<p>Quel est votre r\u00f4le social dans le quartier saint-Jean ?<br \/>\n<iframe loading=\"lazy\" src=\"https:\/\/w.soundcloud.com\/player\/?url=https%3A\/\/api.soundcloud.com\/tracks\/722094214&amp;color=%23ff5500&amp;auto_play=false&amp;hide_related=false&amp;show_comments=true&amp;show_user=true&amp;show_reposts=false&amp;show_teaser=true&amp;visual=true\" width=\"100%\" height=\"100\" frameborder=\"no\" scrolling=\"no\"><span data-mce-type=\"bookmark\" style=\"display: inline-block; width: 0px; overflow: hidden; line-height: 0;\" class=\"mce_SELRES_start\">\ufeff<\/span><\/iframe><\/p>\n<p><span style=\"color: #000000;\"><span style=\"font-family: Arial, sans-serif;\"><span style=\"font-size: medium;\">Comment avez-vous fait \u00e9voluer votre communication ?<\/span><\/span><\/span><\/p>\n<p><iframe loading=\"lazy\" src=\"https:\/\/w.soundcloud.com\/player\/?url=https%3A\/\/api.soundcloud.com\/tracks\/722094208&amp;color=%23ff5500&amp;auto_play=false&amp;hide_related=false&amp;show_comments=true&amp;show_user=true&amp;show_reposts=false&amp;show_teaser=true&amp;visual=true\" width=\"100%\" height=\"100\" frameborder=\"no\" scrolling=\"no\"><span data-mce-type=\"bookmark\" style=\"display: inline-block; width: 0px; overflow: hidden; line-height: 0;\" class=\"mce_SELRES_start\">\ufeff<\/span><\/iframe><br \/>\n&nbsp;<\/p>\n<p>&nbsp;<\/p>\n<p>&nbsp;<\/p>\n<p>&nbsp;<\/p>\n<p>&nbsp;<\/p>\n<!-- AddThis Advanced Settings generic via filter on the_content --><!-- AddThis Share Buttons generic via filter on the_content -->","protected":false},"excerpt":{"rendered":"<p>Le Rh\u00f4ne Sportif Rugby Villeurbanne, situ\u00e9 dans la rue Tranquille dans le quartier Saint-Jean, a f\u00eat\u00e9 ses cent ans ce mercredi 27 novembre. Pour l&rsquo;occasion, &hellip; <!-- AddThis Advanced Settings generic via filter on wp_trim_excerpt --><!-- AddThis Share Buttons generic via filter on wp_trim_excerpt --><\/p>\n","protected":false},"author":19758,"featured_media":18474,"comment_status":"open","ping_status":"open","sticky":false,"template":"","format":"standard","meta":{"_FSMCFIC_featured_image_caption":"","_FSMCFIC_featured_image_nocaption":"","_FSMCFIC_featured_image_hide":"","footnotes":""},"categories":[4],"tags":[],"class_list":["post-18423","post","type-post","status-publish","format-standard","has-post-thumbnail","hentry","category-lyon"],"yoast_head":"<!-- This site is optimized with the Yoast SEO plugin v22.8 - https:\/\/yoast.com\/wordpress\/plugins\/seo\/ -->\n<title>Le Rh\u00f4ne Sportif Rugby f\u00eate ses 100 ans de tranquillit\u00e9 - Lyon Bondy Blog<\/title>\n<meta name=\"robots\" content=\"index, follow, max-snippet:-1, max-image-preview:large, max-video-preview:-1\" \/>\n<link rel=\"canonical\" href=\"https:\/\/lyonbondyblog.fr\/LBB\/le-rhone-sportif-rugby-fete-ses-100-ans-de-tranquillite\/\" \/>\n<meta property=\"og:locale\" content=\"fr_FR\" \/>\n<meta property=\"og:type\" content=\"article\" \/>\n<meta property=\"og:title\" content=\"Le Rh\u00f4ne Sportif Rugby f\u00eate ses 100 ans de tranquillit\u00e9 - Lyon Bondy Blog\" \/>\n<meta property=\"og:description\" content=\"Le Rh\u00f4ne Sportif Rugby Villeurbanne, situ\u00e9 dans la rue Tranquille dans le quartier Saint-Jean, a f\u00eat\u00e9 ses cent ans ce mercredi 27 novembre. Pour l&rsquo;occasion, &hellip;\" \/>\n<meta property=\"og:url\" content=\"https:\/\/lyonbondyblog.fr\/LBB\/le-rhone-sportif-rugby-fete-ses-100-ans-de-tranquillite\/\" \/>\n<meta property=\"og:site_name\" content=\"Lyon Bondy Blog\" \/>\n<meta property=\"article:publisher\" content=\"https:\/\/www.facebook.com\/lyonbondyblog\" \/>\n<meta property=\"article:published_time\" content=\"2019-12-03T14:28:30+00:00\" \/>\n<meta property=\"article:modified_time\" content=\"2019-12-03T14:49:13+00:00\" \/>\n<meta property=\"og:image\" content=\"https:\/\/lyonbondyblog.fr\/LBB\/wp-content\/uploads\/2019\/12\/LOGO_Club-de-rugby-lyon-Villeurbanne-Rhone_Sportif.png\" \/>\n\t<meta property=\"og:image:width\" content=\"512\" \/>\n\t<meta property=\"og:image:height\" content=\"512\" \/>\n\t<meta property=\"og:image:type\" content=\"image\/png\" \/>\n<meta name=\"author\" content=\"Constant Glaster\" \/>\n<meta name=\"twitter:card\" content=\"summary_large_image\" \/>\n<meta name=\"twitter:creator\" content=\"@bondybloglyon\" \/>\n<meta name=\"twitter:site\" content=\"@bondybloglyon\" \/>\n<script type=\"application\/ld+json\" class=\"yoast-schema-graph\">{\"@context\":\"https:\/\/schema.org\",\"@graph\":[{\"@type\":\"Article\",\"@id\":\"https:\/\/lyonbondyblog.fr\/LBB\/le-rhone-sportif-rugby-fete-ses-100-ans-de-tranquillite\/#article\",\"isPartOf\":{\"@id\":\"https:\/\/lyonbondyblog.fr\/LBB\/le-rhone-sportif-rugby-fete-ses-100-ans-de-tranquillite\/\"},\"author\":{\"name\":\"Constant Glaster\",\"@id\":\"https:\/\/lyonbondyblog.fr\/LBB\/#\/schema\/person\/ff1f5e8947603dbd03b3231cd74d8003\"},\"headline\":\"Le Rh\u00f4ne Sportif Rugby f\u00eate ses 100 ans de tranquillit\u00e9\",\"datePublished\":\"2019-12-03T14:28:30+00:00\",\"dateModified\":\"2019-12-03T14:49:13+00:00\",\"mainEntityOfPage\":{\"@id\":\"https:\/\/lyonbondyblog.fr\/LBB\/le-rhone-sportif-rugby-fete-ses-100-ans-de-tranquillite\/\"},\"wordCount\":149,\"commentCount\":0,\"publisher\":{\"@id\":\"https:\/\/lyonbondyblog.fr\/LBB\/#organization\"},\"image\":{\"@id\":\"https:\/\/lyonbondyblog.fr\/LBB\/le-rhone-sportif-rugby-fete-ses-100-ans-de-tranquillite\/#primaryimage\"},\"thumbnailUrl\":\"https:\/\/lyonbondyblog.fr\/LBB\/wp-content\/uploads\/2019\/12\/LOGO_Club-de-rugby-lyon-Villeurbanne-Rhone_Sportif.png\",\"articleSection\":[\"Lyon\"],\"inLanguage\":\"fr-FR\",\"potentialAction\":[{\"@type\":\"CommentAction\",\"name\":\"Comment\",\"target\":[\"https:\/\/lyonbondyblog.fr\/LBB\/le-rhone-sportif-rugby-fete-ses-100-ans-de-tranquillite\/#respond\"]}]},{\"@type\":\"WebPage\",\"@id\":\"https:\/\/lyonbondyblog.fr\/LBB\/le-rhone-sportif-rugby-fete-ses-100-ans-de-tranquillite\/\",\"url\":\"https:\/\/lyonbondyblog.fr\/LBB\/le-rhone-sportif-rugby-fete-ses-100-ans-de-tranquillite\/\",\"name\":\"Le Rh\u00f4ne Sportif Rugby f\u00eate ses 100 ans de tranquillit\u00e9 - Lyon Bondy Blog\",\"isPartOf\":{\"@id\":\"https:\/\/lyonbondyblog.fr\/LBB\/#website\"},\"primaryImageOfPage\":{\"@id\":\"https:\/\/lyonbondyblog.fr\/LBB\/le-rhone-sportif-rugby-fete-ses-100-ans-de-tranquillite\/#primaryimage\"},\"image\":{\"@id\":\"https:\/\/lyonbondyblog.fr\/LBB\/le-rhone-sportif-rugby-fete-ses-100-ans-de-tranquillite\/#primaryimage\"},\"thumbnailUrl\":\"https:\/\/lyonbondyblog.fr\/LBB\/wp-content\/uploads\/2019\/12\/LOGO_Club-de-rugby-lyon-Villeurbanne-Rhone_Sportif.png\",\"datePublished\":\"2019-12-03T14:28:30+00:00\",\"dateModified\":\"2019-12-03T14:49:13+00:00\",\"inLanguage\":\"fr-FR\",\"potentialAction\":[{\"@type\":\"ReadAction\",\"target\":[\"https:\/\/lyonbondyblog.fr\/LBB\/le-rhone-sportif-rugby-fete-ses-100-ans-de-tranquillite\/\"]}]},{\"@type\":\"ImageObject\",\"inLanguage\":\"fr-FR\",\"@id\":\"https:\/\/lyonbondyblog.fr\/LBB\/le-rhone-sportif-rugby-fete-ses-100-ans-de-tranquillite\/#primaryimage\",\"url\":\"https:\/\/lyonbondyblog.fr\/LBB\/wp-content\/uploads\/2019\/12\/LOGO_Club-de-rugby-lyon-Villeurbanne-Rhone_Sportif.png\",\"contentUrl\":\"https:\/\/lyonbondyblog.fr\/LBB\/wp-content\/uploads\/2019\/12\/LOGO_Club-de-rugby-lyon-Villeurbanne-Rhone_Sportif.png\",\"width\":512,\"height\":512},{\"@type\":\"WebSite\",\"@id\":\"https:\/\/lyonbondyblog.fr\/LBB\/#website\",\"url\":\"https:\/\/lyonbondyblog.fr\/LBB\/\",\"name\":\"Lyon Bondy Blog\",\"description\":\"\",\"publisher\":{\"@id\":\"https:\/\/lyonbondyblog.fr\/LBB\/#organization\"},\"potentialAction\":[{\"@type\":\"SearchAction\",\"target\":{\"@type\":\"EntryPoint\",\"urlTemplate\":\"https:\/\/lyonbondyblog.fr\/LBB\/?s={search_term_string}\"},\"query-input\":\"required name=search_term_string\"}],\"inLanguage\":\"fr-FR\"},{\"@type\":\"Organization\",\"@id\":\"https:\/\/lyonbondyblog.fr\/LBB\/#organization\",\"name\":\"LYON BONDY BLOG\",\"url\":\"https:\/\/lyonbondyblog.fr\/LBB\/\",\"logo\":{\"@type\":\"ImageObject\",\"inLanguage\":\"fr-FR\",\"@id\":\"https:\/\/lyonbondyblog.fr\/LBB\/#\/schema\/logo\/image\/\",\"url\":\"http:\/\/lyonbondyblog.fr\/LBB\/wp-content\/uploads\/2014\/10\/logo-portable-144.png\",\"contentUrl\":\"http:\/\/lyonbondyblog.fr\/LBB\/wp-content\/uploads\/2014\/10\/logo-portable-144.png\",\"width\":144,\"height\":123,\"caption\":\"LYON BONDY BLOG\"},\"image\":{\"@id\":\"https:\/\/lyonbondyblog.fr\/LBB\/#\/schema\/logo\/image\/\"},\"sameAs\":[\"https:\/\/www.facebook.com\/lyonbondyblog\",\"https:\/\/x.com\/bondybloglyon\"]},{\"@type\":\"Person\",\"@id\":\"https:\/\/lyonbondyblog.fr\/LBB\/#\/schema\/person\/ff1f5e8947603dbd03b3231cd74d8003\",\"name\":\"Constant Glaster\",\"url\":\"https:\/\/lyonbondyblog.fr\/LBB\/author\/constant69\/\"}]}<\/script>\n<!-- \/ Yoast SEO plugin. -->","yoast_head_json":{"title":"Le Rh\u00f4ne Sportif Rugby f\u00eate ses 100 ans de tranquillit\u00e9 - Lyon Bondy Blog","robots":{"index":"index","follow":"follow","max-snippet":"max-snippet:-1","max-image-preview":"max-image-preview:large","max-video-preview":"max-video-preview:-1"},"canonical":"https:\/\/lyonbondyblog.fr\/LBB\/le-rhone-sportif-rugby-fete-ses-100-ans-de-tranquillite\/","og_locale":"fr_FR","og_type":"article","og_title":"Le Rh\u00f4ne Sportif Rugby f\u00eate ses 100 ans de tranquillit\u00e9 - Lyon Bondy Blog","og_description":"Le Rh\u00f4ne Sportif Rugby Villeurbanne, situ\u00e9 dans la rue Tranquille dans le quartier Saint-Jean, a f\u00eat\u00e9 ses cent ans ce mercredi 27 novembre. Pour l&rsquo;occasion, &hellip;","og_url":"https:\/\/lyonbondyblog.fr\/LBB\/le-rhone-sportif-rugby-fete-ses-100-ans-de-tranquillite\/","og_site_name":"Lyon Bondy Blog","article_publisher":"https:\/\/www.facebook.com\/lyonbondyblog","article_published_time":"2019-12-03T14:28:30+00:00","article_modified_time":"2019-12-03T14:49:13+00:00","og_image":[{"width":512,"height":512,"url":"https:\/\/lyonbondyblog.fr\/LBB\/wp-content\/uploads\/2019\/12\/LOGO_Club-de-rugby-lyon-Villeurbanne-Rhone_Sportif.png","type":"image\/png"}],"author":"Constant Glaster","twitter_card":"summary_large_image","twitter_creator":"@bondybloglyon","twitter_site":"@bondybloglyon","schema":{"@context":"https:\/\/schema.org","@graph":[{"@type":"Article","@id":"https:\/\/lyonbondyblog.fr\/LBB\/le-rhone-sportif-rugby-fete-ses-100-ans-de-tranquillite\/#article","isPartOf":{"@id":"https:\/\/lyonbondyblog.fr\/LBB\/le-rhone-sportif-rugby-fete-ses-100-ans-de-tranquillite\/"},"author":{"name":"Constant Glaster","@id":"https:\/\/lyonbondyblog.fr\/LBB\/#\/schema\/person\/ff1f5e8947603dbd03b3231cd74d8003"},"headline":"Le Rh\u00f4ne Sportif Rugby f\u00eate ses 100 ans de tranquillit\u00e9","datePublished":"2019-12-03T14:28:30+00:00","dateModified":"2019-12-03T14:49:13+00:00","mainEntityOfPage":{"@id":"https:\/\/lyonbondyblog.fr\/LBB\/le-rhone-sportif-rugby-fete-ses-100-ans-de-tranquillite\/"},"wordCount":149,"commentCount":0,"publisher":{"@id":"https:\/\/lyonbondyblog.fr\/LBB\/#organization"},"image":{"@id":"https:\/\/lyonbondyblog.fr\/LBB\/le-rhone-sportif-rugby-fete-ses-100-ans-de-tranquillite\/#primaryimage"},"thumbnailUrl":"https:\/\/lyonbondyblog.fr\/LBB\/wp-content\/uploads\/2019\/12\/LOGO_Club-de-rugby-lyon-Villeurbanne-Rhone_Sportif.png","articleSection":["Lyon"],"inLanguage":"fr-FR","potentialAction":[{"@type":"CommentAction","name":"Comment","target":["https:\/\/lyonbondyblog.fr\/LBB\/le-rhone-sportif-rugby-fete-ses-100-ans-de-tranquillite\/#respond"]}]},{"@type":"WebPage","@id":"https:\/\/lyonbondyblog.fr\/LBB\/le-rhone-sportif-rugby-fete-ses-100-ans-de-tranquillite\/","url":"https:\/\/lyonbondyblog.fr\/LBB\/le-rhone-sportif-rugby-fete-ses-100-ans-de-tranquillite\/","name":"Le Rh\u00f4ne Sportif Rugby f\u00eate ses 100 ans de tranquillit\u00e9 - Lyon Bondy Blog","isPartOf":{"@id":"https:\/\/lyonbondyblog.fr\/LBB\/#website"},"primaryImageOfPage":{"@id":"https:\/\/lyonbondyblog.fr\/LBB\/le-rhone-sportif-rugby-fete-ses-100-ans-de-tranquillite\/#primaryimage"},"image":{"@id":"https:\/\/lyonbondyblog.fr\/LBB\/le-rhone-sportif-rugby-fete-ses-100-ans-de-tranquillite\/#primaryimage"},"thumbnailUrl":"https:\/\/lyonbondyblog.fr\/LBB\/wp-content\/uploads\/2019\/12\/LOGO_Club-de-rugby-lyon-Villeurbanne-Rhone_Sportif.png","datePublished":"2019-12-03T14:28:30+00:00","dateModified":"2019-12-03T14:49:13+00:00","inLanguage":"fr-FR","potentialAction":[{"@type":"ReadAction","target":["https:\/\/lyonbondyblog.fr\/LBB\/le-rhone-sportif-rugby-fete-ses-100-ans-de-tranquillite\/"]}]},{"@type":"ImageObject","inLanguage":"fr-FR","@id":"https:\/\/lyonbondyblog.fr\/LBB\/le-rhone-sportif-rugby-fete-ses-100-ans-de-tranquillite\/#primaryimage","url":"https:\/\/lyonbondyblog.fr\/LBB\/wp-content\/uploads\/2019\/12\/LOGO_Club-de-rugby-lyon-Villeurbanne-Rhone_Sportif.png","contentUrl":"https:\/\/lyonbondyblog.fr\/LBB\/wp-content\/uploads\/2019\/12\/LOGO_Club-de-rugby-lyon-Villeurbanne-Rhone_Sportif.png","width":512,"height":512},{"@type":"WebSite","@id":"https:\/\/lyonbondyblog.fr\/LBB\/#website","url":"https:\/\/lyonbondyblog.fr\/LBB\/","name":"Lyon Bondy Blog","description":"","publisher":{"@id":"https:\/\/lyonbondyblog.fr\/LBB\/#organization"},"potentialAction":[{"@type":"SearchAction","target":{"@type":"EntryPoint","urlTemplate":"https:\/\/lyonbondyblog.fr\/LBB\/?s={search_term_string}"},"query-input":"required name=search_term_string"}],"inLanguage":"fr-FR"},{"@type":"Organization","@id":"https:\/\/lyonbondyblog.fr\/LBB\/#organization","name":"LYON BONDY BLOG","url":"https:\/\/lyonbondyblog.fr\/LBB\/","logo":{"@type":"ImageObject","inLanguage":"fr-FR","@id":"https:\/\/lyonbondyblog.fr\/LBB\/#\/schema\/logo\/image\/","url":"http:\/\/lyonbondyblog.fr\/LBB\/wp-content\/uploads\/2014\/10\/logo-portable-144.png","contentUrl":"http:\/\/lyonbondyblog.fr\/LBB\/wp-content\/uploads\/2014\/10\/logo-portable-144.png","width":144,"height":123,"caption":"LYON BONDY BLOG"},"image":{"@id":"https:\/\/lyonbondyblog.fr\/LBB\/#\/schema\/logo\/image\/"},"sameAs":["https:\/\/www.facebook.com\/lyonbondyblog","https:\/\/x.com\/bondybloglyon"]},{"@type":"Person","@id":"https:\/\/lyonbondyblog.fr\/LBB\/#\/schema\/person\/ff1f5e8947603dbd03b3231cd74d8003","name":"Constant Glaster","url":"https:\/\/lyonbondyblog.fr\/LBB\/author\/constant69\/"}]}},"_links":{"self":[{"href":"https:\/\/lyonbondyblog.fr\/LBB\/wp-json\/wp\/v2\/posts\/18423","targetHints":{"allow":["GET"]}}],"collection":[{"href":"https:\/\/lyonbondyblog.fr\/LBB\/wp-json\/wp\/v2\/posts"}],"about":[{"href":"https:\/\/lyonbondyblog.fr\/LBB\/wp-json\/wp\/v2\/types\/post"}],"author":[{"embeddable":true,"href":"https:\/\/lyonbondyblog.fr\/LBB\/wp-json\/wp\/v2\/users\/19758"}],"replies":[{"embeddable":true,"href":"https:\/\/lyonbondyblog.fr\/LBB\/wp-json\/wp\/v2\/comments?post=18423"}],"version-history":[{"count":9,"href":"https:\/\/lyonbondyblog.fr\/LBB\/wp-json\/wp\/v2\/posts\/18423\/revisions"}],"predecessor-version":[{"id":18477,"href":"https:\/\/lyonbondyblog.fr\/LBB\/wp-json\/wp\/v2\/posts\/18423\/revisions\/18477"}],"wp:featuredmedia":[{"embeddable":true,"href":"https:\/\/lyonbondyblog.fr\/LBB\/wp-json\/wp\/v2\/media\/18474"}],"wp:attachment":[{"href":"https:\/\/lyonbondyblog.fr\/LBB\/wp-json\/wp\/v2\/media?parent=18423"}],"wp:term":[{"taxonomy":"category","embeddable":true,"href":"https:\/\/lyonbondyblog.fr\/LBB\/wp-json\/wp\/v2\/categories?post=18423"},{"taxonomy":"post_tag","embeddable":true,"href":"https:\/\/lyonbondyblog.fr\/LBB\/wp-json\/wp\/v2\/tags?post=18423"}],"curies":[{"name":"wp","href":"https:\/\/api.w.org\/{rel}","templated":true}]}}