{"id":18308,"date":"2019-11-15T13:46:53","date_gmt":"2019-11-15T12:46:53","guid":{"rendered":"http:\/\/lyonbondyblog.fr\/LBB\/?p=18308"},"modified":"2019-11-18T18:06:31","modified_gmt":"2019-11-18T17:06:31","slug":"la-sante-se-manifeste-dans-les-rues-de-lyon-tous-concernes","status":"publish","type":"post","link":"https:\/\/lyonbondyblog.fr\/LBB\/la-sante-se-manifeste-dans-les-rues-de-lyon-tous-concernes\/","title":{"rendered":"La Sant\u00e9 se manifeste dans les rues de Lyon : \u00a0\u00bb Tous concern\u00e9s \u00ab\u00a0"},"content":{"rendered":"<p style=\"text-align: justify;\"><strong><span id=\"p0\">Ce jeudi 14 novembre s&rsquo;est tenue une manifestation inter-syndicale des travailleurs de la sant\u00e9 et des pompiers.<\/span><span id=\"p1\">&nbsp;Environ 1700 \u00e0 2000 personnes selon la CGT&nbsp;<span id=\"39\" class=\"s-bl-t\">&#8211; 900<\/span>&nbsp;selon la police &#8211; \u00e9taient pr\u00e9sentes pour le parcours d&rsquo;<span id=\"40\" class=\"s-or-t\">Edouard Herriot<\/span>&nbsp;jusqu&rsquo;\u00e0 la pr\u00e9fecture.<\/span><span id=\"p2\">&nbsp;L&rsquo;occasion pour les syndicats et les manifestants de protester contre les coupes budg\u00e9taires et la d\u00e9gradation des conditions de travail dans le secteur de la sant\u00e9.<\/span><span id=\"p3\">&nbsp;Une d\u00e9l\u00e9gation de plusieurs repr\u00e9sentants a \u00e9t\u00e9&nbsp;<span id=\"55\" class=\"s-ve-t\">re\u00e7ue<\/span>&nbsp;par la pr\u00e9fecture pour aborder le sujet.<\/span><\/strong><\/p>\n<p style=\"text-align: justify;\"><span id=\"p4\">C&rsquo;est sous une pluie battante que les syndicats et le personnel de la sant\u00e9 se sont retrouv\u00e9s \u00e0 l&rsquo;entr\u00e9e&nbsp;de l&rsquo;h\u00f4pital&nbsp;<span id=\"63\" class=\"s-or-t\">Edouard Herriot<\/span>.<\/span><span id=\"p5\">&nbsp;L\u2019inter-syndicale&nbsp;<span id=\"64\" class=\"s-or-t\">lyonnaise<\/span>&nbsp;regroupe :<\/span><span id=\"p6\">&nbsp;le Comite-Inter Urgence du Rh\u00f4ne, CGT sant\u00e9 et&nbsp;<span id=\"65\" class=\"s-rg-t\">action sociale<\/span>&nbsp;du Rh\u00f4ne, CFDT&nbsp;<span id=\"66\" class=\"s-rg-t\">sant\u00e9 sociaux<\/span>&nbsp;du Rh\u00f4ne, SUD Solidaire&nbsp;<span id=\"67\" class=\"s-rg-t\">sant\u00e9 sociaux<\/span>&nbsp;du Rh\u00f4ne.<\/span><span id=\"p7\">&nbsp;Pour repr\u00e9senter les pompiers, ce sont la CGT&nbsp;<span id=\"68\" class=\"s-rg-t\">SDMIS<\/span>&nbsp;et SUD Solidaire&nbsp;<span id=\"69\" class=\"s-rg-t\">SDIS<\/span>&nbsp;qui sont pr\u00e9sents.<\/span><span id=\"p8\">&nbsp;Malgr\u00e9 la m\u00e9t\u00e9o peu favorable, c&rsquo;est une manifestation d&rsquo;ampleur rarement&nbsp;<span id=\"70\" class=\"s-ve-t\">vue<\/span>.<\/span><span id=\"p9\">&nbsp;Elle regroupe :<\/span><span id=\"p10\">&nbsp;les&nbsp;<span id=\"41\" class=\"s-rg-t\">h\u00f4pitaux<\/span>, les&nbsp;<span id=\"42\" class=\"s-rg-t\">EPHA\/EPHAD<\/span>, le SAMU, les centres sociaux, ainsi que les \u00e9tudiants de la sant\u00e9.<\/span><span id=\"p11\">&nbsp;Thomas Laurent, infirmier repr\u00e9sentant&nbsp;<span id=\"43\" class=\"s-rg-t\">CIU<\/span>&nbsp;du Rh\u00f4ne et CGT&nbsp;<span id=\"44\" class=\"s-rg-t\">HEH<\/span>, a accept\u00e9 de r\u00e9pondre aux questions du&nbsp;<span id=\"45\" class=\"s-rg-t\">LBB<\/span>&nbsp;:<\/span><\/p>\n<blockquote>\n<p style=\"text-align: justify;\">&nbsp;<\/p>\n<\/blockquote>\n<p style=\"text-align: justify;\"><iframe loading=\"lazy\" src=\"https:\/\/w.soundcloud.com\/player\/?url=https%3A\/\/api.soundcloud.com\/tracks\/713165791&amp;color=%23ff5500&amp;auto_play=false&amp;hide_related=false&amp;show_comments=true&amp;show_user=true&amp;show_reposts=false&amp;show_teaser=true&amp;visual=true\" width=\"100%\" height=\"150\" frameborder=\"no\" scrolling=\"no\"><span data-mce-type=\"bookmark\" style=\"display: inline-block; width: 0px; overflow: hidden; line-height: 0;\" class=\"mce_SELRES_start\">\ufeff<\/span><\/iframe><\/p>\n<blockquote>\n<p style=\"text-align: justify;\">&nbsp;<\/p>\n<\/blockquote>\n<p style=\"text-align: justify;\"><span id=\"p14\">C&rsquo;est autour de&nbsp;<span id=\"46\" class=\"s-bl-t\">14h30<\/span>&nbsp;que le cort\u00e8ge part de la place d&rsquo;<span id=\"47\" class=\"s-rg-t\">Arsonval<\/span>&nbsp;et se dirige en direction du cours <span id=\"48\" class=\"s-rg-t\">Albert-Thomas (Lyon 3\u00e8me)<\/span>.<\/span><span id=\"p15\">&nbsp;Les sir\u00e8nes des pompiers retentissent.<\/span><span id=\"p16\">&nbsp;Des fumig\u00e8nes sont allum\u00e9s.<\/span><span id=\"p17\">&nbsp;La CGT prend la t\u00eate du cort\u00e8ge et la CFDT le ferme.<\/span><span id=\"p18\">&nbsp;Au bout d&rsquo;une heure environ, les travailleurs et les \u00e9tudiants de sant\u00e9 arrivent devant l&rsquo;ARS&nbsp;<span id=\"p13\">(Agence R\u00e9gionale de Sant\u00e9)<\/span>.<\/span><span id=\"p19\">&nbsp;On peut entendre scander :<\/span><span id=\"p20\">&nbsp;\u00ab\u00a0ARS,&nbsp;<span id=\"49\" class=\"s-rg-t\">Buzyn<\/span>, Assassins !<\/span><span id=\"p21\">\u00ab\u00a0.<\/span><span id=\"p22\">&nbsp;Ensuite, la fin du parcours se fait \u00e0 la pr\u00e9fecture o\u00f9 est attendue une d\u00e9l\u00e9gation comprenant notamment des repr\u00e9sentants du collectif&nbsp;<span id=\"50\" class=\"s-rg-t\">Inter-urgences<\/span>, du collectif inter-<span id=\"51\" class=\"s-rg-t\">h\u00f4pitaux<\/span>, et de syndicats de pompier.<\/span><\/p>\n<p style=\"text-align: justify;\"><span id=\"p24\">Sur le chemin, le&nbsp;<span id=\"52\" class=\"s-rg-t\">LBB<\/span>&nbsp;a crois\u00e9 certains manifestants coupant court \u00e0 la manifestation pour rejoindre&nbsp;leur \u00e9tablissement&nbsp;de soin \u00e0 la personne.<\/span><span id=\"p25\">&nbsp;En effet, le secteur de la sant\u00e9 poss\u00e8de une situation difficile concernant ce genre de mobilisations :<\/span><span id=\"p26\">&nbsp;il est imp\u00e9ratif de continuer de soigner les patients.<\/span><span id=\"p27\">&nbsp;Cependant, pour beaucoup, \u00eatre pr\u00e9sent est essentiel :<\/span><span id=\"p28\">&nbsp;la d\u00e9gradation des conditions de travail a un impact direct sur la qualit\u00e9 des soins donn\u00e9s aux personnes.<\/span><\/p>\n<p style=\"text-align: justify;\"><span id=\"p29\"><span id=\"54\" class=\"s-rg-t\">Jaqueline<\/span>&nbsp;&#8211; infirmi\u00e8re hospitali\u00e8re depuis 24 ans &#8211; nous a livr\u00e9 un t\u00e9moignage avant de repartir s&rsquo;occuper de ses patients :<\/span><\/p>\n<p style=\"text-align: justify;\"><em><span id=\"p32\">\u00ab Je suis de toutes les manifestations&nbsp;<span id=\"p31\">[&#8230;]<\/span>&nbsp;pour dire que ce n&rsquo;est plus possible de travailler dans des conditions comme \u00e7a dans l&rsquo;h\u00f4pital, c&rsquo;est \u00e0 dire des suppressions de poste de ceux qui partent \u00e0 la retraite, une charge de travail qui augmente de plus en plus&nbsp;<span id=\"p30\">[&#8230;]<\/span>&nbsp;ce qui m&rsquo;a choqu\u00e9 et que je n&rsquo;ai pas aval\u00e9, c&rsquo;est quand dans les ann\u00e9es 90, d\u00e9but 2000, on a fait rentrer \u00e0 l&rsquo;h\u00f4pital la notion de rentabilit\u00e9.<\/span><span id=\"p33\">&nbsp;Je fais mon m\u00e9tier par passion pour pouvoir soigner du mieux possible les personnes.<\/span><span id=\"p34\">&nbsp;Et aujourd&rsquo;hui, on nous a mis dans une situation, nous les soignants, que ce soient&nbsp;<span id=\"56\">les infirmiers<\/span>, les m\u00e9decins, les aides soignantes, les&nbsp;<span id=\"57\">ASH<\/span>, o\u00f9 l&rsquo;on nous a \u00e9touff\u00e9s.<\/span><span id=\"p71\">&nbsp;Nous, on ne vend pas des cacahu\u00e8tes, on est l\u00e0 pour la sant\u00e9.<\/span><span id=\"p76\">&nbsp;Aujourd&rsquo;hui, on peut arriver aux urgences et mourir parce que les personnels soignants n&rsquo;ont plus la possibilit\u00e9 de soigner comme ils le devraient.<\/span><span id=\"p75\">&nbsp;On ne peut ne pas accepter cela par rapport \u00e0 l&rsquo;\u00e9thique de notre m\u00e9tier.<\/span><span id=\"p38\">&nbsp;\u00bb<\/span><\/em><\/p>\n<!-- AddThis Advanced Settings generic via filter on the_content --><!-- AddThis Share Buttons generic via filter on the_content -->","protected":false},"excerpt":{"rendered":"<p>Ce jeudi 14 novembre s&rsquo;est tenue une manifestation inter-syndicale des travailleurs de la sant\u00e9 et des pompiers.&nbsp;Environ 1700 \u00e0 2000 personnes selon la CGT&nbsp;&#8211; 900&nbsp;selon &hellip; <!-- AddThis Advanced Settings generic via filter on wp_trim_excerpt --><!-- AddThis Share Buttons generic via filter on wp_trim_excerpt --><\/p>\n","protected":false},"author":15132,"featured_media":18315,"comment_status":"open","ping_status":"open","sticky":false,"template":"","format":"standard","meta":{"_FSMCFIC_featured_image_caption":"","_FSMCFIC_featured_image_nocaption":"","_FSMCFIC_featured_image_hide":"","footnotes":""},"categories":[4],"tags":[],"class_list":["post-18308","post","type-post","status-publish","format-standard","has-post-thumbnail","hentry","category-lyon"],"yoast_head":"<!-- This site is optimized with the Yoast SEO plugin v22.8 - https:\/\/yoast.com\/wordpress\/plugins\/seo\/ -->\n<title>La Sant\u00e9 se manifeste dans les rues de Lyon : &quot; Tous concern\u00e9s &quot; - Lyon Bondy Blog<\/title>\n<meta name=\"robots\" content=\"index, follow, max-snippet:-1, max-image-preview:large, max-video-preview:-1\" \/>\n<link rel=\"canonical\" href=\"https:\/\/lyonbondyblog.fr\/LBB\/la-sante-se-manifeste-dans-les-rues-de-lyon-tous-concernes\/\" \/>\n<meta property=\"og:locale\" content=\"fr_FR\" \/>\n<meta property=\"og:type\" content=\"article\" \/>\n<meta property=\"og:title\" content=\"La Sant\u00e9 se manifeste dans les rues de Lyon : &quot; Tous concern\u00e9s &quot; - Lyon Bondy Blog\" \/>\n<meta property=\"og:description\" content=\"Ce jeudi 14 novembre s&rsquo;est tenue une manifestation inter-syndicale des travailleurs de la sant\u00e9 et des pompiers.&nbsp;Environ 1700 \u00e0 2000 personnes selon la CGT&nbsp;&#8211; 900&nbsp;selon &hellip;\" \/>\n<meta property=\"og:url\" content=\"https:\/\/lyonbondyblog.fr\/LBB\/la-sante-se-manifeste-dans-les-rues-de-lyon-tous-concernes\/\" \/>\n<meta property=\"og:site_name\" content=\"Lyon Bondy Blog\" \/>\n<meta property=\"article:publisher\" content=\"https:\/\/www.facebook.com\/lyonbondyblog\" \/>\n<meta property=\"article:published_time\" content=\"2019-11-15T12:46:53+00:00\" \/>\n<meta property=\"article:modified_time\" content=\"2019-11-18T17:06:31+00:00\" \/>\n<meta property=\"og:image\" content=\"https:\/\/lyonbondyblog.fr\/LBB\/wp-content\/uploads\/2019\/11\/74429797_2833314136692781_1084247799337320448_n.jpg\" \/>\n\t<meta property=\"og:image:width\" content=\"500\" \/>\n\t<meta property=\"og:image:height\" content=\"375\" \/>\n\t<meta property=\"og:image:type\" content=\"image\/jpeg\" \/>\n<meta name=\"author\" content=\"Lucas Sadowski\" \/>\n<meta name=\"twitter:card\" content=\"summary_large_image\" \/>\n<meta name=\"twitter:creator\" content=\"@bondybloglyon\" \/>\n<meta name=\"twitter:site\" content=\"@bondybloglyon\" \/>\n<script type=\"application\/ld+json\" class=\"yoast-schema-graph\">{\"@context\":\"https:\/\/schema.org\",\"@graph\":[{\"@type\":\"Article\",\"@id\":\"https:\/\/lyonbondyblog.fr\/LBB\/la-sante-se-manifeste-dans-les-rues-de-lyon-tous-concernes\/#article\",\"isPartOf\":{\"@id\":\"https:\/\/lyonbondyblog.fr\/LBB\/la-sante-se-manifeste-dans-les-rues-de-lyon-tous-concernes\/\"},\"author\":{\"name\":\"Lucas Sadowski\",\"@id\":\"https:\/\/lyonbondyblog.fr\/LBB\/#\/schema\/person\/d56578ce53309d764289db2075f9bcef\"},\"headline\":\"La Sant\u00e9 se manifeste dans les rues de Lyon : \u00a0\u00bb Tous concern\u00e9s \u00ab\u00a0\",\"datePublished\":\"2019-11-15T12:46:53+00:00\",\"dateModified\":\"2019-11-18T17:06:31+00:00\",\"mainEntityOfPage\":{\"@id\":\"https:\/\/lyonbondyblog.fr\/LBB\/la-sante-se-manifeste-dans-les-rues-de-lyon-tous-concernes\/\"},\"wordCount\":678,\"commentCount\":0,\"publisher\":{\"@id\":\"https:\/\/lyonbondyblog.fr\/LBB\/#organization\"},\"image\":{\"@id\":\"https:\/\/lyonbondyblog.fr\/LBB\/la-sante-se-manifeste-dans-les-rues-de-lyon-tous-concernes\/#primaryimage\"},\"thumbnailUrl\":\"https:\/\/lyonbondyblog.fr\/LBB\/wp-content\/uploads\/2019\/11\/74429797_2833314136692781_1084247799337320448_n.jpg\",\"articleSection\":[\"Lyon\"],\"inLanguage\":\"fr-FR\",\"potentialAction\":[{\"@type\":\"CommentAction\",\"name\":\"Comment\",\"target\":[\"https:\/\/lyonbondyblog.fr\/LBB\/la-sante-se-manifeste-dans-les-rues-de-lyon-tous-concernes\/#respond\"]}]},{\"@type\":\"WebPage\",\"@id\":\"https:\/\/lyonbondyblog.fr\/LBB\/la-sante-se-manifeste-dans-les-rues-de-lyon-tous-concernes\/\",\"url\":\"https:\/\/lyonbondyblog.fr\/LBB\/la-sante-se-manifeste-dans-les-rues-de-lyon-tous-concernes\/\",\"name\":\"La Sant\u00e9 se manifeste dans les rues de Lyon : \\\" Tous concern\u00e9s \\\" - Lyon Bondy Blog\",\"isPartOf\":{\"@id\":\"https:\/\/lyonbondyblog.fr\/LBB\/#website\"},\"primaryImageOfPage\":{\"@id\":\"https:\/\/lyonbondyblog.fr\/LBB\/la-sante-se-manifeste-dans-les-rues-de-lyon-tous-concernes\/#primaryimage\"},\"image\":{\"@id\":\"https:\/\/lyonbondyblog.fr\/LBB\/la-sante-se-manifeste-dans-les-rues-de-lyon-tous-concernes\/#primaryimage\"},\"thumbnailUrl\":\"https:\/\/lyonbondyblog.fr\/LBB\/wp-content\/uploads\/2019\/11\/74429797_2833314136692781_1084247799337320448_n.jpg\",\"datePublished\":\"2019-11-15T12:46:53+00:00\",\"dateModified\":\"2019-11-18T17:06:31+00:00\",\"inLanguage\":\"fr-FR\",\"potentialAction\":[{\"@type\":\"ReadAction\",\"target\":[\"https:\/\/lyonbondyblog.fr\/LBB\/la-sante-se-manifeste-dans-les-rues-de-lyon-tous-concernes\/\"]}]},{\"@type\":\"ImageObject\",\"inLanguage\":\"fr-FR\",\"@id\":\"https:\/\/lyonbondyblog.fr\/LBB\/la-sante-se-manifeste-dans-les-rues-de-lyon-tous-concernes\/#primaryimage\",\"url\":\"https:\/\/lyonbondyblog.fr\/LBB\/wp-content\/uploads\/2019\/11\/74429797_2833314136692781_1084247799337320448_n.jpg\",\"contentUrl\":\"https:\/\/lyonbondyblog.fr\/LBB\/wp-content\/uploads\/2019\/11\/74429797_2833314136692781_1084247799337320448_n.jpg\",\"width\":500,\"height\":375},{\"@type\":\"WebSite\",\"@id\":\"https:\/\/lyonbondyblog.fr\/LBB\/#website\",\"url\":\"https:\/\/lyonbondyblog.fr\/LBB\/\",\"name\":\"Lyon Bondy Blog\",\"description\":\"\",\"publisher\":{\"@id\":\"https:\/\/lyonbondyblog.fr\/LBB\/#organization\"},\"potentialAction\":[{\"@type\":\"SearchAction\",\"target\":{\"@type\":\"EntryPoint\",\"urlTemplate\":\"https:\/\/lyonbondyblog.fr\/LBB\/?s={search_term_string}\"},\"query-input\":\"required name=search_term_string\"}],\"inLanguage\":\"fr-FR\"},{\"@type\":\"Organization\",\"@id\":\"https:\/\/lyonbondyblog.fr\/LBB\/#organization\",\"name\":\"LYON BONDY BLOG\",\"url\":\"https:\/\/lyonbondyblog.fr\/LBB\/\",\"logo\":{\"@type\":\"ImageObject\",\"inLanguage\":\"fr-FR\",\"@id\":\"https:\/\/lyonbondyblog.fr\/LBB\/#\/schema\/logo\/image\/\",\"url\":\"http:\/\/lyonbondyblog.fr\/LBB\/wp-content\/uploads\/2014\/10\/logo-portable-144.png\",\"contentUrl\":\"http:\/\/lyonbondyblog.fr\/LBB\/wp-content\/uploads\/2014\/10\/logo-portable-144.png\",\"width\":144,\"height\":123,\"caption\":\"LYON BONDY BLOG\"},\"image\":{\"@id\":\"https:\/\/lyonbondyblog.fr\/LBB\/#\/schema\/logo\/image\/\"},\"sameAs\":[\"https:\/\/www.facebook.com\/lyonbondyblog\",\"https:\/\/x.com\/bondybloglyon\"]},{\"@type\":\"Person\",\"@id\":\"https:\/\/lyonbondyblog.fr\/LBB\/#\/schema\/person\/d56578ce53309d764289db2075f9bcef\",\"name\":\"Lucas Sadowski\",\"url\":\"https:\/\/lyonbondyblog.fr\/LBB\/author\/lucas-sadowski\/\"}]}<\/script>\n<!-- \/ Yoast SEO plugin. -->","yoast_head_json":{"title":"La Sant\u00e9 se manifeste dans les rues de Lyon : \" Tous concern\u00e9s \" - Lyon Bondy Blog","robots":{"index":"index","follow":"follow","max-snippet":"max-snippet:-1","max-image-preview":"max-image-preview:large","max-video-preview":"max-video-preview:-1"},"canonical":"https:\/\/lyonbondyblog.fr\/LBB\/la-sante-se-manifeste-dans-les-rues-de-lyon-tous-concernes\/","og_locale":"fr_FR","og_type":"article","og_title":"La Sant\u00e9 se manifeste dans les rues de Lyon : \" Tous concern\u00e9s \" - Lyon Bondy Blog","og_description":"Ce jeudi 14 novembre s&rsquo;est tenue une manifestation inter-syndicale des travailleurs de la sant\u00e9 et des pompiers.&nbsp;Environ 1700 \u00e0 2000 personnes selon la CGT&nbsp;&#8211; 900&nbsp;selon &hellip;","og_url":"https:\/\/lyonbondyblog.fr\/LBB\/la-sante-se-manifeste-dans-les-rues-de-lyon-tous-concernes\/","og_site_name":"Lyon Bondy Blog","article_publisher":"https:\/\/www.facebook.com\/lyonbondyblog","article_published_time":"2019-11-15T12:46:53+00:00","article_modified_time":"2019-11-18T17:06:31+00:00","og_image":[{"width":500,"height":375,"url":"https:\/\/lyonbondyblog.fr\/LBB\/wp-content\/uploads\/2019\/11\/74429797_2833314136692781_1084247799337320448_n.jpg","type":"image\/jpeg"}],"author":"Lucas Sadowski","twitter_card":"summary_large_image","twitter_creator":"@bondybloglyon","twitter_site":"@bondybloglyon","schema":{"@context":"https:\/\/schema.org","@graph":[{"@type":"Article","@id":"https:\/\/lyonbondyblog.fr\/LBB\/la-sante-se-manifeste-dans-les-rues-de-lyon-tous-concernes\/#article","isPartOf":{"@id":"https:\/\/lyonbondyblog.fr\/LBB\/la-sante-se-manifeste-dans-les-rues-de-lyon-tous-concernes\/"},"author":{"name":"Lucas Sadowski","@id":"https:\/\/lyonbondyblog.fr\/LBB\/#\/schema\/person\/d56578ce53309d764289db2075f9bcef"},"headline":"La Sant\u00e9 se manifeste dans les rues de Lyon : \u00a0\u00bb Tous concern\u00e9s \u00ab\u00a0","datePublished":"2019-11-15T12:46:53+00:00","dateModified":"2019-11-18T17:06:31+00:00","mainEntityOfPage":{"@id":"https:\/\/lyonbondyblog.fr\/LBB\/la-sante-se-manifeste-dans-les-rues-de-lyon-tous-concernes\/"},"wordCount":678,"commentCount":0,"publisher":{"@id":"https:\/\/lyonbondyblog.fr\/LBB\/#organization"},"image":{"@id":"https:\/\/lyonbondyblog.fr\/LBB\/la-sante-se-manifeste-dans-les-rues-de-lyon-tous-concernes\/#primaryimage"},"thumbnailUrl":"https:\/\/lyonbondyblog.fr\/LBB\/wp-content\/uploads\/2019\/11\/74429797_2833314136692781_1084247799337320448_n.jpg","articleSection":["Lyon"],"inLanguage":"fr-FR","potentialAction":[{"@type":"CommentAction","name":"Comment","target":["https:\/\/lyonbondyblog.fr\/LBB\/la-sante-se-manifeste-dans-les-rues-de-lyon-tous-concernes\/#respond"]}]},{"@type":"WebPage","@id":"https:\/\/lyonbondyblog.fr\/LBB\/la-sante-se-manifeste-dans-les-rues-de-lyon-tous-concernes\/","url":"https:\/\/lyonbondyblog.fr\/LBB\/la-sante-se-manifeste-dans-les-rues-de-lyon-tous-concernes\/","name":"La Sant\u00e9 se manifeste dans les rues de Lyon : \" Tous concern\u00e9s \" - Lyon Bondy Blog","isPartOf":{"@id":"https:\/\/lyonbondyblog.fr\/LBB\/#website"},"primaryImageOfPage":{"@id":"https:\/\/lyonbondyblog.fr\/LBB\/la-sante-se-manifeste-dans-les-rues-de-lyon-tous-concernes\/#primaryimage"},"image":{"@id":"https:\/\/lyonbondyblog.fr\/LBB\/la-sante-se-manifeste-dans-les-rues-de-lyon-tous-concernes\/#primaryimage"},"thumbnailUrl":"https:\/\/lyonbondyblog.fr\/LBB\/wp-content\/uploads\/2019\/11\/74429797_2833314136692781_1084247799337320448_n.jpg","datePublished":"2019-11-15T12:46:53+00:00","dateModified":"2019-11-18T17:06:31+00:00","inLanguage":"fr-FR","potentialAction":[{"@type":"ReadAction","target":["https:\/\/lyonbondyblog.fr\/LBB\/la-sante-se-manifeste-dans-les-rues-de-lyon-tous-concernes\/"]}]},{"@type":"ImageObject","inLanguage":"fr-FR","@id":"https:\/\/lyonbondyblog.fr\/LBB\/la-sante-se-manifeste-dans-les-rues-de-lyon-tous-concernes\/#primaryimage","url":"https:\/\/lyonbondyblog.fr\/LBB\/wp-content\/uploads\/2019\/11\/74429797_2833314136692781_1084247799337320448_n.jpg","contentUrl":"https:\/\/lyonbondyblog.fr\/LBB\/wp-content\/uploads\/2019\/11\/74429797_2833314136692781_1084247799337320448_n.jpg","width":500,"height":375},{"@type":"WebSite","@id":"https:\/\/lyonbondyblog.fr\/LBB\/#website","url":"https:\/\/lyonbondyblog.fr\/LBB\/","name":"Lyon Bondy Blog","description":"","publisher":{"@id":"https:\/\/lyonbondyblog.fr\/LBB\/#organization"},"potentialAction":[{"@type":"SearchAction","target":{"@type":"EntryPoint","urlTemplate":"https:\/\/lyonbondyblog.fr\/LBB\/?s={search_term_string}"},"query-input":"required name=search_term_string"}],"inLanguage":"fr-FR"},{"@type":"Organization","@id":"https:\/\/lyonbondyblog.fr\/LBB\/#organization","name":"LYON BONDY BLOG","url":"https:\/\/lyonbondyblog.fr\/LBB\/","logo":{"@type":"ImageObject","inLanguage":"fr-FR","@id":"https:\/\/lyonbondyblog.fr\/LBB\/#\/schema\/logo\/image\/","url":"http:\/\/lyonbondyblog.fr\/LBB\/wp-content\/uploads\/2014\/10\/logo-portable-144.png","contentUrl":"http:\/\/lyonbondyblog.fr\/LBB\/wp-content\/uploads\/2014\/10\/logo-portable-144.png","width":144,"height":123,"caption":"LYON BONDY BLOG"},"image":{"@id":"https:\/\/lyonbondyblog.fr\/LBB\/#\/schema\/logo\/image\/"},"sameAs":["https:\/\/www.facebook.com\/lyonbondyblog","https:\/\/x.com\/bondybloglyon"]},{"@type":"Person","@id":"https:\/\/lyonbondyblog.fr\/LBB\/#\/schema\/person\/d56578ce53309d764289db2075f9bcef","name":"Lucas Sadowski","url":"https:\/\/lyonbondyblog.fr\/LBB\/author\/lucas-sadowski\/"}]}},"_links":{"self":[{"href":"https:\/\/lyonbondyblog.fr\/LBB\/wp-json\/wp\/v2\/posts\/18308","targetHints":{"allow":["GET"]}}],"collection":[{"href":"https:\/\/lyonbondyblog.fr\/LBB\/wp-json\/wp\/v2\/posts"}],"about":[{"href":"https:\/\/lyonbondyblog.fr\/LBB\/wp-json\/wp\/v2\/types\/post"}],"author":[{"embeddable":true,"href":"https:\/\/lyonbondyblog.fr\/LBB\/wp-json\/wp\/v2\/users\/15132"}],"replies":[{"embeddable":true,"href":"https:\/\/lyonbondyblog.fr\/LBB\/wp-json\/wp\/v2\/comments?post=18308"}],"version-history":[{"count":18,"href":"https:\/\/lyonbondyblog.fr\/LBB\/wp-json\/wp\/v2\/posts\/18308\/revisions"}],"predecessor-version":[{"id":18332,"href":"https:\/\/lyonbondyblog.fr\/LBB\/wp-json\/wp\/v2\/posts\/18308\/revisions\/18332"}],"wp:featuredmedia":[{"embeddable":true,"href":"https:\/\/lyonbondyblog.fr\/LBB\/wp-json\/wp\/v2\/media\/18315"}],"wp:attachment":[{"href":"https:\/\/lyonbondyblog.fr\/LBB\/wp-json\/wp\/v2\/media?parent=18308"}],"wp:term":[{"taxonomy":"category","embeddable":true,"href":"https:\/\/lyonbondyblog.fr\/LBB\/wp-json\/wp\/v2\/categories?post=18308"},{"taxonomy":"post_tag","embeddable":true,"href":"https:\/\/lyonbondyblog.fr\/LBB\/wp-json\/wp\/v2\/tags?post=18308"}],"curies":[{"name":"wp","href":"https:\/\/api.w.org\/{rel}","templated":true}]}}