{"id":18155,"date":"2019-10-16T15:03:14","date_gmt":"2019-10-16T13:03:14","guid":{"rendered":"http:\/\/lyonbondyblog.fr\/LBB\/?p=18155"},"modified":"2019-10-16T16:44:37","modified_gmt":"2019-10-16T14:44:37","slug":"interview-alice-bosler-un-peu-de-politique-et-beaucoup-beaucoup-denergie","status":"publish","type":"post","link":"https:\/\/lyonbondyblog.fr\/LBB\/interview-alice-bosler-un-peu-de-politique-et-beaucoup-beaucoup-denergie\/","title":{"rendered":"Interview Alice Bosler, un peu de politique, et beaucoup (beaucoup) d\u2019\u00e9nergie"},"content":{"rendered":"<h4>\u00ab On nous propose, la peste noire et la gastro-ent\u00e9rite, je ne les mets pas sur les m\u00eames plans, mais on a d\u2019un c\u00f4t\u00e9 le lib\u00e9ralisme \u00e9conomique, et la menace de l\u2019extr\u00eame droite. Cela devient alors un gros d\u00e9fi pour la gauche de poser une troisi\u00e8me voie. \u00bb,<br \/>\nRencontre avec Alice Bosler, ex lyonnaise et nouvelle figure des Jeunes G\u00e9n\u00e9ration-s, sur son parcours mais aussi son analyse de la vie politique fran\u00e7aise.<\/h4>\n<p>&nbsp;<\/p>\n<p>Lyon Bondy Blog : Pouvez-vous vous pr\u00e9senter?<\/p>\n<p>Alice Bosler : \u00ab&nbsp;Alors j\u2019ai 23 ans, je me suis engag\u00e9e, en 2015 exactement avec les r\u00e9gionales pour la campagne de Jean-Jack Queyranne pr\u00e9sident de R\u00e9gion.<br \/>\nPuis je suis pass\u00e9e responsable local du MJS 2016, puis j\u2019ai cr\u00e9\u00e9 le local Jeunes G\u00e9n\u00e9ration-s (JG) apr\u00e8s avoir quitt\u00e9 le PS en 2017. Je suis depuis mars 2019 coordinatrice nationale qui est donc le mouvement national de G\u00e9n\u00e9ration-s. J\u2019ai \u00e9t\u00e9 r\u00e9cemment dipl\u00f4m\u00e9e en am\u00e9nagement des territoires mention transport \u00e0 Lyon 3 et depuis encore plus r\u00e9cemment, je suis collaboratrice au groupe&nbsp;Alternative \u00c9cologiste et Sociales (le groupe \u00e9colo\/G\u00e9n\u00e9ration-s \u00e0 la r\u00e9gion Ile de France).<\/p>\n<p>LBB : Pourquoi avez-vous choisi de vous engager en politique ?<\/p>\n<p>AB : J\u2019\u00e9tais anim\u00e9e par un grand nombre de valeurs sur notamment les questions de justice sociale, et l\u2019\u00e9galit\u00e9 r\u00e9elle, qui n\u2019est pas celle que l\u2019on conna\u00eet juste en droit mais celle o\u00f9 chacun a la m\u00eame capacit\u00e9 \u00e0 s\u2019\u00e9manciper. Au d\u00e9part, j\u2019\u00e9tais engag\u00e9 \u00e0 Transformer \u00e0 Gauche (NDLR tendance la plus \u00e0 gauche dans les jeunes socialistes). Apr\u00e8s, j\u2019ai quitt\u00e9 le PS qui ne repr\u00e9sente malheureusement pas le collectivisme. Puis le revenu universel d\u2019existence m\u2019a d\u2019abord s\u00e9duit.<br \/>\n\u00c0 mon avis Generation-s est le parti qui a su comprendre les grandes mutations de la soci\u00e9t\u00e9 travaillez moins, investir dans l\u2019\u00e9cologie, lutter contre les discriminations.<\/p>\n<p>LBB : Quelles sont vos responsabilit\u00e9s \u00e0 G\u00e9n\u00e9ration.s ?<\/p>\n<p>AB : Je suis coordinatrice nationale des JG (pour Jeunes G\u00e9n\u00e9ration.s) c\u2019est un espace jeune int\u00e9gr\u00e9 au sein de G\u00e9n\u00e9ration-s, les JG sont vraiment inclus dans la direction de G\u00e9n\u00e9ration-s avec Gr\u00e9goire Verri\u00e8re (son bin\u00f4me). On porte la voie des JG au sein de l\u2019organisation, on a vraiment une autonomie de campagne et travaux de fond. Concr\u00e8tement ce que je dois faire, c\u2019est animer l\u2019\u00e9quipe nationale, construire le mouvement partout sur le territoire. Faire en sorte que les jeunes, partout, soient capable de s\u2019engager et de militer dans G\u00e9n\u00e9ration-s.<br \/>\nMa deuxi\u00e8me mission, c\u2019est de s\u2019emparer des sujets de jeunesse, notamment la question climatique, o\u00f9 c\u2019est clairement la jeunesse qui tire la sonnette d\u2019alarme, puis la question d\u2019acc\u00e8s aux \u00e9tudes, de lutte contre les discriminations, et derni\u00e8rement la lutte contre l\u2019uberisation du travail.<br \/>\nEn fait, il faut que je sois force de proposition, avoir un point de vue sur ces questions, mais \u00e9galement de faire qu\u2019un d\u00e9bat se cr\u00e9e autour de ces questions.<\/p>\n<p>LBB : Pouvez-vous nous expliquer ce qu\u2019est G\u00e9n\u00e9ration-s ?<\/p>\n<p>AB : G\u00e9n\u00e9ration-s est un mouvement politique qui a \u00e9t\u00e9 cr\u00e9\u00e9 par Benoit Hamon, mais il n\u2019est pas le seul repr\u00e9sentant. Pour moi, c\u2019est important de le souligner, il faut supprimer le culte pour les hommes providentiels. M\u00eame si en effet le mouvement est devenu populaire par son biais, car Benoit Hamon a fait les pr\u00e9sidentielles. Notre mouvement est celui de l\u2019\u00e9cologie politique m\u00eame si cela ne veut pas dire grand-chose. Pour clarifier, on essaye de faire la jonction entre la lutte \u00e9colo et la lutte ouvri\u00e8re historique. On est donc entre l\u2019h\u00e9ritage des luttes et celles \u00e9cologistes qui aujourd\u2019hui deviennent primordiales.<br \/>\nPar exemple, la crise des gilets jaunes, la r\u00e9ponse qu\u2019on pourrait apporter, c\u2019est qu\u2019il faut effectivement redistribuer les richesses. Mais en m\u00eame temps, on ne peut pas d\u00e9fendre l\u2019id\u00e9e qu\u2019il faut produire toujours plus. Donc, l\u00e0, \u00e0 la place du gouvernement, on essaierait de proposer des solutions pour que les gens ne prennent pas leur voiture tous les jours, que les gens ne bossent pas tous les jours, etc.<\/p>\n<p>LBB : Pourquoi avoir quitt\u00e9 le PS ?<\/p>\n<p>AB : La plupart des gens qui ont quitt\u00e9 le PS ont essay\u00e9 de se battre en interne, mais on s\u2019adressait \u00e0 un appareil fig\u00e9. Mais en m\u00eame temps, le jeu \u00e9tait vraiment d\u00e9s\u00e9quilibr\u00e9, conjuguer la lutte sociale et \u00e9cologique ce n\u2019\u00e9tait plus possible au sein du PS.<br \/>\nJe voudrais juste appuyer sur le fait que nous ne sommes pas qu\u2019un groupe de gens qui sommes partis du PS pour des raisons de m\u00e9contentement.<\/p>\n<p>&nbsp;<\/p>\n<p>LBB : Pour \u00e9voquer des sujets plus actuels, vous avez fait un score de 3,2% aux Europ\u00e9ennes, quelles conclusions vous tirez de ces \u00e9lections ?<\/p>\n<p>AB : Les Europ\u00e9ennes \u00ab tout le monde s\u2019est p\u00e9t\u00e9 la gueule \u00bb et m\u00eame si les \u00e9colos ont fait un score honorable, il n\u2019est pas si \u00e9lev\u00e9 par rapport aux pr\u00e9c\u00e9dentes \u00e9lections europ\u00e9ennes.<br \/>\nAujourd\u2019hui la principale revendication des \u00e9lecteurs, c\u2019est celle de l\u2019urgence \u00e9cologique, et finalement, c\u2019est Europe \u00c9cologie Les Verts (EELV) qui a capt\u00e9 cette dynamique.<br \/>\nApr\u00e8s, effectivement, on paye le prix de la d\u00e9sunion, la gauche est partie \u00e9clat\u00e9e, et c\u2019est regrettable. La claque que nous a mise les Europ\u00e9ennes doit nous apprendre \u00e0 s\u2019unir. On ne peut plus rester chacun dans nos chapelles entre 3% et 6%.<br \/>\nApr\u00e8s, ce que je retiens aussi, c\u2019est que clairement il y a une strat\u00e9gie macronienne entre un bloc progressiste (eux) et un bloc fasciste (Rassemblement nationale) et macron essaye d\u2019enfermer son opposition au RN. Ce qui n\u2019est pas la r\u00e9alit\u00e9. En fait on nous propose, la peste noire et la gastro-ent\u00e9rite, je ne les mets pas sur les m\u00eames plans mais on a d\u2019un c\u00f4t\u00e9 le lib\u00e9ralisme \u00e9conomique, et la menace de l\u2019extr\u00eame droite. En suit alors un gros d\u00e9fi pour la gauche de poser une troisi\u00e8me voie.<\/p>\n<p>&nbsp;<\/p>\n<p>LBB : Vous avez organis\u00e9 un week-end de rentr\u00e9e pendant le mois de septembre, cela s\u2019est pass\u00e9 comment ?<\/p>\n<p>AB : Tr\u00e8s bien ! C\u2019\u00e9tait un tr\u00e8s tr\u00e8s bon moment. C\u2019\u00e9tait \u00e0 la fois un temps interne, car les militants avaient besoin de se remotiver, mais en m\u00eame temps un temps externe.<br \/>\nIl y avait environ 1 000 personnes beaucoup de jeunes, avec plein d\u2019ateliers notamment sur les pr\u00e9occupations autour des municipales parce qu\u2019il y a \u00e9videmment des besoins de se former sur ces questions pour partir du bon pied.<\/p>\n<p>&nbsp;<\/p>\n<p>LBB : Il y avait des grandes figures politiques actuelles : Cl\u00e9mentine Autain, Ian Brossat, Olivier Besancenot ou encore Rapha\u00ebl Glucksmann, le but, c\u2019est l\u2019union de la gauche ? Comment cela se pr\u00e9sente ?<\/p>\n<p>AB : Ce qui \u00e9tait int\u00e9ressant, c\u2019est que toute la gauche \u00e9tait repr\u00e9sent\u00e9e, c\u2019\u00e9tait un moment assez in\u00e9dit.<br \/>\nMais malheureusement, tous les grands m\u00e9dias \u00e9taient \u00e0 la convention de la droite. Toutes les cam\u00e9ras \u00e9taient braqu\u00e9es sur les intellectuels de droite qui ne p\u00e8sent rien.<br \/>\nApr\u00e8s, oui on avait beaucoup de monde, cela allait du NPA incarn\u00e9 par Besancenot, jusqu&rsquo;\u00e0 radicaux de gauche. Il y avait quand m\u00eame quelques tensions notamment de la part de Besancenot \u00e0 l\u2019\u00e9gard du PS. On sent vraiment qu\u2019on h\u00e9rite de beaucoup de ranc\u0153urs d\u00fbes au quinquennat Hollande qui a vraiment frustr\u00e9 les militants de gauche.<br \/>\nLa question, c\u2019\u00e9tait quelque chose comme : \u00ab Est-ce que c\u2019est d\u00e9j\u00e0 foutu pour la suite ? \u00bb. Du coup tout le monde y est all\u00e9 un peu humble, ce qui est ressorti, c\u2019est qu\u2019un chef ne peut pas sortir auto-d\u00e9sign\u00e9. Puis que cela ne se fera pas en un claquement de doigt. Mais par contre \u00e9videment il y a de l\u2019espoir, l\u2019union de la gauche elle se fera au pr\u00e9alable par des luttes communes. Besancenot a beaucoup insist\u00e9 l\u00e0-dessus, si on veut se parler, il faut lutter sur des combats, notamment, tr\u00e8s actuel, sur la question de l\u2019a\u00e9roport de Paris.<br \/>\nApr\u00e8s, il faudra reprendre un dialogue de fond et pas des grands tacles en p\u00e9riode d\u2019\u00e9lections. Il y a aussi Marie-No\u00eblle Lienemann, qui a \u00e9voqu\u00e9 l\u2019id\u00e9e d\u2019universit\u00e9 populaire, ce qui pourrait \u00eatre une bonne id\u00e9e.<\/p>\n<p>LBB : Ce sont des sacr\u00e9s d\u00e9fis pour la suite, quels sont les perspectives et horizons \u00e0 Generation-s ?<\/p>\n<p>AB : Pour les municipales, Generation-s s\u2019est fix\u00e9 une r\u00e8gle assez simple, mais toutefois difficile \u00e0 tenir, on fera l\u2019union avec l\u2019ensemble des forces de gauche. Localement, les comit\u00e9s sont invit\u00e9s \u00e0 s\u2019allier avec toutes les gauches, avec une ligne rouge pas d\u2019alliance avec La R\u00e9publique En Marche. \u00c0 partir de l\u00e0 le but est d\u2019inscrire Generation-s avec des forces de gauche pour s\u2019inscrire dans une union pour les municipales. Le but, c\u2019est \u00e9videmment d\u2019avoir le plus d\u2019\u00e9lus possibles, mais pas des \u00e9lus qui partiront en vrille, livr\u00e9e \u00e0 eux-m\u00eames, des \u00e9lus form\u00e9s. Mais apr\u00e8s la concr\u00e9tisation du projet n\u2019est vraiment pas facile, si on prend l\u2019exemple de Marseille o\u00f9 EELV a vot\u00e9 contre l\u2019union de la gauche aux municipales, on sent les difficult\u00e9s arriv\u00e9es. Apr\u00e8s, c\u2019est vrai que notre score aux Europ\u00e9ennes nous force \u00e0 y aller avec modestie.<br \/>\nPour ce qui concerne le mouvement, en ce moment Benoit Hamon a pris du retrait, il est toujours l\u00e0, et il va revenir dans le mouvement mais sans pour autant reprendre la place de leader maxima, le but c\u2019est vraiment d\u2019inclure des t\u00eates \u00e9mergentes.&nbsp;\u00bb<\/p>\n<p>Cl\u00e9mence PINEAU<\/p>\n<!-- AddThis Advanced Settings generic via filter on the_content --><!-- AddThis Share Buttons generic via filter on the_content -->","protected":false},"excerpt":{"rendered":"<p>\u00ab On nous propose, la peste noire et la gastro-ent\u00e9rite, je ne les mets pas sur les m\u00eames plans, mais on a d\u2019un c\u00f4t\u00e9 le &hellip; <!-- AddThis Advanced Settings generic via filter on wp_trim_excerpt --><!-- AddThis Share Buttons generic via filter on wp_trim_excerpt --><\/p>\n","protected":false},"author":1,"featured_media":18156,"comment_status":"open","ping_status":"open","sticky":false,"template":"","format":"standard","meta":{"_FSMCFIC_featured_image_caption":"","_FSMCFIC_featured_image_nocaption":"","_FSMCFIC_featured_image_hide":"","footnotes":""},"categories":[5324,6],"tags":[],"class_list":["post-18155","post","type-post","status-publish","format-standard","has-post-thumbnail","hentry","category-jeunesse","category-politique"],"yoast_head":"<!-- This site is optimized with the Yoast SEO plugin v22.8 - https:\/\/yoast.com\/wordpress\/plugins\/seo\/ -->\n<title>Interview Alice Bosler, un peu de politique, et beaucoup (beaucoup) d\u2019\u00e9nergie - Lyon Bondy Blog<\/title>\n<meta name=\"robots\" content=\"index, follow, max-snippet:-1, max-image-preview:large, max-video-preview:-1\" \/>\n<link rel=\"canonical\" href=\"https:\/\/lyonbondyblog.fr\/LBB\/interview-alice-bosler-un-peu-de-politique-et-beaucoup-beaucoup-denergie\/\" \/>\n<meta property=\"og:locale\" content=\"fr_FR\" \/>\n<meta property=\"og:type\" content=\"article\" \/>\n<meta property=\"og:title\" content=\"Interview Alice Bosler, un peu de politique, et beaucoup (beaucoup) d\u2019\u00e9nergie - Lyon Bondy Blog\" \/>\n<meta property=\"og:description\" content=\"\u00ab On nous propose, la peste noire et la gastro-ent\u00e9rite, je ne les mets pas sur les m\u00eames plans, mais on a d\u2019un c\u00f4t\u00e9 le &hellip;\" \/>\n<meta property=\"og:url\" content=\"https:\/\/lyonbondyblog.fr\/LBB\/interview-alice-bosler-un-peu-de-politique-et-beaucoup-beaucoup-denergie\/\" \/>\n<meta property=\"og:site_name\" content=\"Lyon Bondy Blog\" \/>\n<meta property=\"article:publisher\" content=\"https:\/\/www.facebook.com\/lyonbondyblog\" \/>\n<meta property=\"article:author\" content=\"https:\/\/www.facebook.com\/lyonbondyblog\" \/>\n<meta property=\"article:published_time\" content=\"2019-10-16T13:03:14+00:00\" \/>\n<meta property=\"article:modified_time\" content=\"2019-10-16T14:44:37+00:00\" \/>\n<meta property=\"og:image\" content=\"https:\/\/lyonbondyblog.fr\/LBB\/wp-content\/uploads\/2019\/10\/tzw71fdkvcvrmhlx0tx9.jpg\" \/>\n\t<meta property=\"og:image:width\" content=\"1000\" \/>\n\t<meta property=\"og:image:height\" content=\"666\" \/>\n\t<meta property=\"og:image:type\" content=\"image\/jpeg\" \/>\n<meta name=\"author\" content=\"La r\u00e9daction\" \/>\n<meta name=\"twitter:card\" content=\"summary_large_image\" \/>\n<meta name=\"twitter:creator\" content=\"@BondyBlogLyon\" \/>\n<meta name=\"twitter:site\" content=\"@bondybloglyon\" \/>\n<script type=\"application\/ld+json\" class=\"yoast-schema-graph\">{\"@context\":\"https:\/\/schema.org\",\"@graph\":[{\"@type\":\"Article\",\"@id\":\"https:\/\/lyonbondyblog.fr\/LBB\/interview-alice-bosler-un-peu-de-politique-et-beaucoup-beaucoup-denergie\/#article\",\"isPartOf\":{\"@id\":\"https:\/\/lyonbondyblog.fr\/LBB\/interview-alice-bosler-un-peu-de-politique-et-beaucoup-beaucoup-denergie\/\"},\"author\":{\"name\":\"La r\u00e9daction\",\"@id\":\"https:\/\/lyonbondyblog.fr\/LBB\/#\/schema\/person\/e45f8d27baac75072daa0be50c409b25\"},\"headline\":\"Interview Alice Bosler, un peu de politique, et beaucoup (beaucoup) d\u2019\u00e9nergie\",\"datePublished\":\"2019-10-16T13:03:14+00:00\",\"dateModified\":\"2019-10-16T14:44:37+00:00\",\"mainEntityOfPage\":{\"@id\":\"https:\/\/lyonbondyblog.fr\/LBB\/interview-alice-bosler-un-peu-de-politique-et-beaucoup-beaucoup-denergie\/\"},\"wordCount\":1702,\"commentCount\":3,\"publisher\":{\"@id\":\"https:\/\/lyonbondyblog.fr\/LBB\/#organization\"},\"image\":{\"@id\":\"https:\/\/lyonbondyblog.fr\/LBB\/interview-alice-bosler-un-peu-de-politique-et-beaucoup-beaucoup-denergie\/#primaryimage\"},\"thumbnailUrl\":\"https:\/\/lyonbondyblog.fr\/LBB\/wp-content\/uploads\/2019\/10\/tzw71fdkvcvrmhlx0tx9.jpg\",\"articleSection\":[\"Jeunesse\",\"Politique\"],\"inLanguage\":\"fr-FR\",\"potentialAction\":[{\"@type\":\"CommentAction\",\"name\":\"Comment\",\"target\":[\"https:\/\/lyonbondyblog.fr\/LBB\/interview-alice-bosler-un-peu-de-politique-et-beaucoup-beaucoup-denergie\/#respond\"]}]},{\"@type\":\"WebPage\",\"@id\":\"https:\/\/lyonbondyblog.fr\/LBB\/interview-alice-bosler-un-peu-de-politique-et-beaucoup-beaucoup-denergie\/\",\"url\":\"https:\/\/lyonbondyblog.fr\/LBB\/interview-alice-bosler-un-peu-de-politique-et-beaucoup-beaucoup-denergie\/\",\"name\":\"Interview Alice Bosler, un peu de politique, et beaucoup (beaucoup) d\u2019\u00e9nergie - Lyon Bondy Blog\",\"isPartOf\":{\"@id\":\"https:\/\/lyonbondyblog.fr\/LBB\/#website\"},\"primaryImageOfPage\":{\"@id\":\"https:\/\/lyonbondyblog.fr\/LBB\/interview-alice-bosler-un-peu-de-politique-et-beaucoup-beaucoup-denergie\/#primaryimage\"},\"image\":{\"@id\":\"https:\/\/lyonbondyblog.fr\/LBB\/interview-alice-bosler-un-peu-de-politique-et-beaucoup-beaucoup-denergie\/#primaryimage\"},\"thumbnailUrl\":\"https:\/\/lyonbondyblog.fr\/LBB\/wp-content\/uploads\/2019\/10\/tzw71fdkvcvrmhlx0tx9.jpg\",\"datePublished\":\"2019-10-16T13:03:14+00:00\",\"dateModified\":\"2019-10-16T14:44:37+00:00\",\"inLanguage\":\"fr-FR\",\"potentialAction\":[{\"@type\":\"ReadAction\",\"target\":[\"https:\/\/lyonbondyblog.fr\/LBB\/interview-alice-bosler-un-peu-de-politique-et-beaucoup-beaucoup-denergie\/\"]}]},{\"@type\":\"ImageObject\",\"inLanguage\":\"fr-FR\",\"@id\":\"https:\/\/lyonbondyblog.fr\/LBB\/interview-alice-bosler-un-peu-de-politique-et-beaucoup-beaucoup-denergie\/#primaryimage\",\"url\":\"https:\/\/lyonbondyblog.fr\/LBB\/wp-content\/uploads\/2019\/10\/tzw71fdkvcvrmhlx0tx9.jpg\",\"contentUrl\":\"https:\/\/lyonbondyblog.fr\/LBB\/wp-content\/uploads\/2019\/10\/tzw71fdkvcvrmhlx0tx9.jpg\",\"width\":1000,\"height\":666,\"caption\":\"Alice Bosler Cr\u00e9dit photo : G\u00e9n\u00e9ration.s\"},{\"@type\":\"WebSite\",\"@id\":\"https:\/\/lyonbondyblog.fr\/LBB\/#website\",\"url\":\"https:\/\/lyonbondyblog.fr\/LBB\/\",\"name\":\"Lyon Bondy Blog\",\"description\":\"\",\"publisher\":{\"@id\":\"https:\/\/lyonbondyblog.fr\/LBB\/#organization\"},\"potentialAction\":[{\"@type\":\"SearchAction\",\"target\":{\"@type\":\"EntryPoint\",\"urlTemplate\":\"https:\/\/lyonbondyblog.fr\/LBB\/?s={search_term_string}\"},\"query-input\":\"required name=search_term_string\"}],\"inLanguage\":\"fr-FR\"},{\"@type\":\"Organization\",\"@id\":\"https:\/\/lyonbondyblog.fr\/LBB\/#organization\",\"name\":\"LYON BONDY BLOG\",\"url\":\"https:\/\/lyonbondyblog.fr\/LBB\/\",\"logo\":{\"@type\":\"ImageObject\",\"inLanguage\":\"fr-FR\",\"@id\":\"https:\/\/lyonbondyblog.fr\/LBB\/#\/schema\/logo\/image\/\",\"url\":\"http:\/\/lyonbondyblog.fr\/LBB\/wp-content\/uploads\/2014\/10\/logo-portable-144.png\",\"contentUrl\":\"http:\/\/lyonbondyblog.fr\/LBB\/wp-content\/uploads\/2014\/10\/logo-portable-144.png\",\"width\":144,\"height\":123,\"caption\":\"LYON BONDY BLOG\"},\"image\":{\"@id\":\"https:\/\/lyonbondyblog.fr\/LBB\/#\/schema\/logo\/image\/\"},\"sameAs\":[\"https:\/\/www.facebook.com\/lyonbondyblog\",\"https:\/\/x.com\/bondybloglyon\"]},{\"@type\":\"Person\",\"@id\":\"https:\/\/lyonbondyblog.fr\/LBB\/#\/schema\/person\/e45f8d27baac75072daa0be50c409b25\",\"name\":\"La r\u00e9daction\",\"description\":\"Cr\u00e9e en 2008, la r\u00e9daction du Lyon Bondy Blog s'applique \u00e0 proposer une information locale diff\u00e9rente et compl\u00e9mentaire des m\u00e9dias traditionnels.\",\"sameAs\":[\"https:\/\/www.facebook.com\/lyonbondyblog\",\"https:\/\/x.com\/BondyBlogLyon\"],\"url\":\"https:\/\/lyonbondyblog.fr\/LBB\/author\/admin\/\"}]}<\/script>\n<!-- \/ Yoast SEO plugin. -->","yoast_head_json":{"title":"Interview Alice Bosler, un peu de politique, et beaucoup (beaucoup) d\u2019\u00e9nergie - Lyon Bondy Blog","robots":{"index":"index","follow":"follow","max-snippet":"max-snippet:-1","max-image-preview":"max-image-preview:large","max-video-preview":"max-video-preview:-1"},"canonical":"https:\/\/lyonbondyblog.fr\/LBB\/interview-alice-bosler-un-peu-de-politique-et-beaucoup-beaucoup-denergie\/","og_locale":"fr_FR","og_type":"article","og_title":"Interview Alice Bosler, un peu de politique, et beaucoup (beaucoup) d\u2019\u00e9nergie - Lyon Bondy Blog","og_description":"\u00ab On nous propose, la peste noire et la gastro-ent\u00e9rite, je ne les mets pas sur les m\u00eames plans, mais on a d\u2019un c\u00f4t\u00e9 le &hellip;","og_url":"https:\/\/lyonbondyblog.fr\/LBB\/interview-alice-bosler-un-peu-de-politique-et-beaucoup-beaucoup-denergie\/","og_site_name":"Lyon Bondy Blog","article_publisher":"https:\/\/www.facebook.com\/lyonbondyblog","article_author":"https:\/\/www.facebook.com\/lyonbondyblog","article_published_time":"2019-10-16T13:03:14+00:00","article_modified_time":"2019-10-16T14:44:37+00:00","og_image":[{"width":1000,"height":666,"url":"https:\/\/lyonbondyblog.fr\/LBB\/wp-content\/uploads\/2019\/10\/tzw71fdkvcvrmhlx0tx9.jpg","type":"image\/jpeg"}],"author":"La r\u00e9daction","twitter_card":"summary_large_image","twitter_creator":"@BondyBlogLyon","twitter_site":"@bondybloglyon","schema":{"@context":"https:\/\/schema.org","@graph":[{"@type":"Article","@id":"https:\/\/lyonbondyblog.fr\/LBB\/interview-alice-bosler-un-peu-de-politique-et-beaucoup-beaucoup-denergie\/#article","isPartOf":{"@id":"https:\/\/lyonbondyblog.fr\/LBB\/interview-alice-bosler-un-peu-de-politique-et-beaucoup-beaucoup-denergie\/"},"author":{"name":"La r\u00e9daction","@id":"https:\/\/lyonbondyblog.fr\/LBB\/#\/schema\/person\/e45f8d27baac75072daa0be50c409b25"},"headline":"Interview Alice Bosler, un peu de politique, et beaucoup (beaucoup) d\u2019\u00e9nergie","datePublished":"2019-10-16T13:03:14+00:00","dateModified":"2019-10-16T14:44:37+00:00","mainEntityOfPage":{"@id":"https:\/\/lyonbondyblog.fr\/LBB\/interview-alice-bosler-un-peu-de-politique-et-beaucoup-beaucoup-denergie\/"},"wordCount":1702,"commentCount":3,"publisher":{"@id":"https:\/\/lyonbondyblog.fr\/LBB\/#organization"},"image":{"@id":"https:\/\/lyonbondyblog.fr\/LBB\/interview-alice-bosler-un-peu-de-politique-et-beaucoup-beaucoup-denergie\/#primaryimage"},"thumbnailUrl":"https:\/\/lyonbondyblog.fr\/LBB\/wp-content\/uploads\/2019\/10\/tzw71fdkvcvrmhlx0tx9.jpg","articleSection":["Jeunesse","Politique"],"inLanguage":"fr-FR","potentialAction":[{"@type":"CommentAction","name":"Comment","target":["https:\/\/lyonbondyblog.fr\/LBB\/interview-alice-bosler-un-peu-de-politique-et-beaucoup-beaucoup-denergie\/#respond"]}]},{"@type":"WebPage","@id":"https:\/\/lyonbondyblog.fr\/LBB\/interview-alice-bosler-un-peu-de-politique-et-beaucoup-beaucoup-denergie\/","url":"https:\/\/lyonbondyblog.fr\/LBB\/interview-alice-bosler-un-peu-de-politique-et-beaucoup-beaucoup-denergie\/","name":"Interview Alice Bosler, un peu de politique, et beaucoup (beaucoup) d\u2019\u00e9nergie - Lyon Bondy Blog","isPartOf":{"@id":"https:\/\/lyonbondyblog.fr\/LBB\/#website"},"primaryImageOfPage":{"@id":"https:\/\/lyonbondyblog.fr\/LBB\/interview-alice-bosler-un-peu-de-politique-et-beaucoup-beaucoup-denergie\/#primaryimage"},"image":{"@id":"https:\/\/lyonbondyblog.fr\/LBB\/interview-alice-bosler-un-peu-de-politique-et-beaucoup-beaucoup-denergie\/#primaryimage"},"thumbnailUrl":"https:\/\/lyonbondyblog.fr\/LBB\/wp-content\/uploads\/2019\/10\/tzw71fdkvcvrmhlx0tx9.jpg","datePublished":"2019-10-16T13:03:14+00:00","dateModified":"2019-10-16T14:44:37+00:00","inLanguage":"fr-FR","potentialAction":[{"@type":"ReadAction","target":["https:\/\/lyonbondyblog.fr\/LBB\/interview-alice-bosler-un-peu-de-politique-et-beaucoup-beaucoup-denergie\/"]}]},{"@type":"ImageObject","inLanguage":"fr-FR","@id":"https:\/\/lyonbondyblog.fr\/LBB\/interview-alice-bosler-un-peu-de-politique-et-beaucoup-beaucoup-denergie\/#primaryimage","url":"https:\/\/lyonbondyblog.fr\/LBB\/wp-content\/uploads\/2019\/10\/tzw71fdkvcvrmhlx0tx9.jpg","contentUrl":"https:\/\/lyonbondyblog.fr\/LBB\/wp-content\/uploads\/2019\/10\/tzw71fdkvcvrmhlx0tx9.jpg","width":1000,"height":666,"caption":"Alice Bosler Cr\u00e9dit photo : G\u00e9n\u00e9ration.s"},{"@type":"WebSite","@id":"https:\/\/lyonbondyblog.fr\/LBB\/#website","url":"https:\/\/lyonbondyblog.fr\/LBB\/","name":"Lyon Bondy Blog","description":"","publisher":{"@id":"https:\/\/lyonbondyblog.fr\/LBB\/#organization"},"potentialAction":[{"@type":"SearchAction","target":{"@type":"EntryPoint","urlTemplate":"https:\/\/lyonbondyblog.fr\/LBB\/?s={search_term_string}"},"query-input":"required name=search_term_string"}],"inLanguage":"fr-FR"},{"@type":"Organization","@id":"https:\/\/lyonbondyblog.fr\/LBB\/#organization","name":"LYON BONDY BLOG","url":"https:\/\/lyonbondyblog.fr\/LBB\/","logo":{"@type":"ImageObject","inLanguage":"fr-FR","@id":"https:\/\/lyonbondyblog.fr\/LBB\/#\/schema\/logo\/image\/","url":"http:\/\/lyonbondyblog.fr\/LBB\/wp-content\/uploads\/2014\/10\/logo-portable-144.png","contentUrl":"http:\/\/lyonbondyblog.fr\/LBB\/wp-content\/uploads\/2014\/10\/logo-portable-144.png","width":144,"height":123,"caption":"LYON BONDY BLOG"},"image":{"@id":"https:\/\/lyonbondyblog.fr\/LBB\/#\/schema\/logo\/image\/"},"sameAs":["https:\/\/www.facebook.com\/lyonbondyblog","https:\/\/x.com\/bondybloglyon"]},{"@type":"Person","@id":"https:\/\/lyonbondyblog.fr\/LBB\/#\/schema\/person\/e45f8d27baac75072daa0be50c409b25","name":"La r\u00e9daction","description":"Cr\u00e9e en 2008, la r\u00e9daction du Lyon Bondy Blog s'applique \u00e0 proposer une information locale diff\u00e9rente et compl\u00e9mentaire des m\u00e9dias traditionnels.","sameAs":["https:\/\/www.facebook.com\/lyonbondyblog","https:\/\/x.com\/BondyBlogLyon"],"url":"https:\/\/lyonbondyblog.fr\/LBB\/author\/admin\/"}]}},"_links":{"self":[{"href":"https:\/\/lyonbondyblog.fr\/LBB\/wp-json\/wp\/v2\/posts\/18155","targetHints":{"allow":["GET"]}}],"collection":[{"href":"https:\/\/lyonbondyblog.fr\/LBB\/wp-json\/wp\/v2\/posts"}],"about":[{"href":"https:\/\/lyonbondyblog.fr\/LBB\/wp-json\/wp\/v2\/types\/post"}],"author":[{"embeddable":true,"href":"https:\/\/lyonbondyblog.fr\/LBB\/wp-json\/wp\/v2\/users\/1"}],"replies":[{"embeddable":true,"href":"https:\/\/lyonbondyblog.fr\/LBB\/wp-json\/wp\/v2\/comments?post=18155"}],"version-history":[{"count":3,"href":"https:\/\/lyonbondyblog.fr\/LBB\/wp-json\/wp\/v2\/posts\/18155\/revisions"}],"predecessor-version":[{"id":18159,"href":"https:\/\/lyonbondyblog.fr\/LBB\/wp-json\/wp\/v2\/posts\/18155\/revisions\/18159"}],"wp:featuredmedia":[{"embeddable":true,"href":"https:\/\/lyonbondyblog.fr\/LBB\/wp-json\/wp\/v2\/media\/18156"}],"wp:attachment":[{"href":"https:\/\/lyonbondyblog.fr\/LBB\/wp-json\/wp\/v2\/media?parent=18155"}],"wp:term":[{"taxonomy":"category","embeddable":true,"href":"https:\/\/lyonbondyblog.fr\/LBB\/wp-json\/wp\/v2\/categories?post=18155"},{"taxonomy":"post_tag","embeddable":true,"href":"https:\/\/lyonbondyblog.fr\/LBB\/wp-json\/wp\/v2\/tags?post=18155"}],"curies":[{"name":"wp","href":"https:\/\/api.w.org\/{rel}","templated":true}]}}