{"id":18048,"date":"2019-08-29T17:20:06","date_gmt":"2019-08-29T15:20:06","guid":{"rendered":"http:\/\/lyonbondyblog.fr\/LBB\/?p=18048"},"modified":"2019-08-29T17:27:52","modified_gmt":"2019-08-29T15:27:52","slug":"lyon-hockey-club-la-rechute-des-lions","status":"publish","type":"post","link":"https:\/\/lyonbondyblog.fr\/LBB\/lyon-hockey-club-la-rechute-des-lions\/","title":{"rendered":"Lyon Hockey Club : la rechute des Lions"},"content":{"rendered":"<h4 style=\"text-align: justify;\"><b>Aucun accord de conciliation n&rsquo;a pu \u00eatre \u00e9t\u00e9 trouv\u00e9, hier, avec le Comit\u00e9 National Olympique et Sportif Fran\u00e7ais (CNOSF). L<\/b><b>e Lyon Hockey Club (LHC)&nbsp;<\/b><b>devrait retrouver la D3, dix-neuf ans apr\u00e8s sa derni\u00e8re r\u00e9trogradation. A<\/b><b>u grand d\u00e9sarroi de ses supporters.<\/b><\/h4>\n<p style=\"text-align: justify;\"><span style=\"font-weight: 400;\">Le coup de massue \u00e9tait attendu. Pour bon nombre de fans des Lions, la d\u00e9cision de la Commission national de suivi et de contr\u00f4le de gestion (CNSCG) de&nbsp;<\/span><a href=\"https:\/\/www.facebook.com\/lhc.les.lions\/photos\/a.10150671182118669\/10157499536138669\/?type=3&amp;eid=ARAJMiFRxlaxHnlr2nO5vgV0pLiZbydRPvK2TXRpiFQY3e-MUD5pcvbfco3ccuKwwyHAFdCxCRccwbzv&amp;ifg=1\"><span style=\"font-weight: 400;\">ne pas valider le LHC en Synerglace Ligue Magnus<\/span><\/a><span style=\"font-weight: 400;\">, suivie du <\/span><a href=\"https:\/\/www.hockeyfrance.com\/ffhg\/actualites\/actualites-federales\/item\/16870-communique-ffhg-situation-du-club-de-lyon\"><span style=\"font-weight: 400;\">reclassement du club en Division 3<\/span><\/a><span style=\"font-weight: 400;\"> par le bureau directeur de la F\u00e9d\u00e9ration Fran\u00e7aise de Hockey sur Glace (FFHG) n\u2019a pas grand chose d\u2019une surprise. Et malgr\u00e9 les contestations du club lyonnais, le LHC devrait d\u00e9gringoler au plus bas des \u00e9chelons nationaux, dans les pas d&rsquo;\u00c9pinal, r\u00e9trograd\u00e9 il y a un an. Un ph\u00e9nom\u00e8ne r\u00e9current dans hockey sur glace fran\u00e7ais, alors qu\u2019un certain nombres de clubs sont r\u00e9trograd\u00e9s chaque ann\u00e9e en raisons de leurs difficult\u00e9s \u00e9conomiques.&nbsp;<\/span><\/p>\n<h4 style=\"text-align: justify;\"><b>D\u00e9ception&nbsp;et col\u00e8re chez les passionn\u00e9s<\/b><\/h4>\n<p style=\"text-align: justify;\"><span style=\"font-weight: 400;\">\u201c<i>On ne fait pas les \u00e9tonn\u00e9s : cela fait des ann\u00e9es que le club est un peu borderline, et on savait qu\u2019un jour, \u00e7a allait tomber<\/i>\u201d avoue Ma\u00eblle Metenier, pr\u00e9sidente des <a href=\"https:\/\/www.facebook.com\/leslionssots\/\"><i>Lions Sots<\/i><\/a>, seule association de supporters depuis la disparition du <a href=\"https:\/\/www.facebook.com\/nrv97\/\"><em>NRV97<\/em><\/a>, la saison derni\u00e8re.&nbsp;Si, dans son dernier communiqu\u00e9, le club d\u00e9clare attendre la proposition du conciliateur du CNOSF, qui devrait tomber dans les prochains jours, l\u2019espoir semble au plus bas autour du club dirig\u00e9 par S\u00e9bastien Berthet : difficile en effet pour les Lions d\u2019esp\u00e9rer un reclassement dans l\u2019une des deux divisions qui les s\u00e9parent d\u00e9sormais de la Synerglace Ligue Magnus, d\u2019ores et d\u00e9j\u00e0 compl\u00e8tes pour la saison 2019-2020. Condamn\u00e9 \u00e0<\/span><a href=\"https:\/\/www.hockeyfrance.com\/ffhg\/actualites\/actualites-federales\/item\/16857-communique-ffhg-decisions-de-la-cfa-sur-les-clubs-non-valides-par-la-cnscg\"><span style=\"font-weight: 400;\"> plusieurs dizaines de milliers d\u2019euros d\u2019amende<\/span><\/a><span style=\"font-weight: 400;\"> en addition \u00e0 ces lourdes sanctions sportives, le club semble aujourd\u2019hui engouffr\u00e9 dans une situation particuli\u00e8rement douloureuse.&nbsp;<\/span><\/p>\n<p style=\"text-align: center;\"><iframe loading=\"lazy\" style=\"border: none; overflow: hidden;\" src=\"https:\/\/www.facebook.com\/plugins\/post.php?href=https%3A%2F%2Fwww.facebook.com%2Flhc.les.lions%2Fposts%2F10157626403603669&amp;width=500\" width=\"500\" height=\"450\" frameborder=\"0\" scrolling=\"no\"><\/iframe><\/p>\n<p style=\"text-align: justify;\"><span style=\"font-weight: 400;\">Le club conna\u00eet une situation financi\u00e8re critique depuis plusieurs ann\u00e9es : plomb\u00e9 par des difficult\u00e9s r\u00e9currentes \u00e0 r\u00e9mun\u00e9rer ses propres joueurs et parfois m\u00eame certains partenaires, le club lyonnais entretient aujourd\u2019hui des relations houleuses, proches du point-mort, avec ses supporters. \u201c<\/span><i><span style=\"font-weight: 400;\">Il ne nous reconna\u00eet m\u00eame pas comme club de supporters officiel, alors qu&rsquo;on est seuls\u2026<\/span><\/i><span style=\"font-weight: 400;\">\u201d, regrette Ma\u00eblle Metenier.<\/span><span style=\"font-weight: 400;\"> R\u00e9sign\u00e9s, certains d\u00e9noncent l\u2019attitude du pr\u00e9sident, S\u00e9bastien Berthet, per\u00e7u comme responsable d\u2019une partie importante des maux du LHC : \u201c<\/span><i><span style=\"font-weight: 400;\">On est d\u00e9\u00e7us et en col\u00e8re<\/span><\/i><span style=\"font-weight: 400;\">. <\/span><i><span style=\"font-weight: 400;\">Il y a une tr\u00e8s mauvaise gestion depuis des ann\u00e9es, avec peut-\u00eatre des mauvais choix strat\u00e9giques\u201d<\/span><\/i><span style=\"font-weight: 400;\">, ajoute celle qui supporte les Lions depuis plus de douze ans. Avant de constater : \u00ab\u00a0<\/span><i><span style=\"font-weight: 400;\">Le club est rarement valid\u00e9 du premier coup, voire jamais. Donc la f\u00e9d\u00e9ration nous attendait un peu au tournant, et \u00e7a se comprend !<\/span><\/i><span style=\"font-weight: 400;\">\u201d. L&rsquo;oeil des instances se porte donc tout particuli\u00e8rement sur l\u2019\u00e9tat de sant\u00e9 financi\u00e8re du club lyonnais, qui a d\u00e9j\u00e0 caus\u00e9 aux Lions une chute comparable, il y a dix-neuf ans.<\/span><\/p>\n<h4 style=\"text-align: justify;\"><b>Dix-neuf ans apr\u00e8s, la D3<\/b><\/h4>\n<p style=\"text-align: justify;\"><span style=\"font-weight: 400;\">C\u2019\u00e9tait au temps de la Ligue <\/span><i><span style=\"font-weight: 400;\">\u00c9lite<\/span><\/i><span style=\"font-weight: 400;\">, renomm\u00e9e <\/span><i><span style=\"font-weight: 400;\">Magnus <\/span><\/i><span style=\"font-weight: 400;\">en 2004. A l\u2019\u00e9poque, le hockey fran\u00e7ais est d\u00e9j\u00e0 en proie \u00e0 d\u2019importantes difficult\u00e9s, en t\u00e9moignent les r\u00e9trogradations successives de Brest (1997), Grenoble (1999) ou Reims (2002). En 1997, la liquidation judiciaire de l\u2019historique <\/span><i><span style=\"font-weight: 400;\">Club des patineurs lyonnais<\/span><\/i><span style=\"font-weight: 400;\">&nbsp;avait donn\u00e9 naissance au Lyon Hockey Club, pr\u00e9sid\u00e9 par Christophe Geoffroy. En faillite d\u00e8s 2000, l&rsquo;\u00e9quipe professionnelle est directement plong\u00e9e en D3 et passe sous l\u2019\u00e9gide de G\u00e9rard Berthet, alors en charge du hockey mineur au sein du club, et p\u00e8re de l\u2019actuel pr\u00e9sident. Une transition p\u00e8re-fils rapidement vue d\u2019un mauvais \u0153il par certains supporters : d\u00e9j\u00e0, \u00e0 l\u2019\u00e9poque, l&rsquo;entourage du club a des \u00e9chos d&rsquo;un&nbsp;<\/span><span style=\"font-weight: 400;\">\u00ab\u00a0<\/span><i><span style=\"font-weight: 400;\">flou dans la gestion<\/span><\/i><span style=\"font-weight: 400;\">\u201d selon Florian Saint-Pierre, 38 ans et suiveur des Lions depuis l\u2019adolescence.<\/span><i><span style=\"font-weight: 400;\"> \u201c<\/span><\/i><i><span style=\"font-weight: 400;\">On ne s&rsquo;attendait pas forc\u00e9ment \u00e0 ce qu&rsquo;il y ait une r\u00e9volution dans la mani\u00e8re dont se passent les choses, mais \u00e7a n\u2019a clairement pas \u00e9t\u00e9 mieux<\/span><\/i><span style=\"font-weight: 400;\">\u201d.&nbsp;<\/span><\/p>\n<p style=\"text-align: left;\"><span style=\"font-weight: 400;\">Descente oblige, certains supporters d\u00e9sertent alors la patinoire Charlemagne<\/span><span style=\"font-weight: 400;\"> : <\/span><span style=\"font-weight: 400;\">\u201c<\/span><i><span style=\"font-weight: 400;\">On a v\u00e9cu une ann\u00e9e de D3 assez ennuyeuse<\/span><\/i><span style=\"font-weight: 400;\">,<\/span><i><span style=\"font-weight: 400;\"> parce qu\u2019on avait connu l\u2019\u00e9quipe \u00e0 un meilleur niveau.<\/span><\/i> <i><span style=\"font-weight: 400;\">Il y avait tr\u00e8s, tr\u00e8s peu de monde<\/span><\/i><span style=\"font-weight: 400;\">\u201d, se souvient Florian. Promu en D2 l\u2019ann\u00e9e suivante, Lyon ne rejoindra le plus au niveau que quatorze ans apr\u00e8s l\u2019avoir quitt\u00e9. La route sera t-elle aussi longue apr\u00e8s la r\u00e9trogradation qui se profile en 2019 ? \u201c<\/span><i><span style=\"font-weight: 400;\">Si on regarde l&rsquo;historique des autres clubs qui sont r\u00e9trograd\u00e9s, on peut esp\u00e9rer remonter tr\u00e8s rapidement. Mais \u00e0 trois semaines d\u2019une reprise, on ne peut pas cr\u00e9er une \u00e9quipe de D3! \u201d <\/span><\/i><span style=\"font-weight: 400;\">s\u2019inqui\u00e8te Ma\u00eblle M\u00e9tenier<\/span><i><span style=\"font-weight: 400;\">. <\/span><\/i><span style=\"font-weight: 400;\">\u201c<\/span><i><span style=\"font-weight: 400;\">Si on est vraiment r\u00e9trograd\u00e9s, les joueurs vont partir, on le sait\u2026<\/span><\/i><span style=\"font-weight: 400;\">\u201d Cons\u00e9quence logique de l\u2019approche d\u2019une d\u00e9cision d\u00e9finitive, une grande partie de l\u2019effectif devrait en effet quitter le club lyonnais, qui a d\u00e9j\u00e0 annul\u00e9 deux matches amicaux.&nbsp;&nbsp;<\/span><\/p>\n<blockquote class=\"twitter-tweet\">\n<p dir=\"ltr\" lang=\"fr\" style=\"text-align: center;\">&#x23f3; La date de la conciliation devant le <a href=\"https:\/\/twitter.com\/hashtag\/CNOSF?src=hash&amp;ref_src=twsrc%5Etfw\">#CNOSF<\/a> toujours en attente. &#x274c; Les Lions contraints d&rsquo;annuler leurs confrontations amicales face aux <a href=\"https:\/\/twitter.com\/bruleursdeloups?ref_src=twsrc%5Etfw\">@bruleursdeloups<\/a> et au <a href=\"https:\/\/twitter.com\/OfficielHCC?ref_src=twsrc%5Etfw\">@OfficielHCC<\/a>. &#x2194; <a href=\"https:\/\/twitter.com\/hashtag\/CharlesCorcoran?src=hash&amp;ref_src=twsrc%5Etfw\">#CharlesCorcoran<\/a> qui rejoint Coventry.<\/p>\n<p style=\"text-align: center;\">&#x2139; Un point informations &#x25b6; <a href=\"https:\/\/t.co\/xUVmChc5I8\">https:\/\/t.co\/xUVmChc5I8<\/a> <a href=\"https:\/\/t.co\/qI6LVCKbtP\">pic.twitter.com\/qI6LVCKbtP<\/a><\/p>\n<p style=\"text-align: center;\">\u2014 LHC Les Lions (@LHCleslions) <a href=\"https:\/\/twitter.com\/LHCleslions\/status\/1163510944657551361?ref_src=twsrc%5Etfw\">August 19, 2019<\/a><\/p>\n<\/blockquote>\n<p style=\"text-align: center;\"><script async=\"\" src=\"https:\/\/platform.twitter.com\/widgets.js\" charset=\"utf-8\"><\/script><\/p>\n<h4 style=\"text-align: justify;\"><b>\u201cLes vrais vont rester\u201d<\/b><\/h4>\n<p style=\"text-align: justify;\"><span style=\"font-weight: 400;\">Du c\u00f4t\u00e9 des supporters, \u00e9videmment, c\u2019est une autre histoire : \u201c<\/span><i><span style=\"font-weight: 400;\">\u00c7a&nbsp;sera moins palpitant, \u00e7a c&rsquo;est s\u00fbr<\/span><\/i><span style=\"font-weight: 400;\">\u201d souffle la pr\u00e9sidente des <\/span><i><span style=\"font-weight: 400;\">Lions Sots.<\/span><\/i><span style=\"font-weight: 400;\">&nbsp;Si celle-ci reconna\u00eet qu\u2019il devrait avoir \u201c<\/span><i><span style=\"font-weight: 400;\">moins de monde<\/span><\/i><span style=\"font-weight: 400;\">\u201d sur les bancs de la patinoire, la r\u00e9trogradation et la d\u00e9fiance des fans envers S\u00e9bastien Berthet n&#8217;emp\u00eacheront pas les <em>Lions Sots<\/em> de rugir en D3 : \u201c<i>Quand on \u00e9tait en D2, on faisait d\u00e9j\u00e0 quasi tous les d\u00e9placements, et en D1 on les faisait tous.&nbsp;<\/i><\/span><i><span style=\"font-weight: 400;\">Les vrais vont rester en tout cas, les autres vont se trouver une autre occupation !<\/span><\/i>&nbsp;<span style=\"font-weight: 400;\">\u201d. Cette ann\u00e9e, cependant<\/span><span style=\"font-weight: 400;\">, les contraintes seront importantes suite au placement \u00e9tonnant du LHC dans une poule compos\u00e9e de clubs issus de contr\u00e9es lointaines, comme Potiers ou les \u00e9quipes B de Bordeaux et Nantes.&nbsp;<\/span><\/p>\n<p style=\"text-align: justify;\"><span style=\"font-weight: 400;\">Globalement r\u00e9sign\u00e9s, les supporters n\u2019en cachent pas pour autant leurs quelques espoirs de maintien, cultiv\u00e9s par un feuilleton estival qui semble plus que jamais proche de toucher \u00e0 sa fin. Du c\u00f4t\u00e9 du club, la direction n&rsquo;a pas souhait\u00e9 nous donner son sentiment. En attendant, dans moins de 48h, les <\/span><span style=\"font-weight: 400;\">Lions <\/span><span style=\"font-weight: 400;\">devraient \u00eatre d\u00e9finitivement fix\u00e9s sur leur sort. <\/span><\/p>\n<!-- AddThis Advanced Settings generic via filter on the_content --><!-- AddThis Share Buttons generic via filter on the_content -->","protected":false},"excerpt":{"rendered":"<p>Aucun accord de conciliation n&rsquo;a pu \u00eatre \u00e9t\u00e9 trouv\u00e9, hier, avec le Comit\u00e9 National Olympique et Sportif Fran\u00e7ais (CNOSF). Le Lyon Hockey Club (LHC)&nbsp;devrait retrouver &hellip; <!-- AddThis Advanced Settings generic via filter on wp_trim_excerpt --><!-- AddThis Share Buttons generic via filter on wp_trim_excerpt --><\/p>\n","protected":false},"author":16328,"featured_media":18053,"comment_status":"open","ping_status":"open","sticky":false,"template":"","format":"standard","meta":{"_FSMCFIC_featured_image_caption":"","_FSMCFIC_featured_image_nocaption":"","_FSMCFIC_featured_image_hide":"","footnotes":""},"categories":[6502,4,2862],"tags":[18141,18139,18144,18138,18142,18140,18143],"class_list":["post-18048","post","type-post","status-publish","format-standard","has-post-thumbnail","hentry","category-hockey","category-lyon","category-sport","tag-d3","tag-lions","tag-lions-sots","tag-lyon-hockey-club","tag-magnus","tag-retrogradation","tag-sebastien-berthet"],"yoast_head":"<!-- This site is optimized with the Yoast SEO plugin v22.8 - https:\/\/yoast.com\/wordpress\/plugins\/seo\/ -->\n<title>Lyon Hockey Club : la rechute des Lions - Lyon Bondy Blog<\/title>\n<meta name=\"description\" content=\"Le Lyon Hockey Club (LHC) devrait retrouver la D3, dix-neuf ans apr\u00e8s sa derni\u00e8re r\u00e9trogradation. Au grand d\u00e9sarroi de ses supporters.\" \/>\n<meta name=\"robots\" content=\"index, follow, max-snippet:-1, max-image-preview:large, max-video-preview:-1\" \/>\n<link rel=\"canonical\" href=\"https:\/\/lyonbondyblog.fr\/LBB\/lyon-hockey-club-la-rechute-des-lions\/\" \/>\n<meta property=\"og:locale\" content=\"fr_FR\" \/>\n<meta property=\"og:type\" content=\"article\" \/>\n<meta property=\"og:title\" content=\"Lyon Hockey Club : la rechute des Lions - Lyon Bondy Blog\" \/>\n<meta property=\"og:description\" content=\"Le Lyon Hockey Club (LHC) devrait retrouver la D3, dix-neuf ans apr\u00e8s sa derni\u00e8re r\u00e9trogradation. Au grand d\u00e9sarroi de ses supporters.\" \/>\n<meta property=\"og:url\" content=\"https:\/\/lyonbondyblog.fr\/LBB\/lyon-hockey-club-la-rechute-des-lions\/\" \/>\n<meta property=\"og:site_name\" content=\"Lyon Bondy Blog\" \/>\n<meta property=\"article:publisher\" content=\"https:\/\/www.facebook.com\/lyonbondyblog\" \/>\n<meta property=\"article:published_time\" content=\"2019-08-29T15:20:06+00:00\" \/>\n<meta property=\"article:modified_time\" content=\"2019-08-29T15:27:52+00:00\" \/>\n<meta property=\"og:image\" content=\"https:\/\/lyonbondyblog.fr\/LBB\/wp-content\/uploads\/2019\/08\/patinoire-charlemagne-credits-jeanne-menjoulet.jpg\" \/>\n\t<meta property=\"og:image:width\" content=\"2047\" \/>\n\t<meta property=\"og:image:height\" content=\"1151\" \/>\n\t<meta property=\"og:image:type\" content=\"image\/jpeg\" \/>\n<meta name=\"author\" content=\"Maxime Pechkechian\" \/>\n<meta name=\"twitter:card\" content=\"summary_large_image\" \/>\n<meta name=\"twitter:creator\" content=\"@bondybloglyon\" \/>\n<meta name=\"twitter:site\" content=\"@bondybloglyon\" \/>\n<script type=\"application\/ld+json\" class=\"yoast-schema-graph\">{\"@context\":\"https:\/\/schema.org\",\"@graph\":[{\"@type\":\"Article\",\"@id\":\"https:\/\/lyonbondyblog.fr\/LBB\/lyon-hockey-club-la-rechute-des-lions\/#article\",\"isPartOf\":{\"@id\":\"https:\/\/lyonbondyblog.fr\/LBB\/lyon-hockey-club-la-rechute-des-lions\/\"},\"author\":{\"name\":\"Maxime Pechkechian\",\"@id\":\"https:\/\/lyonbondyblog.fr\/LBB\/#\/schema\/person\/e030df63ce4bdf66338fec824c5ba04c\"},\"headline\":\"Lyon Hockey Club : la rechute des Lions\",\"datePublished\":\"2019-08-29T15:20:06+00:00\",\"dateModified\":\"2019-08-29T15:27:52+00:00\",\"mainEntityOfPage\":{\"@id\":\"https:\/\/lyonbondyblog.fr\/LBB\/lyon-hockey-club-la-rechute-des-lions\/\"},\"wordCount\":1169,\"commentCount\":0,\"publisher\":{\"@id\":\"https:\/\/lyonbondyblog.fr\/LBB\/#organization\"},\"image\":{\"@id\":\"https:\/\/lyonbondyblog.fr\/LBB\/lyon-hockey-club-la-rechute-des-lions\/#primaryimage\"},\"thumbnailUrl\":\"https:\/\/lyonbondyblog.fr\/LBB\/wp-content\/uploads\/2019\/08\/patinoire-charlemagne-credits-jeanne-menjoulet.jpg\",\"keywords\":[\"D3\",\"Lions\",\"Lions sots\",\"Lyon Hockey Club\",\"Magnus\",\"R\u00e9trogradation\",\"S\u00e9bastien Berthet\"],\"articleSection\":[\"Hockey\",\"Lyon\",\"Sport\"],\"inLanguage\":\"fr-FR\",\"potentialAction\":[{\"@type\":\"CommentAction\",\"name\":\"Comment\",\"target\":[\"https:\/\/lyonbondyblog.fr\/LBB\/lyon-hockey-club-la-rechute-des-lions\/#respond\"]}]},{\"@type\":\"WebPage\",\"@id\":\"https:\/\/lyonbondyblog.fr\/LBB\/lyon-hockey-club-la-rechute-des-lions\/\",\"url\":\"https:\/\/lyonbondyblog.fr\/LBB\/lyon-hockey-club-la-rechute-des-lions\/\",\"name\":\"Lyon Hockey Club : la rechute des Lions - Lyon Bondy Blog\",\"isPartOf\":{\"@id\":\"https:\/\/lyonbondyblog.fr\/LBB\/#website\"},\"primaryImageOfPage\":{\"@id\":\"https:\/\/lyonbondyblog.fr\/LBB\/lyon-hockey-club-la-rechute-des-lions\/#primaryimage\"},\"image\":{\"@id\":\"https:\/\/lyonbondyblog.fr\/LBB\/lyon-hockey-club-la-rechute-des-lions\/#primaryimage\"},\"thumbnailUrl\":\"https:\/\/lyonbondyblog.fr\/LBB\/wp-content\/uploads\/2019\/08\/patinoire-charlemagne-credits-jeanne-menjoulet.jpg\",\"datePublished\":\"2019-08-29T15:20:06+00:00\",\"dateModified\":\"2019-08-29T15:27:52+00:00\",\"description\":\"Le Lyon Hockey Club (LHC) devrait retrouver la D3, dix-neuf ans apr\u00e8s sa derni\u00e8re r\u00e9trogradation. Au grand d\u00e9sarroi de ses supporters.\",\"inLanguage\":\"fr-FR\",\"potentialAction\":[{\"@type\":\"ReadAction\",\"target\":[\"https:\/\/lyonbondyblog.fr\/LBB\/lyon-hockey-club-la-rechute-des-lions\/\"]}]},{\"@type\":\"ImageObject\",\"inLanguage\":\"fr-FR\",\"@id\":\"https:\/\/lyonbondyblog.fr\/LBB\/lyon-hockey-club-la-rechute-des-lions\/#primaryimage\",\"url\":\"https:\/\/lyonbondyblog.fr\/LBB\/wp-content\/uploads\/2019\/08\/patinoire-charlemagne-credits-jeanne-menjoulet.jpg\",\"contentUrl\":\"https:\/\/lyonbondyblog.fr\/LBB\/wp-content\/uploads\/2019\/08\/patinoire-charlemagne-credits-jeanne-menjoulet.jpg\",\"width\":2047,\"height\":1151,\"caption\":\"La patinoire Charlemagne, terrain de jeu du Lyon Hockey Club (Cr\u00e9dit photo : Jeanne Menjoulet)\"},{\"@type\":\"WebSite\",\"@id\":\"https:\/\/lyonbondyblog.fr\/LBB\/#website\",\"url\":\"https:\/\/lyonbondyblog.fr\/LBB\/\",\"name\":\"Lyon Bondy Blog\",\"description\":\"\",\"publisher\":{\"@id\":\"https:\/\/lyonbondyblog.fr\/LBB\/#organization\"},\"potentialAction\":[{\"@type\":\"SearchAction\",\"target\":{\"@type\":\"EntryPoint\",\"urlTemplate\":\"https:\/\/lyonbondyblog.fr\/LBB\/?s={search_term_string}\"},\"query-input\":\"required name=search_term_string\"}],\"inLanguage\":\"fr-FR\"},{\"@type\":\"Organization\",\"@id\":\"https:\/\/lyonbondyblog.fr\/LBB\/#organization\",\"name\":\"LYON BONDY BLOG\",\"url\":\"https:\/\/lyonbondyblog.fr\/LBB\/\",\"logo\":{\"@type\":\"ImageObject\",\"inLanguage\":\"fr-FR\",\"@id\":\"https:\/\/lyonbondyblog.fr\/LBB\/#\/schema\/logo\/image\/\",\"url\":\"http:\/\/lyonbondyblog.fr\/LBB\/wp-content\/uploads\/2014\/10\/logo-portable-144.png\",\"contentUrl\":\"http:\/\/lyonbondyblog.fr\/LBB\/wp-content\/uploads\/2014\/10\/logo-portable-144.png\",\"width\":144,\"height\":123,\"caption\":\"LYON BONDY BLOG\"},\"image\":{\"@id\":\"https:\/\/lyonbondyblog.fr\/LBB\/#\/schema\/logo\/image\/\"},\"sameAs\":[\"https:\/\/www.facebook.com\/lyonbondyblog\",\"https:\/\/x.com\/bondybloglyon\"]},{\"@type\":\"Person\",\"@id\":\"https:\/\/lyonbondyblog.fr\/LBB\/#\/schema\/person\/e030df63ce4bdf66338fec824c5ba04c\",\"name\":\"Maxime Pechkechian\",\"url\":\"https:\/\/lyonbondyblog.fr\/LBB\/author\/maximepechkechian\/\"}]}<\/script>\n<!-- \/ Yoast SEO plugin. -->","yoast_head_json":{"title":"Lyon Hockey Club : la rechute des Lions - Lyon Bondy Blog","description":"Le Lyon Hockey Club (LHC) devrait retrouver la D3, dix-neuf ans apr\u00e8s sa derni\u00e8re r\u00e9trogradation. Au grand d\u00e9sarroi de ses supporters.","robots":{"index":"index","follow":"follow","max-snippet":"max-snippet:-1","max-image-preview":"max-image-preview:large","max-video-preview":"max-video-preview:-1"},"canonical":"https:\/\/lyonbondyblog.fr\/LBB\/lyon-hockey-club-la-rechute-des-lions\/","og_locale":"fr_FR","og_type":"article","og_title":"Lyon Hockey Club : la rechute des Lions - Lyon Bondy Blog","og_description":"Le Lyon Hockey Club (LHC) devrait retrouver la D3, dix-neuf ans apr\u00e8s sa derni\u00e8re r\u00e9trogradation. Au grand d\u00e9sarroi de ses supporters.","og_url":"https:\/\/lyonbondyblog.fr\/LBB\/lyon-hockey-club-la-rechute-des-lions\/","og_site_name":"Lyon Bondy Blog","article_publisher":"https:\/\/www.facebook.com\/lyonbondyblog","article_published_time":"2019-08-29T15:20:06+00:00","article_modified_time":"2019-08-29T15:27:52+00:00","og_image":[{"width":2047,"height":1151,"url":"https:\/\/lyonbondyblog.fr\/LBB\/wp-content\/uploads\/2019\/08\/patinoire-charlemagne-credits-jeanne-menjoulet.jpg","type":"image\/jpeg"}],"author":"Maxime Pechkechian","twitter_card":"summary_large_image","twitter_creator":"@bondybloglyon","twitter_site":"@bondybloglyon","schema":{"@context":"https:\/\/schema.org","@graph":[{"@type":"Article","@id":"https:\/\/lyonbondyblog.fr\/LBB\/lyon-hockey-club-la-rechute-des-lions\/#article","isPartOf":{"@id":"https:\/\/lyonbondyblog.fr\/LBB\/lyon-hockey-club-la-rechute-des-lions\/"},"author":{"name":"Maxime Pechkechian","@id":"https:\/\/lyonbondyblog.fr\/LBB\/#\/schema\/person\/e030df63ce4bdf66338fec824c5ba04c"},"headline":"Lyon Hockey Club : la rechute des Lions","datePublished":"2019-08-29T15:20:06+00:00","dateModified":"2019-08-29T15:27:52+00:00","mainEntityOfPage":{"@id":"https:\/\/lyonbondyblog.fr\/LBB\/lyon-hockey-club-la-rechute-des-lions\/"},"wordCount":1169,"commentCount":0,"publisher":{"@id":"https:\/\/lyonbondyblog.fr\/LBB\/#organization"},"image":{"@id":"https:\/\/lyonbondyblog.fr\/LBB\/lyon-hockey-club-la-rechute-des-lions\/#primaryimage"},"thumbnailUrl":"https:\/\/lyonbondyblog.fr\/LBB\/wp-content\/uploads\/2019\/08\/patinoire-charlemagne-credits-jeanne-menjoulet.jpg","keywords":["D3","Lions","Lions sots","Lyon Hockey Club","Magnus","R\u00e9trogradation","S\u00e9bastien Berthet"],"articleSection":["Hockey","Lyon","Sport"],"inLanguage":"fr-FR","potentialAction":[{"@type":"CommentAction","name":"Comment","target":["https:\/\/lyonbondyblog.fr\/LBB\/lyon-hockey-club-la-rechute-des-lions\/#respond"]}]},{"@type":"WebPage","@id":"https:\/\/lyonbondyblog.fr\/LBB\/lyon-hockey-club-la-rechute-des-lions\/","url":"https:\/\/lyonbondyblog.fr\/LBB\/lyon-hockey-club-la-rechute-des-lions\/","name":"Lyon Hockey Club : la rechute des Lions - Lyon Bondy Blog","isPartOf":{"@id":"https:\/\/lyonbondyblog.fr\/LBB\/#website"},"primaryImageOfPage":{"@id":"https:\/\/lyonbondyblog.fr\/LBB\/lyon-hockey-club-la-rechute-des-lions\/#primaryimage"},"image":{"@id":"https:\/\/lyonbondyblog.fr\/LBB\/lyon-hockey-club-la-rechute-des-lions\/#primaryimage"},"thumbnailUrl":"https:\/\/lyonbondyblog.fr\/LBB\/wp-content\/uploads\/2019\/08\/patinoire-charlemagne-credits-jeanne-menjoulet.jpg","datePublished":"2019-08-29T15:20:06+00:00","dateModified":"2019-08-29T15:27:52+00:00","description":"Le Lyon Hockey Club (LHC) devrait retrouver la D3, dix-neuf ans apr\u00e8s sa derni\u00e8re r\u00e9trogradation. Au grand d\u00e9sarroi de ses supporters.","inLanguage":"fr-FR","potentialAction":[{"@type":"ReadAction","target":["https:\/\/lyonbondyblog.fr\/LBB\/lyon-hockey-club-la-rechute-des-lions\/"]}]},{"@type":"ImageObject","inLanguage":"fr-FR","@id":"https:\/\/lyonbondyblog.fr\/LBB\/lyon-hockey-club-la-rechute-des-lions\/#primaryimage","url":"https:\/\/lyonbondyblog.fr\/LBB\/wp-content\/uploads\/2019\/08\/patinoire-charlemagne-credits-jeanne-menjoulet.jpg","contentUrl":"https:\/\/lyonbondyblog.fr\/LBB\/wp-content\/uploads\/2019\/08\/patinoire-charlemagne-credits-jeanne-menjoulet.jpg","width":2047,"height":1151,"caption":"La patinoire Charlemagne, terrain de jeu du Lyon Hockey Club (Cr\u00e9dit photo : Jeanne Menjoulet)"},{"@type":"WebSite","@id":"https:\/\/lyonbondyblog.fr\/LBB\/#website","url":"https:\/\/lyonbondyblog.fr\/LBB\/","name":"Lyon Bondy Blog","description":"","publisher":{"@id":"https:\/\/lyonbondyblog.fr\/LBB\/#organization"},"potentialAction":[{"@type":"SearchAction","target":{"@type":"EntryPoint","urlTemplate":"https:\/\/lyonbondyblog.fr\/LBB\/?s={search_term_string}"},"query-input":"required name=search_term_string"}],"inLanguage":"fr-FR"},{"@type":"Organization","@id":"https:\/\/lyonbondyblog.fr\/LBB\/#organization","name":"LYON BONDY BLOG","url":"https:\/\/lyonbondyblog.fr\/LBB\/","logo":{"@type":"ImageObject","inLanguage":"fr-FR","@id":"https:\/\/lyonbondyblog.fr\/LBB\/#\/schema\/logo\/image\/","url":"http:\/\/lyonbondyblog.fr\/LBB\/wp-content\/uploads\/2014\/10\/logo-portable-144.png","contentUrl":"http:\/\/lyonbondyblog.fr\/LBB\/wp-content\/uploads\/2014\/10\/logo-portable-144.png","width":144,"height":123,"caption":"LYON BONDY BLOG"},"image":{"@id":"https:\/\/lyonbondyblog.fr\/LBB\/#\/schema\/logo\/image\/"},"sameAs":["https:\/\/www.facebook.com\/lyonbondyblog","https:\/\/x.com\/bondybloglyon"]},{"@type":"Person","@id":"https:\/\/lyonbondyblog.fr\/LBB\/#\/schema\/person\/e030df63ce4bdf66338fec824c5ba04c","name":"Maxime Pechkechian","url":"https:\/\/lyonbondyblog.fr\/LBB\/author\/maximepechkechian\/"}]}},"_links":{"self":[{"href":"https:\/\/lyonbondyblog.fr\/LBB\/wp-json\/wp\/v2\/posts\/18048","targetHints":{"allow":["GET"]}}],"collection":[{"href":"https:\/\/lyonbondyblog.fr\/LBB\/wp-json\/wp\/v2\/posts"}],"about":[{"href":"https:\/\/lyonbondyblog.fr\/LBB\/wp-json\/wp\/v2\/types\/post"}],"author":[{"embeddable":true,"href":"https:\/\/lyonbondyblog.fr\/LBB\/wp-json\/wp\/v2\/users\/16328"}],"replies":[{"embeddable":true,"href":"https:\/\/lyonbondyblog.fr\/LBB\/wp-json\/wp\/v2\/comments?post=18048"}],"version-history":[{"count":18,"href":"https:\/\/lyonbondyblog.fr\/LBB\/wp-json\/wp\/v2\/posts\/18048\/revisions"}],"predecessor-version":[{"id":18075,"href":"https:\/\/lyonbondyblog.fr\/LBB\/wp-json\/wp\/v2\/posts\/18048\/revisions\/18075"}],"wp:featuredmedia":[{"embeddable":true,"href":"https:\/\/lyonbondyblog.fr\/LBB\/wp-json\/wp\/v2\/media\/18053"}],"wp:attachment":[{"href":"https:\/\/lyonbondyblog.fr\/LBB\/wp-json\/wp\/v2\/media?parent=18048"}],"wp:term":[{"taxonomy":"category","embeddable":true,"href":"https:\/\/lyonbondyblog.fr\/LBB\/wp-json\/wp\/v2\/categories?post=18048"},{"taxonomy":"post_tag","embeddable":true,"href":"https:\/\/lyonbondyblog.fr\/LBB\/wp-json\/wp\/v2\/tags?post=18048"}],"curies":[{"name":"wp","href":"https:\/\/api.w.org\/{rel}","templated":true}]}}