{"id":18022,"date":"2019-08-27T15:15:54","date_gmt":"2019-08-27T13:15:54","guid":{"rendered":"http:\/\/lyonbondyblog.fr\/LBB\/?p=18022"},"modified":"2025-05-20T13:27:27","modified_gmt":"2025-05-20T11:27:27","slug":"lolympique-lyonnais-accuse-de-discrimination-sexuelle-devant-le-tribunal","status":"publish","type":"post","link":"https:\/\/lyonbondyblog.fr\/LBB\/lolympique-lyonnais-accuse-de-discrimination-sexuelle-devant-le-tribunal\/","title":{"rendered":"L&rsquo;Olympique Lyonnais accus\u00e9 de discrimination sexuelle devant le tribunal"},"content":{"rendered":"<h4>Lundi 22 juillet, l\u2019Olympique lyonnais \u00e9tait au tribunal pour se d\u00e9fendre sur le cas d\u2019une jeune joueuse renvoy\u00e9e du centre de formation en 2018. La jeune joueuse avait d\u00e9nonc\u00e9 les propositions sexuelles r\u00e9p\u00e9t\u00e9es d&rsquo;un entra\u00eeneur envers plusieurs jeunes joueuses avant de se retrouver sans club. Une derni\u00e8re audience en r\u00e9f\u00e9r\u00e9e avait lieu le 26 ao\u00fbt pour \u00e9couter les derniers arguments des diff\u00e9rentes parties avant le verdict le 9 septembre.&nbsp;<\/h4>\n<p><a href=\"https:\/\/lyonbondyblog.fr\/LBB\/proces-contre-lol-suite-au-harcelement-sexuel-dun-ex-coach\/\">Pour rappel<\/a>, en juillet 2017, Laura, 15 ans,* int\u00e8gre le centre de formation de l\u2019olympique Lyonnais apr\u00e8s que le club soit all\u00e9 la chercher en Allemagne. C\u2019est une \u00ab&nbsp;joueuse de qualit\u00e9, technique avec un potentiel de progression&nbsp;\u00bb d\u2019apr\u00e8s le club. Laura a pour r\u00eave de devenir footballeuse professionnelle au sein de l\u2019un des plus grands clubs de foot f\u00e9minin. Mais ce r\u00eave va \u00eatre entrav\u00e9 \u00e0 cause du coach des filles, un homme d\u2019une quarantaine d\u2019ann\u00e9es. Tr\u00e8s rapidement, il va profiter de sa position hi\u00e9rarchique pour faire du chantage sur les jeunes filles. Il propose de l\u2019argent et une bonne situation au sein de l\u2019effectif, \u00e0 des jeunes filles, en \u00e9change de vid\u00e9os en sous-v\u00eatements.<br \/>\nEn plus de cela, le coach aurait fait monter des filles dans sa chambre lors du tournoi de Colmar, en 2018 et proposait parfois des d\u00eeners aux jeunes filles. Si elles acceptaient, c\u2019\u00e9tait surtout par peur de ne jamais devenir professionnelles. Finalement, Laura en parle aux joueuses professionnelles pour avoir leur avis. Choqu\u00e9es, elles en parlent \u00e0 la direction et le coach d\u00e9missionne avant d&rsquo;\u00eatre convoqu\u00e9 pour un entretien pr\u00e9alable \u00e0 un licenciement. Laura sera \u00e9galement \u00e9cart\u00e9e du centre de formation.<\/p>\n<h4>\u00c9cart\u00e9e du centre de formation, la jeune joueuse requiert sa r\u00e9int\u00e9gration<\/h4>\n<p>Hier lors de l\u2019audience, les demandes requises par la famille de la jeune joueuse \u00e9taient pratiquement similaires que lors du premier passage au tribunal. Il \u00e9tait en effet demand\u00e9 que la jeune fille r\u00e9int\u00e8gre l\u2019effectif pour deux saisons, c\u2019est \u00e0 dire pour la saison&nbsp;2019-2020 ainsi que la saison&nbsp;2020-2021. Cette demande a d\u2019ailleurs \u00e9t\u00e9 faite avec une certaine urgence puisque Laura n&rsquo;est plus scolaris\u00e9e alors que la rentr\u00e9e scolaire a lieu . Cela rentre dans les devoirs du club lyonnais puisque cela faisait aussi partie de sa situation de joueuse en centre de formation. Son avocat, apr\u00e8s avoir d\u00e9taill\u00e9 tous les faits a d\u2019ailleurs soulign\u00e9 une chose qui selon lui n\u2019aurait pas lieu d\u2019\u00eatre&nbsp;: \u00ab&nbsp;Une diff\u00e9rence de traitement entre les jeunes joueurs et les jeunes joueuses&nbsp;\u00bb.&nbsp;<\/p>\n<h4>Les filles et les gar\u00e7ons ne sont pas sur le m\u00eame pied d\u2019\u00e9galit\u00e9<\/h4>\n<p>Pour l\u2019avocat de la d\u00e9fense \u00ab&nbsp;le club n\u2019a commis aucune faute. Il &nbsp;a simplement respect\u00e9 la loi. Les footballeuses ne peuvent pas b\u00e9n\u00e9ficier des conventions appliqu\u00e9es aux joueurs, car le foot f\u00e9minin est r\u00e9gi par les r\u00e8gles du sport amateur.&nbsp;\u00bb Concernant un \u00e9ventuel \u00ab&nbsp;\u00e9touffement de l\u2019affaire&nbsp;\u00bb par l\u2019\u00e9quipe rhodanienne, l\u2019avocat a bien tenu \u00e0 clarifier que l\u2019ex-entra\u00eeneur avait d\u00e9missionn\u00e9 de lui-m\u00eame avant que les instances lyonnaises ne puissent le licencier. De plus, l\u2019OL reconna\u00eet bel et bien une diff\u00e9rence de traitement, mais celle-ci est due aux hautes instances du football fran\u00e7ais. Ce cas de figure serait-il un manquement de la F\u00e9d\u00e9ration fran\u00e7aise de Football&nbsp;?&nbsp;<br \/>\nDerri\u00e8re l\u2019affaire c\u2019est bien &nbsp;l<a href=\"https:\/\/www.20minutes.fr\/sport\/football\/2372739-20181118-football-feminin-sections-feminines-besoin-adosser-club-masculin-reussir\">a reconnaissance du statut professionnel<\/a> ou amateur des footballeuses dont il est question.<\/p>\n<p>Le tribunal de Lyon a maintenant toutes les cartes en main pour rendre son verdict et savoir si l\u2019OL est coupable de discrimination sexuelle ou pas. La d\u00e9cision sera entendue le 09 septembre.<\/p>\n<p>&nbsp;<\/p>\n<p>&nbsp;<\/p>\n<!-- AddThis Advanced Settings generic via filter on the_content --><!-- AddThis Share Buttons generic via filter on the_content -->","protected":false},"excerpt":{"rendered":"<p>Lundi 22 juillet, l\u2019Olympique lyonnais \u00e9tait au tribunal pour se d\u00e9fendre sur le cas d\u2019une jeune joueuse renvoy\u00e9e du centre de formation en 2018. La &hellip; <!-- AddThis Advanced Settings generic via filter on wp_trim_excerpt --><!-- AddThis Share Buttons generic via filter on wp_trim_excerpt --><\/p>\n","protected":false},"author":1,"featured_media":15273,"comment_status":"open","ping_status":"open","sticky":false,"template":"","format":"standard","meta":{"_FSMCFIC_featured_image_caption":"","_FSMCFIC_featured_image_nocaption":"","_FSMCFIC_featured_image_hide":"","footnotes":""},"categories":[965,3888,3898,4,3546,6948],"tags":[],"class_list":["post-18022","post","type-post","status-publish","format-standard","has-post-thumbnail","hentry","category-chronique-judiciaire","category-football","category-justice","category-lyon","category-ol","category-sexisme"],"yoast_head":"<!-- This site is optimized with the Yoast SEO plugin v22.8 - https:\/\/yoast.com\/wordpress\/plugins\/seo\/ -->\n<title>L&#039;Olympique Lyonnais accus\u00e9 de discrimination sexuelle devant le tribunal - Lyon Bondy Blog<\/title>\n<meta name=\"description\" content=\"l\u2019Olympique lyonnais \u00e9tait au tribunal pour se d\u00e9fendre sur le cas d\u2019une jeune joueuse renvoy\u00e9e du centre de formation en 2018.\" \/>\n<meta name=\"robots\" content=\"index, follow, max-snippet:-1, max-image-preview:large, max-video-preview:-1\" \/>\n<link rel=\"canonical\" href=\"https:\/\/lyonbondyblog.fr\/LBB\/lolympique-lyonnais-accuse-de-discrimination-sexuelle-devant-le-tribunal\/\" \/>\n<meta property=\"og:locale\" content=\"fr_FR\" \/>\n<meta property=\"og:type\" content=\"article\" \/>\n<meta property=\"og:title\" content=\"L&#039;Olympique Lyonnais accus\u00e9 de discrimination sexuelle devant le tribunal - Lyon Bondy Blog\" \/>\n<meta property=\"og:description\" content=\"l\u2019Olympique lyonnais \u00e9tait au tribunal pour se d\u00e9fendre sur le cas d\u2019une jeune joueuse renvoy\u00e9e du centre de formation en 2018.\" \/>\n<meta property=\"og:url\" content=\"https:\/\/lyonbondyblog.fr\/LBB\/lolympique-lyonnais-accuse-de-discrimination-sexuelle-devant-le-tribunal\/\" \/>\n<meta property=\"og:site_name\" content=\"Lyon Bondy Blog\" \/>\n<meta property=\"article:publisher\" content=\"https:\/\/www.facebook.com\/lyonbondyblog\" \/>\n<meta property=\"article:author\" content=\"https:\/\/www.facebook.com\/lyonbondyblog\" \/>\n<meta property=\"article:published_time\" content=\"2019-08-27T13:15:54+00:00\" \/>\n<meta property=\"article:modified_time\" content=\"2025-05-20T11:27:27+00:00\" \/>\n<meta property=\"og:image\" content=\"https:\/\/lyonbondyblog.fr\/LBB\/wp-content\/uploads\/2019\/02\/justicefiction_visuel-750x420-1.jpg\" \/>\n\t<meta property=\"og:image:width\" content=\"750\" \/>\n\t<meta property=\"og:image:height\" content=\"420\" \/>\n\t<meta property=\"og:image:type\" content=\"image\/jpeg\" \/>\n<meta name=\"author\" content=\"La r\u00e9daction\" \/>\n<meta name=\"twitter:card\" content=\"summary_large_image\" \/>\n<meta name=\"twitter:creator\" content=\"@BondyBlogLyon\" \/>\n<meta name=\"twitter:site\" content=\"@bondybloglyon\" \/>\n<script type=\"application\/ld+json\" class=\"yoast-schema-graph\">{\"@context\":\"https:\/\/schema.org\",\"@graph\":[{\"@type\":\"Article\",\"@id\":\"https:\/\/lyonbondyblog.fr\/LBB\/lolympique-lyonnais-accuse-de-discrimination-sexuelle-devant-le-tribunal\/#article\",\"isPartOf\":{\"@id\":\"https:\/\/lyonbondyblog.fr\/LBB\/lolympique-lyonnais-accuse-de-discrimination-sexuelle-devant-le-tribunal\/\"},\"author\":{\"name\":\"La r\u00e9daction\",\"@id\":\"https:\/\/lyonbondyblog.fr\/LBB\/#\/schema\/person\/e45f8d27baac75072daa0be50c409b25\"},\"headline\":\"L&rsquo;Olympique Lyonnais accus\u00e9 de discrimination sexuelle devant le tribunal\",\"datePublished\":\"2019-08-27T13:15:54+00:00\",\"dateModified\":\"2025-05-20T11:27:27+00:00\",\"mainEntityOfPage\":{\"@id\":\"https:\/\/lyonbondyblog.fr\/LBB\/lolympique-lyonnais-accuse-de-discrimination-sexuelle-devant-le-tribunal\/\"},\"wordCount\":672,\"commentCount\":0,\"publisher\":{\"@id\":\"https:\/\/lyonbondyblog.fr\/LBB\/#organization\"},\"image\":{\"@id\":\"https:\/\/lyonbondyblog.fr\/LBB\/lolympique-lyonnais-accuse-de-discrimination-sexuelle-devant-le-tribunal\/#primaryimage\"},\"thumbnailUrl\":\"https:\/\/lyonbondyblog.fr\/LBB\/wp-content\/uploads\/2019\/02\/justicefiction_visuel-750x420-1.jpg\",\"articleSection\":[\"Chronique judiciaire\",\"Football\",\"Justice\",\"Lyon\",\"OL\",\"Sexisme\"],\"inLanguage\":\"fr-FR\",\"potentialAction\":[{\"@type\":\"CommentAction\",\"name\":\"Comment\",\"target\":[\"https:\/\/lyonbondyblog.fr\/LBB\/lolympique-lyonnais-accuse-de-discrimination-sexuelle-devant-le-tribunal\/#respond\"]}]},{\"@type\":\"WebPage\",\"@id\":\"https:\/\/lyonbondyblog.fr\/LBB\/lolympique-lyonnais-accuse-de-discrimination-sexuelle-devant-le-tribunal\/\",\"url\":\"https:\/\/lyonbondyblog.fr\/LBB\/lolympique-lyonnais-accuse-de-discrimination-sexuelle-devant-le-tribunal\/\",\"name\":\"L'Olympique Lyonnais accus\u00e9 de discrimination sexuelle devant le tribunal - Lyon Bondy Blog\",\"isPartOf\":{\"@id\":\"https:\/\/lyonbondyblog.fr\/LBB\/#website\"},\"primaryImageOfPage\":{\"@id\":\"https:\/\/lyonbondyblog.fr\/LBB\/lolympique-lyonnais-accuse-de-discrimination-sexuelle-devant-le-tribunal\/#primaryimage\"},\"image\":{\"@id\":\"https:\/\/lyonbondyblog.fr\/LBB\/lolympique-lyonnais-accuse-de-discrimination-sexuelle-devant-le-tribunal\/#primaryimage\"},\"thumbnailUrl\":\"https:\/\/lyonbondyblog.fr\/LBB\/wp-content\/uploads\/2019\/02\/justicefiction_visuel-750x420-1.jpg\",\"datePublished\":\"2019-08-27T13:15:54+00:00\",\"dateModified\":\"2025-05-20T11:27:27+00:00\",\"description\":\"l\u2019Olympique lyonnais \u00e9tait au tribunal pour se d\u00e9fendre sur le cas d\u2019une jeune joueuse renvoy\u00e9e du centre de formation en 2018.\",\"inLanguage\":\"fr-FR\",\"potentialAction\":[{\"@type\":\"ReadAction\",\"target\":[\"https:\/\/lyonbondyblog.fr\/LBB\/lolympique-lyonnais-accuse-de-discrimination-sexuelle-devant-le-tribunal\/\"]}]},{\"@type\":\"ImageObject\",\"inLanguage\":\"fr-FR\",\"@id\":\"https:\/\/lyonbondyblog.fr\/LBB\/lolympique-lyonnais-accuse-de-discrimination-sexuelle-devant-le-tribunal\/#primaryimage\",\"url\":\"https:\/\/lyonbondyblog.fr\/LBB\/wp-content\/uploads\/2019\/02\/justicefiction_visuel-750x420-1.jpg\",\"contentUrl\":\"https:\/\/lyonbondyblog.fr\/LBB\/wp-content\/uploads\/2019\/02\/justicefiction_visuel-750x420-1.jpg\",\"width\":750,\"height\":420},{\"@type\":\"WebSite\",\"@id\":\"https:\/\/lyonbondyblog.fr\/LBB\/#website\",\"url\":\"https:\/\/lyonbondyblog.fr\/LBB\/\",\"name\":\"Lyon Bondy Blog\",\"description\":\"\",\"publisher\":{\"@id\":\"https:\/\/lyonbondyblog.fr\/LBB\/#organization\"},\"potentialAction\":[{\"@type\":\"SearchAction\",\"target\":{\"@type\":\"EntryPoint\",\"urlTemplate\":\"https:\/\/lyonbondyblog.fr\/LBB\/?s={search_term_string}\"},\"query-input\":\"required name=search_term_string\"}],\"inLanguage\":\"fr-FR\"},{\"@type\":\"Organization\",\"@id\":\"https:\/\/lyonbondyblog.fr\/LBB\/#organization\",\"name\":\"LYON BONDY BLOG\",\"url\":\"https:\/\/lyonbondyblog.fr\/LBB\/\",\"logo\":{\"@type\":\"ImageObject\",\"inLanguage\":\"fr-FR\",\"@id\":\"https:\/\/lyonbondyblog.fr\/LBB\/#\/schema\/logo\/image\/\",\"url\":\"http:\/\/lyonbondyblog.fr\/LBB\/wp-content\/uploads\/2014\/10\/logo-portable-144.png\",\"contentUrl\":\"http:\/\/lyonbondyblog.fr\/LBB\/wp-content\/uploads\/2014\/10\/logo-portable-144.png\",\"width\":144,\"height\":123,\"caption\":\"LYON BONDY BLOG\"},\"image\":{\"@id\":\"https:\/\/lyonbondyblog.fr\/LBB\/#\/schema\/logo\/image\/\"},\"sameAs\":[\"https:\/\/www.facebook.com\/lyonbondyblog\",\"https:\/\/x.com\/bondybloglyon\"]},{\"@type\":\"Person\",\"@id\":\"https:\/\/lyonbondyblog.fr\/LBB\/#\/schema\/person\/e45f8d27baac75072daa0be50c409b25\",\"name\":\"La r\u00e9daction\",\"description\":\"Cr\u00e9e en 2008, la r\u00e9daction du Lyon Bondy Blog s'applique \u00e0 proposer une information locale diff\u00e9rente et compl\u00e9mentaire des m\u00e9dias traditionnels.\",\"sameAs\":[\"https:\/\/www.facebook.com\/lyonbondyblog\",\"https:\/\/x.com\/BondyBlogLyon\"],\"url\":\"https:\/\/lyonbondyblog.fr\/LBB\/author\/admin\/\"}]}<\/script>\n<!-- \/ Yoast SEO plugin. -->","yoast_head_json":{"title":"L'Olympique Lyonnais accus\u00e9 de discrimination sexuelle devant le tribunal - Lyon Bondy Blog","description":"l\u2019Olympique lyonnais \u00e9tait au tribunal pour se d\u00e9fendre sur le cas d\u2019une jeune joueuse renvoy\u00e9e du centre de formation en 2018.","robots":{"index":"index","follow":"follow","max-snippet":"max-snippet:-1","max-image-preview":"max-image-preview:large","max-video-preview":"max-video-preview:-1"},"canonical":"https:\/\/lyonbondyblog.fr\/LBB\/lolympique-lyonnais-accuse-de-discrimination-sexuelle-devant-le-tribunal\/","og_locale":"fr_FR","og_type":"article","og_title":"L'Olympique Lyonnais accus\u00e9 de discrimination sexuelle devant le tribunal - Lyon Bondy Blog","og_description":"l\u2019Olympique lyonnais \u00e9tait au tribunal pour se d\u00e9fendre sur le cas d\u2019une jeune joueuse renvoy\u00e9e du centre de formation en 2018.","og_url":"https:\/\/lyonbondyblog.fr\/LBB\/lolympique-lyonnais-accuse-de-discrimination-sexuelle-devant-le-tribunal\/","og_site_name":"Lyon Bondy Blog","article_publisher":"https:\/\/www.facebook.com\/lyonbondyblog","article_author":"https:\/\/www.facebook.com\/lyonbondyblog","article_published_time":"2019-08-27T13:15:54+00:00","article_modified_time":"2025-05-20T11:27:27+00:00","og_image":[{"width":750,"height":420,"url":"https:\/\/lyonbondyblog.fr\/LBB\/wp-content\/uploads\/2019\/02\/justicefiction_visuel-750x420-1.jpg","type":"image\/jpeg"}],"author":"La r\u00e9daction","twitter_card":"summary_large_image","twitter_creator":"@BondyBlogLyon","twitter_site":"@bondybloglyon","schema":{"@context":"https:\/\/schema.org","@graph":[{"@type":"Article","@id":"https:\/\/lyonbondyblog.fr\/LBB\/lolympique-lyonnais-accuse-de-discrimination-sexuelle-devant-le-tribunal\/#article","isPartOf":{"@id":"https:\/\/lyonbondyblog.fr\/LBB\/lolympique-lyonnais-accuse-de-discrimination-sexuelle-devant-le-tribunal\/"},"author":{"name":"La r\u00e9daction","@id":"https:\/\/lyonbondyblog.fr\/LBB\/#\/schema\/person\/e45f8d27baac75072daa0be50c409b25"},"headline":"L&rsquo;Olympique Lyonnais accus\u00e9 de discrimination sexuelle devant le tribunal","datePublished":"2019-08-27T13:15:54+00:00","dateModified":"2025-05-20T11:27:27+00:00","mainEntityOfPage":{"@id":"https:\/\/lyonbondyblog.fr\/LBB\/lolympique-lyonnais-accuse-de-discrimination-sexuelle-devant-le-tribunal\/"},"wordCount":672,"commentCount":0,"publisher":{"@id":"https:\/\/lyonbondyblog.fr\/LBB\/#organization"},"image":{"@id":"https:\/\/lyonbondyblog.fr\/LBB\/lolympique-lyonnais-accuse-de-discrimination-sexuelle-devant-le-tribunal\/#primaryimage"},"thumbnailUrl":"https:\/\/lyonbondyblog.fr\/LBB\/wp-content\/uploads\/2019\/02\/justicefiction_visuel-750x420-1.jpg","articleSection":["Chronique judiciaire","Football","Justice","Lyon","OL","Sexisme"],"inLanguage":"fr-FR","potentialAction":[{"@type":"CommentAction","name":"Comment","target":["https:\/\/lyonbondyblog.fr\/LBB\/lolympique-lyonnais-accuse-de-discrimination-sexuelle-devant-le-tribunal\/#respond"]}]},{"@type":"WebPage","@id":"https:\/\/lyonbondyblog.fr\/LBB\/lolympique-lyonnais-accuse-de-discrimination-sexuelle-devant-le-tribunal\/","url":"https:\/\/lyonbondyblog.fr\/LBB\/lolympique-lyonnais-accuse-de-discrimination-sexuelle-devant-le-tribunal\/","name":"L'Olympique Lyonnais accus\u00e9 de discrimination sexuelle devant le tribunal - Lyon Bondy Blog","isPartOf":{"@id":"https:\/\/lyonbondyblog.fr\/LBB\/#website"},"primaryImageOfPage":{"@id":"https:\/\/lyonbondyblog.fr\/LBB\/lolympique-lyonnais-accuse-de-discrimination-sexuelle-devant-le-tribunal\/#primaryimage"},"image":{"@id":"https:\/\/lyonbondyblog.fr\/LBB\/lolympique-lyonnais-accuse-de-discrimination-sexuelle-devant-le-tribunal\/#primaryimage"},"thumbnailUrl":"https:\/\/lyonbondyblog.fr\/LBB\/wp-content\/uploads\/2019\/02\/justicefiction_visuel-750x420-1.jpg","datePublished":"2019-08-27T13:15:54+00:00","dateModified":"2025-05-20T11:27:27+00:00","description":"l\u2019Olympique lyonnais \u00e9tait au tribunal pour se d\u00e9fendre sur le cas d\u2019une jeune joueuse renvoy\u00e9e du centre de formation en 2018.","inLanguage":"fr-FR","potentialAction":[{"@type":"ReadAction","target":["https:\/\/lyonbondyblog.fr\/LBB\/lolympique-lyonnais-accuse-de-discrimination-sexuelle-devant-le-tribunal\/"]}]},{"@type":"ImageObject","inLanguage":"fr-FR","@id":"https:\/\/lyonbondyblog.fr\/LBB\/lolympique-lyonnais-accuse-de-discrimination-sexuelle-devant-le-tribunal\/#primaryimage","url":"https:\/\/lyonbondyblog.fr\/LBB\/wp-content\/uploads\/2019\/02\/justicefiction_visuel-750x420-1.jpg","contentUrl":"https:\/\/lyonbondyblog.fr\/LBB\/wp-content\/uploads\/2019\/02\/justicefiction_visuel-750x420-1.jpg","width":750,"height":420},{"@type":"WebSite","@id":"https:\/\/lyonbondyblog.fr\/LBB\/#website","url":"https:\/\/lyonbondyblog.fr\/LBB\/","name":"Lyon Bondy Blog","description":"","publisher":{"@id":"https:\/\/lyonbondyblog.fr\/LBB\/#organization"},"potentialAction":[{"@type":"SearchAction","target":{"@type":"EntryPoint","urlTemplate":"https:\/\/lyonbondyblog.fr\/LBB\/?s={search_term_string}"},"query-input":"required name=search_term_string"}],"inLanguage":"fr-FR"},{"@type":"Organization","@id":"https:\/\/lyonbondyblog.fr\/LBB\/#organization","name":"LYON BONDY BLOG","url":"https:\/\/lyonbondyblog.fr\/LBB\/","logo":{"@type":"ImageObject","inLanguage":"fr-FR","@id":"https:\/\/lyonbondyblog.fr\/LBB\/#\/schema\/logo\/image\/","url":"http:\/\/lyonbondyblog.fr\/LBB\/wp-content\/uploads\/2014\/10\/logo-portable-144.png","contentUrl":"http:\/\/lyonbondyblog.fr\/LBB\/wp-content\/uploads\/2014\/10\/logo-portable-144.png","width":144,"height":123,"caption":"LYON BONDY BLOG"},"image":{"@id":"https:\/\/lyonbondyblog.fr\/LBB\/#\/schema\/logo\/image\/"},"sameAs":["https:\/\/www.facebook.com\/lyonbondyblog","https:\/\/x.com\/bondybloglyon"]},{"@type":"Person","@id":"https:\/\/lyonbondyblog.fr\/LBB\/#\/schema\/person\/e45f8d27baac75072daa0be50c409b25","name":"La r\u00e9daction","description":"Cr\u00e9e en 2008, la r\u00e9daction du Lyon Bondy Blog s'applique \u00e0 proposer une information locale diff\u00e9rente et compl\u00e9mentaire des m\u00e9dias traditionnels.","sameAs":["https:\/\/www.facebook.com\/lyonbondyblog","https:\/\/x.com\/BondyBlogLyon"],"url":"https:\/\/lyonbondyblog.fr\/LBB\/author\/admin\/"}]}},"_links":{"self":[{"href":"https:\/\/lyonbondyblog.fr\/LBB\/wp-json\/wp\/v2\/posts\/18022","targetHints":{"allow":["GET"]}}],"collection":[{"href":"https:\/\/lyonbondyblog.fr\/LBB\/wp-json\/wp\/v2\/posts"}],"about":[{"href":"https:\/\/lyonbondyblog.fr\/LBB\/wp-json\/wp\/v2\/types\/post"}],"author":[{"embeddable":true,"href":"https:\/\/lyonbondyblog.fr\/LBB\/wp-json\/wp\/v2\/users\/1"}],"replies":[{"embeddable":true,"href":"https:\/\/lyonbondyblog.fr\/LBB\/wp-json\/wp\/v2\/comments?post=18022"}],"version-history":[{"count":9,"href":"https:\/\/lyonbondyblog.fr\/LBB\/wp-json\/wp\/v2\/posts\/18022\/revisions"}],"predecessor-version":[{"id":18031,"href":"https:\/\/lyonbondyblog.fr\/LBB\/wp-json\/wp\/v2\/posts\/18022\/revisions\/18031"}],"wp:featuredmedia":[{"embeddable":true,"href":"https:\/\/lyonbondyblog.fr\/LBB\/wp-json\/wp\/v2\/media\/15273"}],"wp:attachment":[{"href":"https:\/\/lyonbondyblog.fr\/LBB\/wp-json\/wp\/v2\/media?parent=18022"}],"wp:term":[{"taxonomy":"category","embeddable":true,"href":"https:\/\/lyonbondyblog.fr\/LBB\/wp-json\/wp\/v2\/categories?post=18022"},{"taxonomy":"post_tag","embeddable":true,"href":"https:\/\/lyonbondyblog.fr\/LBB\/wp-json\/wp\/v2\/tags?post=18022"}],"curies":[{"name":"wp","href":"https:\/\/api.w.org\/{rel}","templated":true}]}}