{"id":18002,"date":"2019-08-24T08:34:35","date_gmt":"2019-08-24T06:34:35","guid":{"rendered":"http:\/\/lyonbondyblog.fr\/LBB\/?p=18002"},"modified":"2019-08-24T08:34:35","modified_gmt":"2019-08-24T06:34:35","slug":"lyon-duchere-confirme-face-a-laval","status":"publish","type":"post","link":"https:\/\/lyonbondyblog.fr\/LBB\/lyon-duchere-confirme-face-a-laval\/","title":{"rendered":"Lyon-Duch\u00e8re confirme face \u00e0 Laval"},"content":{"rendered":"<h4><b>Apr\u00e8s sa victoire \u00e0 Villefranche (0-2) lors du derby rhodanien, Lyon-Duch\u00e8re recevait le Stade Lavallois pour le compte de la 4e journ\u00e9e de National. Face \u00e0 des Lavallois toujours invaincus cette saison apr\u00e8s avoir termin\u00e9 aux pieds du podium en mai dernier, les Lyonnais avaient pour objectif de confirmer leur mont\u00e9e en puissance.<\/b><\/h4>\n<p><span style=\"font-weight: 400;\">Touch\u00e9 par le forfait de derni\u00e8re minute Jonathan Rivas, bless\u00e9 hier \u00e0 l\u2019entra\u00eenement, Laurent Roussey a reconduit le 4-3-3 \u00e0 pointe basse adopt\u00e9 lors des deux derni\u00e8res journ\u00e9es de championnat face \u00e0 Pau (0-0) et Villefranche (victoire 0-2). Le num\u00e9ro 9 burkinab\u00e9 Abdoul Bila vivait, par cons\u00e9quent, sa premi\u00e8re titularisation \u00e0 la pointe de l\u2019attaque lyonnaise, une semaine apr\u00e8s avoir inscrit son premier but sous ses nouvelles couleurs.&nbsp;<\/span><\/p>\n<h4><strong>Une ma\u00eetrise mais peu d&rsquo;occasions<\/strong><\/h4>\n<p><span style=\"font-weight: 400;\">Bien organis\u00e9 d\u00e8s les premi\u00e8res minutes, le onze lyonnais a pourtant eu du mal \u00e0 faire parvenir le ballon jusqu\u2019\u00e0 l\u2019ancien Lorientais, peu \u00e0 son aise en premi\u00e8re p\u00e9riode. Privant les Lavallois du ballon, les Duch\u00e9rois se sont notamment appuy\u00e9 sur l\u2019activit\u00e9 de la recrue estivale Rafik Bouderbal pour se cr\u00e9er quelques situations int\u00e9ressantes. J\u00e9r\u00e9my Grain se retrouve m\u00eame presque seul face \u00e0 Florian Escales, servi d&rsquo;une splendide transversale par Ezikian, mais il est rattrap\u00e9 par les centraux lavallois (19\u2019). Pourtant, c\u2019est bien Laval qui s\u2019offrira dans la foul\u00e9e la premi\u00e8re v\u00e9ritable occasion du match, par l\u2019interm\u00e9diaire de Ludovic Soares, dont la frappe est repouss\u00e9e par Maxime Hautbois, d\u2019une superbe parade (20\u2019). Intraitable, le Mayennais a d\u2019ailleurs fait vivre un cauchemar \u00e0 son club formateur, en gagnant avec brio son face \u00e0 face contre Robic (41\u2019). Entre-temps, les duch\u00e9rois \u00e9taient finalement parvenus \u00e0 inqui\u00e9ter leurs adversaires par une puissante demi-vol\u00e9e de Pierre-Charles, repouss\u00e9e par Escales (30\u2019). A la mi-temps, le score est nul et vierge, et l\u2019issue du match reste incertaine tant les deux formations, pourtant bien en place, peinent \u00e0 prendre un v\u00e9ritable ascendant technique et \u00e0 se procurer des occasions.<\/span><\/p>\n<p><iframe loading=\"lazy\" src=\"https:\/\/w.soundcloud.com\/player\/?url=https%3A\/\/api.soundcloud.com\/tracks\/670208462&amp;color=%23ff5500&amp;auto_play=false&amp;hide_related=false&amp;show_comments=true&amp;show_user=true&amp;show_reposts=false&amp;show_teaser=true&amp;visual=true\" width=\"100%\" height=\"300\" frameborder=\"no\" scrolling=\"no\"><\/iframe><\/p>\n<h4><strong>Un d\u00e9clic sur coup de pied&nbsp;<\/strong><b>arr\u00eat\u00e9<\/b><\/h4>\n<p><span style=\"font-weight: 400;\">Les Lyonnais attaquent parfaitement la seconde p\u00e9riode, en ouvrant le score apr\u00e8s un peu moins de 10 minutes de jeu en seconde p\u00e9riode. Comme souvent la saison pass\u00e9e, les sang et or ont pu compter sur Matthieu Ezikian pour faire trembler les filets adverses : le corner du franco-arm\u00e9nien est bien repris de la t\u00eate par l\u2019ex-st\u00e9phanois Mustapha Bayal Sall, qui inscrit ainsi son premier but avec le club Lyonnais (55\u2019). Les hommes de Laurent Roussey n\u2019en perdent pas pour autant la possession et continue d\u2019afficher de la ma\u00eetrise, faisant tourner le cuir face \u00e0 un bloc lavallois \u00e9tonnamment bas, et ce malgr\u00e9 l\u2019ouverture du score lyonnaise. Sentant son \u00e9quipe en grande difficult\u00e9 \u00e0 la r\u00e9cup\u00e9ration, Olivier Frappoli tente de redonner de l\u2019allant \u00e0 son \u00e9quipe en rempla\u00e7ant Nzuzi par Badiane (58\u2019). Il n\u2019en est rien : bien servi \u00e0 ras-de-terre par Pierre Charles apr\u00e8s un beau d\u00e9bordement c\u00f4t\u00e9 gauche, Bila double la mise (67\u2019), contraignant le coach des Tangos \u00e0 effectuer ses deux changements restants avec l\u2019entr\u00e9e de Ciss\u00e9 et Bouadia (70\u2019). <\/span><\/p>\n<h4><strong>Quelques frayeurs en fin de partie<\/strong><\/h4>\n<p><span style=\"font-weight: 400;\">Men\u00e9e de deux buts \u00e0 vingt minutes du terme, l\u2019\u00e9quipe lavalloise est contrainte de passer \u00e0 l\u2019offensive et passe tr\u00e8s nettement \u00e0 la vitesse sup\u00e9rieure, parvenant m\u00eame \u00e0 r\u00e9duire le score gr\u00e2ce \u00e0 Ladji Badiane : le franco-s\u00e9n\u00e9galais s\u2019infiltre depuis le c\u00f4t\u00e9 gauche et contourne la d\u00e9fense duch\u00e9roise pour s\u2019offrir un face \u00e0 face avec Maxime Hautbois, tromp\u00e9 d\u2019un plat du pied (83\u2019). Sonn\u00e9s par le but mayennais, les joueurs de Laurent Roussey subissent la pression d\u2019un bloc adverse bien aid\u00e9 par les qualit\u00e9s techniques de ses milieux Ndiaye et Dembele. Les entr\u00e9es de Nkololo (75\u2019) puis celle de Banor (88\u2019) n\u2019y changeront rien : les Lyonnais reculent et se tendent, \u00e0 l\u2019image de Sall, averti pour contestation (89\u2019). La menace d\u2019une \u00e9galisation planera jusqu\u2019au temps additionnel mais le club du neuvi\u00e8me arrondissement conservera finalement son avance jusqu\u2019au coup de sifflet final, encha\u00eenant donc une deuxi\u00e8me victoire de rang. Avec sept points \u00e0 l\u2019issue de cette quatri\u00e8me journ\u00e9e, l&rsquo;AS Lyon-Duch\u00e8re s\u2019installe sur la troisi\u00e8me marche du podium (\u00e0 \u00e9galit\u00e9 de points avec cinq clubs). Les joueurs de Laurent Roussey se d\u00e9placeront \u00e0 Cr\u00e9teil la semaine prochaine.&nbsp;<\/span><\/p>\n<p>En conf\u00e9rence de presse, l&rsquo;entra\u00eeneur des Sang et Or a regrett\u00e9 le rel\u00e2chement de ses joueurs apr\u00e8s avoir fait le break.<\/p>\n<p>https:\/\/soundcloud.com\/user347253114\/laurent-roussey-je-pense-que-cest-un-match-ou-lon-doit-finir-a-4-0-lyon-duchere-vs-laval<\/p>\n<p>Le coach lavallois Olivier Frapolli a exprim\u00e9 sa d\u00e9ception suite \u00e0 cette premi\u00e8re d\u00e9faite de la saison.<\/p>\n<p><iframe loading=\"lazy\" src=\"https:\/\/w.soundcloud.com\/player\/?url=https%3A\/\/api.soundcloud.com\/tracks\/670209707&amp;color=%23ff5500&amp;auto_play=false&amp;hide_related=false&amp;show_comments=true&amp;show_user=true&amp;show_reposts=false&amp;show_teaser=true&amp;visual=true\" width=\"100%\" height=\"300\" frameborder=\"no\" scrolling=\"no\"><\/iframe><br \/>\n&nbsp;<\/p>\n<h4>Feuille de match National J4. 20h00 &#8211; Stade Balmont<\/h4>\n<p><strong>Lyon-Duch\u00e8re AS<\/strong> : (1) HAUTBOIS ; (13) MOIZINI [C]&nbsp; ; (20) SALL ; (20) PIERRE-CHARLES ; (18) NDIAYE ; (23) AYARI ; (6) FAHDLOUN; (22) EZIKIAN ; (10) BOUDERBAL (Banor, 88\u2019);&nbsp; (28) GRAIN (Nkololo, 75\u2019) ; (9) BILA (Grada\u00ef, 90\u2019)<\/p>\n<p><strong>Rempla\u00e7ants<\/strong> :&nbsp;(30) KACOU ; (24) BANOR ; (7) NKOLOLO&nbsp; ; (23) AYARI ; (29) NADIFI<\/p>\n<p><strong>Cartons jaunes<\/strong> : Sall (90&prime;)<\/p>\n<p><b>Stade Lavallois :<\/b> (16) ESCALES ; (18) SOARES ; (13) CARLIER ; (4) TOMAS ; (17) LATOUCHENT ; (8) NDIAYE (Bouadla, 70\u2019) ; (12) DEMBELE [C] ; (20) NZUZI MBALA (Badiane, 58\u2019) ; (7) ROBIC ; (11) EL MOKEDDEM (Cisse, 70\u2019); (25) GENDREY<\/p>\n<p><strong>Rempla\u00e7ants : <\/strong>(1) BELON ; (3) GOMIS ; (10) BOUADIA ; (19) CISSE ; (21) BADIANE<\/p>\n<p><strong>Cartons jaunes : <\/strong>n\/d<\/p>\n<p>&nbsp;<\/p>\n<!-- AddThis Advanced Settings generic via filter on the_content --><!-- AddThis Share Buttons generic via filter on the_content -->","protected":false},"excerpt":{"rendered":"<p>Apr\u00e8s sa victoire \u00e0 Villefranche (0-2) lors du derby rhodanien, Lyon-Duch\u00e8re recevait le Stade Lavallois pour le compte de la 4e journ\u00e9e de National. Face &hellip; <!-- AddThis Advanced Settings generic via filter on wp_trim_excerpt --><!-- AddThis Share Buttons generic via filter on wp_trim_excerpt --><\/p>\n","protected":false},"author":16328,"featured_media":18003,"comment_status":"open","ping_status":"open","sticky":false,"template":"","format":"standard","meta":{"_FSMCFIC_featured_image_caption":"","_FSMCFIC_featured_image_nocaption":"","_FSMCFIC_featured_image_hide":"","footnotes":""},"categories":[3888,14155,4],"tags":[],"class_list":["post-18002","post","type-post","status-publish","format-standard","has-post-thumbnail","hentry","category-football","category-la-duchere","category-lyon"],"yoast_head":"<!-- This site is optimized with the Yoast SEO plugin v22.8 - https:\/\/yoast.com\/wordpress\/plugins\/seo\/ -->\n<title>Lyon-Duch\u00e8re confirme face \u00e0 Laval - Lyon Bondy Blog<\/title>\n<meta name=\"robots\" content=\"index, follow, max-snippet:-1, max-image-preview:large, max-video-preview:-1\" \/>\n<link rel=\"canonical\" href=\"https:\/\/lyonbondyblog.fr\/LBB\/lyon-duchere-confirme-face-a-laval\/\" \/>\n<meta property=\"og:locale\" content=\"fr_FR\" \/>\n<meta property=\"og:type\" content=\"article\" \/>\n<meta property=\"og:title\" content=\"Lyon-Duch\u00e8re confirme face \u00e0 Laval - Lyon Bondy Blog\" \/>\n<meta property=\"og:description\" content=\"Apr\u00e8s sa victoire \u00e0 Villefranche (0-2) lors du derby rhodanien, Lyon-Duch\u00e8re recevait le Stade Lavallois pour le compte de la 4e journ\u00e9e de National. Face &hellip;\" \/>\n<meta property=\"og:url\" content=\"https:\/\/lyonbondyblog.fr\/LBB\/lyon-duchere-confirme-face-a-laval\/\" \/>\n<meta property=\"og:site_name\" content=\"Lyon Bondy Blog\" \/>\n<meta property=\"article:publisher\" content=\"https:\/\/www.facebook.com\/lyonbondyblog\" \/>\n<meta property=\"article:published_time\" content=\"2019-08-24T06:34:35+00:00\" \/>\n<meta property=\"og:image\" content=\"https:\/\/lyonbondyblog.fr\/LBB\/wp-content\/uploads\/2019\/08\/vs-Laval.jpg\" \/>\n\t<meta property=\"og:image:width\" content=\"3209\" \/>\n\t<meta property=\"og:image:height\" content=\"1805\" \/>\n\t<meta property=\"og:image:type\" content=\"image\/jpeg\" \/>\n<meta name=\"author\" content=\"Maxime Pechkechian\" \/>\n<meta name=\"twitter:card\" content=\"summary_large_image\" \/>\n<meta name=\"twitter:creator\" content=\"@bondybloglyon\" \/>\n<meta name=\"twitter:site\" content=\"@bondybloglyon\" \/>\n<script type=\"application\/ld+json\" class=\"yoast-schema-graph\">{\"@context\":\"https:\/\/schema.org\",\"@graph\":[{\"@type\":\"Article\",\"@id\":\"https:\/\/lyonbondyblog.fr\/LBB\/lyon-duchere-confirme-face-a-laval\/#article\",\"isPartOf\":{\"@id\":\"https:\/\/lyonbondyblog.fr\/LBB\/lyon-duchere-confirme-face-a-laval\/\"},\"author\":{\"name\":\"Maxime Pechkechian\",\"@id\":\"https:\/\/lyonbondyblog.fr\/LBB\/#\/schema\/person\/e030df63ce4bdf66338fec824c5ba04c\"},\"headline\":\"Lyon-Duch\u00e8re confirme face \u00e0 Laval\",\"datePublished\":\"2019-08-24T06:34:35+00:00\",\"dateModified\":\"2019-08-24T06:34:35+00:00\",\"mainEntityOfPage\":{\"@id\":\"https:\/\/lyonbondyblog.fr\/LBB\/lyon-duchere-confirme-face-a-laval\/\"},\"wordCount\":881,\"commentCount\":0,\"publisher\":{\"@id\":\"https:\/\/lyonbondyblog.fr\/LBB\/#organization\"},\"image\":{\"@id\":\"https:\/\/lyonbondyblog.fr\/LBB\/lyon-duchere-confirme-face-a-laval\/#primaryimage\"},\"thumbnailUrl\":\"https:\/\/lyonbondyblog.fr\/LBB\/wp-content\/uploads\/2019\/08\/vs-Laval.jpg\",\"articleSection\":[\"Football\",\"La Duch\u00e8re\",\"Lyon\"],\"inLanguage\":\"fr-FR\",\"potentialAction\":[{\"@type\":\"CommentAction\",\"name\":\"Comment\",\"target\":[\"https:\/\/lyonbondyblog.fr\/LBB\/lyon-duchere-confirme-face-a-laval\/#respond\"]}]},{\"@type\":\"WebPage\",\"@id\":\"https:\/\/lyonbondyblog.fr\/LBB\/lyon-duchere-confirme-face-a-laval\/\",\"url\":\"https:\/\/lyonbondyblog.fr\/LBB\/lyon-duchere-confirme-face-a-laval\/\",\"name\":\"Lyon-Duch\u00e8re confirme face \u00e0 Laval - Lyon Bondy Blog\",\"isPartOf\":{\"@id\":\"https:\/\/lyonbondyblog.fr\/LBB\/#website\"},\"primaryImageOfPage\":{\"@id\":\"https:\/\/lyonbondyblog.fr\/LBB\/lyon-duchere-confirme-face-a-laval\/#primaryimage\"},\"image\":{\"@id\":\"https:\/\/lyonbondyblog.fr\/LBB\/lyon-duchere-confirme-face-a-laval\/#primaryimage\"},\"thumbnailUrl\":\"https:\/\/lyonbondyblog.fr\/LBB\/wp-content\/uploads\/2019\/08\/vs-Laval.jpg\",\"datePublished\":\"2019-08-24T06:34:35+00:00\",\"dateModified\":\"2019-08-24T06:34:35+00:00\",\"inLanguage\":\"fr-FR\",\"potentialAction\":[{\"@type\":\"ReadAction\",\"target\":[\"https:\/\/lyonbondyblog.fr\/LBB\/lyon-duchere-confirme-face-a-laval\/\"]}]},{\"@type\":\"ImageObject\",\"inLanguage\":\"fr-FR\",\"@id\":\"https:\/\/lyonbondyblog.fr\/LBB\/lyon-duchere-confirme-face-a-laval\/#primaryimage\",\"url\":\"https:\/\/lyonbondyblog.fr\/LBB\/wp-content\/uploads\/2019\/08\/vs-Laval.jpg\",\"contentUrl\":\"https:\/\/lyonbondyblog.fr\/LBB\/wp-content\/uploads\/2019\/08\/vs-Laval.jpg\",\"width\":3209,\"height\":1805,\"caption\":\"Lyon-Duch\u00e8re \u00e0 Balmont face \u00e0 Laval, en d\u00e9but de saison derni\u00e8re.\"},{\"@type\":\"WebSite\",\"@id\":\"https:\/\/lyonbondyblog.fr\/LBB\/#website\",\"url\":\"https:\/\/lyonbondyblog.fr\/LBB\/\",\"name\":\"Lyon Bondy Blog\",\"description\":\"\",\"publisher\":{\"@id\":\"https:\/\/lyonbondyblog.fr\/LBB\/#organization\"},\"potentialAction\":[{\"@type\":\"SearchAction\",\"target\":{\"@type\":\"EntryPoint\",\"urlTemplate\":\"https:\/\/lyonbondyblog.fr\/LBB\/?s={search_term_string}\"},\"query-input\":\"required name=search_term_string\"}],\"inLanguage\":\"fr-FR\"},{\"@type\":\"Organization\",\"@id\":\"https:\/\/lyonbondyblog.fr\/LBB\/#organization\",\"name\":\"LYON BONDY BLOG\",\"url\":\"https:\/\/lyonbondyblog.fr\/LBB\/\",\"logo\":{\"@type\":\"ImageObject\",\"inLanguage\":\"fr-FR\",\"@id\":\"https:\/\/lyonbondyblog.fr\/LBB\/#\/schema\/logo\/image\/\",\"url\":\"http:\/\/lyonbondyblog.fr\/LBB\/wp-content\/uploads\/2014\/10\/logo-portable-144.png\",\"contentUrl\":\"http:\/\/lyonbondyblog.fr\/LBB\/wp-content\/uploads\/2014\/10\/logo-portable-144.png\",\"width\":144,\"height\":123,\"caption\":\"LYON BONDY BLOG\"},\"image\":{\"@id\":\"https:\/\/lyonbondyblog.fr\/LBB\/#\/schema\/logo\/image\/\"},\"sameAs\":[\"https:\/\/www.facebook.com\/lyonbondyblog\",\"https:\/\/x.com\/bondybloglyon\"]},{\"@type\":\"Person\",\"@id\":\"https:\/\/lyonbondyblog.fr\/LBB\/#\/schema\/person\/e030df63ce4bdf66338fec824c5ba04c\",\"name\":\"Maxime Pechkechian\",\"url\":\"https:\/\/lyonbondyblog.fr\/LBB\/author\/maximepechkechian\/\"}]}<\/script>\n<!-- \/ Yoast SEO plugin. -->","yoast_head_json":{"title":"Lyon-Duch\u00e8re confirme face \u00e0 Laval - Lyon Bondy Blog","robots":{"index":"index","follow":"follow","max-snippet":"max-snippet:-1","max-image-preview":"max-image-preview:large","max-video-preview":"max-video-preview:-1"},"canonical":"https:\/\/lyonbondyblog.fr\/LBB\/lyon-duchere-confirme-face-a-laval\/","og_locale":"fr_FR","og_type":"article","og_title":"Lyon-Duch\u00e8re confirme face \u00e0 Laval - Lyon Bondy Blog","og_description":"Apr\u00e8s sa victoire \u00e0 Villefranche (0-2) lors du derby rhodanien, Lyon-Duch\u00e8re recevait le Stade Lavallois pour le compte de la 4e journ\u00e9e de National. Face &hellip;","og_url":"https:\/\/lyonbondyblog.fr\/LBB\/lyon-duchere-confirme-face-a-laval\/","og_site_name":"Lyon Bondy Blog","article_publisher":"https:\/\/www.facebook.com\/lyonbondyblog","article_published_time":"2019-08-24T06:34:35+00:00","og_image":[{"width":3209,"height":1805,"url":"https:\/\/lyonbondyblog.fr\/LBB\/wp-content\/uploads\/2019\/08\/vs-Laval.jpg","type":"image\/jpeg"}],"author":"Maxime Pechkechian","twitter_card":"summary_large_image","twitter_creator":"@bondybloglyon","twitter_site":"@bondybloglyon","schema":{"@context":"https:\/\/schema.org","@graph":[{"@type":"Article","@id":"https:\/\/lyonbondyblog.fr\/LBB\/lyon-duchere-confirme-face-a-laval\/#article","isPartOf":{"@id":"https:\/\/lyonbondyblog.fr\/LBB\/lyon-duchere-confirme-face-a-laval\/"},"author":{"name":"Maxime Pechkechian","@id":"https:\/\/lyonbondyblog.fr\/LBB\/#\/schema\/person\/e030df63ce4bdf66338fec824c5ba04c"},"headline":"Lyon-Duch\u00e8re confirme face \u00e0 Laval","datePublished":"2019-08-24T06:34:35+00:00","dateModified":"2019-08-24T06:34:35+00:00","mainEntityOfPage":{"@id":"https:\/\/lyonbondyblog.fr\/LBB\/lyon-duchere-confirme-face-a-laval\/"},"wordCount":881,"commentCount":0,"publisher":{"@id":"https:\/\/lyonbondyblog.fr\/LBB\/#organization"},"image":{"@id":"https:\/\/lyonbondyblog.fr\/LBB\/lyon-duchere-confirme-face-a-laval\/#primaryimage"},"thumbnailUrl":"https:\/\/lyonbondyblog.fr\/LBB\/wp-content\/uploads\/2019\/08\/vs-Laval.jpg","articleSection":["Football","La Duch\u00e8re","Lyon"],"inLanguage":"fr-FR","potentialAction":[{"@type":"CommentAction","name":"Comment","target":["https:\/\/lyonbondyblog.fr\/LBB\/lyon-duchere-confirme-face-a-laval\/#respond"]}]},{"@type":"WebPage","@id":"https:\/\/lyonbondyblog.fr\/LBB\/lyon-duchere-confirme-face-a-laval\/","url":"https:\/\/lyonbondyblog.fr\/LBB\/lyon-duchere-confirme-face-a-laval\/","name":"Lyon-Duch\u00e8re confirme face \u00e0 Laval - Lyon Bondy Blog","isPartOf":{"@id":"https:\/\/lyonbondyblog.fr\/LBB\/#website"},"primaryImageOfPage":{"@id":"https:\/\/lyonbondyblog.fr\/LBB\/lyon-duchere-confirme-face-a-laval\/#primaryimage"},"image":{"@id":"https:\/\/lyonbondyblog.fr\/LBB\/lyon-duchere-confirme-face-a-laval\/#primaryimage"},"thumbnailUrl":"https:\/\/lyonbondyblog.fr\/LBB\/wp-content\/uploads\/2019\/08\/vs-Laval.jpg","datePublished":"2019-08-24T06:34:35+00:00","dateModified":"2019-08-24T06:34:35+00:00","inLanguage":"fr-FR","potentialAction":[{"@type":"ReadAction","target":["https:\/\/lyonbondyblog.fr\/LBB\/lyon-duchere-confirme-face-a-laval\/"]}]},{"@type":"ImageObject","inLanguage":"fr-FR","@id":"https:\/\/lyonbondyblog.fr\/LBB\/lyon-duchere-confirme-face-a-laval\/#primaryimage","url":"https:\/\/lyonbondyblog.fr\/LBB\/wp-content\/uploads\/2019\/08\/vs-Laval.jpg","contentUrl":"https:\/\/lyonbondyblog.fr\/LBB\/wp-content\/uploads\/2019\/08\/vs-Laval.jpg","width":3209,"height":1805,"caption":"Lyon-Duch\u00e8re \u00e0 Balmont face \u00e0 Laval, en d\u00e9but de saison derni\u00e8re."},{"@type":"WebSite","@id":"https:\/\/lyonbondyblog.fr\/LBB\/#website","url":"https:\/\/lyonbondyblog.fr\/LBB\/","name":"Lyon Bondy Blog","description":"","publisher":{"@id":"https:\/\/lyonbondyblog.fr\/LBB\/#organization"},"potentialAction":[{"@type":"SearchAction","target":{"@type":"EntryPoint","urlTemplate":"https:\/\/lyonbondyblog.fr\/LBB\/?s={search_term_string}"},"query-input":"required name=search_term_string"}],"inLanguage":"fr-FR"},{"@type":"Organization","@id":"https:\/\/lyonbondyblog.fr\/LBB\/#organization","name":"LYON BONDY BLOG","url":"https:\/\/lyonbondyblog.fr\/LBB\/","logo":{"@type":"ImageObject","inLanguage":"fr-FR","@id":"https:\/\/lyonbondyblog.fr\/LBB\/#\/schema\/logo\/image\/","url":"http:\/\/lyonbondyblog.fr\/LBB\/wp-content\/uploads\/2014\/10\/logo-portable-144.png","contentUrl":"http:\/\/lyonbondyblog.fr\/LBB\/wp-content\/uploads\/2014\/10\/logo-portable-144.png","width":144,"height":123,"caption":"LYON BONDY BLOG"},"image":{"@id":"https:\/\/lyonbondyblog.fr\/LBB\/#\/schema\/logo\/image\/"},"sameAs":["https:\/\/www.facebook.com\/lyonbondyblog","https:\/\/x.com\/bondybloglyon"]},{"@type":"Person","@id":"https:\/\/lyonbondyblog.fr\/LBB\/#\/schema\/person\/e030df63ce4bdf66338fec824c5ba04c","name":"Maxime Pechkechian","url":"https:\/\/lyonbondyblog.fr\/LBB\/author\/maximepechkechian\/"}]}},"_links":{"self":[{"href":"https:\/\/lyonbondyblog.fr\/LBB\/wp-json\/wp\/v2\/posts\/18002","targetHints":{"allow":["GET"]}}],"collection":[{"href":"https:\/\/lyonbondyblog.fr\/LBB\/wp-json\/wp\/v2\/posts"}],"about":[{"href":"https:\/\/lyonbondyblog.fr\/LBB\/wp-json\/wp\/v2\/types\/post"}],"author":[{"embeddable":true,"href":"https:\/\/lyonbondyblog.fr\/LBB\/wp-json\/wp\/v2\/users\/16328"}],"replies":[{"embeddable":true,"href":"https:\/\/lyonbondyblog.fr\/LBB\/wp-json\/wp\/v2\/comments?post=18002"}],"version-history":[{"count":8,"href":"https:\/\/lyonbondyblog.fr\/LBB\/wp-json\/wp\/v2\/posts\/18002\/revisions"}],"predecessor-version":[{"id":18013,"href":"https:\/\/lyonbondyblog.fr\/LBB\/wp-json\/wp\/v2\/posts\/18002\/revisions\/18013"}],"wp:featuredmedia":[{"embeddable":true,"href":"https:\/\/lyonbondyblog.fr\/LBB\/wp-json\/wp\/v2\/media\/18003"}],"wp:attachment":[{"href":"https:\/\/lyonbondyblog.fr\/LBB\/wp-json\/wp\/v2\/media?parent=18002"}],"wp:term":[{"taxonomy":"category","embeddable":true,"href":"https:\/\/lyonbondyblog.fr\/LBB\/wp-json\/wp\/v2\/categories?post=18002"},{"taxonomy":"post_tag","embeddable":true,"href":"https:\/\/lyonbondyblog.fr\/LBB\/wp-json\/wp\/v2\/tags?post=18002"}],"curies":[{"name":"wp","href":"https:\/\/api.w.org\/{rel}","templated":true}]}}