{"id":17972,"date":"2019-08-22T14:47:18","date_gmt":"2019-08-22T12:47:18","guid":{"rendered":"http:\/\/lyonbondyblog.fr\/LBB\/?p=17972"},"modified":"2019-08-22T15:32:12","modified_gmt":"2019-08-22T13:32:12","slug":"lasul-vaulx-en-velin-sincline-avec-les-honneurs-face-a-la-jda-dijon","status":"publish","type":"post","link":"https:\/\/lyonbondyblog.fr\/LBB\/lasul-vaulx-en-velin-sincline-avec-les-honneurs-face-a-la-jda-dijon\/","title":{"rendered":"L\u2019ASUL Vaulx-En-Velin s\u2019incline avec les honneurs face \u00e0 la JDA Dijon"},"content":{"rendered":"<h4>Ce mercredi 21 ao\u00fbt, dans le cadre d\u2019un match amical de pr\u00e9saison, l\u2019ASUL Vaulx-En-Velin recevait la JDA Dijon (D1F). Les Vaudaises se sont malheureusement inclin\u00e9es sur le score de 17 \u00e0 26.<\/h4>\n<p>Hier soir au Palais des Sports Jean Capievic, l\u2019ASUL Vaulx-En-Velin a re\u00e7u la JDA Dijon dans le cadre d\u2019un match amical de pr\u00e9saison. C\u2019\u00e9tait un bon test pour les filles de Ludovic Seutchie puisque les Dijonnaises \u00e9voluent dans l\u2019\u00e9lite. Cependant, malgr\u00e9 de bonnes intentions, les Vaudaises se sont inclin\u00e9es 17-26.<\/p>\n<h4>Un festival de balles perdues<\/h4>\n<p>Coup de sifflet des arbitres, le match commence. D\u00e8s les premi\u00e8res minutes, les coups de sifflet commencent \u00e0 se faire nombreux du c\u00f4t\u00e9 du corps arbitral. On assiste \u00e0 une rencontre avec beaucoup d\u2019engagement et de contact. Au niveau du jeu, l\u2019ASUL fait valoir sa d\u00e9fense, mais les Vaudaises vont vite subir le jeu notamment \u00e0 cause de nombreuses pertes de balle en premi\u00e8re mi-temps.<\/p>\n<p>Les Dijonnaises sont d\u2019ailleurs les premi\u00e8res \u00e0 ouvrir le score par l\u2019interm\u00e9diaire de Julie Dazet (5). L\u2019ASUL r\u00e9pond tant bien que mal par l\u2019interm\u00e9diaire de Meredith Guidani (9). Cependant l\u2019\u00e9cart commence \u00e0 se creuser due aux pertes de balles et aux nombreux poteaux trouv\u00e9s par Vaulx. Apr\u00e8s 15 minutes de jeu,&nbsp; tandis que le score est de 5-10, un temps mort est annonc\u00e9 du c\u00f4t\u00e9 de l\u2019ASUL. Malheureusement, rien n\u2019y fait pour les Vaudaises qui accumulent les pertes de balle et laissent ainsi Dijon prendre le large. A la pause, le score est de 8-14. Une premi\u00e8re p\u00e9riode marqu\u00e9e d\u2019une part, par l\u2019efficacit\u00e9 dijonnaise. D\u2019autre part, par le d\u00e9chet de l\u2019ASUL dans la construction du jeu avec de nombreuses pertes de balle.<\/p>\n<h4>Un r\u00e9veil un peu tardif<\/h4>\n<p>La deuxi\u00e8me mi-temps semble partir avec de toutes autres intentions avec des Vaudaises beaucoup plus concentr\u00e9es qu\u2019en premi\u00e8re p\u00e9riode. Avec Ma\u00eblys Icheck (23) en fer de lance qui par trois fois va transpercer les buts de Lena Le Borgne (1). Cependant, Dijon conforte son avance qui varie entre cinq et sept buts et ce malgr\u00e9 les nombreux arr\u00eats de L\u00e9a Fargues (82) en grande forme hier soir. Le chrono continue de tourner et l\u2019ASUL ne parvient pas \u00e0 revenir \u00e0 la marque. L\u2019arbitre de la rencontre met un terme \u00e0 l&rsquo;affiche du soir, 17-26 pour Dijon et des regrets pour l\u2019ASUL qui aurait pu obtenir un tout autre r\u00e9sultat.<\/p>\n<h4>Impression d&rsquo;apr\u00e8s-match<\/h4>\n<p><iframe loading=\"lazy\" src=\"https:\/\/w.soundcloud.com\/player\/?url=https%3A\/\/api.soundcloud.com\/tracks\/669402605&amp;color=%23ff5500&amp;auto_play=false&amp;hide_related=false&amp;show_comments=true&amp;show_user=true&amp;show_reposts=false&amp;show_teaser=true&amp;visual=true\" width=\"100%\" height=\"300\" frameborder=\"no\" scrolling=\"no\"><\/iframe><\/p>\n<p>Feuille de match&nbsp;: ASUL Vaulx-en-Velin\/JDA Dijon 17-26 (8-14, 9-12)<\/p>\n<p>ASUL Vaulx-en-Velin&nbsp;: 82. Fargues (G), 7. Ramel, 3. Dupuiset, 9. Guidani, 10. Seguin, 11. Ikondo, 12. Mengue, 20. Dabo, 21. Baudeneau, 22. Grange (Capitaine), 24. Icheck, 26. Berrais, 28. Saldhana, 36. Roche, 94. Sfar Ben Chker, 14. Phan.<\/p>\n<p>Entra\u00eeneur&nbsp;: Ludovic Seutchie<\/p>\n<p>JDA Dijon&nbsp;: 1. Le Borgne (G), 2. Metzger, 4. Ribeiro, 5. Dazet, 6. Lathoud, 22. Bouchard, 28. Lasm, 9. Gravelle, 10. Diagouraga, 24. Sylla, 13. Moretto, 23. Kpodar, 95. Elm, 15. Vetkova.<\/p>\n<p>Entra\u00eeneur&nbsp;: Christophe Mar\u00e9chal<\/p>\n<p>Meilleure buteuse du match&nbsp;: Julie Dazet (Dijon) 5 buts.<\/p>\n<!-- AddThis Advanced Settings generic via filter on the_content --><!-- AddThis Share Buttons generic via filter on the_content -->","protected":false},"excerpt":{"rendered":"<p>Ce mercredi 21 ao\u00fbt, dans le cadre d\u2019un match amical de pr\u00e9saison, l\u2019ASUL Vaulx-En-Velin recevait la JDA Dijon (D1F). Les Vaudaises se sont malheureusement inclin\u00e9es &hellip; <!-- AddThis Advanced Settings generic via filter on wp_trim_excerpt --><!-- AddThis Share Buttons generic via filter on wp_trim_excerpt --><\/p>\n","protected":false},"author":1,"featured_media":17975,"comment_status":"open","ping_status":"open","sticky":false,"template":"","format":"standard","meta":{"_FSMCFIC_featured_image_caption":"","_FSMCFIC_featured_image_nocaption":"","_FSMCFIC_featured_image_hide":"","footnotes":""},"categories":[3890,4,2862,3891],"tags":[],"class_list":["post-17972","post","type-post","status-publish","format-standard","has-post-thumbnail","hentry","category-handball","category-lyon","category-sport","category-vaulx-en-velin"],"yoast_head":"<!-- This site is optimized with the Yoast SEO plugin v22.8 - https:\/\/yoast.com\/wordpress\/plugins\/seo\/ -->\n<title>L\u2019ASUL Vaulx-En-Velin s\u2019incline avec les honneurs face \u00e0 la JDA Dijon - Lyon Bondy Blog<\/title>\n<meta name=\"robots\" content=\"index, follow, max-snippet:-1, max-image-preview:large, max-video-preview:-1\" \/>\n<link rel=\"canonical\" href=\"https:\/\/lyonbondyblog.fr\/LBB\/lasul-vaulx-en-velin-sincline-avec-les-honneurs-face-a-la-jda-dijon\/\" \/>\n<meta property=\"og:locale\" content=\"fr_FR\" \/>\n<meta property=\"og:type\" content=\"article\" \/>\n<meta property=\"og:title\" content=\"L\u2019ASUL Vaulx-En-Velin s\u2019incline avec les honneurs face \u00e0 la JDA Dijon - Lyon Bondy Blog\" \/>\n<meta property=\"og:description\" content=\"Ce mercredi 21 ao\u00fbt, dans le cadre d\u2019un match amical de pr\u00e9saison, l\u2019ASUL Vaulx-En-Velin recevait la JDA Dijon (D1F). Les Vaudaises se sont malheureusement inclin\u00e9es &hellip;\" \/>\n<meta property=\"og:url\" content=\"https:\/\/lyonbondyblog.fr\/LBB\/lasul-vaulx-en-velin-sincline-avec-les-honneurs-face-a-la-jda-dijon\/\" \/>\n<meta property=\"og:site_name\" content=\"Lyon Bondy Blog\" \/>\n<meta property=\"article:publisher\" content=\"https:\/\/www.facebook.com\/lyonbondyblog\" \/>\n<meta property=\"article:author\" content=\"https:\/\/www.facebook.com\/lyonbondyblog\" \/>\n<meta property=\"article:published_time\" content=\"2019-08-22T12:47:18+00:00\" \/>\n<meta property=\"article:modified_time\" content=\"2019-08-22T13:32:12+00:00\" \/>\n<meta property=\"og:image\" content=\"https:\/\/lyonbondyblog.fr\/LBB\/wp-content\/uploads\/2019\/08\/69245244_418050592398779_8049518764317736960_n.jpg\" \/>\n\t<meta property=\"og:image:width\" content=\"1151\" \/>\n\t<meta property=\"og:image:height\" content=\"767\" \/>\n\t<meta property=\"og:image:type\" content=\"image\/jpeg\" \/>\n<meta name=\"author\" content=\"La r\u00e9daction\" \/>\n<meta name=\"twitter:card\" content=\"summary_large_image\" \/>\n<meta name=\"twitter:creator\" content=\"@BondyBlogLyon\" \/>\n<meta name=\"twitter:site\" content=\"@bondybloglyon\" \/>\n<script type=\"application\/ld+json\" class=\"yoast-schema-graph\">{\"@context\":\"https:\/\/schema.org\",\"@graph\":[{\"@type\":\"Article\",\"@id\":\"https:\/\/lyonbondyblog.fr\/LBB\/lasul-vaulx-en-velin-sincline-avec-les-honneurs-face-a-la-jda-dijon\/#article\",\"isPartOf\":{\"@id\":\"https:\/\/lyonbondyblog.fr\/LBB\/lasul-vaulx-en-velin-sincline-avec-les-honneurs-face-a-la-jda-dijon\/\"},\"author\":{\"name\":\"La r\u00e9daction\",\"@id\":\"https:\/\/lyonbondyblog.fr\/LBB\/#\/schema\/person\/e45f8d27baac75072daa0be50c409b25\"},\"headline\":\"L\u2019ASUL Vaulx-En-Velin s\u2019incline avec les honneurs face \u00e0 la JDA Dijon\",\"datePublished\":\"2019-08-22T12:47:18+00:00\",\"dateModified\":\"2019-08-22T13:32:12+00:00\",\"mainEntityOfPage\":{\"@id\":\"https:\/\/lyonbondyblog.fr\/LBB\/lasul-vaulx-en-velin-sincline-avec-les-honneurs-face-a-la-jda-dijon\/\"},\"wordCount\":514,\"commentCount\":0,\"publisher\":{\"@id\":\"https:\/\/lyonbondyblog.fr\/LBB\/#organization\"},\"image\":{\"@id\":\"https:\/\/lyonbondyblog.fr\/LBB\/lasul-vaulx-en-velin-sincline-avec-les-honneurs-face-a-la-jda-dijon\/#primaryimage\"},\"thumbnailUrl\":\"https:\/\/lyonbondyblog.fr\/LBB\/wp-content\/uploads\/2019\/08\/69245244_418050592398779_8049518764317736960_n.jpg\",\"articleSection\":[\"Handball\",\"Lyon\",\"Sport\",\"Vaulx-en-Velin\"],\"inLanguage\":\"fr-FR\",\"potentialAction\":[{\"@type\":\"CommentAction\",\"name\":\"Comment\",\"target\":[\"https:\/\/lyonbondyblog.fr\/LBB\/lasul-vaulx-en-velin-sincline-avec-les-honneurs-face-a-la-jda-dijon\/#respond\"]}]},{\"@type\":\"WebPage\",\"@id\":\"https:\/\/lyonbondyblog.fr\/LBB\/lasul-vaulx-en-velin-sincline-avec-les-honneurs-face-a-la-jda-dijon\/\",\"url\":\"https:\/\/lyonbondyblog.fr\/LBB\/lasul-vaulx-en-velin-sincline-avec-les-honneurs-face-a-la-jda-dijon\/\",\"name\":\"L\u2019ASUL Vaulx-En-Velin s\u2019incline avec les honneurs face \u00e0 la JDA Dijon - Lyon Bondy Blog\",\"isPartOf\":{\"@id\":\"https:\/\/lyonbondyblog.fr\/LBB\/#website\"},\"primaryImageOfPage\":{\"@id\":\"https:\/\/lyonbondyblog.fr\/LBB\/lasul-vaulx-en-velin-sincline-avec-les-honneurs-face-a-la-jda-dijon\/#primaryimage\"},\"image\":{\"@id\":\"https:\/\/lyonbondyblog.fr\/LBB\/lasul-vaulx-en-velin-sincline-avec-les-honneurs-face-a-la-jda-dijon\/#primaryimage\"},\"thumbnailUrl\":\"https:\/\/lyonbondyblog.fr\/LBB\/wp-content\/uploads\/2019\/08\/69245244_418050592398779_8049518764317736960_n.jpg\",\"datePublished\":\"2019-08-22T12:47:18+00:00\",\"dateModified\":\"2019-08-22T13:32:12+00:00\",\"inLanguage\":\"fr-FR\",\"potentialAction\":[{\"@type\":\"ReadAction\",\"target\":[\"https:\/\/lyonbondyblog.fr\/LBB\/lasul-vaulx-en-velin-sincline-avec-les-honneurs-face-a-la-jda-dijon\/\"]}]},{\"@type\":\"ImageObject\",\"inLanguage\":\"fr-FR\",\"@id\":\"https:\/\/lyonbondyblog.fr\/LBB\/lasul-vaulx-en-velin-sincline-avec-les-honneurs-face-a-la-jda-dijon\/#primaryimage\",\"url\":\"https:\/\/lyonbondyblog.fr\/LBB\/wp-content\/uploads\/2019\/08\/69245244_418050592398779_8049518764317736960_n.jpg\",\"contentUrl\":\"https:\/\/lyonbondyblog.fr\/LBB\/wp-content\/uploads\/2019\/08\/69245244_418050592398779_8049518764317736960_n.jpg\",\"width\":1151,\"height\":767},{\"@type\":\"WebSite\",\"@id\":\"https:\/\/lyonbondyblog.fr\/LBB\/#website\",\"url\":\"https:\/\/lyonbondyblog.fr\/LBB\/\",\"name\":\"Lyon Bondy Blog\",\"description\":\"\",\"publisher\":{\"@id\":\"https:\/\/lyonbondyblog.fr\/LBB\/#organization\"},\"potentialAction\":[{\"@type\":\"SearchAction\",\"target\":{\"@type\":\"EntryPoint\",\"urlTemplate\":\"https:\/\/lyonbondyblog.fr\/LBB\/?s={search_term_string}\"},\"query-input\":\"required name=search_term_string\"}],\"inLanguage\":\"fr-FR\"},{\"@type\":\"Organization\",\"@id\":\"https:\/\/lyonbondyblog.fr\/LBB\/#organization\",\"name\":\"LYON BONDY BLOG\",\"url\":\"https:\/\/lyonbondyblog.fr\/LBB\/\",\"logo\":{\"@type\":\"ImageObject\",\"inLanguage\":\"fr-FR\",\"@id\":\"https:\/\/lyonbondyblog.fr\/LBB\/#\/schema\/logo\/image\/\",\"url\":\"http:\/\/lyonbondyblog.fr\/LBB\/wp-content\/uploads\/2014\/10\/logo-portable-144.png\",\"contentUrl\":\"http:\/\/lyonbondyblog.fr\/LBB\/wp-content\/uploads\/2014\/10\/logo-portable-144.png\",\"width\":144,\"height\":123,\"caption\":\"LYON BONDY BLOG\"},\"image\":{\"@id\":\"https:\/\/lyonbondyblog.fr\/LBB\/#\/schema\/logo\/image\/\"},\"sameAs\":[\"https:\/\/www.facebook.com\/lyonbondyblog\",\"https:\/\/x.com\/bondybloglyon\"]},{\"@type\":\"Person\",\"@id\":\"https:\/\/lyonbondyblog.fr\/LBB\/#\/schema\/person\/e45f8d27baac75072daa0be50c409b25\",\"name\":\"La r\u00e9daction\",\"description\":\"Cr\u00e9e en 2008, la r\u00e9daction du Lyon Bondy Blog s'applique \u00e0 proposer une information locale diff\u00e9rente et compl\u00e9mentaire des m\u00e9dias traditionnels.\",\"sameAs\":[\"https:\/\/www.facebook.com\/lyonbondyblog\",\"https:\/\/x.com\/BondyBlogLyon\"],\"url\":\"https:\/\/lyonbondyblog.fr\/LBB\/author\/admin\/\"}]}<\/script>\n<!-- \/ Yoast SEO plugin. -->","yoast_head_json":{"title":"L\u2019ASUL Vaulx-En-Velin s\u2019incline avec les honneurs face \u00e0 la JDA Dijon - Lyon Bondy Blog","robots":{"index":"index","follow":"follow","max-snippet":"max-snippet:-1","max-image-preview":"max-image-preview:large","max-video-preview":"max-video-preview:-1"},"canonical":"https:\/\/lyonbondyblog.fr\/LBB\/lasul-vaulx-en-velin-sincline-avec-les-honneurs-face-a-la-jda-dijon\/","og_locale":"fr_FR","og_type":"article","og_title":"L\u2019ASUL Vaulx-En-Velin s\u2019incline avec les honneurs face \u00e0 la JDA Dijon - Lyon Bondy Blog","og_description":"Ce mercredi 21 ao\u00fbt, dans le cadre d\u2019un match amical de pr\u00e9saison, l\u2019ASUL Vaulx-En-Velin recevait la JDA Dijon (D1F). Les Vaudaises se sont malheureusement inclin\u00e9es &hellip;","og_url":"https:\/\/lyonbondyblog.fr\/LBB\/lasul-vaulx-en-velin-sincline-avec-les-honneurs-face-a-la-jda-dijon\/","og_site_name":"Lyon Bondy Blog","article_publisher":"https:\/\/www.facebook.com\/lyonbondyblog","article_author":"https:\/\/www.facebook.com\/lyonbondyblog","article_published_time":"2019-08-22T12:47:18+00:00","article_modified_time":"2019-08-22T13:32:12+00:00","og_image":[{"width":1151,"height":767,"url":"https:\/\/lyonbondyblog.fr\/LBB\/wp-content\/uploads\/2019\/08\/69245244_418050592398779_8049518764317736960_n.jpg","type":"image\/jpeg"}],"author":"La r\u00e9daction","twitter_card":"summary_large_image","twitter_creator":"@BondyBlogLyon","twitter_site":"@bondybloglyon","schema":{"@context":"https:\/\/schema.org","@graph":[{"@type":"Article","@id":"https:\/\/lyonbondyblog.fr\/LBB\/lasul-vaulx-en-velin-sincline-avec-les-honneurs-face-a-la-jda-dijon\/#article","isPartOf":{"@id":"https:\/\/lyonbondyblog.fr\/LBB\/lasul-vaulx-en-velin-sincline-avec-les-honneurs-face-a-la-jda-dijon\/"},"author":{"name":"La r\u00e9daction","@id":"https:\/\/lyonbondyblog.fr\/LBB\/#\/schema\/person\/e45f8d27baac75072daa0be50c409b25"},"headline":"L\u2019ASUL Vaulx-En-Velin s\u2019incline avec les honneurs face \u00e0 la JDA Dijon","datePublished":"2019-08-22T12:47:18+00:00","dateModified":"2019-08-22T13:32:12+00:00","mainEntityOfPage":{"@id":"https:\/\/lyonbondyblog.fr\/LBB\/lasul-vaulx-en-velin-sincline-avec-les-honneurs-face-a-la-jda-dijon\/"},"wordCount":514,"commentCount":0,"publisher":{"@id":"https:\/\/lyonbondyblog.fr\/LBB\/#organization"},"image":{"@id":"https:\/\/lyonbondyblog.fr\/LBB\/lasul-vaulx-en-velin-sincline-avec-les-honneurs-face-a-la-jda-dijon\/#primaryimage"},"thumbnailUrl":"https:\/\/lyonbondyblog.fr\/LBB\/wp-content\/uploads\/2019\/08\/69245244_418050592398779_8049518764317736960_n.jpg","articleSection":["Handball","Lyon","Sport","Vaulx-en-Velin"],"inLanguage":"fr-FR","potentialAction":[{"@type":"CommentAction","name":"Comment","target":["https:\/\/lyonbondyblog.fr\/LBB\/lasul-vaulx-en-velin-sincline-avec-les-honneurs-face-a-la-jda-dijon\/#respond"]}]},{"@type":"WebPage","@id":"https:\/\/lyonbondyblog.fr\/LBB\/lasul-vaulx-en-velin-sincline-avec-les-honneurs-face-a-la-jda-dijon\/","url":"https:\/\/lyonbondyblog.fr\/LBB\/lasul-vaulx-en-velin-sincline-avec-les-honneurs-face-a-la-jda-dijon\/","name":"L\u2019ASUL Vaulx-En-Velin s\u2019incline avec les honneurs face \u00e0 la JDA Dijon - Lyon Bondy Blog","isPartOf":{"@id":"https:\/\/lyonbondyblog.fr\/LBB\/#website"},"primaryImageOfPage":{"@id":"https:\/\/lyonbondyblog.fr\/LBB\/lasul-vaulx-en-velin-sincline-avec-les-honneurs-face-a-la-jda-dijon\/#primaryimage"},"image":{"@id":"https:\/\/lyonbondyblog.fr\/LBB\/lasul-vaulx-en-velin-sincline-avec-les-honneurs-face-a-la-jda-dijon\/#primaryimage"},"thumbnailUrl":"https:\/\/lyonbondyblog.fr\/LBB\/wp-content\/uploads\/2019\/08\/69245244_418050592398779_8049518764317736960_n.jpg","datePublished":"2019-08-22T12:47:18+00:00","dateModified":"2019-08-22T13:32:12+00:00","inLanguage":"fr-FR","potentialAction":[{"@type":"ReadAction","target":["https:\/\/lyonbondyblog.fr\/LBB\/lasul-vaulx-en-velin-sincline-avec-les-honneurs-face-a-la-jda-dijon\/"]}]},{"@type":"ImageObject","inLanguage":"fr-FR","@id":"https:\/\/lyonbondyblog.fr\/LBB\/lasul-vaulx-en-velin-sincline-avec-les-honneurs-face-a-la-jda-dijon\/#primaryimage","url":"https:\/\/lyonbondyblog.fr\/LBB\/wp-content\/uploads\/2019\/08\/69245244_418050592398779_8049518764317736960_n.jpg","contentUrl":"https:\/\/lyonbondyblog.fr\/LBB\/wp-content\/uploads\/2019\/08\/69245244_418050592398779_8049518764317736960_n.jpg","width":1151,"height":767},{"@type":"WebSite","@id":"https:\/\/lyonbondyblog.fr\/LBB\/#website","url":"https:\/\/lyonbondyblog.fr\/LBB\/","name":"Lyon Bondy Blog","description":"","publisher":{"@id":"https:\/\/lyonbondyblog.fr\/LBB\/#organization"},"potentialAction":[{"@type":"SearchAction","target":{"@type":"EntryPoint","urlTemplate":"https:\/\/lyonbondyblog.fr\/LBB\/?s={search_term_string}"},"query-input":"required name=search_term_string"}],"inLanguage":"fr-FR"},{"@type":"Organization","@id":"https:\/\/lyonbondyblog.fr\/LBB\/#organization","name":"LYON BONDY BLOG","url":"https:\/\/lyonbondyblog.fr\/LBB\/","logo":{"@type":"ImageObject","inLanguage":"fr-FR","@id":"https:\/\/lyonbondyblog.fr\/LBB\/#\/schema\/logo\/image\/","url":"http:\/\/lyonbondyblog.fr\/LBB\/wp-content\/uploads\/2014\/10\/logo-portable-144.png","contentUrl":"http:\/\/lyonbondyblog.fr\/LBB\/wp-content\/uploads\/2014\/10\/logo-portable-144.png","width":144,"height":123,"caption":"LYON BONDY BLOG"},"image":{"@id":"https:\/\/lyonbondyblog.fr\/LBB\/#\/schema\/logo\/image\/"},"sameAs":["https:\/\/www.facebook.com\/lyonbondyblog","https:\/\/x.com\/bondybloglyon"]},{"@type":"Person","@id":"https:\/\/lyonbondyblog.fr\/LBB\/#\/schema\/person\/e45f8d27baac75072daa0be50c409b25","name":"La r\u00e9daction","description":"Cr\u00e9e en 2008, la r\u00e9daction du Lyon Bondy Blog s'applique \u00e0 proposer une information locale diff\u00e9rente et compl\u00e9mentaire des m\u00e9dias traditionnels.","sameAs":["https:\/\/www.facebook.com\/lyonbondyblog","https:\/\/x.com\/BondyBlogLyon"],"url":"https:\/\/lyonbondyblog.fr\/LBB\/author\/admin\/"}]}},"_links":{"self":[{"href":"https:\/\/lyonbondyblog.fr\/LBB\/wp-json\/wp\/v2\/posts\/17972","targetHints":{"allow":["GET"]}}],"collection":[{"href":"https:\/\/lyonbondyblog.fr\/LBB\/wp-json\/wp\/v2\/posts"}],"about":[{"href":"https:\/\/lyonbondyblog.fr\/LBB\/wp-json\/wp\/v2\/types\/post"}],"author":[{"embeddable":true,"href":"https:\/\/lyonbondyblog.fr\/LBB\/wp-json\/wp\/v2\/users\/1"}],"replies":[{"embeddable":true,"href":"https:\/\/lyonbondyblog.fr\/LBB\/wp-json\/wp\/v2\/comments?post=17972"}],"version-history":[{"count":5,"href":"https:\/\/lyonbondyblog.fr\/LBB\/wp-json\/wp\/v2\/posts\/17972\/revisions"}],"predecessor-version":[{"id":17979,"href":"https:\/\/lyonbondyblog.fr\/LBB\/wp-json\/wp\/v2\/posts\/17972\/revisions\/17979"}],"wp:featuredmedia":[{"embeddable":true,"href":"https:\/\/lyonbondyblog.fr\/LBB\/wp-json\/wp\/v2\/media\/17975"}],"wp:attachment":[{"href":"https:\/\/lyonbondyblog.fr\/LBB\/wp-json\/wp\/v2\/media?parent=17972"}],"wp:term":[{"taxonomy":"category","embeddable":true,"href":"https:\/\/lyonbondyblog.fr\/LBB\/wp-json\/wp\/v2\/categories?post=17972"},{"taxonomy":"post_tag","embeddable":true,"href":"https:\/\/lyonbondyblog.fr\/LBB\/wp-json\/wp\/v2\/tags?post=17972"}],"curies":[{"name":"wp","href":"https:\/\/api.w.org\/{rel}","templated":true}]}}