{"id":17940,"date":"2019-08-14T16:36:23","date_gmt":"2019-08-14T14:36:23","guid":{"rendered":"http:\/\/lyonbondyblog.fr\/LBB\/?p=17940"},"modified":"2025-05-20T13:27:55","modified_gmt":"2025-05-20T11:27:55","slug":"chronique-judiciaire-une-jalousie-maladive","status":"publish","type":"post","link":"https:\/\/lyonbondyblog.fr\/LBB\/chronique-judiciaire-une-jalousie-maladive\/","title":{"rendered":"Chronique judiciaire : Une jalousie maladive"},"content":{"rendered":"<p><span style=\"font-family: georgia, palatino, serif;\">Tribunal de grande instance de Lyon, comparution imm\u00e9diate du 09 ao\u00fbt<\/span><\/p>\n<h4><span style=\"font-family: georgia, palatino, serif;\">D\u00e9but de journ\u00e9e et premi\u00e8re affaire plut\u00f4t complexe avec l\u2019entr\u00e9e de Pierre*, 20 ans, dans le box des accus\u00e9s. La pr\u00e9sidente commence par rappeler les chefs d\u2019accusation retenus contre le jeune homme originaire de Tassin-la-Demi-Lune.<\/span><\/h4>\n<h4><span style=\"font-family: georgia, palatino, serif;\">Un \u00e9change de SMS \u00e0 double tranchant<\/span><\/h4>\n<p><span style=\"font-family: georgia, palatino, serif;\">Tout commence par l&rsquo;apr\u00e8s-midi ensoleill\u00e9 du 28 juin, Pierre va \u00e0 la rencontre de sa compagne, Julie*, \u00e2g\u00e9e de 17 ans. Rapidement, les esprits s\u2019\u00e9chauffent et Pierre s\u2019empare du t\u00e9l\u00e9phone de la jeune femme. La cause du litige ne serait autre que des messages envoy\u00e9s \u00e0 un autre jeune homme et qui auraient fortement d\u00e9plu \u00e0 Pierre. S\u2019en suit alors une dispute virulente, et c\u2019est l\u00e0 que Pierre va commettre l\u2019irr\u00e9parable en sortant un couteau de sa poche. Aveugl\u00e9 par l\u2019\u00e9nervement, il aurait ass\u00e9n\u00e9 un coup de lame au niveau du coude de sa compagne, entra\u00eenant un saignement abondant de la jeune femme. Prise de panique, Julie s\u2019\u00e9tait alors enfuie. Pierre, de son c\u00f4t\u00e9, r\u00e9alisant son acte, avait d\u00e9camp\u00e9 et cach\u00e9 l\u2019arme blanche dans une gaine d\u2019ascenseur. Alert\u00e9s par les cris de la jeune femme, des passants au loin avaient alors contact\u00e9 les forces de l\u2019ordre qui n\u2019ont pas mis longtemps avant d\u2019arriver sur place.<\/span><\/p>\n<p><span style=\"font-family: georgia, palatino, serif;\">Apr\u00e8s expertise des pompiers pr\u00e9sents eux aussi sur la sc\u00e8ne, la plaie pr\u00e9sente sur la jeune femme indiquait bel et bien l\u2019utilisation d\u2019une lame. La pr\u00e9sidente fait alors part de son d\u00e9sarroi. Pierre, quant \u00e0 lui, se tient debout dans le box, la t\u00eate baiss\u00e9e et r\u00e9plique \u00ab&nbsp;<em>qu\u2019il a perdu pied<\/em>&nbsp;\u00bb et \u00ab&nbsp;<em>qu\u2019il s\u2019est laiss\u00e9 emporter par la col\u00e8re<\/em>&nbsp;\u00bb, ce qui n\u2019a pas l\u2019air de satisfaire la pr\u00e9sidente.&nbsp;<\/span><\/p>\n<h4><span style=\"font-family: georgia, palatino, serif;\">\u00ab&nbsp;Je ne me suis pas rendu compte de la gravit\u00e9 des faits \u00bb<\/span><\/h4>\n<p><span style=\"font-family: georgia, palatino, serif;\">Elle \u00e9nonce par ailleurs le casier judiciaire d\u00e9j\u00e0 bien fourni du d\u00e9tenu, mettant en valeur la r\u00e9cidive du jeune homme, d\u00e9j\u00e0 inculp\u00e9 pour violences aggrav\u00e9es avec une arme blanche six mois auparavant. En d\u00e9tention provisoire depuis le 30 juin, Pierre avait alors sollicit\u00e9 l\u2019aide de son avocat, car il souffrait de multiples lac\u00e9rations au niveau du torse. Compte tenu de ces faits et des ant\u00e9c\u00e9dents du jeune homme, une expertise psychiatrique avait d\u00fb \u00eatre mise en place. Le jeune homme avait effectivement un trouble du comportement minime, et marmonne \u00e0 voix basse qu\u2019il \u00ab&nbsp;<em>ne s\u2019\u00e9tait pas rendu compte de la gravit\u00e9 des faits<\/em>&nbsp;\u00bb. Le tribunal ne s\u2019est pas laiss\u00e9 attendrir pour autant, notamment \u00e0 cause des dix mentions pr\u00e9sentes dans le casier judiciaire de Pierre. La victime, de son c\u00f4t\u00e9, \u00e9tait repr\u00e9sent\u00e9e par un avocat au vu de son jeune \u00e2ge, mais avait clairement fait savoir qu\u2019elle ne souhaitait pas quelconque r\u00e9paration au sujet de cette affaire. Peut-\u00eatre par empathie, possiblement par peur a d\u2019ailleurs signal\u00e9 l\u2019avocate de Julie.<\/span><\/p>\n<p><span style=\"font-family: georgia, palatino, serif;\">L\u2019avocate de la d\u00e9fense se lance alors dans sa plaidoirie. La tension est palpable dans la salle, la famille du pr\u00e9venu, assise au premier rang, se tient la main. L\u2019avocate a alors tent\u00e9 d\u2019\u00e9mouvoir la pr\u00e9sidente en \u00e9voquant les diff\u00e9rents probl\u00e8mes de sant\u00e9 mentale qu\u2019\u00e9prouvait son client ainsi que les blessures qu\u2019il a subies pendant sa d\u00e9tention provisoire. Le procureur, quant \u00e0 lui, s\u2019est montr\u00e9 bien moins tendre avec Pierre en rappelant qu\u2019il \u00e9tait alors en cas de r\u00e9cidive et qu\u2019il subissait une interdiction de port d\u2019armes blanches. Une peine mixte de 36 mois d\u2019emprisonnement, dont 18 avec sursis, une injonction emp\u00eachant Pierre de recontacter Julie, et enfin un suivi psychologique forc\u00e9 ont \u00e9t\u00e9 requis par le procureur.<\/span><\/p>\n<p><span style=\"font-family: georgia, palatino, serif;\">Affaire suivante.<\/span><\/p>\n<p><span style=\"font-family: georgia, palatino, serif;\">*Par soucis d\u2019anonymat, les noms des pr\u00e9venus et des victimes ont \u00e9t\u00e9 modifi\u00e9s.<\/span><\/p>\n<p>.<\/p>\n<p>&nbsp;<\/p>\n<p>&nbsp;<\/p>\n<p>&nbsp;&nbsp;&nbsp;&nbsp;&nbsp;&nbsp;&nbsp;&nbsp;&nbsp;&nbsp;&nbsp;<\/p>\n<!-- AddThis Advanced Settings generic via filter on the_content --><!-- AddThis Share Buttons generic via filter on the_content -->","protected":false},"excerpt":{"rendered":"<p>Tribunal de grande instance de Lyon, comparution imm\u00e9diate du 09 ao\u00fbt D\u00e9but de journ\u00e9e et premi\u00e8re affaire plut\u00f4t complexe avec l\u2019entr\u00e9e de Pierre*, 20 ans, &hellip; <!-- AddThis Advanced Settings generic via filter on wp_trim_excerpt --><!-- AddThis Share Buttons generic via filter on wp_trim_excerpt --><\/p>\n","protected":false},"author":1,"featured_media":13910,"comment_status":"open","ping_status":"open","sticky":false,"template":"","format":"standard","meta":{"_FSMCFIC_featured_image_caption":"","_FSMCFIC_featured_image_nocaption":"","_FSMCFIC_featured_image_hide":"","footnotes":""},"categories":[965,4,3887,2,14149],"tags":[13116,6526],"class_list":["post-17940","post","type-post","status-publish","format-standard","has-post-thumbnail","hentry","category-chronique-judiciaire","category-lyon","category-securite","category-societe","category-violences-conjugales","tag-chronique-judiciaire","tag-violences-conjugales"],"yoast_head":"<!-- This site is optimized with the Yoast SEO plugin v22.8 - https:\/\/yoast.com\/wordpress\/plugins\/seo\/ -->\n<title>Chronique judiciaire : Une jalousie maladive - Lyon Bondy Blog<\/title>\n<meta name=\"description\" content=\"Chaque semaine le Lyon Bondy Blog vous propose sa chronique judiciaire du tribunal de grande instance de Lyon. Jusqu&#039;o\u00f9 la jalousie peut mener un homme ?\" \/>\n<meta name=\"robots\" content=\"index, follow, max-snippet:-1, max-image-preview:large, max-video-preview:-1\" \/>\n<link rel=\"canonical\" href=\"https:\/\/lyonbondyblog.fr\/LBB\/chronique-judiciaire-une-jalousie-maladive\/\" \/>\n<meta property=\"og:locale\" content=\"fr_FR\" \/>\n<meta property=\"og:type\" content=\"article\" \/>\n<meta property=\"og:title\" content=\"Chronique judiciaire : Une jalousie maladive - Lyon Bondy Blog\" \/>\n<meta property=\"og:description\" content=\"Chaque semaine le Lyon Bondy Blog vous propose sa chronique judiciaire du tribunal de grande instance de Lyon. Jusqu&#039;o\u00f9 la jalousie peut mener un homme ?\" \/>\n<meta property=\"og:url\" content=\"https:\/\/lyonbondyblog.fr\/LBB\/chronique-judiciaire-une-jalousie-maladive\/\" \/>\n<meta property=\"og:site_name\" content=\"Lyon Bondy Blog\" \/>\n<meta property=\"article:publisher\" content=\"https:\/\/www.facebook.com\/lyonbondyblog\" \/>\n<meta property=\"article:author\" content=\"https:\/\/www.facebook.com\/lyonbondyblog\" \/>\n<meta property=\"article:published_time\" content=\"2019-08-14T14:36:23+00:00\" \/>\n<meta property=\"article:modified_time\" content=\"2025-05-20T11:27:55+00:00\" \/>\n<meta property=\"og:image\" content=\"https:\/\/lyonbondyblog.fr\/LBB\/wp-content\/uploads\/2018\/08\/ob_2ba2d4_1429638728.jpg\" \/>\n\t<meta property=\"og:image:width\" content=\"1200\" \/>\n\t<meta property=\"og:image:height\" content=\"798\" \/>\n\t<meta property=\"og:image:type\" content=\"image\/jpeg\" \/>\n<meta name=\"author\" content=\"La r\u00e9daction\" \/>\n<meta name=\"twitter:card\" content=\"summary_large_image\" \/>\n<meta name=\"twitter:creator\" content=\"@BondyBlogLyon\" \/>\n<meta name=\"twitter:site\" content=\"@bondybloglyon\" \/>\n<script type=\"application\/ld+json\" class=\"yoast-schema-graph\">{\"@context\":\"https:\/\/schema.org\",\"@graph\":[{\"@type\":\"Article\",\"@id\":\"https:\/\/lyonbondyblog.fr\/LBB\/chronique-judiciaire-une-jalousie-maladive\/#article\",\"isPartOf\":{\"@id\":\"https:\/\/lyonbondyblog.fr\/LBB\/chronique-judiciaire-une-jalousie-maladive\/\"},\"author\":{\"name\":\"La r\u00e9daction\",\"@id\":\"https:\/\/lyonbondyblog.fr\/LBB\/#\/schema\/person\/e45f8d27baac75072daa0be50c409b25\"},\"headline\":\"Chronique judiciaire : Une jalousie maladive\",\"datePublished\":\"2019-08-14T14:36:23+00:00\",\"dateModified\":\"2025-05-20T11:27:55+00:00\",\"mainEntityOfPage\":{\"@id\":\"https:\/\/lyonbondyblog.fr\/LBB\/chronique-judiciaire-une-jalousie-maladive\/\"},\"wordCount\":698,\"commentCount\":0,\"publisher\":{\"@id\":\"https:\/\/lyonbondyblog.fr\/LBB\/#organization\"},\"image\":{\"@id\":\"https:\/\/lyonbondyblog.fr\/LBB\/chronique-judiciaire-une-jalousie-maladive\/#primaryimage\"},\"thumbnailUrl\":\"https:\/\/lyonbondyblog.fr\/LBB\/wp-content\/uploads\/2018\/08\/ob_2ba2d4_1429638728.jpg\",\"keywords\":[\"Chronique judiciaire\",\"violences conjugales\"],\"articleSection\":[\"Chronique judiciaire\",\"Lyon\",\"S\u00e9curit\u00e9\",\"Soci\u00e9t\u00e9\",\"Violences conjugales\"],\"inLanguage\":\"fr-FR\",\"potentialAction\":[{\"@type\":\"CommentAction\",\"name\":\"Comment\",\"target\":[\"https:\/\/lyonbondyblog.fr\/LBB\/chronique-judiciaire-une-jalousie-maladive\/#respond\"]}]},{\"@type\":\"WebPage\",\"@id\":\"https:\/\/lyonbondyblog.fr\/LBB\/chronique-judiciaire-une-jalousie-maladive\/\",\"url\":\"https:\/\/lyonbondyblog.fr\/LBB\/chronique-judiciaire-une-jalousie-maladive\/\",\"name\":\"Chronique judiciaire : Une jalousie maladive - Lyon Bondy Blog\",\"isPartOf\":{\"@id\":\"https:\/\/lyonbondyblog.fr\/LBB\/#website\"},\"primaryImageOfPage\":{\"@id\":\"https:\/\/lyonbondyblog.fr\/LBB\/chronique-judiciaire-une-jalousie-maladive\/#primaryimage\"},\"image\":{\"@id\":\"https:\/\/lyonbondyblog.fr\/LBB\/chronique-judiciaire-une-jalousie-maladive\/#primaryimage\"},\"thumbnailUrl\":\"https:\/\/lyonbondyblog.fr\/LBB\/wp-content\/uploads\/2018\/08\/ob_2ba2d4_1429638728.jpg\",\"datePublished\":\"2019-08-14T14:36:23+00:00\",\"dateModified\":\"2025-05-20T11:27:55+00:00\",\"description\":\"Chaque semaine le Lyon Bondy Blog vous propose sa chronique judiciaire du tribunal de grande instance de Lyon. Jusqu'o\u00f9 la jalousie peut mener un homme ?\",\"inLanguage\":\"fr-FR\",\"potentialAction\":[{\"@type\":\"ReadAction\",\"target\":[\"https:\/\/lyonbondyblog.fr\/LBB\/chronique-judiciaire-une-jalousie-maladive\/\"]}]},{\"@type\":\"ImageObject\",\"inLanguage\":\"fr-FR\",\"@id\":\"https:\/\/lyonbondyblog.fr\/LBB\/chronique-judiciaire-une-jalousie-maladive\/#primaryimage\",\"url\":\"https:\/\/lyonbondyblog.fr\/LBB\/wp-content\/uploads\/2018\/08\/ob_2ba2d4_1429638728.jpg\",\"contentUrl\":\"https:\/\/lyonbondyblog.fr\/LBB\/wp-content\/uploads\/2018\/08\/ob_2ba2d4_1429638728.jpg\",\"width\":\"1200\",\"height\":\"798\"},{\"@type\":\"WebSite\",\"@id\":\"https:\/\/lyonbondyblog.fr\/LBB\/#website\",\"url\":\"https:\/\/lyonbondyblog.fr\/LBB\/\",\"name\":\"Lyon Bondy Blog\",\"description\":\"\",\"publisher\":{\"@id\":\"https:\/\/lyonbondyblog.fr\/LBB\/#organization\"},\"potentialAction\":[{\"@type\":\"SearchAction\",\"target\":{\"@type\":\"EntryPoint\",\"urlTemplate\":\"https:\/\/lyonbondyblog.fr\/LBB\/?s={search_term_string}\"},\"query-input\":\"required name=search_term_string\"}],\"inLanguage\":\"fr-FR\"},{\"@type\":\"Organization\",\"@id\":\"https:\/\/lyonbondyblog.fr\/LBB\/#organization\",\"name\":\"LYON BONDY BLOG\",\"url\":\"https:\/\/lyonbondyblog.fr\/LBB\/\",\"logo\":{\"@type\":\"ImageObject\",\"inLanguage\":\"fr-FR\",\"@id\":\"https:\/\/lyonbondyblog.fr\/LBB\/#\/schema\/logo\/image\/\",\"url\":\"http:\/\/lyonbondyblog.fr\/LBB\/wp-content\/uploads\/2014\/10\/logo-portable-144.png\",\"contentUrl\":\"http:\/\/lyonbondyblog.fr\/LBB\/wp-content\/uploads\/2014\/10\/logo-portable-144.png\",\"width\":144,\"height\":123,\"caption\":\"LYON BONDY BLOG\"},\"image\":{\"@id\":\"https:\/\/lyonbondyblog.fr\/LBB\/#\/schema\/logo\/image\/\"},\"sameAs\":[\"https:\/\/www.facebook.com\/lyonbondyblog\",\"https:\/\/x.com\/bondybloglyon\"]},{\"@type\":\"Person\",\"@id\":\"https:\/\/lyonbondyblog.fr\/LBB\/#\/schema\/person\/e45f8d27baac75072daa0be50c409b25\",\"name\":\"La r\u00e9daction\",\"description\":\"Cr\u00e9e en 2008, la r\u00e9daction du Lyon Bondy Blog s'applique \u00e0 proposer une information locale diff\u00e9rente et compl\u00e9mentaire des m\u00e9dias traditionnels.\",\"sameAs\":[\"https:\/\/www.facebook.com\/lyonbondyblog\",\"https:\/\/x.com\/BondyBlogLyon\"],\"url\":\"https:\/\/lyonbondyblog.fr\/LBB\/author\/admin\/\"}]}<\/script>\n<!-- \/ Yoast SEO plugin. -->","yoast_head_json":{"title":"Chronique judiciaire : Une jalousie maladive - Lyon Bondy Blog","description":"Chaque semaine le Lyon Bondy Blog vous propose sa chronique judiciaire du tribunal de grande instance de Lyon. Jusqu'o\u00f9 la jalousie peut mener un homme ?","robots":{"index":"index","follow":"follow","max-snippet":"max-snippet:-1","max-image-preview":"max-image-preview:large","max-video-preview":"max-video-preview:-1"},"canonical":"https:\/\/lyonbondyblog.fr\/LBB\/chronique-judiciaire-une-jalousie-maladive\/","og_locale":"fr_FR","og_type":"article","og_title":"Chronique judiciaire : Une jalousie maladive - Lyon Bondy Blog","og_description":"Chaque semaine le Lyon Bondy Blog vous propose sa chronique judiciaire du tribunal de grande instance de Lyon. Jusqu'o\u00f9 la jalousie peut mener un homme ?","og_url":"https:\/\/lyonbondyblog.fr\/LBB\/chronique-judiciaire-une-jalousie-maladive\/","og_site_name":"Lyon Bondy Blog","article_publisher":"https:\/\/www.facebook.com\/lyonbondyblog","article_author":"https:\/\/www.facebook.com\/lyonbondyblog","article_published_time":"2019-08-14T14:36:23+00:00","article_modified_time":"2025-05-20T11:27:55+00:00","og_image":[{"width":"1200","height":"798","url":"https:\/\/lyonbondyblog.fr\/LBB\/wp-content\/uploads\/2018\/08\/ob_2ba2d4_1429638728.jpg","type":"image\/jpeg"}],"author":"La r\u00e9daction","twitter_card":"summary_large_image","twitter_creator":"@BondyBlogLyon","twitter_site":"@bondybloglyon","schema":{"@context":"https:\/\/schema.org","@graph":[{"@type":"Article","@id":"https:\/\/lyonbondyblog.fr\/LBB\/chronique-judiciaire-une-jalousie-maladive\/#article","isPartOf":{"@id":"https:\/\/lyonbondyblog.fr\/LBB\/chronique-judiciaire-une-jalousie-maladive\/"},"author":{"name":"La r\u00e9daction","@id":"https:\/\/lyonbondyblog.fr\/LBB\/#\/schema\/person\/e45f8d27baac75072daa0be50c409b25"},"headline":"Chronique judiciaire : Une jalousie maladive","datePublished":"2019-08-14T14:36:23+00:00","dateModified":"2025-05-20T11:27:55+00:00","mainEntityOfPage":{"@id":"https:\/\/lyonbondyblog.fr\/LBB\/chronique-judiciaire-une-jalousie-maladive\/"},"wordCount":698,"commentCount":0,"publisher":{"@id":"https:\/\/lyonbondyblog.fr\/LBB\/#organization"},"image":{"@id":"https:\/\/lyonbondyblog.fr\/LBB\/chronique-judiciaire-une-jalousie-maladive\/#primaryimage"},"thumbnailUrl":"https:\/\/lyonbondyblog.fr\/LBB\/wp-content\/uploads\/2018\/08\/ob_2ba2d4_1429638728.jpg","keywords":["Chronique judiciaire","violences conjugales"],"articleSection":["Chronique judiciaire","Lyon","S\u00e9curit\u00e9","Soci\u00e9t\u00e9","Violences conjugales"],"inLanguage":"fr-FR","potentialAction":[{"@type":"CommentAction","name":"Comment","target":["https:\/\/lyonbondyblog.fr\/LBB\/chronique-judiciaire-une-jalousie-maladive\/#respond"]}]},{"@type":"WebPage","@id":"https:\/\/lyonbondyblog.fr\/LBB\/chronique-judiciaire-une-jalousie-maladive\/","url":"https:\/\/lyonbondyblog.fr\/LBB\/chronique-judiciaire-une-jalousie-maladive\/","name":"Chronique judiciaire : Une jalousie maladive - Lyon Bondy Blog","isPartOf":{"@id":"https:\/\/lyonbondyblog.fr\/LBB\/#website"},"primaryImageOfPage":{"@id":"https:\/\/lyonbondyblog.fr\/LBB\/chronique-judiciaire-une-jalousie-maladive\/#primaryimage"},"image":{"@id":"https:\/\/lyonbondyblog.fr\/LBB\/chronique-judiciaire-une-jalousie-maladive\/#primaryimage"},"thumbnailUrl":"https:\/\/lyonbondyblog.fr\/LBB\/wp-content\/uploads\/2018\/08\/ob_2ba2d4_1429638728.jpg","datePublished":"2019-08-14T14:36:23+00:00","dateModified":"2025-05-20T11:27:55+00:00","description":"Chaque semaine le Lyon Bondy Blog vous propose sa chronique judiciaire du tribunal de grande instance de Lyon. Jusqu'o\u00f9 la jalousie peut mener un homme ?","inLanguage":"fr-FR","potentialAction":[{"@type":"ReadAction","target":["https:\/\/lyonbondyblog.fr\/LBB\/chronique-judiciaire-une-jalousie-maladive\/"]}]},{"@type":"ImageObject","inLanguage":"fr-FR","@id":"https:\/\/lyonbondyblog.fr\/LBB\/chronique-judiciaire-une-jalousie-maladive\/#primaryimage","url":"https:\/\/lyonbondyblog.fr\/LBB\/wp-content\/uploads\/2018\/08\/ob_2ba2d4_1429638728.jpg","contentUrl":"https:\/\/lyonbondyblog.fr\/LBB\/wp-content\/uploads\/2018\/08\/ob_2ba2d4_1429638728.jpg","width":"1200","height":"798"},{"@type":"WebSite","@id":"https:\/\/lyonbondyblog.fr\/LBB\/#website","url":"https:\/\/lyonbondyblog.fr\/LBB\/","name":"Lyon Bondy Blog","description":"","publisher":{"@id":"https:\/\/lyonbondyblog.fr\/LBB\/#organization"},"potentialAction":[{"@type":"SearchAction","target":{"@type":"EntryPoint","urlTemplate":"https:\/\/lyonbondyblog.fr\/LBB\/?s={search_term_string}"},"query-input":"required name=search_term_string"}],"inLanguage":"fr-FR"},{"@type":"Organization","@id":"https:\/\/lyonbondyblog.fr\/LBB\/#organization","name":"LYON BONDY BLOG","url":"https:\/\/lyonbondyblog.fr\/LBB\/","logo":{"@type":"ImageObject","inLanguage":"fr-FR","@id":"https:\/\/lyonbondyblog.fr\/LBB\/#\/schema\/logo\/image\/","url":"http:\/\/lyonbondyblog.fr\/LBB\/wp-content\/uploads\/2014\/10\/logo-portable-144.png","contentUrl":"http:\/\/lyonbondyblog.fr\/LBB\/wp-content\/uploads\/2014\/10\/logo-portable-144.png","width":144,"height":123,"caption":"LYON BONDY BLOG"},"image":{"@id":"https:\/\/lyonbondyblog.fr\/LBB\/#\/schema\/logo\/image\/"},"sameAs":["https:\/\/www.facebook.com\/lyonbondyblog","https:\/\/x.com\/bondybloglyon"]},{"@type":"Person","@id":"https:\/\/lyonbondyblog.fr\/LBB\/#\/schema\/person\/e45f8d27baac75072daa0be50c409b25","name":"La r\u00e9daction","description":"Cr\u00e9e en 2008, la r\u00e9daction du Lyon Bondy Blog s'applique \u00e0 proposer une information locale diff\u00e9rente et compl\u00e9mentaire des m\u00e9dias traditionnels.","sameAs":["https:\/\/www.facebook.com\/lyonbondyblog","https:\/\/x.com\/BondyBlogLyon"],"url":"https:\/\/lyonbondyblog.fr\/LBB\/author\/admin\/"}]}},"_links":{"self":[{"href":"https:\/\/lyonbondyblog.fr\/LBB\/wp-json\/wp\/v2\/posts\/17940","targetHints":{"allow":["GET"]}}],"collection":[{"href":"https:\/\/lyonbondyblog.fr\/LBB\/wp-json\/wp\/v2\/posts"}],"about":[{"href":"https:\/\/lyonbondyblog.fr\/LBB\/wp-json\/wp\/v2\/types\/post"}],"author":[{"embeddable":true,"href":"https:\/\/lyonbondyblog.fr\/LBB\/wp-json\/wp\/v2\/users\/1"}],"replies":[{"embeddable":true,"href":"https:\/\/lyonbondyblog.fr\/LBB\/wp-json\/wp\/v2\/comments?post=17940"}],"version-history":[{"count":4,"href":"https:\/\/lyonbondyblog.fr\/LBB\/wp-json\/wp\/v2\/posts\/17940\/revisions"}],"predecessor-version":[{"id":36044,"href":"https:\/\/lyonbondyblog.fr\/LBB\/wp-json\/wp\/v2\/posts\/17940\/revisions\/36044"}],"wp:featuredmedia":[{"embeddable":true,"href":"https:\/\/lyonbondyblog.fr\/LBB\/wp-json\/wp\/v2\/media\/13910"}],"wp:attachment":[{"href":"https:\/\/lyonbondyblog.fr\/LBB\/wp-json\/wp\/v2\/media?parent=17940"}],"wp:term":[{"taxonomy":"category","embeddable":true,"href":"https:\/\/lyonbondyblog.fr\/LBB\/wp-json\/wp\/v2\/categories?post=17940"},{"taxonomy":"post_tag","embeddable":true,"href":"https:\/\/lyonbondyblog.fr\/LBB\/wp-json\/wp\/v2\/tags?post=17940"}],"curies":[{"name":"wp","href":"https:\/\/api.w.org\/{rel}","templated":true}]}}