{"id":17873,"date":"2019-08-02T09:56:38","date_gmt":"2019-08-02T07:56:38","guid":{"rendered":"http:\/\/lyonbondyblog.fr\/LBB\/?p=17873"},"modified":"2019-08-02T10:00:27","modified_gmt":"2019-08-02T08:00:27","slug":"la-performance-de-melissa-meunier-vue-par-jcl","status":"publish","type":"post","link":"https:\/\/lyonbondyblog.fr\/LBB\/la-performance-de-melissa-meunier-vue-par-jcl\/","title":{"rendered":"La performance de Melissa Meunier vue par JCL"},"content":{"rendered":"<p>&nbsp;<\/p>\n<h4><span class=\"_5yl5\">Suite \u00e0 <a href=\"https:\/\/lyonbondyblog.fr\/LBB\/la-performance-de-melissa-meunier-vue-par-jcl\/\">notre portrait<\/a> de la combattante Melissa Meunier, le dessinateur JCL salue la performance de la championne de France de karat\u00e9 light-contact.<\/span><\/h4>\n<figure id=\"attachment_17869\" aria-describedby=\"caption-attachment-17869\" style=\"width: 524px\" class=\"wp-caption aligncenter\"><a href=\"https:\/\/lyonbondyblog.fr\/LBB\/wp-content\/uploads\/2019\/08\/JCL.jpg\"><img loading=\"lazy\" decoding=\"async\" class=\"size-full wp-image-17869\" src=\"https:\/\/lyonbondyblog.fr\/LBB\/wp-content\/uploads\/2019\/08\/JCL.jpg\" alt=\"JCL Melissa Meunier KSO\" width=\"524\" height=\"480\" srcset=\"https:\/\/lyonbondyblog.fr\/LBB\/wp-content\/uploads\/2019\/08\/JCL.jpg 524w, https:\/\/lyonbondyblog.fr\/LBB\/wp-content\/uploads\/2019\/08\/JCL-300x275.jpg 300w\" sizes=\"auto, (max-width: 524px) 100vw, 524px\" \/><\/a><figcaption id=\"caption-attachment-17869\" class=\"wp-caption-text\">KSO Lyon &#8211; Melissa Meunier championne de France de light contact. Cr\u00e9dit JCL\/LBB<\/figcaption><\/figure>\n<p>&nbsp;<\/p>\n<p>Retrouvez l&rsquo;article sur Melissa Meunier ici : <a href=\"https:\/\/lyonbondyblog.fr\/LBB\/la-performance-de-melissa-meunier-vue-par-jcl\/\">https:\/\/lyonbondyblog.fr\/LBB\/la-performance-de-melissa-meunier-vue-par-jcl\/<\/a><\/p>\n<p>&nbsp;<\/p>\n<p>&nbsp;<\/p>\n<p>&nbsp;<\/p>\n<p>&nbsp;<\/p>\n<p>&nbsp;<\/p>\n<p>&nbsp;<\/p>\n<p>&nbsp;<\/p>\n<p>&nbsp;<\/p>\n<p>&nbsp;<\/p>\n<p>&nbsp;<\/p>\n<p>&nbsp;<\/p>\n<!-- AddThis Advanced Settings generic via filter on the_content --><!-- AddThis Share Buttons generic via filter on the_content -->","protected":false},"excerpt":{"rendered":"<p>&nbsp; Suite \u00e0 notre portrait de la combattante Melissa Meunier, le dessinateur JCL salue la performance de la championne de France de karat\u00e9 light-contact. &nbsp; &hellip; <!-- AddThis Advanced Settings generic via filter on wp_trim_excerpt --><!-- AddThis Share Buttons generic via filter on wp_trim_excerpt --><\/p>\n","protected":false},"author":1,"featured_media":17869,"comment_status":"open","ping_status":"open","sticky":false,"template":"","format":"standard","meta":{"_FSMCFIC_featured_image_caption":"","_FSMCFIC_featured_image_nocaption":"","_FSMCFIC_featured_image_hide":"","footnotes":""},"categories":[4],"tags":[],"class_list":["post-17873","post","type-post","status-publish","format-standard","has-post-thumbnail","hentry","category-lyon"],"yoast_head":"<!-- This site is optimized with the Yoast SEO plugin v22.8 - https:\/\/yoast.com\/wordpress\/plugins\/seo\/ -->\n<title>La performance de Melissa Meunier vue par JCL - Lyon Bondy Blog<\/title>\n<meta name=\"robots\" content=\"index, follow, max-snippet:-1, max-image-preview:large, max-video-preview:-1\" \/>\n<link rel=\"canonical\" href=\"https:\/\/lyonbondyblog.fr\/LBB\/la-performance-de-melissa-meunier-vue-par-jcl\/\" \/>\n<meta property=\"og:locale\" content=\"fr_FR\" \/>\n<meta property=\"og:type\" content=\"article\" \/>\n<meta property=\"og:title\" content=\"La performance de Melissa Meunier vue par JCL - Lyon Bondy Blog\" \/>\n<meta property=\"og:description\" content=\"&nbsp; Suite \u00e0 notre portrait de la combattante Melissa Meunier, le dessinateur JCL salue la performance de la championne de France de karat\u00e9 light-contact. &nbsp; &hellip;\" \/>\n<meta property=\"og:url\" content=\"https:\/\/lyonbondyblog.fr\/LBB\/la-performance-de-melissa-meunier-vue-par-jcl\/\" \/>\n<meta property=\"og:site_name\" content=\"Lyon Bondy Blog\" \/>\n<meta property=\"article:publisher\" content=\"https:\/\/www.facebook.com\/lyonbondyblog\" \/>\n<meta property=\"article:author\" content=\"https:\/\/www.facebook.com\/lyonbondyblog\" \/>\n<meta property=\"article:published_time\" content=\"2019-08-02T07:56:38+00:00\" \/>\n<meta property=\"article:modified_time\" content=\"2019-08-02T08:00:27+00:00\" \/>\n<meta property=\"og:image\" content=\"https:\/\/lyonbondyblog.fr\/LBB\/wp-content\/uploads\/2019\/08\/JCL.jpg\" \/>\n\t<meta property=\"og:image:width\" content=\"524\" \/>\n\t<meta property=\"og:image:height\" content=\"480\" \/>\n\t<meta property=\"og:image:type\" content=\"image\/jpeg\" \/>\n<meta name=\"author\" content=\"La r\u00e9daction\" \/>\n<meta name=\"twitter:card\" content=\"summary_large_image\" \/>\n<meta name=\"twitter:creator\" content=\"@BondyBlogLyon\" \/>\n<meta name=\"twitter:site\" content=\"@bondybloglyon\" \/>\n<script type=\"application\/ld+json\" class=\"yoast-schema-graph\">{\"@context\":\"https:\/\/schema.org\",\"@graph\":[{\"@type\":\"Article\",\"@id\":\"https:\/\/lyonbondyblog.fr\/LBB\/la-performance-de-melissa-meunier-vue-par-jcl\/#article\",\"isPartOf\":{\"@id\":\"https:\/\/lyonbondyblog.fr\/LBB\/la-performance-de-melissa-meunier-vue-par-jcl\/\"},\"author\":{\"name\":\"La r\u00e9daction\",\"@id\":\"https:\/\/lyonbondyblog.fr\/LBB\/#\/schema\/person\/e45f8d27baac75072daa0be50c409b25\"},\"headline\":\"La performance de Melissa Meunier vue par JCL\",\"datePublished\":\"2019-08-02T07:56:38+00:00\",\"dateModified\":\"2019-08-02T08:00:27+00:00\",\"mainEntityOfPage\":{\"@id\":\"https:\/\/lyonbondyblog.fr\/LBB\/la-performance-de-melissa-meunier-vue-par-jcl\/\"},\"wordCount\":76,\"commentCount\":0,\"publisher\":{\"@id\":\"https:\/\/lyonbondyblog.fr\/LBB\/#organization\"},\"image\":{\"@id\":\"https:\/\/lyonbondyblog.fr\/LBB\/la-performance-de-melissa-meunier-vue-par-jcl\/#primaryimage\"},\"thumbnailUrl\":\"https:\/\/lyonbondyblog.fr\/LBB\/wp-content\/uploads\/2019\/08\/JCL.jpg\",\"articleSection\":[\"Lyon\"],\"inLanguage\":\"fr-FR\",\"potentialAction\":[{\"@type\":\"CommentAction\",\"name\":\"Comment\",\"target\":[\"https:\/\/lyonbondyblog.fr\/LBB\/la-performance-de-melissa-meunier-vue-par-jcl\/#respond\"]}]},{\"@type\":\"WebPage\",\"@id\":\"https:\/\/lyonbondyblog.fr\/LBB\/la-performance-de-melissa-meunier-vue-par-jcl\/\",\"url\":\"https:\/\/lyonbondyblog.fr\/LBB\/la-performance-de-melissa-meunier-vue-par-jcl\/\",\"name\":\"La performance de Melissa Meunier vue par JCL - Lyon Bondy Blog\",\"isPartOf\":{\"@id\":\"https:\/\/lyonbondyblog.fr\/LBB\/#website\"},\"primaryImageOfPage\":{\"@id\":\"https:\/\/lyonbondyblog.fr\/LBB\/la-performance-de-melissa-meunier-vue-par-jcl\/#primaryimage\"},\"image\":{\"@id\":\"https:\/\/lyonbondyblog.fr\/LBB\/la-performance-de-melissa-meunier-vue-par-jcl\/#primaryimage\"},\"thumbnailUrl\":\"https:\/\/lyonbondyblog.fr\/LBB\/wp-content\/uploads\/2019\/08\/JCL.jpg\",\"datePublished\":\"2019-08-02T07:56:38+00:00\",\"dateModified\":\"2019-08-02T08:00:27+00:00\",\"inLanguage\":\"fr-FR\",\"potentialAction\":[{\"@type\":\"ReadAction\",\"target\":[\"https:\/\/lyonbondyblog.fr\/LBB\/la-performance-de-melissa-meunier-vue-par-jcl\/\"]}]},{\"@type\":\"ImageObject\",\"inLanguage\":\"fr-FR\",\"@id\":\"https:\/\/lyonbondyblog.fr\/LBB\/la-performance-de-melissa-meunier-vue-par-jcl\/#primaryimage\",\"url\":\"https:\/\/lyonbondyblog.fr\/LBB\/wp-content\/uploads\/2019\/08\/JCL.jpg\",\"contentUrl\":\"https:\/\/lyonbondyblog.fr\/LBB\/wp-content\/uploads\/2019\/08\/JCL.jpg\",\"width\":524,\"height\":480,\"caption\":\"KSO Lyon - Melissa Meunier championne de France de light contact. Cr\u00e9dit JCL\/LBB\"},{\"@type\":\"WebSite\",\"@id\":\"https:\/\/lyonbondyblog.fr\/LBB\/#website\",\"url\":\"https:\/\/lyonbondyblog.fr\/LBB\/\",\"name\":\"Lyon Bondy Blog\",\"description\":\"\",\"publisher\":{\"@id\":\"https:\/\/lyonbondyblog.fr\/LBB\/#organization\"},\"potentialAction\":[{\"@type\":\"SearchAction\",\"target\":{\"@type\":\"EntryPoint\",\"urlTemplate\":\"https:\/\/lyonbondyblog.fr\/LBB\/?s={search_term_string}\"},\"query-input\":\"required name=search_term_string\"}],\"inLanguage\":\"fr-FR\"},{\"@type\":\"Organization\",\"@id\":\"https:\/\/lyonbondyblog.fr\/LBB\/#organization\",\"name\":\"LYON BONDY BLOG\",\"url\":\"https:\/\/lyonbondyblog.fr\/LBB\/\",\"logo\":{\"@type\":\"ImageObject\",\"inLanguage\":\"fr-FR\",\"@id\":\"https:\/\/lyonbondyblog.fr\/LBB\/#\/schema\/logo\/image\/\",\"url\":\"http:\/\/lyonbondyblog.fr\/LBB\/wp-content\/uploads\/2014\/10\/logo-portable-144.png\",\"contentUrl\":\"http:\/\/lyonbondyblog.fr\/LBB\/wp-content\/uploads\/2014\/10\/logo-portable-144.png\",\"width\":144,\"height\":123,\"caption\":\"LYON BONDY BLOG\"},\"image\":{\"@id\":\"https:\/\/lyonbondyblog.fr\/LBB\/#\/schema\/logo\/image\/\"},\"sameAs\":[\"https:\/\/www.facebook.com\/lyonbondyblog\",\"https:\/\/x.com\/bondybloglyon\"]},{\"@type\":\"Person\",\"@id\":\"https:\/\/lyonbondyblog.fr\/LBB\/#\/schema\/person\/e45f8d27baac75072daa0be50c409b25\",\"name\":\"La r\u00e9daction\",\"description\":\"Cr\u00e9e en 2008, la r\u00e9daction du Lyon Bondy Blog s'applique \u00e0 proposer une information locale diff\u00e9rente et compl\u00e9mentaire des m\u00e9dias traditionnels.\",\"sameAs\":[\"https:\/\/www.facebook.com\/lyonbondyblog\",\"https:\/\/x.com\/BondyBlogLyon\"],\"url\":\"https:\/\/lyonbondyblog.fr\/LBB\/author\/admin\/\"}]}<\/script>\n<!-- \/ Yoast SEO plugin. -->","yoast_head_json":{"title":"La performance de Melissa Meunier vue par JCL - Lyon Bondy Blog","robots":{"index":"index","follow":"follow","max-snippet":"max-snippet:-1","max-image-preview":"max-image-preview:large","max-video-preview":"max-video-preview:-1"},"canonical":"https:\/\/lyonbondyblog.fr\/LBB\/la-performance-de-melissa-meunier-vue-par-jcl\/","og_locale":"fr_FR","og_type":"article","og_title":"La performance de Melissa Meunier vue par JCL - Lyon Bondy Blog","og_description":"&nbsp; Suite \u00e0 notre portrait de la combattante Melissa Meunier, le dessinateur JCL salue la performance de la championne de France de karat\u00e9 light-contact. &nbsp; &hellip;","og_url":"https:\/\/lyonbondyblog.fr\/LBB\/la-performance-de-melissa-meunier-vue-par-jcl\/","og_site_name":"Lyon Bondy Blog","article_publisher":"https:\/\/www.facebook.com\/lyonbondyblog","article_author":"https:\/\/www.facebook.com\/lyonbondyblog","article_published_time":"2019-08-02T07:56:38+00:00","article_modified_time":"2019-08-02T08:00:27+00:00","og_image":[{"width":524,"height":480,"url":"https:\/\/lyonbondyblog.fr\/LBB\/wp-content\/uploads\/2019\/08\/JCL.jpg","type":"image\/jpeg"}],"author":"La r\u00e9daction","twitter_card":"summary_large_image","twitter_creator":"@BondyBlogLyon","twitter_site":"@bondybloglyon","schema":{"@context":"https:\/\/schema.org","@graph":[{"@type":"Article","@id":"https:\/\/lyonbondyblog.fr\/LBB\/la-performance-de-melissa-meunier-vue-par-jcl\/#article","isPartOf":{"@id":"https:\/\/lyonbondyblog.fr\/LBB\/la-performance-de-melissa-meunier-vue-par-jcl\/"},"author":{"name":"La r\u00e9daction","@id":"https:\/\/lyonbondyblog.fr\/LBB\/#\/schema\/person\/e45f8d27baac75072daa0be50c409b25"},"headline":"La performance de Melissa Meunier vue par JCL","datePublished":"2019-08-02T07:56:38+00:00","dateModified":"2019-08-02T08:00:27+00:00","mainEntityOfPage":{"@id":"https:\/\/lyonbondyblog.fr\/LBB\/la-performance-de-melissa-meunier-vue-par-jcl\/"},"wordCount":76,"commentCount":0,"publisher":{"@id":"https:\/\/lyonbondyblog.fr\/LBB\/#organization"},"image":{"@id":"https:\/\/lyonbondyblog.fr\/LBB\/la-performance-de-melissa-meunier-vue-par-jcl\/#primaryimage"},"thumbnailUrl":"https:\/\/lyonbondyblog.fr\/LBB\/wp-content\/uploads\/2019\/08\/JCL.jpg","articleSection":["Lyon"],"inLanguage":"fr-FR","potentialAction":[{"@type":"CommentAction","name":"Comment","target":["https:\/\/lyonbondyblog.fr\/LBB\/la-performance-de-melissa-meunier-vue-par-jcl\/#respond"]}]},{"@type":"WebPage","@id":"https:\/\/lyonbondyblog.fr\/LBB\/la-performance-de-melissa-meunier-vue-par-jcl\/","url":"https:\/\/lyonbondyblog.fr\/LBB\/la-performance-de-melissa-meunier-vue-par-jcl\/","name":"La performance de Melissa Meunier vue par JCL - Lyon Bondy Blog","isPartOf":{"@id":"https:\/\/lyonbondyblog.fr\/LBB\/#website"},"primaryImageOfPage":{"@id":"https:\/\/lyonbondyblog.fr\/LBB\/la-performance-de-melissa-meunier-vue-par-jcl\/#primaryimage"},"image":{"@id":"https:\/\/lyonbondyblog.fr\/LBB\/la-performance-de-melissa-meunier-vue-par-jcl\/#primaryimage"},"thumbnailUrl":"https:\/\/lyonbondyblog.fr\/LBB\/wp-content\/uploads\/2019\/08\/JCL.jpg","datePublished":"2019-08-02T07:56:38+00:00","dateModified":"2019-08-02T08:00:27+00:00","inLanguage":"fr-FR","potentialAction":[{"@type":"ReadAction","target":["https:\/\/lyonbondyblog.fr\/LBB\/la-performance-de-melissa-meunier-vue-par-jcl\/"]}]},{"@type":"ImageObject","inLanguage":"fr-FR","@id":"https:\/\/lyonbondyblog.fr\/LBB\/la-performance-de-melissa-meunier-vue-par-jcl\/#primaryimage","url":"https:\/\/lyonbondyblog.fr\/LBB\/wp-content\/uploads\/2019\/08\/JCL.jpg","contentUrl":"https:\/\/lyonbondyblog.fr\/LBB\/wp-content\/uploads\/2019\/08\/JCL.jpg","width":524,"height":480,"caption":"KSO Lyon - Melissa Meunier championne de France de light contact. Cr\u00e9dit JCL\/LBB"},{"@type":"WebSite","@id":"https:\/\/lyonbondyblog.fr\/LBB\/#website","url":"https:\/\/lyonbondyblog.fr\/LBB\/","name":"Lyon Bondy Blog","description":"","publisher":{"@id":"https:\/\/lyonbondyblog.fr\/LBB\/#organization"},"potentialAction":[{"@type":"SearchAction","target":{"@type":"EntryPoint","urlTemplate":"https:\/\/lyonbondyblog.fr\/LBB\/?s={search_term_string}"},"query-input":"required name=search_term_string"}],"inLanguage":"fr-FR"},{"@type":"Organization","@id":"https:\/\/lyonbondyblog.fr\/LBB\/#organization","name":"LYON BONDY BLOG","url":"https:\/\/lyonbondyblog.fr\/LBB\/","logo":{"@type":"ImageObject","inLanguage":"fr-FR","@id":"https:\/\/lyonbondyblog.fr\/LBB\/#\/schema\/logo\/image\/","url":"http:\/\/lyonbondyblog.fr\/LBB\/wp-content\/uploads\/2014\/10\/logo-portable-144.png","contentUrl":"http:\/\/lyonbondyblog.fr\/LBB\/wp-content\/uploads\/2014\/10\/logo-portable-144.png","width":144,"height":123,"caption":"LYON BONDY BLOG"},"image":{"@id":"https:\/\/lyonbondyblog.fr\/LBB\/#\/schema\/logo\/image\/"},"sameAs":["https:\/\/www.facebook.com\/lyonbondyblog","https:\/\/x.com\/bondybloglyon"]},{"@type":"Person","@id":"https:\/\/lyonbondyblog.fr\/LBB\/#\/schema\/person\/e45f8d27baac75072daa0be50c409b25","name":"La r\u00e9daction","description":"Cr\u00e9e en 2008, la r\u00e9daction du Lyon Bondy Blog s'applique \u00e0 proposer une information locale diff\u00e9rente et compl\u00e9mentaire des m\u00e9dias traditionnels.","sameAs":["https:\/\/www.facebook.com\/lyonbondyblog","https:\/\/x.com\/BondyBlogLyon"],"url":"https:\/\/lyonbondyblog.fr\/LBB\/author\/admin\/"}]}},"_links":{"self":[{"href":"https:\/\/lyonbondyblog.fr\/LBB\/wp-json\/wp\/v2\/posts\/17873","targetHints":{"allow":["GET"]}}],"collection":[{"href":"https:\/\/lyonbondyblog.fr\/LBB\/wp-json\/wp\/v2\/posts"}],"about":[{"href":"https:\/\/lyonbondyblog.fr\/LBB\/wp-json\/wp\/v2\/types\/post"}],"author":[{"embeddable":true,"href":"https:\/\/lyonbondyblog.fr\/LBB\/wp-json\/wp\/v2\/users\/1"}],"replies":[{"embeddable":true,"href":"https:\/\/lyonbondyblog.fr\/LBB\/wp-json\/wp\/v2\/comments?post=17873"}],"version-history":[{"count":4,"href":"https:\/\/lyonbondyblog.fr\/LBB\/wp-json\/wp\/v2\/posts\/17873\/revisions"}],"predecessor-version":[{"id":17877,"href":"https:\/\/lyonbondyblog.fr\/LBB\/wp-json\/wp\/v2\/posts\/17873\/revisions\/17877"}],"wp:featuredmedia":[{"embeddable":true,"href":"https:\/\/lyonbondyblog.fr\/LBB\/wp-json\/wp\/v2\/media\/17869"}],"wp:attachment":[{"href":"https:\/\/lyonbondyblog.fr\/LBB\/wp-json\/wp\/v2\/media?parent=17873"}],"wp:term":[{"taxonomy":"category","embeddable":true,"href":"https:\/\/lyonbondyblog.fr\/LBB\/wp-json\/wp\/v2\/categories?post=17873"},{"taxonomy":"post_tag","embeddable":true,"href":"https:\/\/lyonbondyblog.fr\/LBB\/wp-json\/wp\/v2\/tags?post=17873"}],"curies":[{"name":"wp","href":"https:\/\/api.w.org\/{rel}","templated":true}]}}