{"id":17805,"date":"2019-07-29T14:39:27","date_gmt":"2019-07-29T12:39:27","guid":{"rendered":"http:\/\/lyonbondyblog.fr\/LBB\/?p=17805"},"modified":"2019-07-29T16:37:24","modified_gmt":"2019-07-29T14:37:24","slug":"les-gymnastes-de-la-pesd-donnent-le-rythme","status":"publish","type":"post","link":"https:\/\/lyonbondyblog.fr\/LBB\/les-gymnastes-de-la-pesd-donnent-le-rythme\/","title":{"rendered":"Les gymnastes de la PESD donnent le rythme"},"content":{"rendered":"<h4>Entra\u00een\u00e9es \u00e0 la PESD, Sana, Manel, El\u00e9a et Elise ont remport\u00e9 le Championnat de France d\u2019\u00c9pinay-sous-S\u00e9nart (91) de gymnastique rythmique. Interrog\u00e9es par le Lyon Bondy Blog, elles racontent l&rsquo;entrainement, la comp\u00e9tition et leur surprise au moment des r\u00e9sultats.<\/h4>\n<p>La PESD de Lyon est connue pour proposer plusieurs disciplines gymniques, et notamment la gymnastique rythmique (<a href=\"https:\/\/www.clamartgymnastique.com\/Qu-est-ce-que-la-Gymnastique-Rythmique_a131.html\">GR, anciennement GRS<\/a>). C&rsquo;est une section o\u00f9 les jeunes gymnastes sont comp\u00e9titives, \u00e0 l&rsquo;image de l&rsquo;\u00e9quipe compos\u00e9e de \u00c9lise, \u00c9l\u00e9a, Manel et Sana. Premi\u00e8res du Championnat de France d&rsquo;\u00c9pinay-sous-S\u00e9nart, elles ont \u00e9t\u00e9 interview\u00e9es par le Lyon Bondy Blog. \u00c2g\u00e9es de 12 \u00e0 14 ans, elles ont commenc\u00e9 la gymnastique rythmique il y a 4 ou 6 ans, et sont dans la m\u00eame \u00e9quipe depuis une saison compl\u00e8te.<\/p>\n<h4>En rythme et avec gr\u00e2ce<\/h4>\n<p>En gymnastique, on parle d\u2019encha\u00eenement ou de chor\u00e9graphie. \u00ab&nbsp;<em>Depuis le d\u00e9but de l\u2019ann\u00e9e on travaille dessus, depuis septembre. C\u2019est toujours la m\u00eame durant toute l\u2019ann\u00e9e, \u00e0 quelques d\u00e9tails pr\u00eats en fonction des comp\u00e9titions<\/em>\u00bb, explique \u00c9l\u00e9a. Cette discipline demande de la souplesse, mais \u00e9galement un travail d&rsquo;apprentissage sur le long terme, comme nous le dit Sana : \u00ab <em>Parfois, je mets la musique dans mes \u00e9couteurs et je repense \u00e0 l\u2019encha\u00eenement, pour \u00eatre s\u00fbre d\u2019avoir tout m\u00e9moris\u00e9<\/em> \u00bb. En plus des caract\u00e9ristiques physiques que demande la GR, \u00ab<em>il faut aussi avoir du mental, \u00eatre tout le temps gracieuse<\/em>\u00bb affirme Manel.<\/p>\n<p>&nbsp;<\/p>\n<figure id=\"attachment_17806\" aria-describedby=\"caption-attachment-17806\" style=\"width: 750px\" class=\"wp-caption aligncenter\"><a href=\"https:\/\/lyonbondyblog.fr\/LBB\/wp-content\/uploads\/2019\/07\/IMG_20190723_114312.jpg\"><img loading=\"lazy\" decoding=\"async\" class=\" wp-image-17806\" src=\"https:\/\/lyonbondyblog.fr\/LBB\/wp-content\/uploads\/2019\/07\/IMG_20190723_114312-1024x729.jpg\" alt=\"\" width=\"750\" height=\"534\" srcset=\"https:\/\/lyonbondyblog.fr\/LBB\/wp-content\/uploads\/2019\/07\/IMG_20190723_114312-1024x729.jpg 1024w, https:\/\/lyonbondyblog.fr\/LBB\/wp-content\/uploads\/2019\/07\/IMG_20190723_114312-300x214.jpg 300w, https:\/\/lyonbondyblog.fr\/LBB\/wp-content\/uploads\/2019\/07\/IMG_20190723_114312-768x547.jpg 768w, https:\/\/lyonbondyblog.fr\/LBB\/wp-content\/uploads\/2019\/07\/IMG_20190723_114312-600x427.jpg 600w\" sizes=\"auto, (max-width: 750px) 100vw, 750px\" \/><\/a><figcaption id=\"caption-attachment-17806\" class=\"wp-caption-text\">Les gymnastes durant leur encha\u00eenement. Cr\u00e9dits photo : droits r\u00e9serv\u00e9s.<\/figcaption><\/figure>\n<p>Victorieuses du Championnat de France d&rsquo;\u00c9pinay-Sous-S\u00e9nart, elles sont revenus avec deux m\u00e9dailles, et une bonne dose de motivation pour la saison prochaine, o\u00f9 elles seront encore toutes les quatre. Interrog\u00e9e sur la comp\u00e9tition, \u00c9lise explique en rigolant que \u00ab <em>m\u00eame une semaine avant on \u00e9tait en train de stresser<\/em>&nbsp;\u00bb.\u00ab<em>&nbsp;D\u00e9j\u00e0 c\u2019\u00e9tait<\/em><em> grand, les autres fois on avait eu des petits championnats, mais l\u00e0&nbsp; il y avait beaucoup de monde et c\u2019\u00e9tait tr\u00e8s impressionnant<\/em>&nbsp;\u00bb continue-t-elle.<\/p>\n<blockquote><p>\u00ab\u00a0Gagner des points c&rsquo;est horrible, mais en perdre c&rsquo;est vraiment facile\u00a0\u00bb<\/p><\/blockquote>\n<p>Apr\u00e8s le passage de deux minutes, celui o\u00f9 \u00ab\u00a0<em>gagner des points c&rsquo;est horrible mais en perdre c&rsquo;est vraiment facile<\/em>\u00a0\u00bb commente Manel, l&rsquo;\u00e9quipe attend les r\u00e9sultats.\u00ab<em>&nbsp;A l\u2019annonce des r\u00e9sultats, j\u2019\u00e9tais la premi\u00e8re \u00e0 me lever avec Manel. \u00c9lise et \u00c9l\u00e9a sont rest\u00e9es assises en disant \u00ab&nbsp;non non c\u2019est pas nous&nbsp;\u00bb, mais c&rsquo;\u00e9tait bien nous!<\/em>\u00a0\u00bb nous confie Sana.<\/p>\n<p>&nbsp;<\/p>\n<figure id=\"attachment_17807\" aria-describedby=\"caption-attachment-17807\" style=\"width: 586px\" class=\"wp-caption aligncenter\"><a href=\"https:\/\/lyonbondyblog.fr\/LBB\/wp-content\/uploads\/2019\/07\/Resized_20190526_140635_3383.jpg\"><img loading=\"lazy\" decoding=\"async\" class=\" wp-image-17807\" src=\"https:\/\/lyonbondyblog.fr\/LBB\/wp-content\/uploads\/2019\/07\/Resized_20190526_140635_3383-768x1024.jpg\" alt=\"\" width=\"586\" height=\"782\" srcset=\"https:\/\/lyonbondyblog.fr\/LBB\/wp-content\/uploads\/2019\/07\/Resized_20190526_140635_3383-768x1024.jpg 768w, https:\/\/lyonbondyblog.fr\/LBB\/wp-content\/uploads\/2019\/07\/Resized_20190526_140635_3383-225x300.jpg 225w, https:\/\/lyonbondyblog.fr\/LBB\/wp-content\/uploads\/2019\/07\/Resized_20190526_140635_3383-600x800.jpg 600w, https:\/\/lyonbondyblog.fr\/LBB\/wp-content\/uploads\/2019\/07\/Resized_20190526_140635_3383.jpg 1080w\" sizes=\"auto, (max-width: 586px) 100vw, 586px\" \/><\/a><figcaption id=\"caption-attachment-17807\" class=\"wp-caption-text\">L&rsquo;\u00e9quipe du PESD apr\u00e8s la victoire du Championnat d\u2019\u00c9pinay-sous-S\u00e9nart. Cr\u00e9dits photo : droits r\u00e9serv\u00e9s.<\/figcaption><\/figure>\n<p>Les quatre jeunes gymnastes sont revenues \u00e0 Lyon avec la premi\u00e8re place du championnat, et ont contribu\u00e9 \u00e0 la victoire globale de la PESD, calcul\u00e9e sur la moyenne des places de la comp\u00e9tition. Au total : deux m\u00e9dailles rapport\u00e9es, et une super exp\u00e9rience. Sana insiste sur le fait qu&rsquo;avant d&rsquo;\u00eatre une \u00e9quipe, elles sont \u00e9galement amies : \u00ab <em>Si vous ne vous entendez pas entre vous, pendant le passage il n\u2019y aura pas le m\u00eame rythme. \u00c7a se voit quand on n&rsquo;est pas ami avec les autres<\/em>&nbsp;\u00bb. Un belle histoire qui, nous l&rsquo;esp\u00e9rons, continuera l&rsquo;an prochain !<\/p>\n<p>&nbsp;<\/p>\n<!-- AddThis Advanced Settings generic via filter on the_content --><!-- AddThis Share Buttons generic via filter on the_content -->","protected":false},"excerpt":{"rendered":"<p>Entra\u00een\u00e9es \u00e0 la PESD, Sana, Manel, El\u00e9a et Elise ont remport\u00e9 le Championnat de France d\u2019\u00c9pinay-sous-S\u00e9nart (91) de gymnastique rythmique. Interrog\u00e9es par le Lyon Bondy &hellip; <!-- AddThis Advanced Settings generic via filter on wp_trim_excerpt --><!-- AddThis Share Buttons generic via filter on wp_trim_excerpt --><\/p>\n","protected":false},"author":14288,"featured_media":17807,"comment_status":"open","ping_status":"open","sticky":false,"template":"","format":"standard","meta":{"_FSMCFIC_featured_image_caption":"","_FSMCFIC_featured_image_nocaption":"","_FSMCFIC_featured_image_hide":"","footnotes":""},"categories":[11249,4,2862],"tags":[14141,14142,29],"class_list":["post-17805","post","type-post","status-publish","format-standard","has-post-thumbnail","hentry","category-art","category-lyon","category-sport","tag-gr","tag-gymnastique-rythmique","tag-sport"],"yoast_head":"<!-- This site is optimized with the Yoast SEO plugin v22.8 - https:\/\/yoast.com\/wordpress\/plugins\/seo\/ -->\n<title>Les gymnastes de la PESD donnent le rythme - Lyon Bondy Blog<\/title>\n<meta name=\"robots\" content=\"index, follow, max-snippet:-1, max-image-preview:large, max-video-preview:-1\" \/>\n<link rel=\"canonical\" href=\"https:\/\/lyonbondyblog.fr\/LBB\/les-gymnastes-de-la-pesd-donnent-le-rythme\/\" \/>\n<meta property=\"og:locale\" content=\"fr_FR\" \/>\n<meta property=\"og:type\" content=\"article\" \/>\n<meta property=\"og:title\" content=\"Les gymnastes de la PESD donnent le rythme - Lyon Bondy Blog\" \/>\n<meta property=\"og:description\" content=\"Entra\u00een\u00e9es \u00e0 la PESD, Sana, Manel, El\u00e9a et Elise ont remport\u00e9 le Championnat de France d\u2019\u00c9pinay-sous-S\u00e9nart (91) de gymnastique rythmique. Interrog\u00e9es par le Lyon Bondy &hellip;\" \/>\n<meta property=\"og:url\" content=\"https:\/\/lyonbondyblog.fr\/LBB\/les-gymnastes-de-la-pesd-donnent-le-rythme\/\" \/>\n<meta property=\"og:site_name\" content=\"Lyon Bondy Blog\" \/>\n<meta property=\"article:publisher\" content=\"https:\/\/www.facebook.com\/lyonbondyblog\" \/>\n<meta property=\"article:published_time\" content=\"2019-07-29T12:39:27+00:00\" \/>\n<meta property=\"article:modified_time\" content=\"2019-07-29T14:37:24+00:00\" \/>\n<meta property=\"og:image\" content=\"https:\/\/lyonbondyblog.fr\/LBB\/wp-content\/uploads\/2019\/07\/Resized_20190526_140635_3383.jpg\" \/>\n\t<meta property=\"og:image:width\" content=\"1080\" \/>\n\t<meta property=\"og:image:height\" content=\"1440\" \/>\n\t<meta property=\"og:image:type\" content=\"image\/jpeg\" \/>\n<meta name=\"author\" content=\"Nicolas Delattre\" \/>\n<meta name=\"twitter:card\" content=\"summary_large_image\" \/>\n<meta name=\"twitter:creator\" content=\"@bondybloglyon\" \/>\n<meta name=\"twitter:site\" content=\"@bondybloglyon\" \/>\n<script type=\"application\/ld+json\" class=\"yoast-schema-graph\">{\"@context\":\"https:\/\/schema.org\",\"@graph\":[{\"@type\":\"Article\",\"@id\":\"https:\/\/lyonbondyblog.fr\/LBB\/les-gymnastes-de-la-pesd-donnent-le-rythme\/#article\",\"isPartOf\":{\"@id\":\"https:\/\/lyonbondyblog.fr\/LBB\/les-gymnastes-de-la-pesd-donnent-le-rythme\/\"},\"author\":{\"name\":\"Nicolas Delattre\",\"@id\":\"https:\/\/lyonbondyblog.fr\/LBB\/#\/schema\/person\/3f5335e7f858766f4ed6876c707e54c5\"},\"headline\":\"Les gymnastes de la PESD donnent le rythme\",\"datePublished\":\"2019-07-29T12:39:27+00:00\",\"dateModified\":\"2019-07-29T14:37:24+00:00\",\"mainEntityOfPage\":{\"@id\":\"https:\/\/lyonbondyblog.fr\/LBB\/les-gymnastes-de-la-pesd-donnent-le-rythme\/\"},\"wordCount\":581,\"commentCount\":0,\"publisher\":{\"@id\":\"https:\/\/lyonbondyblog.fr\/LBB\/#organization\"},\"image\":{\"@id\":\"https:\/\/lyonbondyblog.fr\/LBB\/les-gymnastes-de-la-pesd-donnent-le-rythme\/#primaryimage\"},\"thumbnailUrl\":\"https:\/\/lyonbondyblog.fr\/LBB\/wp-content\/uploads\/2019\/07\/Resized_20190526_140635_3383.jpg\",\"keywords\":[\"GR\",\"gymnastique rythmique\",\"sport\"],\"articleSection\":[\"Art\",\"Lyon\",\"Sport\"],\"inLanguage\":\"fr-FR\",\"potentialAction\":[{\"@type\":\"CommentAction\",\"name\":\"Comment\",\"target\":[\"https:\/\/lyonbondyblog.fr\/LBB\/les-gymnastes-de-la-pesd-donnent-le-rythme\/#respond\"]}]},{\"@type\":\"WebPage\",\"@id\":\"https:\/\/lyonbondyblog.fr\/LBB\/les-gymnastes-de-la-pesd-donnent-le-rythme\/\",\"url\":\"https:\/\/lyonbondyblog.fr\/LBB\/les-gymnastes-de-la-pesd-donnent-le-rythme\/\",\"name\":\"Les gymnastes de la PESD donnent le rythme - Lyon Bondy Blog\",\"isPartOf\":{\"@id\":\"https:\/\/lyonbondyblog.fr\/LBB\/#website\"},\"primaryImageOfPage\":{\"@id\":\"https:\/\/lyonbondyblog.fr\/LBB\/les-gymnastes-de-la-pesd-donnent-le-rythme\/#primaryimage\"},\"image\":{\"@id\":\"https:\/\/lyonbondyblog.fr\/LBB\/les-gymnastes-de-la-pesd-donnent-le-rythme\/#primaryimage\"},\"thumbnailUrl\":\"https:\/\/lyonbondyblog.fr\/LBB\/wp-content\/uploads\/2019\/07\/Resized_20190526_140635_3383.jpg\",\"datePublished\":\"2019-07-29T12:39:27+00:00\",\"dateModified\":\"2019-07-29T14:37:24+00:00\",\"inLanguage\":\"fr-FR\",\"potentialAction\":[{\"@type\":\"ReadAction\",\"target\":[\"https:\/\/lyonbondyblog.fr\/LBB\/les-gymnastes-de-la-pesd-donnent-le-rythme\/\"]}]},{\"@type\":\"ImageObject\",\"inLanguage\":\"fr-FR\",\"@id\":\"https:\/\/lyonbondyblog.fr\/LBB\/les-gymnastes-de-la-pesd-donnent-le-rythme\/#primaryimage\",\"url\":\"https:\/\/lyonbondyblog.fr\/LBB\/wp-content\/uploads\/2019\/07\/Resized_20190526_140635_3383.jpg\",\"contentUrl\":\"https:\/\/lyonbondyblog.fr\/LBB\/wp-content\/uploads\/2019\/07\/Resized_20190526_140635_3383.jpg\",\"width\":1080,\"height\":1440,\"caption\":\"L'\u00e9quipe du PESD apr\u00e8s la victoire du Championnat d\u2019\u00c9pinay-sous-S\u00e9nart\"},{\"@type\":\"WebSite\",\"@id\":\"https:\/\/lyonbondyblog.fr\/LBB\/#website\",\"url\":\"https:\/\/lyonbondyblog.fr\/LBB\/\",\"name\":\"Lyon Bondy Blog\",\"description\":\"\",\"publisher\":{\"@id\":\"https:\/\/lyonbondyblog.fr\/LBB\/#organization\"},\"potentialAction\":[{\"@type\":\"SearchAction\",\"target\":{\"@type\":\"EntryPoint\",\"urlTemplate\":\"https:\/\/lyonbondyblog.fr\/LBB\/?s={search_term_string}\"},\"query-input\":\"required name=search_term_string\"}],\"inLanguage\":\"fr-FR\"},{\"@type\":\"Organization\",\"@id\":\"https:\/\/lyonbondyblog.fr\/LBB\/#organization\",\"name\":\"LYON BONDY BLOG\",\"url\":\"https:\/\/lyonbondyblog.fr\/LBB\/\",\"logo\":{\"@type\":\"ImageObject\",\"inLanguage\":\"fr-FR\",\"@id\":\"https:\/\/lyonbondyblog.fr\/LBB\/#\/schema\/logo\/image\/\",\"url\":\"http:\/\/lyonbondyblog.fr\/LBB\/wp-content\/uploads\/2014\/10\/logo-portable-144.png\",\"contentUrl\":\"http:\/\/lyonbondyblog.fr\/LBB\/wp-content\/uploads\/2014\/10\/logo-portable-144.png\",\"width\":144,\"height\":123,\"caption\":\"LYON BONDY BLOG\"},\"image\":{\"@id\":\"https:\/\/lyonbondyblog.fr\/LBB\/#\/schema\/logo\/image\/\"},\"sameAs\":[\"https:\/\/www.facebook.com\/lyonbondyblog\",\"https:\/\/x.com\/bondybloglyon\"]},{\"@type\":\"Person\",\"@id\":\"https:\/\/lyonbondyblog.fr\/LBB\/#\/schema\/person\/3f5335e7f858766f4ed6876c707e54c5\",\"name\":\"Nicolas Delattre\",\"url\":\"https:\/\/lyonbondyblog.fr\/LBB\/author\/nicolas-delattre\/\"}]}<\/script>\n<!-- \/ Yoast SEO plugin. -->","yoast_head_json":{"title":"Les gymnastes de la PESD donnent le rythme - Lyon Bondy Blog","robots":{"index":"index","follow":"follow","max-snippet":"max-snippet:-1","max-image-preview":"max-image-preview:large","max-video-preview":"max-video-preview:-1"},"canonical":"https:\/\/lyonbondyblog.fr\/LBB\/les-gymnastes-de-la-pesd-donnent-le-rythme\/","og_locale":"fr_FR","og_type":"article","og_title":"Les gymnastes de la PESD donnent le rythme - Lyon Bondy Blog","og_description":"Entra\u00een\u00e9es \u00e0 la PESD, Sana, Manel, El\u00e9a et Elise ont remport\u00e9 le Championnat de France d\u2019\u00c9pinay-sous-S\u00e9nart (91) de gymnastique rythmique. Interrog\u00e9es par le Lyon Bondy &hellip;","og_url":"https:\/\/lyonbondyblog.fr\/LBB\/les-gymnastes-de-la-pesd-donnent-le-rythme\/","og_site_name":"Lyon Bondy Blog","article_publisher":"https:\/\/www.facebook.com\/lyonbondyblog","article_published_time":"2019-07-29T12:39:27+00:00","article_modified_time":"2019-07-29T14:37:24+00:00","og_image":[{"width":1080,"height":1440,"url":"https:\/\/lyonbondyblog.fr\/LBB\/wp-content\/uploads\/2019\/07\/Resized_20190526_140635_3383.jpg","type":"image\/jpeg"}],"author":"Nicolas Delattre","twitter_card":"summary_large_image","twitter_creator":"@bondybloglyon","twitter_site":"@bondybloglyon","schema":{"@context":"https:\/\/schema.org","@graph":[{"@type":"Article","@id":"https:\/\/lyonbondyblog.fr\/LBB\/les-gymnastes-de-la-pesd-donnent-le-rythme\/#article","isPartOf":{"@id":"https:\/\/lyonbondyblog.fr\/LBB\/les-gymnastes-de-la-pesd-donnent-le-rythme\/"},"author":{"name":"Nicolas Delattre","@id":"https:\/\/lyonbondyblog.fr\/LBB\/#\/schema\/person\/3f5335e7f858766f4ed6876c707e54c5"},"headline":"Les gymnastes de la PESD donnent le rythme","datePublished":"2019-07-29T12:39:27+00:00","dateModified":"2019-07-29T14:37:24+00:00","mainEntityOfPage":{"@id":"https:\/\/lyonbondyblog.fr\/LBB\/les-gymnastes-de-la-pesd-donnent-le-rythme\/"},"wordCount":581,"commentCount":0,"publisher":{"@id":"https:\/\/lyonbondyblog.fr\/LBB\/#organization"},"image":{"@id":"https:\/\/lyonbondyblog.fr\/LBB\/les-gymnastes-de-la-pesd-donnent-le-rythme\/#primaryimage"},"thumbnailUrl":"https:\/\/lyonbondyblog.fr\/LBB\/wp-content\/uploads\/2019\/07\/Resized_20190526_140635_3383.jpg","keywords":["GR","gymnastique rythmique","sport"],"articleSection":["Art","Lyon","Sport"],"inLanguage":"fr-FR","potentialAction":[{"@type":"CommentAction","name":"Comment","target":["https:\/\/lyonbondyblog.fr\/LBB\/les-gymnastes-de-la-pesd-donnent-le-rythme\/#respond"]}]},{"@type":"WebPage","@id":"https:\/\/lyonbondyblog.fr\/LBB\/les-gymnastes-de-la-pesd-donnent-le-rythme\/","url":"https:\/\/lyonbondyblog.fr\/LBB\/les-gymnastes-de-la-pesd-donnent-le-rythme\/","name":"Les gymnastes de la PESD donnent le rythme - Lyon Bondy Blog","isPartOf":{"@id":"https:\/\/lyonbondyblog.fr\/LBB\/#website"},"primaryImageOfPage":{"@id":"https:\/\/lyonbondyblog.fr\/LBB\/les-gymnastes-de-la-pesd-donnent-le-rythme\/#primaryimage"},"image":{"@id":"https:\/\/lyonbondyblog.fr\/LBB\/les-gymnastes-de-la-pesd-donnent-le-rythme\/#primaryimage"},"thumbnailUrl":"https:\/\/lyonbondyblog.fr\/LBB\/wp-content\/uploads\/2019\/07\/Resized_20190526_140635_3383.jpg","datePublished":"2019-07-29T12:39:27+00:00","dateModified":"2019-07-29T14:37:24+00:00","inLanguage":"fr-FR","potentialAction":[{"@type":"ReadAction","target":["https:\/\/lyonbondyblog.fr\/LBB\/les-gymnastes-de-la-pesd-donnent-le-rythme\/"]}]},{"@type":"ImageObject","inLanguage":"fr-FR","@id":"https:\/\/lyonbondyblog.fr\/LBB\/les-gymnastes-de-la-pesd-donnent-le-rythme\/#primaryimage","url":"https:\/\/lyonbondyblog.fr\/LBB\/wp-content\/uploads\/2019\/07\/Resized_20190526_140635_3383.jpg","contentUrl":"https:\/\/lyonbondyblog.fr\/LBB\/wp-content\/uploads\/2019\/07\/Resized_20190526_140635_3383.jpg","width":1080,"height":1440,"caption":"L'\u00e9quipe du PESD apr\u00e8s la victoire du Championnat d\u2019\u00c9pinay-sous-S\u00e9nart"},{"@type":"WebSite","@id":"https:\/\/lyonbondyblog.fr\/LBB\/#website","url":"https:\/\/lyonbondyblog.fr\/LBB\/","name":"Lyon Bondy Blog","description":"","publisher":{"@id":"https:\/\/lyonbondyblog.fr\/LBB\/#organization"},"potentialAction":[{"@type":"SearchAction","target":{"@type":"EntryPoint","urlTemplate":"https:\/\/lyonbondyblog.fr\/LBB\/?s={search_term_string}"},"query-input":"required name=search_term_string"}],"inLanguage":"fr-FR"},{"@type":"Organization","@id":"https:\/\/lyonbondyblog.fr\/LBB\/#organization","name":"LYON BONDY BLOG","url":"https:\/\/lyonbondyblog.fr\/LBB\/","logo":{"@type":"ImageObject","inLanguage":"fr-FR","@id":"https:\/\/lyonbondyblog.fr\/LBB\/#\/schema\/logo\/image\/","url":"http:\/\/lyonbondyblog.fr\/LBB\/wp-content\/uploads\/2014\/10\/logo-portable-144.png","contentUrl":"http:\/\/lyonbondyblog.fr\/LBB\/wp-content\/uploads\/2014\/10\/logo-portable-144.png","width":144,"height":123,"caption":"LYON BONDY BLOG"},"image":{"@id":"https:\/\/lyonbondyblog.fr\/LBB\/#\/schema\/logo\/image\/"},"sameAs":["https:\/\/www.facebook.com\/lyonbondyblog","https:\/\/x.com\/bondybloglyon"]},{"@type":"Person","@id":"https:\/\/lyonbondyblog.fr\/LBB\/#\/schema\/person\/3f5335e7f858766f4ed6876c707e54c5","name":"Nicolas Delattre","url":"https:\/\/lyonbondyblog.fr\/LBB\/author\/nicolas-delattre\/"}]}},"_links":{"self":[{"href":"https:\/\/lyonbondyblog.fr\/LBB\/wp-json\/wp\/v2\/posts\/17805","targetHints":{"allow":["GET"]}}],"collection":[{"href":"https:\/\/lyonbondyblog.fr\/LBB\/wp-json\/wp\/v2\/posts"}],"about":[{"href":"https:\/\/lyonbondyblog.fr\/LBB\/wp-json\/wp\/v2\/types\/post"}],"author":[{"embeddable":true,"href":"https:\/\/lyonbondyblog.fr\/LBB\/wp-json\/wp\/v2\/users\/14288"}],"replies":[{"embeddable":true,"href":"https:\/\/lyonbondyblog.fr\/LBB\/wp-json\/wp\/v2\/comments?post=17805"}],"version-history":[{"count":10,"href":"https:\/\/lyonbondyblog.fr\/LBB\/wp-json\/wp\/v2\/posts\/17805\/revisions"}],"predecessor-version":[{"id":17826,"href":"https:\/\/lyonbondyblog.fr\/LBB\/wp-json\/wp\/v2\/posts\/17805\/revisions\/17826"}],"wp:featuredmedia":[{"embeddable":true,"href":"https:\/\/lyonbondyblog.fr\/LBB\/wp-json\/wp\/v2\/media\/17807"}],"wp:attachment":[{"href":"https:\/\/lyonbondyblog.fr\/LBB\/wp-json\/wp\/v2\/media?parent=17805"}],"wp:term":[{"taxonomy":"category","embeddable":true,"href":"https:\/\/lyonbondyblog.fr\/LBB\/wp-json\/wp\/v2\/categories?post=17805"},{"taxonomy":"post_tag","embeddable":true,"href":"https:\/\/lyonbondyblog.fr\/LBB\/wp-json\/wp\/v2\/tags?post=17805"}],"curies":[{"name":"wp","href":"https:\/\/api.w.org\/{rel}","templated":true}]}}