{"id":17785,"date":"2019-07-26T13:08:25","date_gmt":"2019-07-26T11:08:25","guid":{"rendered":"http:\/\/lyonbondyblog.fr\/LBB\/?p=17785"},"modified":"2019-07-26T17:47:49","modified_gmt":"2019-07-26T15:47:49","slug":"a-gorge-de-loup-on-danse-sur-les-murs","status":"publish","type":"post","link":"https:\/\/lyonbondyblog.fr\/LBB\/a-gorge-de-loup-on-danse-sur-les-murs\/","title":{"rendered":"\u00c0 Gorge-de-Loup, on danse sur les murs"},"content":{"rendered":"<h4 align=\"JUSTIFY\"><span style=\"font-family: georgia, palatino, serif;font-size: 12pt\">Le 22 juillet dernier, la Compagnie du Subterfuge se rendait de nouveau dans les rues du quartier Gorge-de-Loup, dans le 9\u00e8me arrondissement de Lyon. Apr\u00e8s le succ\u00e8s de \u00ab\u00a0<i>C&rsquo;est quoi ton r\u00eave\u00a0?\u00a0\u00bb, <\/i>derni\u00e8re \u00e9dition<i> <\/i>de son projet participatif \u00ab\u00a0<i>Faire danser les murs\u00a0\u00bb<\/i>, l&rsquo;association lance un nouveau volet encore plus orient\u00e9 vers la danse. LBB a accompagn\u00e9 Laureline Gelas, porteuse du projet, et Kevin Buy, photographe, pendant leur tour dans le quartier. Une heure de rencontres exceptionnelles.<\/span><\/h4>\n<p align=\"JUSTIFY\"><span style=\"font-family: georgia, palatino, serif;font-size: 12pt\">36 degr\u00e9s \u00e0 l&rsquo;ombre, peu de vent et pas le moindre nuage dans le ciel\u00a0: normalement des raisons suffisantes pour rester \u00e0 la maison, fermer les fen\u00eatres et se rendre \u00e0 un endroit froid. Pas pour Laureline Gelas, danseuse hip hop et directrice artistique au sein de la Compagnie du Subterfuge depuis 2008. Rapidement, la quarantenaire fonce vers la rue en direction d&rsquo;un homme \u00e2g\u00e9. \u00ab <em>Jean-Pierre, vous \u00e9tiez dans l&rsquo;exposition\u00a0!<\/em> \u00bb, lui crie-t-elle en rigolant. Il fait partie des vingt-et-un personnes photographi\u00e9es dont l&rsquo;image a \u00e9t\u00e9 tir\u00e9e pour l&rsquo;exposition \u00ab\u00a0<i>C&rsquo;est quoi ton r\u00eave\u00a0?\u00a0\u00bb, <\/i>affich\u00e9e jusqu&rsquo;au 18 juillet \u00e0 la mairie du 9\u00e8me arrondissement. Le septuag\u00e9naire ne peut gu\u00e8re le croire. Laureline Gelas saisit l&rsquo;occasion : \u00ab\u00a0<em>Cela vous dit de participer de nouveau\u00a0? On essaie de faire danser tout le monde dans la rue.<\/em>\u00a0\u00bb.<\/span><\/p>\n<h4 align=\"JUSTIFY\"><span style=\"font-family: georgia, palatino, serif;font-size: 12pt\"><i><b>\u00ab\u00a0On cherche toujours \u00e0 avoir les gens dans un moment spontan\u00e9, qui arrive comme \u00e7a.\u00a0\u00bb<\/b><\/i><\/span><\/h4>\n<p align=\"JUSTIFY\"><span style=\"font-family: georgia, palatino, serif;font-size: 12pt\">Le projet \u00e9voqu\u00e9 par la chor\u00e9graphe est d\u00e9j\u00e0 la troisi\u00e8me \u00e9dition de la r\u00e9sidence artistique \u00ab\u00a0<i>Faire danser les murs\u00a0\u00bb <\/i>men\u00e9e avec les habitants du quartier Gorge-de-Loup. En septembre 2017, la premi\u00e8re \u00e9dition, m\u00ealant danse et photographie lumineuse, a lanc\u00e9 ce projet participatif. Pendant six mois, l&rsquo;\u00e9quipe artistique de la Compagnie du Subterfuge a install\u00e9 une tente dans la rue, sous laquelle les habitants pouvaient cr\u00e9er leur propre \u0153uvre avec la m\u00e9canique du light painting. La troisi\u00e8me \u00e9dition, intitul\u00e9e \u00ab\u00a0<i>We are so exquis\u00a0!\u00a0\u00bb,<\/i> les fait entrer encore plus dans la danse. <i>\u00ab\u00a0On leur demande de montrer une position dans\u00e9e\u00a0\u00bb<\/i>, raconte Laureline Gelas qui travaille en collaboration avec les trois photographes Marion Bornaz, Juliette Treillet et Kevin Buy. La deuxi\u00e8me semaine de chaque mois, les artistes arpentent la rue \u00e0 la recherche d&rsquo;instants de vie simples. <i>\u00ab\u00a0On cherche toujours \u00e0 avoir les gens dans un moment spontan\u00e9, qui arrive comme \u00e7a.\u00a0\u00bb<\/i>, rit la chor\u00e9graphe.<\/span><\/p>\n<h4 align=\"JUSTIFY\"><span style=\"font-family: georgia, palatino, serif;font-size: 12pt\"><i><b>Recr\u00e9er du lien dans un quartier prioritaire<\/b><\/i><\/span><\/h4>\n<p align=\"JUSTIFY\"><span style=\"font-family: georgia, palatino, serif;font-size: 12pt\">L&rsquo;objectif sous-jacent est de mettre en exergue la cr\u00e9ativit\u00e9 des habitants et la dynamique du quartier, class\u00e9 en zone prioritaire de la politique de la ville. La Compagnie du Subterfuge souhaite recr\u00e9er du lien entre les diff\u00e9rents acteurs de la vie du territoire\u00a0: <i>\u00ab\u00a0Il s&rsquo;agit de cr\u00e9er une dynamique engag\u00e9e r\u00e9partie sur diff\u00e9rentes structures qui ont des actions compl\u00e9mentaires\u00a0\u00bb<\/i>. Les \u0153uvres cr\u00e9\u00e9es dans le cadre des \u00e9ditions pr\u00e9c\u00e9dentes ont notamment \u00e9t\u00e9 expos\u00e9es \u00e0 la M\u00e9diath\u00e8que de Vaise et \u00e0 la Mairie du 9\u00e8me arrondissement. Ces partenariats \u00e9troits pourraient \u00eatre reconduits pour cette troisi\u00e8me \u00e9dition. Cependant, les photos seront dans un premier temps affich\u00e9es <i>in situ<\/i>. <i>\u00ab\u00a0On fera une fresque avec plein d&rsquo;habitants, qui seront tous en mouvement sur les murs du quartier\u00a0\u00bb<\/i>, d\u00e9voile le photographe Kevin Buy. Convaincus par les pr\u00e9c\u00e9dents projets de la Compagnie, certains habitants se portent d\u00e9j\u00e0 volontaire pour afficher de nouveau des clich\u00e9s sur leurs propres murs. C&rsquo;est le cas de Thierry, amateur d&rsquo;art depuis des ann\u00e9es, attrist\u00e9 par le retrait d&rsquo;un premier portrait coll\u00e9 \u00e0 c\u00f4t\u00e9 de sa fen\u00eatre.<\/span><\/p>\n<figure id=\"attachment_17801\" aria-describedby=\"caption-attachment-17801\" style=\"width: 300px\" class=\"wp-caption aligncenter\"><a href=\"https:\/\/lyonbondyblog.fr\/LBB\/wp-content\/uploads\/2019\/07\/P1000987-3.jpg\"><img loading=\"lazy\" decoding=\"async\" class=\"size-medium wp-image-17801\" src=\"https:\/\/lyonbondyblog.fr\/LBB\/wp-content\/uploads\/2019\/07\/P1000987-3-300x285.jpg\" alt=\"\" width=\"300\" height=\"285\" srcset=\"https:\/\/lyonbondyblog.fr\/LBB\/wp-content\/uploads\/2019\/07\/P1000987-3-300x285.jpg 300w, https:\/\/lyonbondyblog.fr\/LBB\/wp-content\/uploads\/2019\/07\/P1000987-3-768x730.jpg 768w, https:\/\/lyonbondyblog.fr\/LBB\/wp-content\/uploads\/2019\/07\/P1000987-3-1024x973.jpg 1024w, https:\/\/lyonbondyblog.fr\/LBB\/wp-content\/uploads\/2019\/07\/P1000987-3-600x570.jpg 600w\" sizes=\"auto, (max-width: 300px) 100vw, 300px\" \/><\/a><figcaption id=\"caption-attachment-17801\" class=\"wp-caption-text\">De gauche \u00e0 droite : Kevin Buy, Thierry et Laureline Gelas<\/figcaption><\/figure>\n<h4 align=\"JUSTIFY\"><span style=\"font-family: georgia, palatino, serif;font-size: 12pt\"><i><b>\u00ab\u00a0On s&rsquo;est rendu compte que la fracture num\u00e9rique est r\u00e9elle ici.\u00a0\u00bb<\/b><\/i><\/span><\/h4>\n<p align=\"JUSTIFY\"><span style=\"font-family: georgia, palatino, serif;font-size: 12pt\">En plus de son aspect dansant, une nouveaut\u00e9 rend cette troisi\u00e8me \u00e9dition encore plus sp\u00e9ciale\u00a0: une application num\u00e9rique permettra aux habitants de recr\u00e9er des personnages issus des parties du corps de diff\u00e9rents habitants. <i>\u00ab\u00a0On s&rsquo;est rendu compte que la fracture num\u00e9rique est r\u00e9elle ici.\u00a0\u00bb<\/i>, explique Laureline Gelas, d&rsquo;un ton s\u00e9rieux. <i>\u00ab\u00a0Certains foyers n\u2019ont ni adresse mail, ni ordinateur \u00e0 la maison\u00a0\u00bb<\/i>. \u00c0 travers cette nouvelle application num\u00e9rique, l&rsquo;\u00e9quipe souhaite faire une entr\u00e9e au num\u00e9rique sur un point artistique. \u00c0 l&rsquo;aide d&rsquo;une tablette num\u00e9rique, deux personnes en Service Civique s&rsquo;occuperont de cr\u00e9er les personnages symboliques. Une ouverture au monde digital, mais aussi un rapprochement entre l&rsquo;\u00e9quipe artistique et les riverains du quartier, de plus en plus investis dans le projet.<\/span><\/p>\n<p align=\"JUSTIFY\">\n<p align=\"JUSTIFY\"><span style=\"font-family: georgia, palatino, serif;font-size: 12pt\">\u00c0 70 ans, Jean-Pierre se prend, lui aussi, au jeu. Sur le trottoir devant la maison de retraite, le retrait\u00e9 fait une pose apr\u00e8s l&rsquo;autre pour le plus grand plaisir de Laureline Gelas et Kevin Buy. Le temps de quelques clich\u00e9s, l&rsquo;ancien professeur en sciences \u00e9conomiques devient danseur. Rapidement, il revient dans sa vie quotidienne. Il faut se d\u00e9p\u00eacher, le tabac du coin ferme \u00e0 19 heures.<\/span><\/p>\n<!-- AddThis Advanced Settings generic via filter on the_content --><!-- AddThis Share Buttons generic via filter on the_content -->","protected":false},"excerpt":{"rendered":"<p>Le 22 juillet dernier, la Compagnie du Subterfuge se rendait de nouveau dans les rues du quartier Gorge-de-Loup, dans le 9\u00e8me arrondissement de Lyon. Apr\u00e8s &hellip; <!-- AddThis Advanced Settings generic via filter on wp_trim_excerpt --><!-- AddThis Share Buttons generic via filter on wp_trim_excerpt --><\/p>\n","protected":false},"author":16329,"featured_media":17797,"comment_status":"open","ping_status":"open","sticky":false,"template":"","format":"standard","meta":{"_FSMCFIC_featured_image_caption":"","_FSMCFIC_featured_image_nocaption":"","_FSMCFIC_featured_image_hide":"","footnotes":""},"categories":[11249,3,14140,4,2],"tags":[],"class_list":["post-17785","post","type-post","status-publish","format-standard","has-post-thumbnail","hentry","category-art","category-culture","category-danse","category-lyon","category-societe"],"yoast_head":"<!-- This site is optimized with the Yoast SEO plugin v22.8 - https:\/\/yoast.com\/wordpress\/plugins\/seo\/ -->\n<title>\u00c0 Gorge-de-Loup, on danse sur les murs - Lyon Bondy Blog<\/title>\n<meta name=\"robots\" content=\"index, follow, max-snippet:-1, max-image-preview:large, max-video-preview:-1\" \/>\n<link rel=\"canonical\" href=\"https:\/\/lyonbondyblog.fr\/LBB\/a-gorge-de-loup-on-danse-sur-les-murs\/\" \/>\n<meta property=\"og:locale\" content=\"fr_FR\" \/>\n<meta property=\"og:type\" content=\"article\" \/>\n<meta property=\"og:title\" content=\"\u00c0 Gorge-de-Loup, on danse sur les murs - Lyon Bondy Blog\" \/>\n<meta property=\"og:description\" content=\"Le 22 juillet dernier, la Compagnie du Subterfuge se rendait de nouveau dans les rues du quartier Gorge-de-Loup, dans le 9\u00e8me arrondissement de Lyon. Apr\u00e8s &hellip;\" \/>\n<meta property=\"og:url\" content=\"https:\/\/lyonbondyblog.fr\/LBB\/a-gorge-de-loup-on-danse-sur-les-murs\/\" \/>\n<meta property=\"og:site_name\" content=\"Lyon Bondy Blog\" \/>\n<meta property=\"article:publisher\" content=\"https:\/\/www.facebook.com\/lyonbondyblog\" \/>\n<meta property=\"article:published_time\" content=\"2019-07-26T11:08:25+00:00\" \/>\n<meta property=\"article:modified_time\" content=\"2019-07-26T15:47:49+00:00\" \/>\n<meta property=\"og:image\" content=\"https:\/\/lyonbondyblog.fr\/LBB\/wp-content\/uploads\/2019\/07\/Karim-Megnuau_DSC_4167-683x1024.jpg\" \/>\n\t<meta property=\"og:image:width\" content=\"683\" \/>\n\t<meta property=\"og:image:height\" content=\"1024\" \/>\n\t<meta property=\"og:image:type\" content=\"image\/jpeg\" \/>\n<meta name=\"author\" content=\"Pauline Beger\" \/>\n<meta name=\"twitter:card\" content=\"summary_large_image\" \/>\n<meta name=\"twitter:creator\" content=\"@bondybloglyon\" \/>\n<meta name=\"twitter:site\" content=\"@bondybloglyon\" \/>\n<script type=\"application\/ld+json\" class=\"yoast-schema-graph\">{\"@context\":\"https:\/\/schema.org\",\"@graph\":[{\"@type\":\"Article\",\"@id\":\"https:\/\/lyonbondyblog.fr\/LBB\/a-gorge-de-loup-on-danse-sur-les-murs\/#article\",\"isPartOf\":{\"@id\":\"https:\/\/lyonbondyblog.fr\/LBB\/a-gorge-de-loup-on-danse-sur-les-murs\/\"},\"author\":{\"name\":\"Pauline Beger\",\"@id\":\"https:\/\/lyonbondyblog.fr\/LBB\/#\/schema\/person\/5c48422f955ecaac8c5621720d0ba77a\"},\"headline\":\"\u00c0 Gorge-de-Loup, on danse sur les murs\",\"datePublished\":\"2019-07-26T11:08:25+00:00\",\"dateModified\":\"2019-07-26T15:47:49+00:00\",\"mainEntityOfPage\":{\"@id\":\"https:\/\/lyonbondyblog.fr\/LBB\/a-gorge-de-loup-on-danse-sur-les-murs\/\"},\"wordCount\":826,\"commentCount\":0,\"publisher\":{\"@id\":\"https:\/\/lyonbondyblog.fr\/LBB\/#organization\"},\"image\":{\"@id\":\"https:\/\/lyonbondyblog.fr\/LBB\/a-gorge-de-loup-on-danse-sur-les-murs\/#primaryimage\"},\"thumbnailUrl\":\"https:\/\/lyonbondyblog.fr\/LBB\/wp-content\/uploads\/2019\/07\/Karim-Megnuau_DSC_4167-683x1024.jpg\",\"articleSection\":[\"Art\",\"Culture\",\"Danse\",\"Lyon\",\"Soci\u00e9t\u00e9\"],\"inLanguage\":\"fr-FR\",\"potentialAction\":[{\"@type\":\"CommentAction\",\"name\":\"Comment\",\"target\":[\"https:\/\/lyonbondyblog.fr\/LBB\/a-gorge-de-loup-on-danse-sur-les-murs\/#respond\"]}]},{\"@type\":\"WebPage\",\"@id\":\"https:\/\/lyonbondyblog.fr\/LBB\/a-gorge-de-loup-on-danse-sur-les-murs\/\",\"url\":\"https:\/\/lyonbondyblog.fr\/LBB\/a-gorge-de-loup-on-danse-sur-les-murs\/\",\"name\":\"\u00c0 Gorge-de-Loup, on danse sur les murs - Lyon Bondy Blog\",\"isPartOf\":{\"@id\":\"https:\/\/lyonbondyblog.fr\/LBB\/#website\"},\"primaryImageOfPage\":{\"@id\":\"https:\/\/lyonbondyblog.fr\/LBB\/a-gorge-de-loup-on-danse-sur-les-murs\/#primaryimage\"},\"image\":{\"@id\":\"https:\/\/lyonbondyblog.fr\/LBB\/a-gorge-de-loup-on-danse-sur-les-murs\/#primaryimage\"},\"thumbnailUrl\":\"https:\/\/lyonbondyblog.fr\/LBB\/wp-content\/uploads\/2019\/07\/Karim-Megnuau_DSC_4167-683x1024.jpg\",\"datePublished\":\"2019-07-26T11:08:25+00:00\",\"dateModified\":\"2019-07-26T15:47:49+00:00\",\"inLanguage\":\"fr-FR\",\"potentialAction\":[{\"@type\":\"ReadAction\",\"target\":[\"https:\/\/lyonbondyblog.fr\/LBB\/a-gorge-de-loup-on-danse-sur-les-murs\/\"]}]},{\"@type\":\"ImageObject\",\"inLanguage\":\"fr-FR\",\"@id\":\"https:\/\/lyonbondyblog.fr\/LBB\/a-gorge-de-loup-on-danse-sur-les-murs\/#primaryimage\",\"url\":\"https:\/\/lyonbondyblog.fr\/LBB\/wp-content\/uploads\/2019\/07\/Karim-Megnuau_DSC_4167-683x1024.jpg\",\"contentUrl\":\"https:\/\/lyonbondyblog.fr\/LBB\/wp-content\/uploads\/2019\/07\/Karim-Megnuau_DSC_4167-683x1024.jpg\",\"width\":683,\"height\":1024},{\"@type\":\"WebSite\",\"@id\":\"https:\/\/lyonbondyblog.fr\/LBB\/#website\",\"url\":\"https:\/\/lyonbondyblog.fr\/LBB\/\",\"name\":\"Lyon Bondy Blog\",\"description\":\"\",\"publisher\":{\"@id\":\"https:\/\/lyonbondyblog.fr\/LBB\/#organization\"},\"potentialAction\":[{\"@type\":\"SearchAction\",\"target\":{\"@type\":\"EntryPoint\",\"urlTemplate\":\"https:\/\/lyonbondyblog.fr\/LBB\/?s={search_term_string}\"},\"query-input\":\"required name=search_term_string\"}],\"inLanguage\":\"fr-FR\"},{\"@type\":\"Organization\",\"@id\":\"https:\/\/lyonbondyblog.fr\/LBB\/#organization\",\"name\":\"LYON BONDY BLOG\",\"url\":\"https:\/\/lyonbondyblog.fr\/LBB\/\",\"logo\":{\"@type\":\"ImageObject\",\"inLanguage\":\"fr-FR\",\"@id\":\"https:\/\/lyonbondyblog.fr\/LBB\/#\/schema\/logo\/image\/\",\"url\":\"http:\/\/lyonbondyblog.fr\/LBB\/wp-content\/uploads\/2014\/10\/logo-portable-144.png\",\"contentUrl\":\"http:\/\/lyonbondyblog.fr\/LBB\/wp-content\/uploads\/2014\/10\/logo-portable-144.png\",\"width\":144,\"height\":123,\"caption\":\"LYON BONDY BLOG\"},\"image\":{\"@id\":\"https:\/\/lyonbondyblog.fr\/LBB\/#\/schema\/logo\/image\/\"},\"sameAs\":[\"https:\/\/www.facebook.com\/lyonbondyblog\",\"https:\/\/x.com\/bondybloglyon\"]},{\"@type\":\"Person\",\"@id\":\"https:\/\/lyonbondyblog.fr\/LBB\/#\/schema\/person\/5c48422f955ecaac8c5621720d0ba77a\",\"name\":\"Pauline Beger\",\"url\":\"https:\/\/lyonbondyblog.fr\/LBB\/author\/paulinebeger\/\"}]}<\/script>\n<!-- \/ Yoast SEO plugin. -->","yoast_head_json":{"title":"\u00c0 Gorge-de-Loup, on danse sur les murs - Lyon Bondy Blog","robots":{"index":"index","follow":"follow","max-snippet":"max-snippet:-1","max-image-preview":"max-image-preview:large","max-video-preview":"max-video-preview:-1"},"canonical":"https:\/\/lyonbondyblog.fr\/LBB\/a-gorge-de-loup-on-danse-sur-les-murs\/","og_locale":"fr_FR","og_type":"article","og_title":"\u00c0 Gorge-de-Loup, on danse sur les murs - Lyon Bondy Blog","og_description":"Le 22 juillet dernier, la Compagnie du Subterfuge se rendait de nouveau dans les rues du quartier Gorge-de-Loup, dans le 9\u00e8me arrondissement de Lyon. Apr\u00e8s &hellip;","og_url":"https:\/\/lyonbondyblog.fr\/LBB\/a-gorge-de-loup-on-danse-sur-les-murs\/","og_site_name":"Lyon Bondy Blog","article_publisher":"https:\/\/www.facebook.com\/lyonbondyblog","article_published_time":"2019-07-26T11:08:25+00:00","article_modified_time":"2019-07-26T15:47:49+00:00","og_image":[{"width":683,"height":1024,"url":"https:\/\/lyonbondyblog.fr\/LBB\/wp-content\/uploads\/2019\/07\/Karim-Megnuau_DSC_4167-683x1024.jpg","type":"image\/jpeg"}],"author":"Pauline Beger","twitter_card":"summary_large_image","twitter_creator":"@bondybloglyon","twitter_site":"@bondybloglyon","schema":{"@context":"https:\/\/schema.org","@graph":[{"@type":"Article","@id":"https:\/\/lyonbondyblog.fr\/LBB\/a-gorge-de-loup-on-danse-sur-les-murs\/#article","isPartOf":{"@id":"https:\/\/lyonbondyblog.fr\/LBB\/a-gorge-de-loup-on-danse-sur-les-murs\/"},"author":{"name":"Pauline Beger","@id":"https:\/\/lyonbondyblog.fr\/LBB\/#\/schema\/person\/5c48422f955ecaac8c5621720d0ba77a"},"headline":"\u00c0 Gorge-de-Loup, on danse sur les murs","datePublished":"2019-07-26T11:08:25+00:00","dateModified":"2019-07-26T15:47:49+00:00","mainEntityOfPage":{"@id":"https:\/\/lyonbondyblog.fr\/LBB\/a-gorge-de-loup-on-danse-sur-les-murs\/"},"wordCount":826,"commentCount":0,"publisher":{"@id":"https:\/\/lyonbondyblog.fr\/LBB\/#organization"},"image":{"@id":"https:\/\/lyonbondyblog.fr\/LBB\/a-gorge-de-loup-on-danse-sur-les-murs\/#primaryimage"},"thumbnailUrl":"https:\/\/lyonbondyblog.fr\/LBB\/wp-content\/uploads\/2019\/07\/Karim-Megnuau_DSC_4167-683x1024.jpg","articleSection":["Art","Culture","Danse","Lyon","Soci\u00e9t\u00e9"],"inLanguage":"fr-FR","potentialAction":[{"@type":"CommentAction","name":"Comment","target":["https:\/\/lyonbondyblog.fr\/LBB\/a-gorge-de-loup-on-danse-sur-les-murs\/#respond"]}]},{"@type":"WebPage","@id":"https:\/\/lyonbondyblog.fr\/LBB\/a-gorge-de-loup-on-danse-sur-les-murs\/","url":"https:\/\/lyonbondyblog.fr\/LBB\/a-gorge-de-loup-on-danse-sur-les-murs\/","name":"\u00c0 Gorge-de-Loup, on danse sur les murs - Lyon Bondy Blog","isPartOf":{"@id":"https:\/\/lyonbondyblog.fr\/LBB\/#website"},"primaryImageOfPage":{"@id":"https:\/\/lyonbondyblog.fr\/LBB\/a-gorge-de-loup-on-danse-sur-les-murs\/#primaryimage"},"image":{"@id":"https:\/\/lyonbondyblog.fr\/LBB\/a-gorge-de-loup-on-danse-sur-les-murs\/#primaryimage"},"thumbnailUrl":"https:\/\/lyonbondyblog.fr\/LBB\/wp-content\/uploads\/2019\/07\/Karim-Megnuau_DSC_4167-683x1024.jpg","datePublished":"2019-07-26T11:08:25+00:00","dateModified":"2019-07-26T15:47:49+00:00","inLanguage":"fr-FR","potentialAction":[{"@type":"ReadAction","target":["https:\/\/lyonbondyblog.fr\/LBB\/a-gorge-de-loup-on-danse-sur-les-murs\/"]}]},{"@type":"ImageObject","inLanguage":"fr-FR","@id":"https:\/\/lyonbondyblog.fr\/LBB\/a-gorge-de-loup-on-danse-sur-les-murs\/#primaryimage","url":"https:\/\/lyonbondyblog.fr\/LBB\/wp-content\/uploads\/2019\/07\/Karim-Megnuau_DSC_4167-683x1024.jpg","contentUrl":"https:\/\/lyonbondyblog.fr\/LBB\/wp-content\/uploads\/2019\/07\/Karim-Megnuau_DSC_4167-683x1024.jpg","width":683,"height":1024},{"@type":"WebSite","@id":"https:\/\/lyonbondyblog.fr\/LBB\/#website","url":"https:\/\/lyonbondyblog.fr\/LBB\/","name":"Lyon Bondy Blog","description":"","publisher":{"@id":"https:\/\/lyonbondyblog.fr\/LBB\/#organization"},"potentialAction":[{"@type":"SearchAction","target":{"@type":"EntryPoint","urlTemplate":"https:\/\/lyonbondyblog.fr\/LBB\/?s={search_term_string}"},"query-input":"required name=search_term_string"}],"inLanguage":"fr-FR"},{"@type":"Organization","@id":"https:\/\/lyonbondyblog.fr\/LBB\/#organization","name":"LYON BONDY BLOG","url":"https:\/\/lyonbondyblog.fr\/LBB\/","logo":{"@type":"ImageObject","inLanguage":"fr-FR","@id":"https:\/\/lyonbondyblog.fr\/LBB\/#\/schema\/logo\/image\/","url":"http:\/\/lyonbondyblog.fr\/LBB\/wp-content\/uploads\/2014\/10\/logo-portable-144.png","contentUrl":"http:\/\/lyonbondyblog.fr\/LBB\/wp-content\/uploads\/2014\/10\/logo-portable-144.png","width":144,"height":123,"caption":"LYON BONDY BLOG"},"image":{"@id":"https:\/\/lyonbondyblog.fr\/LBB\/#\/schema\/logo\/image\/"},"sameAs":["https:\/\/www.facebook.com\/lyonbondyblog","https:\/\/x.com\/bondybloglyon"]},{"@type":"Person","@id":"https:\/\/lyonbondyblog.fr\/LBB\/#\/schema\/person\/5c48422f955ecaac8c5621720d0ba77a","name":"Pauline Beger","url":"https:\/\/lyonbondyblog.fr\/LBB\/author\/paulinebeger\/"}]}},"_links":{"self":[{"href":"https:\/\/lyonbondyblog.fr\/LBB\/wp-json\/wp\/v2\/posts\/17785","targetHints":{"allow":["GET"]}}],"collection":[{"href":"https:\/\/lyonbondyblog.fr\/LBB\/wp-json\/wp\/v2\/posts"}],"about":[{"href":"https:\/\/lyonbondyblog.fr\/LBB\/wp-json\/wp\/v2\/types\/post"}],"author":[{"embeddable":true,"href":"https:\/\/lyonbondyblog.fr\/LBB\/wp-json\/wp\/v2\/users\/16329"}],"replies":[{"embeddable":true,"href":"https:\/\/lyonbondyblog.fr\/LBB\/wp-json\/wp\/v2\/comments?post=17785"}],"version-history":[{"count":9,"href":"https:\/\/lyonbondyblog.fr\/LBB\/wp-json\/wp\/v2\/posts\/17785\/revisions"}],"predecessor-version":[{"id":17803,"href":"https:\/\/lyonbondyblog.fr\/LBB\/wp-json\/wp\/v2\/posts\/17785\/revisions\/17803"}],"wp:featuredmedia":[{"embeddable":true,"href":"https:\/\/lyonbondyblog.fr\/LBB\/wp-json\/wp\/v2\/media\/17797"}],"wp:attachment":[{"href":"https:\/\/lyonbondyblog.fr\/LBB\/wp-json\/wp\/v2\/media?parent=17785"}],"wp:term":[{"taxonomy":"category","embeddable":true,"href":"https:\/\/lyonbondyblog.fr\/LBB\/wp-json\/wp\/v2\/categories?post=17785"},{"taxonomy":"post_tag","embeddable":true,"href":"https:\/\/lyonbondyblog.fr\/LBB\/wp-json\/wp\/v2\/tags?post=17785"}],"curies":[{"name":"wp","href":"https:\/\/api.w.org\/{rel}","templated":true}]}}