{"id":1778,"date":"2011-10-12T14:25:15","date_gmt":"2011-10-12T12:25:15","guid":{"rendered":"http:\/\/lyonbondyblog.fr\/LBB\/?p=1778"},"modified":"2013-07-26T14:31:19","modified_gmt":"2013-07-26T12:31:19","slug":"presse-et-investigation-au-salon-de-la-photo-2011","status":"publish","type":"post","link":"https:\/\/lyonbondyblog.fr\/LBB\/presse-et-investigation-au-salon-de-la-photo-2011\/","title":{"rendered":"Presse et investigation au salon de la photo 2011"},"content":{"rendered":"<p><strong>Salon de la photo, Paris. Laura \u00e9tait parmi le public de la conf\u00e9rence \u2018\u2019Photojournalisme et journalisme\u2019\u2019, elle nous rend compte des d\u00e9clarations et des questionnements des invit\u00e9s, tous acteurs majeurs des m\u00e9dias et du photojournalisme d\u2019aujourd\u2019hui.<\/strong><\/p>\n<div><a title=\" -- Cliquez pour voir l'image en entier\" href=\"http:\/\/yahoo.lyon.bondyblog.fr\/images\/ben_Presse_ne_pas_avaler__Press_don_t_swallow.png\" target=\"_blank\"> <img loading=\"lazy\" decoding=\"async\" class=\"alignleft\" style=\"border: 0px none;\" alt=\" -- Cliquez pour voir l'image en entier\" src=\"http:\/\/yahoo.lyon.bondyblog.fr\/images\/ben_Presse_ne_pas_avaler__Press_don_t_swallow_t.png\" width=\"193\" height=\"248\" border=\"0\" \/> <\/a><\/div>\n<div>\u00a0<strong>T\u00e9moignage &amp; conditionnel<\/strong><\/div>\n<p>Edwy Plenel, pr\u00e9sent au titre de co-Fondateur de \u2018\u2019MediaPart\u2019\u2019, ouvre le bal en pr\u00e9cisant le r\u00f4le de chacun, photojournalistes et journalistes. Lui voit le photojournaliste comme \u00ab\u00a0un t\u00e9moin\u00a0\u00bb, et le journaliste d\u2019investigation comme \u00able procureur des faits existants\u00bb. A l\u2019heure o\u00f9 la presse papier et TV use le conditionnel fr\u00e9quemment (\u2018\u2019un corps aurait \u00e9t\u00e9 retrouv\u00e9\u2019\u2019, \u2018\u2019Dsk aurait \u00e9t\u00e9 vu aux Bahamas\u2019\u2019&#8230;) le photojournaliste se place comme premier spectateur de l\u2019actualit\u00e9. Ayant l\u2019obligation de se d\u00e9placer pour r\u00e9aliser son travail, il est aussi celui qui touche au plus pr\u00e8s les conflits d\u2019aujourd\u2019hui.<\/p>\n<p><strong>Risques &amp; dangers<\/strong><\/p>\n<p>Dans ces pratiques journalistiques, les m\u00e9tiers des m\u00e9dias sont en danger. Et ceux du journaliste et du photographe plus sp\u00e9cialement\u00a0: danger du texte, danger de la situation, danger des influences, et enfin les difficult\u00e9s financi\u00e8res li\u00e9es \u00e0 la crise actuelle qui touche bien s\u00fbr aussi la presse. Ainsi, toujours selon E. Plenel, \u2018\u2019la presse se prive de ses deux meilleurs \u00e9l\u00e9ments\u2019\u2019, parce que subversifs, anticipatifs, critiques, les journalistes et photojournalistes sont \u00e0 une place charni\u00e8re aujourd\u2019hui. Les photographes pr\u00e9sents rappellent que le photographe lui m\u00eame se trouve souvent d\u00e9sarm\u00e9 face \u00e0 une situation v\u00e9cue, qui ne sera malheureusement pas retranscrite dans les m\u00e9dias dans sa plus simple v\u00e9rit\u00e9. Selon Patrick Robert, \u2018\u2019le photographe ne contr\u00f4le pas l\u2019usage que le magazine va faire de sa photographie\u2019\u2019.<\/p>\n<p><strong>Un exemple d\u2019engagement<\/strong><br \/>\nAinsi le duo que forment S\u00e9bastien Des Landes, journaliste, et Herv\u00e9 Lequeux, photographe, a cherch\u00e9 \u00e0 s\u2019emparer de ce regret en proposant un reportage complet, un travail r\u00e9parti sur plusieurs ann\u00e9es \u00e0 diverses r\u00e9dactions. Ensembles ils sont all\u00e9s \u00e0 la rencontre de \u2018\u2019la jeunesse fran\u00e7aise\u2019\u2019. La jeunesse, oui, mais celle des quartiers, plus pr\u00e9cis\u00e9ment de la banlieue parisienne. En r\u00e9sultent des images fortes, d\u00e9nu\u00e9es de tout clich\u00e9s mis\u00e9rabilistes, et t\u00e9moignant d\u2019une implication quotidienne du photographe aupr\u00e8s des personnages de son reportage. Le journaliste, S\u00e9bastien Des Landes, lui aussi con\u00e7oit son implication sur le long terme, tout en soulignant l\u2019importance de la distance avec le sujet. On parle, lors de la conf\u00e9rence, d\u2019une \u2018\u2019distance \u00e9minemment g\u00e9n\u00e9reuse\u2019\u2019.<\/p>\n<p>Voici un extrait du reportage de S\u00e9bastien Deslandes\u00a0:<br \/>\n\u00ab [&#8230;]Les jeunes de banlieue, \u00e0 quelques exceptions pr\u00e8s, semblent donc avoir un avenir trac\u00e9. Devenir les nouvelles petites mains de l\u2019\u00e9conomie fran\u00e7aise. Leur avenir professionnel est r\u00e9duit \u00e0 occuper les emplois les plus pr\u00e9caires et souvent les plus p\u00e9nibles. Il est d\u2019ailleurs frappant d\u2019observer le man\u00e8ge matinal dans ces quartiers et les horaires o\u00f9 la ville s\u2019agite. Incomparables. D\u00e8s 5h, une file rythm\u00e9e d\u2019hommes surtout, et de femmes, aussi, prend la direction de la gare. Les voici en ordre de bataille, ce sont les pr\u00e9parateurs de commande en grande surface, les plongeurs en cuisine, les astiqueurs des parquets des bureaux parisiens. Il faudra attendre 14h pour avoir de nouveaux signes de vie lorsque les jeunes \u00ab\u00a0en gal\u00e8re\u00a0\u00bb se r\u00e9veilleront et descendront.[&#8230;] \u00bb<\/p>\n<p>Une mani\u00e8re de rappeler, au sein d\u2019un salon de la photo commercial et bond\u00e9, que le journalisme doit rester un m\u00e9dia d\u2019analyse et non pas uniquement un m\u00e9dia de commentaires.<br \/>\nLors des interventions du public au d\u00e9bat, certains se demandaient pourquoi ils ne pouvaient voir les reportages photographiques pr\u00e9sent\u00e9s &#8211; d\u2019une grande qualit\u00e9 &#8211; dans les pages de nos plus grands quotidiens, sous le simple pr\u00e9texte qu\u2019ils n\u2019\u00e9taient pas \u2018\u2019vendables\u2019\u2019. Eh bien peut \u00eatre parce que parfois, la presse prend son lecteur pour ce qu\u2019il n\u2019est pas, et l\u2019imagine en amateur de sujets people et \u00e0 sensation, au moment o\u00f9 la soci\u00e9t\u00e9 a plus que jamais besoin d\u2019\u00eatre d\u00e9crypt\u00e9e.<\/p>\n<p><span style=\"text-decoration: underline;\">Journaliste : Laura Tangre<\/span><\/p>\n<!-- AddThis Advanced Settings generic via filter on the_content --><!-- AddThis Share Buttons generic via filter on the_content -->","protected":false},"excerpt":{"rendered":"<p>Salon de la photo, Paris. Laura \u00e9tait parmi le public de la conf\u00e9rence \u2018\u2019Photojournalisme et journalisme\u2019\u2019, elle nous rend compte des d\u00e9clarations et des questionnements &hellip; <!-- AddThis Advanced Settings generic via filter on wp_trim_excerpt --><!-- AddThis Share Buttons generic via filter on wp_trim_excerpt --><\/p>\n","protected":false},"author":1,"featured_media":1793,"comment_status":"open","ping_status":"open","sticky":false,"template":"","format":"standard","meta":{"_FSMCFIC_featured_image_caption":"","_FSMCFIC_featured_image_nocaption":"","_FSMCFIC_featured_image_hide":"","footnotes":""},"categories":[3,8],"tags":[10,112],"class_list":["post-1778","post","type-post","status-publish","format-standard","has-post-thumbnail","hentry","category-culture","category-france","tag-lyon-2","tag-lyon-bondy-blog"],"yoast_head":"<!-- This site is optimized with the Yoast SEO plugin v22.8 - https:\/\/yoast.com\/wordpress\/plugins\/seo\/ -->\n<title>Presse et investigation au salon de la photo 2011 - Lyon Bondy Blog<\/title>\n<meta name=\"robots\" content=\"index, follow, max-snippet:-1, max-image-preview:large, max-video-preview:-1\" \/>\n<link rel=\"canonical\" href=\"https:\/\/lyonbondyblog.fr\/LBB\/presse-et-investigation-au-salon-de-la-photo-2011\/\" \/>\n<meta property=\"og:locale\" content=\"fr_FR\" \/>\n<meta property=\"og:type\" content=\"article\" \/>\n<meta property=\"og:title\" content=\"Presse et investigation au salon de la photo 2011 - Lyon Bondy Blog\" \/>\n<meta property=\"og:description\" content=\"Salon de la photo, Paris. Laura \u00e9tait parmi le public de la conf\u00e9rence \u2018\u2019Photojournalisme et journalisme\u2019\u2019, elle nous rend compte des d\u00e9clarations et des questionnements &hellip;\" \/>\n<meta property=\"og:url\" content=\"https:\/\/lyonbondyblog.fr\/LBB\/presse-et-investigation-au-salon-de-la-photo-2011\/\" \/>\n<meta property=\"og:site_name\" content=\"Lyon Bondy Blog\" \/>\n<meta property=\"article:publisher\" content=\"https:\/\/www.facebook.com\/lyonbondyblog\" \/>\n<meta property=\"article:author\" content=\"https:\/\/www.facebook.com\/lyonbondyblog\" \/>\n<meta property=\"article:published_time\" content=\"2011-10-12T12:25:15+00:00\" \/>\n<meta property=\"article:modified_time\" content=\"2013-07-26T12:31:19+00:00\" \/>\n<meta property=\"og:image\" content=\"https:\/\/lyonbondyblog.fr\/LBB\/wp-content\/uploads\/2013\/07\/ben_Presse_ne_pas_avaler__Press_don_t_swallow_t.png\" \/>\n\t<meta property=\"og:image:width\" content=\"193\" \/>\n\t<meta property=\"og:image:height\" content=\"248\" \/>\n\t<meta property=\"og:image:type\" content=\"image\/png\" \/>\n<meta name=\"author\" content=\"La r\u00e9daction\" \/>\n<meta name=\"twitter:card\" content=\"summary_large_image\" \/>\n<meta name=\"twitter:creator\" content=\"@BondyBlogLyon\" \/>\n<meta name=\"twitter:site\" content=\"@bondybloglyon\" \/>\n<script type=\"application\/ld+json\" class=\"yoast-schema-graph\">{\"@context\":\"https:\/\/schema.org\",\"@graph\":[{\"@type\":\"Article\",\"@id\":\"https:\/\/lyonbondyblog.fr\/LBB\/presse-et-investigation-au-salon-de-la-photo-2011\/#article\",\"isPartOf\":{\"@id\":\"https:\/\/lyonbondyblog.fr\/LBB\/presse-et-investigation-au-salon-de-la-photo-2011\/\"},\"author\":{\"name\":\"La r\u00e9daction\",\"@id\":\"https:\/\/lyonbondyblog.fr\/LBB\/#\/schema\/person\/e45f8d27baac75072daa0be50c409b25\"},\"headline\":\"Presse et investigation au salon de la photo 2011\",\"datePublished\":\"2011-10-12T12:25:15+00:00\",\"dateModified\":\"2013-07-26T12:31:19+00:00\",\"mainEntityOfPage\":{\"@id\":\"https:\/\/lyonbondyblog.fr\/LBB\/presse-et-investigation-au-salon-de-la-photo-2011\/\"},\"wordCount\":716,\"commentCount\":0,\"publisher\":{\"@id\":\"https:\/\/lyonbondyblog.fr\/LBB\/#organization\"},\"image\":{\"@id\":\"https:\/\/lyonbondyblog.fr\/LBB\/presse-et-investigation-au-salon-de-la-photo-2011\/#primaryimage\"},\"thumbnailUrl\":\"https:\/\/lyonbondyblog.fr\/LBB\/wp-content\/uploads\/2013\/07\/ben_Presse_ne_pas_avaler__Press_don_t_swallow_t.png\",\"keywords\":[\"lyon\",\"Lyon Bondy Blog\"],\"articleSection\":[\"Culture\",\"France\"],\"inLanguage\":\"fr-FR\",\"potentialAction\":[{\"@type\":\"CommentAction\",\"name\":\"Comment\",\"target\":[\"https:\/\/lyonbondyblog.fr\/LBB\/presse-et-investigation-au-salon-de-la-photo-2011\/#respond\"]}]},{\"@type\":\"WebPage\",\"@id\":\"https:\/\/lyonbondyblog.fr\/LBB\/presse-et-investigation-au-salon-de-la-photo-2011\/\",\"url\":\"https:\/\/lyonbondyblog.fr\/LBB\/presse-et-investigation-au-salon-de-la-photo-2011\/\",\"name\":\"Presse et investigation au salon de la photo 2011 - Lyon Bondy Blog\",\"isPartOf\":{\"@id\":\"https:\/\/lyonbondyblog.fr\/LBB\/#website\"},\"primaryImageOfPage\":{\"@id\":\"https:\/\/lyonbondyblog.fr\/LBB\/presse-et-investigation-au-salon-de-la-photo-2011\/#primaryimage\"},\"image\":{\"@id\":\"https:\/\/lyonbondyblog.fr\/LBB\/presse-et-investigation-au-salon-de-la-photo-2011\/#primaryimage\"},\"thumbnailUrl\":\"https:\/\/lyonbondyblog.fr\/LBB\/wp-content\/uploads\/2013\/07\/ben_Presse_ne_pas_avaler__Press_don_t_swallow_t.png\",\"datePublished\":\"2011-10-12T12:25:15+00:00\",\"dateModified\":\"2013-07-26T12:31:19+00:00\",\"inLanguage\":\"fr-FR\",\"potentialAction\":[{\"@type\":\"ReadAction\",\"target\":[\"https:\/\/lyonbondyblog.fr\/LBB\/presse-et-investigation-au-salon-de-la-photo-2011\/\"]}]},{\"@type\":\"ImageObject\",\"inLanguage\":\"fr-FR\",\"@id\":\"https:\/\/lyonbondyblog.fr\/LBB\/presse-et-investigation-au-salon-de-la-photo-2011\/#primaryimage\",\"url\":\"https:\/\/lyonbondyblog.fr\/LBB\/wp-content\/uploads\/2013\/07\/ben_Presse_ne_pas_avaler__Press_don_t_swallow_t.png\",\"contentUrl\":\"https:\/\/lyonbondyblog.fr\/LBB\/wp-content\/uploads\/2013\/07\/ben_Presse_ne_pas_avaler__Press_don_t_swallow_t.png\",\"width\":193,\"height\":248},{\"@type\":\"WebSite\",\"@id\":\"https:\/\/lyonbondyblog.fr\/LBB\/#website\",\"url\":\"https:\/\/lyonbondyblog.fr\/LBB\/\",\"name\":\"Lyon Bondy Blog\",\"description\":\"\",\"publisher\":{\"@id\":\"https:\/\/lyonbondyblog.fr\/LBB\/#organization\"},\"potentialAction\":[{\"@type\":\"SearchAction\",\"target\":{\"@type\":\"EntryPoint\",\"urlTemplate\":\"https:\/\/lyonbondyblog.fr\/LBB\/?s={search_term_string}\"},\"query-input\":\"required name=search_term_string\"}],\"inLanguage\":\"fr-FR\"},{\"@type\":\"Organization\",\"@id\":\"https:\/\/lyonbondyblog.fr\/LBB\/#organization\",\"name\":\"LYON BONDY BLOG\",\"url\":\"https:\/\/lyonbondyblog.fr\/LBB\/\",\"logo\":{\"@type\":\"ImageObject\",\"inLanguage\":\"fr-FR\",\"@id\":\"https:\/\/lyonbondyblog.fr\/LBB\/#\/schema\/logo\/image\/\",\"url\":\"http:\/\/lyonbondyblog.fr\/LBB\/wp-content\/uploads\/2014\/10\/logo-portable-144.png\",\"contentUrl\":\"http:\/\/lyonbondyblog.fr\/LBB\/wp-content\/uploads\/2014\/10\/logo-portable-144.png\",\"width\":144,\"height\":123,\"caption\":\"LYON BONDY BLOG\"},\"image\":{\"@id\":\"https:\/\/lyonbondyblog.fr\/LBB\/#\/schema\/logo\/image\/\"},\"sameAs\":[\"https:\/\/www.facebook.com\/lyonbondyblog\",\"https:\/\/x.com\/bondybloglyon\"]},{\"@type\":\"Person\",\"@id\":\"https:\/\/lyonbondyblog.fr\/LBB\/#\/schema\/person\/e45f8d27baac75072daa0be50c409b25\",\"name\":\"La r\u00e9daction\",\"description\":\"Cr\u00e9e en 2008, la r\u00e9daction du Lyon Bondy Blog s'applique \u00e0 proposer une information locale diff\u00e9rente et compl\u00e9mentaire des m\u00e9dias traditionnels.\",\"sameAs\":[\"https:\/\/www.facebook.com\/lyonbondyblog\",\"https:\/\/x.com\/BondyBlogLyon\"],\"url\":\"https:\/\/lyonbondyblog.fr\/LBB\/author\/admin\/\"}]}<\/script>\n<!-- \/ Yoast SEO plugin. -->","yoast_head_json":{"title":"Presse et investigation au salon de la photo 2011 - Lyon Bondy Blog","robots":{"index":"index","follow":"follow","max-snippet":"max-snippet:-1","max-image-preview":"max-image-preview:large","max-video-preview":"max-video-preview:-1"},"canonical":"https:\/\/lyonbondyblog.fr\/LBB\/presse-et-investigation-au-salon-de-la-photo-2011\/","og_locale":"fr_FR","og_type":"article","og_title":"Presse et investigation au salon de la photo 2011 - Lyon Bondy Blog","og_description":"Salon de la photo, Paris. Laura \u00e9tait parmi le public de la conf\u00e9rence \u2018\u2019Photojournalisme et journalisme\u2019\u2019, elle nous rend compte des d\u00e9clarations et des questionnements &hellip;","og_url":"https:\/\/lyonbondyblog.fr\/LBB\/presse-et-investigation-au-salon-de-la-photo-2011\/","og_site_name":"Lyon Bondy Blog","article_publisher":"https:\/\/www.facebook.com\/lyonbondyblog","article_author":"https:\/\/www.facebook.com\/lyonbondyblog","article_published_time":"2011-10-12T12:25:15+00:00","article_modified_time":"2013-07-26T12:31:19+00:00","og_image":[{"width":193,"height":248,"url":"https:\/\/lyonbondyblog.fr\/LBB\/wp-content\/uploads\/2013\/07\/ben_Presse_ne_pas_avaler__Press_don_t_swallow_t.png","type":"image\/png"}],"author":"La r\u00e9daction","twitter_card":"summary_large_image","twitter_creator":"@BondyBlogLyon","twitter_site":"@bondybloglyon","schema":{"@context":"https:\/\/schema.org","@graph":[{"@type":"Article","@id":"https:\/\/lyonbondyblog.fr\/LBB\/presse-et-investigation-au-salon-de-la-photo-2011\/#article","isPartOf":{"@id":"https:\/\/lyonbondyblog.fr\/LBB\/presse-et-investigation-au-salon-de-la-photo-2011\/"},"author":{"name":"La r\u00e9daction","@id":"https:\/\/lyonbondyblog.fr\/LBB\/#\/schema\/person\/e45f8d27baac75072daa0be50c409b25"},"headline":"Presse et investigation au salon de la photo 2011","datePublished":"2011-10-12T12:25:15+00:00","dateModified":"2013-07-26T12:31:19+00:00","mainEntityOfPage":{"@id":"https:\/\/lyonbondyblog.fr\/LBB\/presse-et-investigation-au-salon-de-la-photo-2011\/"},"wordCount":716,"commentCount":0,"publisher":{"@id":"https:\/\/lyonbondyblog.fr\/LBB\/#organization"},"image":{"@id":"https:\/\/lyonbondyblog.fr\/LBB\/presse-et-investigation-au-salon-de-la-photo-2011\/#primaryimage"},"thumbnailUrl":"https:\/\/lyonbondyblog.fr\/LBB\/wp-content\/uploads\/2013\/07\/ben_Presse_ne_pas_avaler__Press_don_t_swallow_t.png","keywords":["lyon","Lyon Bondy Blog"],"articleSection":["Culture","France"],"inLanguage":"fr-FR","potentialAction":[{"@type":"CommentAction","name":"Comment","target":["https:\/\/lyonbondyblog.fr\/LBB\/presse-et-investigation-au-salon-de-la-photo-2011\/#respond"]}]},{"@type":"WebPage","@id":"https:\/\/lyonbondyblog.fr\/LBB\/presse-et-investigation-au-salon-de-la-photo-2011\/","url":"https:\/\/lyonbondyblog.fr\/LBB\/presse-et-investigation-au-salon-de-la-photo-2011\/","name":"Presse et investigation au salon de la photo 2011 - Lyon Bondy Blog","isPartOf":{"@id":"https:\/\/lyonbondyblog.fr\/LBB\/#website"},"primaryImageOfPage":{"@id":"https:\/\/lyonbondyblog.fr\/LBB\/presse-et-investigation-au-salon-de-la-photo-2011\/#primaryimage"},"image":{"@id":"https:\/\/lyonbondyblog.fr\/LBB\/presse-et-investigation-au-salon-de-la-photo-2011\/#primaryimage"},"thumbnailUrl":"https:\/\/lyonbondyblog.fr\/LBB\/wp-content\/uploads\/2013\/07\/ben_Presse_ne_pas_avaler__Press_don_t_swallow_t.png","datePublished":"2011-10-12T12:25:15+00:00","dateModified":"2013-07-26T12:31:19+00:00","inLanguage":"fr-FR","potentialAction":[{"@type":"ReadAction","target":["https:\/\/lyonbondyblog.fr\/LBB\/presse-et-investigation-au-salon-de-la-photo-2011\/"]}]},{"@type":"ImageObject","inLanguage":"fr-FR","@id":"https:\/\/lyonbondyblog.fr\/LBB\/presse-et-investigation-au-salon-de-la-photo-2011\/#primaryimage","url":"https:\/\/lyonbondyblog.fr\/LBB\/wp-content\/uploads\/2013\/07\/ben_Presse_ne_pas_avaler__Press_don_t_swallow_t.png","contentUrl":"https:\/\/lyonbondyblog.fr\/LBB\/wp-content\/uploads\/2013\/07\/ben_Presse_ne_pas_avaler__Press_don_t_swallow_t.png","width":193,"height":248},{"@type":"WebSite","@id":"https:\/\/lyonbondyblog.fr\/LBB\/#website","url":"https:\/\/lyonbondyblog.fr\/LBB\/","name":"Lyon Bondy Blog","description":"","publisher":{"@id":"https:\/\/lyonbondyblog.fr\/LBB\/#organization"},"potentialAction":[{"@type":"SearchAction","target":{"@type":"EntryPoint","urlTemplate":"https:\/\/lyonbondyblog.fr\/LBB\/?s={search_term_string}"},"query-input":"required name=search_term_string"}],"inLanguage":"fr-FR"},{"@type":"Organization","@id":"https:\/\/lyonbondyblog.fr\/LBB\/#organization","name":"LYON BONDY BLOG","url":"https:\/\/lyonbondyblog.fr\/LBB\/","logo":{"@type":"ImageObject","inLanguage":"fr-FR","@id":"https:\/\/lyonbondyblog.fr\/LBB\/#\/schema\/logo\/image\/","url":"http:\/\/lyonbondyblog.fr\/LBB\/wp-content\/uploads\/2014\/10\/logo-portable-144.png","contentUrl":"http:\/\/lyonbondyblog.fr\/LBB\/wp-content\/uploads\/2014\/10\/logo-portable-144.png","width":144,"height":123,"caption":"LYON BONDY BLOG"},"image":{"@id":"https:\/\/lyonbondyblog.fr\/LBB\/#\/schema\/logo\/image\/"},"sameAs":["https:\/\/www.facebook.com\/lyonbondyblog","https:\/\/x.com\/bondybloglyon"]},{"@type":"Person","@id":"https:\/\/lyonbondyblog.fr\/LBB\/#\/schema\/person\/e45f8d27baac75072daa0be50c409b25","name":"La r\u00e9daction","description":"Cr\u00e9e en 2008, la r\u00e9daction du Lyon Bondy Blog s'applique \u00e0 proposer une information locale diff\u00e9rente et compl\u00e9mentaire des m\u00e9dias traditionnels.","sameAs":["https:\/\/www.facebook.com\/lyonbondyblog","https:\/\/x.com\/BondyBlogLyon"],"url":"https:\/\/lyonbondyblog.fr\/LBB\/author\/admin\/"}]}},"_links":{"self":[{"href":"https:\/\/lyonbondyblog.fr\/LBB\/wp-json\/wp\/v2\/posts\/1778","targetHints":{"allow":["GET"]}}],"collection":[{"href":"https:\/\/lyonbondyblog.fr\/LBB\/wp-json\/wp\/v2\/posts"}],"about":[{"href":"https:\/\/lyonbondyblog.fr\/LBB\/wp-json\/wp\/v2\/types\/post"}],"author":[{"embeddable":true,"href":"https:\/\/lyonbondyblog.fr\/LBB\/wp-json\/wp\/v2\/users\/1"}],"replies":[{"embeddable":true,"href":"https:\/\/lyonbondyblog.fr\/LBB\/wp-json\/wp\/v2\/comments?post=1778"}],"version-history":[{"count":0,"href":"https:\/\/lyonbondyblog.fr\/LBB\/wp-json\/wp\/v2\/posts\/1778\/revisions"}],"wp:featuredmedia":[{"embeddable":true,"href":"https:\/\/lyonbondyblog.fr\/LBB\/wp-json\/wp\/v2\/media\/1793"}],"wp:attachment":[{"href":"https:\/\/lyonbondyblog.fr\/LBB\/wp-json\/wp\/v2\/media?parent=1778"}],"wp:term":[{"taxonomy":"category","embeddable":true,"href":"https:\/\/lyonbondyblog.fr\/LBB\/wp-json\/wp\/v2\/categories?post=1778"},{"taxonomy":"post_tag","embeddable":true,"href":"https:\/\/lyonbondyblog.fr\/LBB\/wp-json\/wp\/v2\/tags?post=1778"}],"curies":[{"name":"wp","href":"https:\/\/api.w.org\/{rel}","templated":true}]}}