{"id":1766,"date":"2011-10-28T14:22:09","date_gmt":"2011-10-28T12:22:09","guid":{"rendered":"http:\/\/lyonbondyblog.fr\/LBB\/?p=1766"},"modified":"2013-07-26T14:24:02","modified_gmt":"2013-07-26T12:24:02","slug":"sbz-one-radio-suivez-lactualite-de-sidi-bouzid","status":"publish","type":"post","link":"https:\/\/lyonbondyblog.fr\/LBB\/sbz-one-radio-suivez-lactualite-de-sidi-bouzid\/","title":{"rendered":"SBZ one Radio : suivez l\u2019actualit\u00e9 de Sidi Bouzid !"},"content":{"rendered":"<p><strong>A Sidi Bouzid, l\u2019une des villes \u00e0 l\u2019origine de la r\u00e9volution tunisienne, Paolo et Rafika ont r\u00e9sid\u00e9 dans la \u00a0\u00bbMaison des Jeunes\u00a0\u00bb durant quelques jours. Ils ont rencontr\u00e9 Anis, un membre d\u2019une radio local, SBZ one Radio.<\/strong><\/p>\n<div><img decoding=\"async\" class=\"alignright\" alt=\"\" src=\"http:\/\/yahoo.lyon.bondyblog.fr\/images\/logo_tn.png\" \/><\/div>\n<div><\/div>\n<div>\u00a0Anis Chouaibi, 30 ans m\u2019aborde\u00a0: \u00ab\u00a0<i>Vous \u00eates journaliste, moi aussi, je fais de la radio. La premi\u00e8re de Sidi Bouzid<\/i>\u00a0\u00bb. Tout en sirotant un caf\u00e9, il me raconte les d\u00e9buts de SBZ one Radio.\u00ab\u00a0<i>Un jour au caf\u00e9, on se demandait qu\u2019est ce qu\u2019on pouvait faire pour le bled, surtout pour les jeunes<\/i>\u00a0\u00bb. \u00a0C\u2019est ainsi qu\u2019est n\u00e9e l\u2019id\u00e9e de cr\u00e9er une web radio, SBZ one, par une dizaine de jeunes ch\u00f4meurs, tous b\u00e9n\u00e9voles. C\u2019\u00e9tait en 2006\u00a0: \u00ab\u00a0<i>Sous l\u2019ancien r\u00e9gime, le seul sujet interdit \u00e9tait la politique. Nous parlions de sujets comme l\u2019emploi et le ch\u00f4mage, la jeunesse. Une fois, nous avons fait un sujet \u00a0un peu pol\u00e9mique sur la corruption de mani\u00e8re g\u00e9n\u00e9rale, sans donner de nom. On a eu des menaces, la police politique est intervenue<\/i>\u00a0\u00bb.<\/p>\n<\/div>\n<h3>Le d\u00e9clenchement de la r\u00e9volution<\/h3>\n<p>\u00ab\u00a0<i>Tout \u00e9tait spontan\u00e9. De jour en jour, il y avait de plus en plus de confrontations avec l\u2019Etat. D\u00e9j\u00e0 en 2008 \u00e0 Gafsa (date des premiers soul\u00e8vements). On ne savait pas ce qui s\u2019y passait. Il y avait la censure, Facebook a \u00e9t\u00e9 ferm\u00e9 jusqu\u2019\u00e0 la visite de Condoleezza Rice<\/i>\u00a0\u00bb.<\/p>\n<p>Durant ces \u00e9v\u00e8nements, une nouvelle page Facebook a \u00e9t\u00e9 cr\u00e9\u00e9e pour permettre \u00e0 la radio de continuer \u00e0 diffuser l\u2019information, les animateurs ayant pris des pseudos pour ne pas prendre de risque\u00a0: \u00ab\u00a0<i>Beaucoup de vid\u00e9os ont \u00e9t\u00e9 diffus\u00e9es. Nous avons travaill\u00e9 avec Al Jazeera. Nous avions de l\u2019exp\u00e9rience, un savoir-faire. Le syst\u00e8me Ben Ali optait pour la d\u00e9sinformation afin de faire peur aux gens, il y avait beaucoup de rumeurs, d\u2019intox. Le troisi\u00e8me jour, il y a eu pr\u00e8s de soixante arrestations<\/i>\u00a0\u00bb.<\/p>\n<p>La r\u00e9pression s\u2019intensifiant dans la ville, il y a eu alors un changement de strat\u00e9gie assez surprenant\u00a0de la part des jeunes qui affrontaient la police: \u00ab\u00a0<i>La journ\u00e9e on discutait avec les forces de l\u2019ordre, on prenait un caf\u00e9. On parlait foot surtout. On parlait de tout sauf des affrontements. A la tomb\u00e9e de la nuit, on brulait un pneu, c\u2019\u00e9tait le signal de d\u00e9part<\/i>\u00a0\u00bb.<\/p>\n<p>Selon Anis, il n\u2019y a plus de censure totale mais elle est toujours pr\u00e9sente. C\u2019est pourquoi il a d\u00e9cid\u00e9 avec ces amis d\u2019ouvrir leur formation en journalisme \u00e0 d\u2019autres citoyens\u00a0: \u00ab\u00a0<i>Nous avons fait beaucoup de reportages. Nous avons suivi des formations de journalisme. Nous avons invit\u00e9 des citoyens \u00e0 participer aux formations. La moiti\u00e9 des membres n\u2019\u00e9tait pas de la radio. On a voulu ouvrir nos formations aux autres\u00a0<\/i>\u00bb. Plus de 40\u00a0000 personnes sont sur leur page Facebook.<\/p>\n<p>Le journalisme-citoyen est devenu en Tunisie l\u2019un des moyens presque exclusif pour garantir la libert\u00e9 d\u2019expression. La presse traditionnelle ayant \u00e9t\u00e9 discr\u00e9dit\u00e9e pour son soutien \u00e0 l\u2019ancien r\u00e9gime, y compris durant la r\u00e9volution (des matchs de foot et des dessins anim\u00e9s y \u00e9taient diffus\u00e9s en boucle\u00a0!).<\/p>\n<p style=\"text-align: right;\"><span style=\"text-decoration: underline;\">\u00a0Rafika Bendermel<\/span><\/p>\n<!-- AddThis Advanced Settings generic via filter on the_content --><!-- AddThis Share Buttons generic via filter on the_content -->","protected":false},"excerpt":{"rendered":"<p>A Sidi Bouzid, l\u2019une des villes \u00e0 l\u2019origine de la r\u00e9volution tunisienne, Paolo et Rafika ont r\u00e9sid\u00e9 dans la \u00a0\u00bbMaison des Jeunes\u00a0\u00bb durant quelques jours. &hellip; <!-- AddThis Advanced Settings generic via filter on wp_trim_excerpt --><!-- AddThis Share Buttons generic via filter on wp_trim_excerpt --><\/p>\n","protected":false},"author":1,"featured_media":1773,"comment_status":"open","ping_status":"open","sticky":false,"template":"","format":"standard","meta":{"_FSMCFIC_featured_image_caption":"","_FSMCFIC_featured_image_nocaption":"","_FSMCFIC_featured_image_hide":"","footnotes":""},"categories":[4],"tags":[10,112],"class_list":["post-1766","post","type-post","status-publish","format-standard","has-post-thumbnail","hentry","category-lyon","tag-lyon-2","tag-lyon-bondy-blog"],"yoast_head":"<!-- This site is optimized with the Yoast SEO plugin v22.8 - https:\/\/yoast.com\/wordpress\/plugins\/seo\/ -->\n<title>SBZ one Radio : suivez l\u2019actualit\u00e9 de Sidi Bouzid ! - Lyon Bondy Blog<\/title>\n<meta name=\"robots\" content=\"index, follow, max-snippet:-1, max-image-preview:large, max-video-preview:-1\" \/>\n<link rel=\"canonical\" href=\"https:\/\/lyonbondyblog.fr\/LBB\/sbz-one-radio-suivez-lactualite-de-sidi-bouzid\/\" \/>\n<meta property=\"og:locale\" content=\"fr_FR\" \/>\n<meta property=\"og:type\" content=\"article\" \/>\n<meta property=\"og:title\" content=\"SBZ one Radio : suivez l\u2019actualit\u00e9 de Sidi Bouzid ! - Lyon Bondy Blog\" \/>\n<meta property=\"og:description\" content=\"A Sidi Bouzid, l\u2019une des villes \u00e0 l\u2019origine de la r\u00e9volution tunisienne, Paolo et Rafika ont r\u00e9sid\u00e9 dans la \u00a0\u00bbMaison des Jeunes\u00a0\u00bb durant quelques jours. &hellip;\" \/>\n<meta property=\"og:url\" content=\"https:\/\/lyonbondyblog.fr\/LBB\/sbz-one-radio-suivez-lactualite-de-sidi-bouzid\/\" \/>\n<meta property=\"og:site_name\" content=\"Lyon Bondy Blog\" \/>\n<meta property=\"article:publisher\" content=\"https:\/\/www.facebook.com\/lyonbondyblog\" \/>\n<meta property=\"article:author\" content=\"https:\/\/www.facebook.com\/lyonbondyblog\" \/>\n<meta property=\"article:published_time\" content=\"2011-10-28T12:22:09+00:00\" \/>\n<meta property=\"article:modified_time\" content=\"2013-07-26T12:24:02+00:00\" \/>\n<meta property=\"og:image\" content=\"https:\/\/lyonbondyblog.fr\/LBB\/wp-content\/uploads\/2013\/07\/logo_tn.png\" \/>\n\t<meta property=\"og:image:width\" content=\"115\" \/>\n\t<meta property=\"og:image:height\" content=\"90\" \/>\n\t<meta property=\"og:image:type\" content=\"image\/png\" \/>\n<meta name=\"author\" content=\"La r\u00e9daction\" \/>\n<meta name=\"twitter:card\" content=\"summary_large_image\" \/>\n<meta name=\"twitter:creator\" content=\"@BondyBlogLyon\" \/>\n<meta name=\"twitter:site\" content=\"@bondybloglyon\" \/>\n<script type=\"application\/ld+json\" class=\"yoast-schema-graph\">{\"@context\":\"https:\/\/schema.org\",\"@graph\":[{\"@type\":\"Article\",\"@id\":\"https:\/\/lyonbondyblog.fr\/LBB\/sbz-one-radio-suivez-lactualite-de-sidi-bouzid\/#article\",\"isPartOf\":{\"@id\":\"https:\/\/lyonbondyblog.fr\/LBB\/sbz-one-radio-suivez-lactualite-de-sidi-bouzid\/\"},\"author\":{\"name\":\"La r\u00e9daction\",\"@id\":\"https:\/\/lyonbondyblog.fr\/LBB\/#\/schema\/person\/e45f8d27baac75072daa0be50c409b25\"},\"headline\":\"SBZ one Radio : suivez l\u2019actualit\u00e9 de Sidi Bouzid !\",\"datePublished\":\"2011-10-28T12:22:09+00:00\",\"dateModified\":\"2013-07-26T12:24:02+00:00\",\"mainEntityOfPage\":{\"@id\":\"https:\/\/lyonbondyblog.fr\/LBB\/sbz-one-radio-suivez-lactualite-de-sidi-bouzid\/\"},\"wordCount\":560,\"commentCount\":0,\"publisher\":{\"@id\":\"https:\/\/lyonbondyblog.fr\/LBB\/#organization\"},\"image\":{\"@id\":\"https:\/\/lyonbondyblog.fr\/LBB\/sbz-one-radio-suivez-lactualite-de-sidi-bouzid\/#primaryimage\"},\"thumbnailUrl\":\"https:\/\/lyonbondyblog.fr\/LBB\/wp-content\/uploads\/2013\/07\/logo_tn.png\",\"keywords\":[\"lyon\",\"Lyon Bondy Blog\"],\"articleSection\":[\"Lyon\"],\"inLanguage\":\"fr-FR\",\"potentialAction\":[{\"@type\":\"CommentAction\",\"name\":\"Comment\",\"target\":[\"https:\/\/lyonbondyblog.fr\/LBB\/sbz-one-radio-suivez-lactualite-de-sidi-bouzid\/#respond\"]}]},{\"@type\":\"WebPage\",\"@id\":\"https:\/\/lyonbondyblog.fr\/LBB\/sbz-one-radio-suivez-lactualite-de-sidi-bouzid\/\",\"url\":\"https:\/\/lyonbondyblog.fr\/LBB\/sbz-one-radio-suivez-lactualite-de-sidi-bouzid\/\",\"name\":\"SBZ one Radio : suivez l\u2019actualit\u00e9 de Sidi Bouzid ! - Lyon Bondy Blog\",\"isPartOf\":{\"@id\":\"https:\/\/lyonbondyblog.fr\/LBB\/#website\"},\"primaryImageOfPage\":{\"@id\":\"https:\/\/lyonbondyblog.fr\/LBB\/sbz-one-radio-suivez-lactualite-de-sidi-bouzid\/#primaryimage\"},\"image\":{\"@id\":\"https:\/\/lyonbondyblog.fr\/LBB\/sbz-one-radio-suivez-lactualite-de-sidi-bouzid\/#primaryimage\"},\"thumbnailUrl\":\"https:\/\/lyonbondyblog.fr\/LBB\/wp-content\/uploads\/2013\/07\/logo_tn.png\",\"datePublished\":\"2011-10-28T12:22:09+00:00\",\"dateModified\":\"2013-07-26T12:24:02+00:00\",\"inLanguage\":\"fr-FR\",\"potentialAction\":[{\"@type\":\"ReadAction\",\"target\":[\"https:\/\/lyonbondyblog.fr\/LBB\/sbz-one-radio-suivez-lactualite-de-sidi-bouzid\/\"]}]},{\"@type\":\"ImageObject\",\"inLanguage\":\"fr-FR\",\"@id\":\"https:\/\/lyonbondyblog.fr\/LBB\/sbz-one-radio-suivez-lactualite-de-sidi-bouzid\/#primaryimage\",\"url\":\"https:\/\/lyonbondyblog.fr\/LBB\/wp-content\/uploads\/2013\/07\/logo_tn.png\",\"contentUrl\":\"https:\/\/lyonbondyblog.fr\/LBB\/wp-content\/uploads\/2013\/07\/logo_tn.png\",\"width\":115,\"height\":90},{\"@type\":\"WebSite\",\"@id\":\"https:\/\/lyonbondyblog.fr\/LBB\/#website\",\"url\":\"https:\/\/lyonbondyblog.fr\/LBB\/\",\"name\":\"Lyon Bondy Blog\",\"description\":\"\",\"publisher\":{\"@id\":\"https:\/\/lyonbondyblog.fr\/LBB\/#organization\"},\"potentialAction\":[{\"@type\":\"SearchAction\",\"target\":{\"@type\":\"EntryPoint\",\"urlTemplate\":\"https:\/\/lyonbondyblog.fr\/LBB\/?s={search_term_string}\"},\"query-input\":\"required name=search_term_string\"}],\"inLanguage\":\"fr-FR\"},{\"@type\":\"Organization\",\"@id\":\"https:\/\/lyonbondyblog.fr\/LBB\/#organization\",\"name\":\"LYON BONDY BLOG\",\"url\":\"https:\/\/lyonbondyblog.fr\/LBB\/\",\"logo\":{\"@type\":\"ImageObject\",\"inLanguage\":\"fr-FR\",\"@id\":\"https:\/\/lyonbondyblog.fr\/LBB\/#\/schema\/logo\/image\/\",\"url\":\"http:\/\/lyonbondyblog.fr\/LBB\/wp-content\/uploads\/2014\/10\/logo-portable-144.png\",\"contentUrl\":\"http:\/\/lyonbondyblog.fr\/LBB\/wp-content\/uploads\/2014\/10\/logo-portable-144.png\",\"width\":144,\"height\":123,\"caption\":\"LYON BONDY BLOG\"},\"image\":{\"@id\":\"https:\/\/lyonbondyblog.fr\/LBB\/#\/schema\/logo\/image\/\"},\"sameAs\":[\"https:\/\/www.facebook.com\/lyonbondyblog\",\"https:\/\/x.com\/bondybloglyon\"]},{\"@type\":\"Person\",\"@id\":\"https:\/\/lyonbondyblog.fr\/LBB\/#\/schema\/person\/e45f8d27baac75072daa0be50c409b25\",\"name\":\"La r\u00e9daction\",\"description\":\"Cr\u00e9e en 2008, la r\u00e9daction du Lyon Bondy Blog s'applique \u00e0 proposer une information locale diff\u00e9rente et compl\u00e9mentaire des m\u00e9dias traditionnels.\",\"sameAs\":[\"https:\/\/www.facebook.com\/lyonbondyblog\",\"https:\/\/x.com\/BondyBlogLyon\"],\"url\":\"https:\/\/lyonbondyblog.fr\/LBB\/author\/admin\/\"}]}<\/script>\n<!-- \/ Yoast SEO plugin. -->","yoast_head_json":{"title":"SBZ one Radio : suivez l\u2019actualit\u00e9 de Sidi Bouzid ! - Lyon Bondy Blog","robots":{"index":"index","follow":"follow","max-snippet":"max-snippet:-1","max-image-preview":"max-image-preview:large","max-video-preview":"max-video-preview:-1"},"canonical":"https:\/\/lyonbondyblog.fr\/LBB\/sbz-one-radio-suivez-lactualite-de-sidi-bouzid\/","og_locale":"fr_FR","og_type":"article","og_title":"SBZ one Radio : suivez l\u2019actualit\u00e9 de Sidi Bouzid ! - Lyon Bondy Blog","og_description":"A Sidi Bouzid, l\u2019une des villes \u00e0 l\u2019origine de la r\u00e9volution tunisienne, Paolo et Rafika ont r\u00e9sid\u00e9 dans la \u00a0\u00bbMaison des Jeunes\u00a0\u00bb durant quelques jours. &hellip;","og_url":"https:\/\/lyonbondyblog.fr\/LBB\/sbz-one-radio-suivez-lactualite-de-sidi-bouzid\/","og_site_name":"Lyon Bondy Blog","article_publisher":"https:\/\/www.facebook.com\/lyonbondyblog","article_author":"https:\/\/www.facebook.com\/lyonbondyblog","article_published_time":"2011-10-28T12:22:09+00:00","article_modified_time":"2013-07-26T12:24:02+00:00","og_image":[{"width":115,"height":90,"url":"https:\/\/lyonbondyblog.fr\/LBB\/wp-content\/uploads\/2013\/07\/logo_tn.png","type":"image\/png"}],"author":"La r\u00e9daction","twitter_card":"summary_large_image","twitter_creator":"@BondyBlogLyon","twitter_site":"@bondybloglyon","schema":{"@context":"https:\/\/schema.org","@graph":[{"@type":"Article","@id":"https:\/\/lyonbondyblog.fr\/LBB\/sbz-one-radio-suivez-lactualite-de-sidi-bouzid\/#article","isPartOf":{"@id":"https:\/\/lyonbondyblog.fr\/LBB\/sbz-one-radio-suivez-lactualite-de-sidi-bouzid\/"},"author":{"name":"La r\u00e9daction","@id":"https:\/\/lyonbondyblog.fr\/LBB\/#\/schema\/person\/e45f8d27baac75072daa0be50c409b25"},"headline":"SBZ one Radio : suivez l\u2019actualit\u00e9 de Sidi Bouzid !","datePublished":"2011-10-28T12:22:09+00:00","dateModified":"2013-07-26T12:24:02+00:00","mainEntityOfPage":{"@id":"https:\/\/lyonbondyblog.fr\/LBB\/sbz-one-radio-suivez-lactualite-de-sidi-bouzid\/"},"wordCount":560,"commentCount":0,"publisher":{"@id":"https:\/\/lyonbondyblog.fr\/LBB\/#organization"},"image":{"@id":"https:\/\/lyonbondyblog.fr\/LBB\/sbz-one-radio-suivez-lactualite-de-sidi-bouzid\/#primaryimage"},"thumbnailUrl":"https:\/\/lyonbondyblog.fr\/LBB\/wp-content\/uploads\/2013\/07\/logo_tn.png","keywords":["lyon","Lyon Bondy Blog"],"articleSection":["Lyon"],"inLanguage":"fr-FR","potentialAction":[{"@type":"CommentAction","name":"Comment","target":["https:\/\/lyonbondyblog.fr\/LBB\/sbz-one-radio-suivez-lactualite-de-sidi-bouzid\/#respond"]}]},{"@type":"WebPage","@id":"https:\/\/lyonbondyblog.fr\/LBB\/sbz-one-radio-suivez-lactualite-de-sidi-bouzid\/","url":"https:\/\/lyonbondyblog.fr\/LBB\/sbz-one-radio-suivez-lactualite-de-sidi-bouzid\/","name":"SBZ one Radio : suivez l\u2019actualit\u00e9 de Sidi Bouzid ! - Lyon Bondy Blog","isPartOf":{"@id":"https:\/\/lyonbondyblog.fr\/LBB\/#website"},"primaryImageOfPage":{"@id":"https:\/\/lyonbondyblog.fr\/LBB\/sbz-one-radio-suivez-lactualite-de-sidi-bouzid\/#primaryimage"},"image":{"@id":"https:\/\/lyonbondyblog.fr\/LBB\/sbz-one-radio-suivez-lactualite-de-sidi-bouzid\/#primaryimage"},"thumbnailUrl":"https:\/\/lyonbondyblog.fr\/LBB\/wp-content\/uploads\/2013\/07\/logo_tn.png","datePublished":"2011-10-28T12:22:09+00:00","dateModified":"2013-07-26T12:24:02+00:00","inLanguage":"fr-FR","potentialAction":[{"@type":"ReadAction","target":["https:\/\/lyonbondyblog.fr\/LBB\/sbz-one-radio-suivez-lactualite-de-sidi-bouzid\/"]}]},{"@type":"ImageObject","inLanguage":"fr-FR","@id":"https:\/\/lyonbondyblog.fr\/LBB\/sbz-one-radio-suivez-lactualite-de-sidi-bouzid\/#primaryimage","url":"https:\/\/lyonbondyblog.fr\/LBB\/wp-content\/uploads\/2013\/07\/logo_tn.png","contentUrl":"https:\/\/lyonbondyblog.fr\/LBB\/wp-content\/uploads\/2013\/07\/logo_tn.png","width":115,"height":90},{"@type":"WebSite","@id":"https:\/\/lyonbondyblog.fr\/LBB\/#website","url":"https:\/\/lyonbondyblog.fr\/LBB\/","name":"Lyon Bondy Blog","description":"","publisher":{"@id":"https:\/\/lyonbondyblog.fr\/LBB\/#organization"},"potentialAction":[{"@type":"SearchAction","target":{"@type":"EntryPoint","urlTemplate":"https:\/\/lyonbondyblog.fr\/LBB\/?s={search_term_string}"},"query-input":"required name=search_term_string"}],"inLanguage":"fr-FR"},{"@type":"Organization","@id":"https:\/\/lyonbondyblog.fr\/LBB\/#organization","name":"LYON BONDY BLOG","url":"https:\/\/lyonbondyblog.fr\/LBB\/","logo":{"@type":"ImageObject","inLanguage":"fr-FR","@id":"https:\/\/lyonbondyblog.fr\/LBB\/#\/schema\/logo\/image\/","url":"http:\/\/lyonbondyblog.fr\/LBB\/wp-content\/uploads\/2014\/10\/logo-portable-144.png","contentUrl":"http:\/\/lyonbondyblog.fr\/LBB\/wp-content\/uploads\/2014\/10\/logo-portable-144.png","width":144,"height":123,"caption":"LYON BONDY BLOG"},"image":{"@id":"https:\/\/lyonbondyblog.fr\/LBB\/#\/schema\/logo\/image\/"},"sameAs":["https:\/\/www.facebook.com\/lyonbondyblog","https:\/\/x.com\/bondybloglyon"]},{"@type":"Person","@id":"https:\/\/lyonbondyblog.fr\/LBB\/#\/schema\/person\/e45f8d27baac75072daa0be50c409b25","name":"La r\u00e9daction","description":"Cr\u00e9e en 2008, la r\u00e9daction du Lyon Bondy Blog s'applique \u00e0 proposer une information locale diff\u00e9rente et compl\u00e9mentaire des m\u00e9dias traditionnels.","sameAs":["https:\/\/www.facebook.com\/lyonbondyblog","https:\/\/x.com\/BondyBlogLyon"],"url":"https:\/\/lyonbondyblog.fr\/LBB\/author\/admin\/"}]}},"_links":{"self":[{"href":"https:\/\/lyonbondyblog.fr\/LBB\/wp-json\/wp\/v2\/posts\/1766","targetHints":{"allow":["GET"]}}],"collection":[{"href":"https:\/\/lyonbondyblog.fr\/LBB\/wp-json\/wp\/v2\/posts"}],"about":[{"href":"https:\/\/lyonbondyblog.fr\/LBB\/wp-json\/wp\/v2\/types\/post"}],"author":[{"embeddable":true,"href":"https:\/\/lyonbondyblog.fr\/LBB\/wp-json\/wp\/v2\/users\/1"}],"replies":[{"embeddable":true,"href":"https:\/\/lyonbondyblog.fr\/LBB\/wp-json\/wp\/v2\/comments?post=1766"}],"version-history":[{"count":0,"href":"https:\/\/lyonbondyblog.fr\/LBB\/wp-json\/wp\/v2\/posts\/1766\/revisions"}],"wp:featuredmedia":[{"embeddable":true,"href":"https:\/\/lyonbondyblog.fr\/LBB\/wp-json\/wp\/v2\/media\/1773"}],"wp:attachment":[{"href":"https:\/\/lyonbondyblog.fr\/LBB\/wp-json\/wp\/v2\/media?parent=1766"}],"wp:term":[{"taxonomy":"category","embeddable":true,"href":"https:\/\/lyonbondyblog.fr\/LBB\/wp-json\/wp\/v2\/categories?post=1766"},{"taxonomy":"post_tag","embeddable":true,"href":"https:\/\/lyonbondyblog.fr\/LBB\/wp-json\/wp\/v2\/tags?post=1766"}],"curies":[{"name":"wp","href":"https:\/\/api.w.org\/{rel}","templated":true}]}}