{"id":17541,"date":"2019-07-18T16:16:43","date_gmt":"2019-07-18T14:16:43","guid":{"rendered":"http:\/\/lyonbondyblog.fr\/LBB\/?p=17541"},"modified":"2019-07-24T11:23:42","modified_gmt":"2019-07-24T09:23:42","slug":"vers-un-rassemblement-de-la-gauche-pour-les-municipales-2020","status":"publish","type":"post","link":"https:\/\/lyonbondyblog.fr\/LBB\/vers-un-rassemblement-de-la-gauche-pour-les-municipales-2020\/","title":{"rendered":"Vers un rassemblement de la gauche pour les Municipales 2020 ?"},"content":{"rendered":"<h4 style=\"text-align: justify;\"><span style=\"color: #000000; font-family: georgia, palatino, serif;\"><span lang=\"fr-FR\">Huit organisations et partis de gauche se sont r\u00e9unis vendredi 5 juillet place Sathonay pour la f\u00eate populaire organis\u00e9e par le PCF. R\u00e9unie sur le th\u00e8me de l\u2019implantation de l&rsquo;extr\u00eame-droite \u00e0 Lyon, la gauche avait l&rsquo;occasion de continuer \u00e0 renouer le dialogue. Des id\u00e9es d&rsquo;unions sont en discussions, bien que les Verts profitent de leur leadership.<\/span><\/span><\/h4>\n<p style=\"text-align: justify;\" align=\"justify\"><span style=\"font-family: georgia, palatino, serif;\"><span style=\"color: #000000;\"><span lang=\"fr-FR\">Un rassemblement de <\/span><\/span><span style=\"color: #000000;\"><span lang=\"fr-FR\">la<\/span><\/span><span style=\"color: #000000;\"><span lang=\"fr-FR\"> gauche, vous-d\u00eetes<\/span><\/span><span style=\"color: #000000;\"><span lang=\"fr-FR\"> ? <\/span><\/span><span style=\"color: #000000;\"><span lang=\"fr-FR\">L<\/span><\/span><span style=\"color: #000000;\"><span lang=\"fr-FR\">a question <\/span><\/span><span style=\"color: #000000;\"><span lang=\"fr-FR\">pouvait se poser en arrivant<\/span><\/span><span style=\"color: #000000;\"><span lang=\"fr-FR\"> vendredi 5 juillet <\/span><\/span><span style=\"color: #000000;\"><span lang=\"fr-FR\">pendant la f\u00eate populaire <\/span><\/span><span style=\"color: #000000;\"><span lang=\"fr-FR\">place Sathonay, <\/span><\/span><span style=\"color: #000000;\"><span lang=\"fr-FR\">dans le 1<\/span><\/span><span style=\"color: #000000;\"><sup><span lang=\"fr-FR\">er<\/span><\/sup><\/span><span style=\"color: #000000;\"><span lang=\"fr-FR\"> arrondissement<\/span><\/span><span style=\"color: #000000;\"><span lang=\"fr-FR\">. <\/span><\/span><span style=\"color: #000000;\"><span lang=\"fr-FR\">C\u2019est A<\/span><\/span><span style=\"color: #000000;\"><span lang=\"fr-FR\">l<\/span><\/span><span style=\"color: #000000;\"><span lang=\"fr-FR\">ine Guitard, <\/span><\/span><span style=\"color: #000000;\"><span style=\"font-size: medium;\">Secr\u00e9taire de section du Parti communiste de Lyon<\/span><\/span>&nbsp;<span style=\"color: #000000;\"><span lang=\"fr-FR\">qui \u00e9tait<\/span><\/span><span style=\"color: #000000;\"><span lang=\"fr-FR\">&nbsp;en charge de <\/span><\/span><span style=\"color: #000000;\"><span lang=\"fr-FR\">l\u2019\u00e9v\u00e9nement. Toutes les organisations sollicit\u00e9es \u00e9taient pr\u00e9sentes&nbsp;<\/span><\/span><span style=\"color: #000000;\"><span lang=\"fr-FR\">&nbsp;<\/span><\/span><span style=\"color: #000000;\"><span lang=\"fr-FR\">: France Insoumise, <a href=\"https:\/\/www.gram-metropole.fr\/groupe\/\">Gram<\/a>, Parti socialiste, EELV, G\u00e9n\u00e9ration.S, <a href=\"https:\/\/fr.wikipedia.org\/wiki\/Ensemble_!\">Ensemble !<\/a>, <a href=\"https:\/\/place-publique.eu\/acte-de-naissance\/\">Place Publique<\/a> et <a href=\"https:\/\/www.manufacturedelacite.org\/\">Manufacture de la Cit\u00e9<\/a>. <\/span><\/span><span style=\"color: #000000;\"><span lang=\"fr-FR\">Ce temps d\u2019\u00e9change public est le deuxi\u00e8me apr\u00e8s celui du 26 juin au<\/span><\/span><span style=\"color: #000000;\"><span lang=\"fr-FR\"> caf\u00e9 Le<\/span><\/span> <span style=\"color: #000000;\"><span lang=\"fr-FR\">M<\/span><\/span><span style=\"color: #000000;\"><span lang=\"fr-FR\">istral, <\/span><\/span><span style=\"color: #000000;\"><span lang=\"fr-FR\">\u00e0<\/span><\/span><span style=\"color: #000000;\"><span lang=\"fr-FR\">&nbsp;la Guilloti\u00e8re<\/span><\/span><span style=\"color: #000000;\"><span lang=\"fr-FR\">. <\/span><\/span><\/span><\/p>\n<p style=\"text-align: justify;\" align=\"justify\"><span style=\"font-family: georgia, palatino, serif;\"><span style=\"color: #000000;\"><span lang=\"fr-FR\">Le th\u00e8me de la r\u00e9union a \u00e9t\u00e9 choisi apr\u00e8s la d\u00e9gradation des locaux de&nbsp; plusieurs partis de gauche&nbsp; : \u00ab O<\/span><\/span><em><span style=\"color: #000000;\"><span lang=\"fr-FR\">n trouve qu\u2019il y a eu un laxisme de la part des responsable<\/span><\/span><span style=\"color: #000000;\"><span lang=\"fr-FR\">s politiques&nbsp;<\/span><\/span><\/em><span style=\"color: #000000;\"><span lang=\"fr-FR\">\u00bb <\/span><\/span><span style=\"color: #000000;\"><span lang=\"fr-FR\">selon<\/span><\/span><span style=\"color: #000000;\"><span lang=\"fr-FR\"> Aline Guitard. Au-<\/span><\/span><span style=\"color: #000000;\"><span lang=\"fr-FR\">del\u00e0<\/span><\/span><span style=\"color: #000000;\"><span lang=\"fr-FR\"> de \u00e7a, <\/span><\/span><span style=\"color: #000000;\"><span lang=\"fr-FR\">l\u2019enjeu des <\/span><\/span><span style=\"color: #000000;\"><span lang=\"fr-FR\">municipales<\/span><\/span><span style=\"color: #000000;\"><span lang=\"fr-FR\"> de 2020 reste aussi pr\u00e9sent. <\/span><\/span><span style=\"color: #000000;\"><span lang=\"fr-FR\">L\u2019id\u00e9e d\u2019u<\/span><\/span><span style=\"color: #000000;\"><span lang=\"fr-FR\">n<\/span><\/span><span style=\"color: #000000;\"><span lang=\"fr-FR\"> regroupement des forces de gauche fait son chemin : \u00ab C<\/span><\/span><em><span style=\"color: #000000;\"><span lang=\"fr-FR\">\u2019est comme \u00e7a qu\u2019<\/span><\/span><span style=\"color: #000000;\"><span lang=\"fr-FR\">au sein de notre parti<\/span><\/span><span style=\"color: #000000;\"><span lang=\"fr-FR\"> nous<\/span><\/span><span style=\"color: #000000;\"><span lang=\"fr-FR\"> tradui<\/span><\/span><span style=\"color: #000000;\"><span lang=\"fr-FR\">sons<\/span><\/span><span style=\"color: #000000;\"><span lang=\"fr-FR\"> la claque que s\u2019est prise la gauche aux Europ\u00e9ennes<\/span><\/span><span style=\"color: #000000;\"><span lang=\"fr-FR\">.<\/span><\/span><span style=\"color: #000000;\"><span lang=\"fr-FR\"> C<\/span><\/span><span style=\"color: #000000;\"><span lang=\"fr-FR\">e n\u2019est<\/span><\/span><span style=\"color: #000000;\"><span lang=\"fr-FR\"> pas la premi\u00e8re fois que l\u2019on nous <\/span><\/span><span style=\"color: #000000;\"><span lang=\"fr-FR\">reproche<\/span><\/span><\/em><span style=\"color: #000000;\"><span lang=\"fr-FR\"><em> d\u2019\u00eatre divis\u00e9s<\/em> \u00bb,&nbsp;<\/span><\/span><span style=\"color: #000000;\"><span lang=\"fr-FR\">ajoute <a href=\"https:\/\/lyonbondyblog.fr\/LBB\/municipales-2014-les-mairies-sont-les-remparts-lausterite-interview-daline-guitard-candidate-front-de-gauche\/\">Aline Guitard<\/a>.<\/span><\/span><\/span><\/p>\n<h4><span style=\"font-family: georgia, palatino, serif;\"><span style=\"color: #000000;\"><span lang=\"fr-FR\">\u00ab <\/span><\/span><span style=\"color: #000000;\">Notre but, c\u2019est de rassembler autour du projet \u00e9cologiste&nbsp;<span lang=\"fr-FR\">\u00bb<\/span><\/span><\/span><\/h4>\n<p style=\"text-align: justify;\" align=\"justify\"><span style=\"font-family: georgia, palatino, serif;\"><span style=\"color: #000000;\"><span lang=\"fr-FR\">La question du rassemblement intervient \u00e0 la suite des \u00e9lections europ\u00e9ennes. Le<\/span><\/span><span style=\"color: #000000;\"><span lang=\"fr-FR\">s<\/span><\/span><span style=\"color: #000000;\"><span lang=\"fr-FR\"> r\u00e9sultats significatifs d\u2019EELV aux Europ\u00e9ennes (<\/span><\/span><span style=\"color: #000000;\"><span lang=\"fr-FR\">20,9% dans la m\u00e9tropole de Lyon) prennent place dans le tableau<\/span><\/span><span style=\"color: #000000;\"><span lang=\"fr-FR\">. <\/span><\/span><span style=\"color: #000000;\"><span lang=\"fr-FR\">Pour R\u00e9m<\/span><\/span><span style=\"color: #000000;\"><span lang=\"fr-FR\">i<\/span><\/span><span style=\"color: #000000;\"><span lang=\"fr-FR\"> Zinc<\/span><\/span><span style=\"color: #000000;\"><span lang=\"fr-FR\">k<\/span><\/span><span style=\"color: #000000;\"><span lang=\"fr-FR\">, conseil<\/span><\/span><span style=\"color: #000000;\"><span lang=\"fr-FR\">ler<\/span><\/span><span style=\"color: #000000;\"><span lang=\"fr-FR\"> f\u00e9d\u00e9ral <\/span><\/span><span style=\"color: #000000;\"><span lang=\"fr-FR\">d\u2019EELV, \u00ab&nbsp;<em>Nous<\/em><\/span><\/span><em> <span style=\"color: #000000;\"><span lang=\"fr-FR\">n\u2019<\/span><\/span><span style=\"color: #000000;\"><span lang=\"fr-FR\">avan<\/span><\/span><span style=\"color: #000000;\"><span lang=\"fr-FR\">\u00e7ons<\/span><\/span><span style=\"color: #000000;\"><span lang=\"fr-FR\"> pas vers une liste commune au premier tour, c\u2019est pour ainsi dire s\u00fbr. Pour le deuxi\u00e8me tour oui, c\u2019est possible. Je pousse \u00e0 mon niveau pour qu\u2019il y <\/span><\/span><span style=\"color: #000000;\"><span lang=\"fr-FR\">ait<\/span><\/span><span style=\"color: #000000;\"><span lang=\"fr-FR\"> un <\/span><\/span><span style=\"color: #000000;\"><span lang=\"fr-FR\">rassemblement<\/span><\/span><\/em><span style=\"color: #000000;\"><span lang=\"fr-FR\"><em> \u00e9cologiste ou de gauche au deuxi\u00e8me tour, \u00e7a, c\u2019est s\u00fbr. On ne ferme pas la porte, il y a eu des discussions, des rencontres\u2026&nbsp;<\/em>\u00bb. <\/span><\/span><span style=\"color: #000000;\"><span lang=\"fr-FR\">De plus, une motion est \u00e9voqu\u00e9<\/span><\/span><span style=\"color: #000000;\"><span lang=\"fr-FR\">e<\/span><\/span><span style=\"color: #000000;\"><span lang=\"fr-FR\"> pour un rassemblement des partis \u00e9cologistes au premier tour, tels que <a href=\"https:\/\/fr.wikipedia.org\/wiki\/G%C3%A9n%C3%A9ration_%C3%A9cologie\">G\u00e9n\u00e9ration \u00c9cologie&nbsp;<\/a><\/span><\/span><span style=\"color: #000000;\"><span lang=\"fr-FR\">ou <a href=\"https:\/\/fr.wikipedia.org\/wiki\/Mouvement_%C3%A9cologiste_ind%C3%A9pendant\">MEI<\/a>&nbsp;:&nbsp;\u00ab<em>&nbsp;<\/em><\/span><\/span><em><span style=\"color: #000000;\"><span lang=\"fr-FR\">Notre volont\u00e9 est d\u2019abord de rassembler les <\/span><\/span><span style=\"color: #000000;\"><span lang=\"fr-FR\">\u00e9lecteurs<\/span><\/span><\/em><span style=\"color: #000000;\"><span lang=\"fr-FR\"><em> \u00e9colos. Il n\u2019y a pas d\u2019alliance de circonstance, nous voulons un projet de changement radical<\/em>&nbsp;\u00bb. <\/span><\/span><span style=\"color: #000000;\"><span lang=\"fr-FR\">Les autres partis semble<\/span><\/span><span style=\"color: #000000;\"><span lang=\"fr-FR\">nt<\/span><\/span><span style=\"color: #000000;\"><span lang=\"fr-FR\"> plus favorables \u00e0 une alliance au premier tour <\/span><\/span><span style=\"color: #000000;\"><span lang=\"fr-FR\">en <\/span><\/span><span style=\"color: #000000;\"><span lang=\"fr-FR\">\u00e9voquant&nbsp;<\/span><\/span><span style=\"color: #000000;\"><span lang=\"fr-FR\">la&nbsp;<\/span><\/span><span style=\"color: #000000;\"><span lang=\"fr-FR\">responsabilit\u00e9&nbsp;<\/span><\/span><span style=\"color: #000000;\"><span lang=\"fr-FR\"> de chacun&nbsp;&nbsp;<\/span><\/span><span style=\"color: #000000;\"><span lang=\"fr-FR\">et \u00ab&nbsp;<em>l<\/em><\/span><\/span><em><span style=\"color: #000000;\"><span lang=\"fr-FR\">es 80-90% des <\/span><\/span><span style=\"color: #000000;\"><span lang=\"fr-FR\">id\u00e9es communes<\/span><\/span><span style=\"color: #000000;\"><span lang=\"fr-FR\"> sur lesquels on est d\u2019accord pour changer la vie des Lyonnais&nbsp;<\/span><\/span><\/em><span style=\"color: #000000;\"><span lang=\"fr-FR\">\u00bb explique<\/span><\/span><span style=\"color: #000000;\"><span lang=\"fr-FR\">&nbsp;Karim Aou<\/span><\/span><span style=\"color: #000000;\"><span lang=\"fr-FR\">,<\/span><\/span><span style=\"color: #000000;\"><span lang=\"fr-FR\">&nbsp;Membre du collectif national de G\u00e9n\u00e9ration\u2022s. Aline Guitard et d&rsquo;autres responsables surench\u00e9rissent en \u00e9voquant&nbsp; l<\/span><\/span><span style=\"color: #000000;\"><span lang=\"fr-FR\">es 40%&nbsp; cumul\u00e9 par&nbsp; l&rsquo;ensemble de la&nbsp; gauche fran\u00e7aise aux derni\u00e8res \u00e9lections.<\/span><\/span><\/span><\/p>\n<h4 align=\"justify\"><span style=\"font-family: georgia, palatino, serif;\">Le choix des Verts<\/span><\/h4>\n<p style=\"text-align: justify;\" align=\"justify\"><span style=\"font-family: georgia, palatino, serif;\"><span style=\"color: #000000;\"><span lang=\"fr-FR\">Par ailleurs, u<\/span><\/span><span style=\"color: #000000;\"><span lang=\"fr-FR\">n<\/span><\/span><span style=\"color: #000000;\"><span lang=\"fr-FR\">e nouvelle donn\u00e9e est \u00e0 prendre&nbsp; pour ces \u00e9lections&nbsp;: les \u00e9lecteurs voteront le m\u00eame jour pour une liste <\/span><\/span><span style=\"color: #000000;\"><span lang=\"fr-FR\">municipale<\/span><\/span><span style=\"color: #000000;\"><span lang=\"fr-FR\"> et une liste m\u00e9tropolitaine.&nbsp;<\/span><\/span><span style=\"color: #000000;\"><span lang=\"fr-FR\">\u00c0 ce jour, le <\/span><\/span><span style=\"color: #000000;\"><span lang=\"fr-FR\"><a href=\"https:\/\/lyonbondyblog.fr\/LBB\/les-verts-en-solitaires\/\">parti EELV<\/a> souhaite<\/span><\/span><span style=\"color: #000000;\"><span lang=\"fr-FR\">rai<\/span><\/span><span style=\"color: #000000;\"><span lang=\"fr-FR\">t<\/span><\/span><span style=\"color: #000000;\"><span lang=\"fr-FR\"> mettre en place pour le vote <\/span><\/span><span style=\"color: #000000;\"><span lang=\"fr-FR\">municipal<\/span><\/span><span style=\"color: #000000;\"><span lang=\"fr-FR\"> des listes soutenu<\/span><\/span><span style=\"color: #000000;\"><span lang=\"fr-FR\">es<\/span><\/span> <span style=\"color: #000000;\"><span lang=\"fr-FR\">par <\/span><\/span><span style=\"color: #000000;\"><span lang=\"fr-FR\">EELV \u00e0 travers un appel citoyen pour le climat lanc\u00e9 avant les E<\/span><\/span><span style=\"color: #000000;\"><span lang=\"fr-FR\">urop\u00e9ennes<\/span><\/span><span style=\"color: #000000;\"><span lang=\"fr-FR\">&nbsp;: \u00ab&nbsp;<\/span><\/span><em><span style=\"color: #000000;\"><span lang=\"fr-FR\">Les signataires <\/span><\/span><span style=\"color: #000000;\"><span lang=\"fr-FR\">peuvent \u00eatre<\/span><\/span><span style=\"color: #000000;\"><span lang=\"fr-FR\">&nbsp;adh\u00e9rents ou non de notre parti . Ils vont d\u00e9finir le projet et \u00e9tablir les listes candidates sur la ville de <\/span><\/span><span style=\"color: #000000;\"><span lang=\"fr-FR\">L<\/span><\/span><span style=\"color: #000000;\"><span lang=\"fr-FR\">yon <\/span><\/span><span style=\"color: #000000;\"><span lang=\"fr-FR\">[&#8230;] A<\/span><\/span><span style=\"color: #000000;\"><span lang=\"fr-FR\">pr\u00e8s, \u00e7a ne veut pas dire que les autres partis de gauche ne peuvent pas signer l\u2019appel, ils peuvent le signer en tant que citoyens.<\/span><\/span><span style=\"color: #000000;\"><span lang=\"fr-FR\">&nbsp;Par contre ceux qui soutiennent notre liste ne peuvent pas soutenir d\u2019autres listes. Il ne faut pas qu\u2019il y en ai<\/span><\/span><span style=\"color: #000000;\"><span lang=\"fr-FR\">t<\/span><\/span><span style=\"color: #000000;\"><span lang=\"fr-FR\"> qui soutienne<\/span><\/span><span style=\"color: #000000;\"><span lang=\"fr-FR\">nt<\/span><\/span><\/em><span style=\"color: #000000;\"><span lang=\"fr-FR\"><em> toutes les listes<\/em>.&nbsp;\u00bb <\/span><\/span><span style=\"color: #000000;\"><span lang=\"fr-FR\">Pour le vote m\u00e9tropolitain, <\/span><\/span><span style=\"color: #000000;\"><span lang=\"fr-FR\">il <\/span><\/span><span style=\"color: #000000;\"><span lang=\"fr-FR\">pourrait \u00eatre<\/span><\/span><span style=\"color: #000000;\"><span lang=\"fr-FR\"> envisag<\/span><\/span><span style=\"color: #000000;\"><span lang=\"fr-FR\">\u00e9<\/span><\/span><span style=\"color: #000000;\"><span lang=\"fr-FR\"> des listes EELV ouvertes&nbsp;: \u00ab<em>&nbsp;<\/em><\/span><\/span><em><span style=\"color: #000000;\"><span lang=\"fr-FR\">il y aura des votes, mais aussi une commission d\u2019harmonisation. \u00c7a sera un peu plus contr\u00f4l\u00e9, si je <\/span><\/span><\/em><span style=\"color: #000000;\"><span lang=\"fr-FR\"><em>puis dire<\/em>&nbsp;\u00bb.&nbsp;<\/span><\/span><span style=\"color: #000000;\"><span lang=\"fr-FR\">Le<\/span><\/span><span style=\"color: #000000;\"><span lang=\"fr-FR\">s verts semble<\/span><\/span><span style=\"color: #000000;\"><span lang=\"fr-FR\">nt<\/span><\/span><span style=\"color: #000000;\"><span lang=\"fr-FR\"> donc vouloir partir dans une optique diff\u00e9rente pour le premier tour. Ce qui semble suivre la logique de leur <a href=\"https:\/\/www.publicsenat.fr\/article\/politique\/eelv-affiche-ses-ambitions-pour-les-municipales-et-la-presidentielle-142307\">Conseil national<\/a> du 22 juin.&nbsp;<\/span><\/span><span style=\"color: #000000;\"><span lang=\"fr-FR\">\u00c0 <\/span><\/span><span style=\"color: #000000;\"><span lang=\"fr-FR\">propos de <\/span><\/span><span style=\"color: #000000;\"><span lang=\"fr-FR\">cela<\/span><\/span><span style=\"color: #000000;\"><span lang=\"fr-FR\">, <\/span><\/span><span style=\"color: #000000;\"><span lang=\"fr-FR\">la secr\u00e9taire de section PCF Lyon ajoute :&nbsp;<\/span><\/span><span style=\"color: #000000;\"><span lang=\"fr-FR\">\u00ab <em>I<\/em><\/span><\/span><em><span style=\"color: #000000;\"><span lang=\"fr-FR\">l est encore t\u00f4t, il<\/span><\/span><span style=\"color: #000000;\"><span lang=\"fr-FR\">s<\/span><\/span><span style=\"color: #000000;\"><span lang=\"fr-FR\"> avai<\/span><\/span><span style=\"color: #000000;\"><span lang=\"fr-FR\">ent<\/span><\/span><span style=\"color: #000000;\"><span lang=\"fr-FR\"> un calendrier fait avant les E<\/span><\/span><span style=\"color: #000000;\"><span lang=\"fr-FR\">urop\u00e9ennes.<\/span><\/span><span style=\"color: #000000;\"><span lang=\"fr-FR\"> Il faut prendre le temps de discuter avec chacun<\/span><\/span><\/em><span style=\"color: #000000;\"><span lang=\"fr-FR\">&nbsp;\u00bb.<\/span><\/span><\/span><\/p>\n<h4><span style=\"font-family: georgia, palatino, serif;\"><span style=\"color: #000000;\"><span lang=\"fr-FR\">\u00ab Moi, je ne veux pas <\/span><\/span><span style=\"color: #000000;\"><span lang=\"fr-FR\">renoncer<\/span><\/span><span style=\"color: #000000;\"><span lang=\"fr-FR\"> \u00e0 <\/span><\/span><span style=\"color: #000000;\"><span lang=\"fr-FR\">l\u2019id\u00e9e du rassemblement&nbsp;\u00bb<\/span><\/span><\/span><\/h4>\n<p style=\"text-align: justify;\" align=\"justify\"><span style=\"font-family: georgia, palatino, serif;\"><span style=\"color: #000000;\"><span lang=\"fr-FR\">Dans ce sens, l<\/span><\/span><span style=\"color: #000000;\"><span lang=\"fr-FR\">e Parti communiste avait lanc\u00e9 la p\u00e9tition \u00ab&nbsp;<a href=\"https:\/\/www.change.org\/p\/aux-municipales-de-2020-%C3%A0-lyon-nous-voulons-un-seul-bulletin-de-vote-%C3%A0-gauche?recruiter=73282838&amp;utm_source=share_petition&amp;utm_medium=facebook&amp;utm_campaign=psf_combo_share_abi&amp;utm_term=share_email_responsive&amp;recruited_by_id=008e664e-2971-406e-919c-b038404a926b&amp;share_bandit_exp=abi-16096335-fr-FR&amp;share_bandit_var=v1&amp;utm_content=fht_ucb-16096335-fr-fr%3Av2\">un bulletin \u00e0 gauche pour 2020<\/a>&nbsp;\u00bb le 26 juin&nbsp;: \u00ab<em>&nbsp;<\/em><\/span><\/span><em><span style=\"color: #000000;\"><span lang=\"fr-FR\">La question n\u2019est pas de savoir qui sera t\u00eate de liste, qui va \u00eatre candidat, ou qui va avoir un poste. L&rsquo;important est de savoir si l\u2019on peut f\u00e9d\u00e9rer les forces des partis, des associations et des citoyens pour former&nbsp;<\/span><\/span><\/em><span style=\"color: #000000;\"><span lang=\"fr-FR\"><em>un projet qui aurait pour vocation d\u2019\u00eatre majoritaire \u00e0 Lyon<\/em>\u00bb. <\/span><\/span><span style=\"color: #000000;\"><span lang=\"fr-FR\">Le projet \u00e9tant d\u2019avoir une liste commune pour les municipales et la m\u00e9tropole.<\/span><\/span> <span style=\"color: #000000;\"><span lang=\"fr-FR\">Cependant, <\/span><\/span><span style=\"color: #000000;\"><span lang=\"fr-FR\">cela <\/span><\/span><span style=\"color: #000000;\"><span lang=\"fr-FR\">reste \u00ab&nbsp;<em>embryonnai<\/em><\/span><\/span><em><span style=\"color: #000000;\"><span lang=\"fr-FR\">r<\/span><\/span><\/em><span style=\"color: #000000;\"><span lang=\"fr-FR\"><em>e<\/em>&nbsp;\u00bb, nous confie Aline Guitard.&nbsp;<\/span><\/span><span style=\"color: #000000;\"><span lang=\"fr-FR\">L\u2019id\u00e9e du bulletin unique au premier tour s\u00e9duit le mouvement&nbsp;<span style=\"color: #000000;\">G\u00e9n\u00e9ration\u2022s<\/span> : \u00ab <em>N<\/em><\/span><\/span><em><span style=\"color: #000000;\"><span lang=\"fr-FR\">ous<\/span><\/span><span style=\"color: #000000;\"><span lang=\"fr-FR\">, on dit oui.<\/span><\/span><span style=\"color: #000000;\"><span lang=\"fr-FR\">&nbsp;On souhaite un rassemblement le plus large possible au premier tour.<\/span><\/span> <span style=\"color: #000000;\"><span lang=\"fr-FR\">A<\/span><\/span><span style=\"color: #000000;\"><span lang=\"fr-FR\">vec trois pour<\/span><\/span><span style=\"color: #000000;\"><span lang=\"fr-FR\"> cent<\/span><\/span><span style=\"color: #000000;\"><span lang=\"fr-FR\">, on n\u2019est pas la force autour de laquel<\/span><\/span><span style=\"color: #000000;\"><span lang=\"fr-FR\">le<\/span><\/span><span style=\"color: #000000;\"><span lang=\"fr-FR\"> la gauche va se <\/span><\/span><span style=\"color: #000000;\"><span lang=\"fr-FR\">rassembler<\/span><\/span><span style=\"color: #000000;\"><span lang=\"fr-FR\">, mais on est une des composantes.&nbsp;<\/span><\/span><span style=\"color: #000000;\"><span lang=\"fr-FR\">On est pour des rapports <\/span><\/span><span style=\"color: #000000;\"><span lang=\"fr-FR\">apais\u00e9s<\/span><\/span><span style=\"color: #000000;\"><span lang=\"fr-FR\"> entre partis politiques. Termin\u00e9 le temps o\u00f9 il y a un parti politique <\/span><\/span><span style=\"color: #000000;\"><span lang=\"fr-FR\">h\u00e9g\u00e9monique<\/span><\/span><span style=\"color: #000000;\"><span lang=\"fr-FR\"> qui dicte <\/span><\/span><span style=\"color: #000000;\"><span lang=\"fr-FR\">s<\/span><\/span><\/em><span style=\"color: #000000;\"><span lang=\"fr-FR\"><em>a loi aux autres<\/em> \u00bb <\/span><\/span><span style=\"color: #000000;\"><span lang=\"fr-FR\">nous dit Karim Aou.&nbsp;<\/span><\/span><span style=\"color: #000000;\"><span lang=\"fr-FR\">Il ajoute que pour lui : \u00ab <em>il ne faut pas le penser en termes de <\/em><\/span><\/span><em><span style=\"color: #000000;\"><span lang=\"fr-FR\">hi\u00e9rarchie.&nbsp;<\/span><\/span><\/em><span style=\"color: #000000;\"><em>Sur les 10% des r\u00e9formes n\u00e9cessaires o\u00f9 l\u2019on peut ne pas \u00eatre d\u2019accord, nous pouvons faire arbitrer les r\u00e9formes par vote citoyen<\/em>&nbsp;\u00bb.&nbsp;<\/span><span style=\"color: #000000;\"><span lang=\"fr-FR\">G\u00e9n\u00e9ration\u2022s, pour enrichir la question du fond, avait par ailleurs effectu\u00e9 pendant un an \u00ab <em>un travail de 24 pages de propositions en co-construction avec des syndicalistes, de responsables associatifs, de citoyens engag\u00e9s. On les a envoy\u00e9es \u00e0 l\u2019ensemble des formations de gauche et de l\u2019\u00e9cologie politique pour voir sur quelles choses ils se retrouvaient. Ce n\u2019\u00e9tait pas du <span style=\"color: #000000;\">\u00ab&nbsp;<\/span>\u00e0 prendre ou \u00e0 laisser \u00bb, simplement pour commencer \u00e0 d\u00e9battre&nbsp;<\/em>\u00bb.<\/span><\/span><\/span><\/p>\n<p style=\"text-align: justify;\" align=\"justify\"><span style=\"font-family: georgia, palatino, serif;\"><span style=\"color: #000000;\"><span lang=\"fr-FR\">Des discussions sur la forme et le fond semblent de mise<\/span><\/span><span style=\"color: #000000;\"><span lang=\"fr-FR\">s. <\/span><\/span><span style=\"color: #000000;\"><span lang=\"fr-FR\">Elles sont essentielles afin d\u2019\u00eatre \u00ab <em>d\u2019accord sur le projet<\/em>&nbsp;\u00bb et de viser \u00ab&nbsp;<em>un rassemblement au premier tour<\/em>&nbsp;\u00bb <\/span><\/span><span style=\"color: #000000;\"><span lang=\"fr-FR\">selon Anne Guillemot, lors de la conf\u00e9rence de presse du PS du 5 juillet.<\/span><\/span> <span style=\"color: #000000;\"><span lang=\"fr-FR\">Le <\/span><\/span><span style=\"color: #000000;\"><span lang=\"fr-FR\">Parti Socialiste<\/span><\/span> <span style=\"color: #000000;\"><span lang=\"fr-FR\">prend pour direction<\/span><\/span><span style=\"color: #000000;\"><span lang=\"fr-FR\"> le sens du <a href=\"http:\/\/ps29.org\/Municipales-2020\">Conseil national<\/a> du 22 juin. <\/span><\/span><span style=\"color: #000000;\"><span lang=\"fr-FR\">Dans la motion nationale, il<\/span><\/span><span style=\"color: #000000;\"><span lang=\"fr-FR\"> s\u2019engage<\/span><\/span>&nbsp;\u00e0&nbsp;<span style=\"color: #000000;\"><span lang=\"fr-FR\"><span style=\"font-size: 12pt;\">\u00ab&nbsp;<\/span><\/span><\/span><span style=\"color: #000000;\"><span style=\"font-size: medium;\"><span lang=\"fr-FR\"><em>la constitution de listes d&rsquo;union et de rassemblement le plus large possible de toute la gauche et des \u00e9cologistes<\/em> <span style=\"color: #000000;\">\u00bb<\/span><\/span><\/span><\/span>&nbsp;<span style=\"color: #000000;\"><span lang=\"fr-FR\">o\u00f9&nbsp;<span style=\"font-size: 12pt;\">\u00ab&nbsp;<\/span><\/span><\/span><span style=\"font-size: 12pt;\"><span style=\"color: #000000;\"><span lang=\"fr-FR\"><em>Aucun accord, en dehors de ceux conclus avec ces formations, ne sera valid\u00e9 par nos instances nationales<\/em>&nbsp;<\/span><\/span><span style=\"color: #000000;\"><span lang=\"fr-FR\">\u00bb.&nbsp;<\/span><\/span><\/span><span style=\"color: #000000;\"><span lang=\"fr-FR\">Yann Faure, porte-parole de \u00ab&nbsp;<a href=\"https:\/\/www.lyonencommun.fr\/\">Lyon en commun<\/a>&nbsp;\u00bb <\/span><\/span><span style=\"color: #000000;\"><span lang=\"fr-FR\">lanc\u00e9 par La France Insoumise, <\/span><\/span><span style=\"color: #000000;\"><span lang=\"fr-FR\">souhaite aussi un <\/span><\/span><span style=\"color: #000000;\"><span lang=\"fr-FR\">\u00ab&nbsp;<em>un accord sur la <\/em><\/span><\/span><em><span style=\"color: #000000;\"><span lang=\"fr-FR\">m\u00e9thode et <\/span><\/span><span style=\"color: #000000;\"><span lang=\"fr-FR\">le fond<\/span><\/span><\/em><span style=\"color: #000000;\"><span lang=\"fr-FR\">&nbsp;\u00bb. <\/span><\/span><span style=\"color: #000000;\"><span lang=\"fr-FR\"> Lanc\u00e9 il y a 9 mois, le projet \u2013<\/span><\/span><span style=\"color: #000000;\"><span lang=\"fr-FR\"> dont LFI \u00e0 faire part <\/span><\/span><span style=\"color: #000000;\"><span lang=\"fr-FR\">aux <\/span><\/span><span style=\"color: #000000;\"><span lang=\"fr-FR\">autres partis &#8211; <\/span><\/span> <span style=\"color: #000000;\"><span lang=\"fr-FR\">est<\/span><\/span><span style=\"color: #000000;\"><span lang=\"fr-FR\"> \u00ab <\/span><\/span><em><span style=\"color: #000000;\"><span lang=\"fr-FR\">e<\/span><\/span><span style=\"color: #000000;\"><span lang=\"fr-FR\">ncore en <\/span><\/span><span style=\"color: #000000;\"><span lang=\"fr-FR\">construction<\/span><\/span><span style=\"color: #000000;\"><span lang=\"fr-FR\">, s<\/span><\/span><span style=\"color: #000000;\"><span lang=\"fr-FR\">\u2019adresse aux&nbsp;<\/span><\/span><span style=\"color: #000000;\"><span lang=\"fr-FR\">sympathisants<\/span><\/span><span style=\"color: #000000;\"><span lang=\"fr-FR\"> d\u2019autre<\/span><\/span><span style=\"color: #000000;\"><span lang=\"fr-FR\">s<\/span><\/span><span style=\"color: #000000;\"><span lang=\"fr-FR\"> organisation<\/span><\/span><span style=\"color: #000000;\"><span lang=\"fr-FR\">s<\/span><\/span><span style=\"color: #000000;\"><span lang=\"fr-FR\">, associations, collectifs de citoyen <\/span><\/span><span style=\"color: #000000;\"><span lang=\"fr-FR\">sensibles \u00e0 la question social<\/span><\/span><span style=\"color: #000000;\"><span lang=\"fr-FR\">e<\/span><\/span><\/em><span style=\"color: #000000;\"><span lang=\"fr-FR\"><em> et \u00e9cologique<\/em>&nbsp;\u00bb. Il r\u00e9unit pour l&rsquo;instant&nbsp; La France Insoumise et GRAM, port\u00e9 par&nbsp;Nathalie Perrin-Gilbert, maire du 1er arrondissement de Lyon. C&rsquo;est d&rsquo;ailleurs pour celui-ci <a href=\"https:\/\/www.rue89lyon.fr\/2018\/11\/19\/alliance-nathalie-perrin-gilbert-et-la-france-insoumise-se-lancent-pour-les-elections-de-2020\/\">qu&rsquo;ils se sont r\u00e9unis<\/a>.&nbsp;<\/span><\/span><span style=\"color: #000000;\">Pour le premier tour, \u00abLyon en commun\u00bb adh\u00e8re au principe que les listes ne poss\u00e8dent \u00ab <em>pas de repr\u00e9sentants de partis \u00e9tiquet\u00e9s \u00e0 gauche<\/em>&nbsp;\u00bb pour ne pas faire un \u00ab<em>&nbsp;cartel de partis&nbsp;<\/em>\u00bb. Pour celles-ci, \u00ab<em>&nbsp;il n\u2019y a pas de discussions pour l\u2019instant d\u2019organisation \u00e0 organisation. Sur les listes, il pourrait y avoir autant des citoyens, des b\u00e9n\u00e9voles d&rsquo;associations, que des repr\u00e9sentants politiques l\u00e9gitimes<\/em>\u00bb, ajoute-t-il.&nbsp;<\/span><span style=\"color: #000000;\"><span lang=\"fr-FR\">Le proc\u00e9d\u00e9 de construction <\/span><\/span><span style=\"color: #000000;\"><span lang=\"fr-FR\">concret<\/span><\/span><span style=\"color: #000000;\"><span lang=\"fr-FR\"> des listes et des t\u00eate<\/span><\/span><span style=\"color: #000000;\"><span lang=\"fr-FR\">s<\/span><\/span><span style=\"color: #000000;\"><span lang=\"fr-FR\"> de liste est encore en <\/span><\/span><span style=\"color: #000000;\"><span lang=\"fr-FR\">discussion. <\/span><\/span><span style=\"color: #000000;\"><span lang=\"fr-FR\">Probablement sous la forme d&rsquo;\u00ab<em>assembl\u00e9<\/em><\/span><\/span><em><span style=\"color: #000000;\"><span lang=\"fr-FR\">es<\/span><\/span><\/em><span style=\"color: #000000;\"><span lang=\"fr-FR\"><em> citoyennes<\/em>&nbsp;\u00bb selon Yann Faure. Nathalie Perrin-Gilbert<\/span><\/span><span style=\"color: #000000;\"><span lang=\"fr-FR\">&nbsp;\u00e9voque <\/span><\/span><span style=\"color: #000000;\"><span lang=\"fr-FR\">l\u2019id\u00e9e<\/span><\/span><span style=\"color: #000000;\"><span lang=\"fr-FR\">, <\/span><\/span><span style=\"color: #800080;\"><a style=\"color: #800080;\" href=\"https:\/\/bit.ly\/2GeZXwc\"><span lang=\"fr-FR\">dans la presse<\/span><\/a><\/span><span style=\"color: #000000;\"><span lang=\"fr-FR\">, d&rsquo; une<\/span><\/span><span style=\"color: #000000;\"><span lang=\"fr-FR\">&nbsp;\u00ab <em>votation&nbsp;<\/em>\u00bb&nbsp;<\/span><\/span><span style=\"color: #000000;\"><span lang=\"fr-FR\">pour la t\u00eate<\/span><\/span><span style=\"color: #000000;\"><span lang=\"fr-FR\"> de liste.&nbsp;Une place plus importante pour les citoyens&nbsp; dans les listes et les politiques publiques semble se d\u00e9gager des diff\u00e9rents projets de gauche.<\/span><\/span><\/span><\/p>\n<p style=\"text-align: justify;\" align=\"justify\"><span style=\"font-family: georgia, palatino, serif;\"><span style=\"color: #000000;\"><span lang=\"fr-FR\">Ces initiatives sont encore en \u00e9laboration <\/span><\/span><span style=\"color: #000000;\"><span lang=\"fr-FR\">et les discussions en cours<\/span><\/span><span style=\"color: #000000;\"><span lang=\"fr-FR\">. Elles se poursuivront apr\u00e8s la p\u00e9riode estivale et, au moins, jusqu&rsquo;\u00e0 la fin de l&rsquo;ann\u00e9e<\/span><\/span><span style=\"color: #000000;\"><span lang=\"fr-FR\">.&nbsp;<\/span><\/span><span style=\"color: #000000;\"><span lang=\"fr-FR\">L\u2019ensemble d<\/span><\/span><span style=\"color: #000000;\"><span lang=\"fr-FR\">e la gauche<\/span><\/span><span style=\"color: #000000;\"><span lang=\"fr-FR\"> se retrouvera par ailleurs \u00e0 la rentr\u00e9e sur la question de la r\u00e9gie publique de l\u2019eau.&nbsp;<\/span><\/span><\/span><\/p>\n<!-- AddThis Advanced Settings generic via filter on the_content --><!-- AddThis Share Buttons generic via filter on the_content -->","protected":false},"excerpt":{"rendered":"<p>Huit organisations et partis de gauche se sont r\u00e9unis vendredi 5 juillet place Sathonay pour la f\u00eate populaire organis\u00e9e par le PCF. R\u00e9unie sur le &hellip; <!-- AddThis Advanced Settings generic via filter on wp_trim_excerpt --><!-- AddThis Share Buttons generic via filter on wp_trim_excerpt --><\/p>\n","protected":false},"author":15132,"featured_media":17565,"comment_status":"open","ping_status":"open","sticky":false,"template":"","format":"standard","meta":{"_FSMCFIC_featured_image_caption":"","_FSMCFIC_featured_image_nocaption":"","_FSMCFIC_featured_image_hide":"","footnotes":""},"categories":[4,13120,6],"tags":[13737],"class_list":["post-17541","post","type-post","status-publish","format-standard","has-post-thumbnail","hentry","category-lyon","category-municipales-2020","category-politique","tag-muniscipale-2020-politique-gauche"],"yoast_head":"<!-- This site is optimized with the Yoast SEO plugin v22.8 - https:\/\/yoast.com\/wordpress\/plugins\/seo\/ -->\n<title>Vers un rassemblement de la gauche pour les Municipales 2020 ? - Lyon Bondy Blog<\/title>\n<meta name=\"description\" content=\"Huit organisations et partis de gauche se sont r\u00e9unis vendredi 5 juillet place Sathonay pour la f\u00eate populaire organis\u00e9e par le PCF.\" \/>\n<meta name=\"robots\" content=\"index, follow, max-snippet:-1, max-image-preview:large, max-video-preview:-1\" \/>\n<link rel=\"canonical\" href=\"https:\/\/lyonbondyblog.fr\/LBB\/vers-un-rassemblement-de-la-gauche-pour-les-municipales-2020\/\" \/>\n<meta property=\"og:locale\" content=\"fr_FR\" \/>\n<meta property=\"og:type\" content=\"article\" \/>\n<meta property=\"og:title\" content=\"Vers un rassemblement de la gauche pour les Municipales 2020 ? - Lyon Bondy Blog\" \/>\n<meta property=\"og:description\" content=\"Huit organisations et partis de gauche se sont r\u00e9unis vendredi 5 juillet place Sathonay pour la f\u00eate populaire organis\u00e9e par le PCF.\" \/>\n<meta property=\"og:url\" content=\"https:\/\/lyonbondyblog.fr\/LBB\/vers-un-rassemblement-de-la-gauche-pour-les-municipales-2020\/\" \/>\n<meta property=\"og:site_name\" content=\"Lyon Bondy Blog\" \/>\n<meta property=\"article:publisher\" content=\"https:\/\/www.facebook.com\/lyonbondyblog\" \/>\n<meta property=\"article:published_time\" content=\"2019-07-18T14:16:43+00:00\" \/>\n<meta property=\"article:modified_time\" content=\"2019-07-24T09:23:42+00:00\" \/>\n<meta property=\"og:image\" content=\"https:\/\/lyonbondyblog.fr\/LBB\/wp-content\/uploads\/2019\/07\/unnamed-1024x768.png\" \/>\n\t<meta property=\"og:image:width\" content=\"1024\" \/>\n\t<meta property=\"og:image:height\" content=\"768\" \/>\n\t<meta property=\"og:image:type\" content=\"image\/png\" \/>\n<meta name=\"author\" content=\"Lucas Sadowski\" \/>\n<meta name=\"twitter:card\" content=\"summary_large_image\" \/>\n<meta name=\"twitter:creator\" content=\"@bondybloglyon\" \/>\n<meta name=\"twitter:site\" content=\"@bondybloglyon\" \/>\n<script type=\"application\/ld+json\" class=\"yoast-schema-graph\">{\"@context\":\"https:\/\/schema.org\",\"@graph\":[{\"@type\":\"Article\",\"@id\":\"https:\/\/lyonbondyblog.fr\/LBB\/vers-un-rassemblement-de-la-gauche-pour-les-municipales-2020\/#article\",\"isPartOf\":{\"@id\":\"https:\/\/lyonbondyblog.fr\/LBB\/vers-un-rassemblement-de-la-gauche-pour-les-municipales-2020\/\"},\"author\":{\"name\":\"Lucas Sadowski\",\"@id\":\"https:\/\/lyonbondyblog.fr\/LBB\/#\/schema\/person\/d56578ce53309d764289db2075f9bcef\"},\"headline\":\"Vers un rassemblement de la gauche pour les Municipales 2020 ?\",\"datePublished\":\"2019-07-18T14:16:43+00:00\",\"dateModified\":\"2019-07-24T09:23:42+00:00\",\"mainEntityOfPage\":{\"@id\":\"https:\/\/lyonbondyblog.fr\/LBB\/vers-un-rassemblement-de-la-gauche-pour-les-municipales-2020\/\"},\"wordCount\":1587,\"commentCount\":3,\"publisher\":{\"@id\":\"https:\/\/lyonbondyblog.fr\/LBB\/#organization\"},\"image\":{\"@id\":\"https:\/\/lyonbondyblog.fr\/LBB\/vers-un-rassemblement-de-la-gauche-pour-les-municipales-2020\/#primaryimage\"},\"thumbnailUrl\":\"https:\/\/lyonbondyblog.fr\/LBB\/wp-content\/uploads\/2019\/07\/unnamed.png\",\"keywords\":[\"muniscipale 2020; politique; gauche\"],\"articleSection\":[\"Lyon\",\"Municipales 2020\",\"Politique\"],\"inLanguage\":\"fr-FR\",\"potentialAction\":[{\"@type\":\"CommentAction\",\"name\":\"Comment\",\"target\":[\"https:\/\/lyonbondyblog.fr\/LBB\/vers-un-rassemblement-de-la-gauche-pour-les-municipales-2020\/#respond\"]}]},{\"@type\":\"WebPage\",\"@id\":\"https:\/\/lyonbondyblog.fr\/LBB\/vers-un-rassemblement-de-la-gauche-pour-les-municipales-2020\/\",\"url\":\"https:\/\/lyonbondyblog.fr\/LBB\/vers-un-rassemblement-de-la-gauche-pour-les-municipales-2020\/\",\"name\":\"Vers un rassemblement de la gauche pour les Municipales 2020 ? - Lyon Bondy Blog\",\"isPartOf\":{\"@id\":\"https:\/\/lyonbondyblog.fr\/LBB\/#website\"},\"primaryImageOfPage\":{\"@id\":\"https:\/\/lyonbondyblog.fr\/LBB\/vers-un-rassemblement-de-la-gauche-pour-les-municipales-2020\/#primaryimage\"},\"image\":{\"@id\":\"https:\/\/lyonbondyblog.fr\/LBB\/vers-un-rassemblement-de-la-gauche-pour-les-municipales-2020\/#primaryimage\"},\"thumbnailUrl\":\"https:\/\/lyonbondyblog.fr\/LBB\/wp-content\/uploads\/2019\/07\/unnamed.png\",\"datePublished\":\"2019-07-18T14:16:43+00:00\",\"dateModified\":\"2019-07-24T09:23:42+00:00\",\"description\":\"Huit organisations et partis de gauche se sont r\u00e9unis vendredi 5 juillet place Sathonay pour la f\u00eate populaire organis\u00e9e par le PCF.\",\"inLanguage\":\"fr-FR\",\"potentialAction\":[{\"@type\":\"ReadAction\",\"target\":[\"https:\/\/lyonbondyblog.fr\/LBB\/vers-un-rassemblement-de-la-gauche-pour-les-municipales-2020\/\"]}]},{\"@type\":\"ImageObject\",\"inLanguage\":\"fr-FR\",\"@id\":\"https:\/\/lyonbondyblog.fr\/LBB\/vers-un-rassemblement-de-la-gauche-pour-les-municipales-2020\/#primaryimage\",\"url\":\"https:\/\/lyonbondyblog.fr\/LBB\/wp-content\/uploads\/2019\/07\/unnamed.png\",\"contentUrl\":\"https:\/\/lyonbondyblog.fr\/LBB\/wp-content\/uploads\/2019\/07\/unnamed.png\",\"width\":1600,\"height\":1200},{\"@type\":\"WebSite\",\"@id\":\"https:\/\/lyonbondyblog.fr\/LBB\/#website\",\"url\":\"https:\/\/lyonbondyblog.fr\/LBB\/\",\"name\":\"Lyon Bondy Blog\",\"description\":\"\",\"publisher\":{\"@id\":\"https:\/\/lyonbondyblog.fr\/LBB\/#organization\"},\"potentialAction\":[{\"@type\":\"SearchAction\",\"target\":{\"@type\":\"EntryPoint\",\"urlTemplate\":\"https:\/\/lyonbondyblog.fr\/LBB\/?s={search_term_string}\"},\"query-input\":\"required name=search_term_string\"}],\"inLanguage\":\"fr-FR\"},{\"@type\":\"Organization\",\"@id\":\"https:\/\/lyonbondyblog.fr\/LBB\/#organization\",\"name\":\"LYON BONDY BLOG\",\"url\":\"https:\/\/lyonbondyblog.fr\/LBB\/\",\"logo\":{\"@type\":\"ImageObject\",\"inLanguage\":\"fr-FR\",\"@id\":\"https:\/\/lyonbondyblog.fr\/LBB\/#\/schema\/logo\/image\/\",\"url\":\"http:\/\/lyonbondyblog.fr\/LBB\/wp-content\/uploads\/2014\/10\/logo-portable-144.png\",\"contentUrl\":\"http:\/\/lyonbondyblog.fr\/LBB\/wp-content\/uploads\/2014\/10\/logo-portable-144.png\",\"width\":144,\"height\":123,\"caption\":\"LYON BONDY BLOG\"},\"image\":{\"@id\":\"https:\/\/lyonbondyblog.fr\/LBB\/#\/schema\/logo\/image\/\"},\"sameAs\":[\"https:\/\/www.facebook.com\/lyonbondyblog\",\"https:\/\/x.com\/bondybloglyon\"]},{\"@type\":\"Person\",\"@id\":\"https:\/\/lyonbondyblog.fr\/LBB\/#\/schema\/person\/d56578ce53309d764289db2075f9bcef\",\"name\":\"Lucas Sadowski\",\"url\":\"https:\/\/lyonbondyblog.fr\/LBB\/author\/lucas-sadowski\/\"}]}<\/script>\n<!-- \/ Yoast SEO plugin. -->","yoast_head_json":{"title":"Vers un rassemblement de la gauche pour les Municipales 2020 ? - Lyon Bondy Blog","description":"Huit organisations et partis de gauche se sont r\u00e9unis vendredi 5 juillet place Sathonay pour la f\u00eate populaire organis\u00e9e par le PCF.","robots":{"index":"index","follow":"follow","max-snippet":"max-snippet:-1","max-image-preview":"max-image-preview:large","max-video-preview":"max-video-preview:-1"},"canonical":"https:\/\/lyonbondyblog.fr\/LBB\/vers-un-rassemblement-de-la-gauche-pour-les-municipales-2020\/","og_locale":"fr_FR","og_type":"article","og_title":"Vers un rassemblement de la gauche pour les Municipales 2020 ? - Lyon Bondy Blog","og_description":"Huit organisations et partis de gauche se sont r\u00e9unis vendredi 5 juillet place Sathonay pour la f\u00eate populaire organis\u00e9e par le PCF.","og_url":"https:\/\/lyonbondyblog.fr\/LBB\/vers-un-rassemblement-de-la-gauche-pour-les-municipales-2020\/","og_site_name":"Lyon Bondy Blog","article_publisher":"https:\/\/www.facebook.com\/lyonbondyblog","article_published_time":"2019-07-18T14:16:43+00:00","article_modified_time":"2019-07-24T09:23:42+00:00","og_image":[{"width":1024,"height":768,"url":"https:\/\/lyonbondyblog.fr\/LBB\/wp-content\/uploads\/2019\/07\/unnamed-1024x768.png","type":"image\/png"}],"author":"Lucas Sadowski","twitter_card":"summary_large_image","twitter_creator":"@bondybloglyon","twitter_site":"@bondybloglyon","schema":{"@context":"https:\/\/schema.org","@graph":[{"@type":"Article","@id":"https:\/\/lyonbondyblog.fr\/LBB\/vers-un-rassemblement-de-la-gauche-pour-les-municipales-2020\/#article","isPartOf":{"@id":"https:\/\/lyonbondyblog.fr\/LBB\/vers-un-rassemblement-de-la-gauche-pour-les-municipales-2020\/"},"author":{"name":"Lucas Sadowski","@id":"https:\/\/lyonbondyblog.fr\/LBB\/#\/schema\/person\/d56578ce53309d764289db2075f9bcef"},"headline":"Vers un rassemblement de la gauche pour les Municipales 2020 ?","datePublished":"2019-07-18T14:16:43+00:00","dateModified":"2019-07-24T09:23:42+00:00","mainEntityOfPage":{"@id":"https:\/\/lyonbondyblog.fr\/LBB\/vers-un-rassemblement-de-la-gauche-pour-les-municipales-2020\/"},"wordCount":1587,"commentCount":3,"publisher":{"@id":"https:\/\/lyonbondyblog.fr\/LBB\/#organization"},"image":{"@id":"https:\/\/lyonbondyblog.fr\/LBB\/vers-un-rassemblement-de-la-gauche-pour-les-municipales-2020\/#primaryimage"},"thumbnailUrl":"https:\/\/lyonbondyblog.fr\/LBB\/wp-content\/uploads\/2019\/07\/unnamed.png","keywords":["muniscipale 2020; politique; gauche"],"articleSection":["Lyon","Municipales 2020","Politique"],"inLanguage":"fr-FR","potentialAction":[{"@type":"CommentAction","name":"Comment","target":["https:\/\/lyonbondyblog.fr\/LBB\/vers-un-rassemblement-de-la-gauche-pour-les-municipales-2020\/#respond"]}]},{"@type":"WebPage","@id":"https:\/\/lyonbondyblog.fr\/LBB\/vers-un-rassemblement-de-la-gauche-pour-les-municipales-2020\/","url":"https:\/\/lyonbondyblog.fr\/LBB\/vers-un-rassemblement-de-la-gauche-pour-les-municipales-2020\/","name":"Vers un rassemblement de la gauche pour les Municipales 2020 ? - Lyon Bondy Blog","isPartOf":{"@id":"https:\/\/lyonbondyblog.fr\/LBB\/#website"},"primaryImageOfPage":{"@id":"https:\/\/lyonbondyblog.fr\/LBB\/vers-un-rassemblement-de-la-gauche-pour-les-municipales-2020\/#primaryimage"},"image":{"@id":"https:\/\/lyonbondyblog.fr\/LBB\/vers-un-rassemblement-de-la-gauche-pour-les-municipales-2020\/#primaryimage"},"thumbnailUrl":"https:\/\/lyonbondyblog.fr\/LBB\/wp-content\/uploads\/2019\/07\/unnamed.png","datePublished":"2019-07-18T14:16:43+00:00","dateModified":"2019-07-24T09:23:42+00:00","description":"Huit organisations et partis de gauche se sont r\u00e9unis vendredi 5 juillet place Sathonay pour la f\u00eate populaire organis\u00e9e par le PCF.","inLanguage":"fr-FR","potentialAction":[{"@type":"ReadAction","target":["https:\/\/lyonbondyblog.fr\/LBB\/vers-un-rassemblement-de-la-gauche-pour-les-municipales-2020\/"]}]},{"@type":"ImageObject","inLanguage":"fr-FR","@id":"https:\/\/lyonbondyblog.fr\/LBB\/vers-un-rassemblement-de-la-gauche-pour-les-municipales-2020\/#primaryimage","url":"https:\/\/lyonbondyblog.fr\/LBB\/wp-content\/uploads\/2019\/07\/unnamed.png","contentUrl":"https:\/\/lyonbondyblog.fr\/LBB\/wp-content\/uploads\/2019\/07\/unnamed.png","width":1600,"height":1200},{"@type":"WebSite","@id":"https:\/\/lyonbondyblog.fr\/LBB\/#website","url":"https:\/\/lyonbondyblog.fr\/LBB\/","name":"Lyon Bondy Blog","description":"","publisher":{"@id":"https:\/\/lyonbondyblog.fr\/LBB\/#organization"},"potentialAction":[{"@type":"SearchAction","target":{"@type":"EntryPoint","urlTemplate":"https:\/\/lyonbondyblog.fr\/LBB\/?s={search_term_string}"},"query-input":"required name=search_term_string"}],"inLanguage":"fr-FR"},{"@type":"Organization","@id":"https:\/\/lyonbondyblog.fr\/LBB\/#organization","name":"LYON BONDY BLOG","url":"https:\/\/lyonbondyblog.fr\/LBB\/","logo":{"@type":"ImageObject","inLanguage":"fr-FR","@id":"https:\/\/lyonbondyblog.fr\/LBB\/#\/schema\/logo\/image\/","url":"http:\/\/lyonbondyblog.fr\/LBB\/wp-content\/uploads\/2014\/10\/logo-portable-144.png","contentUrl":"http:\/\/lyonbondyblog.fr\/LBB\/wp-content\/uploads\/2014\/10\/logo-portable-144.png","width":144,"height":123,"caption":"LYON BONDY BLOG"},"image":{"@id":"https:\/\/lyonbondyblog.fr\/LBB\/#\/schema\/logo\/image\/"},"sameAs":["https:\/\/www.facebook.com\/lyonbondyblog","https:\/\/x.com\/bondybloglyon"]},{"@type":"Person","@id":"https:\/\/lyonbondyblog.fr\/LBB\/#\/schema\/person\/d56578ce53309d764289db2075f9bcef","name":"Lucas Sadowski","url":"https:\/\/lyonbondyblog.fr\/LBB\/author\/lucas-sadowski\/"}]}},"_links":{"self":[{"href":"https:\/\/lyonbondyblog.fr\/LBB\/wp-json\/wp\/v2\/posts\/17541","targetHints":{"allow":["GET"]}}],"collection":[{"href":"https:\/\/lyonbondyblog.fr\/LBB\/wp-json\/wp\/v2\/posts"}],"about":[{"href":"https:\/\/lyonbondyblog.fr\/LBB\/wp-json\/wp\/v2\/types\/post"}],"author":[{"embeddable":true,"href":"https:\/\/lyonbondyblog.fr\/LBB\/wp-json\/wp\/v2\/users\/15132"}],"replies":[{"embeddable":true,"href":"https:\/\/lyonbondyblog.fr\/LBB\/wp-json\/wp\/v2\/comments?post=17541"}],"version-history":[{"count":34,"href":"https:\/\/lyonbondyblog.fr\/LBB\/wp-json\/wp\/v2\/posts\/17541\/revisions"}],"predecessor-version":[{"id":17711,"href":"https:\/\/lyonbondyblog.fr\/LBB\/wp-json\/wp\/v2\/posts\/17541\/revisions\/17711"}],"wp:featuredmedia":[{"embeddable":true,"href":"https:\/\/lyonbondyblog.fr\/LBB\/wp-json\/wp\/v2\/media\/17565"}],"wp:attachment":[{"href":"https:\/\/lyonbondyblog.fr\/LBB\/wp-json\/wp\/v2\/media?parent=17541"}],"wp:term":[{"taxonomy":"category","embeddable":true,"href":"https:\/\/lyonbondyblog.fr\/LBB\/wp-json\/wp\/v2\/categories?post=17541"},{"taxonomy":"post_tag","embeddable":true,"href":"https:\/\/lyonbondyblog.fr\/LBB\/wp-json\/wp\/v2\/tags?post=17541"}],"curies":[{"name":"wp","href":"https:\/\/api.w.org\/{rel}","templated":true}]}}