{"id":17412,"date":"2019-07-17T11:51:51","date_gmt":"2019-07-17T09:51:51","guid":{"rendered":"http:\/\/lyonbondyblog.fr\/LBB\/?p=17412"},"modified":"2019-07-25T09:54:13","modified_gmt":"2019-07-25T07:54:13","slug":"greenpeace-milite-pour-une-autre-alimentation-a-villeurbanne","status":"publish","type":"post","link":"https:\/\/lyonbondyblog.fr\/LBB\/greenpeace-milite-pour-une-autre-alimentation-a-villeurbanne\/","title":{"rendered":"Greenpeace milite pour une autre alimentation \u00e0 Villeurbanne"},"content":{"rendered":"<h4>Une dizaine de militants de Greenpeace et de l&rsquo;Association V\u00e9g\u00e9tarienne de France (AVF) ont install\u00e9 une tente au c\u0153ur du Parc de l&rsquo;Europe, \u00e0 Villeurbanne. Parmi leurs revendications, la mise en place de deux repas v\u00e9g\u00e9tariens par semaine dans les cantines scolaires et le remplacement des produits industriels ou import\u00e9s de mauvaise qualit\u00e9 par des produits frais provenant de l&rsquo;agriculture biologique.<\/h4>\n<p>Pour Tom Baquerre, co-ordinateur national du <a href=\"https:\/\/clubsandwich.konbini.com\/marche\/pour-moins-de-viande-a-la-cantine-greenpeace-acheve-son-veggie-tour-de-france\/\">Veggie Tour<\/a>&nbsp; et salari\u00e9 de <a href=\"https:\/\/www.greenpeace.fr\/\">Greenpeace<\/a>, l&rsquo;engagement b\u00e9n\u00e9vole consiste \u00e0 inciter les fran\u00e7ais \u00e0 r\u00e9duire leur consommation de viande et de poisson.&nbsp;<em>\u00ab&nbsp;En France, on mange beaucoup <a href=\"https:\/\/www.liberation.fr\/france\/2019\/04\/04\/la-consommation-de-viande-a-re-augmente-en-2018-en-france_1719314\">trop de viande<\/a> et de produits laitiers. On essaye de sensibiliser les gens au fait que manger de la viande une \u00e0 deux fois par semaine suffit si, le reste du temps, on a une alimentation v\u00e9g\u00e9tarienne \u00e9quilibr\u00e9e avec des l\u00e9gumineuses, des prot\u00e9ines v\u00e9g\u00e9tales \u00bb&nbsp;,<\/em> t\u00e9moigne t-il.<\/p>\n<h4>Faire de la p\u00e9dagogie&nbsp;<\/h4>\n<p>Greenpeace et l&rsquo;<a href=\"https:\/\/www.vegetarisme.fr\/\">Association V\u00e9g\u00e9tarienne de France<\/a> souhaitent faire de la pr\u00e9vention aupr\u00e8s des enfants et expliquer aux parents que manger v\u00e9g\u00e9tarien n&rsquo;est pas un probl\u00e8me pour la sant\u00e9. D&rsquo;apr\u00e8s la <a href=\"http:\/\/www.fao.org\/home\/en\/\">FAO<\/a> (Organisation des Nations Unies pour l&rsquo;alimentation et l&rsquo;agriculture), l&rsquo;\u00e9levage intensif repr\u00e9sente&nbsp;<a href=\"http:\/\/www.fao.org\/3\/i3437e\/i3437e.pdf\">14,5 %<\/a> des \u00e9missions de gaz \u00e0 effet de serre dans le monde.&nbsp;\u00ab&nbsp;<em>Quelque chose a chang\u00e9 dans la mentalit\u00e9 des gens \u00bb , <\/em>affirme Tom Baquerre<em>. \u00ab Ils sont beaucoup plus r\u00e9ceptifs qu&rsquo;il y a quelques ann\u00e9es, int\u00e9ress\u00e9s. La consommation de viande a baiss\u00e9 de 10 % en France ces dix derni\u00e8res ann\u00e9es&nbsp;\u00bb<\/em>. A l&rsquo;intention des enfants, plusieurs activit\u00e9s ludiques sont propos\u00e9es. Parmi elles un blind-test v\u00e9g\u00e9tarien, un chamboule-tout de la viande par \u00e9quipe, des minis jeux, ateliers d\u00e9gustations et des chansons.&nbsp;<\/p>\n<h4>La politique agricole commune remise en question<\/h4>\n<p>La <a href=\"https:\/\/www.fcpe.asso.fr\/\">FCPE<\/a> (F\u00e9d\u00e9ration des Conseils des Parents d\u2019\u00c9l\u00e8ves) est partie prenante de la campagne nationale dans certaines villes de France. Au niveau local, Greenpeace et l&rsquo;AVF peuvent recevoir le soutien de <a href=\"https:\/\/www.l214.com\/\">L214<\/a>. Parmi les produits consomm\u00e9s dans les cantines scolaires, certains proviennent d&rsquo;autres continents.&nbsp;La <a href=\"https:\/\/agriculture.gouv.fr\/agriculture-et-foret\/politique-agricole-commune\">Politique Agricole Commune<\/a>, d\u00e9cid\u00e9e au <a href=\"https:\/\/www.vie-publique.fr\/decouverte-institutions\/union-europeenne\/action\/politiques-communautaires\/qu-est-ce-que-politique-agricole-commune-pac.html\">niveau europ\u00e9en<\/a>, vise \u00e0 soutenir l&rsquo;ensemble des fili\u00e8res agricoles et distribuer des aides en faveur de l&rsquo;\u00e9levage, l&rsquo;agriculture et l&#8217;emploi. Pour&nbsp;Tom Baquerre, elle doit faire l&rsquo;objet d&rsquo;une refonte.&nbsp;<em>\u00ab&nbsp;Aujourd&rsquo;hui, la majorit\u00e9 des aides sont r\u00e9serv\u00e9es aux agriculteurs qui ont les plus grandes surfaces. G\u00e9n\u00e9ralement, ce ne sont pas des surfaces bio. La PAC doit favoriser d&rsquo;abord les petits producteurs bio. On essaye de faire en sorte que la France soutienne cette position&nbsp;\u00bb<\/em>. La Politique Agricole Commune devrait, selon lui, favoriser les petits agriculteurs et l&rsquo;agriculture bio en g\u00e9n\u00e9ral. Parmi les revendications des b\u00e9n\u00e9voles et membres de Greenpeace et de l&rsquo;AVF, la d\u00e9fense de l&rsquo;agriculture locale et du sans pesticide de synth\u00e8se.&nbsp;<em>\u00ab&nbsp;Il est arriv\u00e9 plusieurs fois que le Parlement europ\u00e9en prenne des bonnes d\u00e9cisions, reconnait Tom Baquerre, mais c&rsquo;est au final retoqu\u00e9 par la Commission&nbsp;ou par le Conseil Europ\u00e9en. L&rsquo;\u00e9lection du Parlement n&rsquo;est pas suivie des faits \u00bb<\/em>. Avis partag\u00e9 par \u00c9lo\u00efse, b\u00e9n\u00e9vole de Greenpeace.&nbsp;<em>\u00ab&nbsp;Si l&rsquo;\u00e9levage est devenu industriel, c&rsquo;est parce que la PAC favorise les grands ensembles. Plus vous avez de surfaces, plus vous touchez de subventions. Or, si vous voulez \u00eatre respectueux de l&rsquo;environnement, sur une exploitation plus petite, vous touchez moins d&rsquo;aides&nbsp;\u00bb.<\/em><\/p>\n<h4>La loi comme appui<\/h4>\n<p>La <a href=\"https:\/\/agriculture.gouv.fr\/egalim-ce-que-contient-la-loi-agriculture-et-alimentation\">loi Egalim<\/a>&nbsp;, promulgu\u00e9e en novembre 2018, se donne pour objectif d&rsquo;am\u00e9liorer la condition de r\u00e9mun\u00e9ration des agriculteurs. Issue des \u00e9tats g\u00e9n\u00e9raux de l&rsquo;alimentation, elle&nbsp;vise \u00e0 mettre fin \u00e0 la guerre des prix disput\u00e9e par les grands de la distribution en France. Cet affrontement a un impact sur le revenu des paysans. Le choix de Greenpeace s&rsquo;est port\u00e9 sur la commune de Villeurbanne car les services de restauration scolaires distribueraient, selon elle, moins d&rsquo;un repas v\u00e9g\u00e9tarien par semaine. Ce que l&rsquo;association consid\u00e8re comme contraire \u00e0 la loi Egalim. Deux modes de gestion sont appliqu\u00e9s dans le cadre de la restauration scolaire: la <a href=\"http:\/\/www.marche-public.fr\/Marches-publics\/Definitions\/Entrees\/Delegation-service-public-DSP.htm\">D\u00e9l\u00e9gation de Service Public<\/a> (DSP) et la <a href=\"https:\/\/www.vegecantines.fr\/fonctionnement-cantine\/\">gestion directe<\/a>. Dans le premier cas, une autorit\u00e9 d\u00e9l\u00e9gante confie la gestion d&rsquo;un service public \u00e0 un ou plusieurs op\u00e9rateurs \u00e9conomiques. Dans le second cas, le service scolaire d&rsquo;une \u00e9cole pr\u00e9pare ses repas, ach\u00e8te lui-m\u00eame sa mati\u00e8re premi\u00e8re sans passer par un prestataire ext\u00e9rieur.&nbsp;Les cantines scolaires repr\u00e9sentent un milliard de repas par an. Elo\u00efse, b\u00e9n\u00e9vole \u00e0 Greenpeace Lyon, insiste sur l&rsquo;importance d&rsquo;informer les habitants de la r\u00e9gion lyonnaise.&nbsp;<em>\u00ab&nbsp;La modification de l&rsquo;\u00e9levage s&rsquo;est faite sans qu&rsquo;on le sache et a un impact sur l&rsquo;environnement. On veut expliquer les choses aux Villeurbannais sans les culpabiliser&nbsp;\u00bb<\/em>.<br \/>\nA l&rsquo;\u00e9chelle nationale, le site internet <a href=\"https:\/\/www.cantineverte.fr\/home\">cantineverte.fr<\/a> invite les citoyens \u00e0 ouvrir une p\u00e9tition adress\u00e9e au maire de sa commune, au pr\u00e9sident de d\u00e9partement ou de r\u00e9gion. Le but est de demander davantage de bio, de local, de menus v\u00e9g\u00e9tariens, moins de plastique et de gaspillage.&nbsp;<\/p>\n<!-- AddThis Advanced Settings generic via filter on the_content --><!-- AddThis Share Buttons generic via filter on the_content -->","protected":false},"excerpt":{"rendered":"<p>Une dizaine de militants de Greenpeace et de l&rsquo;Association V\u00e9g\u00e9tarienne de France (AVF) ont install\u00e9 une tente au c\u0153ur du Parc de l&rsquo;Europe, \u00e0 Villeurbanne. &hellip; <!-- AddThis Advanced Settings generic via filter on wp_trim_excerpt --><!-- AddThis Share Buttons generic via filter on wp_trim_excerpt --><\/p>\n","protected":false},"author":15227,"featured_media":17440,"comment_status":"open","ping_status":"open","sticky":false,"template":"","format":"standard","meta":{"_FSMCFIC_featured_image_caption":"","_FSMCFIC_featured_image_nocaption":"","_FSMCFIC_featured_image_hide":"","footnotes":""},"categories":[6446,3517,10388],"tags":[690,13734,13735,128],"class_list":["post-17412","post","type-post","status-publish","format-standard","has-post-thumbnail","hentry","category-ecologie","category-education","category-villeurbanne","tag-ecologie","tag-greenpeace","tag-militantisme","tag-villeurbanne"],"yoast_head":"<!-- This site is optimized with the Yoast SEO plugin v22.8 - https:\/\/yoast.com\/wordpress\/plugins\/seo\/ -->\n<title>Greenpeace milite pour une autre alimentation \u00e0 Villeurbanne - Lyon Bondy Blog<\/title>\n<meta name=\"description\" content=\"Une dizaine de militants de Greenpeace et de l&#039;Association V\u00e9g\u00e9tarienne de France (AVF) ont install\u00e9 une tente au c\u0153ur du Parc de l&#039;Europe, \u00e0 Villeurbanne.\" \/>\n<meta name=\"robots\" content=\"index, follow, max-snippet:-1, max-image-preview:large, max-video-preview:-1\" \/>\n<link rel=\"canonical\" href=\"https:\/\/lyonbondyblog.fr\/LBB\/greenpeace-milite-pour-une-autre-alimentation-a-villeurbanne\/\" \/>\n<meta property=\"og:locale\" content=\"fr_FR\" \/>\n<meta property=\"og:type\" content=\"article\" \/>\n<meta property=\"og:title\" content=\"Greenpeace milite pour une autre alimentation \u00e0 Villeurbanne - Lyon Bondy Blog\" \/>\n<meta property=\"og:description\" content=\"Une dizaine de militants de Greenpeace et de l&#039;Association V\u00e9g\u00e9tarienne de France (AVF) ont install\u00e9 une tente au c\u0153ur du Parc de l&#039;Europe, \u00e0 Villeurbanne.\" \/>\n<meta property=\"og:url\" content=\"https:\/\/lyonbondyblog.fr\/LBB\/greenpeace-milite-pour-une-autre-alimentation-a-villeurbanne\/\" \/>\n<meta property=\"og:site_name\" content=\"Lyon Bondy Blog\" \/>\n<meta property=\"article:publisher\" content=\"https:\/\/www.facebook.com\/lyonbondyblog\" \/>\n<meta property=\"article:published_time\" content=\"2019-07-17T09:51:51+00:00\" \/>\n<meta property=\"article:modified_time\" content=\"2019-07-25T07:54:13+00:00\" \/>\n<meta property=\"og:image\" content=\"https:\/\/lyonbondyblog.fr\/LBB\/wp-content\/uploads\/2019\/07\/IMG_20190626_162401.jpg\" \/>\n\t<meta property=\"og:image:width\" content=\"1000\" \/>\n\t<meta property=\"og:image:height\" content=\"750\" \/>\n\t<meta property=\"og:image:type\" content=\"image\/jpeg\" \/>\n<meta name=\"author\" content=\"Guillaume Garcia\" \/>\n<meta name=\"twitter:card\" content=\"summary_large_image\" \/>\n<meta name=\"twitter:creator\" content=\"@bondybloglyon\" \/>\n<meta name=\"twitter:site\" content=\"@bondybloglyon\" \/>\n<script type=\"application\/ld+json\" class=\"yoast-schema-graph\">{\"@context\":\"https:\/\/schema.org\",\"@graph\":[{\"@type\":\"Article\",\"@id\":\"https:\/\/lyonbondyblog.fr\/LBB\/greenpeace-milite-pour-une-autre-alimentation-a-villeurbanne\/#article\",\"isPartOf\":{\"@id\":\"https:\/\/lyonbondyblog.fr\/LBB\/greenpeace-milite-pour-une-autre-alimentation-a-villeurbanne\/\"},\"author\":{\"name\":\"Guillaume Garcia\",\"@id\":\"https:\/\/lyonbondyblog.fr\/LBB\/#\/schema\/person\/4b65b304786d9772a7e7c1a67fd69903\"},\"headline\":\"Greenpeace milite pour une autre alimentation \u00e0 Villeurbanne\",\"datePublished\":\"2019-07-17T09:51:51+00:00\",\"dateModified\":\"2019-07-25T07:54:13+00:00\",\"mainEntityOfPage\":{\"@id\":\"https:\/\/lyonbondyblog.fr\/LBB\/greenpeace-milite-pour-une-autre-alimentation-a-villeurbanne\/\"},\"wordCount\":898,\"commentCount\":0,\"publisher\":{\"@id\":\"https:\/\/lyonbondyblog.fr\/LBB\/#organization\"},\"image\":{\"@id\":\"https:\/\/lyonbondyblog.fr\/LBB\/greenpeace-milite-pour-une-autre-alimentation-a-villeurbanne\/#primaryimage\"},\"thumbnailUrl\":\"https:\/\/lyonbondyblog.fr\/LBB\/wp-content\/uploads\/2019\/07\/IMG_20190626_162401.jpg\",\"keywords\":[\"\u00e9cologie\",\"Greenpeace\",\"militantisme\",\"Villeurbanne\"],\"articleSection\":[\"\u00c9cologie\",\"Education\",\"Villeurbanne\"],\"inLanguage\":\"fr-FR\",\"potentialAction\":[{\"@type\":\"CommentAction\",\"name\":\"Comment\",\"target\":[\"https:\/\/lyonbondyblog.fr\/LBB\/greenpeace-milite-pour-une-autre-alimentation-a-villeurbanne\/#respond\"]}]},{\"@type\":\"WebPage\",\"@id\":\"https:\/\/lyonbondyblog.fr\/LBB\/greenpeace-milite-pour-une-autre-alimentation-a-villeurbanne\/\",\"url\":\"https:\/\/lyonbondyblog.fr\/LBB\/greenpeace-milite-pour-une-autre-alimentation-a-villeurbanne\/\",\"name\":\"Greenpeace milite pour une autre alimentation \u00e0 Villeurbanne - Lyon Bondy Blog\",\"isPartOf\":{\"@id\":\"https:\/\/lyonbondyblog.fr\/LBB\/#website\"},\"primaryImageOfPage\":{\"@id\":\"https:\/\/lyonbondyblog.fr\/LBB\/greenpeace-milite-pour-une-autre-alimentation-a-villeurbanne\/#primaryimage\"},\"image\":{\"@id\":\"https:\/\/lyonbondyblog.fr\/LBB\/greenpeace-milite-pour-une-autre-alimentation-a-villeurbanne\/#primaryimage\"},\"thumbnailUrl\":\"https:\/\/lyonbondyblog.fr\/LBB\/wp-content\/uploads\/2019\/07\/IMG_20190626_162401.jpg\",\"datePublished\":\"2019-07-17T09:51:51+00:00\",\"dateModified\":\"2019-07-25T07:54:13+00:00\",\"description\":\"Une dizaine de militants de Greenpeace et de l'Association V\u00e9g\u00e9tarienne de France (AVF) ont install\u00e9 une tente au c\u0153ur du Parc de l'Europe, \u00e0 Villeurbanne.\",\"inLanguage\":\"fr-FR\",\"potentialAction\":[{\"@type\":\"ReadAction\",\"target\":[\"https:\/\/lyonbondyblog.fr\/LBB\/greenpeace-milite-pour-une-autre-alimentation-a-villeurbanne\/\"]}]},{\"@type\":\"ImageObject\",\"inLanguage\":\"fr-FR\",\"@id\":\"https:\/\/lyonbondyblog.fr\/LBB\/greenpeace-milite-pour-une-autre-alimentation-a-villeurbanne\/#primaryimage\",\"url\":\"https:\/\/lyonbondyblog.fr\/LBB\/wp-content\/uploads\/2019\/07\/IMG_20190626_162401.jpg\",\"contentUrl\":\"https:\/\/lyonbondyblog.fr\/LBB\/wp-content\/uploads\/2019\/07\/IMG_20190626_162401.jpg\",\"width\":1000,\"height\":750,\"caption\":\"Greenpeace \u00e0 Villeurbanne\"},{\"@type\":\"WebSite\",\"@id\":\"https:\/\/lyonbondyblog.fr\/LBB\/#website\",\"url\":\"https:\/\/lyonbondyblog.fr\/LBB\/\",\"name\":\"Lyon Bondy Blog\",\"description\":\"\",\"publisher\":{\"@id\":\"https:\/\/lyonbondyblog.fr\/LBB\/#organization\"},\"potentialAction\":[{\"@type\":\"SearchAction\",\"target\":{\"@type\":\"EntryPoint\",\"urlTemplate\":\"https:\/\/lyonbondyblog.fr\/LBB\/?s={search_term_string}\"},\"query-input\":\"required name=search_term_string\"}],\"inLanguage\":\"fr-FR\"},{\"@type\":\"Organization\",\"@id\":\"https:\/\/lyonbondyblog.fr\/LBB\/#organization\",\"name\":\"LYON BONDY BLOG\",\"url\":\"https:\/\/lyonbondyblog.fr\/LBB\/\",\"logo\":{\"@type\":\"ImageObject\",\"inLanguage\":\"fr-FR\",\"@id\":\"https:\/\/lyonbondyblog.fr\/LBB\/#\/schema\/logo\/image\/\",\"url\":\"http:\/\/lyonbondyblog.fr\/LBB\/wp-content\/uploads\/2014\/10\/logo-portable-144.png\",\"contentUrl\":\"http:\/\/lyonbondyblog.fr\/LBB\/wp-content\/uploads\/2014\/10\/logo-portable-144.png\",\"width\":144,\"height\":123,\"caption\":\"LYON BONDY BLOG\"},\"image\":{\"@id\":\"https:\/\/lyonbondyblog.fr\/LBB\/#\/schema\/logo\/image\/\"},\"sameAs\":[\"https:\/\/www.facebook.com\/lyonbondyblog\",\"https:\/\/x.com\/bondybloglyon\"]},{\"@type\":\"Person\",\"@id\":\"https:\/\/lyonbondyblog.fr\/LBB\/#\/schema\/person\/4b65b304786d9772a7e7c1a67fd69903\",\"name\":\"Guillaume Garcia\",\"url\":\"https:\/\/lyonbondyblog.fr\/LBB\/author\/guillaume-garcia\/\"}]}<\/script>\n<!-- \/ Yoast SEO plugin. -->","yoast_head_json":{"title":"Greenpeace milite pour une autre alimentation \u00e0 Villeurbanne - Lyon Bondy Blog","description":"Une dizaine de militants de Greenpeace et de l'Association V\u00e9g\u00e9tarienne de France (AVF) ont install\u00e9 une tente au c\u0153ur du Parc de l'Europe, \u00e0 Villeurbanne.","robots":{"index":"index","follow":"follow","max-snippet":"max-snippet:-1","max-image-preview":"max-image-preview:large","max-video-preview":"max-video-preview:-1"},"canonical":"https:\/\/lyonbondyblog.fr\/LBB\/greenpeace-milite-pour-une-autre-alimentation-a-villeurbanne\/","og_locale":"fr_FR","og_type":"article","og_title":"Greenpeace milite pour une autre alimentation \u00e0 Villeurbanne - Lyon Bondy Blog","og_description":"Une dizaine de militants de Greenpeace et de l'Association V\u00e9g\u00e9tarienne de France (AVF) ont install\u00e9 une tente au c\u0153ur du Parc de l'Europe, \u00e0 Villeurbanne.","og_url":"https:\/\/lyonbondyblog.fr\/LBB\/greenpeace-milite-pour-une-autre-alimentation-a-villeurbanne\/","og_site_name":"Lyon Bondy Blog","article_publisher":"https:\/\/www.facebook.com\/lyonbondyblog","article_published_time":"2019-07-17T09:51:51+00:00","article_modified_time":"2019-07-25T07:54:13+00:00","og_image":[{"width":1000,"height":750,"url":"https:\/\/lyonbondyblog.fr\/LBB\/wp-content\/uploads\/2019\/07\/IMG_20190626_162401.jpg","type":"image\/jpeg"}],"author":"Guillaume Garcia","twitter_card":"summary_large_image","twitter_creator":"@bondybloglyon","twitter_site":"@bondybloglyon","schema":{"@context":"https:\/\/schema.org","@graph":[{"@type":"Article","@id":"https:\/\/lyonbondyblog.fr\/LBB\/greenpeace-milite-pour-une-autre-alimentation-a-villeurbanne\/#article","isPartOf":{"@id":"https:\/\/lyonbondyblog.fr\/LBB\/greenpeace-milite-pour-une-autre-alimentation-a-villeurbanne\/"},"author":{"name":"Guillaume Garcia","@id":"https:\/\/lyonbondyblog.fr\/LBB\/#\/schema\/person\/4b65b304786d9772a7e7c1a67fd69903"},"headline":"Greenpeace milite pour une autre alimentation \u00e0 Villeurbanne","datePublished":"2019-07-17T09:51:51+00:00","dateModified":"2019-07-25T07:54:13+00:00","mainEntityOfPage":{"@id":"https:\/\/lyonbondyblog.fr\/LBB\/greenpeace-milite-pour-une-autre-alimentation-a-villeurbanne\/"},"wordCount":898,"commentCount":0,"publisher":{"@id":"https:\/\/lyonbondyblog.fr\/LBB\/#organization"},"image":{"@id":"https:\/\/lyonbondyblog.fr\/LBB\/greenpeace-milite-pour-une-autre-alimentation-a-villeurbanne\/#primaryimage"},"thumbnailUrl":"https:\/\/lyonbondyblog.fr\/LBB\/wp-content\/uploads\/2019\/07\/IMG_20190626_162401.jpg","keywords":["\u00e9cologie","Greenpeace","militantisme","Villeurbanne"],"articleSection":["\u00c9cologie","Education","Villeurbanne"],"inLanguage":"fr-FR","potentialAction":[{"@type":"CommentAction","name":"Comment","target":["https:\/\/lyonbondyblog.fr\/LBB\/greenpeace-milite-pour-une-autre-alimentation-a-villeurbanne\/#respond"]}]},{"@type":"WebPage","@id":"https:\/\/lyonbondyblog.fr\/LBB\/greenpeace-milite-pour-une-autre-alimentation-a-villeurbanne\/","url":"https:\/\/lyonbondyblog.fr\/LBB\/greenpeace-milite-pour-une-autre-alimentation-a-villeurbanne\/","name":"Greenpeace milite pour une autre alimentation \u00e0 Villeurbanne - Lyon Bondy Blog","isPartOf":{"@id":"https:\/\/lyonbondyblog.fr\/LBB\/#website"},"primaryImageOfPage":{"@id":"https:\/\/lyonbondyblog.fr\/LBB\/greenpeace-milite-pour-une-autre-alimentation-a-villeurbanne\/#primaryimage"},"image":{"@id":"https:\/\/lyonbondyblog.fr\/LBB\/greenpeace-milite-pour-une-autre-alimentation-a-villeurbanne\/#primaryimage"},"thumbnailUrl":"https:\/\/lyonbondyblog.fr\/LBB\/wp-content\/uploads\/2019\/07\/IMG_20190626_162401.jpg","datePublished":"2019-07-17T09:51:51+00:00","dateModified":"2019-07-25T07:54:13+00:00","description":"Une dizaine de militants de Greenpeace et de l'Association V\u00e9g\u00e9tarienne de France (AVF) ont install\u00e9 une tente au c\u0153ur du Parc de l'Europe, \u00e0 Villeurbanne.","inLanguage":"fr-FR","potentialAction":[{"@type":"ReadAction","target":["https:\/\/lyonbondyblog.fr\/LBB\/greenpeace-milite-pour-une-autre-alimentation-a-villeurbanne\/"]}]},{"@type":"ImageObject","inLanguage":"fr-FR","@id":"https:\/\/lyonbondyblog.fr\/LBB\/greenpeace-milite-pour-une-autre-alimentation-a-villeurbanne\/#primaryimage","url":"https:\/\/lyonbondyblog.fr\/LBB\/wp-content\/uploads\/2019\/07\/IMG_20190626_162401.jpg","contentUrl":"https:\/\/lyonbondyblog.fr\/LBB\/wp-content\/uploads\/2019\/07\/IMG_20190626_162401.jpg","width":1000,"height":750,"caption":"Greenpeace \u00e0 Villeurbanne"},{"@type":"WebSite","@id":"https:\/\/lyonbondyblog.fr\/LBB\/#website","url":"https:\/\/lyonbondyblog.fr\/LBB\/","name":"Lyon Bondy Blog","description":"","publisher":{"@id":"https:\/\/lyonbondyblog.fr\/LBB\/#organization"},"potentialAction":[{"@type":"SearchAction","target":{"@type":"EntryPoint","urlTemplate":"https:\/\/lyonbondyblog.fr\/LBB\/?s={search_term_string}"},"query-input":"required name=search_term_string"}],"inLanguage":"fr-FR"},{"@type":"Organization","@id":"https:\/\/lyonbondyblog.fr\/LBB\/#organization","name":"LYON BONDY BLOG","url":"https:\/\/lyonbondyblog.fr\/LBB\/","logo":{"@type":"ImageObject","inLanguage":"fr-FR","@id":"https:\/\/lyonbondyblog.fr\/LBB\/#\/schema\/logo\/image\/","url":"http:\/\/lyonbondyblog.fr\/LBB\/wp-content\/uploads\/2014\/10\/logo-portable-144.png","contentUrl":"http:\/\/lyonbondyblog.fr\/LBB\/wp-content\/uploads\/2014\/10\/logo-portable-144.png","width":144,"height":123,"caption":"LYON BONDY BLOG"},"image":{"@id":"https:\/\/lyonbondyblog.fr\/LBB\/#\/schema\/logo\/image\/"},"sameAs":["https:\/\/www.facebook.com\/lyonbondyblog","https:\/\/x.com\/bondybloglyon"]},{"@type":"Person","@id":"https:\/\/lyonbondyblog.fr\/LBB\/#\/schema\/person\/4b65b304786d9772a7e7c1a67fd69903","name":"Guillaume Garcia","url":"https:\/\/lyonbondyblog.fr\/LBB\/author\/guillaume-garcia\/"}]}},"_links":{"self":[{"href":"https:\/\/lyonbondyblog.fr\/LBB\/wp-json\/wp\/v2\/posts\/17412","targetHints":{"allow":["GET"]}}],"collection":[{"href":"https:\/\/lyonbondyblog.fr\/LBB\/wp-json\/wp\/v2\/posts"}],"about":[{"href":"https:\/\/lyonbondyblog.fr\/LBB\/wp-json\/wp\/v2\/types\/post"}],"author":[{"embeddable":true,"href":"https:\/\/lyonbondyblog.fr\/LBB\/wp-json\/wp\/v2\/users\/15227"}],"replies":[{"embeddable":true,"href":"https:\/\/lyonbondyblog.fr\/LBB\/wp-json\/wp\/v2\/comments?post=17412"}],"version-history":[{"count":28,"href":"https:\/\/lyonbondyblog.fr\/LBB\/wp-json\/wp\/v2\/posts\/17412\/revisions"}],"predecessor-version":[{"id":17527,"href":"https:\/\/lyonbondyblog.fr\/LBB\/wp-json\/wp\/v2\/posts\/17412\/revisions\/17527"}],"wp:featuredmedia":[{"embeddable":true,"href":"https:\/\/lyonbondyblog.fr\/LBB\/wp-json\/wp\/v2\/media\/17440"}],"wp:attachment":[{"href":"https:\/\/lyonbondyblog.fr\/LBB\/wp-json\/wp\/v2\/media?parent=17412"}],"wp:term":[{"taxonomy":"category","embeddable":true,"href":"https:\/\/lyonbondyblog.fr\/LBB\/wp-json\/wp\/v2\/categories?post=17412"},{"taxonomy":"post_tag","embeddable":true,"href":"https:\/\/lyonbondyblog.fr\/LBB\/wp-json\/wp\/v2\/tags?post=17412"}],"curies":[{"name":"wp","href":"https:\/\/api.w.org\/{rel}","templated":true}]}}