{"id":17385,"date":"2019-07-11T09:33:58","date_gmt":"2019-07-11T07:33:58","guid":{"rendered":"http:\/\/lyonbondyblog.fr\/LBB\/?p=17385"},"modified":"2019-07-11T09:33:58","modified_gmt":"2019-07-11T07:33:58","slug":"hippocamp-la-fete-de-quartier-pour-creer-du-lien","status":"publish","type":"post","link":"https:\/\/lyonbondyblog.fr\/LBB\/hippocamp-la-fete-de-quartier-pour-creer-du-lien\/","title":{"rendered":"Hippo&rsquo;Camp, la f\u00eate de quartier pour cr\u00e9er du lien"},"content":{"rendered":"<h4>Samedi 6 juillet \u00e0 Perrache, \u00e0 c\u00f4t\u00e9 de l\u2019\u00e9glise Sainte-Blandine a eu lieu la f\u00eate de quartier Hippo\u2019Camp. Organis\u00e9e par les habitants, elle m\u00ealait festivit\u00e9s, bonne humeur et activit\u00e9s pour enfants.<\/h4>\n<p>C\u2019est \u00e0 Perrache, ce samedi 6 juillet, sur la place de l\u2019Hippodrome, qu\u2019a eu lieu la deuxi\u00e8me \u00e9dition d\u2019Hippo\u2019Camp. Cette f\u00eate de quartier \u00e9tait organis\u00e9e par les habitants et associations du quartier de Perrache. Le but premier de cette f\u00eate, selon les organisateurs, est de \u00ab\u00a0<em>redonner vie \u00e0 la place de l&rsquo;Hippodrome<\/em>\u00ab\u00a0. C\u2019est dans la bonne humeur et sous un grand soleil que commence la f\u00eate. De nombreuses activit\u00e9s sont dispos\u00e9es tout autour de la place pour occuper les familles et les enfants. Entre la biblioth\u00e8que install\u00e9e directement sur l\u2019herbe, le coin maquillage et les jeux de soci\u00e9t\u00e9s, comme un puissance quatre g\u00e9ant ou un babyfoot, il y en avait pour tous les go\u00fbts.<\/p>\n<p>Mais une f\u00eate sans musique n\u2019en est pas une. C\u2019est pour cela qu\u2019une fanfare accompagnait le tout. Radio Sonic qui, \u00e9galement pr\u00e9sent sur le lieu, diffusait de la musique et discutait avec les enfants et les associations pour avoir leurs avis sur la f\u00eate ou sur ce qu\u2019ils font. En plus d\u2019\u00eatre une activit\u00e9 qui pla\u00eet, ils peuvent passer \u00e0 la radio, install\u00e9e dans un bus de <em>Habitat et Humanisme<\/em>. L\u2019association, permettant d\u2019aider au logement de personnes seules ou en difficult\u00e9s, a amen\u00e9 avec elle plusieurs de ses r\u00e9sidents. Cela a permis de cr\u00e9er du\u00a0\u00ab <em>lien social et d&rsquo;\u00eatre ensemble<\/em>\u00a0<em>\u00bb<\/em>\u00a0pour des personnes qui en ont besoin, entre les r\u00e9sidents et les enfants pr\u00e9sents.<\/p>\n<p>En d\u00e9but de soir\u00e9e, un concert de chansons fran\u00e7aises et un repas \u00e0 prix libre qui \u00e9taient organis\u00e9s. S\u2019il n\u2019y avait pas grand-monde, un des organisateurs \u00e9tait tout de m\u00eame content. Selon lui : \u00ab\u00a0<em>il n\u2019y a pas beaucoup de monde, mais la place est petite et on ne peut pas accueillir trop de monde\u00a0\u00bb.<\/em>\u00a0En plus de cela, \u00ab <em>il y a plus de monde que l&rsquo;ann\u00e9e derni\u00e8re et ceux qui \u00e9taient pr\u00e9sents sont revenus\u00a0\u00bb<\/em> pour assister \u00e0 cette deuxi\u00e8me \u00e9dition. C&rsquo;est donc assez encourageant pour les organisateurs qu&rsquo;une troisi\u00e8me \u00e9dition voit le jour.<\/p>\n<!-- AddThis Advanced Settings generic via filter on the_content --><!-- AddThis Share Buttons generic via filter on the_content -->","protected":false},"excerpt":{"rendered":"<p>Samedi 6 juillet \u00e0 Perrache, \u00e0 c\u00f4t\u00e9 de l\u2019\u00e9glise Sainte-Blandine a eu lieu la f\u00eate de quartier Hippo\u2019Camp. Organis\u00e9e par les habitants, elle m\u00ealait festivit\u00e9s, &hellip; <!-- AddThis Advanced Settings generic via filter on wp_trim_excerpt --><!-- AddThis Share Buttons generic via filter on wp_trim_excerpt --><\/p>\n","protected":false},"author":15906,"featured_media":17393,"comment_status":"open","ping_status":"open","sticky":false,"template":"","format":"standard","meta":{"_FSMCFIC_featured_image_caption":"","_FSMCFIC_featured_image_nocaption":"","_FSMCFIC_featured_image_hide":"","footnotes":""},"categories":[5,6443,4],"tags":[],"class_list":["post-17385","post","type-post","status-publish","format-standard","has-post-thumbnail","hentry","category-ambiance","category-association","category-lyon"],"yoast_head":"<!-- This site is optimized with the Yoast SEO plugin v22.8 - https:\/\/yoast.com\/wordpress\/plugins\/seo\/ -->\n<title>Hippo&#039;Camp, la f\u00eate de quartier pour cr\u00e9er du lien - Lyon Bondy Blog<\/title>\n<meta name=\"robots\" content=\"index, follow, max-snippet:-1, max-image-preview:large, max-video-preview:-1\" \/>\n<link rel=\"canonical\" href=\"https:\/\/lyonbondyblog.fr\/LBB\/hippocamp-la-fete-de-quartier-pour-creer-du-lien\/\" \/>\n<meta property=\"og:locale\" content=\"fr_FR\" \/>\n<meta property=\"og:type\" content=\"article\" \/>\n<meta property=\"og:title\" content=\"Hippo&#039;Camp, la f\u00eate de quartier pour cr\u00e9er du lien - Lyon Bondy Blog\" \/>\n<meta property=\"og:description\" content=\"Samedi 6 juillet \u00e0 Perrache, \u00e0 c\u00f4t\u00e9 de l\u2019\u00e9glise Sainte-Blandine a eu lieu la f\u00eate de quartier Hippo\u2019Camp. Organis\u00e9e par les habitants, elle m\u00ealait festivit\u00e9s, &hellip;\" \/>\n<meta property=\"og:url\" content=\"https:\/\/lyonbondyblog.fr\/LBB\/hippocamp-la-fete-de-quartier-pour-creer-du-lien\/\" \/>\n<meta property=\"og:site_name\" content=\"Lyon Bondy Blog\" \/>\n<meta property=\"article:publisher\" content=\"https:\/\/www.facebook.com\/lyonbondyblog\" \/>\n<meta property=\"article:published_time\" content=\"2019-07-11T07:33:58+00:00\" \/>\n<meta property=\"og:image\" content=\"https:\/\/lyonbondyblog.fr\/LBB\/wp-content\/uploads\/2019\/07\/20190706_160022-1024x768.jpg\" \/>\n\t<meta property=\"og:image:width\" content=\"1024\" \/>\n\t<meta property=\"og:image:height\" content=\"768\" \/>\n\t<meta property=\"og:image:type\" content=\"image\/jpeg\" \/>\n<meta name=\"author\" content=\"Adrien Chatre\" \/>\n<meta name=\"twitter:card\" content=\"summary_large_image\" \/>\n<meta name=\"twitter:creator\" content=\"@bondybloglyon\" \/>\n<meta name=\"twitter:site\" content=\"@bondybloglyon\" \/>\n<script type=\"application\/ld+json\" class=\"yoast-schema-graph\">{\"@context\":\"https:\/\/schema.org\",\"@graph\":[{\"@type\":\"Article\",\"@id\":\"https:\/\/lyonbondyblog.fr\/LBB\/hippocamp-la-fete-de-quartier-pour-creer-du-lien\/#article\",\"isPartOf\":{\"@id\":\"https:\/\/lyonbondyblog.fr\/LBB\/hippocamp-la-fete-de-quartier-pour-creer-du-lien\/\"},\"author\":{\"name\":\"Adrien Chatre\",\"@id\":\"https:\/\/lyonbondyblog.fr\/LBB\/#\/schema\/person\/50abd5936f54baddb9d85897ed7ce264\"},\"headline\":\"Hippo&rsquo;Camp, la f\u00eate de quartier pour cr\u00e9er du lien\",\"datePublished\":\"2019-07-11T07:33:58+00:00\",\"dateModified\":\"2019-07-11T07:33:58+00:00\",\"mainEntityOfPage\":{\"@id\":\"https:\/\/lyonbondyblog.fr\/LBB\/hippocamp-la-fete-de-quartier-pour-creer-du-lien\/\"},\"wordCount\":413,\"commentCount\":0,\"publisher\":{\"@id\":\"https:\/\/lyonbondyblog.fr\/LBB\/#organization\"},\"image\":{\"@id\":\"https:\/\/lyonbondyblog.fr\/LBB\/hippocamp-la-fete-de-quartier-pour-creer-du-lien\/#primaryimage\"},\"thumbnailUrl\":\"https:\/\/lyonbondyblog.fr\/LBB\/wp-content\/uploads\/2019\/07\/20190706_160022.jpg\",\"articleSection\":[\"Ambiance\",\"Association\",\"Lyon\"],\"inLanguage\":\"fr-FR\",\"potentialAction\":[{\"@type\":\"CommentAction\",\"name\":\"Comment\",\"target\":[\"https:\/\/lyonbondyblog.fr\/LBB\/hippocamp-la-fete-de-quartier-pour-creer-du-lien\/#respond\"]}]},{\"@type\":\"WebPage\",\"@id\":\"https:\/\/lyonbondyblog.fr\/LBB\/hippocamp-la-fete-de-quartier-pour-creer-du-lien\/\",\"url\":\"https:\/\/lyonbondyblog.fr\/LBB\/hippocamp-la-fete-de-quartier-pour-creer-du-lien\/\",\"name\":\"Hippo'Camp, la f\u00eate de quartier pour cr\u00e9er du lien - Lyon Bondy Blog\",\"isPartOf\":{\"@id\":\"https:\/\/lyonbondyblog.fr\/LBB\/#website\"},\"primaryImageOfPage\":{\"@id\":\"https:\/\/lyonbondyblog.fr\/LBB\/hippocamp-la-fete-de-quartier-pour-creer-du-lien\/#primaryimage\"},\"image\":{\"@id\":\"https:\/\/lyonbondyblog.fr\/LBB\/hippocamp-la-fete-de-quartier-pour-creer-du-lien\/#primaryimage\"},\"thumbnailUrl\":\"https:\/\/lyonbondyblog.fr\/LBB\/wp-content\/uploads\/2019\/07\/20190706_160022.jpg\",\"datePublished\":\"2019-07-11T07:33:58+00:00\",\"dateModified\":\"2019-07-11T07:33:58+00:00\",\"inLanguage\":\"fr-FR\",\"potentialAction\":[{\"@type\":\"ReadAction\",\"target\":[\"https:\/\/lyonbondyblog.fr\/LBB\/hippocamp-la-fete-de-quartier-pour-creer-du-lien\/\"]}]},{\"@type\":\"ImageObject\",\"inLanguage\":\"fr-FR\",\"@id\":\"https:\/\/lyonbondyblog.fr\/LBB\/hippocamp-la-fete-de-quartier-pour-creer-du-lien\/#primaryimage\",\"url\":\"https:\/\/lyonbondyblog.fr\/LBB\/wp-content\/uploads\/2019\/07\/20190706_160022.jpg\",\"contentUrl\":\"https:\/\/lyonbondyblog.fr\/LBB\/wp-content\/uploads\/2019\/07\/20190706_160022.jpg\",\"width\":4128,\"height\":3096},{\"@type\":\"WebSite\",\"@id\":\"https:\/\/lyonbondyblog.fr\/LBB\/#website\",\"url\":\"https:\/\/lyonbondyblog.fr\/LBB\/\",\"name\":\"Lyon Bondy Blog\",\"description\":\"\",\"publisher\":{\"@id\":\"https:\/\/lyonbondyblog.fr\/LBB\/#organization\"},\"potentialAction\":[{\"@type\":\"SearchAction\",\"target\":{\"@type\":\"EntryPoint\",\"urlTemplate\":\"https:\/\/lyonbondyblog.fr\/LBB\/?s={search_term_string}\"},\"query-input\":\"required name=search_term_string\"}],\"inLanguage\":\"fr-FR\"},{\"@type\":\"Organization\",\"@id\":\"https:\/\/lyonbondyblog.fr\/LBB\/#organization\",\"name\":\"LYON BONDY BLOG\",\"url\":\"https:\/\/lyonbondyblog.fr\/LBB\/\",\"logo\":{\"@type\":\"ImageObject\",\"inLanguage\":\"fr-FR\",\"@id\":\"https:\/\/lyonbondyblog.fr\/LBB\/#\/schema\/logo\/image\/\",\"url\":\"http:\/\/lyonbondyblog.fr\/LBB\/wp-content\/uploads\/2014\/10\/logo-portable-144.png\",\"contentUrl\":\"http:\/\/lyonbondyblog.fr\/LBB\/wp-content\/uploads\/2014\/10\/logo-portable-144.png\",\"width\":144,\"height\":123,\"caption\":\"LYON BONDY BLOG\"},\"image\":{\"@id\":\"https:\/\/lyonbondyblog.fr\/LBB\/#\/schema\/logo\/image\/\"},\"sameAs\":[\"https:\/\/www.facebook.com\/lyonbondyblog\",\"https:\/\/x.com\/bondybloglyon\"]},{\"@type\":\"Person\",\"@id\":\"https:\/\/lyonbondyblog.fr\/LBB\/#\/schema\/person\/50abd5936f54baddb9d85897ed7ce264\",\"name\":\"Adrien Chatre\",\"sameAs\":[\"https:\/\/www.linkedin.com\/in\/adrienchatre-journalisme\/\"],\"url\":\"https:\/\/lyonbondyblog.fr\/LBB\/author\/adrien-chatre\/\"}]}<\/script>\n<!-- \/ Yoast SEO plugin. -->","yoast_head_json":{"title":"Hippo'Camp, la f\u00eate de quartier pour cr\u00e9er du lien - Lyon Bondy Blog","robots":{"index":"index","follow":"follow","max-snippet":"max-snippet:-1","max-image-preview":"max-image-preview:large","max-video-preview":"max-video-preview:-1"},"canonical":"https:\/\/lyonbondyblog.fr\/LBB\/hippocamp-la-fete-de-quartier-pour-creer-du-lien\/","og_locale":"fr_FR","og_type":"article","og_title":"Hippo'Camp, la f\u00eate de quartier pour cr\u00e9er du lien - Lyon Bondy Blog","og_description":"Samedi 6 juillet \u00e0 Perrache, \u00e0 c\u00f4t\u00e9 de l\u2019\u00e9glise Sainte-Blandine a eu lieu la f\u00eate de quartier Hippo\u2019Camp. Organis\u00e9e par les habitants, elle m\u00ealait festivit\u00e9s, &hellip;","og_url":"https:\/\/lyonbondyblog.fr\/LBB\/hippocamp-la-fete-de-quartier-pour-creer-du-lien\/","og_site_name":"Lyon Bondy Blog","article_publisher":"https:\/\/www.facebook.com\/lyonbondyblog","article_published_time":"2019-07-11T07:33:58+00:00","og_image":[{"width":1024,"height":768,"url":"https:\/\/lyonbondyblog.fr\/LBB\/wp-content\/uploads\/2019\/07\/20190706_160022-1024x768.jpg","type":"image\/jpeg"}],"author":"Adrien Chatre","twitter_card":"summary_large_image","twitter_creator":"@bondybloglyon","twitter_site":"@bondybloglyon","schema":{"@context":"https:\/\/schema.org","@graph":[{"@type":"Article","@id":"https:\/\/lyonbondyblog.fr\/LBB\/hippocamp-la-fete-de-quartier-pour-creer-du-lien\/#article","isPartOf":{"@id":"https:\/\/lyonbondyblog.fr\/LBB\/hippocamp-la-fete-de-quartier-pour-creer-du-lien\/"},"author":{"name":"Adrien Chatre","@id":"https:\/\/lyonbondyblog.fr\/LBB\/#\/schema\/person\/50abd5936f54baddb9d85897ed7ce264"},"headline":"Hippo&rsquo;Camp, la f\u00eate de quartier pour cr\u00e9er du lien","datePublished":"2019-07-11T07:33:58+00:00","dateModified":"2019-07-11T07:33:58+00:00","mainEntityOfPage":{"@id":"https:\/\/lyonbondyblog.fr\/LBB\/hippocamp-la-fete-de-quartier-pour-creer-du-lien\/"},"wordCount":413,"commentCount":0,"publisher":{"@id":"https:\/\/lyonbondyblog.fr\/LBB\/#organization"},"image":{"@id":"https:\/\/lyonbondyblog.fr\/LBB\/hippocamp-la-fete-de-quartier-pour-creer-du-lien\/#primaryimage"},"thumbnailUrl":"https:\/\/lyonbondyblog.fr\/LBB\/wp-content\/uploads\/2019\/07\/20190706_160022.jpg","articleSection":["Ambiance","Association","Lyon"],"inLanguage":"fr-FR","potentialAction":[{"@type":"CommentAction","name":"Comment","target":["https:\/\/lyonbondyblog.fr\/LBB\/hippocamp-la-fete-de-quartier-pour-creer-du-lien\/#respond"]}]},{"@type":"WebPage","@id":"https:\/\/lyonbondyblog.fr\/LBB\/hippocamp-la-fete-de-quartier-pour-creer-du-lien\/","url":"https:\/\/lyonbondyblog.fr\/LBB\/hippocamp-la-fete-de-quartier-pour-creer-du-lien\/","name":"Hippo'Camp, la f\u00eate de quartier pour cr\u00e9er du lien - Lyon Bondy Blog","isPartOf":{"@id":"https:\/\/lyonbondyblog.fr\/LBB\/#website"},"primaryImageOfPage":{"@id":"https:\/\/lyonbondyblog.fr\/LBB\/hippocamp-la-fete-de-quartier-pour-creer-du-lien\/#primaryimage"},"image":{"@id":"https:\/\/lyonbondyblog.fr\/LBB\/hippocamp-la-fete-de-quartier-pour-creer-du-lien\/#primaryimage"},"thumbnailUrl":"https:\/\/lyonbondyblog.fr\/LBB\/wp-content\/uploads\/2019\/07\/20190706_160022.jpg","datePublished":"2019-07-11T07:33:58+00:00","dateModified":"2019-07-11T07:33:58+00:00","inLanguage":"fr-FR","potentialAction":[{"@type":"ReadAction","target":["https:\/\/lyonbondyblog.fr\/LBB\/hippocamp-la-fete-de-quartier-pour-creer-du-lien\/"]}]},{"@type":"ImageObject","inLanguage":"fr-FR","@id":"https:\/\/lyonbondyblog.fr\/LBB\/hippocamp-la-fete-de-quartier-pour-creer-du-lien\/#primaryimage","url":"https:\/\/lyonbondyblog.fr\/LBB\/wp-content\/uploads\/2019\/07\/20190706_160022.jpg","contentUrl":"https:\/\/lyonbondyblog.fr\/LBB\/wp-content\/uploads\/2019\/07\/20190706_160022.jpg","width":4128,"height":3096},{"@type":"WebSite","@id":"https:\/\/lyonbondyblog.fr\/LBB\/#website","url":"https:\/\/lyonbondyblog.fr\/LBB\/","name":"Lyon Bondy Blog","description":"","publisher":{"@id":"https:\/\/lyonbondyblog.fr\/LBB\/#organization"},"potentialAction":[{"@type":"SearchAction","target":{"@type":"EntryPoint","urlTemplate":"https:\/\/lyonbondyblog.fr\/LBB\/?s={search_term_string}"},"query-input":"required name=search_term_string"}],"inLanguage":"fr-FR"},{"@type":"Organization","@id":"https:\/\/lyonbondyblog.fr\/LBB\/#organization","name":"LYON BONDY BLOG","url":"https:\/\/lyonbondyblog.fr\/LBB\/","logo":{"@type":"ImageObject","inLanguage":"fr-FR","@id":"https:\/\/lyonbondyblog.fr\/LBB\/#\/schema\/logo\/image\/","url":"http:\/\/lyonbondyblog.fr\/LBB\/wp-content\/uploads\/2014\/10\/logo-portable-144.png","contentUrl":"http:\/\/lyonbondyblog.fr\/LBB\/wp-content\/uploads\/2014\/10\/logo-portable-144.png","width":144,"height":123,"caption":"LYON BONDY BLOG"},"image":{"@id":"https:\/\/lyonbondyblog.fr\/LBB\/#\/schema\/logo\/image\/"},"sameAs":["https:\/\/www.facebook.com\/lyonbondyblog","https:\/\/x.com\/bondybloglyon"]},{"@type":"Person","@id":"https:\/\/lyonbondyblog.fr\/LBB\/#\/schema\/person\/50abd5936f54baddb9d85897ed7ce264","name":"Adrien Chatre","sameAs":["https:\/\/www.linkedin.com\/in\/adrienchatre-journalisme\/"],"url":"https:\/\/lyonbondyblog.fr\/LBB\/author\/adrien-chatre\/"}]}},"_links":{"self":[{"href":"https:\/\/lyonbondyblog.fr\/LBB\/wp-json\/wp\/v2\/posts\/17385","targetHints":{"allow":["GET"]}}],"collection":[{"href":"https:\/\/lyonbondyblog.fr\/LBB\/wp-json\/wp\/v2\/posts"}],"about":[{"href":"https:\/\/lyonbondyblog.fr\/LBB\/wp-json\/wp\/v2\/types\/post"}],"author":[{"embeddable":true,"href":"https:\/\/lyonbondyblog.fr\/LBB\/wp-json\/wp\/v2\/users\/15906"}],"replies":[{"embeddable":true,"href":"https:\/\/lyonbondyblog.fr\/LBB\/wp-json\/wp\/v2\/comments?post=17385"}],"version-history":[{"count":6,"href":"https:\/\/lyonbondyblog.fr\/LBB\/wp-json\/wp\/v2\/posts\/17385\/revisions"}],"predecessor-version":[{"id":17443,"href":"https:\/\/lyonbondyblog.fr\/LBB\/wp-json\/wp\/v2\/posts\/17385\/revisions\/17443"}],"wp:featuredmedia":[{"embeddable":true,"href":"https:\/\/lyonbondyblog.fr\/LBB\/wp-json\/wp\/v2\/media\/17393"}],"wp:attachment":[{"href":"https:\/\/lyonbondyblog.fr\/LBB\/wp-json\/wp\/v2\/media?parent=17385"}],"wp:term":[{"taxonomy":"category","embeddable":true,"href":"https:\/\/lyonbondyblog.fr\/LBB\/wp-json\/wp\/v2\/categories?post=17385"},{"taxonomy":"post_tag","embeddable":true,"href":"https:\/\/lyonbondyblog.fr\/LBB\/wp-json\/wp\/v2\/tags?post=17385"}],"curies":[{"name":"wp","href":"https:\/\/api.w.org\/{rel}","templated":true}]}}