{"id":17379,"date":"2019-07-10T15:24:08","date_gmt":"2019-07-10T13:24:08","guid":{"rendered":"http:\/\/lyonbondyblog.fr\/LBB\/?p=17379"},"modified":"2019-07-11T10:54:10","modified_gmt":"2019-07-11T08:54:10","slug":"pascal-jacquet-president-asul-il-ny-a-plus-aucun-soucis-dordre-financier","status":"publish","type":"post","link":"https:\/\/lyonbondyblog.fr\/LBB\/pascal-jacquet-president-asul-il-ny-a-plus-aucun-soucis-dordre-financier\/","title":{"rendered":"Pascal Jacquet (pr\u00e9sident ASUL) : \u00a0\u00bb il n\u2019y a plus aucun soucis d\u2019ordre financier\u00a0\u00bb"},"content":{"rendered":"<h4>l&rsquo;ASUL Vaulx-en-Velin Handball (D2 f\u00e9minine) a nomm\u00e9 Pascal Jacquet&nbsp; \u00e0 la place d&rsquo;Anthony Serex au poste de&nbsp; pr\u00e9sident . Il a accord\u00e9 son premier entretien au Lyon Bondy Blog.&nbsp;<\/h4>\n<h4>\u00a0\u00bb Lyon Bondy Blog : Pouvez-vous vous pr\u00e9senter et nous dire depuis combien de temps \u00eates-vous au club de l\u2019ASUL Vaulx-en-Velin ?<\/h4>\n<p><em>Pascal Jacquet :<\/em>&nbsp;<em>Je suis au conseil d\u2019administration de l\u2019ASUL depuis 2012. J\u2019\u00e9tais pr\u00e9sident de la ligue du Lyonnais \u00e0 l\u2019\u00e9poque, je suis d\u2019ailleurs maintenant vice-pr\u00e9sident de la Ligue Auvergne-Rh\u00f4ne-Alpes. Le club allait \u00e0 l\u2019\u00e9poque tr\u00e8s mal et nous avons investi pour le sauver. Je m\u2019\u00e9tais gliss\u00e9 dans le conseil d\u2019administration du club en tant que pr\u00e9sident de ligue pour avoir un regard sur ce qu\u2019il se passait. Les gens ont beaucoup travaill\u00e9 pour remettre se club \u00e0 flot et aujourd\u2019hui&nbsp;il est en bonne sant\u00e9. J\u2019\u00e9tais pr\u00e9sent au conseil depuis 2012 mais je n\u2019intervenais quasiment pas j\u2019\u00e9tais plut\u00f4t pr\u00e9sent en surveillance.<\/em><\/p>\n<h4>LBB : Quel bilan tirez-vous du mandat de l\u2019ancien pr\u00e9sident&nbsp;?<\/h4>\n<p><em>Pascal Jacquet : Anthony Serex a pris le club apr\u00e8s qu\u2019il est \u00e9t\u00e9 assaini. Au moment o\u00f9 il&nbsp;a pris le club il y avait beaucoup de choses \u00e0 faire notamment en termes de structuration. Il a r\u00e9ussi \u00e0 maintenir une situation extr\u00eamement stable et une gestion p\u00e9renne dans laquelle il n\u2019y a plus aucun soucis d\u2019ordre financier. Son action a \u00e9t\u00e9 principalement de commencer un gros travail de structuration, celle du staff par exemple avec l\u2019apport de Romain Conte (ex-coach), le fait de remonter en deuxi\u00e8me division, c\u2019est un bilan qui est tr\u00e8s positif. Il y a encore du travail sur la structuration associative, au niveau des b\u00e9n\u00e9voles mais aussi des salari\u00e9s et d\u2019augmenter le nombre de membre,&nbsp; le niveau et la qualit\u00e9 du staff.<\/em><\/p>\n<h4>LBB : Quels seront vos nouveaux objectifs en tant que pr\u00e9sident pour la saison prochaine ainsi que pour la suite&nbsp;?<\/h4>\n<p><em>Pascal Jacquet : Le premier objectif sera de positionner un niveau de structuration qui soit en direction du haut niveau et de l\u2019excellence, de continuer \u00e0 int\u00e9grer des gens dans les staffs, de les former, de travailler avec des gens de plus en plus comp\u00e9tant et performant. Nous avons besoin de&nbsp; plus de salari\u00e9s, de travailler avec plus de b\u00e9n\u00e9voles dans les structures de d\u00e9cisions et le bureau. La structuration est le premier niveau pour aller vers quelque chose de performant. On a \u00e9galement un gros objectif \u00e9conomique, la p\u00e9rennisation \u00e9conomique et le d\u00e9veloppement \u00e9conomique, les bases ont d\u00e9j\u00e0 \u00e9t\u00e9 pos\u00e9es.<\/em><\/p>\n<p><iframe loading=\"lazy\" title=\"ASUL Vaulx-en-Velin : soir\u00e9e de lancement\" width=\"1200\" height=\"675\" src=\"https:\/\/www.youtube.com\/embed\/NUzk1Q31Xek?feature=oembed\" frameborder=\"0\" allow=\"accelerometer; autoplay; clipboard-write; encrypted-media; gyroscope; picture-in-picture\" allowfullscreen><\/iframe><\/p>\n<h4>LBB : Sur l\u2019exercice 2018-2019, quel bilan tirez-vous de la saison \u00e9coul\u00e9e et pouvez-vous nous rappeler les diff\u00e9rents r\u00e9sultats du club dans les diverses cat\u00e9gories&nbsp;?<\/h4>\n<p><em>Pascal Jacquet : La D2 a fait une tr\u00e8s bonne saison, on termine quatri\u00e8me du play-off, <a href=\"https:\/\/lyonbondyblog.fr\/LBB\/contre-la-rochelle-les-lionnes-ont-les-crocs\/\">presque troisi\u00e8me ex-\u00e6quo<\/a>. Nous aurions presque pu faire mieux mais elles avaient mal d\u00e9but\u00e9 pour nous.<br \/>\nEn termes de r\u00e9sultats \u00e9loquents, nos moins de 18 ans ont perdus en huiti\u00e8me de finale des championnats de France contre le futur vainqueur mais nous sommes dans les quatre meilleures \u00e9quipes jeune de France ce qui montre une qualit\u00e9 de formation int\u00e9ressante. L\u2019\u00e9quipe r\u00e9serve a \u00e9t\u00e9 leader du championnat de N2 jusqu\u2019en F\u00e9vrier avant que des blessures viennent nous contrarier.<\/em><\/p>\n<h4>LBB : Quel sera l\u2019objectif principal de l\u2019\u00e9quipe premi\u00e8re la saison prochaine&nbsp;?<\/h4>\n<p><em>Pascal Jacquet : L\u2019objectif prioritaire sera d\u2019accrocher une nouvelle fois les <a href=\"http:\/\/www.ff-handball.org\/competitions\/championnats-nationaux\/d2f\/resultats.html\">play-offs<\/a>, pour \u00eatre tranquille sur la deuxi\u00e8me partie de saison. Nous sommes conscients que ce n\u2019est pas gagn\u00e9 et que ce n\u2019est pas une certitude absolue, nous avons une \u00e9quipe tr\u00e8s jeune.<br \/>\nNous sommes contents car nous avons beaucoup de nos \u00ab&nbsp;p\u00e9pites&nbsp;\u00bb, dont l\u2019entra\u00eeneur, qui ont \u00e9t\u00e9 rep\u00e9r\u00e9es par des clubs de plus haut niveau, cela signifie que le travail est bien fait.\u00a0\u00bb<\/em><\/p>\n<!-- AddThis Advanced Settings generic via filter on the_content --><!-- AddThis Share Buttons generic via filter on the_content -->","protected":false},"excerpt":{"rendered":"<p>l&rsquo;ASUL Vaulx-en-Velin Handball (D2 f\u00e9minine) a nomm\u00e9 Pascal Jacquet&nbsp; \u00e0 la place d&rsquo;Anthony Serex au poste de&nbsp; pr\u00e9sident . Il a accord\u00e9 son premier entretien &hellip; <!-- AddThis Advanced Settings generic via filter on wp_trim_excerpt --><!-- AddThis Share Buttons generic via filter on wp_trim_excerpt --><\/p>\n","protected":false},"author":14837,"featured_media":17416,"comment_status":"open","ping_status":"open","sticky":false,"template":"","format":"standard","meta":{"_FSMCFIC_featured_image_caption":"","_FSMCFIC_featured_image_nocaption":"","_FSMCFIC_featured_image_hide":"","footnotes":""},"categories":[3890,4,2862,3891],"tags":[2988,2569,654],"class_list":["post-17379","post","type-post","status-publish","format-standard","has-post-thumbnail","hentry","category-handball","category-lyon","category-sport","category-vaulx-en-velin","tag-asul","tag-asul-vaulx-en-velin","tag-handball"],"yoast_head":"<!-- This site is optimized with the Yoast SEO plugin v22.8 - https:\/\/yoast.com\/wordpress\/plugins\/seo\/ -->\n<title>Pascal Jacquet (pr\u00e9sident ASUL) : &quot; il n\u2019y a plus aucun soucis d\u2019ordre financier&quot; - Lyon Bondy Blog<\/title>\n<meta name=\"description\" content=\"Pascal Jacquet, qui a succ\u00e9d\u00e9 \u00e0 Anthony Serex \u00e0 la pr\u00e9sidence de l&#039;ASUL Vaulx-en-Velin Handball (D2 f\u00e9minine), nous a accord\u00e9 son premier entretien.\u00a0\" \/>\n<meta name=\"robots\" content=\"index, follow, max-snippet:-1, max-image-preview:large, max-video-preview:-1\" \/>\n<link rel=\"canonical\" href=\"https:\/\/lyonbondyblog.fr\/LBB\/pascal-jacquet-president-asul-il-ny-a-plus-aucun-soucis-dordre-financier\/\" \/>\n<meta property=\"og:locale\" content=\"fr_FR\" \/>\n<meta property=\"og:type\" content=\"article\" \/>\n<meta property=\"og:title\" content=\"Pascal Jacquet (pr\u00e9sident ASUL) : &quot; il n\u2019y a plus aucun soucis d\u2019ordre financier&quot; - Lyon Bondy Blog\" \/>\n<meta property=\"og:description\" content=\"Pascal Jacquet, qui a succ\u00e9d\u00e9 \u00e0 Anthony Serex \u00e0 la pr\u00e9sidence de l&#039;ASUL Vaulx-en-Velin Handball (D2 f\u00e9minine), nous a accord\u00e9 son premier entretien.\u00a0\" \/>\n<meta property=\"og:url\" content=\"https:\/\/lyonbondyblog.fr\/LBB\/pascal-jacquet-president-asul-il-ny-a-plus-aucun-soucis-dordre-financier\/\" \/>\n<meta property=\"og:site_name\" content=\"Lyon Bondy Blog\" \/>\n<meta property=\"article:publisher\" content=\"https:\/\/www.facebook.com\/lyonbondyblog\" \/>\n<meta property=\"article:published_time\" content=\"2019-07-10T13:24:08+00:00\" \/>\n<meta property=\"article:modified_time\" content=\"2019-07-11T08:54:10+00:00\" \/>\n<meta property=\"og:image\" content=\"https:\/\/lyonbondyblog.fr\/LBB\/wp-content\/uploads\/2019\/07\/55b6549c8a6f0_PascalJacquet.jpg\" \/>\n\t<meta property=\"og:image:width\" content=\"216\" \/>\n\t<meta property=\"og:image:height\" content=\"268\" \/>\n\t<meta property=\"og:image:type\" content=\"image\/jpeg\" \/>\n<meta name=\"author\" content=\"Tristan Chalvet\" \/>\n<meta name=\"twitter:card\" content=\"summary_large_image\" \/>\n<meta name=\"twitter:creator\" content=\"@bondybloglyon\" \/>\n<meta name=\"twitter:site\" content=\"@bondybloglyon\" \/>\n<script type=\"application\/ld+json\" class=\"yoast-schema-graph\">{\"@context\":\"https:\/\/schema.org\",\"@graph\":[{\"@type\":\"Article\",\"@id\":\"https:\/\/lyonbondyblog.fr\/LBB\/pascal-jacquet-president-asul-il-ny-a-plus-aucun-soucis-dordre-financier\/#article\",\"isPartOf\":{\"@id\":\"https:\/\/lyonbondyblog.fr\/LBB\/pascal-jacquet-president-asul-il-ny-a-plus-aucun-soucis-dordre-financier\/\"},\"author\":{\"name\":\"Tristan Chalvet\",\"@id\":\"https:\/\/lyonbondyblog.fr\/LBB\/#\/schema\/person\/77f9b745f488358e16dbed26a0359ddc\"},\"headline\":\"Pascal Jacquet (pr\u00e9sident ASUL) : \u00a0\u00bb il n\u2019y a plus aucun soucis d\u2019ordre financier\u00a0\u00bb\",\"datePublished\":\"2019-07-10T13:24:08+00:00\",\"dateModified\":\"2019-07-11T08:54:10+00:00\",\"mainEntityOfPage\":{\"@id\":\"https:\/\/lyonbondyblog.fr\/LBB\/pascal-jacquet-president-asul-il-ny-a-plus-aucun-soucis-dordre-financier\/\"},\"wordCount\":716,\"commentCount\":0,\"publisher\":{\"@id\":\"https:\/\/lyonbondyblog.fr\/LBB\/#organization\"},\"image\":{\"@id\":\"https:\/\/lyonbondyblog.fr\/LBB\/pascal-jacquet-president-asul-il-ny-a-plus-aucun-soucis-dordre-financier\/#primaryimage\"},\"thumbnailUrl\":\"https:\/\/lyonbondyblog.fr\/LBB\/wp-content\/uploads\/2019\/07\/55b6549c8a6f0_PascalJacquet.jpg\",\"keywords\":[\"asul\",\"ASUL Vaulx-en-Velin\",\"handball\"],\"articleSection\":[\"Handball\",\"Lyon\",\"Sport\",\"Vaulx-en-Velin\"],\"inLanguage\":\"fr-FR\",\"potentialAction\":[{\"@type\":\"CommentAction\",\"name\":\"Comment\",\"target\":[\"https:\/\/lyonbondyblog.fr\/LBB\/pascal-jacquet-president-asul-il-ny-a-plus-aucun-soucis-dordre-financier\/#respond\"]}]},{\"@type\":\"WebPage\",\"@id\":\"https:\/\/lyonbondyblog.fr\/LBB\/pascal-jacquet-president-asul-il-ny-a-plus-aucun-soucis-dordre-financier\/\",\"url\":\"https:\/\/lyonbondyblog.fr\/LBB\/pascal-jacquet-president-asul-il-ny-a-plus-aucun-soucis-dordre-financier\/\",\"name\":\"Pascal Jacquet (pr\u00e9sident ASUL) : \\\" il n\u2019y a plus aucun soucis d\u2019ordre financier\\\" - Lyon Bondy Blog\",\"isPartOf\":{\"@id\":\"https:\/\/lyonbondyblog.fr\/LBB\/#website\"},\"primaryImageOfPage\":{\"@id\":\"https:\/\/lyonbondyblog.fr\/LBB\/pascal-jacquet-president-asul-il-ny-a-plus-aucun-soucis-dordre-financier\/#primaryimage\"},\"image\":{\"@id\":\"https:\/\/lyonbondyblog.fr\/LBB\/pascal-jacquet-president-asul-il-ny-a-plus-aucun-soucis-dordre-financier\/#primaryimage\"},\"thumbnailUrl\":\"https:\/\/lyonbondyblog.fr\/LBB\/wp-content\/uploads\/2019\/07\/55b6549c8a6f0_PascalJacquet.jpg\",\"datePublished\":\"2019-07-10T13:24:08+00:00\",\"dateModified\":\"2019-07-11T08:54:10+00:00\",\"description\":\"Pascal Jacquet, qui a succ\u00e9d\u00e9 \u00e0 Anthony Serex \u00e0 la pr\u00e9sidence de l'ASUL Vaulx-en-Velin Handball (D2 f\u00e9minine), nous a accord\u00e9 son premier entretien.\u00a0\",\"inLanguage\":\"fr-FR\",\"potentialAction\":[{\"@type\":\"ReadAction\",\"target\":[\"https:\/\/lyonbondyblog.fr\/LBB\/pascal-jacquet-president-asul-il-ny-a-plus-aucun-soucis-dordre-financier\/\"]}]},{\"@type\":\"ImageObject\",\"inLanguage\":\"fr-FR\",\"@id\":\"https:\/\/lyonbondyblog.fr\/LBB\/pascal-jacquet-president-asul-il-ny-a-plus-aucun-soucis-dordre-financier\/#primaryimage\",\"url\":\"https:\/\/lyonbondyblog.fr\/LBB\/wp-content\/uploads\/2019\/07\/55b6549c8a6f0_PascalJacquet.jpg\",\"contentUrl\":\"https:\/\/lyonbondyblog.fr\/LBB\/wp-content\/uploads\/2019\/07\/55b6549c8a6f0_PascalJacquet.jpg\",\"width\":216,\"height\":268},{\"@type\":\"WebSite\",\"@id\":\"https:\/\/lyonbondyblog.fr\/LBB\/#website\",\"url\":\"https:\/\/lyonbondyblog.fr\/LBB\/\",\"name\":\"Lyon Bondy Blog\",\"description\":\"\",\"publisher\":{\"@id\":\"https:\/\/lyonbondyblog.fr\/LBB\/#organization\"},\"potentialAction\":[{\"@type\":\"SearchAction\",\"target\":{\"@type\":\"EntryPoint\",\"urlTemplate\":\"https:\/\/lyonbondyblog.fr\/LBB\/?s={search_term_string}\"},\"query-input\":\"required name=search_term_string\"}],\"inLanguage\":\"fr-FR\"},{\"@type\":\"Organization\",\"@id\":\"https:\/\/lyonbondyblog.fr\/LBB\/#organization\",\"name\":\"LYON BONDY BLOG\",\"url\":\"https:\/\/lyonbondyblog.fr\/LBB\/\",\"logo\":{\"@type\":\"ImageObject\",\"inLanguage\":\"fr-FR\",\"@id\":\"https:\/\/lyonbondyblog.fr\/LBB\/#\/schema\/logo\/image\/\",\"url\":\"http:\/\/lyonbondyblog.fr\/LBB\/wp-content\/uploads\/2014\/10\/logo-portable-144.png\",\"contentUrl\":\"http:\/\/lyonbondyblog.fr\/LBB\/wp-content\/uploads\/2014\/10\/logo-portable-144.png\",\"width\":144,\"height\":123,\"caption\":\"LYON BONDY BLOG\"},\"image\":{\"@id\":\"https:\/\/lyonbondyblog.fr\/LBB\/#\/schema\/logo\/image\/\"},\"sameAs\":[\"https:\/\/www.facebook.com\/lyonbondyblog\",\"https:\/\/x.com\/bondybloglyon\"]},{\"@type\":\"Person\",\"@id\":\"https:\/\/lyonbondyblog.fr\/LBB\/#\/schema\/person\/77f9b745f488358e16dbed26a0359ddc\",\"name\":\"Tristan Chalvet\",\"url\":\"https:\/\/lyonbondyblog.fr\/LBB\/author\/tristan-chalvet\/\"}]}<\/script>\n<!-- \/ Yoast SEO plugin. -->","yoast_head_json":{"title":"Pascal Jacquet (pr\u00e9sident ASUL) : \" il n\u2019y a plus aucun soucis d\u2019ordre financier\" - Lyon Bondy Blog","description":"Pascal Jacquet, qui a succ\u00e9d\u00e9 \u00e0 Anthony Serex \u00e0 la pr\u00e9sidence de l'ASUL Vaulx-en-Velin Handball (D2 f\u00e9minine), nous a accord\u00e9 son premier entretien.\u00a0","robots":{"index":"index","follow":"follow","max-snippet":"max-snippet:-1","max-image-preview":"max-image-preview:large","max-video-preview":"max-video-preview:-1"},"canonical":"https:\/\/lyonbondyblog.fr\/LBB\/pascal-jacquet-president-asul-il-ny-a-plus-aucun-soucis-dordre-financier\/","og_locale":"fr_FR","og_type":"article","og_title":"Pascal Jacquet (pr\u00e9sident ASUL) : \" il n\u2019y a plus aucun soucis d\u2019ordre financier\" - Lyon Bondy Blog","og_description":"Pascal Jacquet, qui a succ\u00e9d\u00e9 \u00e0 Anthony Serex \u00e0 la pr\u00e9sidence de l'ASUL Vaulx-en-Velin Handball (D2 f\u00e9minine), nous a accord\u00e9 son premier entretien.\u00a0","og_url":"https:\/\/lyonbondyblog.fr\/LBB\/pascal-jacquet-president-asul-il-ny-a-plus-aucun-soucis-dordre-financier\/","og_site_name":"Lyon Bondy Blog","article_publisher":"https:\/\/www.facebook.com\/lyonbondyblog","article_published_time":"2019-07-10T13:24:08+00:00","article_modified_time":"2019-07-11T08:54:10+00:00","og_image":[{"width":216,"height":268,"url":"https:\/\/lyonbondyblog.fr\/LBB\/wp-content\/uploads\/2019\/07\/55b6549c8a6f0_PascalJacquet.jpg","type":"image\/jpeg"}],"author":"Tristan Chalvet","twitter_card":"summary_large_image","twitter_creator":"@bondybloglyon","twitter_site":"@bondybloglyon","schema":{"@context":"https:\/\/schema.org","@graph":[{"@type":"Article","@id":"https:\/\/lyonbondyblog.fr\/LBB\/pascal-jacquet-president-asul-il-ny-a-plus-aucun-soucis-dordre-financier\/#article","isPartOf":{"@id":"https:\/\/lyonbondyblog.fr\/LBB\/pascal-jacquet-president-asul-il-ny-a-plus-aucun-soucis-dordre-financier\/"},"author":{"name":"Tristan Chalvet","@id":"https:\/\/lyonbondyblog.fr\/LBB\/#\/schema\/person\/77f9b745f488358e16dbed26a0359ddc"},"headline":"Pascal Jacquet (pr\u00e9sident ASUL) : \u00a0\u00bb il n\u2019y a plus aucun soucis d\u2019ordre financier\u00a0\u00bb","datePublished":"2019-07-10T13:24:08+00:00","dateModified":"2019-07-11T08:54:10+00:00","mainEntityOfPage":{"@id":"https:\/\/lyonbondyblog.fr\/LBB\/pascal-jacquet-president-asul-il-ny-a-plus-aucun-soucis-dordre-financier\/"},"wordCount":716,"commentCount":0,"publisher":{"@id":"https:\/\/lyonbondyblog.fr\/LBB\/#organization"},"image":{"@id":"https:\/\/lyonbondyblog.fr\/LBB\/pascal-jacquet-president-asul-il-ny-a-plus-aucun-soucis-dordre-financier\/#primaryimage"},"thumbnailUrl":"https:\/\/lyonbondyblog.fr\/LBB\/wp-content\/uploads\/2019\/07\/55b6549c8a6f0_PascalJacquet.jpg","keywords":["asul","ASUL Vaulx-en-Velin","handball"],"articleSection":["Handball","Lyon","Sport","Vaulx-en-Velin"],"inLanguage":"fr-FR","potentialAction":[{"@type":"CommentAction","name":"Comment","target":["https:\/\/lyonbondyblog.fr\/LBB\/pascal-jacquet-president-asul-il-ny-a-plus-aucun-soucis-dordre-financier\/#respond"]}]},{"@type":"WebPage","@id":"https:\/\/lyonbondyblog.fr\/LBB\/pascal-jacquet-president-asul-il-ny-a-plus-aucun-soucis-dordre-financier\/","url":"https:\/\/lyonbondyblog.fr\/LBB\/pascal-jacquet-president-asul-il-ny-a-plus-aucun-soucis-dordre-financier\/","name":"Pascal Jacquet (pr\u00e9sident ASUL) : \" il n\u2019y a plus aucun soucis d\u2019ordre financier\" - Lyon Bondy Blog","isPartOf":{"@id":"https:\/\/lyonbondyblog.fr\/LBB\/#website"},"primaryImageOfPage":{"@id":"https:\/\/lyonbondyblog.fr\/LBB\/pascal-jacquet-president-asul-il-ny-a-plus-aucun-soucis-dordre-financier\/#primaryimage"},"image":{"@id":"https:\/\/lyonbondyblog.fr\/LBB\/pascal-jacquet-president-asul-il-ny-a-plus-aucun-soucis-dordre-financier\/#primaryimage"},"thumbnailUrl":"https:\/\/lyonbondyblog.fr\/LBB\/wp-content\/uploads\/2019\/07\/55b6549c8a6f0_PascalJacquet.jpg","datePublished":"2019-07-10T13:24:08+00:00","dateModified":"2019-07-11T08:54:10+00:00","description":"Pascal Jacquet, qui a succ\u00e9d\u00e9 \u00e0 Anthony Serex \u00e0 la pr\u00e9sidence de l'ASUL Vaulx-en-Velin Handball (D2 f\u00e9minine), nous a accord\u00e9 son premier entretien.\u00a0","inLanguage":"fr-FR","potentialAction":[{"@type":"ReadAction","target":["https:\/\/lyonbondyblog.fr\/LBB\/pascal-jacquet-president-asul-il-ny-a-plus-aucun-soucis-dordre-financier\/"]}]},{"@type":"ImageObject","inLanguage":"fr-FR","@id":"https:\/\/lyonbondyblog.fr\/LBB\/pascal-jacquet-president-asul-il-ny-a-plus-aucun-soucis-dordre-financier\/#primaryimage","url":"https:\/\/lyonbondyblog.fr\/LBB\/wp-content\/uploads\/2019\/07\/55b6549c8a6f0_PascalJacquet.jpg","contentUrl":"https:\/\/lyonbondyblog.fr\/LBB\/wp-content\/uploads\/2019\/07\/55b6549c8a6f0_PascalJacquet.jpg","width":216,"height":268},{"@type":"WebSite","@id":"https:\/\/lyonbondyblog.fr\/LBB\/#website","url":"https:\/\/lyonbondyblog.fr\/LBB\/","name":"Lyon Bondy Blog","description":"","publisher":{"@id":"https:\/\/lyonbondyblog.fr\/LBB\/#organization"},"potentialAction":[{"@type":"SearchAction","target":{"@type":"EntryPoint","urlTemplate":"https:\/\/lyonbondyblog.fr\/LBB\/?s={search_term_string}"},"query-input":"required name=search_term_string"}],"inLanguage":"fr-FR"},{"@type":"Organization","@id":"https:\/\/lyonbondyblog.fr\/LBB\/#organization","name":"LYON BONDY BLOG","url":"https:\/\/lyonbondyblog.fr\/LBB\/","logo":{"@type":"ImageObject","inLanguage":"fr-FR","@id":"https:\/\/lyonbondyblog.fr\/LBB\/#\/schema\/logo\/image\/","url":"http:\/\/lyonbondyblog.fr\/LBB\/wp-content\/uploads\/2014\/10\/logo-portable-144.png","contentUrl":"http:\/\/lyonbondyblog.fr\/LBB\/wp-content\/uploads\/2014\/10\/logo-portable-144.png","width":144,"height":123,"caption":"LYON BONDY BLOG"},"image":{"@id":"https:\/\/lyonbondyblog.fr\/LBB\/#\/schema\/logo\/image\/"},"sameAs":["https:\/\/www.facebook.com\/lyonbondyblog","https:\/\/x.com\/bondybloglyon"]},{"@type":"Person","@id":"https:\/\/lyonbondyblog.fr\/LBB\/#\/schema\/person\/77f9b745f488358e16dbed26a0359ddc","name":"Tristan Chalvet","url":"https:\/\/lyonbondyblog.fr\/LBB\/author\/tristan-chalvet\/"}]}},"_links":{"self":[{"href":"https:\/\/lyonbondyblog.fr\/LBB\/wp-json\/wp\/v2\/posts\/17379","targetHints":{"allow":["GET"]}}],"collection":[{"href":"https:\/\/lyonbondyblog.fr\/LBB\/wp-json\/wp\/v2\/posts"}],"about":[{"href":"https:\/\/lyonbondyblog.fr\/LBB\/wp-json\/wp\/v2\/types\/post"}],"author":[{"embeddable":true,"href":"https:\/\/lyonbondyblog.fr\/LBB\/wp-json\/wp\/v2\/users\/14837"}],"replies":[{"embeddable":true,"href":"https:\/\/lyonbondyblog.fr\/LBB\/wp-json\/wp\/v2\/comments?post=17379"}],"version-history":[{"count":18,"href":"https:\/\/lyonbondyblog.fr\/LBB\/wp-json\/wp\/v2\/posts\/17379\/revisions"}],"predecessor-version":[{"id":17444,"href":"https:\/\/lyonbondyblog.fr\/LBB\/wp-json\/wp\/v2\/posts\/17379\/revisions\/17444"}],"wp:featuredmedia":[{"embeddable":true,"href":"https:\/\/lyonbondyblog.fr\/LBB\/wp-json\/wp\/v2\/media\/17416"}],"wp:attachment":[{"href":"https:\/\/lyonbondyblog.fr\/LBB\/wp-json\/wp\/v2\/media?parent=17379"}],"wp:term":[{"taxonomy":"category","embeddable":true,"href":"https:\/\/lyonbondyblog.fr\/LBB\/wp-json\/wp\/v2\/categories?post=17379"},{"taxonomy":"post_tag","embeddable":true,"href":"https:\/\/lyonbondyblog.fr\/LBB\/wp-json\/wp\/v2\/tags?post=17379"}],"curies":[{"name":"wp","href":"https:\/\/api.w.org\/{rel}","templated":true}]}}