{"id":17373,"date":"2019-07-07T14:07:57","date_gmt":"2019-07-07T12:07:57","guid":{"rendered":"http:\/\/lyonbondyblog.fr\/LBB\/?p=17373"},"modified":"2019-07-11T14:54:53","modified_gmt":"2019-07-11T12:54:53","slug":"des-enfants-scolarises-nont-pas-de-chez-eux","status":"publish","type":"post","link":"https:\/\/lyonbondyblog.fr\/LBB\/des-enfants-scolarises-nont-pas-de-chez-eux\/","title":{"rendered":"Des enfants scolaris\u00e9s \u00ab n\u2019ont pas de chez eux \u00bb"},"content":{"rendered":"<h4>Vendredi 5 juillet, le collectif \u00ab\u00a0Jamais sans toit\u00a0\u00bb organisait une manifestation devant l\u2019\u00e9cole Jean Moulin \u00e0 Bron, afin d\u2019aider des enfants scolaris\u00e9s dans l\u2019\u00e9cole n\u2019ayant pas de foyer, en portant une banderole \u00ab\u00a0Ici des enfants dorment dehors, un toit c\u2019est un droit\u00a0\u00bb. Mais avec la fermeture de l\u2019\u00e9cole, ce sont de multiples probl\u00e8mes cr\u00e9\u00e9s qui n\u2019ont pas de solutions.<\/h4>\n<p>Ce vendredi 5 juillet, le collectif \u00ab\u00a0Jamais sans toit\u00a0\u00bb et la F\u00e9d\u00e9ration de Conseils de Parents d\u2019El\u00e8ves, se tenaient devant l\u2019\u00e9cole Jean Moulin \u00e0 Bron pour aider des enfants qui y sont scolaris\u00e9s et qui n\u2019ont pas de logement. Une p\u00e9tition qui tournait devant l\u2019\u00e9cole a recueilli une centaine de signatures de la part de parents d\u2019\u00e9l\u00e8ves et d\u2019enseignants.<br \/>\nCe sont cinq enfants d\u2019une m\u00eame famille, dont le dernier a deux ans, et trois qui sont scolaris\u00e9s \u00e0 l\u2019\u00e9cole Jean Moulin \u00e0 Bron et qui n\u2019ont pas de logement depuis 3 mois.<\/p>\n<div id=\"mp3jWrap_0\" class=\"mjp-s-wrapper s-graphic unsel-mjp \" style=\"font-size:18px;\"><span id=\"playpause_wrap_mp3j_0\" class=\"wrap_inline_mp3j\" style=\"font-weight:700;\"><span class=\"gfxbutton_mp3j play-mjp\" id=\"playpause_mp3j_0\" style=\"font-size:18px;\">&nbsp;&nbsp;&nbsp;&nbsp;&nbsp;<\/span>&nbsp;<span class=\"group_wrap\"><span class=\"bars_mp3j\"><span class=\"loadB_mp3j\" id=\"load_mp3j_0\"><\/span><span class=\"posbarB_mp3j\" id=\"posbar_mp3j_0\"><\/span><\/span><span class=\"T_mp3j\" id=\"T_mp3j_0\" style=\"font-size:18px;\">1<\/span><span class=\"indi_mp3j\" style=\"font-size:12.6px;\" id=\"statusMI_0\"><\/span><\/span><span class=\"vol_mp3j flipped\" id=\"vol_mp3j_0\"><\/span><\/span><\/div><span class=\"s-nosolution\" id=\"mp3j_nosolution_0\" style=\"display:none;\"><\/span><script>\nMP3jPLAYLISTS.inline_0 = [\n\t{ name: \"1\", formats: [\"wav\"], mp3: \"aHR0cHM6Ly9seW9uYm9uZHlibG9nLmZyL0xCQi93cC1jb250ZW50L3VwbG9hZHMvMjAxOS8wNy8xLndhdg==\", counterpart:\"\", artist: \"\", image: \"\", imgurl: \"\" }\n];\n<\/script>\n\n<script>MP3jPLAYERS[0] = { list: MP3jPLAYLISTS.inline_0, tr:0, type:'single', lstate:'', loop:false, play_txt:'&nbsp;&nbsp;&nbsp;&nbsp;&nbsp;', pause_txt:'&nbsp;&nbsp;&nbsp;&nbsp;&nbsp;', pp_title:'', autoplay:false, download:false, vol:85, height:'' };<\/script>\n<p style=\"text-align: left\">Ils vivent dans une tente, \u00e0 proximit\u00e9 de la cour de l\u2019\u00e9cole. Le collectif \u00ab\u00a0Jamais sans toit\u00a0\u00bb et l\u2019association \u00ab\u00a0Deme-so\u00a0\u00bb, qui aident les sans-abris et les personnes en situation de pr\u00e9carit\u00e9, ont voulu aider. Ils ont entam\u00e9 plusieurs d\u00e9marches pour loger la famille, sans succ\u00e8s. La FCPE ainsi que les parents d\u2019\u00e9l\u00e8ves et les enseignants ont beaucoup contribu\u00e9 aussi en donnant de la nourriture, en payant des nuits \u00e0 l\u2019h\u00f4tel et en achetant une tente plus grande.<br \/>\nSi la famille est touch\u00e9e par toutes ces petites actions, elle est \u00e9galement g\u00ean\u00e9e de recevoir argent et nourriture. Elle aimerait bien pouvoir se d\u00e9brouiller toute seule et \u00eatre en autonomie selon Isabelle Manet, pr\u00e9sidente de la FCPE et \u00e0 l\u2019origine de la cr\u00e9ation de \u00ab\u00a0Jamais sans toit\u00a0\u00bb sur l\u2019\u00e9cole Jean Moulin.<\/p>\n<h4>Nourriture et douches pay\u00e9es par la mairie<\/h4>\n<p>La famille peine en ce moment, avec la canicule. Situ\u00e9e sur un terrain vague, la tente n\u2019a pas d\u2019ombre. Malgr\u00e9 la chaleur, les enfants peuvent quand m\u00eame boire dans les toilettes du stade L\u00e9o Lagrange ouvert toute la journ\u00e9e. Ils peuvent \u00e9galement y prendre des douches, deux \u00e0 trois fois par semaine. Mais il y a trois mois, c\u2019\u00e9tait sous la pluie et dans le froid que la famille devait dormir.<br \/>\nJusqu\u2019\u00e0 maintenant, pour pouvoir se nourrir, la mairie payait la cantine aux enfants.<\/p>\n<div id=\"mp3jWrap_1\" class=\"mjp-s-wrapper s-graphic unsel-mjp \" style=\"font-size:18px;\"><span id=\"playpause_wrap_mp3j_1\" class=\"wrap_inline_mp3j\" style=\"font-weight:700;\"><span class=\"gfxbutton_mp3j play-mjp\" id=\"playpause_mp3j_1\" style=\"font-size:18px;\">&nbsp;&nbsp;&nbsp;&nbsp;&nbsp;<\/span>&nbsp;<span class=\"group_wrap\"><span class=\"bars_mp3j\"><span class=\"loadB_mp3j\" id=\"load_mp3j_1\"><\/span><span class=\"posbarB_mp3j\" id=\"posbar_mp3j_1\"><\/span><\/span><span class=\"T_mp3j\" id=\"T_mp3j_1\" style=\"font-size:18px;\">2<\/span><span class=\"indi_mp3j\" style=\"font-size:12.6px;\" id=\"statusMI_1\"><\/span><\/span><span class=\"vol_mp3j flipped\" id=\"vol_mp3j_1\"><\/span><\/span><\/div><span class=\"s-nosolution\" id=\"mp3j_nosolution_1\" style=\"display:none;\"><\/span><script>\nMP3jPLAYLISTS.inline_1 = [\n\t{ name: \"2\", formats: [\"wav\"], mp3: \"aHR0cHM6Ly9seW9uYm9uZHlibG9nLmZyL0xCQi93cC1jb250ZW50L3VwbG9hZHMvMjAxOS8wNy8yLndhdg==\", counterpart:\"\", artist: \"\", image: \"\", imgurl: \"\" }\n];\n<\/script>\n\n<script>MP3jPLAYERS[1] = { list: MP3jPLAYLISTS.inline_1, tr:0, type:'single', lstate:'', loop:false, play_txt:'&nbsp;&nbsp;&nbsp;&nbsp;&nbsp;', pause_txt:'&nbsp;&nbsp;&nbsp;&nbsp;&nbsp;', pp_title:'', autoplay:false, download:false, vol:85, height:'' };<\/script>\n<p>En mai, la mairie a d\u00e9bours\u00e9 34 euros pour payer les repas. Mais avec les grandes vacances, l\u2019\u00e9cole va fermer et donc la cantine. La famille ne sait pas quoi faire si la cantine ferme. En plus d\u2019inqui\u00e9ter ces parents, ce sont \u00e9galement les autres parents d\u2019\u00e9l\u00e8ves qui se posent des questions.<\/p>\n<h4>Une situation inadmissible selon les parents<\/h4>\n<p>Arriv\u00e9e en France il y a trois ans, la famille a d\u2019abord \u00e9t\u00e9 log\u00e9e \u00e0 La Part-Dieu en tant que demandeurs d\u2019asile. Finalement d\u00e9log\u00e9e, elle a pu \u00eatre h\u00e9berg\u00e9e durant l\u2019hiver dans un foyer d\u2019urgence hivernal \u00e0 Bron. \u00c0 la fin de la tr\u00eave hivernale, les familles ont \u00e9t\u00e9 relog\u00e9es except\u00e9e celle-ci. Et cette situation est honteuse pour Florence Roques, membre de la FCPE de l\u2019\u00e9cole et administratrice de la FCPE du Rh\u00f4ne. Elle a d\u00e9clar\u00e9\u00a0:\u00a0\u00ab\u00a0<em>C\u2019est inadmissible que la pr\u00e9fecture mette des gens sur le trottoir<\/em>\u00a0\u00bb.<\/p>\n<div id=\"mp3jWrap_2\" class=\"mjp-s-wrapper s-graphic unsel-mjp \" style=\"font-size:18px;\"><span id=\"playpause_wrap_mp3j_2\" class=\"wrap_inline_mp3j\" style=\"font-weight:700;\"><span class=\"gfxbutton_mp3j play-mjp\" id=\"playpause_mp3j_2\" style=\"font-size:18px;\">&nbsp;&nbsp;&nbsp;&nbsp;&nbsp;<\/span>&nbsp;<span class=\"group_wrap\"><span class=\"bars_mp3j\"><span class=\"loadB_mp3j\" id=\"load_mp3j_2\"><\/span><span class=\"posbarB_mp3j\" id=\"posbar_mp3j_2\"><\/span><\/span><span class=\"T_mp3j\" id=\"T_mp3j_2\" style=\"font-size:18px;\">4<\/span><span class=\"indi_mp3j\" style=\"font-size:12.6px;\" id=\"statusMI_2\"><\/span><\/span><span class=\"vol_mp3j flipped\" id=\"vol_mp3j_2\"><\/span><\/span><\/div><span class=\"s-nosolution\" id=\"mp3j_nosolution_2\" style=\"display:none;\"><\/span><script>\nMP3jPLAYLISTS.inline_2 = [\n\t{ name: \"4\", formats: [\"wav\"], mp3: \"aHR0cHM6Ly9seW9uYm9uZHlibG9nLmZyL0xCQi93cC1jb250ZW50L3VwbG9hZHMvMjAxOS8wNy80Lndhdg==\", counterpart:\"\", artist: \"\", image: \"\", imgurl: \"\" }\n];\n<\/script>\n\n<script>MP3jPLAYERS[2] = { list: MP3jPLAYLISTS.inline_2, tr:0, type:'single', lstate:'', loop:false, play_txt:'&nbsp;&nbsp;&nbsp;&nbsp;&nbsp;', pause_txt:'&nbsp;&nbsp;&nbsp;&nbsp;&nbsp;', pp_title:'', autoplay:false, download:false, vol:85, height:'' };<\/script>\n<p>La famille s\u2019est donc plac\u00e9e \u00e0 proximit\u00e9 de l\u2019\u00e9cole pour continuer \u00e0 scolariser les enfants car c\u2019est tr\u00e8s important pour eux. En plus de l\u2019aide des associations et des parents, la famille va aux Restos du C\u0153ur ou la Soupe populaire deux fois dans la semaine. Elle appelle pratiquement tous les jours le 115, le num\u00e9ro d\u2019urgence pour les sans-abris. Si c\u2019\u00e9tait d\u00e9j\u00e0 difficile jusqu\u2019\u00e0 maintenant, la fermeture de l\u2019\u00e9cole complique encore plus la t\u00e2che.<\/p>\n<div id=\"mp3jWrap_3\" class=\"mjp-s-wrapper s-graphic unsel-mjp \" style=\"font-size:18px;\"><span id=\"playpause_wrap_mp3j_3\" class=\"wrap_inline_mp3j\" style=\"font-weight:700;\"><span class=\"gfxbutton_mp3j play-mjp\" id=\"playpause_mp3j_3\" style=\"font-size:18px;\">&nbsp;&nbsp;&nbsp;&nbsp;&nbsp;<\/span>&nbsp;<span class=\"group_wrap\"><span class=\"bars_mp3j\"><span class=\"loadB_mp3j\" id=\"load_mp3j_3\"><\/span><span class=\"posbarB_mp3j\" id=\"posbar_mp3j_3\"><\/span><\/span><span class=\"T_mp3j\" id=\"T_mp3j_3\" style=\"font-size:18px;\">3<\/span><span class=\"indi_mp3j\" style=\"font-size:12.6px;\" id=\"statusMI_3\"><\/span><\/span><span class=\"vol_mp3j flipped\" id=\"vol_mp3j_3\"><\/span><\/span><\/div><span class=\"s-nosolution\" id=\"mp3j_nosolution_3\" style=\"display:none;\"><\/span><script>\nMP3jPLAYLISTS.inline_3 = [\n\t{ name: \"3\", formats: [\"wav\"], mp3: \"aHR0cHM6Ly9seW9uYm9uZHlibG9nLmZyL0xCQi93cC1jb250ZW50L3VwbG9hZHMvMjAxOS8wNy8zLndhdg==\", counterpart:\"\", artist: \"\", image: \"\", imgurl: \"\" }\n];\n<\/script>\n\n<script>MP3jPLAYERS[3] = { list: MP3jPLAYLISTS.inline_3, tr:0, type:'single', lstate:'', loop:false, play_txt:'&nbsp;&nbsp;&nbsp;&nbsp;&nbsp;', pause_txt:'&nbsp;&nbsp;&nbsp;&nbsp;&nbsp;', pp_title:'', autoplay:false, download:false, vol:85, height:'' };<\/script>\n<h4>\u00ab\u00a0Une souffrance psychologique pour les parents et les enfants\u00a0\u00bb<\/h4>\n<p>Si ce n\u2019est pas simple pour la famille en question, c\u2019est \u00e9galement difficile pour les parents d\u2019\u00e9l\u00e8ves et les professeurs. Pour autant, les professeurs ne laissent pas sentir la souffrance des \u00e9l\u00e8ves, et il n\u2019y aucune diff\u00e9rence entre les \u00e9l\u00e8ves. Mais ce n\u2019est pas assez. Les parents sont contents que la mairie paye la cantine et que des policiers passent parfois voir si tout va bien. Mais ils voudraient que la mairie leur trouve un logement local car les enfants ont commenc\u00e9 \u00e0 tisser des liens et ne voudraient pas devoir tout recommencer. Selon Lily Tse Ve Koon, parent d\u00e9l\u00e9gu\u00e9e suppl\u00e9ante et pr\u00e9sente dans le collectif \u00ab\u00a0Jamais sans toit\u00a0\u00bb, c\u2019est une \u00ab\u00a0<em>non-assistance \u00e0 personne en danger<\/em>\u00a0\u00bb. Et ces \u00e9l\u00e9ments cr\u00e9ent une \u00ab\u00a0<em>souffrance psychologique<\/em>\u00a0\u00bb pour les parents et les enfants. Pour essayer de faire avancer les choses, Isabelle Manet a cr\u00e9\u00e9 une cagnotte Leetchi qui a d\u00e9j\u00e0 r\u00e9colt\u00e9 400 euros. Il n\u2019y a pas d\u2019objectif particulier, mais il faudrait que les dons se poursuivent. S\u2019il n\u2019y a plus rien \u00e0 donner le mois prochain, ce sera un gros probl\u00e8me. Surtout avec la fermeture de l\u2019\u00e9cole, les parents se demandent si la mairie va encore contribuer durant les vacances.<\/p>\n<div id=\"mp3jWrap_4\" class=\"mjp-s-wrapper s-graphic unsel-mjp \" style=\"font-size:18px;\"><span id=\"playpause_wrap_mp3j_4\" class=\"wrap_inline_mp3j\" style=\"font-weight:700;\"><span class=\"gfxbutton_mp3j play-mjp\" id=\"playpause_mp3j_4\" style=\"font-size:18px;\">&nbsp;&nbsp;&nbsp;&nbsp;&nbsp;<\/span>&nbsp;<span class=\"group_wrap\"><span class=\"bars_mp3j\"><span class=\"loadB_mp3j\" id=\"load_mp3j_4\"><\/span><span class=\"posbarB_mp3j\" id=\"posbar_mp3j_4\"><\/span><\/span><span class=\"T_mp3j\" id=\"T_mp3j_4\" style=\"font-size:18px;\">5<\/span><span class=\"indi_mp3j\" style=\"font-size:12.6px;\" id=\"statusMI_4\"><\/span><\/span><span class=\"vol_mp3j flipped\" id=\"vol_mp3j_4\"><\/span><\/span><\/div><span class=\"s-nosolution\" id=\"mp3j_nosolution_4\" style=\"display:none;\"><\/span><script>\nMP3jPLAYLISTS.inline_4 = [\n\t{ name: \"5\", formats: [\"wav\"], mp3: \"aHR0cHM6Ly9seW9uYm9uZHlibG9nLmZyL0xCQi93cC1jb250ZW50L3VwbG9hZHMvMjAxOS8wNy81Lndhdg==\", counterpart:\"\", artist: \"\", image: \"\", imgurl: \"\" }\n];\n<\/script>\n\n<script>MP3jPLAYERS[4] = { list: MP3jPLAYLISTS.inline_4, tr:0, type:'single', lstate:'', loop:false, play_txt:'&nbsp;&nbsp;&nbsp;&nbsp;&nbsp;', pause_txt:'&nbsp;&nbsp;&nbsp;&nbsp;&nbsp;', pp_title:'', autoplay:false, download:false, vol:85, height:'' };<\/script>\n<!-- AddThis Advanced Settings generic via filter on the_content --><!-- AddThis Share Buttons generic via filter on the_content -->","protected":false},"excerpt":{"rendered":"<p>Vendredi 5 juillet, le collectif \u00ab\u00a0Jamais sans toit\u00a0\u00bb organisait une manifestation devant l\u2019\u00e9cole Jean Moulin \u00e0 Bron, afin d\u2019aider des enfants scolaris\u00e9s dans l\u2019\u00e9cole n\u2019ayant &hellip; <!-- AddThis Advanced Settings generic via filter on wp_trim_excerpt --><!-- AddThis Share Buttons generic via filter on wp_trim_excerpt --><\/p>\n","protected":false},"author":15906,"featured_media":17377,"comment_status":"open","ping_status":"open","sticky":false,"template":"","format":"standard","meta":{"_FSMCFIC_featured_image_caption":"","_FSMCFIC_featured_image_nocaption":"","_FSMCFIC_featured_image_hide":"","footnotes":""},"categories":[6443,3517,5324,6447,6506],"tags":[],"class_list":["post-17373","post","type-post","status-publish","format-standard","has-post-thumbnail","hentry","category-association","category-education","category-jeunesse","category-manifestations","category-solidarite"],"yoast_head":"<!-- This site is optimized with the Yoast SEO plugin v22.8 - https:\/\/yoast.com\/wordpress\/plugins\/seo\/ -->\n<title>Des enfants scolaris\u00e9s \u00ab n\u2019ont pas de chez eux \u00bb - Lyon Bondy Blog<\/title>\n<meta name=\"robots\" content=\"index, follow, max-snippet:-1, max-image-preview:large, max-video-preview:-1\" \/>\n<link rel=\"canonical\" href=\"https:\/\/lyonbondyblog.fr\/LBB\/des-enfants-scolarises-nont-pas-de-chez-eux\/\" \/>\n<meta property=\"og:locale\" content=\"fr_FR\" \/>\n<meta property=\"og:type\" content=\"article\" \/>\n<meta property=\"og:title\" content=\"Des enfants scolaris\u00e9s \u00ab n\u2019ont pas de chez eux \u00bb - Lyon Bondy Blog\" \/>\n<meta property=\"og:description\" content=\"Vendredi 5 juillet, le collectif \u00ab\u00a0Jamais sans toit\u00a0\u00bb organisait une manifestation devant l\u2019\u00e9cole Jean Moulin \u00e0 Bron, afin d\u2019aider des enfants scolaris\u00e9s dans l\u2019\u00e9cole n\u2019ayant &hellip;\" \/>\n<meta property=\"og:url\" content=\"https:\/\/lyonbondyblog.fr\/LBB\/des-enfants-scolarises-nont-pas-de-chez-eux\/\" \/>\n<meta property=\"og:site_name\" content=\"Lyon Bondy Blog\" \/>\n<meta property=\"article:publisher\" content=\"https:\/\/www.facebook.com\/lyonbondyblog\" \/>\n<meta property=\"article:published_time\" content=\"2019-07-07T12:07:57+00:00\" \/>\n<meta property=\"article:modified_time\" content=\"2019-07-11T12:54:53+00:00\" \/>\n<meta property=\"og:image\" content=\"https:\/\/lyonbondyblog.fr\/LBB\/wp-content\/uploads\/2019\/07\/20190705_084813-1024x768.jpg\" \/>\n\t<meta property=\"og:image:width\" content=\"1024\" \/>\n\t<meta property=\"og:image:height\" content=\"768\" \/>\n\t<meta property=\"og:image:type\" content=\"image\/jpeg\" \/>\n<meta name=\"author\" content=\"Adrien Chatre\" \/>\n<meta name=\"twitter:card\" content=\"summary_large_image\" \/>\n<meta name=\"twitter:creator\" content=\"@bondybloglyon\" \/>\n<meta name=\"twitter:site\" content=\"@bondybloglyon\" \/>\n<script type=\"application\/ld+json\" class=\"yoast-schema-graph\">{\"@context\":\"https:\/\/schema.org\",\"@graph\":[{\"@type\":\"Article\",\"@id\":\"https:\/\/lyonbondyblog.fr\/LBB\/des-enfants-scolarises-nont-pas-de-chez-eux\/#article\",\"isPartOf\":{\"@id\":\"https:\/\/lyonbondyblog.fr\/LBB\/des-enfants-scolarises-nont-pas-de-chez-eux\/\"},\"author\":{\"name\":\"Adrien Chatre\",\"@id\":\"https:\/\/lyonbondyblog.fr\/LBB\/#\/schema\/person\/50abd5936f54baddb9d85897ed7ce264\"},\"headline\":\"Des enfants scolaris\u00e9s \u00ab n\u2019ont pas de chez eux \u00bb\",\"datePublished\":\"2019-07-07T12:07:57+00:00\",\"dateModified\":\"2019-07-11T12:54:53+00:00\",\"mainEntityOfPage\":{\"@id\":\"https:\/\/lyonbondyblog.fr\/LBB\/des-enfants-scolarises-nont-pas-de-chez-eux\/\"},\"wordCount\":949,\"commentCount\":0,\"publisher\":{\"@id\":\"https:\/\/lyonbondyblog.fr\/LBB\/#organization\"},\"image\":{\"@id\":\"https:\/\/lyonbondyblog.fr\/LBB\/des-enfants-scolarises-nont-pas-de-chez-eux\/#primaryimage\"},\"thumbnailUrl\":\"https:\/\/lyonbondyblog.fr\/LBB\/wp-content\/uploads\/2019\/07\/20190705_084813.jpg\",\"articleSection\":[\"Association\",\"Education\",\"Jeunesse\",\"Manifestations\",\"Solidarit\u00e9\"],\"inLanguage\":\"fr-FR\",\"potentialAction\":[{\"@type\":\"CommentAction\",\"name\":\"Comment\",\"target\":[\"https:\/\/lyonbondyblog.fr\/LBB\/des-enfants-scolarises-nont-pas-de-chez-eux\/#respond\"]}]},{\"@type\":\"WebPage\",\"@id\":\"https:\/\/lyonbondyblog.fr\/LBB\/des-enfants-scolarises-nont-pas-de-chez-eux\/\",\"url\":\"https:\/\/lyonbondyblog.fr\/LBB\/des-enfants-scolarises-nont-pas-de-chez-eux\/\",\"name\":\"Des enfants scolaris\u00e9s \u00ab n\u2019ont pas de chez eux \u00bb - Lyon Bondy Blog\",\"isPartOf\":{\"@id\":\"https:\/\/lyonbondyblog.fr\/LBB\/#website\"},\"primaryImageOfPage\":{\"@id\":\"https:\/\/lyonbondyblog.fr\/LBB\/des-enfants-scolarises-nont-pas-de-chez-eux\/#primaryimage\"},\"image\":{\"@id\":\"https:\/\/lyonbondyblog.fr\/LBB\/des-enfants-scolarises-nont-pas-de-chez-eux\/#primaryimage\"},\"thumbnailUrl\":\"https:\/\/lyonbondyblog.fr\/LBB\/wp-content\/uploads\/2019\/07\/20190705_084813.jpg\",\"datePublished\":\"2019-07-07T12:07:57+00:00\",\"dateModified\":\"2019-07-11T12:54:53+00:00\",\"inLanguage\":\"fr-FR\",\"potentialAction\":[{\"@type\":\"ReadAction\",\"target\":[\"https:\/\/lyonbondyblog.fr\/LBB\/des-enfants-scolarises-nont-pas-de-chez-eux\/\"]}]},{\"@type\":\"ImageObject\",\"inLanguage\":\"fr-FR\",\"@id\":\"https:\/\/lyonbondyblog.fr\/LBB\/des-enfants-scolarises-nont-pas-de-chez-eux\/#primaryimage\",\"url\":\"https:\/\/lyonbondyblog.fr\/LBB\/wp-content\/uploads\/2019\/07\/20190705_084813.jpg\",\"contentUrl\":\"https:\/\/lyonbondyblog.fr\/LBB\/wp-content\/uploads\/2019\/07\/20190705_084813.jpg\",\"width\":4128,\"height\":3096,\"caption\":\"\\\"Jamais sans toi\\\" et la FCPE se tiennent devant l'\u00e9cole lors de la manifestation\"},{\"@type\":\"WebSite\",\"@id\":\"https:\/\/lyonbondyblog.fr\/LBB\/#website\",\"url\":\"https:\/\/lyonbondyblog.fr\/LBB\/\",\"name\":\"Lyon Bondy Blog\",\"description\":\"\",\"publisher\":{\"@id\":\"https:\/\/lyonbondyblog.fr\/LBB\/#organization\"},\"potentialAction\":[{\"@type\":\"SearchAction\",\"target\":{\"@type\":\"EntryPoint\",\"urlTemplate\":\"https:\/\/lyonbondyblog.fr\/LBB\/?s={search_term_string}\"},\"query-input\":\"required name=search_term_string\"}],\"inLanguage\":\"fr-FR\"},{\"@type\":\"Organization\",\"@id\":\"https:\/\/lyonbondyblog.fr\/LBB\/#organization\",\"name\":\"LYON BONDY BLOG\",\"url\":\"https:\/\/lyonbondyblog.fr\/LBB\/\",\"logo\":{\"@type\":\"ImageObject\",\"inLanguage\":\"fr-FR\",\"@id\":\"https:\/\/lyonbondyblog.fr\/LBB\/#\/schema\/logo\/image\/\",\"url\":\"http:\/\/lyonbondyblog.fr\/LBB\/wp-content\/uploads\/2014\/10\/logo-portable-144.png\",\"contentUrl\":\"http:\/\/lyonbondyblog.fr\/LBB\/wp-content\/uploads\/2014\/10\/logo-portable-144.png\",\"width\":144,\"height\":123,\"caption\":\"LYON BONDY BLOG\"},\"image\":{\"@id\":\"https:\/\/lyonbondyblog.fr\/LBB\/#\/schema\/logo\/image\/\"},\"sameAs\":[\"https:\/\/www.facebook.com\/lyonbondyblog\",\"https:\/\/x.com\/bondybloglyon\"]},{\"@type\":\"Person\",\"@id\":\"https:\/\/lyonbondyblog.fr\/LBB\/#\/schema\/person\/50abd5936f54baddb9d85897ed7ce264\",\"name\":\"Adrien Chatre\",\"sameAs\":[\"https:\/\/www.linkedin.com\/in\/adrienchatre-journalisme\/\"],\"url\":\"https:\/\/lyonbondyblog.fr\/LBB\/author\/adrien-chatre\/\"}]}<\/script>\n<!-- \/ Yoast SEO plugin. -->","yoast_head_json":{"title":"Des enfants scolaris\u00e9s \u00ab n\u2019ont pas de chez eux \u00bb - Lyon Bondy Blog","robots":{"index":"index","follow":"follow","max-snippet":"max-snippet:-1","max-image-preview":"max-image-preview:large","max-video-preview":"max-video-preview:-1"},"canonical":"https:\/\/lyonbondyblog.fr\/LBB\/des-enfants-scolarises-nont-pas-de-chez-eux\/","og_locale":"fr_FR","og_type":"article","og_title":"Des enfants scolaris\u00e9s \u00ab n\u2019ont pas de chez eux \u00bb - Lyon Bondy Blog","og_description":"Vendredi 5 juillet, le collectif \u00ab\u00a0Jamais sans toit\u00a0\u00bb organisait une manifestation devant l\u2019\u00e9cole Jean Moulin \u00e0 Bron, afin d\u2019aider des enfants scolaris\u00e9s dans l\u2019\u00e9cole n\u2019ayant &hellip;","og_url":"https:\/\/lyonbondyblog.fr\/LBB\/des-enfants-scolarises-nont-pas-de-chez-eux\/","og_site_name":"Lyon Bondy Blog","article_publisher":"https:\/\/www.facebook.com\/lyonbondyblog","article_published_time":"2019-07-07T12:07:57+00:00","article_modified_time":"2019-07-11T12:54:53+00:00","og_image":[{"width":1024,"height":768,"url":"https:\/\/lyonbondyblog.fr\/LBB\/wp-content\/uploads\/2019\/07\/20190705_084813-1024x768.jpg","type":"image\/jpeg"}],"author":"Adrien Chatre","twitter_card":"summary_large_image","twitter_creator":"@bondybloglyon","twitter_site":"@bondybloglyon","schema":{"@context":"https:\/\/schema.org","@graph":[{"@type":"Article","@id":"https:\/\/lyonbondyblog.fr\/LBB\/des-enfants-scolarises-nont-pas-de-chez-eux\/#article","isPartOf":{"@id":"https:\/\/lyonbondyblog.fr\/LBB\/des-enfants-scolarises-nont-pas-de-chez-eux\/"},"author":{"name":"Adrien Chatre","@id":"https:\/\/lyonbondyblog.fr\/LBB\/#\/schema\/person\/50abd5936f54baddb9d85897ed7ce264"},"headline":"Des enfants scolaris\u00e9s \u00ab n\u2019ont pas de chez eux \u00bb","datePublished":"2019-07-07T12:07:57+00:00","dateModified":"2019-07-11T12:54:53+00:00","mainEntityOfPage":{"@id":"https:\/\/lyonbondyblog.fr\/LBB\/des-enfants-scolarises-nont-pas-de-chez-eux\/"},"wordCount":949,"commentCount":0,"publisher":{"@id":"https:\/\/lyonbondyblog.fr\/LBB\/#organization"},"image":{"@id":"https:\/\/lyonbondyblog.fr\/LBB\/des-enfants-scolarises-nont-pas-de-chez-eux\/#primaryimage"},"thumbnailUrl":"https:\/\/lyonbondyblog.fr\/LBB\/wp-content\/uploads\/2019\/07\/20190705_084813.jpg","articleSection":["Association","Education","Jeunesse","Manifestations","Solidarit\u00e9"],"inLanguage":"fr-FR","potentialAction":[{"@type":"CommentAction","name":"Comment","target":["https:\/\/lyonbondyblog.fr\/LBB\/des-enfants-scolarises-nont-pas-de-chez-eux\/#respond"]}]},{"@type":"WebPage","@id":"https:\/\/lyonbondyblog.fr\/LBB\/des-enfants-scolarises-nont-pas-de-chez-eux\/","url":"https:\/\/lyonbondyblog.fr\/LBB\/des-enfants-scolarises-nont-pas-de-chez-eux\/","name":"Des enfants scolaris\u00e9s \u00ab n\u2019ont pas de chez eux \u00bb - Lyon Bondy Blog","isPartOf":{"@id":"https:\/\/lyonbondyblog.fr\/LBB\/#website"},"primaryImageOfPage":{"@id":"https:\/\/lyonbondyblog.fr\/LBB\/des-enfants-scolarises-nont-pas-de-chez-eux\/#primaryimage"},"image":{"@id":"https:\/\/lyonbondyblog.fr\/LBB\/des-enfants-scolarises-nont-pas-de-chez-eux\/#primaryimage"},"thumbnailUrl":"https:\/\/lyonbondyblog.fr\/LBB\/wp-content\/uploads\/2019\/07\/20190705_084813.jpg","datePublished":"2019-07-07T12:07:57+00:00","dateModified":"2019-07-11T12:54:53+00:00","inLanguage":"fr-FR","potentialAction":[{"@type":"ReadAction","target":["https:\/\/lyonbondyblog.fr\/LBB\/des-enfants-scolarises-nont-pas-de-chez-eux\/"]}]},{"@type":"ImageObject","inLanguage":"fr-FR","@id":"https:\/\/lyonbondyblog.fr\/LBB\/des-enfants-scolarises-nont-pas-de-chez-eux\/#primaryimage","url":"https:\/\/lyonbondyblog.fr\/LBB\/wp-content\/uploads\/2019\/07\/20190705_084813.jpg","contentUrl":"https:\/\/lyonbondyblog.fr\/LBB\/wp-content\/uploads\/2019\/07\/20190705_084813.jpg","width":4128,"height":3096,"caption":"\"Jamais sans toi\" et la FCPE se tiennent devant l'\u00e9cole lors de la manifestation"},{"@type":"WebSite","@id":"https:\/\/lyonbondyblog.fr\/LBB\/#website","url":"https:\/\/lyonbondyblog.fr\/LBB\/","name":"Lyon Bondy Blog","description":"","publisher":{"@id":"https:\/\/lyonbondyblog.fr\/LBB\/#organization"},"potentialAction":[{"@type":"SearchAction","target":{"@type":"EntryPoint","urlTemplate":"https:\/\/lyonbondyblog.fr\/LBB\/?s={search_term_string}"},"query-input":"required name=search_term_string"}],"inLanguage":"fr-FR"},{"@type":"Organization","@id":"https:\/\/lyonbondyblog.fr\/LBB\/#organization","name":"LYON BONDY BLOG","url":"https:\/\/lyonbondyblog.fr\/LBB\/","logo":{"@type":"ImageObject","inLanguage":"fr-FR","@id":"https:\/\/lyonbondyblog.fr\/LBB\/#\/schema\/logo\/image\/","url":"http:\/\/lyonbondyblog.fr\/LBB\/wp-content\/uploads\/2014\/10\/logo-portable-144.png","contentUrl":"http:\/\/lyonbondyblog.fr\/LBB\/wp-content\/uploads\/2014\/10\/logo-portable-144.png","width":144,"height":123,"caption":"LYON BONDY BLOG"},"image":{"@id":"https:\/\/lyonbondyblog.fr\/LBB\/#\/schema\/logo\/image\/"},"sameAs":["https:\/\/www.facebook.com\/lyonbondyblog","https:\/\/x.com\/bondybloglyon"]},{"@type":"Person","@id":"https:\/\/lyonbondyblog.fr\/LBB\/#\/schema\/person\/50abd5936f54baddb9d85897ed7ce264","name":"Adrien Chatre","sameAs":["https:\/\/www.linkedin.com\/in\/adrienchatre-journalisme\/"],"url":"https:\/\/lyonbondyblog.fr\/LBB\/author\/adrien-chatre\/"}]}},"_links":{"self":[{"href":"https:\/\/lyonbondyblog.fr\/LBB\/wp-json\/wp\/v2\/posts\/17373","targetHints":{"allow":["GET"]}}],"collection":[{"href":"https:\/\/lyonbondyblog.fr\/LBB\/wp-json\/wp\/v2\/posts"}],"about":[{"href":"https:\/\/lyonbondyblog.fr\/LBB\/wp-json\/wp\/v2\/types\/post"}],"author":[{"embeddable":true,"href":"https:\/\/lyonbondyblog.fr\/LBB\/wp-json\/wp\/v2\/users\/15906"}],"replies":[{"embeddable":true,"href":"https:\/\/lyonbondyblog.fr\/LBB\/wp-json\/wp\/v2\/comments?post=17373"}],"version-history":[{"count":16,"href":"https:\/\/lyonbondyblog.fr\/LBB\/wp-json\/wp\/v2\/posts\/17373\/revisions"}],"predecessor-version":[{"id":17408,"href":"https:\/\/lyonbondyblog.fr\/LBB\/wp-json\/wp\/v2\/posts\/17373\/revisions\/17408"}],"wp:featuredmedia":[{"embeddable":true,"href":"https:\/\/lyonbondyblog.fr\/LBB\/wp-json\/wp\/v2\/media\/17377"}],"wp:attachment":[{"href":"https:\/\/lyonbondyblog.fr\/LBB\/wp-json\/wp\/v2\/media?parent=17373"}],"wp:term":[{"taxonomy":"category","embeddable":true,"href":"https:\/\/lyonbondyblog.fr\/LBB\/wp-json\/wp\/v2\/categories?post=17373"},{"taxonomy":"post_tag","embeddable":true,"href":"https:\/\/lyonbondyblog.fr\/LBB\/wp-json\/wp\/v2\/tags?post=17373"}],"curies":[{"name":"wp","href":"https:\/\/api.w.org\/{rel}","templated":true}]}}