{"id":1725,"date":"2011-11-29T12:10:34","date_gmt":"2011-11-29T11:10:34","guid":{"rendered":"http:\/\/lyonbondyblog.fr\/LBB\/?p=1725"},"modified":"2013-07-26T12:14:25","modified_gmt":"2013-07-26T10:14:25","slug":"1725","status":"publish","type":"post","link":"https:\/\/lyonbondyblog.fr\/LBB\/1725\/","title":{"rendered":"[Forum Lib\u00e9] Lib\u00e9ration et la tourmente de la presse"},"content":{"rendered":"<p><strong>Fran\u00e7ois Sergent et Nicolas Demorand (parmi 5 autres journalistes du quotidien) r\u00e9pondent aux questions des visiteurs du Forum Lib\u00e9. Au rythme des diff\u00e9rentes questions de la salle les journalistes d\u00e9finissent en premier lieu ce qui fait la marque de fabrique du journal Lib\u00e9ration\u00a0: l\u2019impertinence. Ils ont \u00e9galement \u00e0 c\u0153ur tous les sujets qui mettent en lumi\u00e8re les probl\u00e9matiques contemporaines, en essayant de rendre publiques et accessibles les d\u00e9couvertes technologiques ou scientifiques.<\/strong><\/p>\n<div><a title=\" -- Cliquez pour voir l'image en entier\" href=\"http:\/\/yahoo.lyon.bondyblog.fr\/images\/logo_libe_1.jpg\" target=\"_blank\"> <img loading=\"lazy\" decoding=\"async\" class=\"alignleft\" style=\"border: 0px none;\" alt=\" -- Cliquez pour voir l'image en entier\" src=\"http:\/\/yahoo.lyon.bondyblog.fr\/images\/logo_libe_1_t.jpg\" width=\"194\" height=\"129\" border=\"0\" \/> <\/a><\/div>\n<div>\u00a0Le but des journalistes de Lib\u00e9ration est de titiller l\u2019esprit des lecteurs, de les prendre \u00e0 rebrousse-poil parfois, mais non de leur imposer leurs id\u00e9es. Les articles nous aident \u00e0 avoir un recul critique par rapport \u00e0 tel ou tel \u00e9v\u00e8nement et \u00e0 aiguiser notre esprit critique. \u00a0\u00bb<i>Le r\u00f4le d\u2019un journal consiste \u00e0 procurer du plaisir \u00e0 la lecture et rien d\u2019autre<\/i>\u00a0\u00bb, affirme un des 5 journalistes.<\/div>\n<div><\/div>\n<p><strong>Journalisme<\/strong><\/p>\n<p>Sur ce point je ne le suis pas. Je suis plut\u00f4t partisane de l\u2019id\u00e9e selon laquelle on ne doit pas juste prendre du plaisir, on doit \u00eatre \u00ab\u00a0\u00e9branl\u00e9\u00a0\u00bb par l\u2019article, il doit remettre en cause notre vision du monde, on doit vouloir aller plus loin apr\u00e8s sa lecture. L\u2019article doit obligatoirement nous faire r\u00e9fl\u00e9chir ou nous faire d\u00e9couvrir une facette du monde ou d\u2019une soci\u00e9t\u00e9 m\u00e9connue jusque-l\u00e0. Alors bien s\u00fbr le plaisir que l\u2019on prend \u00e0 lire un article parce qu\u2019il est bien \u00e9crit est important, parce que cela nous facilite l\u2019acc\u00e8s \u00e0 l\u2019information qui nous est donn\u00e9e, mais ce ne doit pas \u00eatre le seul r\u00f4le d\u2019un article selon moi.<\/p>\n<p><strong>Parit\u00e9<\/strong><\/p>\n<p>Une autre question vient apr\u00e8s, un peu d\u00e9rangeante, celle du respect de la parit\u00e9 au sein de l\u2019\u00e9quipe de Lib\u00e9. Les avis sont partag\u00e9s. D\u2019un c\u00f4t\u00e9 un journaliste qui nie toute faible pr\u00e9sence f\u00e9minine dans la r\u00e9daction et de l\u2019autre Fran\u00e7ois Sergent qui avoue que les femmes ont tr\u00e8s peu souvent une place de choix dans la direction de la r\u00e9daction. En effet 2 femmes sur 7 sont pr\u00e9sentes dans l\u2019\u00e9quipe de direction. Il avance l\u2019explication du fonctionnement de la vie de couple, c\u2019est-\u00e0-dire que les horaires un peu difficiles (notamment le soir) ne conviennent pas aux femmes alors que \u00e7a n\u2019est pas un obstacle pour les hommes. Bien s\u00fbr la direction pourrait changer le fonctionnement de la r\u00e9daction mais nous n\u2019en sommes pas encore l\u00e0. Finalement tout \u00e7a pour dire que comme toute autre entreprise la parit\u00e9 homme\/femme n\u2019est pas encore d\u2019actualit\u00e9 surtout en ce qui concerne les postes \u00e0 responsabilit\u00e9s.<\/p>\n<p><strong>Avenir<\/strong><\/p>\n<p>Des \u00e9tudiants dans la salle s\u2019interrogent, devant leur d\u00e9sir d\u2019int\u00e9grer le prestigieux m\u00e9tier de journaliste quelles sont leurs chances d\u2019y arriver un jour\u00a0? Nicolas Demorand leur r\u00e9pond d\u2019une mani\u00e8re tr\u00e8s claire mais tr\u00e8s pessimiste. Le secteur est actuellement bouch\u00e9, et ce depuis quelques temps d\u00e9j\u00e0, compl\u00e8tement bouch\u00e9. Il est tr\u00e8s difficile d\u2019y entrer et la p\u00e9nurie de postes \u00e0 pourvoir est un vrai probl\u00e8me (\u00e0 part dans les r\u00e9dactions web dans lesquelles la masse de travail est assommante), il faut s\u2019attendre \u00e0 avoir une situation pr\u00e9caire durant plusieurs ann\u00e9es. Ils nous am\u00e8nent \u00e9galement \u00e0 faire la distinction entre la notion de vouloir faire du journalisme (avec une volont\u00e9 d\u2019\u00e9crire, de prendre plaisir \u00e0 pratiquer ce m\u00e9tier) et la notion de vouloir \u00eatre journaliste (juste pour l\u2019id\u00e9e que l\u2019on se fait de la profession). Il est donc important de la pratiquer au quotidien afin de v\u00e9rifier qu\u2019il s\u2019agit vraiment de ce que l\u2019on compte faire.<\/p>\n<p><strong>Crise<\/strong><\/p>\n<p>Venons-en \u00e0 un aspect n\u00e9gatif mais n\u00e9anmoins r\u00e9el\u00a0: le d\u00e9clin de la presse en France, notamment la presse \u00e9crite. De moins en moins de gens ach\u00e8tent et lisent les journaux. Ils se tournent plut\u00f4t vers Internet, la presse t\u00e9l\u00e9vis\u00e9e ou encore radio. Cependant N.Demorand insiste sur le fait qu\u2019il ne peut y avoir de syst\u00e8me d\u00e9mocratique sans une presse de qualit\u00e9. Or pour produire une information de qualit\u00e9 il faut n\u00e9cessairement des ressources financi\u00e8res, ces m\u00eames ressources qui manquent dans certains supports alternatifs (comme certains blogs par exemple ou \u00ab\u00a0Rue 89&Prime; qui regroupe des informations composites rarement de bonne qualit\u00e9 selon N.Demorand). La solution qui semble s\u2019imposer afin de pallier \u00e0 ce d\u00e9clin est l\u2019utilisation des nouveaux supports num\u00e9riques tels que les tablettes. Elles repr\u00e9sentent l\u2019avenir de la presse \u00e9crite car leur mode de fonctionnement permet d\u2019int\u00e9grer vid\u00e9os, sons, liens qui sont utilis\u00e9s d\u2019une mani\u00e8re tr\u00e8s maniable pour les lecteurs (bonne prise en main). De plus elles permettent d\u2019am\u00e9liorer la mise en sc\u00e8ne de l\u2019information sur les maquettes, mieux que sur les blogs classiques.<\/p>\n<p>N\u00e9anmoins le m\u00e9tier de journaliste est un m\u00e9tier formidable selon F.Sergent, \u00ab\u00a0coller\u00a0\u00bb \u00e0 l\u2019actualit\u00e9 est une aventure du quotidien et une profession passionnante qui se renouv\u00e8le \u00e0 chaque instant. C\u2019est pourquoi les journaux m\u00e9ritent de survivre ainsi qu\u2019une presse de qualit\u00e9.<\/p>\n<p>Le Lyon Bondy Blog n\u2019a plus qu\u2019\u00e0 suivre ces pr\u00e9cieux conseils\u00a0!<\/p>\n<!-- AddThis Advanced Settings generic via filter on the_content --><!-- AddThis Share Buttons generic via filter on the_content -->","protected":false},"excerpt":{"rendered":"<p>Fran\u00e7ois Sergent et Nicolas Demorand (parmi 5 autres journalistes du quotidien) r\u00e9pondent aux questions des visiteurs du Forum Lib\u00e9. Au rythme des diff\u00e9rentes questions de &hellip; <!-- AddThis Advanced Settings generic via filter on wp_trim_excerpt --><!-- AddThis Share Buttons generic via filter on wp_trim_excerpt --><\/p>\n","protected":false},"author":1,"featured_media":1731,"comment_status":"open","ping_status":"open","sticky":false,"template":"","format":"standard","meta":{"_FSMCFIC_featured_image_caption":"","_FSMCFIC_featured_image_nocaption":"","_FSMCFIC_featured_image_hide":"","footnotes":""},"categories":[4],"tags":[10,112],"class_list":["post-1725","post","type-post","status-publish","format-standard","has-post-thumbnail","hentry","category-lyon","tag-lyon-2","tag-lyon-bondy-blog"],"yoast_head":"<!-- This site is optimized with the Yoast SEO plugin v22.8 - https:\/\/yoast.com\/wordpress\/plugins\/seo\/ -->\n<title>[Forum Lib\u00e9] Lib\u00e9ration et la tourmente de la presse - Lyon Bondy Blog<\/title>\n<meta name=\"robots\" content=\"index, follow, max-snippet:-1, max-image-preview:large, max-video-preview:-1\" \/>\n<link rel=\"canonical\" href=\"https:\/\/lyonbondyblog.fr\/LBB\/1725\/\" \/>\n<meta property=\"og:locale\" content=\"fr_FR\" \/>\n<meta property=\"og:type\" content=\"article\" \/>\n<meta property=\"og:title\" content=\"[Forum Lib\u00e9] Lib\u00e9ration et la tourmente de la presse - Lyon Bondy Blog\" \/>\n<meta property=\"og:description\" content=\"Fran\u00e7ois Sergent et Nicolas Demorand (parmi 5 autres journalistes du quotidien) r\u00e9pondent aux questions des visiteurs du Forum Lib\u00e9. Au rythme des diff\u00e9rentes questions de &hellip;\" \/>\n<meta property=\"og:url\" content=\"https:\/\/lyonbondyblog.fr\/LBB\/1725\/\" \/>\n<meta property=\"og:site_name\" content=\"Lyon Bondy Blog\" \/>\n<meta property=\"article:publisher\" content=\"https:\/\/www.facebook.com\/lyonbondyblog\" \/>\n<meta property=\"article:author\" content=\"https:\/\/www.facebook.com\/lyonbondyblog\" \/>\n<meta property=\"article:published_time\" content=\"2011-11-29T11:10:34+00:00\" \/>\n<meta property=\"article:modified_time\" content=\"2013-07-26T10:14:25+00:00\" \/>\n<meta property=\"og:image\" content=\"https:\/\/lyonbondyblog.fr\/LBB\/wp-content\/uploads\/2013\/07\/logo_libe_1_t.jpg\" \/>\n\t<meta property=\"og:image:width\" content=\"194\" \/>\n\t<meta property=\"og:image:height\" content=\"129\" \/>\n\t<meta property=\"og:image:type\" content=\"image\/jpeg\" \/>\n<meta name=\"author\" content=\"La r\u00e9daction\" \/>\n<meta name=\"twitter:card\" content=\"summary_large_image\" \/>\n<meta name=\"twitter:creator\" content=\"@BondyBlogLyon\" \/>\n<meta name=\"twitter:site\" content=\"@bondybloglyon\" \/>\n<script type=\"application\/ld+json\" class=\"yoast-schema-graph\">{\"@context\":\"https:\/\/schema.org\",\"@graph\":[{\"@type\":\"Article\",\"@id\":\"https:\/\/lyonbondyblog.fr\/LBB\/1725\/#article\",\"isPartOf\":{\"@id\":\"https:\/\/lyonbondyblog.fr\/LBB\/1725\/\"},\"author\":{\"name\":\"La r\u00e9daction\",\"@id\":\"https:\/\/lyonbondyblog.fr\/LBB\/#\/schema\/person\/e45f8d27baac75072daa0be50c409b25\"},\"headline\":\"[Forum Lib\u00e9] Lib\u00e9ration et la tourmente de la presse\",\"datePublished\":\"2011-11-29T11:10:34+00:00\",\"dateModified\":\"2013-07-26T10:14:25+00:00\",\"mainEntityOfPage\":{\"@id\":\"https:\/\/lyonbondyblog.fr\/LBB\/1725\/\"},\"wordCount\":911,\"commentCount\":0,\"publisher\":{\"@id\":\"https:\/\/lyonbondyblog.fr\/LBB\/#organization\"},\"image\":{\"@id\":\"https:\/\/lyonbondyblog.fr\/LBB\/1725\/#primaryimage\"},\"thumbnailUrl\":\"https:\/\/lyonbondyblog.fr\/LBB\/wp-content\/uploads\/2013\/07\/logo_libe_1_t.jpg\",\"keywords\":[\"lyon\",\"Lyon Bondy Blog\"],\"articleSection\":[\"Lyon\"],\"inLanguage\":\"fr-FR\",\"potentialAction\":[{\"@type\":\"CommentAction\",\"name\":\"Comment\",\"target\":[\"https:\/\/lyonbondyblog.fr\/LBB\/1725\/#respond\"]}]},{\"@type\":\"WebPage\",\"@id\":\"https:\/\/lyonbondyblog.fr\/LBB\/1725\/\",\"url\":\"https:\/\/lyonbondyblog.fr\/LBB\/1725\/\",\"name\":\"[Forum Lib\u00e9] Lib\u00e9ration et la tourmente de la presse - Lyon Bondy Blog\",\"isPartOf\":{\"@id\":\"https:\/\/lyonbondyblog.fr\/LBB\/#website\"},\"primaryImageOfPage\":{\"@id\":\"https:\/\/lyonbondyblog.fr\/LBB\/1725\/#primaryimage\"},\"image\":{\"@id\":\"https:\/\/lyonbondyblog.fr\/LBB\/1725\/#primaryimage\"},\"thumbnailUrl\":\"https:\/\/lyonbondyblog.fr\/LBB\/wp-content\/uploads\/2013\/07\/logo_libe_1_t.jpg\",\"datePublished\":\"2011-11-29T11:10:34+00:00\",\"dateModified\":\"2013-07-26T10:14:25+00:00\",\"inLanguage\":\"fr-FR\",\"potentialAction\":[{\"@type\":\"ReadAction\",\"target\":[\"https:\/\/lyonbondyblog.fr\/LBB\/1725\/\"]}]},{\"@type\":\"ImageObject\",\"inLanguage\":\"fr-FR\",\"@id\":\"https:\/\/lyonbondyblog.fr\/LBB\/1725\/#primaryimage\",\"url\":\"https:\/\/lyonbondyblog.fr\/LBB\/wp-content\/uploads\/2013\/07\/logo_libe_1_t.jpg\",\"contentUrl\":\"https:\/\/lyonbondyblog.fr\/LBB\/wp-content\/uploads\/2013\/07\/logo_libe_1_t.jpg\",\"width\":194,\"height\":129},{\"@type\":\"WebSite\",\"@id\":\"https:\/\/lyonbondyblog.fr\/LBB\/#website\",\"url\":\"https:\/\/lyonbondyblog.fr\/LBB\/\",\"name\":\"Lyon Bondy Blog\",\"description\":\"\",\"publisher\":{\"@id\":\"https:\/\/lyonbondyblog.fr\/LBB\/#organization\"},\"potentialAction\":[{\"@type\":\"SearchAction\",\"target\":{\"@type\":\"EntryPoint\",\"urlTemplate\":\"https:\/\/lyonbondyblog.fr\/LBB\/?s={search_term_string}\"},\"query-input\":\"required name=search_term_string\"}],\"inLanguage\":\"fr-FR\"},{\"@type\":\"Organization\",\"@id\":\"https:\/\/lyonbondyblog.fr\/LBB\/#organization\",\"name\":\"LYON BONDY BLOG\",\"url\":\"https:\/\/lyonbondyblog.fr\/LBB\/\",\"logo\":{\"@type\":\"ImageObject\",\"inLanguage\":\"fr-FR\",\"@id\":\"https:\/\/lyonbondyblog.fr\/LBB\/#\/schema\/logo\/image\/\",\"url\":\"http:\/\/lyonbondyblog.fr\/LBB\/wp-content\/uploads\/2014\/10\/logo-portable-144.png\",\"contentUrl\":\"http:\/\/lyonbondyblog.fr\/LBB\/wp-content\/uploads\/2014\/10\/logo-portable-144.png\",\"width\":144,\"height\":123,\"caption\":\"LYON BONDY BLOG\"},\"image\":{\"@id\":\"https:\/\/lyonbondyblog.fr\/LBB\/#\/schema\/logo\/image\/\"},\"sameAs\":[\"https:\/\/www.facebook.com\/lyonbondyblog\",\"https:\/\/x.com\/bondybloglyon\"]},{\"@type\":\"Person\",\"@id\":\"https:\/\/lyonbondyblog.fr\/LBB\/#\/schema\/person\/e45f8d27baac75072daa0be50c409b25\",\"name\":\"La r\u00e9daction\",\"description\":\"Cr\u00e9e en 2008, la r\u00e9daction du Lyon Bondy Blog s'applique \u00e0 proposer une information locale diff\u00e9rente et compl\u00e9mentaire des m\u00e9dias traditionnels.\",\"sameAs\":[\"https:\/\/www.facebook.com\/lyonbondyblog\",\"https:\/\/x.com\/BondyBlogLyon\"],\"url\":\"https:\/\/lyonbondyblog.fr\/LBB\/author\/admin\/\"}]}<\/script>\n<!-- \/ Yoast SEO plugin. -->","yoast_head_json":{"title":"[Forum Lib\u00e9] Lib\u00e9ration et la tourmente de la presse - Lyon Bondy Blog","robots":{"index":"index","follow":"follow","max-snippet":"max-snippet:-1","max-image-preview":"max-image-preview:large","max-video-preview":"max-video-preview:-1"},"canonical":"https:\/\/lyonbondyblog.fr\/LBB\/1725\/","og_locale":"fr_FR","og_type":"article","og_title":"[Forum Lib\u00e9] Lib\u00e9ration et la tourmente de la presse - Lyon Bondy Blog","og_description":"Fran\u00e7ois Sergent et Nicolas Demorand (parmi 5 autres journalistes du quotidien) r\u00e9pondent aux questions des visiteurs du Forum Lib\u00e9. Au rythme des diff\u00e9rentes questions de &hellip;","og_url":"https:\/\/lyonbondyblog.fr\/LBB\/1725\/","og_site_name":"Lyon Bondy Blog","article_publisher":"https:\/\/www.facebook.com\/lyonbondyblog","article_author":"https:\/\/www.facebook.com\/lyonbondyblog","article_published_time":"2011-11-29T11:10:34+00:00","article_modified_time":"2013-07-26T10:14:25+00:00","og_image":[{"width":194,"height":129,"url":"https:\/\/lyonbondyblog.fr\/LBB\/wp-content\/uploads\/2013\/07\/logo_libe_1_t.jpg","type":"image\/jpeg"}],"author":"La r\u00e9daction","twitter_card":"summary_large_image","twitter_creator":"@BondyBlogLyon","twitter_site":"@bondybloglyon","schema":{"@context":"https:\/\/schema.org","@graph":[{"@type":"Article","@id":"https:\/\/lyonbondyblog.fr\/LBB\/1725\/#article","isPartOf":{"@id":"https:\/\/lyonbondyblog.fr\/LBB\/1725\/"},"author":{"name":"La r\u00e9daction","@id":"https:\/\/lyonbondyblog.fr\/LBB\/#\/schema\/person\/e45f8d27baac75072daa0be50c409b25"},"headline":"[Forum Lib\u00e9] Lib\u00e9ration et la tourmente de la presse","datePublished":"2011-11-29T11:10:34+00:00","dateModified":"2013-07-26T10:14:25+00:00","mainEntityOfPage":{"@id":"https:\/\/lyonbondyblog.fr\/LBB\/1725\/"},"wordCount":911,"commentCount":0,"publisher":{"@id":"https:\/\/lyonbondyblog.fr\/LBB\/#organization"},"image":{"@id":"https:\/\/lyonbondyblog.fr\/LBB\/1725\/#primaryimage"},"thumbnailUrl":"https:\/\/lyonbondyblog.fr\/LBB\/wp-content\/uploads\/2013\/07\/logo_libe_1_t.jpg","keywords":["lyon","Lyon Bondy Blog"],"articleSection":["Lyon"],"inLanguage":"fr-FR","potentialAction":[{"@type":"CommentAction","name":"Comment","target":["https:\/\/lyonbondyblog.fr\/LBB\/1725\/#respond"]}]},{"@type":"WebPage","@id":"https:\/\/lyonbondyblog.fr\/LBB\/1725\/","url":"https:\/\/lyonbondyblog.fr\/LBB\/1725\/","name":"[Forum Lib\u00e9] Lib\u00e9ration et la tourmente de la presse - Lyon Bondy Blog","isPartOf":{"@id":"https:\/\/lyonbondyblog.fr\/LBB\/#website"},"primaryImageOfPage":{"@id":"https:\/\/lyonbondyblog.fr\/LBB\/1725\/#primaryimage"},"image":{"@id":"https:\/\/lyonbondyblog.fr\/LBB\/1725\/#primaryimage"},"thumbnailUrl":"https:\/\/lyonbondyblog.fr\/LBB\/wp-content\/uploads\/2013\/07\/logo_libe_1_t.jpg","datePublished":"2011-11-29T11:10:34+00:00","dateModified":"2013-07-26T10:14:25+00:00","inLanguage":"fr-FR","potentialAction":[{"@type":"ReadAction","target":["https:\/\/lyonbondyblog.fr\/LBB\/1725\/"]}]},{"@type":"ImageObject","inLanguage":"fr-FR","@id":"https:\/\/lyonbondyblog.fr\/LBB\/1725\/#primaryimage","url":"https:\/\/lyonbondyblog.fr\/LBB\/wp-content\/uploads\/2013\/07\/logo_libe_1_t.jpg","contentUrl":"https:\/\/lyonbondyblog.fr\/LBB\/wp-content\/uploads\/2013\/07\/logo_libe_1_t.jpg","width":194,"height":129},{"@type":"WebSite","@id":"https:\/\/lyonbondyblog.fr\/LBB\/#website","url":"https:\/\/lyonbondyblog.fr\/LBB\/","name":"Lyon Bondy Blog","description":"","publisher":{"@id":"https:\/\/lyonbondyblog.fr\/LBB\/#organization"},"potentialAction":[{"@type":"SearchAction","target":{"@type":"EntryPoint","urlTemplate":"https:\/\/lyonbondyblog.fr\/LBB\/?s={search_term_string}"},"query-input":"required name=search_term_string"}],"inLanguage":"fr-FR"},{"@type":"Organization","@id":"https:\/\/lyonbondyblog.fr\/LBB\/#organization","name":"LYON BONDY BLOG","url":"https:\/\/lyonbondyblog.fr\/LBB\/","logo":{"@type":"ImageObject","inLanguage":"fr-FR","@id":"https:\/\/lyonbondyblog.fr\/LBB\/#\/schema\/logo\/image\/","url":"http:\/\/lyonbondyblog.fr\/LBB\/wp-content\/uploads\/2014\/10\/logo-portable-144.png","contentUrl":"http:\/\/lyonbondyblog.fr\/LBB\/wp-content\/uploads\/2014\/10\/logo-portable-144.png","width":144,"height":123,"caption":"LYON BONDY BLOG"},"image":{"@id":"https:\/\/lyonbondyblog.fr\/LBB\/#\/schema\/logo\/image\/"},"sameAs":["https:\/\/www.facebook.com\/lyonbondyblog","https:\/\/x.com\/bondybloglyon"]},{"@type":"Person","@id":"https:\/\/lyonbondyblog.fr\/LBB\/#\/schema\/person\/e45f8d27baac75072daa0be50c409b25","name":"La r\u00e9daction","description":"Cr\u00e9e en 2008, la r\u00e9daction du Lyon Bondy Blog s'applique \u00e0 proposer une information locale diff\u00e9rente et compl\u00e9mentaire des m\u00e9dias traditionnels.","sameAs":["https:\/\/www.facebook.com\/lyonbondyblog","https:\/\/x.com\/BondyBlogLyon"],"url":"https:\/\/lyonbondyblog.fr\/LBB\/author\/admin\/"}]}},"_links":{"self":[{"href":"https:\/\/lyonbondyblog.fr\/LBB\/wp-json\/wp\/v2\/posts\/1725","targetHints":{"allow":["GET"]}}],"collection":[{"href":"https:\/\/lyonbondyblog.fr\/LBB\/wp-json\/wp\/v2\/posts"}],"about":[{"href":"https:\/\/lyonbondyblog.fr\/LBB\/wp-json\/wp\/v2\/types\/post"}],"author":[{"embeddable":true,"href":"https:\/\/lyonbondyblog.fr\/LBB\/wp-json\/wp\/v2\/users\/1"}],"replies":[{"embeddable":true,"href":"https:\/\/lyonbondyblog.fr\/LBB\/wp-json\/wp\/v2\/comments?post=1725"}],"version-history":[{"count":0,"href":"https:\/\/lyonbondyblog.fr\/LBB\/wp-json\/wp\/v2\/posts\/1725\/revisions"}],"wp:featuredmedia":[{"embeddable":true,"href":"https:\/\/lyonbondyblog.fr\/LBB\/wp-json\/wp\/v2\/media\/1731"}],"wp:attachment":[{"href":"https:\/\/lyonbondyblog.fr\/LBB\/wp-json\/wp\/v2\/media?parent=1725"}],"wp:term":[{"taxonomy":"category","embeddable":true,"href":"https:\/\/lyonbondyblog.fr\/LBB\/wp-json\/wp\/v2\/categories?post=1725"},{"taxonomy":"post_tag","embeddable":true,"href":"https:\/\/lyonbondyblog.fr\/LBB\/wp-json\/wp\/v2\/tags?post=1725"}],"curies":[{"name":"wp","href":"https:\/\/api.w.org\/{rel}","templated":true}]}}