{"id":17144,"date":"2019-06-14T14:20:52","date_gmt":"2019-06-14T12:20:52","guid":{"rendered":"http:\/\/lyonbondyblog.fr\/LBB\/?p=17144"},"modified":"2019-06-14T16:24:16","modified_gmt":"2019-06-14T14:24:16","slug":"partage-doutils-et-de-connaissances-a-la-bricotheque-de-saint-fons","status":"publish","type":"post","link":"https:\/\/lyonbondyblog.fr\/LBB\/partage-doutils-et-de-connaissances-a-la-bricotheque-de-saint-fons\/","title":{"rendered":"Partage d\u2019outils et de connaissances \u00e0 la Bricoth\u00e8que de Saint-Fons"},"content":{"rendered":"<h4 align=\"justify\"><span style=\"font-family: georgia, palatino, serif; font-size: 12pt;\">En partenariat avec <a href=\"https:\/\/ccc-media.fr\/\">Couleur Caf\u00e9 Citoyen M\u00e9dia<\/a> et le Lyon Bondy Blog , nous nous sommes rendus \u00e0 la Bricoth\u00e8que de Saint-Fons : cr\u00e9er du lien social, aider les gens dans le besoin, apprendre \u00e0 bricoler, donner de son savoir\u2026 Voil\u00e0 quels sont les marqueurs qui animent la Bricoth\u00e8que de Saint-Fons.<\/span><\/h4>\n<p align=\"justify\"><span style=\"font-family: georgia, palatino, serif; font-size: 12pt;\">Dans le cadre de l\u2019association <a href=\"https:\/\/www.facebook.com\/Espace-Cr%C3%A9ateur-de-Solidarit%C3%A9s-158208310864644\/\">\u00ab <\/a><a href=\"https:\/\/www.facebook.com\/Espace-Cr%C3%A9ateur-de-Solidarit%C3%A9s-158208310864644\/\">Espace Cr\u00e9ateur de Solidarit\u00e9 \u00bb<\/a> qui existe depuis une trentaine d\u2019ann\u00e9es, la Bricoth\u00e8que a vu le jour depuis plusieurs ann\u00e9es dans la ville de Saint-Fons. \u00ab <em>La Bricoth\u00e8que est un endroit o\u00f9 l\u2019on bricole<\/em> \u00bb, explique Lucie Mathey, charg\u00e9e de mission.<\/span><\/p>\n<p align=\"justify\"><span style=\"font-family: georgia, palatino, serif; font-size: 12pt;\">En effet, un \u00e9tabli a \u00e9t\u00e9 install\u00e9 au rez-de-chauss\u00e9e d\u2019un immeuble dans le quartier de l\u2019Arsenal , <em>\u00ab les adh\u00e9rents de l\u2019association peuvent ainsi travailler des projets personnels comme des projets associatifs. Ici, nous avons tous les outils n\u00e9cessaires pour r\u00e9pondre aux diff\u00e9rentes demandes \u00bb<\/em>, informe Lucie Mathey pr\u00e9sente au sein de l\u2019association depuis deux ans.<br \/>\n<\/span><\/p>\n<figure id=\"attachment_17148\" aria-describedby=\"caption-attachment-17148\" style=\"width: 1024px\" class=\"wp-caption aligncenter\"><a href=\"https:\/\/lyonbondyblog.fr\/LBB\/wp-content\/uploads\/2019\/06\/3.jpg\"><img loading=\"lazy\" decoding=\"async\" class=\"size-large wp-image-17148\" src=\"https:\/\/lyonbondyblog.fr\/LBB\/wp-content\/uploads\/2019\/06\/3-1024x681.jpg\" alt=\"\" width=\"1024\" height=\"681\" srcset=\"https:\/\/lyonbondyblog.fr\/LBB\/wp-content\/uploads\/2019\/06\/3-1024x681.jpg 1024w, https:\/\/lyonbondyblog.fr\/LBB\/wp-content\/uploads\/2019\/06\/3-300x200.jpg 300w, https:\/\/lyonbondyblog.fr\/LBB\/wp-content\/uploads\/2019\/06\/3-768x511.jpg 768w, https:\/\/lyonbondyblog.fr\/LBB\/wp-content\/uploads\/2019\/06\/3-600x399.jpg 600w\" sizes=\"auto, (max-width: 1024px) 100vw, 1024px\" \/><\/a><figcaption id=\"caption-attachment-17148\" class=\"wp-caption-text\">Ateliers de couture, de tapisserie et bricolage se trouvent au sein de la Bricoth\u00e8que de Saint-Fons. Cr\u00e9dit Photo : Cheyenne Tyrakowski<\/figcaption><\/figure>\n<h4 align=\"justify\"><span style=\"font-family: georgia, palatino, serif; font-size: 12pt;\">Partage de mat\u00e9riel et partage de connaissances<\/span><\/h4>\n<p align=\"justify\"><span style=\"font-family: georgia, palatino, serif; font-size: 12pt;\">\u00ab <em>La mutualisation c\u2019est important. Une perceuse pour tout le quartier suffit pour les gens qui vont percer un trou, tous les trois mois<\/em> \u00bb, d\u00e9clare Lucie Mathey. Cependant, cet endroit est \u00e9galement un espace o\u00f9<em> \u00ab l\u2019on cr\u00e9e du lien, o\u00f9 l\u2019on vient discuter et rencontrer les gens de son quartier \u00bb.<\/em><\/span><\/p>\n<p align=\"justify\"><span style=\"font-family: georgia, palatino, serif; font-size: 12pt;\">La Bricoth\u00e8que est un lieu o\u00f9 l\u2019on partage ses connaissances et o\u00f9 l\u2019on apprend. L\u2019apprentissage du bricolage, de la couture et de la tapisserie se fait sur la base du volontariat. Les amoureux du bricolage donnent des conseils aux adh\u00e9rents souhaitant apprendre.<\/span><\/p>\n<p align=\"justify\"><span style=\"font-family: georgia, palatino, serif; font-size: 12pt;\"><em>\u00ab Ce n\u2019est pas pr\u00e9senter sous forme de cours. Chacun vient et tout le monde peut apporter quelque chose lors des diff\u00e9rents ateliers. Chacun a ses fa\u00e7ons de faire. Ici, il n\u2019y a pas de professeurs, nous sommes surtout dans l\u2019\u00e9change \u00bb<\/em>. Propos appuy\u00e9s par C\u00e9cile Metzger<em>,<\/em> adh\u00e9rente de l\u2019association. <em>\u00ab Je cherchais un endroit pour faire de la couture, un espace libre et pas sous forme de cours, accompagn\u00e9 de quelqu\u2019un qui puisse apporter son soutien et son aide \u00bb<\/em>. Depuis la d\u00e9couverte de la Bricoth\u00e8que, C\u00e9cile y passe tous ces jeudis \u00e0 faire de la couture et \u00e0 bricoler.<\/span><\/p>\n<figure id=\"attachment_17149\" aria-describedby=\"caption-attachment-17149\" style=\"width: 1024px\" class=\"wp-caption aligncenter\"><a href=\"https:\/\/lyonbondyblog.fr\/LBB\/wp-content\/uploads\/2019\/06\/2.jpg\"><img loading=\"lazy\" decoding=\"async\" class=\"wp-image-17149 size-large\" src=\"https:\/\/lyonbondyblog.fr\/LBB\/wp-content\/uploads\/2019\/06\/2-1024x681.jpg\" alt=\"\" width=\"1024\" height=\"681\" srcset=\"https:\/\/lyonbondyblog.fr\/LBB\/wp-content\/uploads\/2019\/06\/2-1024x681.jpg 1024w, https:\/\/lyonbondyblog.fr\/LBB\/wp-content\/uploads\/2019\/06\/2-300x200.jpg 300w, https:\/\/lyonbondyblog.fr\/LBB\/wp-content\/uploads\/2019\/06\/2-768x511.jpg 768w, https:\/\/lyonbondyblog.fr\/LBB\/wp-content\/uploads\/2019\/06\/2-600x399.jpg 600w\" sizes=\"auto, (max-width: 1024px) 100vw, 1024px\" \/><\/a><figcaption id=\"caption-attachment-17149\" class=\"wp-caption-text\">La Bricoth\u00e8que de Saint-Fons d\u00e9fend le \u00ab Do It Yourself \u00bb . Cr\u00e9dit Photo : Cheyenne Tyrakowski \/ Lyon Bondy Blog<\/figcaption><\/figure>\n<h4 align=\"justify\"><span style=\"font-family: georgia, palatino, serif; font-size: 12pt;\">Une conscience environnementale<\/span><\/h4>\n<p align=\"justify\"><span style=\"font-family: georgia, palatino, serif; font-size: 12pt;\">Les outils sont r\u00e9cup\u00e9r\u00e9s \u00ab <em>et peu de choses sont achet\u00e9es en magasin. On d\u00e9fend le \u00abDo It Yourself\u00bb, ici on construit tout par nous-m\u00eames. On est dans l\u2019\u00e9conomie de la d\u00e9brouille et de la d\u00e9panne, alors on essaye de transmettre cela aux habitants. Voil\u00e0 une de nos fa\u00e7ons de r\u00e9sister<\/em> \u00bb, accentue <em>Lucie Mathey<\/em>. C\u2019est alors qu\u2019une conscience sociale et environnementale s\u2019installe au sein de cet endroit.<\/span><\/p>\n<h4 align=\"justify\"><span style=\"font-family: georgia, palatino, serif; font-size: 12pt;\">L\u2019association ne cesse d\u2019\u00e9voluer<\/span><\/h4>\n<p align=\"justify\"><span style=\"font-family: georgia, palatino, serif; font-size: 12pt;\">Si l\u2019association \u00ab Espace Cr\u00e9ateur de Solidarit\u00e9 \u00bb ne cesse d\u2019\u00e9voluer et que les mentalit\u00e9s changent, Andr\u00e9 Brahim, adh\u00e9rent depuis 17 ans \u00e9voque le fait qu\u2019aujourd\u2019hui l\u2019association et en particulier la Bricoth\u00e8que compte plus de femmes que d\u2019hommes. \u00ab <em>Aujourd\u2019hui c\u2019est plus organis\u00e9 qu\u2019auparavant. <\/em><\/span><span style=\"font-family: georgia, palatino, serif; font-size: 12pt;\"><em>A l\u2019\u00e9poque l\u2019association comptait 30 membres, aujourd\u2019hui il y a entre 100 et 150 personnes<\/em> \u00bb. Si l\u2019association se d\u00e9veloppe et s\u2019agrandit, la Bricoth\u00e8que a \u00e9galement \u00e0 disposition une \u00ab <em>Bricoth\u00e8que mobile<\/em> \u00bb : \u00ab <em>c\u2019est un camion am\u00e9nag\u00e9 avec des outils portatifs qui nous permet de monter des projets en ext\u00e9rieur avec des habitants et le but est \u00e9galement d\u2019aller au-del\u00e0 du quartier. Cela nous permet de bouger et de rencontrer de nouveaux habitants<\/em> \u00bb, explique Lucie Mathey.<\/span><\/p>\n<!-- AddThis Advanced Settings generic via filter on the_content --><!-- AddThis Share Buttons generic via filter on the_content -->","protected":false},"excerpt":{"rendered":"<p>En partenariat avec Couleur Caf\u00e9 Citoyen M\u00e9dia et le Lyon Bondy Blog , nous nous sommes rendus \u00e0 la Bricoth\u00e8que de Saint-Fons : cr\u00e9er du &hellip; <!-- AddThis Advanced Settings generic via filter on wp_trim_excerpt --><!-- AddThis Share Buttons generic via filter on wp_trim_excerpt --><\/p>\n","protected":false},"author":14421,"featured_media":17147,"comment_status":"open","ping_status":"open","sticky":false,"template":"","format":"standard","meta":{"_FSMCFIC_featured_image_caption":"","_FSMCFIC_featured_image_nocaption":"","_FSMCFIC_featured_image_hide":"","footnotes":""},"categories":[6443,4097,2,6506],"tags":[435,13115],"class_list":["post-17144","post","type-post","status-publish","format-standard","has-post-thumbnail","hentry","category-association","category-rencontre","category-societe","category-solidarite","tag-association","tag-bricotheque"],"yoast_head":"<!-- This site is optimized with the Yoast SEO plugin v22.8 - https:\/\/yoast.com\/wordpress\/plugins\/seo\/ -->\n<title>Partage d\u2019outils et de connaissances \u00e0 la Bricoth\u00e8que de Saint-Fons - Lyon Bondy Blog<\/title>\n<meta name=\"robots\" content=\"index, follow, max-snippet:-1, max-image-preview:large, max-video-preview:-1\" \/>\n<link rel=\"canonical\" href=\"https:\/\/lyonbondyblog.fr\/LBB\/partage-doutils-et-de-connaissances-a-la-bricotheque-de-saint-fons\/\" \/>\n<meta property=\"og:locale\" content=\"fr_FR\" \/>\n<meta property=\"og:type\" content=\"article\" \/>\n<meta property=\"og:title\" content=\"Partage d\u2019outils et de connaissances \u00e0 la Bricoth\u00e8que de Saint-Fons - Lyon Bondy Blog\" \/>\n<meta property=\"og:description\" content=\"En partenariat avec Couleur Caf\u00e9 Citoyen M\u00e9dia et le Lyon Bondy Blog , nous nous sommes rendus \u00e0 la Bricoth\u00e8que de Saint-Fons : cr\u00e9er du &hellip;\" \/>\n<meta property=\"og:url\" content=\"https:\/\/lyonbondyblog.fr\/LBB\/partage-doutils-et-de-connaissances-a-la-bricotheque-de-saint-fons\/\" \/>\n<meta property=\"og:site_name\" content=\"Lyon Bondy Blog\" \/>\n<meta property=\"article:publisher\" content=\"https:\/\/www.facebook.com\/lyonbondyblog\" \/>\n<meta property=\"article:published_time\" content=\"2019-06-14T12:20:52+00:00\" \/>\n<meta property=\"article:modified_time\" content=\"2019-06-14T14:24:16+00:00\" \/>\n<meta property=\"og:image\" content=\"https:\/\/lyonbondyblog.fr\/LBB\/wp-content\/uploads\/2019\/06\/1-1024x681.jpg\" \/>\n\t<meta property=\"og:image:width\" content=\"1024\" \/>\n\t<meta property=\"og:image:height\" content=\"681\" \/>\n\t<meta property=\"og:image:type\" content=\"image\/jpeg\" \/>\n<meta name=\"author\" content=\"Cheyenne Tyrakowski\" \/>\n<meta name=\"twitter:card\" content=\"summary_large_image\" \/>\n<meta name=\"twitter:creator\" content=\"@bondybloglyon\" \/>\n<meta name=\"twitter:site\" content=\"@bondybloglyon\" \/>\n<script type=\"application\/ld+json\" class=\"yoast-schema-graph\">{\"@context\":\"https:\/\/schema.org\",\"@graph\":[{\"@type\":\"Article\",\"@id\":\"https:\/\/lyonbondyblog.fr\/LBB\/partage-doutils-et-de-connaissances-a-la-bricotheque-de-saint-fons\/#article\",\"isPartOf\":{\"@id\":\"https:\/\/lyonbondyblog.fr\/LBB\/partage-doutils-et-de-connaissances-a-la-bricotheque-de-saint-fons\/\"},\"author\":{\"name\":\"Cheyenne Tyrakowski\",\"@id\":\"https:\/\/lyonbondyblog.fr\/LBB\/#\/schema\/person\/e1d2334a9f448bf6fbd3a98ec4029add\"},\"headline\":\"Partage d\u2019outils et de connaissances \u00e0 la Bricoth\u00e8que de Saint-Fons\",\"datePublished\":\"2019-06-14T12:20:52+00:00\",\"dateModified\":\"2019-06-14T14:24:16+00:00\",\"mainEntityOfPage\":{\"@id\":\"https:\/\/lyonbondyblog.fr\/LBB\/partage-doutils-et-de-connaissances-a-la-bricotheque-de-saint-fons\/\"},\"wordCount\":673,\"commentCount\":0,\"publisher\":{\"@id\":\"https:\/\/lyonbondyblog.fr\/LBB\/#organization\"},\"image\":{\"@id\":\"https:\/\/lyonbondyblog.fr\/LBB\/partage-doutils-et-de-connaissances-a-la-bricotheque-de-saint-fons\/#primaryimage\"},\"thumbnailUrl\":\"https:\/\/lyonbondyblog.fr\/LBB\/wp-content\/uploads\/2019\/06\/1.jpg\",\"keywords\":[\"association\",\"Bricoth\u00e8que\"],\"articleSection\":[\"Association\",\"Rencontre\",\"Soci\u00e9t\u00e9\",\"Solidarit\u00e9\"],\"inLanguage\":\"fr-FR\",\"potentialAction\":[{\"@type\":\"CommentAction\",\"name\":\"Comment\",\"target\":[\"https:\/\/lyonbondyblog.fr\/LBB\/partage-doutils-et-de-connaissances-a-la-bricotheque-de-saint-fons\/#respond\"]}]},{\"@type\":\"WebPage\",\"@id\":\"https:\/\/lyonbondyblog.fr\/LBB\/partage-doutils-et-de-connaissances-a-la-bricotheque-de-saint-fons\/\",\"url\":\"https:\/\/lyonbondyblog.fr\/LBB\/partage-doutils-et-de-connaissances-a-la-bricotheque-de-saint-fons\/\",\"name\":\"Partage d\u2019outils et de connaissances \u00e0 la Bricoth\u00e8que de Saint-Fons - Lyon Bondy Blog\",\"isPartOf\":{\"@id\":\"https:\/\/lyonbondyblog.fr\/LBB\/#website\"},\"primaryImageOfPage\":{\"@id\":\"https:\/\/lyonbondyblog.fr\/LBB\/partage-doutils-et-de-connaissances-a-la-bricotheque-de-saint-fons\/#primaryimage\"},\"image\":{\"@id\":\"https:\/\/lyonbondyblog.fr\/LBB\/partage-doutils-et-de-connaissances-a-la-bricotheque-de-saint-fons\/#primaryimage\"},\"thumbnailUrl\":\"https:\/\/lyonbondyblog.fr\/LBB\/wp-content\/uploads\/2019\/06\/1.jpg\",\"datePublished\":\"2019-06-14T12:20:52+00:00\",\"dateModified\":\"2019-06-14T14:24:16+00:00\",\"inLanguage\":\"fr-FR\",\"potentialAction\":[{\"@type\":\"ReadAction\",\"target\":[\"https:\/\/lyonbondyblog.fr\/LBB\/partage-doutils-et-de-connaissances-a-la-bricotheque-de-saint-fons\/\"]}]},{\"@type\":\"ImageObject\",\"inLanguage\":\"fr-FR\",\"@id\":\"https:\/\/lyonbondyblog.fr\/LBB\/partage-doutils-et-de-connaissances-a-la-bricotheque-de-saint-fons\/#primaryimage\",\"url\":\"https:\/\/lyonbondyblog.fr\/LBB\/wp-content\/uploads\/2019\/06\/1.jpg\",\"contentUrl\":\"https:\/\/lyonbondyblog.fr\/LBB\/wp-content\/uploads\/2019\/06\/1.jpg\",\"width\":4592,\"height\":3056,\"caption\":\"La Bricoth\u00e8que est un endroit o\u00f9 l'on partage ses connaissances et o\u00f9 l'on bricole. Cr\u00e9dit Photo : Cheyenne Tyrakowski\"},{\"@type\":\"WebSite\",\"@id\":\"https:\/\/lyonbondyblog.fr\/LBB\/#website\",\"url\":\"https:\/\/lyonbondyblog.fr\/LBB\/\",\"name\":\"Lyon Bondy Blog\",\"description\":\"\",\"publisher\":{\"@id\":\"https:\/\/lyonbondyblog.fr\/LBB\/#organization\"},\"potentialAction\":[{\"@type\":\"SearchAction\",\"target\":{\"@type\":\"EntryPoint\",\"urlTemplate\":\"https:\/\/lyonbondyblog.fr\/LBB\/?s={search_term_string}\"},\"query-input\":\"required name=search_term_string\"}],\"inLanguage\":\"fr-FR\"},{\"@type\":\"Organization\",\"@id\":\"https:\/\/lyonbondyblog.fr\/LBB\/#organization\",\"name\":\"LYON BONDY BLOG\",\"url\":\"https:\/\/lyonbondyblog.fr\/LBB\/\",\"logo\":{\"@type\":\"ImageObject\",\"inLanguage\":\"fr-FR\",\"@id\":\"https:\/\/lyonbondyblog.fr\/LBB\/#\/schema\/logo\/image\/\",\"url\":\"http:\/\/lyonbondyblog.fr\/LBB\/wp-content\/uploads\/2014\/10\/logo-portable-144.png\",\"contentUrl\":\"http:\/\/lyonbondyblog.fr\/LBB\/wp-content\/uploads\/2014\/10\/logo-portable-144.png\",\"width\":144,\"height\":123,\"caption\":\"LYON BONDY BLOG\"},\"image\":{\"@id\":\"https:\/\/lyonbondyblog.fr\/LBB\/#\/schema\/logo\/image\/\"},\"sameAs\":[\"https:\/\/www.facebook.com\/lyonbondyblog\",\"https:\/\/x.com\/bondybloglyon\"]},{\"@type\":\"Person\",\"@id\":\"https:\/\/lyonbondyblog.fr\/LBB\/#\/schema\/person\/e1d2334a9f448bf6fbd3a98ec4029add\",\"name\":\"Cheyenne Tyrakowski\",\"url\":\"https:\/\/lyonbondyblog.fr\/LBB\/author\/cheyenne_tyrakowski\/\"}]}<\/script>\n<!-- \/ Yoast SEO plugin. -->","yoast_head_json":{"title":"Partage d\u2019outils et de connaissances \u00e0 la Bricoth\u00e8que de Saint-Fons - Lyon Bondy Blog","robots":{"index":"index","follow":"follow","max-snippet":"max-snippet:-1","max-image-preview":"max-image-preview:large","max-video-preview":"max-video-preview:-1"},"canonical":"https:\/\/lyonbondyblog.fr\/LBB\/partage-doutils-et-de-connaissances-a-la-bricotheque-de-saint-fons\/","og_locale":"fr_FR","og_type":"article","og_title":"Partage d\u2019outils et de connaissances \u00e0 la Bricoth\u00e8que de Saint-Fons - Lyon Bondy Blog","og_description":"En partenariat avec Couleur Caf\u00e9 Citoyen M\u00e9dia et le Lyon Bondy Blog , nous nous sommes rendus \u00e0 la Bricoth\u00e8que de Saint-Fons : cr\u00e9er du &hellip;","og_url":"https:\/\/lyonbondyblog.fr\/LBB\/partage-doutils-et-de-connaissances-a-la-bricotheque-de-saint-fons\/","og_site_name":"Lyon Bondy Blog","article_publisher":"https:\/\/www.facebook.com\/lyonbondyblog","article_published_time":"2019-06-14T12:20:52+00:00","article_modified_time":"2019-06-14T14:24:16+00:00","og_image":[{"width":1024,"height":681,"url":"https:\/\/lyonbondyblog.fr\/LBB\/wp-content\/uploads\/2019\/06\/1-1024x681.jpg","type":"image\/jpeg"}],"author":"Cheyenne Tyrakowski","twitter_card":"summary_large_image","twitter_creator":"@bondybloglyon","twitter_site":"@bondybloglyon","schema":{"@context":"https:\/\/schema.org","@graph":[{"@type":"Article","@id":"https:\/\/lyonbondyblog.fr\/LBB\/partage-doutils-et-de-connaissances-a-la-bricotheque-de-saint-fons\/#article","isPartOf":{"@id":"https:\/\/lyonbondyblog.fr\/LBB\/partage-doutils-et-de-connaissances-a-la-bricotheque-de-saint-fons\/"},"author":{"name":"Cheyenne Tyrakowski","@id":"https:\/\/lyonbondyblog.fr\/LBB\/#\/schema\/person\/e1d2334a9f448bf6fbd3a98ec4029add"},"headline":"Partage d\u2019outils et de connaissances \u00e0 la Bricoth\u00e8que de Saint-Fons","datePublished":"2019-06-14T12:20:52+00:00","dateModified":"2019-06-14T14:24:16+00:00","mainEntityOfPage":{"@id":"https:\/\/lyonbondyblog.fr\/LBB\/partage-doutils-et-de-connaissances-a-la-bricotheque-de-saint-fons\/"},"wordCount":673,"commentCount":0,"publisher":{"@id":"https:\/\/lyonbondyblog.fr\/LBB\/#organization"},"image":{"@id":"https:\/\/lyonbondyblog.fr\/LBB\/partage-doutils-et-de-connaissances-a-la-bricotheque-de-saint-fons\/#primaryimage"},"thumbnailUrl":"https:\/\/lyonbondyblog.fr\/LBB\/wp-content\/uploads\/2019\/06\/1.jpg","keywords":["association","Bricoth\u00e8que"],"articleSection":["Association","Rencontre","Soci\u00e9t\u00e9","Solidarit\u00e9"],"inLanguage":"fr-FR","potentialAction":[{"@type":"CommentAction","name":"Comment","target":["https:\/\/lyonbondyblog.fr\/LBB\/partage-doutils-et-de-connaissances-a-la-bricotheque-de-saint-fons\/#respond"]}]},{"@type":"WebPage","@id":"https:\/\/lyonbondyblog.fr\/LBB\/partage-doutils-et-de-connaissances-a-la-bricotheque-de-saint-fons\/","url":"https:\/\/lyonbondyblog.fr\/LBB\/partage-doutils-et-de-connaissances-a-la-bricotheque-de-saint-fons\/","name":"Partage d\u2019outils et de connaissances \u00e0 la Bricoth\u00e8que de Saint-Fons - Lyon Bondy Blog","isPartOf":{"@id":"https:\/\/lyonbondyblog.fr\/LBB\/#website"},"primaryImageOfPage":{"@id":"https:\/\/lyonbondyblog.fr\/LBB\/partage-doutils-et-de-connaissances-a-la-bricotheque-de-saint-fons\/#primaryimage"},"image":{"@id":"https:\/\/lyonbondyblog.fr\/LBB\/partage-doutils-et-de-connaissances-a-la-bricotheque-de-saint-fons\/#primaryimage"},"thumbnailUrl":"https:\/\/lyonbondyblog.fr\/LBB\/wp-content\/uploads\/2019\/06\/1.jpg","datePublished":"2019-06-14T12:20:52+00:00","dateModified":"2019-06-14T14:24:16+00:00","inLanguage":"fr-FR","potentialAction":[{"@type":"ReadAction","target":["https:\/\/lyonbondyblog.fr\/LBB\/partage-doutils-et-de-connaissances-a-la-bricotheque-de-saint-fons\/"]}]},{"@type":"ImageObject","inLanguage":"fr-FR","@id":"https:\/\/lyonbondyblog.fr\/LBB\/partage-doutils-et-de-connaissances-a-la-bricotheque-de-saint-fons\/#primaryimage","url":"https:\/\/lyonbondyblog.fr\/LBB\/wp-content\/uploads\/2019\/06\/1.jpg","contentUrl":"https:\/\/lyonbondyblog.fr\/LBB\/wp-content\/uploads\/2019\/06\/1.jpg","width":4592,"height":3056,"caption":"La Bricoth\u00e8que est un endroit o\u00f9 l'on partage ses connaissances et o\u00f9 l'on bricole. Cr\u00e9dit Photo : Cheyenne Tyrakowski"},{"@type":"WebSite","@id":"https:\/\/lyonbondyblog.fr\/LBB\/#website","url":"https:\/\/lyonbondyblog.fr\/LBB\/","name":"Lyon Bondy Blog","description":"","publisher":{"@id":"https:\/\/lyonbondyblog.fr\/LBB\/#organization"},"potentialAction":[{"@type":"SearchAction","target":{"@type":"EntryPoint","urlTemplate":"https:\/\/lyonbondyblog.fr\/LBB\/?s={search_term_string}"},"query-input":"required name=search_term_string"}],"inLanguage":"fr-FR"},{"@type":"Organization","@id":"https:\/\/lyonbondyblog.fr\/LBB\/#organization","name":"LYON BONDY BLOG","url":"https:\/\/lyonbondyblog.fr\/LBB\/","logo":{"@type":"ImageObject","inLanguage":"fr-FR","@id":"https:\/\/lyonbondyblog.fr\/LBB\/#\/schema\/logo\/image\/","url":"http:\/\/lyonbondyblog.fr\/LBB\/wp-content\/uploads\/2014\/10\/logo-portable-144.png","contentUrl":"http:\/\/lyonbondyblog.fr\/LBB\/wp-content\/uploads\/2014\/10\/logo-portable-144.png","width":144,"height":123,"caption":"LYON BONDY BLOG"},"image":{"@id":"https:\/\/lyonbondyblog.fr\/LBB\/#\/schema\/logo\/image\/"},"sameAs":["https:\/\/www.facebook.com\/lyonbondyblog","https:\/\/x.com\/bondybloglyon"]},{"@type":"Person","@id":"https:\/\/lyonbondyblog.fr\/LBB\/#\/schema\/person\/e1d2334a9f448bf6fbd3a98ec4029add","name":"Cheyenne Tyrakowski","url":"https:\/\/lyonbondyblog.fr\/LBB\/author\/cheyenne_tyrakowski\/"}]}},"_links":{"self":[{"href":"https:\/\/lyonbondyblog.fr\/LBB\/wp-json\/wp\/v2\/posts\/17144","targetHints":{"allow":["GET"]}}],"collection":[{"href":"https:\/\/lyonbondyblog.fr\/LBB\/wp-json\/wp\/v2\/posts"}],"about":[{"href":"https:\/\/lyonbondyblog.fr\/LBB\/wp-json\/wp\/v2\/types\/post"}],"author":[{"embeddable":true,"href":"https:\/\/lyonbondyblog.fr\/LBB\/wp-json\/wp\/v2\/users\/14421"}],"replies":[{"embeddable":true,"href":"https:\/\/lyonbondyblog.fr\/LBB\/wp-json\/wp\/v2\/comments?post=17144"}],"version-history":[{"count":5,"href":"https:\/\/lyonbondyblog.fr\/LBB\/wp-json\/wp\/v2\/posts\/17144\/revisions"}],"predecessor-version":[{"id":17155,"href":"https:\/\/lyonbondyblog.fr\/LBB\/wp-json\/wp\/v2\/posts\/17144\/revisions\/17155"}],"wp:featuredmedia":[{"embeddable":true,"href":"https:\/\/lyonbondyblog.fr\/LBB\/wp-json\/wp\/v2\/media\/17147"}],"wp:attachment":[{"href":"https:\/\/lyonbondyblog.fr\/LBB\/wp-json\/wp\/v2\/media?parent=17144"}],"wp:term":[{"taxonomy":"category","embeddable":true,"href":"https:\/\/lyonbondyblog.fr\/LBB\/wp-json\/wp\/v2\/categories?post=17144"},{"taxonomy":"post_tag","embeddable":true,"href":"https:\/\/lyonbondyblog.fr\/LBB\/wp-json\/wp\/v2\/tags?post=17144"}],"curies":[{"name":"wp","href":"https:\/\/api.w.org\/{rel}","templated":true}]}}