{"id":1709,"date":"2011-11-22T12:02:44","date_gmt":"2011-11-22T11:02:44","guid":{"rendered":"http:\/\/lyonbondyblog.fr\/LBB\/?p=1709"},"modified":"2013-07-26T12:05:22","modified_gmt":"2013-07-26T10:05:22","slug":"sensibilisation-sur-larme-nucleaire-les-jeunes-karatekas-de-vaulx-en-velin-recompenses-par-les-trophees-de-lengagement-de-la-ville-de-lyon","status":"publish","type":"post","link":"https:\/\/lyonbondyblog.fr\/LBB\/sensibilisation-sur-larme-nucleaire-les-jeunes-karatekas-de-vaulx-en-velin-recompenses-par-les-trophees-de-lengagement-de-la-ville-de-lyon\/","title":{"rendered":"Sensibilisation sur l&rsquo;arme nucl\u00e9aire : les jeunes karat\u00e9kas de Vaulx-en-Velin r\u00e9compens\u00e9s par les Troph\u00e9es de l&rsquo;Engagement de la Ville de Lyon"},"content":{"rendered":"<p><strong>18 ANS A LYON &#8211; Pour la 3\u00e8me ann\u00e9e cons\u00e9cutive, le Lyon Bondy Blog \u00e9tait pr\u00e9sent ce samedi 19 novembre 2011 \u00e0 cet \u00e9v\u00e8nement destin\u00e9 \u00e0 marquer l&rsquo;entr\u00e9e en majorit\u00e9 des jeunes lyonnais. L&rsquo;occasion pour Najat Vallaud-Belkacem de remettre les Troph\u00e9es de l&rsquo;Engagement r\u00e9compensant des initiatives execut\u00e9es par des jeunes. Focus sur l&rsquo;op\u00e9ration de sensibilisation men\u00e9e par un groupe de jeunes karat\u00e9kas de Vaulx-en-Velin\u00a0: \u00ab\u00a0d&rsquo;Hiroshima \u00e0 Fukushima\u00a0\u00bb.<\/strong><\/p>\n<div><a title=\" -- Cliquez pour voir l'image en entier\" href=\"http:\/\/yahoo.lyon.bondyblog.fr\/images\/image_1.jpg\" target=\"_blank\"> <img decoding=\"async\" alt=\" -- Cliquez pour voir l'image en entier\" src=\"http:\/\/yahoo.lyon.bondyblog.fr\/images\/image_1_t.jpg\" border=\"0\" \/> <\/a><\/div>\n<div><\/div>\n<p>C\u2019est lors de l\u2019\u00e9v\u00e8nement \u00ab\u00a018 ans \u00e0 Lyon\u00a0\u00bb que les jeunes karat\u00e9kas de la MJC de Vaulx-en-Velin ont pu recevoir des mains m\u00eames de Najat Vallaud-Belkacem, les Troph\u00e9es de l\u2019Engagement destin\u00e9s \u00e0 les r\u00e9compenser de leur engagement associatif, citoyen et solidaire concernant leur investissement dans une op\u00e9ration de sensibilisation sur les armes nucl\u00e9aires et de destruction massive intitul\u00e9e \u00ab\u00a0d\u2019Hiroshima \u00e0 Fukushima\u00a0\u00bb.<\/p>\n<p>En effet, il semblerait qu\u2019au Karat\u00e9 Club de la MJC de Vaulx-en-Velin on ne se contente pas seulement\u00a0 de fabriquer des sportifs de haut niveau\u00a0mais on veille aussi \u00e0 ce que la t\u00eate fournisse autant d\u2019efforts que les jambes. C\u2019est encadr\u00e9s par leurs\u00a0 entra\u00eeneurs Paco Martinez et Ayhan Saydut que\u00a0Leila Challal, Floriane Kirmser, C\u00e9dric Verenako, Sofiane Duchamplecheval, Bouchattat Cindy, Elida Topalovic et Claire Gandit (entre autres) ont\u00a0 pu mener r\u00e9flexion et actions diverses jusqu\u2019au bout avec le soutien de leurs familles. Un v\u00e9ritable engagement citoyen\u00a0 destin\u00e9 \u00e0 informer et sensibiliser la population\u00a0 qu\u2019il\u00a0 fallait imp\u00e9rativement mettre en valeur. <i>\u00ab\u00a0J\u2019ai d\u00e9cid\u00e9 de remettre ces Troph\u00e9es de l\u2019Engagement parce qu\u2019il y a beaucoup d\u2019aprioris sur l\u2019engagement des jeunes, de leur sens de la citoyennet\u00e9 et de leur altruisme\u00a0\u00bb <\/i>pr\u00e9cisait justement Najat Vallaud-Belkacem.<\/p>\n<p><a title=\"Zoom\" href=\"http:\/\/yahoo.lyon.bondyblog.fr\/images\/18_ans_a_LYON_2_REMISE_RECOMPENSE_KARATE_024_2_t.800.jpg\"><img loading=\"lazy\" decoding=\"async\" alt=\"\" src=\"http:\/\/yahoo.lyon.bondyblog.fr\/images\/18_ans_a_LYON_2_REMISE_RECOMPENSE_KARATE_024_2_t.jpg\" width=\"193\" height=\"145\" border=\"0\" \/><\/a><\/p>\n<p><b>Photo &#8211; De gauche \u00e0 droite\u00a0: Sofiane Duchamplecheval, Le\u00efla Chellal, Floriane Kirmser, Najat Vallaud-Belkacem, C\u00e9dric Verenako, Cindy Bouchattat, Elida Topalovic, Claire Gandit.<\/b><br \/>\nSouvenez-vous\u00a0: il \u00e9tait question que ces jeunes se rendent en ao\u00fbt 2011 sur invitation des autorit\u00e9s locales, sur les sites d\u2019Hiroshima et Nagasaki , dans le cadre des comm\u00e9morations li\u00e9es \u00e0 leurs bombardements en 1945. Ce d\u00e9placement a malheureusement d\u00fb \u00eatre annul\u00e9 suite au tremblement de terre du 11 mars 2011 et \u00e0 la catastrophe nucl\u00e9aire (justement) qui en a r\u00e9sult\u00e9 \u00e0 Fukushima\u2026<\/p>\n<p>Qu\u2019\u00e0 cela ne tienne\u00a0! Nos jeunes karat\u00e9kas en ont vu d\u2019autres et on l\u2019habitude de mener des combats. Ils d\u00e9cident tout simplement de modifier leur projet en cours de route en l\u2019adaptant aux circonstances. \u00ab<i>\u00a0Suite \u00e0 Fukushima, on s\u2019est dirig\u00e9 vers les Etats-Unis qui, eux, ont pens\u00e9 la bombe\u00a0\u00bb <\/i>explique Le\u00efla \u00e0 une assembl\u00e9e tr\u00e8s attentive au r\u00e9cit du groupe de jeunes vaudais. C\u2019est ainsi qu\u2019au terme\u00a0 d\u2019un mois d\u2019un parcours tr\u00e8s riche aux Etats-Unis (San Francisco, ONU \u2026), ils finissent \u00e0 Washington pour d\u00e9poser une lettre \u00e0 l\u2019attention de Barack Obama.<\/p>\n<p><a title=\"Zoom\" href=\"http:\/\/yahoo.lyon.bondyblog.fr\/images\/Instantane_2__22_11_2011_18_21.png\"><img loading=\"lazy\" decoding=\"async\" alt=\"\" src=\"http:\/\/yahoo.lyon.bondyblog.fr\/images\/Instantane_2__22_11_2011_18_21_t.png\" width=\"193\" height=\"145\" border=\"0\" \/><\/a> Leila Challal<\/p>\n<p>&nbsp;<\/p>\n<p>Ecoutons Sofiane Duchamplecheval, 19 ans, \u00e9l\u00e8ve en classe de Terminale Scientifique au lyc\u00e9e Robert Doisneau de Vaulx-en-Velin et accessoirement Champion de France de Karat\u00e9, nous narrer comment ce projet, n\u00e9 de simples\u00a0 discussions au bord du tatami lors de leurs entrainements, s\u2019est concr\u00e9tis\u00e9. Une exp\u00e9rience dont il parle encore avec \u00e9motion et qui a marqu\u00e9 tout le petit groupe \u00e0 vie\u00a0:<\/p>\n<p>&nbsp;<\/p>\n<!-- AddThis Advanced Settings generic via filter on the_content --><!-- AddThis Share Buttons generic via filter on the_content -->","protected":false},"excerpt":{"rendered":"<p>18 ANS A LYON &#8211; Pour la 3\u00e8me ann\u00e9e cons\u00e9cutive, le Lyon Bondy Blog \u00e9tait pr\u00e9sent ce samedi 19 novembre 2011 \u00e0 cet \u00e9v\u00e8nement destin\u00e9 &hellip; <!-- AddThis Advanced Settings generic via filter on wp_trim_excerpt --><!-- AddThis Share Buttons generic via filter on wp_trim_excerpt --><\/p>\n","protected":false},"author":1,"featured_media":1712,"comment_status":"open","ping_status":"open","sticky":false,"template":"","format":"standard","meta":{"_FSMCFIC_featured_image_caption":"","_FSMCFIC_featured_image_nocaption":"","_FSMCFIC_featured_image_hide":"","footnotes":""},"categories":[4],"tags":[10,112],"class_list":["post-1709","post","type-post","status-publish","format-standard","has-post-thumbnail","hentry","category-lyon","tag-lyon-2","tag-lyon-bondy-blog"],"yoast_head":"<!-- This site is optimized with the Yoast SEO plugin v22.8 - https:\/\/yoast.com\/wordpress\/plugins\/seo\/ -->\n<title>Sensibilisation sur l&#039;arme nucl\u00e9aire : les jeunes karat\u00e9kas de Vaulx-en-Velin r\u00e9compens\u00e9s par les Troph\u00e9es de l&#039;Engagement de la Ville de Lyon - Lyon Bondy Blog<\/title>\n<meta name=\"robots\" content=\"index, follow, max-snippet:-1, max-image-preview:large, max-video-preview:-1\" \/>\n<link rel=\"canonical\" href=\"https:\/\/lyonbondyblog.fr\/LBB\/sensibilisation-sur-larme-nucleaire-les-jeunes-karatekas-de-vaulx-en-velin-recompenses-par-les-trophees-de-lengagement-de-la-ville-de-lyon\/\" \/>\n<meta property=\"og:locale\" content=\"fr_FR\" \/>\n<meta property=\"og:type\" content=\"article\" \/>\n<meta property=\"og:title\" content=\"Sensibilisation sur l&#039;arme nucl\u00e9aire : les jeunes karat\u00e9kas de Vaulx-en-Velin r\u00e9compens\u00e9s par les Troph\u00e9es de l&#039;Engagement de la Ville de Lyon - Lyon Bondy Blog\" \/>\n<meta property=\"og:description\" content=\"18 ANS A LYON &#8211; Pour la 3\u00e8me ann\u00e9e cons\u00e9cutive, le Lyon Bondy Blog \u00e9tait pr\u00e9sent ce samedi 19 novembre 2011 \u00e0 cet \u00e9v\u00e8nement destin\u00e9 &hellip;\" \/>\n<meta property=\"og:url\" content=\"https:\/\/lyonbondyblog.fr\/LBB\/sensibilisation-sur-larme-nucleaire-les-jeunes-karatekas-de-vaulx-en-velin-recompenses-par-les-trophees-de-lengagement-de-la-ville-de-lyon\/\" \/>\n<meta property=\"og:site_name\" content=\"Lyon Bondy Blog\" \/>\n<meta property=\"article:publisher\" content=\"https:\/\/www.facebook.com\/lyonbondyblog\" \/>\n<meta property=\"article:author\" content=\"https:\/\/www.facebook.com\/lyonbondyblog\" \/>\n<meta property=\"article:published_time\" content=\"2011-11-22T11:02:44+00:00\" \/>\n<meta property=\"article:modified_time\" content=\"2013-07-26T10:05:22+00:00\" \/>\n<meta property=\"og:image\" content=\"https:\/\/lyonbondyblog.fr\/LBB\/wp-content\/uploads\/2013\/07\/image_1_t.jpg\" \/>\n\t<meta property=\"og:image:width\" content=\"193\" \/>\n\t<meta property=\"og:image:height\" content=\"140\" \/>\n\t<meta property=\"og:image:type\" content=\"image\/jpeg\" \/>\n<meta name=\"author\" content=\"La r\u00e9daction\" \/>\n<meta name=\"twitter:card\" content=\"summary_large_image\" \/>\n<meta name=\"twitter:creator\" content=\"@BondyBlogLyon\" \/>\n<meta name=\"twitter:site\" content=\"@bondybloglyon\" \/>\n<script type=\"application\/ld+json\" class=\"yoast-schema-graph\">{\"@context\":\"https:\/\/schema.org\",\"@graph\":[{\"@type\":\"Article\",\"@id\":\"https:\/\/lyonbondyblog.fr\/LBB\/sensibilisation-sur-larme-nucleaire-les-jeunes-karatekas-de-vaulx-en-velin-recompenses-par-les-trophees-de-lengagement-de-la-ville-de-lyon\/#article\",\"isPartOf\":{\"@id\":\"https:\/\/lyonbondyblog.fr\/LBB\/sensibilisation-sur-larme-nucleaire-les-jeunes-karatekas-de-vaulx-en-velin-recompenses-par-les-trophees-de-lengagement-de-la-ville-de-lyon\/\"},\"author\":{\"name\":\"La r\u00e9daction\",\"@id\":\"https:\/\/lyonbondyblog.fr\/LBB\/#\/schema\/person\/e45f8d27baac75072daa0be50c409b25\"},\"headline\":\"Sensibilisation sur l&rsquo;arme nucl\u00e9aire : les jeunes karat\u00e9kas de Vaulx-en-Velin r\u00e9compens\u00e9s par les Troph\u00e9es de l&rsquo;Engagement de la Ville de Lyon\",\"datePublished\":\"2011-11-22T11:02:44+00:00\",\"dateModified\":\"2013-07-26T10:05:22+00:00\",\"mainEntityOfPage\":{\"@id\":\"https:\/\/lyonbondyblog.fr\/LBB\/sensibilisation-sur-larme-nucleaire-les-jeunes-karatekas-de-vaulx-en-velin-recompenses-par-les-trophees-de-lengagement-de-la-ville-de-lyon\/\"},\"wordCount\":575,\"commentCount\":0,\"publisher\":{\"@id\":\"https:\/\/lyonbondyblog.fr\/LBB\/#organization\"},\"image\":{\"@id\":\"https:\/\/lyonbondyblog.fr\/LBB\/sensibilisation-sur-larme-nucleaire-les-jeunes-karatekas-de-vaulx-en-velin-recompenses-par-les-trophees-de-lengagement-de-la-ville-de-lyon\/#primaryimage\"},\"thumbnailUrl\":\"https:\/\/lyonbondyblog.fr\/LBB\/wp-content\/uploads\/2013\/07\/image_1_t.jpg\",\"keywords\":[\"lyon\",\"Lyon Bondy Blog\"],\"articleSection\":[\"Lyon\"],\"inLanguage\":\"fr-FR\",\"potentialAction\":[{\"@type\":\"CommentAction\",\"name\":\"Comment\",\"target\":[\"https:\/\/lyonbondyblog.fr\/LBB\/sensibilisation-sur-larme-nucleaire-les-jeunes-karatekas-de-vaulx-en-velin-recompenses-par-les-trophees-de-lengagement-de-la-ville-de-lyon\/#respond\"]}]},{\"@type\":\"WebPage\",\"@id\":\"https:\/\/lyonbondyblog.fr\/LBB\/sensibilisation-sur-larme-nucleaire-les-jeunes-karatekas-de-vaulx-en-velin-recompenses-par-les-trophees-de-lengagement-de-la-ville-de-lyon\/\",\"url\":\"https:\/\/lyonbondyblog.fr\/LBB\/sensibilisation-sur-larme-nucleaire-les-jeunes-karatekas-de-vaulx-en-velin-recompenses-par-les-trophees-de-lengagement-de-la-ville-de-lyon\/\",\"name\":\"Sensibilisation sur l'arme nucl\u00e9aire : les jeunes karat\u00e9kas de Vaulx-en-Velin r\u00e9compens\u00e9s par les Troph\u00e9es de l'Engagement de la Ville de Lyon - Lyon Bondy Blog\",\"isPartOf\":{\"@id\":\"https:\/\/lyonbondyblog.fr\/LBB\/#website\"},\"primaryImageOfPage\":{\"@id\":\"https:\/\/lyonbondyblog.fr\/LBB\/sensibilisation-sur-larme-nucleaire-les-jeunes-karatekas-de-vaulx-en-velin-recompenses-par-les-trophees-de-lengagement-de-la-ville-de-lyon\/#primaryimage\"},\"image\":{\"@id\":\"https:\/\/lyonbondyblog.fr\/LBB\/sensibilisation-sur-larme-nucleaire-les-jeunes-karatekas-de-vaulx-en-velin-recompenses-par-les-trophees-de-lengagement-de-la-ville-de-lyon\/#primaryimage\"},\"thumbnailUrl\":\"https:\/\/lyonbondyblog.fr\/LBB\/wp-content\/uploads\/2013\/07\/image_1_t.jpg\",\"datePublished\":\"2011-11-22T11:02:44+00:00\",\"dateModified\":\"2013-07-26T10:05:22+00:00\",\"inLanguage\":\"fr-FR\",\"potentialAction\":[{\"@type\":\"ReadAction\",\"target\":[\"https:\/\/lyonbondyblog.fr\/LBB\/sensibilisation-sur-larme-nucleaire-les-jeunes-karatekas-de-vaulx-en-velin-recompenses-par-les-trophees-de-lengagement-de-la-ville-de-lyon\/\"]}]},{\"@type\":\"ImageObject\",\"inLanguage\":\"fr-FR\",\"@id\":\"https:\/\/lyonbondyblog.fr\/LBB\/sensibilisation-sur-larme-nucleaire-les-jeunes-karatekas-de-vaulx-en-velin-recompenses-par-les-trophees-de-lengagement-de-la-ville-de-lyon\/#primaryimage\",\"url\":\"https:\/\/lyonbondyblog.fr\/LBB\/wp-content\/uploads\/2013\/07\/image_1_t.jpg\",\"contentUrl\":\"https:\/\/lyonbondyblog.fr\/LBB\/wp-content\/uploads\/2013\/07\/image_1_t.jpg\",\"width\":193,\"height\":140},{\"@type\":\"WebSite\",\"@id\":\"https:\/\/lyonbondyblog.fr\/LBB\/#website\",\"url\":\"https:\/\/lyonbondyblog.fr\/LBB\/\",\"name\":\"Lyon Bondy Blog\",\"description\":\"\",\"publisher\":{\"@id\":\"https:\/\/lyonbondyblog.fr\/LBB\/#organization\"},\"potentialAction\":[{\"@type\":\"SearchAction\",\"target\":{\"@type\":\"EntryPoint\",\"urlTemplate\":\"https:\/\/lyonbondyblog.fr\/LBB\/?s={search_term_string}\"},\"query-input\":\"required name=search_term_string\"}],\"inLanguage\":\"fr-FR\"},{\"@type\":\"Organization\",\"@id\":\"https:\/\/lyonbondyblog.fr\/LBB\/#organization\",\"name\":\"LYON BONDY BLOG\",\"url\":\"https:\/\/lyonbondyblog.fr\/LBB\/\",\"logo\":{\"@type\":\"ImageObject\",\"inLanguage\":\"fr-FR\",\"@id\":\"https:\/\/lyonbondyblog.fr\/LBB\/#\/schema\/logo\/image\/\",\"url\":\"http:\/\/lyonbondyblog.fr\/LBB\/wp-content\/uploads\/2014\/10\/logo-portable-144.png\",\"contentUrl\":\"http:\/\/lyonbondyblog.fr\/LBB\/wp-content\/uploads\/2014\/10\/logo-portable-144.png\",\"width\":144,\"height\":123,\"caption\":\"LYON BONDY BLOG\"},\"image\":{\"@id\":\"https:\/\/lyonbondyblog.fr\/LBB\/#\/schema\/logo\/image\/\"},\"sameAs\":[\"https:\/\/www.facebook.com\/lyonbondyblog\",\"https:\/\/x.com\/bondybloglyon\"]},{\"@type\":\"Person\",\"@id\":\"https:\/\/lyonbondyblog.fr\/LBB\/#\/schema\/person\/e45f8d27baac75072daa0be50c409b25\",\"name\":\"La r\u00e9daction\",\"description\":\"Cr\u00e9e en 2008, la r\u00e9daction du Lyon Bondy Blog s'applique \u00e0 proposer une information locale diff\u00e9rente et compl\u00e9mentaire des m\u00e9dias traditionnels.\",\"sameAs\":[\"https:\/\/www.facebook.com\/lyonbondyblog\",\"https:\/\/x.com\/BondyBlogLyon\"],\"url\":\"https:\/\/lyonbondyblog.fr\/LBB\/author\/admin\/\"}]}<\/script>\n<!-- \/ Yoast SEO plugin. -->","yoast_head_json":{"title":"Sensibilisation sur l'arme nucl\u00e9aire : les jeunes karat\u00e9kas de Vaulx-en-Velin r\u00e9compens\u00e9s par les Troph\u00e9es de l'Engagement de la Ville de Lyon - Lyon Bondy Blog","robots":{"index":"index","follow":"follow","max-snippet":"max-snippet:-1","max-image-preview":"max-image-preview:large","max-video-preview":"max-video-preview:-1"},"canonical":"https:\/\/lyonbondyblog.fr\/LBB\/sensibilisation-sur-larme-nucleaire-les-jeunes-karatekas-de-vaulx-en-velin-recompenses-par-les-trophees-de-lengagement-de-la-ville-de-lyon\/","og_locale":"fr_FR","og_type":"article","og_title":"Sensibilisation sur l'arme nucl\u00e9aire : les jeunes karat\u00e9kas de Vaulx-en-Velin r\u00e9compens\u00e9s par les Troph\u00e9es de l'Engagement de la Ville de Lyon - Lyon Bondy Blog","og_description":"18 ANS A LYON &#8211; Pour la 3\u00e8me ann\u00e9e cons\u00e9cutive, le Lyon Bondy Blog \u00e9tait pr\u00e9sent ce samedi 19 novembre 2011 \u00e0 cet \u00e9v\u00e8nement destin\u00e9 &hellip;","og_url":"https:\/\/lyonbondyblog.fr\/LBB\/sensibilisation-sur-larme-nucleaire-les-jeunes-karatekas-de-vaulx-en-velin-recompenses-par-les-trophees-de-lengagement-de-la-ville-de-lyon\/","og_site_name":"Lyon Bondy Blog","article_publisher":"https:\/\/www.facebook.com\/lyonbondyblog","article_author":"https:\/\/www.facebook.com\/lyonbondyblog","article_published_time":"2011-11-22T11:02:44+00:00","article_modified_time":"2013-07-26T10:05:22+00:00","og_image":[{"width":193,"height":140,"url":"https:\/\/lyonbondyblog.fr\/LBB\/wp-content\/uploads\/2013\/07\/image_1_t.jpg","type":"image\/jpeg"}],"author":"La r\u00e9daction","twitter_card":"summary_large_image","twitter_creator":"@BondyBlogLyon","twitter_site":"@bondybloglyon","schema":{"@context":"https:\/\/schema.org","@graph":[{"@type":"Article","@id":"https:\/\/lyonbondyblog.fr\/LBB\/sensibilisation-sur-larme-nucleaire-les-jeunes-karatekas-de-vaulx-en-velin-recompenses-par-les-trophees-de-lengagement-de-la-ville-de-lyon\/#article","isPartOf":{"@id":"https:\/\/lyonbondyblog.fr\/LBB\/sensibilisation-sur-larme-nucleaire-les-jeunes-karatekas-de-vaulx-en-velin-recompenses-par-les-trophees-de-lengagement-de-la-ville-de-lyon\/"},"author":{"name":"La r\u00e9daction","@id":"https:\/\/lyonbondyblog.fr\/LBB\/#\/schema\/person\/e45f8d27baac75072daa0be50c409b25"},"headline":"Sensibilisation sur l&rsquo;arme nucl\u00e9aire : les jeunes karat\u00e9kas de Vaulx-en-Velin r\u00e9compens\u00e9s par les Troph\u00e9es de l&rsquo;Engagement de la Ville de Lyon","datePublished":"2011-11-22T11:02:44+00:00","dateModified":"2013-07-26T10:05:22+00:00","mainEntityOfPage":{"@id":"https:\/\/lyonbondyblog.fr\/LBB\/sensibilisation-sur-larme-nucleaire-les-jeunes-karatekas-de-vaulx-en-velin-recompenses-par-les-trophees-de-lengagement-de-la-ville-de-lyon\/"},"wordCount":575,"commentCount":0,"publisher":{"@id":"https:\/\/lyonbondyblog.fr\/LBB\/#organization"},"image":{"@id":"https:\/\/lyonbondyblog.fr\/LBB\/sensibilisation-sur-larme-nucleaire-les-jeunes-karatekas-de-vaulx-en-velin-recompenses-par-les-trophees-de-lengagement-de-la-ville-de-lyon\/#primaryimage"},"thumbnailUrl":"https:\/\/lyonbondyblog.fr\/LBB\/wp-content\/uploads\/2013\/07\/image_1_t.jpg","keywords":["lyon","Lyon Bondy Blog"],"articleSection":["Lyon"],"inLanguage":"fr-FR","potentialAction":[{"@type":"CommentAction","name":"Comment","target":["https:\/\/lyonbondyblog.fr\/LBB\/sensibilisation-sur-larme-nucleaire-les-jeunes-karatekas-de-vaulx-en-velin-recompenses-par-les-trophees-de-lengagement-de-la-ville-de-lyon\/#respond"]}]},{"@type":"WebPage","@id":"https:\/\/lyonbondyblog.fr\/LBB\/sensibilisation-sur-larme-nucleaire-les-jeunes-karatekas-de-vaulx-en-velin-recompenses-par-les-trophees-de-lengagement-de-la-ville-de-lyon\/","url":"https:\/\/lyonbondyblog.fr\/LBB\/sensibilisation-sur-larme-nucleaire-les-jeunes-karatekas-de-vaulx-en-velin-recompenses-par-les-trophees-de-lengagement-de-la-ville-de-lyon\/","name":"Sensibilisation sur l'arme nucl\u00e9aire : les jeunes karat\u00e9kas de Vaulx-en-Velin r\u00e9compens\u00e9s par les Troph\u00e9es de l'Engagement de la Ville de Lyon - Lyon Bondy Blog","isPartOf":{"@id":"https:\/\/lyonbondyblog.fr\/LBB\/#website"},"primaryImageOfPage":{"@id":"https:\/\/lyonbondyblog.fr\/LBB\/sensibilisation-sur-larme-nucleaire-les-jeunes-karatekas-de-vaulx-en-velin-recompenses-par-les-trophees-de-lengagement-de-la-ville-de-lyon\/#primaryimage"},"image":{"@id":"https:\/\/lyonbondyblog.fr\/LBB\/sensibilisation-sur-larme-nucleaire-les-jeunes-karatekas-de-vaulx-en-velin-recompenses-par-les-trophees-de-lengagement-de-la-ville-de-lyon\/#primaryimage"},"thumbnailUrl":"https:\/\/lyonbondyblog.fr\/LBB\/wp-content\/uploads\/2013\/07\/image_1_t.jpg","datePublished":"2011-11-22T11:02:44+00:00","dateModified":"2013-07-26T10:05:22+00:00","inLanguage":"fr-FR","potentialAction":[{"@type":"ReadAction","target":["https:\/\/lyonbondyblog.fr\/LBB\/sensibilisation-sur-larme-nucleaire-les-jeunes-karatekas-de-vaulx-en-velin-recompenses-par-les-trophees-de-lengagement-de-la-ville-de-lyon\/"]}]},{"@type":"ImageObject","inLanguage":"fr-FR","@id":"https:\/\/lyonbondyblog.fr\/LBB\/sensibilisation-sur-larme-nucleaire-les-jeunes-karatekas-de-vaulx-en-velin-recompenses-par-les-trophees-de-lengagement-de-la-ville-de-lyon\/#primaryimage","url":"https:\/\/lyonbondyblog.fr\/LBB\/wp-content\/uploads\/2013\/07\/image_1_t.jpg","contentUrl":"https:\/\/lyonbondyblog.fr\/LBB\/wp-content\/uploads\/2013\/07\/image_1_t.jpg","width":193,"height":140},{"@type":"WebSite","@id":"https:\/\/lyonbondyblog.fr\/LBB\/#website","url":"https:\/\/lyonbondyblog.fr\/LBB\/","name":"Lyon Bondy Blog","description":"","publisher":{"@id":"https:\/\/lyonbondyblog.fr\/LBB\/#organization"},"potentialAction":[{"@type":"SearchAction","target":{"@type":"EntryPoint","urlTemplate":"https:\/\/lyonbondyblog.fr\/LBB\/?s={search_term_string}"},"query-input":"required name=search_term_string"}],"inLanguage":"fr-FR"},{"@type":"Organization","@id":"https:\/\/lyonbondyblog.fr\/LBB\/#organization","name":"LYON BONDY BLOG","url":"https:\/\/lyonbondyblog.fr\/LBB\/","logo":{"@type":"ImageObject","inLanguage":"fr-FR","@id":"https:\/\/lyonbondyblog.fr\/LBB\/#\/schema\/logo\/image\/","url":"http:\/\/lyonbondyblog.fr\/LBB\/wp-content\/uploads\/2014\/10\/logo-portable-144.png","contentUrl":"http:\/\/lyonbondyblog.fr\/LBB\/wp-content\/uploads\/2014\/10\/logo-portable-144.png","width":144,"height":123,"caption":"LYON BONDY BLOG"},"image":{"@id":"https:\/\/lyonbondyblog.fr\/LBB\/#\/schema\/logo\/image\/"},"sameAs":["https:\/\/www.facebook.com\/lyonbondyblog","https:\/\/x.com\/bondybloglyon"]},{"@type":"Person","@id":"https:\/\/lyonbondyblog.fr\/LBB\/#\/schema\/person\/e45f8d27baac75072daa0be50c409b25","name":"La r\u00e9daction","description":"Cr\u00e9e en 2008, la r\u00e9daction du Lyon Bondy Blog s'applique \u00e0 proposer une information locale diff\u00e9rente et compl\u00e9mentaire des m\u00e9dias traditionnels.","sameAs":["https:\/\/www.facebook.com\/lyonbondyblog","https:\/\/x.com\/BondyBlogLyon"],"url":"https:\/\/lyonbondyblog.fr\/LBB\/author\/admin\/"}]}},"_links":{"self":[{"href":"https:\/\/lyonbondyblog.fr\/LBB\/wp-json\/wp\/v2\/posts\/1709","targetHints":{"allow":["GET"]}}],"collection":[{"href":"https:\/\/lyonbondyblog.fr\/LBB\/wp-json\/wp\/v2\/posts"}],"about":[{"href":"https:\/\/lyonbondyblog.fr\/LBB\/wp-json\/wp\/v2\/types\/post"}],"author":[{"embeddable":true,"href":"https:\/\/lyonbondyblog.fr\/LBB\/wp-json\/wp\/v2\/users\/1"}],"replies":[{"embeddable":true,"href":"https:\/\/lyonbondyblog.fr\/LBB\/wp-json\/wp\/v2\/comments?post=1709"}],"version-history":[{"count":0,"href":"https:\/\/lyonbondyblog.fr\/LBB\/wp-json\/wp\/v2\/posts\/1709\/revisions"}],"wp:featuredmedia":[{"embeddable":true,"href":"https:\/\/lyonbondyblog.fr\/LBB\/wp-json\/wp\/v2\/media\/1712"}],"wp:attachment":[{"href":"https:\/\/lyonbondyblog.fr\/LBB\/wp-json\/wp\/v2\/media?parent=1709"}],"wp:term":[{"taxonomy":"category","embeddable":true,"href":"https:\/\/lyonbondyblog.fr\/LBB\/wp-json\/wp\/v2\/categories?post=1709"},{"taxonomy":"post_tag","embeddable":true,"href":"https:\/\/lyonbondyblog.fr\/LBB\/wp-json\/wp\/v2\/tags?post=1709"}],"curies":[{"name":"wp","href":"https:\/\/api.w.org\/{rel}","templated":true}]}}