{"id":1704,"date":"2011-12-01T12:01:12","date_gmt":"2011-12-01T11:01:12","guid":{"rendered":"http:\/\/lyonbondyblog.fr\/LBB\/?p=1704"},"modified":"2013-07-26T12:04:07","modified_gmt":"2013-07-26T10:04:07","slug":"forum-libe-le-retour-de-la-politique-au-coeur-de-la-cite","status":"publish","type":"post","link":"https:\/\/lyonbondyblog.fr\/LBB\/forum-libe-le-retour-de-la-politique-au-coeur-de-la-cite\/","title":{"rendered":"[Forum Lib\u00e9] Le retour de la politique au c\u0153ur de la cit\u00e9"},"content":{"rendered":"<p><strong>\u00ab\u00a0Trois jours de d\u00e9bats, d\u2019expressions et d\u2019\u00e9change\u00a0\u00bb : C\u2019est ce que l\u2019on pouvait lire sur les affiches du Forum Lib\u00e9ration qui s\u2019est d\u00e9roul\u00e9 le week-end du 25, 26 et 27 novembre. Avec plus de 20 000 visiteurs qui se sont mass\u00e9s dans les salons de l\u2019h\u00f4tel de ville et de l\u2019op\u00e9ra, le contrat semble rempli. Maxime revient sur les \u00e9changes et les d\u00e9bats qu&rsquo;on suivi les bloggeurs du Lyon Bondy Blog.<\/strong><\/p>\n<div><a title=\" -- Cliquez pour voir l'image en entier\" href=\"http:\/\/yahoo.lyon.bondyblog.fr\/images\/DSC3837bisW_lt.jpg\" target=\"_blank\"> <img loading=\"lazy\" decoding=\"async\" class=\"alignleft\" style=\"border: 0px none;\" alt=\" -- Cliquez pour voir l'image en entier\" src=\"http:\/\/yahoo.lyon.bondyblog.fr\/images\/DSC3837bisW_lt_t.jpg\" width=\"193\" height=\"128\" border=\"0\" \/> <\/a><\/div>\n<div>L\u2019effervescence qui a r\u00e9gn\u00e9 dans ces hauts-lieux de la ville lyonnaise n\u2019est certes pas dissociable du contexte actuel ni de l\u2019\u00e9ch\u00e9ance pr\u00e9sidentielle \u00e0 venir. Les conf\u00e9rences avec pour h\u00f4tes des candidats pr\u00e9sidentiels affichaient complets depuis plusieurs semaines. Sur le terrain, cette tendance s\u2019est rapidement confirm\u00e9e. Certaines salles de d\u00e9bats se sont rapidement transform\u00e9es en ar\u00e8nes politiques. Dominique de Villepin n\u2019a pas h\u00e9sit\u00e9 \u00e0 tacler \u00e0 plusieurs reprises l\u2019actuel chef de l\u2019Etat, tandis que Fran\u00e7ois Hollande, profitant d\u2019un d\u00e9bat avec Pierre Rosanvallon sur \u00ab\u00a0Comment reconstruire l\u2019\u00e9galit\u00e9\u00a0? \u00bb, a pu exposer certaines de ses propositions phares, notamment celle du contrat de g\u00e9n\u00e9ration. Le candidat socialiste a lui aussi \u00e9gratign\u00e9 le costume de M. Sarkozy tout en \u00e9vitant de le nommer. La campagne \u00e9lectorale est belle-et-bien lanc\u00e9e devant un auditoire rhodanien attentif et privil\u00e9gi\u00e9.<\/div>\n<p>Le forum Lib\u00e9ration n\u2019avait pas comme unique vocation d\u2019\u00eatre un th\u00e9\u00e2tre g\u00e9ant o\u00f9 d\u00e9ferlaient les leaders politiques. Cet \u00e9v\u00e8nement donnait lieu \u00e0 un \u00e9ventail de conf\u00e9rence tr\u00e8s riche limitant ainsi l\u2019influence et l\u2019omnipr\u00e9sence des d\u00e9bats politico-m\u00e9diatique. La politique ne se restreint pas \u00e0 un champ partisan mais s\u2019ouvre \u00e0 des univers plus larges mais tout aussi int\u00e9ressants pour les visiteurs.<br \/>\nAinsi, des th\u00e8mes comme la bio\u00e9thique, la menace que d&rsquo;internet sur livre, la faim dans le monde ou encore sur le happy-end de l\u2019amour, \u00e9taient des th\u00e8mes abord\u00e9s.<br \/>\nLa diversification de la chose politique est assur\u00e9ment l\u2019un des d\u00e9nominateurs essentiels de la r\u00e9ussite de cette manifestation.<\/p>\n<p>Les rendez-vous quotidiens propos\u00e9s par l\u2019\u00e9quipe de lib\u00e9ration \u00ab autour de l\u2019actu\u00a0\u00bb \u00e9taient aussi un moment fort du forum et un sacr\u00e9 bol d\u2019air pour la parole d\u00e9mocratique. Partant de l\u2019id\u00e9e du micro libre, chaque auditeur pouvait poser une question sans restriction mais dans la limite du respect. Ainsi, un membre de l\u2019assistance n\u2019a pas h\u00e9sit\u00e9 \u00e0 questionner Nicolas Demorand sur le port du costume &#8211; lui qui arpente si souvent le surv\u00eatement \u2013 provoquant ainsi l\u2019hilarit\u00e9 de la foule.<br \/>\nPlus s\u00e9rieusement, de nombreuses questions de fond ont \u00e9t\u00e9 pos\u00e9es, notamment sur l\u2019ind\u00e9pendance des r\u00e9dactions vis-\u00e0-vis des subventions \u00e9tatiques mais aussi vis-\u00e0-vis des grands groupes qui sont actionnaires majoritaires dans certains m\u00e9dias. Qu\u2019on se rassure, la clart\u00e9 et la d\u00e9termination des r\u00e9ponses de l\u2019\u00e9quipe de Lib\u00e9ration nous r\u00e9confortent dans l\u2019autonomie de certains organes de presse. On peut en \u00eatre s\u00fbre pour le quotidien fond\u00e9 par Jean-Paul Sartre.<\/p>\n<p>Les lieux des conf\u00e9rences ont \u00e9t\u00e9 aussi une composante essentielle du retour de la politique au c\u0153ur m\u00eame de la cit\u00e9. Ainsi, le choix de l\u2019h\u00f4tel de ville et de l\u2019op\u00e9ra a permis aux citoyens de se r\u00e9approprier un espace public hautement symbolique\u00a0: c\u2019est \u00e0 la fois un lieu de pouvoir et un lieu culturel qu\u2019a pu investir le public lyonnais. Contrairement aux journ\u00e9es du patrimoine o\u00f9 le citoyen est passif, il est ici actif et est encourag\u00e9 \u00e0 prendre la parole au terme des conf\u00e9rences. Le public n\u2019a pas h\u00e9sit\u00e9, ce qui traduit une profonde volont\u00e9 d\u2019expression au sein m\u00eame du domaine public. Et si ce genre de manifestation \u00e9tait une r\u00e9ponse possible afin d\u2019endiguer l\u2019\u00e9cart sans-cesse grandissant qui semble s\u2019op\u00e9rer entre le peuple et ses dirigeants\u00a0? C\u2019est peut \u00eatre une piste afin d\u2019op\u00e9rer un rapprochement entre d\u00e9mocratie repr\u00e9sentative et d\u00e9mocratie participative, th\u00e8me revendiqu\u00e9 en substance par le mouvement des \u00abindign\u00e9s\u00bb.<\/p>\n<p>En parlant d\u2019\u00abindign\u00e9s\u00bb, au terme de la conf\u00e9rence de Fran\u00e7ois Hollande, un spectateur \u00e0 demand\u00e9 publiquement au candidat socialiste s\u2019il pouvait rendre visite aux \u00abindign\u00e9s\u00bb lyonnais campant sur la place des Terreaux afin d\u2019\u00e9couter leurs revendications. M. Hollande a r\u00e9pondu positivement et les a rencontr\u00e9s. On vous le dit\u00a0: donnez la parole au peuple et des choses improbables peuvent se produire.<\/p>\n<!-- AddThis Advanced Settings generic via filter on the_content --><!-- AddThis Share Buttons generic via filter on the_content -->","protected":false},"excerpt":{"rendered":"<p>\u00ab\u00a0Trois jours de d\u00e9bats, d\u2019expressions et d\u2019\u00e9change\u00a0\u00bb : C\u2019est ce que l\u2019on pouvait lire sur les affiches du Forum Lib\u00e9ration qui s\u2019est d\u00e9roul\u00e9 le week-end &hellip; <!-- AddThis Advanced Settings generic via filter on wp_trim_excerpt --><!-- AddThis Share Buttons generic via filter on wp_trim_excerpt --><\/p>\n","protected":false},"author":11,"featured_media":1710,"comment_status":"open","ping_status":"open","sticky":false,"template":"","format":"standard","meta":{"_FSMCFIC_featured_image_caption":"","_FSMCFIC_featured_image_nocaption":"","_FSMCFIC_featured_image_hide":"","footnotes":""},"categories":[4,2],"tags":[10,112],"class_list":["post-1704","post","type-post","status-publish","format-standard","has-post-thumbnail","hentry","category-lyon","category-societe","tag-lyon-2","tag-lyon-bondy-blog"],"yoast_head":"<!-- This site is optimized with the Yoast SEO plugin v22.8 - https:\/\/yoast.com\/wordpress\/plugins\/seo\/ -->\n<title>[Forum Lib\u00e9] Le retour de la politique au c\u0153ur de la cit\u00e9 - Lyon Bondy Blog<\/title>\n<meta name=\"robots\" content=\"index, follow, max-snippet:-1, max-image-preview:large, max-video-preview:-1\" \/>\n<link rel=\"canonical\" href=\"https:\/\/lyonbondyblog.fr\/LBB\/forum-libe-le-retour-de-la-politique-au-coeur-de-la-cite\/\" \/>\n<meta property=\"og:locale\" content=\"fr_FR\" \/>\n<meta property=\"og:type\" content=\"article\" \/>\n<meta property=\"og:title\" content=\"[Forum Lib\u00e9] Le retour de la politique au c\u0153ur de la cit\u00e9 - Lyon Bondy Blog\" \/>\n<meta property=\"og:description\" content=\"\u00ab\u00a0Trois jours de d\u00e9bats, d\u2019expressions et d\u2019\u00e9change\u00a0\u00bb : C\u2019est ce que l\u2019on pouvait lire sur les affiches du Forum Lib\u00e9ration qui s\u2019est d\u00e9roul\u00e9 le week-end &hellip;\" \/>\n<meta property=\"og:url\" content=\"https:\/\/lyonbondyblog.fr\/LBB\/forum-libe-le-retour-de-la-politique-au-coeur-de-la-cite\/\" \/>\n<meta property=\"og:site_name\" content=\"Lyon Bondy Blog\" \/>\n<meta property=\"article:publisher\" content=\"https:\/\/www.facebook.com\/lyonbondyblog\" \/>\n<meta property=\"article:published_time\" content=\"2011-12-01T11:01:12+00:00\" \/>\n<meta property=\"article:modified_time\" content=\"2013-07-26T10:04:07+00:00\" \/>\n<meta property=\"og:image\" content=\"https:\/\/lyonbondyblog.fr\/LBB\/wp-content\/uploads\/2013\/07\/forum-libe-politique_t.jpg\" \/>\n\t<meta property=\"og:image:width\" content=\"193\" \/>\n\t<meta property=\"og:image:height\" content=\"128\" \/>\n\t<meta property=\"og:image:type\" content=\"image\/jpeg\" \/>\n<meta name=\"author\" content=\"Maxime Hanssen\" \/>\n<meta name=\"twitter:card\" content=\"summary_large_image\" \/>\n<meta name=\"twitter:creator\" content=\"@HanssenMaxime\" \/>\n<meta name=\"twitter:site\" content=\"@bondybloglyon\" \/>\n<script type=\"application\/ld+json\" class=\"yoast-schema-graph\">{\"@context\":\"https:\/\/schema.org\",\"@graph\":[{\"@type\":\"Article\",\"@id\":\"https:\/\/lyonbondyblog.fr\/LBB\/forum-libe-le-retour-de-la-politique-au-coeur-de-la-cite\/#article\",\"isPartOf\":{\"@id\":\"https:\/\/lyonbondyblog.fr\/LBB\/forum-libe-le-retour-de-la-politique-au-coeur-de-la-cite\/\"},\"author\":{\"name\":\"Maxime Hanssen\",\"@id\":\"https:\/\/lyonbondyblog.fr\/LBB\/#\/schema\/person\/cc7d2de10d3ff4c29231fcdd3dc720c8\"},\"headline\":\"[Forum Lib\u00e9] Le retour de la politique au c\u0153ur de la cit\u00e9\",\"datePublished\":\"2011-12-01T11:01:12+00:00\",\"dateModified\":\"2013-07-26T10:04:07+00:00\",\"mainEntityOfPage\":{\"@id\":\"https:\/\/lyonbondyblog.fr\/LBB\/forum-libe-le-retour-de-la-politique-au-coeur-de-la-cite\/\"},\"wordCount\":794,\"commentCount\":0,\"publisher\":{\"@id\":\"https:\/\/lyonbondyblog.fr\/LBB\/#organization\"},\"image\":{\"@id\":\"https:\/\/lyonbondyblog.fr\/LBB\/forum-libe-le-retour-de-la-politique-au-coeur-de-la-cite\/#primaryimage\"},\"thumbnailUrl\":\"https:\/\/lyonbondyblog.fr\/LBB\/wp-content\/uploads\/2013\/07\/forum-libe-politique_t.jpg\",\"keywords\":[\"lyon\",\"Lyon Bondy Blog\"],\"articleSection\":[\"Lyon\",\"Soci\u00e9t\u00e9\"],\"inLanguage\":\"fr-FR\",\"potentialAction\":[{\"@type\":\"CommentAction\",\"name\":\"Comment\",\"target\":[\"https:\/\/lyonbondyblog.fr\/LBB\/forum-libe-le-retour-de-la-politique-au-coeur-de-la-cite\/#respond\"]}]},{\"@type\":\"WebPage\",\"@id\":\"https:\/\/lyonbondyblog.fr\/LBB\/forum-libe-le-retour-de-la-politique-au-coeur-de-la-cite\/\",\"url\":\"https:\/\/lyonbondyblog.fr\/LBB\/forum-libe-le-retour-de-la-politique-au-coeur-de-la-cite\/\",\"name\":\"[Forum Lib\u00e9] Le retour de la politique au c\u0153ur de la cit\u00e9 - Lyon Bondy Blog\",\"isPartOf\":{\"@id\":\"https:\/\/lyonbondyblog.fr\/LBB\/#website\"},\"primaryImageOfPage\":{\"@id\":\"https:\/\/lyonbondyblog.fr\/LBB\/forum-libe-le-retour-de-la-politique-au-coeur-de-la-cite\/#primaryimage\"},\"image\":{\"@id\":\"https:\/\/lyonbondyblog.fr\/LBB\/forum-libe-le-retour-de-la-politique-au-coeur-de-la-cite\/#primaryimage\"},\"thumbnailUrl\":\"https:\/\/lyonbondyblog.fr\/LBB\/wp-content\/uploads\/2013\/07\/forum-libe-politique_t.jpg\",\"datePublished\":\"2011-12-01T11:01:12+00:00\",\"dateModified\":\"2013-07-26T10:04:07+00:00\",\"inLanguage\":\"fr-FR\",\"potentialAction\":[{\"@type\":\"ReadAction\",\"target\":[\"https:\/\/lyonbondyblog.fr\/LBB\/forum-libe-le-retour-de-la-politique-au-coeur-de-la-cite\/\"]}]},{\"@type\":\"ImageObject\",\"inLanguage\":\"fr-FR\",\"@id\":\"https:\/\/lyonbondyblog.fr\/LBB\/forum-libe-le-retour-de-la-politique-au-coeur-de-la-cite\/#primaryimage\",\"url\":\"https:\/\/lyonbondyblog.fr\/LBB\/wp-content\/uploads\/2013\/07\/forum-libe-politique_t.jpg\",\"contentUrl\":\"https:\/\/lyonbondyblog.fr\/LBB\/wp-content\/uploads\/2013\/07\/forum-libe-politique_t.jpg\",\"width\":193,\"height\":128},{\"@type\":\"WebSite\",\"@id\":\"https:\/\/lyonbondyblog.fr\/LBB\/#website\",\"url\":\"https:\/\/lyonbondyblog.fr\/LBB\/\",\"name\":\"Lyon Bondy Blog\",\"description\":\"\",\"publisher\":{\"@id\":\"https:\/\/lyonbondyblog.fr\/LBB\/#organization\"},\"potentialAction\":[{\"@type\":\"SearchAction\",\"target\":{\"@type\":\"EntryPoint\",\"urlTemplate\":\"https:\/\/lyonbondyblog.fr\/LBB\/?s={search_term_string}\"},\"query-input\":\"required name=search_term_string\"}],\"inLanguage\":\"fr-FR\"},{\"@type\":\"Organization\",\"@id\":\"https:\/\/lyonbondyblog.fr\/LBB\/#organization\",\"name\":\"LYON BONDY BLOG\",\"url\":\"https:\/\/lyonbondyblog.fr\/LBB\/\",\"logo\":{\"@type\":\"ImageObject\",\"inLanguage\":\"fr-FR\",\"@id\":\"https:\/\/lyonbondyblog.fr\/LBB\/#\/schema\/logo\/image\/\",\"url\":\"http:\/\/lyonbondyblog.fr\/LBB\/wp-content\/uploads\/2014\/10\/logo-portable-144.png\",\"contentUrl\":\"http:\/\/lyonbondyblog.fr\/LBB\/wp-content\/uploads\/2014\/10\/logo-portable-144.png\",\"width\":144,\"height\":123,\"caption\":\"LYON BONDY BLOG\"},\"image\":{\"@id\":\"https:\/\/lyonbondyblog.fr\/LBB\/#\/schema\/logo\/image\/\"},\"sameAs\":[\"https:\/\/www.facebook.com\/lyonbondyblog\",\"https:\/\/x.com\/bondybloglyon\"]},{\"@type\":\"Person\",\"@id\":\"https:\/\/lyonbondyblog.fr\/LBB\/#\/schema\/person\/cc7d2de10d3ff4c29231fcdd3dc720c8\",\"name\":\"Maxime Hanssen\",\"description\":\"Ex Service civique au #LBB. Dipl\u00f4m\u00e9 d'une ma\u00eetrise d'Histoire apr\u00e8s un m\u00e9moire de recherche sur l'histoire politique de la Hongrie. Journaliste \u00e0 Acteurs de l'\u00e9conomie - La Tribune. En formation professionnelle \u00e0 l'ESJ Lille Pro. Contributeur \u00e9ternel au LBB et citoyen europ\u00e9en.\",\"sameAs\":[\"https:\/\/x.com\/HanssenMaxime\"],\"url\":\"https:\/\/lyonbondyblog.fr\/LBB\/author\/maxime\/\"}]}<\/script>\n<!-- \/ Yoast SEO plugin. -->","yoast_head_json":{"title":"[Forum Lib\u00e9] Le retour de la politique au c\u0153ur de la cit\u00e9 - Lyon Bondy Blog","robots":{"index":"index","follow":"follow","max-snippet":"max-snippet:-1","max-image-preview":"max-image-preview:large","max-video-preview":"max-video-preview:-1"},"canonical":"https:\/\/lyonbondyblog.fr\/LBB\/forum-libe-le-retour-de-la-politique-au-coeur-de-la-cite\/","og_locale":"fr_FR","og_type":"article","og_title":"[Forum Lib\u00e9] Le retour de la politique au c\u0153ur de la cit\u00e9 - Lyon Bondy Blog","og_description":"\u00ab\u00a0Trois jours de d\u00e9bats, d\u2019expressions et d\u2019\u00e9change\u00a0\u00bb : C\u2019est ce que l\u2019on pouvait lire sur les affiches du Forum Lib\u00e9ration qui s\u2019est d\u00e9roul\u00e9 le week-end &hellip;","og_url":"https:\/\/lyonbondyblog.fr\/LBB\/forum-libe-le-retour-de-la-politique-au-coeur-de-la-cite\/","og_site_name":"Lyon Bondy Blog","article_publisher":"https:\/\/www.facebook.com\/lyonbondyblog","article_published_time":"2011-12-01T11:01:12+00:00","article_modified_time":"2013-07-26T10:04:07+00:00","og_image":[{"width":193,"height":128,"url":"https:\/\/lyonbondyblog.fr\/LBB\/wp-content\/uploads\/2013\/07\/forum-libe-politique_t.jpg","type":"image\/jpeg"}],"author":"Maxime Hanssen","twitter_card":"summary_large_image","twitter_creator":"@HanssenMaxime","twitter_site":"@bondybloglyon","schema":{"@context":"https:\/\/schema.org","@graph":[{"@type":"Article","@id":"https:\/\/lyonbondyblog.fr\/LBB\/forum-libe-le-retour-de-la-politique-au-coeur-de-la-cite\/#article","isPartOf":{"@id":"https:\/\/lyonbondyblog.fr\/LBB\/forum-libe-le-retour-de-la-politique-au-coeur-de-la-cite\/"},"author":{"name":"Maxime Hanssen","@id":"https:\/\/lyonbondyblog.fr\/LBB\/#\/schema\/person\/cc7d2de10d3ff4c29231fcdd3dc720c8"},"headline":"[Forum Lib\u00e9] Le retour de la politique au c\u0153ur de la cit\u00e9","datePublished":"2011-12-01T11:01:12+00:00","dateModified":"2013-07-26T10:04:07+00:00","mainEntityOfPage":{"@id":"https:\/\/lyonbondyblog.fr\/LBB\/forum-libe-le-retour-de-la-politique-au-coeur-de-la-cite\/"},"wordCount":794,"commentCount":0,"publisher":{"@id":"https:\/\/lyonbondyblog.fr\/LBB\/#organization"},"image":{"@id":"https:\/\/lyonbondyblog.fr\/LBB\/forum-libe-le-retour-de-la-politique-au-coeur-de-la-cite\/#primaryimage"},"thumbnailUrl":"https:\/\/lyonbondyblog.fr\/LBB\/wp-content\/uploads\/2013\/07\/forum-libe-politique_t.jpg","keywords":["lyon","Lyon Bondy Blog"],"articleSection":["Lyon","Soci\u00e9t\u00e9"],"inLanguage":"fr-FR","potentialAction":[{"@type":"CommentAction","name":"Comment","target":["https:\/\/lyonbondyblog.fr\/LBB\/forum-libe-le-retour-de-la-politique-au-coeur-de-la-cite\/#respond"]}]},{"@type":"WebPage","@id":"https:\/\/lyonbondyblog.fr\/LBB\/forum-libe-le-retour-de-la-politique-au-coeur-de-la-cite\/","url":"https:\/\/lyonbondyblog.fr\/LBB\/forum-libe-le-retour-de-la-politique-au-coeur-de-la-cite\/","name":"[Forum Lib\u00e9] Le retour de la politique au c\u0153ur de la cit\u00e9 - Lyon Bondy Blog","isPartOf":{"@id":"https:\/\/lyonbondyblog.fr\/LBB\/#website"},"primaryImageOfPage":{"@id":"https:\/\/lyonbondyblog.fr\/LBB\/forum-libe-le-retour-de-la-politique-au-coeur-de-la-cite\/#primaryimage"},"image":{"@id":"https:\/\/lyonbondyblog.fr\/LBB\/forum-libe-le-retour-de-la-politique-au-coeur-de-la-cite\/#primaryimage"},"thumbnailUrl":"https:\/\/lyonbondyblog.fr\/LBB\/wp-content\/uploads\/2013\/07\/forum-libe-politique_t.jpg","datePublished":"2011-12-01T11:01:12+00:00","dateModified":"2013-07-26T10:04:07+00:00","inLanguage":"fr-FR","potentialAction":[{"@type":"ReadAction","target":["https:\/\/lyonbondyblog.fr\/LBB\/forum-libe-le-retour-de-la-politique-au-coeur-de-la-cite\/"]}]},{"@type":"ImageObject","inLanguage":"fr-FR","@id":"https:\/\/lyonbondyblog.fr\/LBB\/forum-libe-le-retour-de-la-politique-au-coeur-de-la-cite\/#primaryimage","url":"https:\/\/lyonbondyblog.fr\/LBB\/wp-content\/uploads\/2013\/07\/forum-libe-politique_t.jpg","contentUrl":"https:\/\/lyonbondyblog.fr\/LBB\/wp-content\/uploads\/2013\/07\/forum-libe-politique_t.jpg","width":193,"height":128},{"@type":"WebSite","@id":"https:\/\/lyonbondyblog.fr\/LBB\/#website","url":"https:\/\/lyonbondyblog.fr\/LBB\/","name":"Lyon Bondy Blog","description":"","publisher":{"@id":"https:\/\/lyonbondyblog.fr\/LBB\/#organization"},"potentialAction":[{"@type":"SearchAction","target":{"@type":"EntryPoint","urlTemplate":"https:\/\/lyonbondyblog.fr\/LBB\/?s={search_term_string}"},"query-input":"required name=search_term_string"}],"inLanguage":"fr-FR"},{"@type":"Organization","@id":"https:\/\/lyonbondyblog.fr\/LBB\/#organization","name":"LYON BONDY BLOG","url":"https:\/\/lyonbondyblog.fr\/LBB\/","logo":{"@type":"ImageObject","inLanguage":"fr-FR","@id":"https:\/\/lyonbondyblog.fr\/LBB\/#\/schema\/logo\/image\/","url":"http:\/\/lyonbondyblog.fr\/LBB\/wp-content\/uploads\/2014\/10\/logo-portable-144.png","contentUrl":"http:\/\/lyonbondyblog.fr\/LBB\/wp-content\/uploads\/2014\/10\/logo-portable-144.png","width":144,"height":123,"caption":"LYON BONDY BLOG"},"image":{"@id":"https:\/\/lyonbondyblog.fr\/LBB\/#\/schema\/logo\/image\/"},"sameAs":["https:\/\/www.facebook.com\/lyonbondyblog","https:\/\/x.com\/bondybloglyon"]},{"@type":"Person","@id":"https:\/\/lyonbondyblog.fr\/LBB\/#\/schema\/person\/cc7d2de10d3ff4c29231fcdd3dc720c8","name":"Maxime Hanssen","description":"Ex Service civique au #LBB. Dipl\u00f4m\u00e9 d'une ma\u00eetrise d'Histoire apr\u00e8s un m\u00e9moire de recherche sur l'histoire politique de la Hongrie. Journaliste \u00e0 Acteurs de l'\u00e9conomie - La Tribune. En formation professionnelle \u00e0 l'ESJ Lille Pro. Contributeur \u00e9ternel au LBB et citoyen europ\u00e9en.","sameAs":["https:\/\/x.com\/HanssenMaxime"],"url":"https:\/\/lyonbondyblog.fr\/LBB\/author\/maxime\/"}]}},"_links":{"self":[{"href":"https:\/\/lyonbondyblog.fr\/LBB\/wp-json\/wp\/v2\/posts\/1704","targetHints":{"allow":["GET"]}}],"collection":[{"href":"https:\/\/lyonbondyblog.fr\/LBB\/wp-json\/wp\/v2\/posts"}],"about":[{"href":"https:\/\/lyonbondyblog.fr\/LBB\/wp-json\/wp\/v2\/types\/post"}],"author":[{"embeddable":true,"href":"https:\/\/lyonbondyblog.fr\/LBB\/wp-json\/wp\/v2\/users\/11"}],"replies":[{"embeddable":true,"href":"https:\/\/lyonbondyblog.fr\/LBB\/wp-json\/wp\/v2\/comments?post=1704"}],"version-history":[{"count":0,"href":"https:\/\/lyonbondyblog.fr\/LBB\/wp-json\/wp\/v2\/posts\/1704\/revisions"}],"wp:featuredmedia":[{"embeddable":true,"href":"https:\/\/lyonbondyblog.fr\/LBB\/wp-json\/wp\/v2\/media\/1710"}],"wp:attachment":[{"href":"https:\/\/lyonbondyblog.fr\/LBB\/wp-json\/wp\/v2\/media?parent=1704"}],"wp:term":[{"taxonomy":"category","embeddable":true,"href":"https:\/\/lyonbondyblog.fr\/LBB\/wp-json\/wp\/v2\/categories?post=1704"},{"taxonomy":"post_tag","embeddable":true,"href":"https:\/\/lyonbondyblog.fr\/LBB\/wp-json\/wp\/v2\/tags?post=1704"}],"curies":[{"name":"wp","href":"https:\/\/api.w.org\/{rel}","templated":true}]}}