{"id":1690,"date":"2011-12-05T11:51:13","date_gmt":"2011-12-05T10:51:13","guid":{"rendered":"http:\/\/lyonbondyblog.fr\/LBB\/?p=1690"},"modified":"2013-07-26T11:55:29","modified_gmt":"2013-07-26T09:55:29","slug":"ruth-elkrief-la-journaliste-de-longue-date-donne-son-avis-sur-les-blogs","status":"publish","type":"post","link":"https:\/\/lyonbondyblog.fr\/LBB\/ruth-elkrief-la-journaliste-de-longue-date-donne-son-avis-sur-les-blogs\/","title":{"rendered":"Ruth Elkrief: la journaliste de longue date donne son avis sur les blogs."},"content":{"rendered":"<p>Lors du Forum Lib\u00e9, Laura a assist\u00e9 \u00e0 une conf\u00e9rence sur les m\u00e9dias traditionnels et les r\u00e9voltes populaires, anim\u00e9e par Pierre Haski (Rue 89) et Ruth Elkrief (BFM TV). Interview face \u00e0 face avec Ruth Elkrief\u00a0!<\/p>\n<div><a title=\" -- Cliquez pour voir l'image en entier\" href=\"http:\/\/yahoo.lyon.bondyblog.fr\/images\/DSC4287bis_lt.jpg\" target=\"_blank\"> <img decoding=\"async\" alt=\" -- Cliquez pour voir l'image en entier\" src=\"http:\/\/yahoo.lyon.bondyblog.fr\/images\/DSC4287bis_lt_t.jpg\" border=\"0\" \/> <\/a><\/div>\n<div><\/div>\n<p>Petit rappel, Ruth Elkrief est une journaliste TV, arriv\u00e9e \u00e0 TF1 en 1987 qui a berc\u00e9 toute une g\u00e9n\u00e9ration d&rsquo;enfants que nous \u00e9tions, pos\u00e9s devant le journal de 20h, nous n&rsquo;y comprenions pas grand chose, mais le visage doux de la pr\u00e9sentatrice rendait l&rsquo;activit\u00e9 plus plaisante\u2026<br \/>\nElle rejoint la radio dans les ann\u00e9es 2000, ce qui la m\u00e8nera \u00e0 nouveau sur les plateaux TV, chez BFM, jusqu&rsquo;\u00e0 aujourd&rsquo;hui.<\/p>\n<p><object width=\"320\" height=\"240\" classid=\"clsid:d27cdb6e-ae6d-11cf-96b8-444553540000\" codebase=\"http:\/\/download.macromedia.com\/pub\/shockwave\/cabs\/flash\/swflash.cab#version=6,0,40,0\"><param name=\"src\" value=\"http:\/\/vimeo.com\/33102771\" \/><embed width=\"320\" height=\"240\" type=\"application\/x-shockwave-flash\" src=\"http:\/\/vimeo.com\/33102771\" \/><\/object><\/p>\n<p>Les discussions lors du d\u00e9bat portaient majoritairement sur les nouvelles fa\u00e7ons de travailler dans les grandes r\u00e9dactions (Le Monde, Lib\u00e9, F3, BFM TV, \u2026). Depuis l&rsquo;arriv\u00e9e d&rsquo;Internet et des bloggeurs les journalistes professionnels doivent faire face \u00e0 la fois \u00e0 des nouvelles sources mais aussi \u00e0 la contrainte du temps.<\/p>\n<p>Il se trouve que les blogs proposent, -pas depuis leurs d\u00e9buts mais depuis quelques temps- une approche plus expressive des sujets journalistiques pr\u00e9cis\u00e9ment parce que les bloggeurs ont le temps. Et peuvent se permettre de revenir sur un sujet, l&rsquo;alimenter, l&rsquo;enrichir d&rsquo;autres articles et ainsi donner un th\u00e8me fort \u00e0 leurs propres blogs, de plus en plus consult\u00e9s par les internautes\u00a0!<\/p>\n<p><span style=\"text-decoration: underline;\">Journaliste : Laura Tangre<\/span><\/p>\n<!-- AddThis Advanced Settings generic via filter on the_content --><!-- AddThis Share Buttons generic via filter on the_content -->","protected":false},"excerpt":{"rendered":"<p>Lors du Forum Lib\u00e9, Laura a assist\u00e9 \u00e0 une conf\u00e9rence sur les m\u00e9dias traditionnels et les r\u00e9voltes populaires, anim\u00e9e par Pierre Haski (Rue 89) et &hellip; <!-- AddThis Advanced Settings generic via filter on wp_trim_excerpt --><!-- AddThis Share Buttons generic via filter on wp_trim_excerpt --><\/p>\n","protected":false},"author":1,"featured_media":1693,"comment_status":"open","ping_status":"open","sticky":false,"template":"","format":"standard","meta":{"_FSMCFIC_featured_image_caption":"","_FSMCFIC_featured_image_nocaption":"","_FSMCFIC_featured_image_hide":"","footnotes":""},"categories":[4],"tags":[10,112],"class_list":["post-1690","post","type-post","status-publish","format-standard","has-post-thumbnail","hentry","category-lyon","tag-lyon-2","tag-lyon-bondy-blog"],"yoast_head":"<!-- This site is optimized with the Yoast SEO plugin v22.8 - https:\/\/yoast.com\/wordpress\/plugins\/seo\/ -->\n<title>Ruth Elkrief: la journaliste de longue date donne son avis sur les blogs. - Lyon Bondy Blog<\/title>\n<meta name=\"robots\" content=\"index, follow, max-snippet:-1, max-image-preview:large, max-video-preview:-1\" \/>\n<link rel=\"canonical\" href=\"https:\/\/lyonbondyblog.fr\/LBB\/ruth-elkrief-la-journaliste-de-longue-date-donne-son-avis-sur-les-blogs\/\" \/>\n<meta property=\"og:locale\" content=\"fr_FR\" \/>\n<meta property=\"og:type\" content=\"article\" \/>\n<meta property=\"og:title\" content=\"Ruth Elkrief: la journaliste de longue date donne son avis sur les blogs. - Lyon Bondy Blog\" \/>\n<meta property=\"og:description\" content=\"Lors du Forum Lib\u00e9, Laura a assist\u00e9 \u00e0 une conf\u00e9rence sur les m\u00e9dias traditionnels et les r\u00e9voltes populaires, anim\u00e9e par Pierre Haski (Rue 89) et &hellip;\" \/>\n<meta property=\"og:url\" content=\"https:\/\/lyonbondyblog.fr\/LBB\/ruth-elkrief-la-journaliste-de-longue-date-donne-son-avis-sur-les-blogs\/\" \/>\n<meta property=\"og:site_name\" content=\"Lyon Bondy Blog\" \/>\n<meta property=\"article:publisher\" content=\"https:\/\/www.facebook.com\/lyonbondyblog\" \/>\n<meta property=\"article:author\" content=\"https:\/\/www.facebook.com\/lyonbondyblog\" \/>\n<meta property=\"article:published_time\" content=\"2011-12-05T10:51:13+00:00\" \/>\n<meta property=\"article:modified_time\" content=\"2013-07-26T09:55:29+00:00\" \/>\n<meta property=\"og:image\" content=\"https:\/\/lyonbondyblog.fr\/LBB\/wp-content\/uploads\/2013\/07\/ruth-elkrief.jpg\" \/>\n\t<meta property=\"og:image:width\" content=\"194\" \/>\n\t<meta property=\"og:image:height\" content=\"292\" \/>\n\t<meta property=\"og:image:type\" content=\"image\/jpeg\" \/>\n<meta name=\"author\" content=\"La r\u00e9daction\" \/>\n<meta name=\"twitter:card\" content=\"summary_large_image\" \/>\n<meta name=\"twitter:creator\" content=\"@BondyBlogLyon\" \/>\n<meta name=\"twitter:site\" content=\"@bondybloglyon\" \/>\n<script type=\"application\/ld+json\" class=\"yoast-schema-graph\">{\"@context\":\"https:\/\/schema.org\",\"@graph\":[{\"@type\":\"Article\",\"@id\":\"https:\/\/lyonbondyblog.fr\/LBB\/ruth-elkrief-la-journaliste-de-longue-date-donne-son-avis-sur-les-blogs\/#article\",\"isPartOf\":{\"@id\":\"https:\/\/lyonbondyblog.fr\/LBB\/ruth-elkrief-la-journaliste-de-longue-date-donne-son-avis-sur-les-blogs\/\"},\"author\":{\"name\":\"La r\u00e9daction\",\"@id\":\"https:\/\/lyonbondyblog.fr\/LBB\/#\/schema\/person\/e45f8d27baac75072daa0be50c409b25\"},\"headline\":\"Ruth Elkrief: la journaliste de longue date donne son avis sur les blogs.\",\"datePublished\":\"2011-12-05T10:51:13+00:00\",\"dateModified\":\"2013-07-26T09:55:29+00:00\",\"mainEntityOfPage\":{\"@id\":\"https:\/\/lyonbondyblog.fr\/LBB\/ruth-elkrief-la-journaliste-de-longue-date-donne-son-avis-sur-les-blogs\/\"},\"wordCount\":239,\"commentCount\":0,\"publisher\":{\"@id\":\"https:\/\/lyonbondyblog.fr\/LBB\/#organization\"},\"image\":{\"@id\":\"https:\/\/lyonbondyblog.fr\/LBB\/ruth-elkrief-la-journaliste-de-longue-date-donne-son-avis-sur-les-blogs\/#primaryimage\"},\"thumbnailUrl\":\"https:\/\/lyonbondyblog.fr\/LBB\/wp-content\/uploads\/2013\/07\/ruth-elkrief.jpg\",\"keywords\":[\"lyon\",\"Lyon Bondy Blog\"],\"articleSection\":[\"Lyon\"],\"inLanguage\":\"fr-FR\",\"potentialAction\":[{\"@type\":\"CommentAction\",\"name\":\"Comment\",\"target\":[\"https:\/\/lyonbondyblog.fr\/LBB\/ruth-elkrief-la-journaliste-de-longue-date-donne-son-avis-sur-les-blogs\/#respond\"]}]},{\"@type\":\"WebPage\",\"@id\":\"https:\/\/lyonbondyblog.fr\/LBB\/ruth-elkrief-la-journaliste-de-longue-date-donne-son-avis-sur-les-blogs\/\",\"url\":\"https:\/\/lyonbondyblog.fr\/LBB\/ruth-elkrief-la-journaliste-de-longue-date-donne-son-avis-sur-les-blogs\/\",\"name\":\"Ruth Elkrief: la journaliste de longue date donne son avis sur les blogs. - Lyon Bondy Blog\",\"isPartOf\":{\"@id\":\"https:\/\/lyonbondyblog.fr\/LBB\/#website\"},\"primaryImageOfPage\":{\"@id\":\"https:\/\/lyonbondyblog.fr\/LBB\/ruth-elkrief-la-journaliste-de-longue-date-donne-son-avis-sur-les-blogs\/#primaryimage\"},\"image\":{\"@id\":\"https:\/\/lyonbondyblog.fr\/LBB\/ruth-elkrief-la-journaliste-de-longue-date-donne-son-avis-sur-les-blogs\/#primaryimage\"},\"thumbnailUrl\":\"https:\/\/lyonbondyblog.fr\/LBB\/wp-content\/uploads\/2013\/07\/ruth-elkrief.jpg\",\"datePublished\":\"2011-12-05T10:51:13+00:00\",\"dateModified\":\"2013-07-26T09:55:29+00:00\",\"inLanguage\":\"fr-FR\",\"potentialAction\":[{\"@type\":\"ReadAction\",\"target\":[\"https:\/\/lyonbondyblog.fr\/LBB\/ruth-elkrief-la-journaliste-de-longue-date-donne-son-avis-sur-les-blogs\/\"]}]},{\"@type\":\"ImageObject\",\"inLanguage\":\"fr-FR\",\"@id\":\"https:\/\/lyonbondyblog.fr\/LBB\/ruth-elkrief-la-journaliste-de-longue-date-donne-son-avis-sur-les-blogs\/#primaryimage\",\"url\":\"https:\/\/lyonbondyblog.fr\/LBB\/wp-content\/uploads\/2013\/07\/ruth-elkrief.jpg\",\"contentUrl\":\"https:\/\/lyonbondyblog.fr\/LBB\/wp-content\/uploads\/2013\/07\/ruth-elkrief.jpg\",\"width\":194,\"height\":292},{\"@type\":\"WebSite\",\"@id\":\"https:\/\/lyonbondyblog.fr\/LBB\/#website\",\"url\":\"https:\/\/lyonbondyblog.fr\/LBB\/\",\"name\":\"Lyon Bondy Blog\",\"description\":\"\",\"publisher\":{\"@id\":\"https:\/\/lyonbondyblog.fr\/LBB\/#organization\"},\"potentialAction\":[{\"@type\":\"SearchAction\",\"target\":{\"@type\":\"EntryPoint\",\"urlTemplate\":\"https:\/\/lyonbondyblog.fr\/LBB\/?s={search_term_string}\"},\"query-input\":\"required name=search_term_string\"}],\"inLanguage\":\"fr-FR\"},{\"@type\":\"Organization\",\"@id\":\"https:\/\/lyonbondyblog.fr\/LBB\/#organization\",\"name\":\"LYON BONDY BLOG\",\"url\":\"https:\/\/lyonbondyblog.fr\/LBB\/\",\"logo\":{\"@type\":\"ImageObject\",\"inLanguage\":\"fr-FR\",\"@id\":\"https:\/\/lyonbondyblog.fr\/LBB\/#\/schema\/logo\/image\/\",\"url\":\"http:\/\/lyonbondyblog.fr\/LBB\/wp-content\/uploads\/2014\/10\/logo-portable-144.png\",\"contentUrl\":\"http:\/\/lyonbondyblog.fr\/LBB\/wp-content\/uploads\/2014\/10\/logo-portable-144.png\",\"width\":144,\"height\":123,\"caption\":\"LYON BONDY BLOG\"},\"image\":{\"@id\":\"https:\/\/lyonbondyblog.fr\/LBB\/#\/schema\/logo\/image\/\"},\"sameAs\":[\"https:\/\/www.facebook.com\/lyonbondyblog\",\"https:\/\/x.com\/bondybloglyon\"]},{\"@type\":\"Person\",\"@id\":\"https:\/\/lyonbondyblog.fr\/LBB\/#\/schema\/person\/e45f8d27baac75072daa0be50c409b25\",\"name\":\"La r\u00e9daction\",\"description\":\"Cr\u00e9e en 2008, la r\u00e9daction du Lyon Bondy Blog s'applique \u00e0 proposer une information locale diff\u00e9rente et compl\u00e9mentaire des m\u00e9dias traditionnels.\",\"sameAs\":[\"https:\/\/www.facebook.com\/lyonbondyblog\",\"https:\/\/x.com\/BondyBlogLyon\"],\"url\":\"https:\/\/lyonbondyblog.fr\/LBB\/author\/admin\/\"}]}<\/script>\n<!-- \/ Yoast SEO plugin. -->","yoast_head_json":{"title":"Ruth Elkrief: la journaliste de longue date donne son avis sur les blogs. - Lyon Bondy Blog","robots":{"index":"index","follow":"follow","max-snippet":"max-snippet:-1","max-image-preview":"max-image-preview:large","max-video-preview":"max-video-preview:-1"},"canonical":"https:\/\/lyonbondyblog.fr\/LBB\/ruth-elkrief-la-journaliste-de-longue-date-donne-son-avis-sur-les-blogs\/","og_locale":"fr_FR","og_type":"article","og_title":"Ruth Elkrief: la journaliste de longue date donne son avis sur les blogs. - Lyon Bondy Blog","og_description":"Lors du Forum Lib\u00e9, Laura a assist\u00e9 \u00e0 une conf\u00e9rence sur les m\u00e9dias traditionnels et les r\u00e9voltes populaires, anim\u00e9e par Pierre Haski (Rue 89) et &hellip;","og_url":"https:\/\/lyonbondyblog.fr\/LBB\/ruth-elkrief-la-journaliste-de-longue-date-donne-son-avis-sur-les-blogs\/","og_site_name":"Lyon Bondy Blog","article_publisher":"https:\/\/www.facebook.com\/lyonbondyblog","article_author":"https:\/\/www.facebook.com\/lyonbondyblog","article_published_time":"2011-12-05T10:51:13+00:00","article_modified_time":"2013-07-26T09:55:29+00:00","og_image":[{"width":194,"height":292,"url":"https:\/\/lyonbondyblog.fr\/LBB\/wp-content\/uploads\/2013\/07\/ruth-elkrief.jpg","type":"image\/jpeg"}],"author":"La r\u00e9daction","twitter_card":"summary_large_image","twitter_creator":"@BondyBlogLyon","twitter_site":"@bondybloglyon","schema":{"@context":"https:\/\/schema.org","@graph":[{"@type":"Article","@id":"https:\/\/lyonbondyblog.fr\/LBB\/ruth-elkrief-la-journaliste-de-longue-date-donne-son-avis-sur-les-blogs\/#article","isPartOf":{"@id":"https:\/\/lyonbondyblog.fr\/LBB\/ruth-elkrief-la-journaliste-de-longue-date-donne-son-avis-sur-les-blogs\/"},"author":{"name":"La r\u00e9daction","@id":"https:\/\/lyonbondyblog.fr\/LBB\/#\/schema\/person\/e45f8d27baac75072daa0be50c409b25"},"headline":"Ruth Elkrief: la journaliste de longue date donne son avis sur les blogs.","datePublished":"2011-12-05T10:51:13+00:00","dateModified":"2013-07-26T09:55:29+00:00","mainEntityOfPage":{"@id":"https:\/\/lyonbondyblog.fr\/LBB\/ruth-elkrief-la-journaliste-de-longue-date-donne-son-avis-sur-les-blogs\/"},"wordCount":239,"commentCount":0,"publisher":{"@id":"https:\/\/lyonbondyblog.fr\/LBB\/#organization"},"image":{"@id":"https:\/\/lyonbondyblog.fr\/LBB\/ruth-elkrief-la-journaliste-de-longue-date-donne-son-avis-sur-les-blogs\/#primaryimage"},"thumbnailUrl":"https:\/\/lyonbondyblog.fr\/LBB\/wp-content\/uploads\/2013\/07\/ruth-elkrief.jpg","keywords":["lyon","Lyon Bondy Blog"],"articleSection":["Lyon"],"inLanguage":"fr-FR","potentialAction":[{"@type":"CommentAction","name":"Comment","target":["https:\/\/lyonbondyblog.fr\/LBB\/ruth-elkrief-la-journaliste-de-longue-date-donne-son-avis-sur-les-blogs\/#respond"]}]},{"@type":"WebPage","@id":"https:\/\/lyonbondyblog.fr\/LBB\/ruth-elkrief-la-journaliste-de-longue-date-donne-son-avis-sur-les-blogs\/","url":"https:\/\/lyonbondyblog.fr\/LBB\/ruth-elkrief-la-journaliste-de-longue-date-donne-son-avis-sur-les-blogs\/","name":"Ruth Elkrief: la journaliste de longue date donne son avis sur les blogs. - Lyon Bondy Blog","isPartOf":{"@id":"https:\/\/lyonbondyblog.fr\/LBB\/#website"},"primaryImageOfPage":{"@id":"https:\/\/lyonbondyblog.fr\/LBB\/ruth-elkrief-la-journaliste-de-longue-date-donne-son-avis-sur-les-blogs\/#primaryimage"},"image":{"@id":"https:\/\/lyonbondyblog.fr\/LBB\/ruth-elkrief-la-journaliste-de-longue-date-donne-son-avis-sur-les-blogs\/#primaryimage"},"thumbnailUrl":"https:\/\/lyonbondyblog.fr\/LBB\/wp-content\/uploads\/2013\/07\/ruth-elkrief.jpg","datePublished":"2011-12-05T10:51:13+00:00","dateModified":"2013-07-26T09:55:29+00:00","inLanguage":"fr-FR","potentialAction":[{"@type":"ReadAction","target":["https:\/\/lyonbondyblog.fr\/LBB\/ruth-elkrief-la-journaliste-de-longue-date-donne-son-avis-sur-les-blogs\/"]}]},{"@type":"ImageObject","inLanguage":"fr-FR","@id":"https:\/\/lyonbondyblog.fr\/LBB\/ruth-elkrief-la-journaliste-de-longue-date-donne-son-avis-sur-les-blogs\/#primaryimage","url":"https:\/\/lyonbondyblog.fr\/LBB\/wp-content\/uploads\/2013\/07\/ruth-elkrief.jpg","contentUrl":"https:\/\/lyonbondyblog.fr\/LBB\/wp-content\/uploads\/2013\/07\/ruth-elkrief.jpg","width":194,"height":292},{"@type":"WebSite","@id":"https:\/\/lyonbondyblog.fr\/LBB\/#website","url":"https:\/\/lyonbondyblog.fr\/LBB\/","name":"Lyon Bondy Blog","description":"","publisher":{"@id":"https:\/\/lyonbondyblog.fr\/LBB\/#organization"},"potentialAction":[{"@type":"SearchAction","target":{"@type":"EntryPoint","urlTemplate":"https:\/\/lyonbondyblog.fr\/LBB\/?s={search_term_string}"},"query-input":"required name=search_term_string"}],"inLanguage":"fr-FR"},{"@type":"Organization","@id":"https:\/\/lyonbondyblog.fr\/LBB\/#organization","name":"LYON BONDY BLOG","url":"https:\/\/lyonbondyblog.fr\/LBB\/","logo":{"@type":"ImageObject","inLanguage":"fr-FR","@id":"https:\/\/lyonbondyblog.fr\/LBB\/#\/schema\/logo\/image\/","url":"http:\/\/lyonbondyblog.fr\/LBB\/wp-content\/uploads\/2014\/10\/logo-portable-144.png","contentUrl":"http:\/\/lyonbondyblog.fr\/LBB\/wp-content\/uploads\/2014\/10\/logo-portable-144.png","width":144,"height":123,"caption":"LYON BONDY BLOG"},"image":{"@id":"https:\/\/lyonbondyblog.fr\/LBB\/#\/schema\/logo\/image\/"},"sameAs":["https:\/\/www.facebook.com\/lyonbondyblog","https:\/\/x.com\/bondybloglyon"]},{"@type":"Person","@id":"https:\/\/lyonbondyblog.fr\/LBB\/#\/schema\/person\/e45f8d27baac75072daa0be50c409b25","name":"La r\u00e9daction","description":"Cr\u00e9e en 2008, la r\u00e9daction du Lyon Bondy Blog s'applique \u00e0 proposer une information locale diff\u00e9rente et compl\u00e9mentaire des m\u00e9dias traditionnels.","sameAs":["https:\/\/www.facebook.com\/lyonbondyblog","https:\/\/x.com\/BondyBlogLyon"],"url":"https:\/\/lyonbondyblog.fr\/LBB\/author\/admin\/"}]}},"_links":{"self":[{"href":"https:\/\/lyonbondyblog.fr\/LBB\/wp-json\/wp\/v2\/posts\/1690","targetHints":{"allow":["GET"]}}],"collection":[{"href":"https:\/\/lyonbondyblog.fr\/LBB\/wp-json\/wp\/v2\/posts"}],"about":[{"href":"https:\/\/lyonbondyblog.fr\/LBB\/wp-json\/wp\/v2\/types\/post"}],"author":[{"embeddable":true,"href":"https:\/\/lyonbondyblog.fr\/LBB\/wp-json\/wp\/v2\/users\/1"}],"replies":[{"embeddable":true,"href":"https:\/\/lyonbondyblog.fr\/LBB\/wp-json\/wp\/v2\/comments?post=1690"}],"version-history":[{"count":0,"href":"https:\/\/lyonbondyblog.fr\/LBB\/wp-json\/wp\/v2\/posts\/1690\/revisions"}],"wp:featuredmedia":[{"embeddable":true,"href":"https:\/\/lyonbondyblog.fr\/LBB\/wp-json\/wp\/v2\/media\/1693"}],"wp:attachment":[{"href":"https:\/\/lyonbondyblog.fr\/LBB\/wp-json\/wp\/v2\/media?parent=1690"}],"wp:term":[{"taxonomy":"category","embeddable":true,"href":"https:\/\/lyonbondyblog.fr\/LBB\/wp-json\/wp\/v2\/categories?post=1690"},{"taxonomy":"post_tag","embeddable":true,"href":"https:\/\/lyonbondyblog.fr\/LBB\/wp-json\/wp\/v2\/tags?post=1690"}],"curies":[{"name":"wp","href":"https:\/\/api.w.org\/{rel}","templated":true}]}}