{"id":16845,"date":"2019-05-28T15:41:10","date_gmt":"2019-05-28T13:41:10","guid":{"rendered":"http:\/\/lyonbondyblog.fr\/LBB\/?p=16845"},"modified":"2019-05-31T16:21:54","modified_gmt":"2019-05-31T14:21:54","slug":"europeennes-2019-a-la-rencontre-des-partis-politiques","status":"publish","type":"post","link":"https:\/\/lyonbondyblog.fr\/LBB\/europeennes-2019-a-la-rencontre-des-partis-politiques\/","title":{"rendered":"Europ\u00e9ennes 2019 : \u00e0 la rencontre des partis politiques"},"content":{"rendered":"<h4>Dimanche soir, l\u2019\u00e9quipe du Lyon Bondy Blog suivait la soir\u00e9e \u00e9lectorale, qui d\u00e9signait apr\u00e8s plusieurs mois de campagne les 79 d\u00e9put\u00e9s fran\u00e7ais allant si\u00e9ger au Parlement Europ\u00e9en. Accompagn\u00e9 de notre partenaire <a href=\"https:\/\/ccc-media.fr\/qui-sommes-nous\/\">Couleur Caf\u00e9 Citoyen<\/a>, nous nous sommes rendus aux si\u00e8ges des partis locaux.<\/h4>\n<p>Les \u00e9quipes du LBB et du CCC ont fait leur soir\u00e9e politique \u00e0 l\u2019occasion des \u00e9lections europ\u00e9ennes : interview politique, <a href=\"https:\/\/lyonbondyblog.fr\/LBB\/elections-europeennes-des-hauts-et-debat\/\">d\u00e9bat<\/a>, mais aussi chronique d\u2019ambiance. Retrouvez ici nos reportages politiques aux si\u00e8ges de quatre partis : Parti Socialiste (liste Envie d&rsquo;Europe), Parti Communiste Fran\u00e7ais, Les R\u00e9publicains et Europe \u00c9cologie Les Verts.<\/p>\n<p><iframe loading=\"lazy\" src=\"https:\/\/www.mixcloud.com\/widget\/iframe\/?hide_cover=1&amp;feed=%2Flyonbondyblog%2Feurop%C3%A9ennes-2019-%C3%A0-la-rencontre-des-partis-politiques%2F\" width=\"100%\" height=\"120\" frameborder=\"0\"><\/iframe><\/p>\n<p>M\u00e9diation &amp; son : Guillaume Mohier<br \/>\nM\u00e9diation : Jean-Philippe Bonan<br \/>\nChronique : In\u00e8s Mitanne<br \/>\nReporters : Hugo Dervissoglou, Albert Payne, Camille Rouet, Quentin Strousser, Cheyenne Tyrakowski<\/p>\n<!-- AddThis Advanced Settings generic via filter on the_content --><!-- AddThis Share Buttons generic via filter on the_content -->","protected":false},"excerpt":{"rendered":"<p>Dimanche soir, l\u2019\u00e9quipe du Lyon Bondy Blog suivait la soir\u00e9e \u00e9lectorale, qui d\u00e9signait apr\u00e8s plusieurs mois de campagne les 79 d\u00e9put\u00e9s fran\u00e7ais allant si\u00e9ger au &hellip; <!-- AddThis Advanced Settings generic via filter on wp_trim_excerpt --><!-- AddThis Share Buttons generic via filter on wp_trim_excerpt --><\/p>\n","protected":false},"author":1,"featured_media":16855,"comment_status":"open","ping_status":"open","sticky":false,"template":"","format":"standard","meta":{"_FSMCFIC_featured_image_caption":"","_FSMCFIC_featured_image_nocaption":"","_FSMCFIC_featured_image_hide":"","footnotes":""},"categories":[5,2256,10384,2104,6],"tags":[],"class_list":["post-16845","post","type-post","status-publish","format-standard","has-post-thumbnail","hentry","category-ambiance","category-audio","category-europeennes-2019","category-podcasts","category-politique"],"yoast_head":"<!-- This site is optimized with the Yoast SEO plugin v22.8 - https:\/\/yoast.com\/wordpress\/plugins\/seo\/ -->\n<title>Europ\u00e9ennes 2019 : \u00e0 la rencontre des partis politiques - Lyon Bondy Blog<\/title>\n<meta name=\"robots\" content=\"index, follow, max-snippet:-1, max-image-preview:large, max-video-preview:-1\" \/>\n<link rel=\"canonical\" href=\"https:\/\/lyonbondyblog.fr\/LBB\/europeennes-2019-a-la-rencontre-des-partis-politiques\/\" \/>\n<meta property=\"og:locale\" content=\"fr_FR\" \/>\n<meta property=\"og:type\" content=\"article\" \/>\n<meta property=\"og:title\" content=\"Europ\u00e9ennes 2019 : \u00e0 la rencontre des partis politiques - Lyon Bondy Blog\" \/>\n<meta property=\"og:description\" content=\"Dimanche soir, l\u2019\u00e9quipe du Lyon Bondy Blog suivait la soir\u00e9e \u00e9lectorale, qui d\u00e9signait apr\u00e8s plusieurs mois de campagne les 79 d\u00e9put\u00e9s fran\u00e7ais allant si\u00e9ger au &hellip;\" \/>\n<meta property=\"og:url\" content=\"https:\/\/lyonbondyblog.fr\/LBB\/europeennes-2019-a-la-rencontre-des-partis-politiques\/\" \/>\n<meta property=\"og:site_name\" content=\"Lyon Bondy Blog\" \/>\n<meta property=\"article:publisher\" content=\"https:\/\/www.facebook.com\/lyonbondyblog\" \/>\n<meta property=\"article:author\" content=\"https:\/\/www.facebook.com\/lyonbondyblog\" \/>\n<meta property=\"article:published_time\" content=\"2019-05-28T13:41:10+00:00\" \/>\n<meta property=\"article:modified_time\" content=\"2019-05-31T14:21:54+00:00\" \/>\n<meta property=\"og:image\" content=\"https:\/\/lyonbondyblog.fr\/LBB\/wp-content\/uploads\/2019\/05\/photo4-1.jpg\" \/>\n\t<meta property=\"og:image:width\" content=\"1758\" \/>\n\t<meta property=\"og:image:height\" content=\"975\" \/>\n\t<meta property=\"og:image:type\" content=\"image\/jpeg\" \/>\n<meta name=\"author\" content=\"La r\u00e9daction\" \/>\n<meta name=\"twitter:card\" content=\"summary_large_image\" \/>\n<meta name=\"twitter:creator\" content=\"@BondyBlogLyon\" \/>\n<meta name=\"twitter:site\" content=\"@bondybloglyon\" \/>\n<script type=\"application\/ld+json\" class=\"yoast-schema-graph\">{\"@context\":\"https:\/\/schema.org\",\"@graph\":[{\"@type\":\"Article\",\"@id\":\"https:\/\/lyonbondyblog.fr\/LBB\/europeennes-2019-a-la-rencontre-des-partis-politiques\/#article\",\"isPartOf\":{\"@id\":\"https:\/\/lyonbondyblog.fr\/LBB\/europeennes-2019-a-la-rencontre-des-partis-politiques\/\"},\"author\":{\"name\":\"La r\u00e9daction\",\"@id\":\"https:\/\/lyonbondyblog.fr\/LBB\/#\/schema\/person\/e45f8d27baac75072daa0be50c409b25\"},\"headline\":\"Europ\u00e9ennes 2019 : \u00e0 la rencontre des partis politiques\",\"datePublished\":\"2019-05-28T13:41:10+00:00\",\"dateModified\":\"2019-05-31T14:21:54+00:00\",\"mainEntityOfPage\":{\"@id\":\"https:\/\/lyonbondyblog.fr\/LBB\/europeennes-2019-a-la-rencontre-des-partis-politiques\/\"},\"wordCount\":140,\"commentCount\":0,\"publisher\":{\"@id\":\"https:\/\/lyonbondyblog.fr\/LBB\/#organization\"},\"image\":{\"@id\":\"https:\/\/lyonbondyblog.fr\/LBB\/europeennes-2019-a-la-rencontre-des-partis-politiques\/#primaryimage\"},\"thumbnailUrl\":\"https:\/\/lyonbondyblog.fr\/LBB\/wp-content\/uploads\/2019\/05\/photo4-1.jpg\",\"articleSection\":[\"Ambiance\",\"Audio\",\"Europ\u00e9ennes 2019\",\"Podcasts\",\"Politique\"],\"inLanguage\":\"fr-FR\",\"potentialAction\":[{\"@type\":\"CommentAction\",\"name\":\"Comment\",\"target\":[\"https:\/\/lyonbondyblog.fr\/LBB\/europeennes-2019-a-la-rencontre-des-partis-politiques\/#respond\"]}]},{\"@type\":\"WebPage\",\"@id\":\"https:\/\/lyonbondyblog.fr\/LBB\/europeennes-2019-a-la-rencontre-des-partis-politiques\/\",\"url\":\"https:\/\/lyonbondyblog.fr\/LBB\/europeennes-2019-a-la-rencontre-des-partis-politiques\/\",\"name\":\"Europ\u00e9ennes 2019 : \u00e0 la rencontre des partis politiques - Lyon Bondy Blog\",\"isPartOf\":{\"@id\":\"https:\/\/lyonbondyblog.fr\/LBB\/#website\"},\"primaryImageOfPage\":{\"@id\":\"https:\/\/lyonbondyblog.fr\/LBB\/europeennes-2019-a-la-rencontre-des-partis-politiques\/#primaryimage\"},\"image\":{\"@id\":\"https:\/\/lyonbondyblog.fr\/LBB\/europeennes-2019-a-la-rencontre-des-partis-politiques\/#primaryimage\"},\"thumbnailUrl\":\"https:\/\/lyonbondyblog.fr\/LBB\/wp-content\/uploads\/2019\/05\/photo4-1.jpg\",\"datePublished\":\"2019-05-28T13:41:10+00:00\",\"dateModified\":\"2019-05-31T14:21:54+00:00\",\"inLanguage\":\"fr-FR\",\"potentialAction\":[{\"@type\":\"ReadAction\",\"target\":[\"https:\/\/lyonbondyblog.fr\/LBB\/europeennes-2019-a-la-rencontre-des-partis-politiques\/\"]}]},{\"@type\":\"ImageObject\",\"inLanguage\":\"fr-FR\",\"@id\":\"https:\/\/lyonbondyblog.fr\/LBB\/europeennes-2019-a-la-rencontre-des-partis-politiques\/#primaryimage\",\"url\":\"https:\/\/lyonbondyblog.fr\/LBB\/wp-content\/uploads\/2019\/05\/photo4-1.jpg\",\"contentUrl\":\"https:\/\/lyonbondyblog.fr\/LBB\/wp-content\/uploads\/2019\/05\/photo4-1.jpg\",\"width\":1758,\"height\":975},{\"@type\":\"WebSite\",\"@id\":\"https:\/\/lyonbondyblog.fr\/LBB\/#website\",\"url\":\"https:\/\/lyonbondyblog.fr\/LBB\/\",\"name\":\"Lyon Bondy Blog\",\"description\":\"\",\"publisher\":{\"@id\":\"https:\/\/lyonbondyblog.fr\/LBB\/#organization\"},\"potentialAction\":[{\"@type\":\"SearchAction\",\"target\":{\"@type\":\"EntryPoint\",\"urlTemplate\":\"https:\/\/lyonbondyblog.fr\/LBB\/?s={search_term_string}\"},\"query-input\":\"required name=search_term_string\"}],\"inLanguage\":\"fr-FR\"},{\"@type\":\"Organization\",\"@id\":\"https:\/\/lyonbondyblog.fr\/LBB\/#organization\",\"name\":\"LYON BONDY BLOG\",\"url\":\"https:\/\/lyonbondyblog.fr\/LBB\/\",\"logo\":{\"@type\":\"ImageObject\",\"inLanguage\":\"fr-FR\",\"@id\":\"https:\/\/lyonbondyblog.fr\/LBB\/#\/schema\/logo\/image\/\",\"url\":\"http:\/\/lyonbondyblog.fr\/LBB\/wp-content\/uploads\/2014\/10\/logo-portable-144.png\",\"contentUrl\":\"http:\/\/lyonbondyblog.fr\/LBB\/wp-content\/uploads\/2014\/10\/logo-portable-144.png\",\"width\":144,\"height\":123,\"caption\":\"LYON BONDY BLOG\"},\"image\":{\"@id\":\"https:\/\/lyonbondyblog.fr\/LBB\/#\/schema\/logo\/image\/\"},\"sameAs\":[\"https:\/\/www.facebook.com\/lyonbondyblog\",\"https:\/\/x.com\/bondybloglyon\"]},{\"@type\":\"Person\",\"@id\":\"https:\/\/lyonbondyblog.fr\/LBB\/#\/schema\/person\/e45f8d27baac75072daa0be50c409b25\",\"name\":\"La r\u00e9daction\",\"description\":\"Cr\u00e9e en 2008, la r\u00e9daction du Lyon Bondy Blog s'applique \u00e0 proposer une information locale diff\u00e9rente et compl\u00e9mentaire des m\u00e9dias traditionnels.\",\"sameAs\":[\"https:\/\/www.facebook.com\/lyonbondyblog\",\"https:\/\/x.com\/BondyBlogLyon\"],\"url\":\"https:\/\/lyonbondyblog.fr\/LBB\/author\/admin\/\"}]}<\/script>\n<!-- \/ Yoast SEO plugin. -->","yoast_head_json":{"title":"Europ\u00e9ennes 2019 : \u00e0 la rencontre des partis politiques - Lyon Bondy Blog","robots":{"index":"index","follow":"follow","max-snippet":"max-snippet:-1","max-image-preview":"max-image-preview:large","max-video-preview":"max-video-preview:-1"},"canonical":"https:\/\/lyonbondyblog.fr\/LBB\/europeennes-2019-a-la-rencontre-des-partis-politiques\/","og_locale":"fr_FR","og_type":"article","og_title":"Europ\u00e9ennes 2019 : \u00e0 la rencontre des partis politiques - Lyon Bondy Blog","og_description":"Dimanche soir, l\u2019\u00e9quipe du Lyon Bondy Blog suivait la soir\u00e9e \u00e9lectorale, qui d\u00e9signait apr\u00e8s plusieurs mois de campagne les 79 d\u00e9put\u00e9s fran\u00e7ais allant si\u00e9ger au &hellip;","og_url":"https:\/\/lyonbondyblog.fr\/LBB\/europeennes-2019-a-la-rencontre-des-partis-politiques\/","og_site_name":"Lyon Bondy Blog","article_publisher":"https:\/\/www.facebook.com\/lyonbondyblog","article_author":"https:\/\/www.facebook.com\/lyonbondyblog","article_published_time":"2019-05-28T13:41:10+00:00","article_modified_time":"2019-05-31T14:21:54+00:00","og_image":[{"width":1758,"height":975,"url":"https:\/\/lyonbondyblog.fr\/LBB\/wp-content\/uploads\/2019\/05\/photo4-1.jpg","type":"image\/jpeg"}],"author":"La r\u00e9daction","twitter_card":"summary_large_image","twitter_creator":"@BondyBlogLyon","twitter_site":"@bondybloglyon","schema":{"@context":"https:\/\/schema.org","@graph":[{"@type":"Article","@id":"https:\/\/lyonbondyblog.fr\/LBB\/europeennes-2019-a-la-rencontre-des-partis-politiques\/#article","isPartOf":{"@id":"https:\/\/lyonbondyblog.fr\/LBB\/europeennes-2019-a-la-rencontre-des-partis-politiques\/"},"author":{"name":"La r\u00e9daction","@id":"https:\/\/lyonbondyblog.fr\/LBB\/#\/schema\/person\/e45f8d27baac75072daa0be50c409b25"},"headline":"Europ\u00e9ennes 2019 : \u00e0 la rencontre des partis politiques","datePublished":"2019-05-28T13:41:10+00:00","dateModified":"2019-05-31T14:21:54+00:00","mainEntityOfPage":{"@id":"https:\/\/lyonbondyblog.fr\/LBB\/europeennes-2019-a-la-rencontre-des-partis-politiques\/"},"wordCount":140,"commentCount":0,"publisher":{"@id":"https:\/\/lyonbondyblog.fr\/LBB\/#organization"},"image":{"@id":"https:\/\/lyonbondyblog.fr\/LBB\/europeennes-2019-a-la-rencontre-des-partis-politiques\/#primaryimage"},"thumbnailUrl":"https:\/\/lyonbondyblog.fr\/LBB\/wp-content\/uploads\/2019\/05\/photo4-1.jpg","articleSection":["Ambiance","Audio","Europ\u00e9ennes 2019","Podcasts","Politique"],"inLanguage":"fr-FR","potentialAction":[{"@type":"CommentAction","name":"Comment","target":["https:\/\/lyonbondyblog.fr\/LBB\/europeennes-2019-a-la-rencontre-des-partis-politiques\/#respond"]}]},{"@type":"WebPage","@id":"https:\/\/lyonbondyblog.fr\/LBB\/europeennes-2019-a-la-rencontre-des-partis-politiques\/","url":"https:\/\/lyonbondyblog.fr\/LBB\/europeennes-2019-a-la-rencontre-des-partis-politiques\/","name":"Europ\u00e9ennes 2019 : \u00e0 la rencontre des partis politiques - Lyon Bondy Blog","isPartOf":{"@id":"https:\/\/lyonbondyblog.fr\/LBB\/#website"},"primaryImageOfPage":{"@id":"https:\/\/lyonbondyblog.fr\/LBB\/europeennes-2019-a-la-rencontre-des-partis-politiques\/#primaryimage"},"image":{"@id":"https:\/\/lyonbondyblog.fr\/LBB\/europeennes-2019-a-la-rencontre-des-partis-politiques\/#primaryimage"},"thumbnailUrl":"https:\/\/lyonbondyblog.fr\/LBB\/wp-content\/uploads\/2019\/05\/photo4-1.jpg","datePublished":"2019-05-28T13:41:10+00:00","dateModified":"2019-05-31T14:21:54+00:00","inLanguage":"fr-FR","potentialAction":[{"@type":"ReadAction","target":["https:\/\/lyonbondyblog.fr\/LBB\/europeennes-2019-a-la-rencontre-des-partis-politiques\/"]}]},{"@type":"ImageObject","inLanguage":"fr-FR","@id":"https:\/\/lyonbondyblog.fr\/LBB\/europeennes-2019-a-la-rencontre-des-partis-politiques\/#primaryimage","url":"https:\/\/lyonbondyblog.fr\/LBB\/wp-content\/uploads\/2019\/05\/photo4-1.jpg","contentUrl":"https:\/\/lyonbondyblog.fr\/LBB\/wp-content\/uploads\/2019\/05\/photo4-1.jpg","width":1758,"height":975},{"@type":"WebSite","@id":"https:\/\/lyonbondyblog.fr\/LBB\/#website","url":"https:\/\/lyonbondyblog.fr\/LBB\/","name":"Lyon Bondy Blog","description":"","publisher":{"@id":"https:\/\/lyonbondyblog.fr\/LBB\/#organization"},"potentialAction":[{"@type":"SearchAction","target":{"@type":"EntryPoint","urlTemplate":"https:\/\/lyonbondyblog.fr\/LBB\/?s={search_term_string}"},"query-input":"required name=search_term_string"}],"inLanguage":"fr-FR"},{"@type":"Organization","@id":"https:\/\/lyonbondyblog.fr\/LBB\/#organization","name":"LYON BONDY BLOG","url":"https:\/\/lyonbondyblog.fr\/LBB\/","logo":{"@type":"ImageObject","inLanguage":"fr-FR","@id":"https:\/\/lyonbondyblog.fr\/LBB\/#\/schema\/logo\/image\/","url":"http:\/\/lyonbondyblog.fr\/LBB\/wp-content\/uploads\/2014\/10\/logo-portable-144.png","contentUrl":"http:\/\/lyonbondyblog.fr\/LBB\/wp-content\/uploads\/2014\/10\/logo-portable-144.png","width":144,"height":123,"caption":"LYON BONDY BLOG"},"image":{"@id":"https:\/\/lyonbondyblog.fr\/LBB\/#\/schema\/logo\/image\/"},"sameAs":["https:\/\/www.facebook.com\/lyonbondyblog","https:\/\/x.com\/bondybloglyon"]},{"@type":"Person","@id":"https:\/\/lyonbondyblog.fr\/LBB\/#\/schema\/person\/e45f8d27baac75072daa0be50c409b25","name":"La r\u00e9daction","description":"Cr\u00e9e en 2008, la r\u00e9daction du Lyon Bondy Blog s'applique \u00e0 proposer une information locale diff\u00e9rente et compl\u00e9mentaire des m\u00e9dias traditionnels.","sameAs":["https:\/\/www.facebook.com\/lyonbondyblog","https:\/\/x.com\/BondyBlogLyon"],"url":"https:\/\/lyonbondyblog.fr\/LBB\/author\/admin\/"}]}},"_links":{"self":[{"href":"https:\/\/lyonbondyblog.fr\/LBB\/wp-json\/wp\/v2\/posts\/16845","targetHints":{"allow":["GET"]}}],"collection":[{"href":"https:\/\/lyonbondyblog.fr\/LBB\/wp-json\/wp\/v2\/posts"}],"about":[{"href":"https:\/\/lyonbondyblog.fr\/LBB\/wp-json\/wp\/v2\/types\/post"}],"author":[{"embeddable":true,"href":"https:\/\/lyonbondyblog.fr\/LBB\/wp-json\/wp\/v2\/users\/1"}],"replies":[{"embeddable":true,"href":"https:\/\/lyonbondyblog.fr\/LBB\/wp-json\/wp\/v2\/comments?post=16845"}],"version-history":[{"count":9,"href":"https:\/\/lyonbondyblog.fr\/LBB\/wp-json\/wp\/v2\/posts\/16845\/revisions"}],"predecessor-version":[{"id":16924,"href":"https:\/\/lyonbondyblog.fr\/LBB\/wp-json\/wp\/v2\/posts\/16845\/revisions\/16924"}],"wp:featuredmedia":[{"embeddable":true,"href":"https:\/\/lyonbondyblog.fr\/LBB\/wp-json\/wp\/v2\/media\/16855"}],"wp:attachment":[{"href":"https:\/\/lyonbondyblog.fr\/LBB\/wp-json\/wp\/v2\/media?parent=16845"}],"wp:term":[{"taxonomy":"category","embeddable":true,"href":"https:\/\/lyonbondyblog.fr\/LBB\/wp-json\/wp\/v2\/categories?post=16845"},{"taxonomy":"post_tag","embeddable":true,"href":"https:\/\/lyonbondyblog.fr\/LBB\/wp-json\/wp\/v2\/tags?post=16845"}],"curies":[{"name":"wp","href":"https:\/\/api.w.org\/{rel}","templated":true}]}}