{"id":1682,"date":"2011-12-12T11:46:54","date_gmt":"2011-12-12T10:46:54","guid":{"rendered":"http:\/\/lyonbondyblog.fr\/LBB\/?p=1682"},"modified":"2013-07-26T11:48:38","modified_gmt":"2013-07-26T09:48:38","slug":"sidi-bouzid-story","status":"publish","type":"post","link":"https:\/\/lyonbondyblog.fr\/LBB\/sidi-bouzid-story\/","title":{"rendered":"Sidi Bouzid Story"},"content":{"rendered":"<p>Rafika et Paolo sont partis en Tunisie depuis octobre 2011. Ils racontent ici leur \u00e9pop\u00e9e, et nous livrent, \u00e0 travers celle-ci, l\u2019ambiance du pays, pr\u00e8s d\u2019un an apr\u00e8s sa r\u00e9volution.<\/p>\n<div><a title=\" -- Cliquez pour voir l'image en entier\" href=\"http:\/\/yahoo.lyon.bondyblog.fr\/images\/IMG_2977.jpg\" target=\"_blank\"> <img decoding=\"async\" alt=\" -- Cliquez pour voir l'image en entier\" src=\"http:\/\/yahoo.lyon.bondyblog.fr\/images\/IMG_2977_t.jpg\" border=\"0\" \/> <\/a><\/div>\n<div><\/div>\n<p>Comme dans toute aventure humaine, celle que nous vivons est parsem\u00e9e de rencontres, d\u2019\u00e9pisodes parfois difficiles, parfois cocasses, en particulier \u00e0 Sidi Bouzid.<\/p>\n<p>R\u00e9cemment, en arrivant \u00e0 Sidi Bouzid, nous nous retrouvons \u00e0 devoir nous enregistrer aupr\u00e8s de la garde nationale car nous logeons dans une auberge publique (un vestige du benalisme nous apprend-on). De ce bureau o\u00f9 nous devons d\u00e9cliner notre identit\u00e9, il ne restera plus rien quelques heures plus tard. Les flammes se sont empar\u00e9es des lieux, \u00e0 l\u2019instar du palais de justice, emportant avec elles des secrets encore bien gard\u00e9s.<\/p>\n<p>C\u2019est au petit matin, via l\u2019appel d\u2019un ami de Tunis, inquiet pour notre s\u00e9curit\u00e9, que nous apprenons que la cit\u00e9 est sous couvre-feu militaire\u00a0! Impossible alors de quitter la ville tout comme il \u00e9tait interdit de sortir apr\u00e8s 19h. Nous venons \u00e0 peine d\u2019arriver\u00a0! M\u00eame chose \u00e0 Gafsa, deux semaines plus tard lorsque nous d\u00e9cidons de rendre visite \u00e0 un ami. Le soir de notre d\u00e9part, un autre ami, encore inquiet de notre situation nous appelle pour savoir si tout va bien. Il y a eu des \u00e9meutes \u00e0 Gafsa. La raison\u00a0? L\u2019injuste r\u00e9partition des richesses issues de l\u2019extraction des mati\u00e8res premi\u00e8res de la r\u00e9gion. Un autre couvre-feu est d\u00e9cr\u00e9t\u00e9 dans cette ville situ\u00e9e \u00e0 une heure de Sidi Bouzid.<\/p>\n<p>Bien s\u00fbr nous ne vivons pas toujours des situations comme celles-ci d\u2019autant plus que les habitants continuent \u00e0 vivre leur vie sans tenir compte de ces interdits. Une fois m\u00eame, alors que nous \u00e9tions assis \u00e0 la terrasse d\u2019un caf\u00e9, nous entendons des rires moqueurs \u00e9manant de toutes parts. Les jeunes autour de nous, tout en sirotant leur verre, \u00e9clatent de rire \u00e0 l\u2019arriv\u00e9e des militaires dans la ville, un tank passe devant nous, comprenant ainsi que le couvre-feu va d\u00e9buter.<\/p>\n<p>Je comprends mieux alors comment des jeunes de 20 ans \u00e0 peine ont d\u00e9cid\u00e9 de braver la police durant les soul\u00e8vements qui ont amen\u00e9 la r\u00e9volution de d\u00e9cembre dernier. La peur n\u2019est plus dans les esprits, elle a \u00e9t\u00e9 remplac\u00e9e par une d\u00e9fiance \u00e0 l\u2019\u00e9gard de ce qui peut symboliser l\u2019autorit\u00e9. Dans une ville non loin de Sidi Bouzid, les habitants ont chass\u00e9 l\u2019administration et surtout la police. Ils vivent en autogestion depuis un an. Il n\u2019y a plus de service public, plus de mairie. Le commissariat a \u00e9t\u00e9 transform\u00e9 en sorte de mus\u00e9e d\u00e9di\u00e9 \u00e0 la r\u00e9volution et aux martyrs. C\u2019est le nom donn\u00e9 \u00e0 ceux qui sont morts durant les premi\u00e8res semaines de r\u00e9pression. Soit pr\u00e8s de deux cents Tunisiens, dont en tr\u00e8s grande partie des jeunes.<\/p>\n<p>A Sidi Bouzid, la vie a repris son cours et les habitants sont toujours en attente d\u2019un changement qui viendrait du haut, conc\u00e9dant qu\u2019il faut lui laisser du temps pour r\u00e9former le syst\u00e8me.<br \/>\nMais d\u00e9j\u00e0 la ville s\u2019affaire \u00e0 tous les \u00e9chelons pour pr\u00e9parer les premi\u00e8res comm\u00e9morations de la r\u00e9volution. Le 17 d\u00e9cembre prochain marquera alors le premier anniversaire de la r\u00e9volution tunisienne, dont les retentissements ont largement d\u00e9pass\u00e9 les fronti\u00e8res du pays.<\/p>\n<p><span style=\"text-decoration: underline;\">Journaliste : Rafika Bendermel<\/span><\/p>\n<!-- AddThis Advanced Settings generic via filter on the_content --><!-- AddThis Share Buttons generic via filter on the_content -->","protected":false},"excerpt":{"rendered":"<p>Rafika et Paolo sont partis en Tunisie depuis octobre 2011. Ils racontent ici leur \u00e9pop\u00e9e, et nous livrent, \u00e0 travers celle-ci, l\u2019ambiance du pays, pr\u00e8s &hellip; <!-- AddThis Advanced Settings generic via filter on wp_trim_excerpt --><!-- AddThis Share Buttons generic via filter on wp_trim_excerpt --><\/p>\n","protected":false},"author":1,"featured_media":1684,"comment_status":"open","ping_status":"open","sticky":false,"template":"","format":"standard","meta":{"_FSMCFIC_featured_image_caption":"","_FSMCFIC_featured_image_nocaption":"","_FSMCFIC_featured_image_hide":"","footnotes":""},"categories":[9],"tags":[10,112],"class_list":["post-1682","post","type-post","status-publish","format-standard","has-post-thumbnail","hentry","category-international","tag-lyon-2","tag-lyon-bondy-blog"],"yoast_head":"<!-- This site is optimized with the Yoast SEO plugin v22.8 - https:\/\/yoast.com\/wordpress\/plugins\/seo\/ -->\n<title>Sidi Bouzid Story - Lyon Bondy Blog<\/title>\n<meta name=\"robots\" content=\"index, follow, max-snippet:-1, max-image-preview:large, max-video-preview:-1\" \/>\n<link rel=\"canonical\" href=\"https:\/\/lyonbondyblog.fr\/LBB\/sidi-bouzid-story\/\" \/>\n<meta property=\"og:locale\" content=\"fr_FR\" \/>\n<meta property=\"og:type\" content=\"article\" \/>\n<meta property=\"og:title\" content=\"Sidi Bouzid Story - Lyon Bondy Blog\" \/>\n<meta property=\"og:description\" content=\"Rafika et Paolo sont partis en Tunisie depuis octobre 2011. Ils racontent ici leur \u00e9pop\u00e9e, et nous livrent, \u00e0 travers celle-ci, l\u2019ambiance du pays, pr\u00e8s &hellip;\" \/>\n<meta property=\"og:url\" content=\"https:\/\/lyonbondyblog.fr\/LBB\/sidi-bouzid-story\/\" \/>\n<meta property=\"og:site_name\" content=\"Lyon Bondy Blog\" \/>\n<meta property=\"article:publisher\" content=\"https:\/\/www.facebook.com\/lyonbondyblog\" \/>\n<meta property=\"article:author\" content=\"https:\/\/www.facebook.com\/lyonbondyblog\" \/>\n<meta property=\"article:published_time\" content=\"2011-12-12T10:46:54+00:00\" \/>\n<meta property=\"article:modified_time\" content=\"2013-07-26T09:48:38+00:00\" \/>\n<meta property=\"og:image\" content=\"https:\/\/lyonbondyblog.fr\/LBB\/wp-content\/uploads\/2013\/07\/sidi-bouzid.jpg\" \/>\n\t<meta property=\"og:image:width\" content=\"194\" \/>\n\t<meta property=\"og:image:height\" content=\"129\" \/>\n\t<meta property=\"og:image:type\" content=\"image\/jpeg\" \/>\n<meta name=\"author\" content=\"La r\u00e9daction\" \/>\n<meta name=\"twitter:card\" content=\"summary_large_image\" \/>\n<meta name=\"twitter:creator\" content=\"@BondyBlogLyon\" \/>\n<meta name=\"twitter:site\" content=\"@bondybloglyon\" \/>\n<script type=\"application\/ld+json\" class=\"yoast-schema-graph\">{\"@context\":\"https:\/\/schema.org\",\"@graph\":[{\"@type\":\"Article\",\"@id\":\"https:\/\/lyonbondyblog.fr\/LBB\/sidi-bouzid-story\/#article\",\"isPartOf\":{\"@id\":\"https:\/\/lyonbondyblog.fr\/LBB\/sidi-bouzid-story\/\"},\"author\":{\"name\":\"La r\u00e9daction\",\"@id\":\"https:\/\/lyonbondyblog.fr\/LBB\/#\/schema\/person\/e45f8d27baac75072daa0be50c409b25\"},\"headline\":\"Sidi Bouzid Story\",\"datePublished\":\"2011-12-12T10:46:54+00:00\",\"dateModified\":\"2013-07-26T09:48:38+00:00\",\"mainEntityOfPage\":{\"@id\":\"https:\/\/lyonbondyblog.fr\/LBB\/sidi-bouzid-story\/\"},\"wordCount\":584,\"commentCount\":0,\"publisher\":{\"@id\":\"https:\/\/lyonbondyblog.fr\/LBB\/#organization\"},\"image\":{\"@id\":\"https:\/\/lyonbondyblog.fr\/LBB\/sidi-bouzid-story\/#primaryimage\"},\"thumbnailUrl\":\"https:\/\/lyonbondyblog.fr\/LBB\/wp-content\/uploads\/2013\/07\/sidi-bouzid.jpg\",\"keywords\":[\"lyon\",\"Lyon Bondy Blog\"],\"articleSection\":[\"International\"],\"inLanguage\":\"fr-FR\",\"potentialAction\":[{\"@type\":\"CommentAction\",\"name\":\"Comment\",\"target\":[\"https:\/\/lyonbondyblog.fr\/LBB\/sidi-bouzid-story\/#respond\"]}]},{\"@type\":\"WebPage\",\"@id\":\"https:\/\/lyonbondyblog.fr\/LBB\/sidi-bouzid-story\/\",\"url\":\"https:\/\/lyonbondyblog.fr\/LBB\/sidi-bouzid-story\/\",\"name\":\"Sidi Bouzid Story - Lyon Bondy Blog\",\"isPartOf\":{\"@id\":\"https:\/\/lyonbondyblog.fr\/LBB\/#website\"},\"primaryImageOfPage\":{\"@id\":\"https:\/\/lyonbondyblog.fr\/LBB\/sidi-bouzid-story\/#primaryimage\"},\"image\":{\"@id\":\"https:\/\/lyonbondyblog.fr\/LBB\/sidi-bouzid-story\/#primaryimage\"},\"thumbnailUrl\":\"https:\/\/lyonbondyblog.fr\/LBB\/wp-content\/uploads\/2013\/07\/sidi-bouzid.jpg\",\"datePublished\":\"2011-12-12T10:46:54+00:00\",\"dateModified\":\"2013-07-26T09:48:38+00:00\",\"inLanguage\":\"fr-FR\",\"potentialAction\":[{\"@type\":\"ReadAction\",\"target\":[\"https:\/\/lyonbondyblog.fr\/LBB\/sidi-bouzid-story\/\"]}]},{\"@type\":\"ImageObject\",\"inLanguage\":\"fr-FR\",\"@id\":\"https:\/\/lyonbondyblog.fr\/LBB\/sidi-bouzid-story\/#primaryimage\",\"url\":\"https:\/\/lyonbondyblog.fr\/LBB\/wp-content\/uploads\/2013\/07\/sidi-bouzid.jpg\",\"contentUrl\":\"https:\/\/lyonbondyblog.fr\/LBB\/wp-content\/uploads\/2013\/07\/sidi-bouzid.jpg\",\"width\":194,\"height\":129},{\"@type\":\"WebSite\",\"@id\":\"https:\/\/lyonbondyblog.fr\/LBB\/#website\",\"url\":\"https:\/\/lyonbondyblog.fr\/LBB\/\",\"name\":\"Lyon Bondy Blog\",\"description\":\"\",\"publisher\":{\"@id\":\"https:\/\/lyonbondyblog.fr\/LBB\/#organization\"},\"potentialAction\":[{\"@type\":\"SearchAction\",\"target\":{\"@type\":\"EntryPoint\",\"urlTemplate\":\"https:\/\/lyonbondyblog.fr\/LBB\/?s={search_term_string}\"},\"query-input\":\"required name=search_term_string\"}],\"inLanguage\":\"fr-FR\"},{\"@type\":\"Organization\",\"@id\":\"https:\/\/lyonbondyblog.fr\/LBB\/#organization\",\"name\":\"LYON BONDY BLOG\",\"url\":\"https:\/\/lyonbondyblog.fr\/LBB\/\",\"logo\":{\"@type\":\"ImageObject\",\"inLanguage\":\"fr-FR\",\"@id\":\"https:\/\/lyonbondyblog.fr\/LBB\/#\/schema\/logo\/image\/\",\"url\":\"http:\/\/lyonbondyblog.fr\/LBB\/wp-content\/uploads\/2014\/10\/logo-portable-144.png\",\"contentUrl\":\"http:\/\/lyonbondyblog.fr\/LBB\/wp-content\/uploads\/2014\/10\/logo-portable-144.png\",\"width\":144,\"height\":123,\"caption\":\"LYON BONDY BLOG\"},\"image\":{\"@id\":\"https:\/\/lyonbondyblog.fr\/LBB\/#\/schema\/logo\/image\/\"},\"sameAs\":[\"https:\/\/www.facebook.com\/lyonbondyblog\",\"https:\/\/x.com\/bondybloglyon\"]},{\"@type\":\"Person\",\"@id\":\"https:\/\/lyonbondyblog.fr\/LBB\/#\/schema\/person\/e45f8d27baac75072daa0be50c409b25\",\"name\":\"La r\u00e9daction\",\"description\":\"Cr\u00e9e en 2008, la r\u00e9daction du Lyon Bondy Blog s'applique \u00e0 proposer une information locale diff\u00e9rente et compl\u00e9mentaire des m\u00e9dias traditionnels.\",\"sameAs\":[\"https:\/\/www.facebook.com\/lyonbondyblog\",\"https:\/\/x.com\/BondyBlogLyon\"],\"url\":\"https:\/\/lyonbondyblog.fr\/LBB\/author\/admin\/\"}]}<\/script>\n<!-- \/ Yoast SEO plugin. -->","yoast_head_json":{"title":"Sidi Bouzid Story - Lyon Bondy Blog","robots":{"index":"index","follow":"follow","max-snippet":"max-snippet:-1","max-image-preview":"max-image-preview:large","max-video-preview":"max-video-preview:-1"},"canonical":"https:\/\/lyonbondyblog.fr\/LBB\/sidi-bouzid-story\/","og_locale":"fr_FR","og_type":"article","og_title":"Sidi Bouzid Story - Lyon Bondy Blog","og_description":"Rafika et Paolo sont partis en Tunisie depuis octobre 2011. Ils racontent ici leur \u00e9pop\u00e9e, et nous livrent, \u00e0 travers celle-ci, l\u2019ambiance du pays, pr\u00e8s &hellip;","og_url":"https:\/\/lyonbondyblog.fr\/LBB\/sidi-bouzid-story\/","og_site_name":"Lyon Bondy Blog","article_publisher":"https:\/\/www.facebook.com\/lyonbondyblog","article_author":"https:\/\/www.facebook.com\/lyonbondyblog","article_published_time":"2011-12-12T10:46:54+00:00","article_modified_time":"2013-07-26T09:48:38+00:00","og_image":[{"width":194,"height":129,"url":"https:\/\/lyonbondyblog.fr\/LBB\/wp-content\/uploads\/2013\/07\/sidi-bouzid.jpg","type":"image\/jpeg"}],"author":"La r\u00e9daction","twitter_card":"summary_large_image","twitter_creator":"@BondyBlogLyon","twitter_site":"@bondybloglyon","schema":{"@context":"https:\/\/schema.org","@graph":[{"@type":"Article","@id":"https:\/\/lyonbondyblog.fr\/LBB\/sidi-bouzid-story\/#article","isPartOf":{"@id":"https:\/\/lyonbondyblog.fr\/LBB\/sidi-bouzid-story\/"},"author":{"name":"La r\u00e9daction","@id":"https:\/\/lyonbondyblog.fr\/LBB\/#\/schema\/person\/e45f8d27baac75072daa0be50c409b25"},"headline":"Sidi Bouzid Story","datePublished":"2011-12-12T10:46:54+00:00","dateModified":"2013-07-26T09:48:38+00:00","mainEntityOfPage":{"@id":"https:\/\/lyonbondyblog.fr\/LBB\/sidi-bouzid-story\/"},"wordCount":584,"commentCount":0,"publisher":{"@id":"https:\/\/lyonbondyblog.fr\/LBB\/#organization"},"image":{"@id":"https:\/\/lyonbondyblog.fr\/LBB\/sidi-bouzid-story\/#primaryimage"},"thumbnailUrl":"https:\/\/lyonbondyblog.fr\/LBB\/wp-content\/uploads\/2013\/07\/sidi-bouzid.jpg","keywords":["lyon","Lyon Bondy Blog"],"articleSection":["International"],"inLanguage":"fr-FR","potentialAction":[{"@type":"CommentAction","name":"Comment","target":["https:\/\/lyonbondyblog.fr\/LBB\/sidi-bouzid-story\/#respond"]}]},{"@type":"WebPage","@id":"https:\/\/lyonbondyblog.fr\/LBB\/sidi-bouzid-story\/","url":"https:\/\/lyonbondyblog.fr\/LBB\/sidi-bouzid-story\/","name":"Sidi Bouzid Story - Lyon Bondy Blog","isPartOf":{"@id":"https:\/\/lyonbondyblog.fr\/LBB\/#website"},"primaryImageOfPage":{"@id":"https:\/\/lyonbondyblog.fr\/LBB\/sidi-bouzid-story\/#primaryimage"},"image":{"@id":"https:\/\/lyonbondyblog.fr\/LBB\/sidi-bouzid-story\/#primaryimage"},"thumbnailUrl":"https:\/\/lyonbondyblog.fr\/LBB\/wp-content\/uploads\/2013\/07\/sidi-bouzid.jpg","datePublished":"2011-12-12T10:46:54+00:00","dateModified":"2013-07-26T09:48:38+00:00","inLanguage":"fr-FR","potentialAction":[{"@type":"ReadAction","target":["https:\/\/lyonbondyblog.fr\/LBB\/sidi-bouzid-story\/"]}]},{"@type":"ImageObject","inLanguage":"fr-FR","@id":"https:\/\/lyonbondyblog.fr\/LBB\/sidi-bouzid-story\/#primaryimage","url":"https:\/\/lyonbondyblog.fr\/LBB\/wp-content\/uploads\/2013\/07\/sidi-bouzid.jpg","contentUrl":"https:\/\/lyonbondyblog.fr\/LBB\/wp-content\/uploads\/2013\/07\/sidi-bouzid.jpg","width":194,"height":129},{"@type":"WebSite","@id":"https:\/\/lyonbondyblog.fr\/LBB\/#website","url":"https:\/\/lyonbondyblog.fr\/LBB\/","name":"Lyon Bondy Blog","description":"","publisher":{"@id":"https:\/\/lyonbondyblog.fr\/LBB\/#organization"},"potentialAction":[{"@type":"SearchAction","target":{"@type":"EntryPoint","urlTemplate":"https:\/\/lyonbondyblog.fr\/LBB\/?s={search_term_string}"},"query-input":"required name=search_term_string"}],"inLanguage":"fr-FR"},{"@type":"Organization","@id":"https:\/\/lyonbondyblog.fr\/LBB\/#organization","name":"LYON BONDY BLOG","url":"https:\/\/lyonbondyblog.fr\/LBB\/","logo":{"@type":"ImageObject","inLanguage":"fr-FR","@id":"https:\/\/lyonbondyblog.fr\/LBB\/#\/schema\/logo\/image\/","url":"http:\/\/lyonbondyblog.fr\/LBB\/wp-content\/uploads\/2014\/10\/logo-portable-144.png","contentUrl":"http:\/\/lyonbondyblog.fr\/LBB\/wp-content\/uploads\/2014\/10\/logo-portable-144.png","width":144,"height":123,"caption":"LYON BONDY BLOG"},"image":{"@id":"https:\/\/lyonbondyblog.fr\/LBB\/#\/schema\/logo\/image\/"},"sameAs":["https:\/\/www.facebook.com\/lyonbondyblog","https:\/\/x.com\/bondybloglyon"]},{"@type":"Person","@id":"https:\/\/lyonbondyblog.fr\/LBB\/#\/schema\/person\/e45f8d27baac75072daa0be50c409b25","name":"La r\u00e9daction","description":"Cr\u00e9e en 2008, la r\u00e9daction du Lyon Bondy Blog s'applique \u00e0 proposer une information locale diff\u00e9rente et compl\u00e9mentaire des m\u00e9dias traditionnels.","sameAs":["https:\/\/www.facebook.com\/lyonbondyblog","https:\/\/x.com\/BondyBlogLyon"],"url":"https:\/\/lyonbondyblog.fr\/LBB\/author\/admin\/"}]}},"_links":{"self":[{"href":"https:\/\/lyonbondyblog.fr\/LBB\/wp-json\/wp\/v2\/posts\/1682","targetHints":{"allow":["GET"]}}],"collection":[{"href":"https:\/\/lyonbondyblog.fr\/LBB\/wp-json\/wp\/v2\/posts"}],"about":[{"href":"https:\/\/lyonbondyblog.fr\/LBB\/wp-json\/wp\/v2\/types\/post"}],"author":[{"embeddable":true,"href":"https:\/\/lyonbondyblog.fr\/LBB\/wp-json\/wp\/v2\/users\/1"}],"replies":[{"embeddable":true,"href":"https:\/\/lyonbondyblog.fr\/LBB\/wp-json\/wp\/v2\/comments?post=1682"}],"version-history":[{"count":0,"href":"https:\/\/lyonbondyblog.fr\/LBB\/wp-json\/wp\/v2\/posts\/1682\/revisions"}],"wp:featuredmedia":[{"embeddable":true,"href":"https:\/\/lyonbondyblog.fr\/LBB\/wp-json\/wp\/v2\/media\/1684"}],"wp:attachment":[{"href":"https:\/\/lyonbondyblog.fr\/LBB\/wp-json\/wp\/v2\/media?parent=1682"}],"wp:term":[{"taxonomy":"category","embeddable":true,"href":"https:\/\/lyonbondyblog.fr\/LBB\/wp-json\/wp\/v2\/categories?post=1682"},{"taxonomy":"post_tag","embeddable":true,"href":"https:\/\/lyonbondyblog.fr\/LBB\/wp-json\/wp\/v2\/tags?post=1682"}],"curies":[{"name":"wp","href":"https:\/\/api.w.org\/{rel}","templated":true}]}}