{"id":16809,"date":"2019-05-28T21:11:26","date_gmt":"2019-05-28T19:11:26","guid":{"rendered":"http:\/\/lyonbondyblog.fr\/LBB\/?p=16809"},"modified":"2019-06-03T14:05:02","modified_gmt":"2019-06-03T12:05:02","slug":"un-ol-a-la-sauce-bresilienne-2","status":"publish","type":"post","link":"https:\/\/lyonbondyblog.fr\/LBB\/un-ol-a-la-sauce-bresilienne-2\/","title":{"rendered":"Un OL \u00e0 la sauce br\u00e9silienne !"},"content":{"rendered":"<h4>L&rsquo;Olympique Lyonnais pr\u00e9sentait aujourd&rsquo;hui son nouvel entra\u00eeneur, Sylvinho, ainsi que le nouveau directeur sportif du club, le br\u00e9silien Juninho.<\/h4>\n<p>C&rsquo;est avec un grand sourire aux l\u00e8vres que Jean-Michel Aulas est arriv\u00e9 dans l&rsquo;auditorium du Groupama Stadium pour pr\u00e9senter son nouveau directeur sportif ainsi que son nouveau coach. Le premier est bien connu chez les gones puisqu&rsquo;il s&rsquo;agit de Juninho, la l\u00e9gende du club. Quant au second, son nom vous est peut-\u00eatre familier puisqu&rsquo;il s&rsquo;agit de Sylvinho, l&rsquo;ancien barcelonais.<\/p>\n<h4>Le nouveau cycle lyonnais<\/h4>\n<p><em>\u00ab C&rsquo;est un grand jour \u00bb <\/em>a d\u00e9clar\u00e9 Jean-Michel Aulas, le premier \u00e0 ouvrir cette conf\u00e9rence de presse. \u00ab&nbsp;<em>Juni est de retour, il \u00e9tait extr\u00eamement consentant \u00e0 l&rsquo;id\u00e9e de revenir \u00bb <\/em>explique le pr\u00e9sident lyonnais. C&rsquo;est \u00e9galement une victoire personnelle pour JMA qui a d\u00fb s&rsquo;y reprendre \u00e0 trois fois pour convaincre le br\u00e9silien. Juninho sera donc directeur sportif, pour un contrat \u00e0 dur\u00e9e ind\u00e9termin\u00e9e et il aura les \u00ab pleins pouvoirs sportifs \u00bb annonce le pr\u00e9sident.<\/p>\n<p>Autre changement majeur dans l&rsquo;histoire de l&rsquo;OL, la nomination d&rsquo;un coach \u00e9tranger. Et avec le choix de Sylvinho, ce sont les grandes victoires des ann\u00e9es 2000 mais aussi la fili\u00e8re br\u00e9silienne de l&rsquo;OL qui refont surface. \u00ab&nbsp;<em>Le pr\u00e9sident m&rsquo;a dit que j&rsquo;avais le droit de choisir l&rsquo;entra\u00eeneur, j&rsquo;ai tout de suite pens\u00e9 \u00e0 Sylvinho \u00bb. <\/em>En tant que joueur, il est notamment pass\u00e9 par&nbsp;le FC Barcelone, o\u00f9 il a remport\u00e9 deux Ligues des Champions ou bien encore par Arsenal, o\u00f9 il \u00e9tait le premier br\u00e9silien achet\u00e9 par le club Londonien. Quant \u00e0 ses r\u00e9f\u00e9rences au niveau du coaching il a \u00e9t\u00e9 le \u00ab poulain \u00bb de Roberto Mancini \u00e0 l&rsquo;Inter. \u00ab <em>Sylvinho a acquis&nbsp;avec Mancini une culture tactique tr\u00e8s importante \u00bb <\/em>explique Juninho.<\/p>\n<h4>Un OL \u00e0 la barcelonnaise ?<\/h4>\n<p>Tous \u00e9tions tr\u00e8s curieux d&rsquo;entendre les premiers mots du nouveau technicien lyonnais et press\u00e9s de conna\u00eetre sa vision du football. C&rsquo;est en fran\u00e7ais que l&rsquo;entra\u00eeneur br\u00e9silien adresse ses premiers mots. \u00ab <em>C&rsquo;est un jour tr\u00e8s important pour moi, c&rsquo;est un grand projet dans un grand club, je suis tr\u00e8s content d&rsquo;\u00eatre ici \u00bb.&nbsp;<\/em>Le br\u00e9silien, qui a paraph\u00e9 un contrat de 2 ans, en dit \u00e9galement plus sur le style de jeu qu&rsquo;il voudra pr\u00f4ner au sein de l&rsquo;Olympique Lyonnais. \u00ab <em>Mon syst\u00e8me favori est le 4-3-3, j&rsquo;aime la possession de balle, jouer dans le camp adversaire \u00bb.&nbsp;<\/em>Mais Sylvinho d\u00e9barque surtout entre Rh\u00f4ne et Sa\u00f4ne avec une mentalit\u00e9 particuli\u00e8re, la mentalit\u00e9 br\u00e9silienne. \u00ab <em>Le meilleur joueur de n\u00f4tre \u00e9quipe est n\u00e9 le 3 Ao\u00fbt 1950, c&rsquo;est Lyon. On ne peut pas jouer au football sans inspiration ni \u00e2me, cette \u00e9quipe aura une \u00e2me \u00bb.&nbsp;<\/em>La nouvelle saison n&rsquo;a pas encore d\u00e9but\u00e9 mais le temps des Garde, G\u00e9n\u00e9sio et autres entra\u00eeneurs maison semble d\u00e9j\u00e0 bien loin.<\/p>\n<figure id=\"attachment_16871\" aria-describedby=\"caption-attachment-16871\" style=\"width: 1024px\" class=\"wp-caption aligncenter\"><a href=\"https:\/\/lyonbondyblog.fr\/LBB\/wp-content\/uploads\/2019\/05\/9FB474B6-93E5-4A98-A235-FBBE477C025C.png\"><img loading=\"lazy\" decoding=\"async\" class=\"wp-image-16871 size-large\" src=\"https:\/\/lyonbondyblog.fr\/LBB\/wp-content\/uploads\/2019\/05\/9FB474B6-93E5-4A98-A235-FBBE477C025C-1024x552.png\" alt=\"\" width=\"1024\" height=\"552\" srcset=\"https:\/\/lyonbondyblog.fr\/LBB\/wp-content\/uploads\/2019\/05\/9FB474B6-93E5-4A98-A235-FBBE477C025C-1024x552.png 1024w, https:\/\/lyonbondyblog.fr\/LBB\/wp-content\/uploads\/2019\/05\/9FB474B6-93E5-4A98-A235-FBBE477C025C-300x162.png 300w, https:\/\/lyonbondyblog.fr\/LBB\/wp-content\/uploads\/2019\/05\/9FB474B6-93E5-4A98-A235-FBBE477C025C-768x414.png 768w, https:\/\/lyonbondyblog.fr\/LBB\/wp-content\/uploads\/2019\/05\/9FB474B6-93E5-4A98-A235-FBBE477C025C-600x324.png 600w, https:\/\/lyonbondyblog.fr\/LBB\/wp-content\/uploads\/2019\/05\/9FB474B6-93E5-4A98-A235-FBBE477C025C.png 1748w\" sizes=\"auto, (max-width: 1024px) 100vw, 1024px\" \/><\/a><figcaption id=\"caption-attachment-16871\" class=\"wp-caption-text\">De gauche \u00e0 droite, Sylvinho (entraineur), Jean-Michel Aulas (Pr\u00e9sident) et Juninho (directeur sportif). Cr\u00e9dits photo : Nicolas Delattre \/ Lyon Bondy Blog<\/figcaption><\/figure>\n<!-- AddThis Advanced Settings generic via filter on the_content --><!-- AddThis Share Buttons generic via filter on the_content -->","protected":false},"excerpt":{"rendered":"<p>L&rsquo;Olympique Lyonnais pr\u00e9sentait aujourd&rsquo;hui son nouvel entra\u00eeneur, Sylvinho, ainsi que le nouveau directeur sportif du club, le br\u00e9silien Juninho. C&rsquo;est avec un grand sourire aux &hellip; <!-- AddThis Advanced Settings generic via filter on wp_trim_excerpt --><!-- AddThis Share Buttons generic via filter on wp_trim_excerpt --><\/p>\n","protected":false},"author":1,"featured_media":16870,"comment_status":"open","ping_status":"open","sticky":false,"template":"","format":"standard","meta":{"_FSMCFIC_featured_image_caption":"","_FSMCFIC_featured_image_nocaption":"","_FSMCFIC_featured_image_hide":"","footnotes":""},"categories":[3888,4,3546,13014],"tags":[13015],"class_list":["post-16809","post","type-post","status-publish","format-standard","has-post-thumbnail","hentry","category-football","category-lyon","category-ol","category-saint-priest","tag-conference-de-presse"],"yoast_head":"<!-- This site is optimized with the Yoast SEO plugin v22.8 - https:\/\/yoast.com\/wordpress\/plugins\/seo\/ -->\n<title>Un OL \u00e0 la sauce br\u00e9silienne ! - Lyon Bondy Blog<\/title>\n<meta name=\"robots\" content=\"index, follow, max-snippet:-1, max-image-preview:large, max-video-preview:-1\" \/>\n<link rel=\"canonical\" href=\"https:\/\/lyonbondyblog.fr\/LBB\/un-ol-a-la-sauce-bresilienne-2\/\" \/>\n<meta property=\"og:locale\" content=\"fr_FR\" \/>\n<meta property=\"og:type\" content=\"article\" \/>\n<meta property=\"og:title\" content=\"Un OL \u00e0 la sauce br\u00e9silienne ! - Lyon Bondy Blog\" \/>\n<meta property=\"og:description\" content=\"L&rsquo;Olympique Lyonnais pr\u00e9sentait aujourd&rsquo;hui son nouvel entra\u00eeneur, Sylvinho, ainsi que le nouveau directeur sportif du club, le br\u00e9silien Juninho. C&rsquo;est avec un grand sourire aux &hellip;\" \/>\n<meta property=\"og:url\" content=\"https:\/\/lyonbondyblog.fr\/LBB\/un-ol-a-la-sauce-bresilienne-2\/\" \/>\n<meta property=\"og:site_name\" content=\"Lyon Bondy Blog\" \/>\n<meta property=\"article:publisher\" content=\"https:\/\/www.facebook.com\/lyonbondyblog\" \/>\n<meta property=\"article:author\" content=\"https:\/\/www.facebook.com\/lyonbondyblog\" \/>\n<meta property=\"article:published_time\" content=\"2019-05-28T19:11:26+00:00\" \/>\n<meta property=\"article:modified_time\" content=\"2019-06-03T12:05:02+00:00\" \/>\n<meta property=\"og:image\" content=\"https:\/\/lyonbondyblog.fr\/LBB\/wp-content\/uploads\/2019\/05\/2653973F-B227-4ACE-99EB-1CD2B0EA9B77.png\" \/>\n\t<meta property=\"og:image:width\" content=\"1984\" \/>\n\t<meta property=\"og:image:height\" content=\"1488\" \/>\n\t<meta property=\"og:image:type\" content=\"image\/png\" \/>\n<meta name=\"author\" content=\"La r\u00e9daction\" \/>\n<meta name=\"twitter:card\" content=\"summary_large_image\" \/>\n<meta name=\"twitter:creator\" content=\"@BondyBlogLyon\" \/>\n<meta name=\"twitter:site\" content=\"@bondybloglyon\" \/>\n<script type=\"application\/ld+json\" class=\"yoast-schema-graph\">{\"@context\":\"https:\/\/schema.org\",\"@graph\":[{\"@type\":\"Article\",\"@id\":\"https:\/\/lyonbondyblog.fr\/LBB\/un-ol-a-la-sauce-bresilienne-2\/#article\",\"isPartOf\":{\"@id\":\"https:\/\/lyonbondyblog.fr\/LBB\/un-ol-a-la-sauce-bresilienne-2\/\"},\"author\":{\"name\":\"La r\u00e9daction\",\"@id\":\"https:\/\/lyonbondyblog.fr\/LBB\/#\/schema\/person\/e45f8d27baac75072daa0be50c409b25\"},\"headline\":\"Un OL \u00e0 la sauce br\u00e9silienne !\",\"datePublished\":\"2019-05-28T19:11:26+00:00\",\"dateModified\":\"2019-06-03T12:05:02+00:00\",\"mainEntityOfPage\":{\"@id\":\"https:\/\/lyonbondyblog.fr\/LBB\/un-ol-a-la-sauce-bresilienne-2\/\"},\"wordCount\":519,\"commentCount\":2,\"publisher\":{\"@id\":\"https:\/\/lyonbondyblog.fr\/LBB\/#organization\"},\"image\":{\"@id\":\"https:\/\/lyonbondyblog.fr\/LBB\/un-ol-a-la-sauce-bresilienne-2\/#primaryimage\"},\"thumbnailUrl\":\"https:\/\/lyonbondyblog.fr\/LBB\/wp-content\/uploads\/2019\/05\/2653973F-B227-4ACE-99EB-1CD2B0EA9B77.png\",\"keywords\":[\"conf\u00e9rence de presse\"],\"articleSection\":[\"Football\",\"Lyon\",\"OL\",\"Saint Priest\"],\"inLanguage\":\"fr-FR\",\"potentialAction\":[{\"@type\":\"CommentAction\",\"name\":\"Comment\",\"target\":[\"https:\/\/lyonbondyblog.fr\/LBB\/un-ol-a-la-sauce-bresilienne-2\/#respond\"]}]},{\"@type\":\"WebPage\",\"@id\":\"https:\/\/lyonbondyblog.fr\/LBB\/un-ol-a-la-sauce-bresilienne-2\/\",\"url\":\"https:\/\/lyonbondyblog.fr\/LBB\/un-ol-a-la-sauce-bresilienne-2\/\",\"name\":\"Un OL \u00e0 la sauce br\u00e9silienne ! - Lyon Bondy Blog\",\"isPartOf\":{\"@id\":\"https:\/\/lyonbondyblog.fr\/LBB\/#website\"},\"primaryImageOfPage\":{\"@id\":\"https:\/\/lyonbondyblog.fr\/LBB\/un-ol-a-la-sauce-bresilienne-2\/#primaryimage\"},\"image\":{\"@id\":\"https:\/\/lyonbondyblog.fr\/LBB\/un-ol-a-la-sauce-bresilienne-2\/#primaryimage\"},\"thumbnailUrl\":\"https:\/\/lyonbondyblog.fr\/LBB\/wp-content\/uploads\/2019\/05\/2653973F-B227-4ACE-99EB-1CD2B0EA9B77.png\",\"datePublished\":\"2019-05-28T19:11:26+00:00\",\"dateModified\":\"2019-06-03T12:05:02+00:00\",\"inLanguage\":\"fr-FR\",\"potentialAction\":[{\"@type\":\"ReadAction\",\"target\":[\"https:\/\/lyonbondyblog.fr\/LBB\/un-ol-a-la-sauce-bresilienne-2\/\"]}]},{\"@type\":\"ImageObject\",\"inLanguage\":\"fr-FR\",\"@id\":\"https:\/\/lyonbondyblog.fr\/LBB\/un-ol-a-la-sauce-bresilienne-2\/#primaryimage\",\"url\":\"https:\/\/lyonbondyblog.fr\/LBB\/wp-content\/uploads\/2019\/05\/2653973F-B227-4ACE-99EB-1CD2B0EA9B77.png\",\"contentUrl\":\"https:\/\/lyonbondyblog.fr\/LBB\/wp-content\/uploads\/2019\/05\/2653973F-B227-4ACE-99EB-1CD2B0EA9B77.png\",\"width\":1984,\"height\":1488},{\"@type\":\"WebSite\",\"@id\":\"https:\/\/lyonbondyblog.fr\/LBB\/#website\",\"url\":\"https:\/\/lyonbondyblog.fr\/LBB\/\",\"name\":\"Lyon Bondy Blog\",\"description\":\"\",\"publisher\":{\"@id\":\"https:\/\/lyonbondyblog.fr\/LBB\/#organization\"},\"potentialAction\":[{\"@type\":\"SearchAction\",\"target\":{\"@type\":\"EntryPoint\",\"urlTemplate\":\"https:\/\/lyonbondyblog.fr\/LBB\/?s={search_term_string}\"},\"query-input\":\"required name=search_term_string\"}],\"inLanguage\":\"fr-FR\"},{\"@type\":\"Organization\",\"@id\":\"https:\/\/lyonbondyblog.fr\/LBB\/#organization\",\"name\":\"LYON BONDY BLOG\",\"url\":\"https:\/\/lyonbondyblog.fr\/LBB\/\",\"logo\":{\"@type\":\"ImageObject\",\"inLanguage\":\"fr-FR\",\"@id\":\"https:\/\/lyonbondyblog.fr\/LBB\/#\/schema\/logo\/image\/\",\"url\":\"http:\/\/lyonbondyblog.fr\/LBB\/wp-content\/uploads\/2014\/10\/logo-portable-144.png\",\"contentUrl\":\"http:\/\/lyonbondyblog.fr\/LBB\/wp-content\/uploads\/2014\/10\/logo-portable-144.png\",\"width\":144,\"height\":123,\"caption\":\"LYON BONDY BLOG\"},\"image\":{\"@id\":\"https:\/\/lyonbondyblog.fr\/LBB\/#\/schema\/logo\/image\/\"},\"sameAs\":[\"https:\/\/www.facebook.com\/lyonbondyblog\",\"https:\/\/x.com\/bondybloglyon\"]},{\"@type\":\"Person\",\"@id\":\"https:\/\/lyonbondyblog.fr\/LBB\/#\/schema\/person\/e45f8d27baac75072daa0be50c409b25\",\"name\":\"La r\u00e9daction\",\"description\":\"Cr\u00e9e en 2008, la r\u00e9daction du Lyon Bondy Blog s'applique \u00e0 proposer une information locale diff\u00e9rente et compl\u00e9mentaire des m\u00e9dias traditionnels.\",\"sameAs\":[\"https:\/\/www.facebook.com\/lyonbondyblog\",\"https:\/\/x.com\/BondyBlogLyon\"],\"url\":\"https:\/\/lyonbondyblog.fr\/LBB\/author\/admin\/\"}]}<\/script>\n<!-- \/ Yoast SEO plugin. -->","yoast_head_json":{"title":"Un OL \u00e0 la sauce br\u00e9silienne ! - Lyon Bondy Blog","robots":{"index":"index","follow":"follow","max-snippet":"max-snippet:-1","max-image-preview":"max-image-preview:large","max-video-preview":"max-video-preview:-1"},"canonical":"https:\/\/lyonbondyblog.fr\/LBB\/un-ol-a-la-sauce-bresilienne-2\/","og_locale":"fr_FR","og_type":"article","og_title":"Un OL \u00e0 la sauce br\u00e9silienne ! - Lyon Bondy Blog","og_description":"L&rsquo;Olympique Lyonnais pr\u00e9sentait aujourd&rsquo;hui son nouvel entra\u00eeneur, Sylvinho, ainsi que le nouveau directeur sportif du club, le br\u00e9silien Juninho. C&rsquo;est avec un grand sourire aux &hellip;","og_url":"https:\/\/lyonbondyblog.fr\/LBB\/un-ol-a-la-sauce-bresilienne-2\/","og_site_name":"Lyon Bondy Blog","article_publisher":"https:\/\/www.facebook.com\/lyonbondyblog","article_author":"https:\/\/www.facebook.com\/lyonbondyblog","article_published_time":"2019-05-28T19:11:26+00:00","article_modified_time":"2019-06-03T12:05:02+00:00","og_image":[{"width":1984,"height":1488,"url":"https:\/\/lyonbondyblog.fr\/LBB\/wp-content\/uploads\/2019\/05\/2653973F-B227-4ACE-99EB-1CD2B0EA9B77.png","type":"image\/png"}],"author":"La r\u00e9daction","twitter_card":"summary_large_image","twitter_creator":"@BondyBlogLyon","twitter_site":"@bondybloglyon","schema":{"@context":"https:\/\/schema.org","@graph":[{"@type":"Article","@id":"https:\/\/lyonbondyblog.fr\/LBB\/un-ol-a-la-sauce-bresilienne-2\/#article","isPartOf":{"@id":"https:\/\/lyonbondyblog.fr\/LBB\/un-ol-a-la-sauce-bresilienne-2\/"},"author":{"name":"La r\u00e9daction","@id":"https:\/\/lyonbondyblog.fr\/LBB\/#\/schema\/person\/e45f8d27baac75072daa0be50c409b25"},"headline":"Un OL \u00e0 la sauce br\u00e9silienne !","datePublished":"2019-05-28T19:11:26+00:00","dateModified":"2019-06-03T12:05:02+00:00","mainEntityOfPage":{"@id":"https:\/\/lyonbondyblog.fr\/LBB\/un-ol-a-la-sauce-bresilienne-2\/"},"wordCount":519,"commentCount":2,"publisher":{"@id":"https:\/\/lyonbondyblog.fr\/LBB\/#organization"},"image":{"@id":"https:\/\/lyonbondyblog.fr\/LBB\/un-ol-a-la-sauce-bresilienne-2\/#primaryimage"},"thumbnailUrl":"https:\/\/lyonbondyblog.fr\/LBB\/wp-content\/uploads\/2019\/05\/2653973F-B227-4ACE-99EB-1CD2B0EA9B77.png","keywords":["conf\u00e9rence de presse"],"articleSection":["Football","Lyon","OL","Saint Priest"],"inLanguage":"fr-FR","potentialAction":[{"@type":"CommentAction","name":"Comment","target":["https:\/\/lyonbondyblog.fr\/LBB\/un-ol-a-la-sauce-bresilienne-2\/#respond"]}]},{"@type":"WebPage","@id":"https:\/\/lyonbondyblog.fr\/LBB\/un-ol-a-la-sauce-bresilienne-2\/","url":"https:\/\/lyonbondyblog.fr\/LBB\/un-ol-a-la-sauce-bresilienne-2\/","name":"Un OL \u00e0 la sauce br\u00e9silienne ! - Lyon Bondy Blog","isPartOf":{"@id":"https:\/\/lyonbondyblog.fr\/LBB\/#website"},"primaryImageOfPage":{"@id":"https:\/\/lyonbondyblog.fr\/LBB\/un-ol-a-la-sauce-bresilienne-2\/#primaryimage"},"image":{"@id":"https:\/\/lyonbondyblog.fr\/LBB\/un-ol-a-la-sauce-bresilienne-2\/#primaryimage"},"thumbnailUrl":"https:\/\/lyonbondyblog.fr\/LBB\/wp-content\/uploads\/2019\/05\/2653973F-B227-4ACE-99EB-1CD2B0EA9B77.png","datePublished":"2019-05-28T19:11:26+00:00","dateModified":"2019-06-03T12:05:02+00:00","inLanguage":"fr-FR","potentialAction":[{"@type":"ReadAction","target":["https:\/\/lyonbondyblog.fr\/LBB\/un-ol-a-la-sauce-bresilienne-2\/"]}]},{"@type":"ImageObject","inLanguage":"fr-FR","@id":"https:\/\/lyonbondyblog.fr\/LBB\/un-ol-a-la-sauce-bresilienne-2\/#primaryimage","url":"https:\/\/lyonbondyblog.fr\/LBB\/wp-content\/uploads\/2019\/05\/2653973F-B227-4ACE-99EB-1CD2B0EA9B77.png","contentUrl":"https:\/\/lyonbondyblog.fr\/LBB\/wp-content\/uploads\/2019\/05\/2653973F-B227-4ACE-99EB-1CD2B0EA9B77.png","width":1984,"height":1488},{"@type":"WebSite","@id":"https:\/\/lyonbondyblog.fr\/LBB\/#website","url":"https:\/\/lyonbondyblog.fr\/LBB\/","name":"Lyon Bondy Blog","description":"","publisher":{"@id":"https:\/\/lyonbondyblog.fr\/LBB\/#organization"},"potentialAction":[{"@type":"SearchAction","target":{"@type":"EntryPoint","urlTemplate":"https:\/\/lyonbondyblog.fr\/LBB\/?s={search_term_string}"},"query-input":"required name=search_term_string"}],"inLanguage":"fr-FR"},{"@type":"Organization","@id":"https:\/\/lyonbondyblog.fr\/LBB\/#organization","name":"LYON BONDY BLOG","url":"https:\/\/lyonbondyblog.fr\/LBB\/","logo":{"@type":"ImageObject","inLanguage":"fr-FR","@id":"https:\/\/lyonbondyblog.fr\/LBB\/#\/schema\/logo\/image\/","url":"http:\/\/lyonbondyblog.fr\/LBB\/wp-content\/uploads\/2014\/10\/logo-portable-144.png","contentUrl":"http:\/\/lyonbondyblog.fr\/LBB\/wp-content\/uploads\/2014\/10\/logo-portable-144.png","width":144,"height":123,"caption":"LYON BONDY BLOG"},"image":{"@id":"https:\/\/lyonbondyblog.fr\/LBB\/#\/schema\/logo\/image\/"},"sameAs":["https:\/\/www.facebook.com\/lyonbondyblog","https:\/\/x.com\/bondybloglyon"]},{"@type":"Person","@id":"https:\/\/lyonbondyblog.fr\/LBB\/#\/schema\/person\/e45f8d27baac75072daa0be50c409b25","name":"La r\u00e9daction","description":"Cr\u00e9e en 2008, la r\u00e9daction du Lyon Bondy Blog s'applique \u00e0 proposer une information locale diff\u00e9rente et compl\u00e9mentaire des m\u00e9dias traditionnels.","sameAs":["https:\/\/www.facebook.com\/lyonbondyblog","https:\/\/x.com\/BondyBlogLyon"],"url":"https:\/\/lyonbondyblog.fr\/LBB\/author\/admin\/"}]}},"_links":{"self":[{"href":"https:\/\/lyonbondyblog.fr\/LBB\/wp-json\/wp\/v2\/posts\/16809","targetHints":{"allow":["GET"]}}],"collection":[{"href":"https:\/\/lyonbondyblog.fr\/LBB\/wp-json\/wp\/v2\/posts"}],"about":[{"href":"https:\/\/lyonbondyblog.fr\/LBB\/wp-json\/wp\/v2\/types\/post"}],"author":[{"embeddable":true,"href":"https:\/\/lyonbondyblog.fr\/LBB\/wp-json\/wp\/v2\/users\/1"}],"replies":[{"embeddable":true,"href":"https:\/\/lyonbondyblog.fr\/LBB\/wp-json\/wp\/v2\/comments?post=16809"}],"version-history":[{"count":10,"href":"https:\/\/lyonbondyblog.fr\/LBB\/wp-json\/wp\/v2\/posts\/16809\/revisions"}],"predecessor-version":[{"id":16915,"href":"https:\/\/lyonbondyblog.fr\/LBB\/wp-json\/wp\/v2\/posts\/16809\/revisions\/16915"}],"wp:featuredmedia":[{"embeddable":true,"href":"https:\/\/lyonbondyblog.fr\/LBB\/wp-json\/wp\/v2\/media\/16870"}],"wp:attachment":[{"href":"https:\/\/lyonbondyblog.fr\/LBB\/wp-json\/wp\/v2\/media?parent=16809"}],"wp:term":[{"taxonomy":"category","embeddable":true,"href":"https:\/\/lyonbondyblog.fr\/LBB\/wp-json\/wp\/v2\/categories?post=16809"},{"taxonomy":"post_tag","embeddable":true,"href":"https:\/\/lyonbondyblog.fr\/LBB\/wp-json\/wp\/v2\/tags?post=16809"}],"curies":[{"name":"wp","href":"https:\/\/api.w.org\/{rel}","templated":true}]}}