{"id":1679,"date":"2011-11-21T11:44:20","date_gmt":"2011-11-21T10:44:20","guid":{"rendered":"http:\/\/lyonbondyblog.fr\/LBB\/?p=1679"},"modified":"2013-07-26T11:57:40","modified_gmt":"2013-07-26T09:57:40","slug":"premiers-courts-cest-demain","status":"publish","type":"post","link":"https:\/\/lyonbondyblog.fr\/LBB\/premiers-courts-cest-demain\/","title":{"rendered":"Premiers courts : c&rsquo;est demain !"},"content":{"rendered":"<p><strong>Nouveaux arrivants dans le Festival du Film Court de Villeurbanne, le collectif \u00ab\u00a0Premiers Courts\u00a0\u00bb propose une soir\u00e9e \u00ab\u00a0OFF\u00a0\u00bb alternative, int\u00e9grant une programmation de divers premiers courts-m\u00e9trages de r\u00e9alisateurs fran\u00e7ais et \u00e9trangers qui brillent par leur cr\u00e9ativit\u00e9 et leur savoir-faire. C&rsquo;est demain au cin\u00e9ma le Zola, \u00e0 Villeurbanne, d\u00e8s 21H. \u00a0\u00bbLyon Bondy Blog\u00a0\u00bb vous propose 4 entr\u00e9es gratuites\u00a0!!<\/strong><\/p>\n<div><a title=\" -- Cliquez pour voir l'image en entier\" href=\"http:\/\/yahoo.lyon.bondyblog.fr\/images\/faich_1.jpg\" target=\"_blank\"> <img decoding=\"async\" alt=\" -- Cliquez pour voir l'image en entier\" src=\"http:\/\/yahoo.lyon.bondyblog.fr\/images\/faich_1_t.jpg\" border=\"0\" \/> <\/a><\/div>\n<div><\/div>\n<p>Le temps d\u2019une soir\u00e9e, \u00ab\u00a0Premiers Courts\u00a0\u00bb donne la possibilit\u00e9 \u00e0 ces r\u00e9alisateurs et leurs techniciens de s\u2019exprimer devant le public du cin\u00e9ma Le Zola. Le film remportant le Prix du Public sera diffus\u00e9 lors de la s\u00e9ance de Projection des Films Prim\u00e9s du Festival du 27 Novembre.<\/p>\n<p>L\u2019occasion sera offerte \u00e0 chacun de se retrouver en fin de soir\u00e9e pour \u00e9changer autour d\u2019une bi\u00e8re offerte.<br \/>\nLa soir\u00e9e proposera des interventions des r\u00e9alisateurs, producteurs ou techniciens des films pr\u00e9sent\u00e9s \u00e0 la suite de leur diffusion mais aussi des rencontres avec le public apr\u00e8s la s\u00e9ance.<\/p>\n<p>Au programme des films diffus\u00e9s\u00a0: 5 films de jeunes r\u00e9alisateurs fran\u00e7ais\u00a0: \u00a0\u00bbNos Limites\u00a0\u00bb, The Tall, the Small and the Artist\u00a0\u00bb, \u00ab\u00a0Off you go\u00a0\u00bb, \u00a0\u00bbKippi Colline\u00a0\u00bb, \u00a0\u00bbZorzala\u00a0\u00bb, ainsi qu&rsquo;un film chinois \u00a0\u00bbSilent Mountain\u00a0\u00bb, un film cor\u00e9en\u00a0: \u00a0\u00bbHooked\u00a0\u00bb, et deux films nous provenant de r\u00e9alisateurs am\u00e9ricains\u00a0: \u00a0\u00bbContentment\u00a0\u00bb et \u00a0\u00bbSlow down the Time\u00a0\u00bb.<\/p>\n<p>Les quatre premiers lecteurs \u00e0 nous faire part d&rsquo;un mail concernant les places \u00e0 gagner pour la soir\u00e9e, pourront b\u00e9n\u00e9ficier d&rsquo;une entr\u00e9e gratuite au Festival \u00ab\u00a0Premiers courts\u00a0\u00bb. Nous \u00e9crire \u00e0 cette adresse\u00a0: bondyblog.lyon@gmail.com<\/p>\n<p>Lien vers la soir\u00e9e\u00a0: <a href=\"http:\/\/www.festcourt-villeurbanne.com\/page-programme.php?programme_id=88&amp;programme_nom=Premiers+Courts\">http:\/\/www.festcourt-villeurbanne.com\/page-programme.php?programme_id=88&amp;programme_nom=Premiers+Courts<\/a><\/p>\n<p><img loading=\"lazy\" decoding=\"async\" title=\"\" alt=\"\" src=\"http:\/\/yahoo.lyon.bondyblog.fr\/images\/faiche1.jpg\" width=\"194\" height=\"121\" \/>Image extraite de \u00a0\u00bbSilent Mountain\u00a0\u00bb<br \/>\n<img loading=\"lazy\" decoding=\"async\" title=\"\" alt=\"\" src=\"http:\/\/yahoo.lyon.bondyblog.fr\/images\/faich2.jpg\" width=\"193\" height=\"118\" \/>Image extraite de \u00a0\u00bbSlow Down the Time\u00a0\u00bb<br \/>\n<img loading=\"lazy\" decoding=\"async\" title=\"\" alt=\"\" src=\"http:\/\/yahoo.lyon.bondyblog.fr\/images\/faich3_1.jpg\" width=\"194\" height=\"135\" \/>Image extraite de \u00ab\u00a0Zorzala\u00a0\u00bb<\/p>\n<p><span style=\"font-size: 12px;\"> Cin\u00e9ma Le Zola\u00a0: 117 cours Emile Zola, Villeurbanne, m\u00e9tro R\u00e9publique.<\/span><br \/>\n<span style=\"font-size: 12px;\"> entr\u00e9e de la s\u00e9ance\u00a0: 5\u20ac.<\/span><\/p>\n<p style=\"text-align: right;\"><span style=\"text-decoration: underline;\">Laura tangre<\/span><\/p>\n<!-- AddThis Advanced Settings generic via filter on the_content --><!-- AddThis Share Buttons generic via filter on the_content -->","protected":false},"excerpt":{"rendered":"<p>Nouveaux arrivants dans le Festival du Film Court de Villeurbanne, le collectif \u00ab\u00a0Premiers Courts\u00a0\u00bb propose une soir\u00e9e \u00ab\u00a0OFF\u00a0\u00bb alternative, int\u00e9grant une programmation de divers premiers &hellip; <!-- AddThis Advanced Settings generic via filter on wp_trim_excerpt --><!-- AddThis Share Buttons generic via filter on wp_trim_excerpt --><\/p>\n","protected":false},"author":1,"featured_media":0,"comment_status":"open","ping_status":"open","sticky":false,"template":"","format":"standard","meta":{"_FSMCFIC_featured_image_caption":"","_FSMCFIC_featured_image_nocaption":"","_FSMCFIC_featured_image_hide":"","footnotes":""},"categories":[4],"tags":[10,112],"class_list":["post-1679","post","type-post","status-publish","format-standard","hentry","category-lyon","tag-lyon-2","tag-lyon-bondy-blog"],"yoast_head":"<!-- This site is optimized with the Yoast SEO plugin v22.8 - https:\/\/yoast.com\/wordpress\/plugins\/seo\/ -->\n<title>Premiers courts : c&#039;est demain ! - Lyon Bondy Blog<\/title>\n<meta name=\"robots\" content=\"index, follow, max-snippet:-1, max-image-preview:large, max-video-preview:-1\" \/>\n<link rel=\"canonical\" href=\"https:\/\/lyonbondyblog.fr\/LBB\/premiers-courts-cest-demain\/\" \/>\n<meta property=\"og:locale\" content=\"fr_FR\" \/>\n<meta property=\"og:type\" content=\"article\" \/>\n<meta property=\"og:title\" content=\"Premiers courts : c&#039;est demain ! - Lyon Bondy Blog\" \/>\n<meta property=\"og:description\" content=\"Nouveaux arrivants dans le Festival du Film Court de Villeurbanne, le collectif \u00ab\u00a0Premiers Courts\u00a0\u00bb propose une soir\u00e9e \u00ab\u00a0OFF\u00a0\u00bb alternative, int\u00e9grant une programmation de divers premiers &hellip;\" \/>\n<meta property=\"og:url\" content=\"https:\/\/lyonbondyblog.fr\/LBB\/premiers-courts-cest-demain\/\" \/>\n<meta property=\"og:site_name\" content=\"Lyon Bondy Blog\" \/>\n<meta property=\"article:publisher\" content=\"https:\/\/www.facebook.com\/lyonbondyblog\" \/>\n<meta property=\"article:author\" content=\"https:\/\/www.facebook.com\/lyonbondyblog\" \/>\n<meta property=\"article:published_time\" content=\"2011-11-21T10:44:20+00:00\" \/>\n<meta property=\"article:modified_time\" content=\"2013-07-26T09:57:40+00:00\" \/>\n<meta property=\"og:image\" content=\"http:\/\/yahoo.lyon.bondyblog.fr\/images\/faich_1_t.jpg\" \/>\n<meta name=\"author\" content=\"La r\u00e9daction\" \/>\n<meta name=\"twitter:card\" content=\"summary_large_image\" \/>\n<meta name=\"twitter:creator\" content=\"@BondyBlogLyon\" \/>\n<meta name=\"twitter:site\" content=\"@bondybloglyon\" \/>\n<script type=\"application\/ld+json\" class=\"yoast-schema-graph\">{\"@context\":\"https:\/\/schema.org\",\"@graph\":[{\"@type\":\"Article\",\"@id\":\"https:\/\/lyonbondyblog.fr\/LBB\/premiers-courts-cest-demain\/#article\",\"isPartOf\":{\"@id\":\"https:\/\/lyonbondyblog.fr\/LBB\/premiers-courts-cest-demain\/\"},\"author\":{\"name\":\"La r\u00e9daction\",\"@id\":\"https:\/\/lyonbondyblog.fr\/LBB\/#\/schema\/person\/e45f8d27baac75072daa0be50c409b25\"},\"headline\":\"Premiers courts : c&rsquo;est demain !\",\"datePublished\":\"2011-11-21T10:44:20+00:00\",\"dateModified\":\"2013-07-26T09:57:40+00:00\",\"mainEntityOfPage\":{\"@id\":\"https:\/\/lyonbondyblog.fr\/LBB\/premiers-courts-cest-demain\/\"},\"wordCount\":321,\"commentCount\":0,\"publisher\":{\"@id\":\"https:\/\/lyonbondyblog.fr\/LBB\/#organization\"},\"image\":{\"@id\":\"https:\/\/lyonbondyblog.fr\/LBB\/premiers-courts-cest-demain\/#primaryimage\"},\"thumbnailUrl\":\"http:\/\/yahoo.lyon.bondyblog.fr\/images\/faich_1_t.jpg\",\"keywords\":[\"lyon\",\"Lyon Bondy Blog\"],\"articleSection\":[\"Lyon\"],\"inLanguage\":\"fr-FR\",\"potentialAction\":[{\"@type\":\"CommentAction\",\"name\":\"Comment\",\"target\":[\"https:\/\/lyonbondyblog.fr\/LBB\/premiers-courts-cest-demain\/#respond\"]}]},{\"@type\":\"WebPage\",\"@id\":\"https:\/\/lyonbondyblog.fr\/LBB\/premiers-courts-cest-demain\/\",\"url\":\"https:\/\/lyonbondyblog.fr\/LBB\/premiers-courts-cest-demain\/\",\"name\":\"Premiers courts : c'est demain ! - Lyon Bondy Blog\",\"isPartOf\":{\"@id\":\"https:\/\/lyonbondyblog.fr\/LBB\/#website\"},\"primaryImageOfPage\":{\"@id\":\"https:\/\/lyonbondyblog.fr\/LBB\/premiers-courts-cest-demain\/#primaryimage\"},\"image\":{\"@id\":\"https:\/\/lyonbondyblog.fr\/LBB\/premiers-courts-cest-demain\/#primaryimage\"},\"thumbnailUrl\":\"http:\/\/yahoo.lyon.bondyblog.fr\/images\/faich_1_t.jpg\",\"datePublished\":\"2011-11-21T10:44:20+00:00\",\"dateModified\":\"2013-07-26T09:57:40+00:00\",\"inLanguage\":\"fr-FR\",\"potentialAction\":[{\"@type\":\"ReadAction\",\"target\":[\"https:\/\/lyonbondyblog.fr\/LBB\/premiers-courts-cest-demain\/\"]}]},{\"@type\":\"ImageObject\",\"inLanguage\":\"fr-FR\",\"@id\":\"https:\/\/lyonbondyblog.fr\/LBB\/premiers-courts-cest-demain\/#primaryimage\",\"url\":\"http:\/\/yahoo.lyon.bondyblog.fr\/images\/faich_1_t.jpg\",\"contentUrl\":\"http:\/\/yahoo.lyon.bondyblog.fr\/images\/faich_1_t.jpg\"},{\"@type\":\"WebSite\",\"@id\":\"https:\/\/lyonbondyblog.fr\/LBB\/#website\",\"url\":\"https:\/\/lyonbondyblog.fr\/LBB\/\",\"name\":\"Lyon Bondy Blog\",\"description\":\"\",\"publisher\":{\"@id\":\"https:\/\/lyonbondyblog.fr\/LBB\/#organization\"},\"potentialAction\":[{\"@type\":\"SearchAction\",\"target\":{\"@type\":\"EntryPoint\",\"urlTemplate\":\"https:\/\/lyonbondyblog.fr\/LBB\/?s={search_term_string}\"},\"query-input\":\"required name=search_term_string\"}],\"inLanguage\":\"fr-FR\"},{\"@type\":\"Organization\",\"@id\":\"https:\/\/lyonbondyblog.fr\/LBB\/#organization\",\"name\":\"LYON BONDY BLOG\",\"url\":\"https:\/\/lyonbondyblog.fr\/LBB\/\",\"logo\":{\"@type\":\"ImageObject\",\"inLanguage\":\"fr-FR\",\"@id\":\"https:\/\/lyonbondyblog.fr\/LBB\/#\/schema\/logo\/image\/\",\"url\":\"http:\/\/lyonbondyblog.fr\/LBB\/wp-content\/uploads\/2014\/10\/logo-portable-144.png\",\"contentUrl\":\"http:\/\/lyonbondyblog.fr\/LBB\/wp-content\/uploads\/2014\/10\/logo-portable-144.png\",\"width\":144,\"height\":123,\"caption\":\"LYON BONDY BLOG\"},\"image\":{\"@id\":\"https:\/\/lyonbondyblog.fr\/LBB\/#\/schema\/logo\/image\/\"},\"sameAs\":[\"https:\/\/www.facebook.com\/lyonbondyblog\",\"https:\/\/x.com\/bondybloglyon\"]},{\"@type\":\"Person\",\"@id\":\"https:\/\/lyonbondyblog.fr\/LBB\/#\/schema\/person\/e45f8d27baac75072daa0be50c409b25\",\"name\":\"La r\u00e9daction\",\"description\":\"Cr\u00e9e en 2008, la r\u00e9daction du Lyon Bondy Blog s'applique \u00e0 proposer une information locale diff\u00e9rente et compl\u00e9mentaire des m\u00e9dias traditionnels.\",\"sameAs\":[\"https:\/\/www.facebook.com\/lyonbondyblog\",\"https:\/\/x.com\/BondyBlogLyon\"],\"url\":\"https:\/\/lyonbondyblog.fr\/LBB\/author\/admin\/\"}]}<\/script>\n<!-- \/ Yoast SEO plugin. -->","yoast_head_json":{"title":"Premiers courts : c'est demain ! - Lyon Bondy Blog","robots":{"index":"index","follow":"follow","max-snippet":"max-snippet:-1","max-image-preview":"max-image-preview:large","max-video-preview":"max-video-preview:-1"},"canonical":"https:\/\/lyonbondyblog.fr\/LBB\/premiers-courts-cest-demain\/","og_locale":"fr_FR","og_type":"article","og_title":"Premiers courts : c'est demain ! - Lyon Bondy Blog","og_description":"Nouveaux arrivants dans le Festival du Film Court de Villeurbanne, le collectif \u00ab\u00a0Premiers Courts\u00a0\u00bb propose une soir\u00e9e \u00ab\u00a0OFF\u00a0\u00bb alternative, int\u00e9grant une programmation de divers premiers &hellip;","og_url":"https:\/\/lyonbondyblog.fr\/LBB\/premiers-courts-cest-demain\/","og_site_name":"Lyon Bondy Blog","article_publisher":"https:\/\/www.facebook.com\/lyonbondyblog","article_author":"https:\/\/www.facebook.com\/lyonbondyblog","article_published_time":"2011-11-21T10:44:20+00:00","article_modified_time":"2013-07-26T09:57:40+00:00","og_image":[{"url":"http:\/\/yahoo.lyon.bondyblog.fr\/images\/faich_1_t.jpg"}],"author":"La r\u00e9daction","twitter_card":"summary_large_image","twitter_creator":"@BondyBlogLyon","twitter_site":"@bondybloglyon","schema":{"@context":"https:\/\/schema.org","@graph":[{"@type":"Article","@id":"https:\/\/lyonbondyblog.fr\/LBB\/premiers-courts-cest-demain\/#article","isPartOf":{"@id":"https:\/\/lyonbondyblog.fr\/LBB\/premiers-courts-cest-demain\/"},"author":{"name":"La r\u00e9daction","@id":"https:\/\/lyonbondyblog.fr\/LBB\/#\/schema\/person\/e45f8d27baac75072daa0be50c409b25"},"headline":"Premiers courts : c&rsquo;est demain !","datePublished":"2011-11-21T10:44:20+00:00","dateModified":"2013-07-26T09:57:40+00:00","mainEntityOfPage":{"@id":"https:\/\/lyonbondyblog.fr\/LBB\/premiers-courts-cest-demain\/"},"wordCount":321,"commentCount":0,"publisher":{"@id":"https:\/\/lyonbondyblog.fr\/LBB\/#organization"},"image":{"@id":"https:\/\/lyonbondyblog.fr\/LBB\/premiers-courts-cest-demain\/#primaryimage"},"thumbnailUrl":"http:\/\/yahoo.lyon.bondyblog.fr\/images\/faich_1_t.jpg","keywords":["lyon","Lyon Bondy Blog"],"articleSection":["Lyon"],"inLanguage":"fr-FR","potentialAction":[{"@type":"CommentAction","name":"Comment","target":["https:\/\/lyonbondyblog.fr\/LBB\/premiers-courts-cest-demain\/#respond"]}]},{"@type":"WebPage","@id":"https:\/\/lyonbondyblog.fr\/LBB\/premiers-courts-cest-demain\/","url":"https:\/\/lyonbondyblog.fr\/LBB\/premiers-courts-cest-demain\/","name":"Premiers courts : c'est demain ! - Lyon Bondy Blog","isPartOf":{"@id":"https:\/\/lyonbondyblog.fr\/LBB\/#website"},"primaryImageOfPage":{"@id":"https:\/\/lyonbondyblog.fr\/LBB\/premiers-courts-cest-demain\/#primaryimage"},"image":{"@id":"https:\/\/lyonbondyblog.fr\/LBB\/premiers-courts-cest-demain\/#primaryimage"},"thumbnailUrl":"http:\/\/yahoo.lyon.bondyblog.fr\/images\/faich_1_t.jpg","datePublished":"2011-11-21T10:44:20+00:00","dateModified":"2013-07-26T09:57:40+00:00","inLanguage":"fr-FR","potentialAction":[{"@type":"ReadAction","target":["https:\/\/lyonbondyblog.fr\/LBB\/premiers-courts-cest-demain\/"]}]},{"@type":"ImageObject","inLanguage":"fr-FR","@id":"https:\/\/lyonbondyblog.fr\/LBB\/premiers-courts-cest-demain\/#primaryimage","url":"http:\/\/yahoo.lyon.bondyblog.fr\/images\/faich_1_t.jpg","contentUrl":"http:\/\/yahoo.lyon.bondyblog.fr\/images\/faich_1_t.jpg"},{"@type":"WebSite","@id":"https:\/\/lyonbondyblog.fr\/LBB\/#website","url":"https:\/\/lyonbondyblog.fr\/LBB\/","name":"Lyon Bondy Blog","description":"","publisher":{"@id":"https:\/\/lyonbondyblog.fr\/LBB\/#organization"},"potentialAction":[{"@type":"SearchAction","target":{"@type":"EntryPoint","urlTemplate":"https:\/\/lyonbondyblog.fr\/LBB\/?s={search_term_string}"},"query-input":"required name=search_term_string"}],"inLanguage":"fr-FR"},{"@type":"Organization","@id":"https:\/\/lyonbondyblog.fr\/LBB\/#organization","name":"LYON BONDY BLOG","url":"https:\/\/lyonbondyblog.fr\/LBB\/","logo":{"@type":"ImageObject","inLanguage":"fr-FR","@id":"https:\/\/lyonbondyblog.fr\/LBB\/#\/schema\/logo\/image\/","url":"http:\/\/lyonbondyblog.fr\/LBB\/wp-content\/uploads\/2014\/10\/logo-portable-144.png","contentUrl":"http:\/\/lyonbondyblog.fr\/LBB\/wp-content\/uploads\/2014\/10\/logo-portable-144.png","width":144,"height":123,"caption":"LYON BONDY BLOG"},"image":{"@id":"https:\/\/lyonbondyblog.fr\/LBB\/#\/schema\/logo\/image\/"},"sameAs":["https:\/\/www.facebook.com\/lyonbondyblog","https:\/\/x.com\/bondybloglyon"]},{"@type":"Person","@id":"https:\/\/lyonbondyblog.fr\/LBB\/#\/schema\/person\/e45f8d27baac75072daa0be50c409b25","name":"La r\u00e9daction","description":"Cr\u00e9e en 2008, la r\u00e9daction du Lyon Bondy Blog s'applique \u00e0 proposer une information locale diff\u00e9rente et compl\u00e9mentaire des m\u00e9dias traditionnels.","sameAs":["https:\/\/www.facebook.com\/lyonbondyblog","https:\/\/x.com\/BondyBlogLyon"],"url":"https:\/\/lyonbondyblog.fr\/LBB\/author\/admin\/"}]}},"_links":{"self":[{"href":"https:\/\/lyonbondyblog.fr\/LBB\/wp-json\/wp\/v2\/posts\/1679","targetHints":{"allow":["GET"]}}],"collection":[{"href":"https:\/\/lyonbondyblog.fr\/LBB\/wp-json\/wp\/v2\/posts"}],"about":[{"href":"https:\/\/lyonbondyblog.fr\/LBB\/wp-json\/wp\/v2\/types\/post"}],"author":[{"embeddable":true,"href":"https:\/\/lyonbondyblog.fr\/LBB\/wp-json\/wp\/v2\/users\/1"}],"replies":[{"embeddable":true,"href":"https:\/\/lyonbondyblog.fr\/LBB\/wp-json\/wp\/v2\/comments?post=1679"}],"version-history":[{"count":0,"href":"https:\/\/lyonbondyblog.fr\/LBB\/wp-json\/wp\/v2\/posts\/1679\/revisions"}],"wp:attachment":[{"href":"https:\/\/lyonbondyblog.fr\/LBB\/wp-json\/wp\/v2\/media?parent=1679"}],"wp:term":[{"taxonomy":"category","embeddable":true,"href":"https:\/\/lyonbondyblog.fr\/LBB\/wp-json\/wp\/v2\/categories?post=1679"},{"taxonomy":"post_tag","embeddable":true,"href":"https:\/\/lyonbondyblog.fr\/LBB\/wp-json\/wp\/v2\/tags?post=1679"}],"curies":[{"name":"wp","href":"https:\/\/api.w.org\/{rel}","templated":true}]}}