{"id":16609,"date":"2019-06-02T12:00:08","date_gmt":"2019-06-02T10:00:08","guid":{"rendered":"http:\/\/lyonbondyblog.fr\/LBB\/?p=16609"},"modified":"2019-07-25T09:48:54","modified_gmt":"2019-07-25T07:48:54","slug":"gala-durban-arts-academy-silence-ca-tourne-et-action","status":"publish","type":"post","link":"https:\/\/lyonbondyblog.fr\/LBB\/gala-durban-arts-academy-silence-ca-tourne-et-action\/","title":{"rendered":"Gala d\u2019Urban Arts Academy : Silence, \u00e7a tourne\u2026 et action !"},"content":{"rendered":"<h4>D\u00e9couvrez le dernier \u00e9pisode consacr\u00e9 \u00e0 notre dossier \u00ab<a href=\"https:\/\/lyonbondyblog.fr\/LBB\/focus-la-culture-hip-hop-a-lyon\/\" target=\"_blank\" rel=\"noopener\">&nbsp;La culture Hip-Hop \u00e0 Lyon<\/a>&nbsp;\u00bb. Place \u00e0 l\u2019Urban Arts Academy. Ce samedi 18 mai, au CCVA de Villeurbanne, cette \u00e9cole de danse pr\u00e9sentait son gala de fin d\u2019ann\u00e9e. Ce dernier intitul\u00e9 \u00ab&nbsp;Danse ton film&nbsp;\u00bb pr\u00e9sentait des shows sur les th\u00e8mes du film et du dessin anim\u00e9.<\/h4>\n<p>Le 18 mai dernier, le Centre Culturel et de la Vie Associative (CCVA) de Villeurbanne a accueilli les troupes de l\u2019<a href=\"https:\/\/urban-arts-academy.fr\/\" target=\"_blank\" rel=\"noopener\">Urban Arts Academy<\/a>. A l\u2019initiative de cette derni\u00e8re, \u00c9meline, la directrice, mais \u00e9galement l\u2019Espace Undoka\u00ef, et notamment&nbsp;: Fabrice Ponsin, Pierre Bourret, ainsi que Thierry Robin (fondateur de l&rsquo;infrastructure). Cr\u00e9\u00e9e en 2016, celle-ci a fait d\u00e9couvrir aux nombreux spectateurs le travail de ses \u00e9l\u00e8ves \u00e0 travers son gala de fin d\u2019ann\u00e9e. Hip-Hop, breakdance, dancehall ou encore afro-house \u00e9taient au programme.<\/p>\n<h4>Le gala<\/h4>\n<p>19h30. Le CCVA ouvre ses portes aux spectateurs qui viennent assister au gala. A l\u2019affiche&nbsp;: un remake de dessins anim\u00e9s et de films cultes. Dans la salle des spectacles, toutes les g\u00e9n\u00e9rations sont pr\u00e9sentes&nbsp;: enfants, adolescents, adultes, seniors. Juste avant le d\u00e9but de show, la directrice artistique, \u00c9meline, remercie le public, ainsi que toutes les personnes ayant contribu\u00e9 \u00e0 la tenue de l\u2019\u00e9v\u00e8nement.<\/p>\n<p>20h. C\u2019est une salle comble qui accueille MC Koume, le ma\u00eetre de c\u00e9r\u00e9monie. Le show d\u2019ouverture est assur\u00e9 par un groupe de dancehall, Mouv\u2019ment Dancer\u2019z. Voici le contenu de la premi\u00e8re partie&nbsp;:<\/p>\n<p>&#8211; \u00ab&nbsp;Kirikou et la chor\u00e9graphe&nbsp;\u00bb (r\u00e9f\u00e9rence \u00e0 <a href=\"http:\/\/www.allocine.fr\/film\/fichefilm_gen_cfilm=18446.html\" target=\"_blank\" rel=\"noopener\"><em>Kirikou et la sorci\u00e8re<\/em><\/a>), \u00e9veil \u00e0 la danse (4-6 ans)<\/p>\n<p>&#8211; \u00ab&nbsp;Bboy Coco&nbsp;\u00bb (film Disney <a href=\"http:\/\/www.allocine.fr\/film\/fichefilm_gen_cfilm=206775.html\" target=\"_blank\" rel=\"noopener\"><em>Coco<\/em><\/a>), breakdance (7-12 ans)<\/p>\n<p>&#8211; \u00ab&nbsp;Danse avec les Schtroumpfs&nbsp;\u00bb, \u00e9veil \u00e0 la danse (4-6 ans)<\/p>\n<p>&#8211; \u00ab&nbsp;Le retour de la Soupe aux choux&nbsp;\u00bb <em>(<a href=\"http:\/\/www.allocine.fr\/film\/fichefilm_gen_cfilm=30750.html\" target=\"_blank\" rel=\"noopener\">La soupe aux choux<\/a><\/em><em>),<\/em> breakdance (7-12 ans)<\/p>\n<p>&#8211; \u00ab&nbsp;<a href=\"http:\/\/www.allocine.fr\/film\/fichefilm_gen_cfilm=9895.html\" target=\"_blank\" rel=\"noopener\">Rasta Rockett<\/a>&nbsp;: Dancehall Vibes&nbsp;\u00bb, dancehall (adultes)<\/p>\n<p>&#8211; \u00ab&nbsp;Stars Wars&nbsp;: l\u2019empire du break&nbsp;\u00bb, breakdance (7-12 ans)<\/p>\n<p>&#8211; \u00ab&nbsp;Step Up 6&nbsp;: LA Heat&nbsp;\u00bb (r\u00e9f\u00e9rence \u00e0 <em>Step Up<\/em>, <a href=\"http:\/\/www.allocine.fr\/film\/fichefilm_gen_cfilm=111632.html\" target=\"_blank\" rel=\"noopener\"><em>Sexy Dance<\/em><\/a> en France), LA Style (ados et adultes)<\/p>\n<p>&#8211; \u00ab&nbsp;<a href=\"http:\/\/www.allocine.fr\/film\/fichefilm_gen_cfilm=210318.html\" target=\"_blank\" rel=\"noopener\">Jumanji<\/a>&nbsp;: Bienvenue \u00e0 Urban Art&nbsp;\u00bb, hip-hop lady (7-13 ans)<\/p>\n<p>Apr\u00e8s l\u2019entracte (un peu longue), les danseurs de break (groupe d&rsquo;adultes) entament la seconde partie avec \u00ab&nbsp;<a href=\"http:\/\/www.allocine.fr\/film\/fichefilm_gen_cfilm=32323.html\" target=\"_blank\" rel=\"noopener\">Beat street<\/a>&nbsp;\u00bb. Les enfants du cours de hip-hop, avec le costume ad\u00e9quat (7-13 ans), encha\u00eenent derri\u00e8re avec \u00ab&nbsp;MID&nbsp;: Men In Dance&nbsp;\u00bb (r\u00e9f\u00e9rence \u00e0 Men In Black). A la suite de cette prestation, les spectateurs ont le droit \u00e0 leur moment de danse. En effet, MC Koume les invite \u00e0 se lever et \u00e0 danser sur ce morceau.<\/p>\n<div id='gallery-1' class='gallery galleryid-16609 gallery-columns-2 gallery-size-large'><figure class='gallery-item'>\n\t\t\t<div class='gallery-icon landscape'>\n\t\t\t\t<a href='https:\/\/lyonbondyblog.fr\/LBB\/gala-durban-arts-academy-silence-ca-tourne-et-action\/le-roi-lyon-_-jessica-et-son-groupe-dafro-house1\/'><img loading=\"lazy\" decoding=\"async\" width=\"1024\" height=\"768\" src=\"https:\/\/lyonbondyblog.fr\/LBB\/wp-content\/uploads\/2019\/05\/Le-Roi-Lyon-_-Jessica-et-son-groupe-dAfro-House1-1024x768.jpg\" class=\"attachment-large size-large\" alt=\"\" aria-describedby=\"gallery-1-16863\" srcset=\"https:\/\/lyonbondyblog.fr\/LBB\/wp-content\/uploads\/2019\/05\/Le-Roi-Lyon-_-Jessica-et-son-groupe-dAfro-House1-1024x768.jpg 1024w, https:\/\/lyonbondyblog.fr\/LBB\/wp-content\/uploads\/2019\/05\/Le-Roi-Lyon-_-Jessica-et-son-groupe-dAfro-House1-300x225.jpg 300w, https:\/\/lyonbondyblog.fr\/LBB\/wp-content\/uploads\/2019\/05\/Le-Roi-Lyon-_-Jessica-et-son-groupe-dAfro-House1-768x576.jpg 768w, https:\/\/lyonbondyblog.fr\/LBB\/wp-content\/uploads\/2019\/05\/Le-Roi-Lyon-_-Jessica-et-son-groupe-dAfro-House1-600x450.jpg 600w, https:\/\/lyonbondyblog.fr\/LBB\/wp-content\/uploads\/2019\/05\/Le-Roi-Lyon-_-Jessica-et-son-groupe-dAfro-House1.jpg 1050w\" sizes=\"auto, (max-width: 1024px) 100vw, 1024px\" \/><\/a>\n\t\t\t<\/div>\n\t\t\t\t<figcaption class='wp-caption-text gallery-caption' id='gallery-1-16863'>\n\t\t\t\tLe groupe d&rsquo;afro-house dirig\u00e9 par Jessica (au centre en tenue verte) avant son passage sur sc\u00e8ne. Cr\u00e9dit photo : @Ben_tnh \/ Droits r\u00e9serv\u00e9s.\n\t\t\t\t<\/figcaption><\/figure><figure class='gallery-item'>\n\t\t\t<div class='gallery-icon landscape'>\n\t\t\t\t<a href='https:\/\/lyonbondyblog.fr\/LBB\/gala-durban-arts-academy-silence-ca-tourne-et-action\/men-in-dance-_-polow-et-son-groupe-de-hip-hop1\/'><img loading=\"lazy\" decoding=\"async\" width=\"1024\" height=\"768\" src=\"https:\/\/lyonbondyblog.fr\/LBB\/wp-content\/uploads\/2019\/05\/Men-In-Dance-_-Polow-et-son-groupe-de-Hip-Hop1-1024x768.jpg\" class=\"attachment-large size-large\" alt=\"\" aria-describedby=\"gallery-1-16864\" srcset=\"https:\/\/lyonbondyblog.fr\/LBB\/wp-content\/uploads\/2019\/05\/Men-In-Dance-_-Polow-et-son-groupe-de-Hip-Hop1-1024x768.jpg 1024w, https:\/\/lyonbondyblog.fr\/LBB\/wp-content\/uploads\/2019\/05\/Men-In-Dance-_-Polow-et-son-groupe-de-Hip-Hop1-300x225.jpg 300w, https:\/\/lyonbondyblog.fr\/LBB\/wp-content\/uploads\/2019\/05\/Men-In-Dance-_-Polow-et-son-groupe-de-Hip-Hop1-768x576.jpg 768w, https:\/\/lyonbondyblog.fr\/LBB\/wp-content\/uploads\/2019\/05\/Men-In-Dance-_-Polow-et-son-groupe-de-Hip-Hop1-600x450.jpg 600w, https:\/\/lyonbondyblog.fr\/LBB\/wp-content\/uploads\/2019\/05\/Men-In-Dance-_-Polow-et-son-groupe-de-Hip-Hop1.jpg 1050w\" sizes=\"auto, (max-width: 1024px) 100vw, 1024px\" \/><\/a>\n\t\t\t<\/div>\n\t\t\t\t<figcaption class='wp-caption-text gallery-caption' id='gallery-1-16864'>\n\t\t\t\tLes Men In Black \u00e9taient de retour ce soir l\u00e0. Groupe de hip-hop dirig\u00e9 par Polow (au centre). Cr\u00e9dit photo : @Ben_tnh \/ Droits r\u00e9serv\u00e9s.\n\t\t\t\t<\/figcaption><\/figure>\n\t\t<\/div>\n\n<p>Par la suite, le public assiste aux shows suivants&nbsp;:<\/p>\n<p>&#8211; \u00ab&nbsp;Shottas In Lyon&nbsp;\u00bb (r\u00e9f\u00e9rence \u00e0 <a href=\"https:\/\/lyonbondyblog.fr\/LBB\/jean-luc-melenchon-lfi-rassemble-a-2-jours-du-scrutin\/\" target=\"_blank\" rel=\"noopener\">Shottas<\/a>), dancehall (adultes)<\/p>\n<p>&#8211; \u00ab&nbsp;Break Panther&nbsp;\u00bb (r\u00e9f\u00e9rence \u00e0 <a href=\"http:\/\/www.allocine.fr\/film\/fichefilm_gen_cfilm=130336.html\" target=\"_blank\" rel=\"noopener\"><em>Black Panther<\/em><\/a>), breakdance (9-13 ans)<\/p>\n<p>&#8211; \u00ab&nbsp;Requiem for a house dream&nbsp;\u00bb (<a href=\"http:\/\/www.allocine.fr\/film\/fichefilm_gen_cfilm=26602.html\" target=\"_blank\" rel=\"noopener\"><em>Requiem for a dream<\/em><\/a>), house dance (adultes)<\/p>\n<p>&#8211; Show du Badland crew de Florie<\/p>\n<p>&#8211; Show&nbsp;: \u00ab&nbsp;Le retour de la guerri\u00e8re&nbsp;\u00bb<\/p>\n<p>&#8211; \u00ab&nbsp;Le roi Lyon&nbsp;\u00bb, afro-house (adultes)<\/p>\n<p>Wiwi se charge du dernier show et montre ses talents de freestyler aux spectateurs. Le final, de haute vol\u00e9e, est assur\u00e9 par les professeurs, le tout dans une tr\u00e8s bonne ambiance.<\/p>\n<h4>L\u2019interview<\/h4>\n<p>Retrouvez notre entretien avec la professeur de breakdance ainsi que directrice d\u2019Urban Arts Academy, \u00c9meline.<\/p>\n<h5>Lyon Bondy Blog&nbsp;: Pouvez-vous tout d\u2019abord nous raconter votre histoire avec la danse? Quand et comment l\u2019avez-vous d\u00e9couverte&nbsp;? O\u00f9 et comment avez-vous appris \u00e0 danser&nbsp;?<\/h5>\n<p>\u00c9meline&nbsp;: J\u2019ai d\u00e9couvert la danse par le biais de la culture hip-hop, et notamment par la musique hip-hop, c\u2019est ce qui m\u2019int\u00e9ressait. Je devais avoir 12-13 ans. La danse est quelque chose que j\u2019ai toujours voulu faire, de ce que je voyais dans les clips, \u00e0 la t\u00e9l\u00e9, c\u2019est ce qui m\u2019a donn\u00e9 envie. Par contre, j\u2019ai commenc\u00e9 tr\u00e8s tard, \u00e0 21 ans. J\u2019ai os\u00e9 rentrer dans un cours de danse. J\u2019ai pris deux ans de cours de danse. Ensuite, j\u2019ai compl\u00e8tement arr\u00eat\u00e9, je me suis entra\u00een\u00e9 par moi m\u00eame, notamment sur Annecy avec <a href=\"https:\/\/www.redbull.com\/fr-fr\/b-boy-b-girl-breakdancer\" target=\"_blank\" rel=\"noopener\">des b-boy et des b-girls<\/a> qui s\u2019entra\u00eenaient \u00e0 l\u2019ext\u00e9rieur.<\/p>\n<h5>LBB&nbsp;: Avez-vous d\u00e9laiss\u00e9 d\u2019autres passions pour vous consacrer totalement au hip-hop&nbsp;? Qu\u2019est-ce qui vous pla\u00eet tant dans la danse&nbsp;?<\/h5>\n<p>\u00c9meline&nbsp;: Non parce que je n\u2019en avais pas. Par contre, effectivement, cela a pris une place \u00e9norme dans ma vie et \u00e7a a laiss\u00e9 la place \u00e0 rien d&rsquo;autre quasiment : d&rsquo;abord je me suis entra\u00een\u00e9 pour moi, ensuite j\u2019ai travaill\u00e9 pour des compagnies, j&rsquo;ai donn\u00e9 des cours.<\/p>\n<p>Au tout d\u00e9but, c\u2019\u00e9tait difficile, et c\u2019est \u00e7a qui me plaisait, toutes les acros, tous les freeze, apprendre \u00e0 les faire. Je n\u2019avais pas en vue de devenir une grande danseuse. Je voulais juste faire les mouvements, savoir les faire.<\/p>\n<h5>LBB&nbsp;: Avez-vous des idoles, des sources d\u2019inspiration&nbsp;? Avez vous \u00e9t\u00e9 influenc\u00e9 par un artiste en particulier&nbsp;? Un film&nbsp;?<\/h5>\n<p>\u00c9meline&nbsp;: Pas forc\u00e9ment. Quand j\u2019\u00e9tais plus jeune, il y avait le film <a href=\"http:\/\/www.allocine.fr\/film\/fichefilm_gen_cfilm=45915.html\" target=\"_blank\" rel=\"noopener\">Honey<\/a> qui a fait r\u00eav\u00e9 la petite fille que j\u2019\u00e9tais (rires). Apr\u00e8s c\u2019est davantage les rencontres, des gens pas forc\u00e9ment connus, qui m\u2019ont inspir\u00e9.<\/p>\n<h5>LBB&nbsp;: Pourquoi avoir d\u00e9cid\u00e9e d\u2019enseigner le hip-hop ? Quel \u00e9tait l\u2019objectif en cr\u00e9ant l\u2019Urban Arts Academy ?<\/h5>\n<p>\u00c9meline&nbsp;: Je voulais transmettre ce que le Hip-Hop m\u2019a appris, mais plus en terme de valeurs, de rigueur de travail, de tenue de vie, toutes les valeurs qu\u2019on peut v\u00e9hiculer, notamment se trouver soi-m\u00eame, qui on est \u00e0 travers cette danse. Par exemple, si on aime plus les choses physiques, on travaille le physique&nbsp;; si on aime plus l\u2019expression de soi, le Krump c\u2019est super.<\/p>\n<p>Pour l\u2019Urban Arts Academy, \u00e7a faisait 3-4 ans que je donnais des cours dans l\u2019Espace Undoka\u00ef. Il y avait de la demande, mes cours se sont \u00e9norm\u00e9ment d\u00e9velopp\u00e9s. Il y avait beaucoup de demande et je voyais que des jeunes qui adoraient la danse, mais mon style \u00e0 moi, le break, leur correspondait plus. Du coup, on a eu l\u2019id\u00e9e de d\u00e9velopper dans les autres danses urbaines pour qu\u2019ils aient plusieurs disciplines, de choses un peu plus debout comme le hip-hop, LA style etc.<\/p>\n<figure id=\"attachment_16862\" aria-describedby=\"caption-attachment-16862\" style=\"width: 1024px\" class=\"wp-caption aligncenter\"><a href=\"https:\/\/lyonbondyblog.fr\/LBB\/wp-content\/uploads\/2019\/05\/Urban-Arts-Academy-equipe.png\"><img loading=\"lazy\" decoding=\"async\" class=\"wp-image-16862 size-large\" src=\"https:\/\/lyonbondyblog.fr\/LBB\/wp-content\/uploads\/2019\/05\/Urban-Arts-Academy-equipe-1024x683.png\" alt=\"\" width=\"1024\" height=\"683\" srcset=\"https:\/\/lyonbondyblog.fr\/LBB\/wp-content\/uploads\/2019\/05\/Urban-Arts-Academy-equipe-1024x683.png 1024w, https:\/\/lyonbondyblog.fr\/LBB\/wp-content\/uploads\/2019\/05\/Urban-Arts-Academy-equipe-300x200.png 300w, https:\/\/lyonbondyblog.fr\/LBB\/wp-content\/uploads\/2019\/05\/Urban-Arts-Academy-equipe-768x512.png 768w, https:\/\/lyonbondyblog.fr\/LBB\/wp-content\/uploads\/2019\/05\/Urban-Arts-Academy-equipe-600x400.png 600w, https:\/\/lyonbondyblog.fr\/LBB\/wp-content\/uploads\/2019\/05\/Urban-Arts-Academy-equipe.png 1050w\" sizes=\"auto, (max-width: 1024px) 100vw, 1024px\" \/><\/a><figcaption id=\"caption-attachment-16862\" class=\"wp-caption-text\">La majorit\u00e9 de l&rsquo;\u00e9quipe d&rsquo;Urban Arts Academy r\u00e9unie \u00e0 la fin du gala. De gauche \u00e0 droite : Pierre Bourret, Amauryne Robin, Virginie, MC Koume, Florie, Polow, Eym, Ding, Jessica, Anil, Thierry Robin. Cr\u00e9dit photo : Rayan Bobb \/ Droits r\u00e9serv\u00e9s.<\/figcaption><\/figure>\n<h5>LBB&nbsp;: Quelle est la diff\u00e9rence, selon vous, entre l\u2019apprentissage\/l\u2019entra\u00eenement du hip-hop dans la rue et au sein d\u2019un \u00e9tablissement ?<\/h5>\n<p>\u00c9meline&nbsp;: C\u2019est important de passer dans une \u00e9cole, surtout quand on est jeune, pour apprendre directement les bonnes bases, s\u2019\u00e9chauffer. Moi j\u2019ai gal\u00e9r\u00e9 [elle a d\u00e9marr\u00e9 dans la rue]. Il y a un mouvement qui s\u2019appelle le 6 step dans le break, c\u2019est une base. On me l\u2019avais appris les mains \u00e0 plat. Mais \u00e7a ne va pas du tout. J\u2019ai mis 1 an \u00e0 corriger \u00e7a. L\u2019\u00e9cole est essentielle pour \u00e7a&nbsp;: ne pas se faire mal, partir sur les bonne voies. Moi je suis all\u00e9 prendre des stages \u00e0 New-York notamment pour r\u00e9adapter mes mouvements, reprendre mes bases, les bons mouvements.<\/p>\n<p>Aujourd\u2019hui, on s\u2019entra\u00eene beaucoup dans les salles, on y a acc\u00e8s donc on en profite. Dans la rue, il y a une autre \u00e9nergie, c\u2019est s\u00fbr, comme le partage\u2026 il y a ce qu\u2019on va retrouver dans les cours, mais plus entre danseurs. Il n\u2019y a pas qu\u2019un rapport prof-\u00e9l\u00e8ves, il y a un rapport danseur \u00e0 danseur.<\/p>\n<h5>LBB&nbsp;: Quelle place tient le hip-hop dans votre vie&nbsp;?<\/h5>\n<p>\u00c9meline&nbsp;: 90&#8230;99&nbsp;% (rires). Cela a une place \u00e9norme.<\/p>\n<h5>LBB&nbsp;: Vous \u00eates 7 profs (vous incompris). Comme on a pu le voir dans le gala, on retrouve diff\u00e9rents types de danse. Combien d\u2019\u00e9l\u00e8ves accueillez-vous dans l\u2019ann\u00e9e ? Y a t-il une pr\u00e9f\u00e9rence pour l\u2019une des danses, ou la r\u00e9partition est \u00e9quilibr\u00e9e dans les diff\u00e9rents cours&nbsp;?<\/h5>\n<p>\u00c9meline&nbsp;: C\u2019est assez \u00e9quilibr\u00e9 pour cette ann\u00e9e. On est environ \u00e0 200 adh\u00e9rents tous \u00e2ges confondus, sans compter les stages qu\u2019on fait pendant les vacances scolaires ou les stages ponctuels. L\u2019afro-house est en pleine expansion aujourd\u2019hui parce que le hip-hop s\u2019est beaucoup rapproch\u00e9 de la culture afro, notamment dans les musiques, dans les clips, on voit beaucoup plus de danse afro. Du coup, il y a une grande visibilit\u00e9 je pense, et \u00e7a attire \u00e9norm\u00e9ment. Apr\u00e8s c\u2019est assez \u00e9quilibr\u00e9.<\/p>\n<h5>LBB&nbsp;: Vous avez probablement des \u00e9l\u00e8ves qui viennent de partout dans Lyon. Comment fait-on cohabiter des d\u00e9butants et des danseurs d\u00e9j\u00e0 confirm\u00e9s ?<\/h5>\n<p>\u00c9meline&nbsp;: On essaie de pas les faire cohabiter justement, de faire en sorte qu\u2019il y ait des cours d\u00e9butants, et des cours un peu plus avanc\u00e9s. Apr\u00e8s si on peut pas, on essaie de limiter. Moi par exemple, je prends pas plus de 12 \u00e9l\u00e8ves, dans mes cours, afin de pouvoir adapter \u00e0 tous, reprendre les bases avec certains, pousser un peu plus les autres sous forme d\u2019exercices.<\/p>\n<h5>LBB&nbsp;: Pour en revenir au gala, qui l\u2019a organis\u00e9&nbsp;? Combien de personnes ont \u00e9t\u00e9 mobilis\u00e9es au total&nbsp;?<\/h5>\n<p>\u00c9meline&nbsp;: C\u2019est moi qui ait tout organis\u00e9. Il y a eu la mobilisation des profs autour de leurs \u00e9l\u00e8ves pour faire les chor\u00e9graphies. Le jour m\u00eame, il y avait une quinzaine de b\u00e9n\u00e9voles pour pouvoir nous aider, \u00e0 faire passer les groupes, pour la buvette. Pour les costumes, chaque prof g\u00e9rait ses groupes. Pour la coordination [en r\u00e9gie durant la soir\u00e9e], Aur\u00e9lie, une b\u00e9n\u00e9vole, m\u2019a beaucoup aid\u00e9e.<\/p>\n<h5>LBB&nbsp;: Lors de la soir\u00e9e, MC Koume a parl\u00e9 d\u2019un futur DVD. Quelle est la date de sortie pr\u00e9vue ?<\/h5>\n<p>\u00c9meline&nbsp;: Normalement dans 2-3 semaines \u00e0 peu pr\u00e8s [au moment de l\u2019interview le 23\/05\/19].<\/p>\n<h5>LBB&nbsp;: Derni\u00e8re question&nbsp;: avez-vous d\u00e9j\u00e0 une id\u00e9e quant au th\u00e8me du gala de l\u2019ann\u00e9e prochaine&nbsp;?<\/h5>\n<p>\u00c9meline&nbsp;: Je commence. J\u2019ai des id\u00e9es mais il n\u2019y a rien de fixer. De toute fa\u00e7on, c\u2019est une surprise (rires).<\/p>\n<!-- AddThis Advanced Settings generic via filter on the_content --><!-- AddThis Share Buttons generic via filter on the_content -->","protected":false},"excerpt":{"rendered":"<p>D\u00e9couvrez le dernier \u00e9pisode consacr\u00e9 \u00e0 notre dossier \u00ab&nbsp;La culture Hip-Hop \u00e0 Lyon&nbsp;\u00bb. Place \u00e0 l\u2019Urban Arts Academy. Ce samedi 18 mai, au CCVA de &hellip; <!-- AddThis Advanced Settings generic via filter on wp_trim_excerpt --><!-- AddThis Share Buttons generic via filter on wp_trim_excerpt --><\/p>\n","protected":false},"author":13656,"featured_media":16611,"comment_status":"open","ping_status":"open","sticky":false,"template":"","format":"standard","meta":{"_FSMCFIC_featured_image_caption":"","_FSMCFIC_featured_image_nocaption":"","_FSMCFIC_featured_image_hide":"","footnotes":""},"categories":[3,4,10388],"tags":[111,10440,152],"class_list":["post-16609","post","type-post","status-publish","format-standard","has-post-thumbnail","hentry","category-culture","category-lyon","category-villeurbanne","tag-danse","tag-gala","tag-interview"],"yoast_head":"<!-- This site is optimized with the Yoast SEO plugin v22.8 - https:\/\/yoast.com\/wordpress\/plugins\/seo\/ -->\n<title>Gala d\u2019Urban Arts Academy : Silence, \u00e7a tourne\u2026 et action ! - Lyon Bondy Blog<\/title>\n<meta name=\"robots\" content=\"index, follow, max-snippet:-1, max-image-preview:large, max-video-preview:-1\" \/>\n<link rel=\"canonical\" href=\"https:\/\/lyonbondyblog.fr\/LBB\/gala-durban-arts-academy-silence-ca-tourne-et-action\/\" \/>\n<meta property=\"og:locale\" content=\"fr_FR\" \/>\n<meta property=\"og:type\" content=\"article\" \/>\n<meta property=\"og:title\" content=\"Gala d\u2019Urban Arts Academy : Silence, \u00e7a tourne\u2026 et action ! - Lyon Bondy Blog\" \/>\n<meta property=\"og:description\" content=\"D\u00e9couvrez le dernier \u00e9pisode consacr\u00e9 \u00e0 notre dossier \u00ab&nbsp;La culture Hip-Hop \u00e0 Lyon&nbsp;\u00bb. Place \u00e0 l\u2019Urban Arts Academy. Ce samedi 18 mai, au CCVA de &hellip;\" \/>\n<meta property=\"og:url\" content=\"https:\/\/lyonbondyblog.fr\/LBB\/gala-durban-arts-academy-silence-ca-tourne-et-action\/\" \/>\n<meta property=\"og:site_name\" content=\"Lyon Bondy Blog\" \/>\n<meta property=\"article:publisher\" content=\"https:\/\/www.facebook.com\/lyonbondyblog\" \/>\n<meta property=\"article:published_time\" content=\"2019-06-02T10:00:08+00:00\" \/>\n<meta property=\"article:modified_time\" content=\"2019-07-25T07:48:54+00:00\" \/>\n<meta property=\"og:image\" content=\"https:\/\/lyonbondyblog.fr\/LBB\/wp-content\/uploads\/2019\/05\/Urban-Arts-Academy-affiche-gala-e1559502633342.png\" \/>\n\t<meta property=\"og:image:width\" content=\"202\" \/>\n\t<meta property=\"og:image:height\" content=\"303\" \/>\n\t<meta property=\"og:image:type\" content=\"image\/png\" \/>\n<meta name=\"author\" content=\"Adams Mezamigni\" \/>\n<meta name=\"twitter:card\" content=\"summary_large_image\" \/>\n<meta name=\"twitter:creator\" content=\"@bondybloglyon\" \/>\n<meta name=\"twitter:site\" content=\"@bondybloglyon\" \/>\n<script type=\"application\/ld+json\" class=\"yoast-schema-graph\">{\"@context\":\"https:\/\/schema.org\",\"@graph\":[{\"@type\":\"Article\",\"@id\":\"https:\/\/lyonbondyblog.fr\/LBB\/gala-durban-arts-academy-silence-ca-tourne-et-action\/#article\",\"isPartOf\":{\"@id\":\"https:\/\/lyonbondyblog.fr\/LBB\/gala-durban-arts-academy-silence-ca-tourne-et-action\/\"},\"author\":{\"name\":\"Adams Mezamigni\",\"@id\":\"https:\/\/lyonbondyblog.fr\/LBB\/#\/schema\/person\/0a518ed51f95048524ba2597a29ba050\"},\"headline\":\"Gala d\u2019Urban Arts Academy : Silence, \u00e7a tourne\u2026 et action !\",\"datePublished\":\"2019-06-02T10:00:08+00:00\",\"dateModified\":\"2019-07-25T07:48:54+00:00\",\"mainEntityOfPage\":{\"@id\":\"https:\/\/lyonbondyblog.fr\/LBB\/gala-durban-arts-academy-silence-ca-tourne-et-action\/\"},\"wordCount\":1836,\"commentCount\":0,\"publisher\":{\"@id\":\"https:\/\/lyonbondyblog.fr\/LBB\/#organization\"},\"image\":{\"@id\":\"https:\/\/lyonbondyblog.fr\/LBB\/gala-durban-arts-academy-silence-ca-tourne-et-action\/#primaryimage\"},\"thumbnailUrl\":\"https:\/\/lyonbondyblog.fr\/LBB\/wp-content\/uploads\/2019\/05\/Urban-Arts-Academy-affiche-gala-e1559502633342.png\",\"keywords\":[\"danse\",\"gala\",\"interview\"],\"articleSection\":[\"Culture\",\"Lyon\",\"Villeurbanne\"],\"inLanguage\":\"fr-FR\",\"potentialAction\":[{\"@type\":\"CommentAction\",\"name\":\"Comment\",\"target\":[\"https:\/\/lyonbondyblog.fr\/LBB\/gala-durban-arts-academy-silence-ca-tourne-et-action\/#respond\"]}]},{\"@type\":\"WebPage\",\"@id\":\"https:\/\/lyonbondyblog.fr\/LBB\/gala-durban-arts-academy-silence-ca-tourne-et-action\/\",\"url\":\"https:\/\/lyonbondyblog.fr\/LBB\/gala-durban-arts-academy-silence-ca-tourne-et-action\/\",\"name\":\"Gala d\u2019Urban Arts Academy : Silence, \u00e7a tourne\u2026 et action ! - Lyon Bondy Blog\",\"isPartOf\":{\"@id\":\"https:\/\/lyonbondyblog.fr\/LBB\/#website\"},\"primaryImageOfPage\":{\"@id\":\"https:\/\/lyonbondyblog.fr\/LBB\/gala-durban-arts-academy-silence-ca-tourne-et-action\/#primaryimage\"},\"image\":{\"@id\":\"https:\/\/lyonbondyblog.fr\/LBB\/gala-durban-arts-academy-silence-ca-tourne-et-action\/#primaryimage\"},\"thumbnailUrl\":\"https:\/\/lyonbondyblog.fr\/LBB\/wp-content\/uploads\/2019\/05\/Urban-Arts-Academy-affiche-gala-e1559502633342.png\",\"datePublished\":\"2019-06-02T10:00:08+00:00\",\"dateModified\":\"2019-07-25T07:48:54+00:00\",\"inLanguage\":\"fr-FR\",\"potentialAction\":[{\"@type\":\"ReadAction\",\"target\":[\"https:\/\/lyonbondyblog.fr\/LBB\/gala-durban-arts-academy-silence-ca-tourne-et-action\/\"]}]},{\"@type\":\"ImageObject\",\"inLanguage\":\"fr-FR\",\"@id\":\"https:\/\/lyonbondyblog.fr\/LBB\/gala-durban-arts-academy-silence-ca-tourne-et-action\/#primaryimage\",\"url\":\"https:\/\/lyonbondyblog.fr\/LBB\/wp-content\/uploads\/2019\/05\/Urban-Arts-Academy-affiche-gala-e1559502633342.png\",\"contentUrl\":\"https:\/\/lyonbondyblog.fr\/LBB\/wp-content\/uploads\/2019\/05\/Urban-Arts-Academy-affiche-gala-e1559502633342.png\",\"width\":202,\"height\":303,\"caption\":\"Affiche du gala \\\"Danse ton film\\\" d'Urban Arts Academy. Cr\u00e9dit : https:\/\/urban-arts-academy.fr\/\"},{\"@type\":\"WebSite\",\"@id\":\"https:\/\/lyonbondyblog.fr\/LBB\/#website\",\"url\":\"https:\/\/lyonbondyblog.fr\/LBB\/\",\"name\":\"Lyon Bondy Blog\",\"description\":\"\",\"publisher\":{\"@id\":\"https:\/\/lyonbondyblog.fr\/LBB\/#organization\"},\"potentialAction\":[{\"@type\":\"SearchAction\",\"target\":{\"@type\":\"EntryPoint\",\"urlTemplate\":\"https:\/\/lyonbondyblog.fr\/LBB\/?s={search_term_string}\"},\"query-input\":\"required name=search_term_string\"}],\"inLanguage\":\"fr-FR\"},{\"@type\":\"Organization\",\"@id\":\"https:\/\/lyonbondyblog.fr\/LBB\/#organization\",\"name\":\"LYON BONDY BLOG\",\"url\":\"https:\/\/lyonbondyblog.fr\/LBB\/\",\"logo\":{\"@type\":\"ImageObject\",\"inLanguage\":\"fr-FR\",\"@id\":\"https:\/\/lyonbondyblog.fr\/LBB\/#\/schema\/logo\/image\/\",\"url\":\"http:\/\/lyonbondyblog.fr\/LBB\/wp-content\/uploads\/2014\/10\/logo-portable-144.png\",\"contentUrl\":\"http:\/\/lyonbondyblog.fr\/LBB\/wp-content\/uploads\/2014\/10\/logo-portable-144.png\",\"width\":144,\"height\":123,\"caption\":\"LYON BONDY BLOG\"},\"image\":{\"@id\":\"https:\/\/lyonbondyblog.fr\/LBB\/#\/schema\/logo\/image\/\"},\"sameAs\":[\"https:\/\/www.facebook.com\/lyonbondyblog\",\"https:\/\/x.com\/bondybloglyon\"]},{\"@type\":\"Person\",\"@id\":\"https:\/\/lyonbondyblog.fr\/LBB\/#\/schema\/person\/0a518ed51f95048524ba2597a29ba050\",\"name\":\"Adams Mezamigni\",\"url\":\"https:\/\/lyonbondyblog.fr\/LBB\/author\/adams-mezamigni\/\"}]}<\/script>\n<!-- \/ Yoast SEO plugin. -->","yoast_head_json":{"title":"Gala d\u2019Urban Arts Academy : Silence, \u00e7a tourne\u2026 et action ! - Lyon Bondy Blog","robots":{"index":"index","follow":"follow","max-snippet":"max-snippet:-1","max-image-preview":"max-image-preview:large","max-video-preview":"max-video-preview:-1"},"canonical":"https:\/\/lyonbondyblog.fr\/LBB\/gala-durban-arts-academy-silence-ca-tourne-et-action\/","og_locale":"fr_FR","og_type":"article","og_title":"Gala d\u2019Urban Arts Academy : Silence, \u00e7a tourne\u2026 et action ! - Lyon Bondy Blog","og_description":"D\u00e9couvrez le dernier \u00e9pisode consacr\u00e9 \u00e0 notre dossier \u00ab&nbsp;La culture Hip-Hop \u00e0 Lyon&nbsp;\u00bb. Place \u00e0 l\u2019Urban Arts Academy. Ce samedi 18 mai, au CCVA de &hellip;","og_url":"https:\/\/lyonbondyblog.fr\/LBB\/gala-durban-arts-academy-silence-ca-tourne-et-action\/","og_site_name":"Lyon Bondy Blog","article_publisher":"https:\/\/www.facebook.com\/lyonbondyblog","article_published_time":"2019-06-02T10:00:08+00:00","article_modified_time":"2019-07-25T07:48:54+00:00","og_image":[{"width":202,"height":303,"url":"https:\/\/lyonbondyblog.fr\/LBB\/wp-content\/uploads\/2019\/05\/Urban-Arts-Academy-affiche-gala-e1559502633342.png","type":"image\/png"}],"author":"Adams Mezamigni","twitter_card":"summary_large_image","twitter_creator":"@bondybloglyon","twitter_site":"@bondybloglyon","schema":{"@context":"https:\/\/schema.org","@graph":[{"@type":"Article","@id":"https:\/\/lyonbondyblog.fr\/LBB\/gala-durban-arts-academy-silence-ca-tourne-et-action\/#article","isPartOf":{"@id":"https:\/\/lyonbondyblog.fr\/LBB\/gala-durban-arts-academy-silence-ca-tourne-et-action\/"},"author":{"name":"Adams Mezamigni","@id":"https:\/\/lyonbondyblog.fr\/LBB\/#\/schema\/person\/0a518ed51f95048524ba2597a29ba050"},"headline":"Gala d\u2019Urban Arts Academy : Silence, \u00e7a tourne\u2026 et action !","datePublished":"2019-06-02T10:00:08+00:00","dateModified":"2019-07-25T07:48:54+00:00","mainEntityOfPage":{"@id":"https:\/\/lyonbondyblog.fr\/LBB\/gala-durban-arts-academy-silence-ca-tourne-et-action\/"},"wordCount":1836,"commentCount":0,"publisher":{"@id":"https:\/\/lyonbondyblog.fr\/LBB\/#organization"},"image":{"@id":"https:\/\/lyonbondyblog.fr\/LBB\/gala-durban-arts-academy-silence-ca-tourne-et-action\/#primaryimage"},"thumbnailUrl":"https:\/\/lyonbondyblog.fr\/LBB\/wp-content\/uploads\/2019\/05\/Urban-Arts-Academy-affiche-gala-e1559502633342.png","keywords":["danse","gala","interview"],"articleSection":["Culture","Lyon","Villeurbanne"],"inLanguage":"fr-FR","potentialAction":[{"@type":"CommentAction","name":"Comment","target":["https:\/\/lyonbondyblog.fr\/LBB\/gala-durban-arts-academy-silence-ca-tourne-et-action\/#respond"]}]},{"@type":"WebPage","@id":"https:\/\/lyonbondyblog.fr\/LBB\/gala-durban-arts-academy-silence-ca-tourne-et-action\/","url":"https:\/\/lyonbondyblog.fr\/LBB\/gala-durban-arts-academy-silence-ca-tourne-et-action\/","name":"Gala d\u2019Urban Arts Academy : Silence, \u00e7a tourne\u2026 et action ! - Lyon Bondy Blog","isPartOf":{"@id":"https:\/\/lyonbondyblog.fr\/LBB\/#website"},"primaryImageOfPage":{"@id":"https:\/\/lyonbondyblog.fr\/LBB\/gala-durban-arts-academy-silence-ca-tourne-et-action\/#primaryimage"},"image":{"@id":"https:\/\/lyonbondyblog.fr\/LBB\/gala-durban-arts-academy-silence-ca-tourne-et-action\/#primaryimage"},"thumbnailUrl":"https:\/\/lyonbondyblog.fr\/LBB\/wp-content\/uploads\/2019\/05\/Urban-Arts-Academy-affiche-gala-e1559502633342.png","datePublished":"2019-06-02T10:00:08+00:00","dateModified":"2019-07-25T07:48:54+00:00","inLanguage":"fr-FR","potentialAction":[{"@type":"ReadAction","target":["https:\/\/lyonbondyblog.fr\/LBB\/gala-durban-arts-academy-silence-ca-tourne-et-action\/"]}]},{"@type":"ImageObject","inLanguage":"fr-FR","@id":"https:\/\/lyonbondyblog.fr\/LBB\/gala-durban-arts-academy-silence-ca-tourne-et-action\/#primaryimage","url":"https:\/\/lyonbondyblog.fr\/LBB\/wp-content\/uploads\/2019\/05\/Urban-Arts-Academy-affiche-gala-e1559502633342.png","contentUrl":"https:\/\/lyonbondyblog.fr\/LBB\/wp-content\/uploads\/2019\/05\/Urban-Arts-Academy-affiche-gala-e1559502633342.png","width":202,"height":303,"caption":"Affiche du gala \"Danse ton film\" d'Urban Arts Academy. Cr\u00e9dit : https:\/\/urban-arts-academy.fr\/"},{"@type":"WebSite","@id":"https:\/\/lyonbondyblog.fr\/LBB\/#website","url":"https:\/\/lyonbondyblog.fr\/LBB\/","name":"Lyon Bondy Blog","description":"","publisher":{"@id":"https:\/\/lyonbondyblog.fr\/LBB\/#organization"},"potentialAction":[{"@type":"SearchAction","target":{"@type":"EntryPoint","urlTemplate":"https:\/\/lyonbondyblog.fr\/LBB\/?s={search_term_string}"},"query-input":"required name=search_term_string"}],"inLanguage":"fr-FR"},{"@type":"Organization","@id":"https:\/\/lyonbondyblog.fr\/LBB\/#organization","name":"LYON BONDY BLOG","url":"https:\/\/lyonbondyblog.fr\/LBB\/","logo":{"@type":"ImageObject","inLanguage":"fr-FR","@id":"https:\/\/lyonbondyblog.fr\/LBB\/#\/schema\/logo\/image\/","url":"http:\/\/lyonbondyblog.fr\/LBB\/wp-content\/uploads\/2014\/10\/logo-portable-144.png","contentUrl":"http:\/\/lyonbondyblog.fr\/LBB\/wp-content\/uploads\/2014\/10\/logo-portable-144.png","width":144,"height":123,"caption":"LYON BONDY BLOG"},"image":{"@id":"https:\/\/lyonbondyblog.fr\/LBB\/#\/schema\/logo\/image\/"},"sameAs":["https:\/\/www.facebook.com\/lyonbondyblog","https:\/\/x.com\/bondybloglyon"]},{"@type":"Person","@id":"https:\/\/lyonbondyblog.fr\/LBB\/#\/schema\/person\/0a518ed51f95048524ba2597a29ba050","name":"Adams Mezamigni","url":"https:\/\/lyonbondyblog.fr\/LBB\/author\/adams-mezamigni\/"}]}},"_links":{"self":[{"href":"https:\/\/lyonbondyblog.fr\/LBB\/wp-json\/wp\/v2\/posts\/16609","targetHints":{"allow":["GET"]}}],"collection":[{"href":"https:\/\/lyonbondyblog.fr\/LBB\/wp-json\/wp\/v2\/posts"}],"about":[{"href":"https:\/\/lyonbondyblog.fr\/LBB\/wp-json\/wp\/v2\/types\/post"}],"author":[{"embeddable":true,"href":"https:\/\/lyonbondyblog.fr\/LBB\/wp-json\/wp\/v2\/users\/13656"}],"replies":[{"embeddable":true,"href":"https:\/\/lyonbondyblog.fr\/LBB\/wp-json\/wp\/v2\/comments?post=16609"}],"version-history":[{"count":18,"href":"https:\/\/lyonbondyblog.fr\/LBB\/wp-json\/wp\/v2\/posts\/16609\/revisions"}],"predecessor-version":[{"id":16940,"href":"https:\/\/lyonbondyblog.fr\/LBB\/wp-json\/wp\/v2\/posts\/16609\/revisions\/16940"}],"wp:featuredmedia":[{"embeddable":true,"href":"https:\/\/lyonbondyblog.fr\/LBB\/wp-json\/wp\/v2\/media\/16611"}],"wp:attachment":[{"href":"https:\/\/lyonbondyblog.fr\/LBB\/wp-json\/wp\/v2\/media?parent=16609"}],"wp:term":[{"taxonomy":"category","embeddable":true,"href":"https:\/\/lyonbondyblog.fr\/LBB\/wp-json\/wp\/v2\/categories?post=16609"},{"taxonomy":"post_tag","embeddable":true,"href":"https:\/\/lyonbondyblog.fr\/LBB\/wp-json\/wp\/v2\/tags?post=16609"}],"curies":[{"name":"wp","href":"https:\/\/api.w.org\/{rel}","templated":true}]}}