{"id":1654,"date":"2011-12-14T11:11:25","date_gmt":"2011-12-14T10:11:25","guid":{"rendered":"http:\/\/lyonbondyblog.fr\/LBB\/?p=1654"},"modified":"2013-07-26T11:14:04","modified_gmt":"2013-07-26T09:14:04","slug":"chouf-ouchouf-reveille-les-celestins","status":"publish","type":"post","link":"https:\/\/lyonbondyblog.fr\/LBB\/chouf-ouchouf-reveille-les-celestins\/","title":{"rendered":"\u00ab\u00a0Chouf Ouchouf\u00a0\u00bb r\u00e9veille Les C\u00e9lestins !"},"content":{"rendered":"<p><strong>C\u2019est dans un th\u00e9\u00e2tre des C\u00e9lestins bond\u00e9 d\u2019enfants, de jeunes, et un petit peu d\u2019a\u00een\u00e9s que se tenait hier soir le spectacle du groupe acrobatique de Tanger. Ce show, pourrait-on dire, puisqu\u2019on en prend plein les yeux, \u00e9voque le Maroc, son histoire, son quotidien gr\u00e2ce \u00e0 la simplicit\u00e9 des images dans\u00e9es, des tableaux cr\u00e9\u00e9s par les acrobates.<\/strong><\/p>\n<div><a title=\" -- Cliquez pour voir l'image en entier\" href=\"http:\/\/yahoo.lyon.bondyblog.fr\/images\/chouf_ouchouf_photo2_5.jpg\" target=\"_blank\"> <img decoding=\"async\" alt=\" -- Cliquez pour voir l'image en entier\" src=\"http:\/\/yahoo.lyon.bondyblog.fr\/images\/chouf_ouchouf_photo2_5_t.jpg\" border=\"0\" \/> <\/a><\/div>\n<div><\/div>\n<p>11 acrobates sur sc\u00e8ne, on ne leur donne pas plus de 25 ans, ils sont souples comme des chewing gums et d\u00e9concertants de l\u00e9g\u00e8ret\u00e9. Les acrobaties se succ\u00e8dent, de plus en plus spectaculaires, des pyramides, des sauts, on les voit grimper sans obstacles quelconques, et c\u2019est avec cette impression \u00e9bahie que la pi\u00e8ce commence. Mise en sc\u00e8ne par \u2018\u2019Zimmermann\u2019\u2019 et \u2018\u2019De Perrot\u2019\u2019, deux adeptes du th\u00e9\u00e2tre sans paroles, la pi\u00e8ce chamboule la place du danseur en tant que personnage sacr\u00e9\u00a0: il est ici objet, transbahut\u00e9, port\u00e9, model\u00e9 par ses acolytes. Les deux artistes ont su insuffler l\u2019humour, l\u2019absurde, le clin d\u2019\u0153il dans un spectacle physique, associ\u00e9 habituellement \u00e0 la d\u00e9monstration de force. L\u2019un est \u2018\u2019artiste du mouvement\u2019\u2019, danseur pour faire simple, et l\u2019autre est dj, compositeur. En plus de donner \u00e0 voir le talent des acrobates par des jeux po\u00e9tiques, ils ont su concevoir une sc\u00e9nographie presque magique\u00a0: un mur de planches en bois avance et recule sur les danseurs, se d\u00e9compose, absorbe les personnages pour les faire appara\u00eetres sous d\u2019autres accoutrements, leur permets de se hisser au dessus de la sc\u00e8ne, ils figurent la ville mais aussi les falaises, comme des \u00e9l\u00e9ment de jeux \u00e0 nouveau exp\u00e9riment\u00e9s par le groupe acrobatique de Tanger.<\/p>\n<p>Tanger, le Maroc, le monde arabe est \u00e9voqu\u00e9 par des v\u00eatements, des chants, des situations, des onomatop\u00e9es. Rien n\u2019est dit mais on per\u00e7oit des figures de manifestations, de r\u00e9volution, des cris, la jeunesse heureuse qui s\u2019entraide, le syst\u00e8me D&#8230; Les tours de bois prennent aussi la forme d\u2019obstacles, de fronti\u00e8res, qui doivent \u00eatre gravis, franchis par les jeunes, qui y parviennent dans leur \u00e9nergie de groupe.<br \/>\n<a title=\"Zoom\" href=\"http:\/\/yahoo.lyon.bondyblog.fr\/images\/1302_100707_rdl_1267.jpg\"><img loading=\"lazy\" decoding=\"async\" alt=\"\" src=\"http:\/\/yahoo.lyon.bondyblog.fr\/images\/1302_100707_rdl_1267_t.jpg\" width=\"253\" height=\"169\" border=\"0\" \/><\/a><br \/>\nLe voyage propos\u00e9 au th\u00e9\u00e2tre des C\u00e9lestins ravi le spectateur\u00a0: pas un bruit dans la salle, des applaudissements toutes les 10 minutes \u00e0 la suite des acrobaties, les personnages nous apparaissent comme des magiciens, qui d\u2019un toucher du doigt \u00e9teignent une lampe, fendent l\u2019air en une pirouette semblant d\u00e9vier les lois de la gravit\u00e9, ou encore se jettent dans le vide, rattrap\u00e9s par leurs comp\u00e8res.<br \/>\nL\u2019on apprend dans le programme distribu\u00e9 qu\u2019il existe au Maroc une tradition acrobatique exemplaire, transmise de troupes en familles, que les num\u00e9ros se montent dans la rue, que des contrats sont conclus pour le bonheur des yeux des touristes. Petit \u00e0 petit cette \u00e9nergie se transforme et nous permet de prendre connaissance de ce spectacle (ou d\u2019autres comme <b><i>Taoub<\/i><\/b>, d\u2019Aur\u00e9lien Bory, ou le festival Awaln\u2019art de Marrakech) et d\u2019appr\u00e9cier la chaleur, l\u2019\u00e9nergie positive et l\u2019originalit\u00e9 que transmettent ces jeunes acrobates.<\/p>\n<p>Chouf Ouchouf signifie en arabe \u00ab\u00a0<i>Regarde et regarde encore<\/i>\u00a0\u00bb, c\u2019est ce que l\u2019on a fait au th\u00e9\u00e2tre des C\u00e9lestins, et que l\u2019on vous encourage \u00e0 faire, avant la fin de la programmation du spectacle, le 31 d\u00e9cembre\u00a0!<\/p>\n<p><span style=\"font-size: 12px;\"> Chouf Ouchouf, Zimmermann &amp; De Perrot, Th\u00e9\u00e2tre Des C\u00e9lestins, <\/span><br \/>\n<span style=\"font-size: 12px;\"> Lyon 2\u00e8me, tous les soirs jusqu\u2019au 31\/12, except\u00e9 le lundi et le samedi 24.<\/span><br \/>\n<span style=\"font-size: 12px;\"> Horaire\u00a0: 20h, dimanche \u00e0 16h.<\/span><br \/>\n<span style=\"font-size: 12px;\"> Tarifs\u00a0: plein tarif de 17 \u00e0 34 \u20ac\u00a0; tarif r\u00e9duit de 15 \u00e0 30 \u20ac\u00a0; <\/span><br \/>\n<span style=\"font-size: 12px;\"> carte C\u00e9lestins de 14 \u00e0 29 \u20ac\u00a0; -18 ans, carte 18\/25 ans de 8,5 \u00e0 17 \u20ac\u00a0;<\/span><br \/>\n<span style=\"font-size: 12px;\"> personnes handicap\u00e9es, demandeurs d&#8217;emploi de 10 \u00e0 20 \u20ac<\/span><\/p>\n<p style=\"text-align: right;\">\n<span style=\"text-decoration: underline;\">Laura Tangre<\/span><\/p>\n<!-- AddThis Advanced Settings generic via filter on the_content --><!-- AddThis Share Buttons generic via filter on the_content -->","protected":false},"excerpt":{"rendered":"<p>C\u2019est dans un th\u00e9\u00e2tre des C\u00e9lestins bond\u00e9 d\u2019enfants, de jeunes, et un petit peu d\u2019a\u00een\u00e9s que se tenait hier soir le spectacle du groupe acrobatique &hellip; <!-- AddThis Advanced Settings generic via filter on wp_trim_excerpt --><!-- AddThis Share Buttons generic via filter on wp_trim_excerpt --><\/p>\n","protected":false},"author":1,"featured_media":1655,"comment_status":"open","ping_status":"open","sticky":false,"template":"","format":"standard","meta":{"_FSMCFIC_featured_image_caption":"","_FSMCFIC_featured_image_nocaption":"","_FSMCFIC_featured_image_hide":"","footnotes":""},"categories":[4],"tags":[10,112],"class_list":["post-1654","post","type-post","status-publish","format-standard","has-post-thumbnail","hentry","category-lyon","tag-lyon-2","tag-lyon-bondy-blog"],"yoast_head":"<!-- This site is optimized with the Yoast SEO plugin v22.8 - https:\/\/yoast.com\/wordpress\/plugins\/seo\/ -->\n<title>&quot;Chouf Ouchouf&quot; r\u00e9veille Les C\u00e9lestins ! - Lyon Bondy Blog<\/title>\n<meta name=\"robots\" content=\"index, follow, max-snippet:-1, max-image-preview:large, max-video-preview:-1\" \/>\n<link rel=\"canonical\" href=\"https:\/\/lyonbondyblog.fr\/LBB\/chouf-ouchouf-reveille-les-celestins\/\" \/>\n<meta property=\"og:locale\" content=\"fr_FR\" \/>\n<meta property=\"og:type\" content=\"article\" \/>\n<meta property=\"og:title\" content=\"&quot;Chouf Ouchouf&quot; r\u00e9veille Les C\u00e9lestins ! - Lyon Bondy Blog\" \/>\n<meta property=\"og:description\" content=\"C\u2019est dans un th\u00e9\u00e2tre des C\u00e9lestins bond\u00e9 d\u2019enfants, de jeunes, et un petit peu d\u2019a\u00een\u00e9s que se tenait hier soir le spectacle du groupe acrobatique &hellip;\" \/>\n<meta property=\"og:url\" content=\"https:\/\/lyonbondyblog.fr\/LBB\/chouf-ouchouf-reveille-les-celestins\/\" \/>\n<meta property=\"og:site_name\" content=\"Lyon Bondy Blog\" \/>\n<meta property=\"article:publisher\" content=\"https:\/\/www.facebook.com\/lyonbondyblog\" \/>\n<meta property=\"article:author\" content=\"https:\/\/www.facebook.com\/lyonbondyblog\" \/>\n<meta property=\"article:published_time\" content=\"2011-12-14T10:11:25+00:00\" \/>\n<meta property=\"article:modified_time\" content=\"2013-07-26T09:14:04+00:00\" \/>\n<meta property=\"og:image\" content=\"https:\/\/lyonbondyblog.fr\/LBB\/wp-content\/uploads\/2013\/07\/chouf_ouchouf_photo2_5_t.jpg\" \/>\n\t<meta property=\"og:image:width\" content=\"194\" \/>\n\t<meta property=\"og:image:height\" content=\"305\" \/>\n\t<meta property=\"og:image:type\" content=\"image\/jpeg\" \/>\n<meta name=\"author\" content=\"La r\u00e9daction\" \/>\n<meta name=\"twitter:card\" content=\"summary_large_image\" \/>\n<meta name=\"twitter:creator\" content=\"@BondyBlogLyon\" \/>\n<meta name=\"twitter:site\" content=\"@bondybloglyon\" \/>\n<script type=\"application\/ld+json\" class=\"yoast-schema-graph\">{\"@context\":\"https:\/\/schema.org\",\"@graph\":[{\"@type\":\"Article\",\"@id\":\"https:\/\/lyonbondyblog.fr\/LBB\/chouf-ouchouf-reveille-les-celestins\/#article\",\"isPartOf\":{\"@id\":\"https:\/\/lyonbondyblog.fr\/LBB\/chouf-ouchouf-reveille-les-celestins\/\"},\"author\":{\"name\":\"La r\u00e9daction\",\"@id\":\"https:\/\/lyonbondyblog.fr\/LBB\/#\/schema\/person\/e45f8d27baac75072daa0be50c409b25\"},\"headline\":\"\u00ab\u00a0Chouf Ouchouf\u00a0\u00bb r\u00e9veille Les C\u00e9lestins !\",\"datePublished\":\"2011-12-14T10:11:25+00:00\",\"dateModified\":\"2013-07-26T09:14:04+00:00\",\"mainEntityOfPage\":{\"@id\":\"https:\/\/lyonbondyblog.fr\/LBB\/chouf-ouchouf-reveille-les-celestins\/\"},\"wordCount\":627,\"commentCount\":0,\"publisher\":{\"@id\":\"https:\/\/lyonbondyblog.fr\/LBB\/#organization\"},\"image\":{\"@id\":\"https:\/\/lyonbondyblog.fr\/LBB\/chouf-ouchouf-reveille-les-celestins\/#primaryimage\"},\"thumbnailUrl\":\"https:\/\/lyonbondyblog.fr\/LBB\/wp-content\/uploads\/2013\/07\/chouf_ouchouf_photo2_5_t.jpg\",\"keywords\":[\"lyon\",\"Lyon Bondy Blog\"],\"articleSection\":[\"Lyon\"],\"inLanguage\":\"fr-FR\",\"potentialAction\":[{\"@type\":\"CommentAction\",\"name\":\"Comment\",\"target\":[\"https:\/\/lyonbondyblog.fr\/LBB\/chouf-ouchouf-reveille-les-celestins\/#respond\"]}]},{\"@type\":\"WebPage\",\"@id\":\"https:\/\/lyonbondyblog.fr\/LBB\/chouf-ouchouf-reveille-les-celestins\/\",\"url\":\"https:\/\/lyonbondyblog.fr\/LBB\/chouf-ouchouf-reveille-les-celestins\/\",\"name\":\"\\\"Chouf Ouchouf\\\" r\u00e9veille Les C\u00e9lestins ! - Lyon Bondy Blog\",\"isPartOf\":{\"@id\":\"https:\/\/lyonbondyblog.fr\/LBB\/#website\"},\"primaryImageOfPage\":{\"@id\":\"https:\/\/lyonbondyblog.fr\/LBB\/chouf-ouchouf-reveille-les-celestins\/#primaryimage\"},\"image\":{\"@id\":\"https:\/\/lyonbondyblog.fr\/LBB\/chouf-ouchouf-reveille-les-celestins\/#primaryimage\"},\"thumbnailUrl\":\"https:\/\/lyonbondyblog.fr\/LBB\/wp-content\/uploads\/2013\/07\/chouf_ouchouf_photo2_5_t.jpg\",\"datePublished\":\"2011-12-14T10:11:25+00:00\",\"dateModified\":\"2013-07-26T09:14:04+00:00\",\"inLanguage\":\"fr-FR\",\"potentialAction\":[{\"@type\":\"ReadAction\",\"target\":[\"https:\/\/lyonbondyblog.fr\/LBB\/chouf-ouchouf-reveille-les-celestins\/\"]}]},{\"@type\":\"ImageObject\",\"inLanguage\":\"fr-FR\",\"@id\":\"https:\/\/lyonbondyblog.fr\/LBB\/chouf-ouchouf-reveille-les-celestins\/#primaryimage\",\"url\":\"https:\/\/lyonbondyblog.fr\/LBB\/wp-content\/uploads\/2013\/07\/chouf_ouchouf_photo2_5_t.jpg\",\"contentUrl\":\"https:\/\/lyonbondyblog.fr\/LBB\/wp-content\/uploads\/2013\/07\/chouf_ouchouf_photo2_5_t.jpg\",\"width\":194,\"height\":305},{\"@type\":\"WebSite\",\"@id\":\"https:\/\/lyonbondyblog.fr\/LBB\/#website\",\"url\":\"https:\/\/lyonbondyblog.fr\/LBB\/\",\"name\":\"Lyon Bondy Blog\",\"description\":\"\",\"publisher\":{\"@id\":\"https:\/\/lyonbondyblog.fr\/LBB\/#organization\"},\"potentialAction\":[{\"@type\":\"SearchAction\",\"target\":{\"@type\":\"EntryPoint\",\"urlTemplate\":\"https:\/\/lyonbondyblog.fr\/LBB\/?s={search_term_string}\"},\"query-input\":\"required name=search_term_string\"}],\"inLanguage\":\"fr-FR\"},{\"@type\":\"Organization\",\"@id\":\"https:\/\/lyonbondyblog.fr\/LBB\/#organization\",\"name\":\"LYON BONDY BLOG\",\"url\":\"https:\/\/lyonbondyblog.fr\/LBB\/\",\"logo\":{\"@type\":\"ImageObject\",\"inLanguage\":\"fr-FR\",\"@id\":\"https:\/\/lyonbondyblog.fr\/LBB\/#\/schema\/logo\/image\/\",\"url\":\"http:\/\/lyonbondyblog.fr\/LBB\/wp-content\/uploads\/2014\/10\/logo-portable-144.png\",\"contentUrl\":\"http:\/\/lyonbondyblog.fr\/LBB\/wp-content\/uploads\/2014\/10\/logo-portable-144.png\",\"width\":144,\"height\":123,\"caption\":\"LYON BONDY BLOG\"},\"image\":{\"@id\":\"https:\/\/lyonbondyblog.fr\/LBB\/#\/schema\/logo\/image\/\"},\"sameAs\":[\"https:\/\/www.facebook.com\/lyonbondyblog\",\"https:\/\/x.com\/bondybloglyon\"]},{\"@type\":\"Person\",\"@id\":\"https:\/\/lyonbondyblog.fr\/LBB\/#\/schema\/person\/e45f8d27baac75072daa0be50c409b25\",\"name\":\"La r\u00e9daction\",\"description\":\"Cr\u00e9e en 2008, la r\u00e9daction du Lyon Bondy Blog s'applique \u00e0 proposer une information locale diff\u00e9rente et compl\u00e9mentaire des m\u00e9dias traditionnels.\",\"sameAs\":[\"https:\/\/www.facebook.com\/lyonbondyblog\",\"https:\/\/x.com\/BondyBlogLyon\"],\"url\":\"https:\/\/lyonbondyblog.fr\/LBB\/author\/admin\/\"}]}<\/script>\n<!-- \/ Yoast SEO plugin. -->","yoast_head_json":{"title":"\"Chouf Ouchouf\" r\u00e9veille Les C\u00e9lestins ! - Lyon Bondy Blog","robots":{"index":"index","follow":"follow","max-snippet":"max-snippet:-1","max-image-preview":"max-image-preview:large","max-video-preview":"max-video-preview:-1"},"canonical":"https:\/\/lyonbondyblog.fr\/LBB\/chouf-ouchouf-reveille-les-celestins\/","og_locale":"fr_FR","og_type":"article","og_title":"\"Chouf Ouchouf\" r\u00e9veille Les C\u00e9lestins ! - Lyon Bondy Blog","og_description":"C\u2019est dans un th\u00e9\u00e2tre des C\u00e9lestins bond\u00e9 d\u2019enfants, de jeunes, et un petit peu d\u2019a\u00een\u00e9s que se tenait hier soir le spectacle du groupe acrobatique &hellip;","og_url":"https:\/\/lyonbondyblog.fr\/LBB\/chouf-ouchouf-reveille-les-celestins\/","og_site_name":"Lyon Bondy Blog","article_publisher":"https:\/\/www.facebook.com\/lyonbondyblog","article_author":"https:\/\/www.facebook.com\/lyonbondyblog","article_published_time":"2011-12-14T10:11:25+00:00","article_modified_time":"2013-07-26T09:14:04+00:00","og_image":[{"width":194,"height":305,"url":"https:\/\/lyonbondyblog.fr\/LBB\/wp-content\/uploads\/2013\/07\/chouf_ouchouf_photo2_5_t.jpg","type":"image\/jpeg"}],"author":"La r\u00e9daction","twitter_card":"summary_large_image","twitter_creator":"@BondyBlogLyon","twitter_site":"@bondybloglyon","schema":{"@context":"https:\/\/schema.org","@graph":[{"@type":"Article","@id":"https:\/\/lyonbondyblog.fr\/LBB\/chouf-ouchouf-reveille-les-celestins\/#article","isPartOf":{"@id":"https:\/\/lyonbondyblog.fr\/LBB\/chouf-ouchouf-reveille-les-celestins\/"},"author":{"name":"La r\u00e9daction","@id":"https:\/\/lyonbondyblog.fr\/LBB\/#\/schema\/person\/e45f8d27baac75072daa0be50c409b25"},"headline":"\u00ab\u00a0Chouf Ouchouf\u00a0\u00bb r\u00e9veille Les C\u00e9lestins !","datePublished":"2011-12-14T10:11:25+00:00","dateModified":"2013-07-26T09:14:04+00:00","mainEntityOfPage":{"@id":"https:\/\/lyonbondyblog.fr\/LBB\/chouf-ouchouf-reveille-les-celestins\/"},"wordCount":627,"commentCount":0,"publisher":{"@id":"https:\/\/lyonbondyblog.fr\/LBB\/#organization"},"image":{"@id":"https:\/\/lyonbondyblog.fr\/LBB\/chouf-ouchouf-reveille-les-celestins\/#primaryimage"},"thumbnailUrl":"https:\/\/lyonbondyblog.fr\/LBB\/wp-content\/uploads\/2013\/07\/chouf_ouchouf_photo2_5_t.jpg","keywords":["lyon","Lyon Bondy Blog"],"articleSection":["Lyon"],"inLanguage":"fr-FR","potentialAction":[{"@type":"CommentAction","name":"Comment","target":["https:\/\/lyonbondyblog.fr\/LBB\/chouf-ouchouf-reveille-les-celestins\/#respond"]}]},{"@type":"WebPage","@id":"https:\/\/lyonbondyblog.fr\/LBB\/chouf-ouchouf-reveille-les-celestins\/","url":"https:\/\/lyonbondyblog.fr\/LBB\/chouf-ouchouf-reveille-les-celestins\/","name":"\"Chouf Ouchouf\" r\u00e9veille Les C\u00e9lestins ! - Lyon Bondy Blog","isPartOf":{"@id":"https:\/\/lyonbondyblog.fr\/LBB\/#website"},"primaryImageOfPage":{"@id":"https:\/\/lyonbondyblog.fr\/LBB\/chouf-ouchouf-reveille-les-celestins\/#primaryimage"},"image":{"@id":"https:\/\/lyonbondyblog.fr\/LBB\/chouf-ouchouf-reveille-les-celestins\/#primaryimage"},"thumbnailUrl":"https:\/\/lyonbondyblog.fr\/LBB\/wp-content\/uploads\/2013\/07\/chouf_ouchouf_photo2_5_t.jpg","datePublished":"2011-12-14T10:11:25+00:00","dateModified":"2013-07-26T09:14:04+00:00","inLanguage":"fr-FR","potentialAction":[{"@type":"ReadAction","target":["https:\/\/lyonbondyblog.fr\/LBB\/chouf-ouchouf-reveille-les-celestins\/"]}]},{"@type":"ImageObject","inLanguage":"fr-FR","@id":"https:\/\/lyonbondyblog.fr\/LBB\/chouf-ouchouf-reveille-les-celestins\/#primaryimage","url":"https:\/\/lyonbondyblog.fr\/LBB\/wp-content\/uploads\/2013\/07\/chouf_ouchouf_photo2_5_t.jpg","contentUrl":"https:\/\/lyonbondyblog.fr\/LBB\/wp-content\/uploads\/2013\/07\/chouf_ouchouf_photo2_5_t.jpg","width":194,"height":305},{"@type":"WebSite","@id":"https:\/\/lyonbondyblog.fr\/LBB\/#website","url":"https:\/\/lyonbondyblog.fr\/LBB\/","name":"Lyon Bondy Blog","description":"","publisher":{"@id":"https:\/\/lyonbondyblog.fr\/LBB\/#organization"},"potentialAction":[{"@type":"SearchAction","target":{"@type":"EntryPoint","urlTemplate":"https:\/\/lyonbondyblog.fr\/LBB\/?s={search_term_string}"},"query-input":"required name=search_term_string"}],"inLanguage":"fr-FR"},{"@type":"Organization","@id":"https:\/\/lyonbondyblog.fr\/LBB\/#organization","name":"LYON BONDY BLOG","url":"https:\/\/lyonbondyblog.fr\/LBB\/","logo":{"@type":"ImageObject","inLanguage":"fr-FR","@id":"https:\/\/lyonbondyblog.fr\/LBB\/#\/schema\/logo\/image\/","url":"http:\/\/lyonbondyblog.fr\/LBB\/wp-content\/uploads\/2014\/10\/logo-portable-144.png","contentUrl":"http:\/\/lyonbondyblog.fr\/LBB\/wp-content\/uploads\/2014\/10\/logo-portable-144.png","width":144,"height":123,"caption":"LYON BONDY BLOG"},"image":{"@id":"https:\/\/lyonbondyblog.fr\/LBB\/#\/schema\/logo\/image\/"},"sameAs":["https:\/\/www.facebook.com\/lyonbondyblog","https:\/\/x.com\/bondybloglyon"]},{"@type":"Person","@id":"https:\/\/lyonbondyblog.fr\/LBB\/#\/schema\/person\/e45f8d27baac75072daa0be50c409b25","name":"La r\u00e9daction","description":"Cr\u00e9e en 2008, la r\u00e9daction du Lyon Bondy Blog s'applique \u00e0 proposer une information locale diff\u00e9rente et compl\u00e9mentaire des m\u00e9dias traditionnels.","sameAs":["https:\/\/www.facebook.com\/lyonbondyblog","https:\/\/x.com\/BondyBlogLyon"],"url":"https:\/\/lyonbondyblog.fr\/LBB\/author\/admin\/"}]}},"_links":{"self":[{"href":"https:\/\/lyonbondyblog.fr\/LBB\/wp-json\/wp\/v2\/posts\/1654","targetHints":{"allow":["GET"]}}],"collection":[{"href":"https:\/\/lyonbondyblog.fr\/LBB\/wp-json\/wp\/v2\/posts"}],"about":[{"href":"https:\/\/lyonbondyblog.fr\/LBB\/wp-json\/wp\/v2\/types\/post"}],"author":[{"embeddable":true,"href":"https:\/\/lyonbondyblog.fr\/LBB\/wp-json\/wp\/v2\/users\/1"}],"replies":[{"embeddable":true,"href":"https:\/\/lyonbondyblog.fr\/LBB\/wp-json\/wp\/v2\/comments?post=1654"}],"version-history":[{"count":0,"href":"https:\/\/lyonbondyblog.fr\/LBB\/wp-json\/wp\/v2\/posts\/1654\/revisions"}],"wp:featuredmedia":[{"embeddable":true,"href":"https:\/\/lyonbondyblog.fr\/LBB\/wp-json\/wp\/v2\/media\/1655"}],"wp:attachment":[{"href":"https:\/\/lyonbondyblog.fr\/LBB\/wp-json\/wp\/v2\/media?parent=1654"}],"wp:term":[{"taxonomy":"category","embeddable":true,"href":"https:\/\/lyonbondyblog.fr\/LBB\/wp-json\/wp\/v2\/categories?post=1654"},{"taxonomy":"post_tag","embeddable":true,"href":"https:\/\/lyonbondyblog.fr\/LBB\/wp-json\/wp\/v2\/tags?post=1654"}],"curies":[{"name":"wp","href":"https:\/\/api.w.org\/{rel}","templated":true}]}}