{"id":16494,"date":"2019-05-17T16:35:24","date_gmt":"2019-05-17T14:35:24","guid":{"rendered":"http:\/\/lyonbondyblog.fr\/LBB\/?p=16494"},"modified":"2019-05-27T15:46:28","modified_gmt":"2019-05-27T13:46:28","slug":"bernard-cazeneuve-a-la-rescousse-denvie-deurope","status":"publish","type":"post","link":"https:\/\/lyonbondyblog.fr\/LBB\/bernard-cazeneuve-a-la-rescousse-denvie-deurope\/","title":{"rendered":"Bernard Cazeneuve \u00e0 la rescousse d&rsquo;Envie d&rsquo;Europe"},"content":{"rendered":"<h4>Apr\u00e8s le soutien de Christiane Taubira, c\u2019est Bernard Cazeneuve, ancien premier ministre de Fran\u00e7ois Hollande, qui \u00e9tait aux c\u00f4t\u00e9s de Rapha\u00ebl Glucksmann lors du meeting d\u2019Envie d\u2019Europe, ce jeudi 16 mai \u00e0 la Sucri\u00e8re. T\u00e9nor du parti socialiste, sa pr\u00e9sence est un regain d\u2019\u00e9nergie pour la liste PS-Place Publique, qui n\u2019obtient que 4,5 \u00e0 6% d\u2019intentions de vote.&nbsp;&nbsp;<\/h4>\n<p>Il est 20h15 \u00e0 la Sucri\u00e8re, Bernard Cazeneuve, suivi par Sylvie Guillaume et Rapha\u00ebl Glucksmann, entre dans la salle. Environ 1000 personnes, selon les organisateurs, se sont r\u00e9unis pour soutenir la liste Envie d\u2019Europe. \u00ab&nbsp;La France a envie d\u2019Europe car elle en a besoin&nbsp;\u00bb, c\u2019est le slogan martel\u00e9 par Bernard Cazeneuve pour soutenir sa famille politique recompos\u00e9e.<\/p>\n<p>En retrait de la vie politique, l\u2019ancien premier ministre y revient le temps d\u2019un meeting, de quoi renforcer les liens et montrer l\u2019exemple. Heureux de \u00ab&nbsp;retrouver la chaleur de ces r\u00e9unions&nbsp;\u00bb, Bernard Cazeneuve ne cache pas pour autant son agacement face aux \u00ab&nbsp;calculateurs&nbsp;\u00bb, qui, selon lui, devraient apport\u00e9s leur soutien m\u00eame si les chances de victoire sont faibles. Il vante m\u00eame sa fid\u00e9lit\u00e9 \u00ab&nbsp;Ma fid\u00e9lit\u00e9, ma pr\u00e9sence, vous n\u2019y aurez jamais droit par intermittence. \u00ab&nbsp;On finit par perdre une \u00e9lection apr\u00e8s l\u2019autre&nbsp;\u00bb, conscient du d\u00e9clin du parti socialiste, Cazeneuve appelle \u00e0 faire barrage aux populistes et aux nationalistes, un \u00ab&nbsp;danger&nbsp;\u00bb dont il se m\u00e9fie.<\/p>\n<h4>Un parti ambitieux mais sans perspective<\/h4>\n<p>Olivier Faure, premier secr\u00e9taire du PS, est heureux de retrouver son \u00ab&nbsp;ami&nbsp;\u00bb, qu\u2019il qualifie de \u00ab&nbsp;fid\u00e8le, loyal et pr\u00e9sent&nbsp;\u00bb. Avec des intentions de votes faibles (4,5 \u00e0 6%), le soutien de Bernard Cazeneuve est tr\u00e8s appr\u00e9ci\u00e9 pour la liste de gauche. Surtout par Olivier Faure, qui lui fait un v\u00e9ritable \u00e9loge \u00ab&nbsp;C\u2019est celui dont on sait o\u00f9 il nous a quitt\u00e9 et o\u00f9 il nous retrouvera. [\u2026] C\u2019est \u00e7a un homme d\u2019\u00e9tat&nbsp;\u00bb.<\/p>\n<p>Sylvie Guillaume, deuxi\u00e8me sur la liste men\u00e9e par Rapha\u00ebl Glucksmann, axe son discours sur ses ambitions pour le prochain mandat. Sa priorit\u00e9 est claire&nbsp;: l\u2019\u00e9galit\u00e9 homme femme au sein de l\u2019union. \u00ab&nbsp;55 jours de travail non pay\u00e9s&nbsp;\u00bb, l\u2019eurod\u00e9put\u00e9e d\u00e9nonce les salaires des femmes plus bas que ceux des hommes, alors que les femmes sont en moyenne plus dipl\u00f4m\u00e9es que les hommes (4 points de plus). La priorit\u00e9 pour tous, et qui revient dans chaque discours, est d\u2019obtenir des si\u00e8ges au parlement. Olivier Faure, interrog\u00e9 avant le meeting, explique \u00ab&nbsp;Il suffit de quelques si\u00e8ges pour faire passer le parlement \u00e0 gauche. Juste quelques si\u00e8ges&nbsp;\u00bb. M\u00eame message de la part du maire de Bourg en Bresse, Jean-Fran\u00e7ois Debat.&nbsp; &nbsp; &nbsp; &nbsp; &nbsp; &nbsp; &nbsp; &nbsp;&nbsp;<\/p>\n<p>Ce meeting aura \u00e9t\u00e9 l&rsquo;occasion de lancer un message de rassemblement aux \u00e9l\u00e9phants du PS. Pas certains que celui-ci soit entendu puisque Fran\u00e7ois Hollande n&rsquo;a pas tari d&rsquo;\u00e9loge sur la t\u00eate de liste <a href=\"https:\/\/www.rtl.fr\/actu\/politique\/europeennes-quand-hollande-prefere-le-parti-communiste-aux-socialistes-7797544576\">PCF Ian Brossat<\/a> et que <a href=\"https:\/\/www.lesechos.fr\/elections\/europeennes\/exclusif-europeennes-royal-sapprete-a-soutenir-la-liste-macron-1019633\">S\u00e9gol\u00e8ne Royal<\/a> s&rsquo;est rapproch\u00e9 d&rsquo;Emmanuel Macron.&nbsp;<\/p>\n<!-- AddThis Advanced Settings generic via filter on the_content --><!-- AddThis Share Buttons generic via filter on the_content -->","protected":false},"excerpt":{"rendered":"<p>Apr\u00e8s le soutien de Christiane Taubira, c\u2019est Bernard Cazeneuve, ancien premier ministre de Fran\u00e7ois Hollande, qui \u00e9tait aux c\u00f4t\u00e9s de Rapha\u00ebl Glucksmann lors du meeting &hellip; <!-- AddThis Advanced Settings generic via filter on wp_trim_excerpt --><!-- AddThis Share Buttons generic via filter on wp_trim_excerpt --><\/p>\n","protected":false},"author":14288,"featured_media":16496,"comment_status":"open","ping_status":"open","sticky":false,"template":"","format":"standard","meta":{"_FSMCFIC_featured_image_caption":"","_FSMCFIC_featured_image_nocaption":"","_FSMCFIC_featured_image_hide":"","footnotes":""},"categories":[10384,8,4,6],"tags":[11262,11261,10,10450,165,350],"class_list":["post-16494","post","type-post","status-publish","format-standard","has-post-thumbnail","hentry","category-europeennes-2019","category-france","category-lyon","category-politique","tag-cazeneuve","tag-europeennes-2019","tag-lyon-2","tag-place-publique","tag-politique-2","tag-ps"],"yoast_head":"<!-- This site is optimized with the Yoast SEO plugin v22.8 - https:\/\/yoast.com\/wordpress\/plugins\/seo\/ -->\n<title>Bernard Cazeneuve \u00e0 la rescousse d&#039;Envie d&#039;Europe - Lyon Bondy Blog<\/title>\n<meta name=\"description\" content=\"C\u2019est Bernard Cazeneuve, ancien premier ministre, qui \u00e9tait aux c\u00f4t\u00e9s de Rapha\u00ebl Glucksmann lors du meeting d\u2019Envie d\u2019Europe ce jeudi 16 mai \u00e0 la Sucri\u00e8re.\" \/>\n<meta name=\"robots\" content=\"index, follow, max-snippet:-1, max-image-preview:large, max-video-preview:-1\" \/>\n<link rel=\"canonical\" href=\"https:\/\/lyonbondyblog.fr\/LBB\/bernard-cazeneuve-a-la-rescousse-denvie-deurope\/\" \/>\n<meta property=\"og:locale\" content=\"fr_FR\" \/>\n<meta property=\"og:type\" content=\"article\" \/>\n<meta property=\"og:title\" content=\"Bernard Cazeneuve \u00e0 la rescousse d&#039;Envie d&#039;Europe - Lyon Bondy Blog\" \/>\n<meta property=\"og:description\" content=\"C\u2019est Bernard Cazeneuve, ancien premier ministre, qui \u00e9tait aux c\u00f4t\u00e9s de Rapha\u00ebl Glucksmann lors du meeting d\u2019Envie d\u2019Europe ce jeudi 16 mai \u00e0 la Sucri\u00e8re.\" \/>\n<meta property=\"og:url\" content=\"https:\/\/lyonbondyblog.fr\/LBB\/bernard-cazeneuve-a-la-rescousse-denvie-deurope\/\" \/>\n<meta property=\"og:site_name\" content=\"Lyon Bondy Blog\" \/>\n<meta property=\"article:publisher\" content=\"https:\/\/www.facebook.com\/lyonbondyblog\" \/>\n<meta property=\"article:published_time\" content=\"2019-05-17T14:35:24+00:00\" \/>\n<meta property=\"article:modified_time\" content=\"2019-05-27T13:46:28+00:00\" \/>\n<meta property=\"og:image\" content=\"https:\/\/lyonbondyblog.fr\/LBB\/wp-content\/uploads\/2019\/05\/IMG_20190516_215254-1024x768.jpg\" \/>\n\t<meta property=\"og:image:width\" content=\"1024\" \/>\n\t<meta property=\"og:image:height\" content=\"768\" \/>\n\t<meta property=\"og:image:type\" content=\"image\/jpeg\" \/>\n<meta name=\"author\" content=\"Nicolas Delattre\" \/>\n<meta name=\"twitter:card\" content=\"summary_large_image\" \/>\n<meta name=\"twitter:creator\" content=\"@bondybloglyon\" \/>\n<meta name=\"twitter:site\" content=\"@bondybloglyon\" \/>\n<script type=\"application\/ld+json\" class=\"yoast-schema-graph\">{\"@context\":\"https:\/\/schema.org\",\"@graph\":[{\"@type\":\"Article\",\"@id\":\"https:\/\/lyonbondyblog.fr\/LBB\/bernard-cazeneuve-a-la-rescousse-denvie-deurope\/#article\",\"isPartOf\":{\"@id\":\"https:\/\/lyonbondyblog.fr\/LBB\/bernard-cazeneuve-a-la-rescousse-denvie-deurope\/\"},\"author\":{\"name\":\"Nicolas Delattre\",\"@id\":\"https:\/\/lyonbondyblog.fr\/LBB\/#\/schema\/person\/3f5335e7f858766f4ed6876c707e54c5\"},\"headline\":\"Bernard Cazeneuve \u00e0 la rescousse d&rsquo;Envie d&rsquo;Europe\",\"datePublished\":\"2019-05-17T14:35:24+00:00\",\"dateModified\":\"2019-05-27T13:46:28+00:00\",\"mainEntityOfPage\":{\"@id\":\"https:\/\/lyonbondyblog.fr\/LBB\/bernard-cazeneuve-a-la-rescousse-denvie-deurope\/\"},\"wordCount\":552,\"commentCount\":0,\"publisher\":{\"@id\":\"https:\/\/lyonbondyblog.fr\/LBB\/#organization\"},\"image\":{\"@id\":\"https:\/\/lyonbondyblog.fr\/LBB\/bernard-cazeneuve-a-la-rescousse-denvie-deurope\/#primaryimage\"},\"thumbnailUrl\":\"https:\/\/lyonbondyblog.fr\/LBB\/wp-content\/uploads\/2019\/05\/IMG_20190516_215254.jpg\",\"keywords\":[\"cazeneuve\",\"europ\u00e9ennes 2019\",\"lyon\",\"Place Publique\",\"politique\",\"PS\"],\"articleSection\":[\"Europ\u00e9ennes 2019\",\"France\",\"Lyon\",\"Politique\"],\"inLanguage\":\"fr-FR\",\"potentialAction\":[{\"@type\":\"CommentAction\",\"name\":\"Comment\",\"target\":[\"https:\/\/lyonbondyblog.fr\/LBB\/bernard-cazeneuve-a-la-rescousse-denvie-deurope\/#respond\"]}]},{\"@type\":\"WebPage\",\"@id\":\"https:\/\/lyonbondyblog.fr\/LBB\/bernard-cazeneuve-a-la-rescousse-denvie-deurope\/\",\"url\":\"https:\/\/lyonbondyblog.fr\/LBB\/bernard-cazeneuve-a-la-rescousse-denvie-deurope\/\",\"name\":\"Bernard Cazeneuve \u00e0 la rescousse d'Envie d'Europe - Lyon Bondy Blog\",\"isPartOf\":{\"@id\":\"https:\/\/lyonbondyblog.fr\/LBB\/#website\"},\"primaryImageOfPage\":{\"@id\":\"https:\/\/lyonbondyblog.fr\/LBB\/bernard-cazeneuve-a-la-rescousse-denvie-deurope\/#primaryimage\"},\"image\":{\"@id\":\"https:\/\/lyonbondyblog.fr\/LBB\/bernard-cazeneuve-a-la-rescousse-denvie-deurope\/#primaryimage\"},\"thumbnailUrl\":\"https:\/\/lyonbondyblog.fr\/LBB\/wp-content\/uploads\/2019\/05\/IMG_20190516_215254.jpg\",\"datePublished\":\"2019-05-17T14:35:24+00:00\",\"dateModified\":\"2019-05-27T13:46:28+00:00\",\"description\":\"C\u2019est Bernard Cazeneuve, ancien premier ministre, qui \u00e9tait aux c\u00f4t\u00e9s de Rapha\u00ebl Glucksmann lors du meeting d\u2019Envie d\u2019Europe ce jeudi 16 mai \u00e0 la Sucri\u00e8re.\",\"inLanguage\":\"fr-FR\",\"potentialAction\":[{\"@type\":\"ReadAction\",\"target\":[\"https:\/\/lyonbondyblog.fr\/LBB\/bernard-cazeneuve-a-la-rescousse-denvie-deurope\/\"]}]},{\"@type\":\"ImageObject\",\"inLanguage\":\"fr-FR\",\"@id\":\"https:\/\/lyonbondyblog.fr\/LBB\/bernard-cazeneuve-a-la-rescousse-denvie-deurope\/#primaryimage\",\"url\":\"https:\/\/lyonbondyblog.fr\/LBB\/wp-content\/uploads\/2019\/05\/IMG_20190516_215254.jpg\",\"contentUrl\":\"https:\/\/lyonbondyblog.fr\/LBB\/wp-content\/uploads\/2019\/05\/IMG_20190516_215254.jpg\",\"width\":3968,\"height\":2976,\"caption\":\"oznor\"},{\"@type\":\"WebSite\",\"@id\":\"https:\/\/lyonbondyblog.fr\/LBB\/#website\",\"url\":\"https:\/\/lyonbondyblog.fr\/LBB\/\",\"name\":\"Lyon Bondy Blog\",\"description\":\"\",\"publisher\":{\"@id\":\"https:\/\/lyonbondyblog.fr\/LBB\/#organization\"},\"potentialAction\":[{\"@type\":\"SearchAction\",\"target\":{\"@type\":\"EntryPoint\",\"urlTemplate\":\"https:\/\/lyonbondyblog.fr\/LBB\/?s={search_term_string}\"},\"query-input\":\"required name=search_term_string\"}],\"inLanguage\":\"fr-FR\"},{\"@type\":\"Organization\",\"@id\":\"https:\/\/lyonbondyblog.fr\/LBB\/#organization\",\"name\":\"LYON BONDY BLOG\",\"url\":\"https:\/\/lyonbondyblog.fr\/LBB\/\",\"logo\":{\"@type\":\"ImageObject\",\"inLanguage\":\"fr-FR\",\"@id\":\"https:\/\/lyonbondyblog.fr\/LBB\/#\/schema\/logo\/image\/\",\"url\":\"http:\/\/lyonbondyblog.fr\/LBB\/wp-content\/uploads\/2014\/10\/logo-portable-144.png\",\"contentUrl\":\"http:\/\/lyonbondyblog.fr\/LBB\/wp-content\/uploads\/2014\/10\/logo-portable-144.png\",\"width\":144,\"height\":123,\"caption\":\"LYON BONDY BLOG\"},\"image\":{\"@id\":\"https:\/\/lyonbondyblog.fr\/LBB\/#\/schema\/logo\/image\/\"},\"sameAs\":[\"https:\/\/www.facebook.com\/lyonbondyblog\",\"https:\/\/x.com\/bondybloglyon\"]},{\"@type\":\"Person\",\"@id\":\"https:\/\/lyonbondyblog.fr\/LBB\/#\/schema\/person\/3f5335e7f858766f4ed6876c707e54c5\",\"name\":\"Nicolas Delattre\",\"url\":\"https:\/\/lyonbondyblog.fr\/LBB\/author\/nicolas-delattre\/\"}]}<\/script>\n<!-- \/ Yoast SEO plugin. -->","yoast_head_json":{"title":"Bernard Cazeneuve \u00e0 la rescousse d'Envie d'Europe - Lyon Bondy Blog","description":"C\u2019est Bernard Cazeneuve, ancien premier ministre, qui \u00e9tait aux c\u00f4t\u00e9s de Rapha\u00ebl Glucksmann lors du meeting d\u2019Envie d\u2019Europe ce jeudi 16 mai \u00e0 la Sucri\u00e8re.","robots":{"index":"index","follow":"follow","max-snippet":"max-snippet:-1","max-image-preview":"max-image-preview:large","max-video-preview":"max-video-preview:-1"},"canonical":"https:\/\/lyonbondyblog.fr\/LBB\/bernard-cazeneuve-a-la-rescousse-denvie-deurope\/","og_locale":"fr_FR","og_type":"article","og_title":"Bernard Cazeneuve \u00e0 la rescousse d'Envie d'Europe - Lyon Bondy Blog","og_description":"C\u2019est Bernard Cazeneuve, ancien premier ministre, qui \u00e9tait aux c\u00f4t\u00e9s de Rapha\u00ebl Glucksmann lors du meeting d\u2019Envie d\u2019Europe ce jeudi 16 mai \u00e0 la Sucri\u00e8re.","og_url":"https:\/\/lyonbondyblog.fr\/LBB\/bernard-cazeneuve-a-la-rescousse-denvie-deurope\/","og_site_name":"Lyon Bondy Blog","article_publisher":"https:\/\/www.facebook.com\/lyonbondyblog","article_published_time":"2019-05-17T14:35:24+00:00","article_modified_time":"2019-05-27T13:46:28+00:00","og_image":[{"width":1024,"height":768,"url":"https:\/\/lyonbondyblog.fr\/LBB\/wp-content\/uploads\/2019\/05\/IMG_20190516_215254-1024x768.jpg","type":"image\/jpeg"}],"author":"Nicolas Delattre","twitter_card":"summary_large_image","twitter_creator":"@bondybloglyon","twitter_site":"@bondybloglyon","schema":{"@context":"https:\/\/schema.org","@graph":[{"@type":"Article","@id":"https:\/\/lyonbondyblog.fr\/LBB\/bernard-cazeneuve-a-la-rescousse-denvie-deurope\/#article","isPartOf":{"@id":"https:\/\/lyonbondyblog.fr\/LBB\/bernard-cazeneuve-a-la-rescousse-denvie-deurope\/"},"author":{"name":"Nicolas Delattre","@id":"https:\/\/lyonbondyblog.fr\/LBB\/#\/schema\/person\/3f5335e7f858766f4ed6876c707e54c5"},"headline":"Bernard Cazeneuve \u00e0 la rescousse d&rsquo;Envie d&rsquo;Europe","datePublished":"2019-05-17T14:35:24+00:00","dateModified":"2019-05-27T13:46:28+00:00","mainEntityOfPage":{"@id":"https:\/\/lyonbondyblog.fr\/LBB\/bernard-cazeneuve-a-la-rescousse-denvie-deurope\/"},"wordCount":552,"commentCount":0,"publisher":{"@id":"https:\/\/lyonbondyblog.fr\/LBB\/#organization"},"image":{"@id":"https:\/\/lyonbondyblog.fr\/LBB\/bernard-cazeneuve-a-la-rescousse-denvie-deurope\/#primaryimage"},"thumbnailUrl":"https:\/\/lyonbondyblog.fr\/LBB\/wp-content\/uploads\/2019\/05\/IMG_20190516_215254.jpg","keywords":["cazeneuve","europ\u00e9ennes 2019","lyon","Place Publique","politique","PS"],"articleSection":["Europ\u00e9ennes 2019","France","Lyon","Politique"],"inLanguage":"fr-FR","potentialAction":[{"@type":"CommentAction","name":"Comment","target":["https:\/\/lyonbondyblog.fr\/LBB\/bernard-cazeneuve-a-la-rescousse-denvie-deurope\/#respond"]}]},{"@type":"WebPage","@id":"https:\/\/lyonbondyblog.fr\/LBB\/bernard-cazeneuve-a-la-rescousse-denvie-deurope\/","url":"https:\/\/lyonbondyblog.fr\/LBB\/bernard-cazeneuve-a-la-rescousse-denvie-deurope\/","name":"Bernard Cazeneuve \u00e0 la rescousse d'Envie d'Europe - Lyon Bondy Blog","isPartOf":{"@id":"https:\/\/lyonbondyblog.fr\/LBB\/#website"},"primaryImageOfPage":{"@id":"https:\/\/lyonbondyblog.fr\/LBB\/bernard-cazeneuve-a-la-rescousse-denvie-deurope\/#primaryimage"},"image":{"@id":"https:\/\/lyonbondyblog.fr\/LBB\/bernard-cazeneuve-a-la-rescousse-denvie-deurope\/#primaryimage"},"thumbnailUrl":"https:\/\/lyonbondyblog.fr\/LBB\/wp-content\/uploads\/2019\/05\/IMG_20190516_215254.jpg","datePublished":"2019-05-17T14:35:24+00:00","dateModified":"2019-05-27T13:46:28+00:00","description":"C\u2019est Bernard Cazeneuve, ancien premier ministre, qui \u00e9tait aux c\u00f4t\u00e9s de Rapha\u00ebl Glucksmann lors du meeting d\u2019Envie d\u2019Europe ce jeudi 16 mai \u00e0 la Sucri\u00e8re.","inLanguage":"fr-FR","potentialAction":[{"@type":"ReadAction","target":["https:\/\/lyonbondyblog.fr\/LBB\/bernard-cazeneuve-a-la-rescousse-denvie-deurope\/"]}]},{"@type":"ImageObject","inLanguage":"fr-FR","@id":"https:\/\/lyonbondyblog.fr\/LBB\/bernard-cazeneuve-a-la-rescousse-denvie-deurope\/#primaryimage","url":"https:\/\/lyonbondyblog.fr\/LBB\/wp-content\/uploads\/2019\/05\/IMG_20190516_215254.jpg","contentUrl":"https:\/\/lyonbondyblog.fr\/LBB\/wp-content\/uploads\/2019\/05\/IMG_20190516_215254.jpg","width":3968,"height":2976,"caption":"oznor"},{"@type":"WebSite","@id":"https:\/\/lyonbondyblog.fr\/LBB\/#website","url":"https:\/\/lyonbondyblog.fr\/LBB\/","name":"Lyon Bondy Blog","description":"","publisher":{"@id":"https:\/\/lyonbondyblog.fr\/LBB\/#organization"},"potentialAction":[{"@type":"SearchAction","target":{"@type":"EntryPoint","urlTemplate":"https:\/\/lyonbondyblog.fr\/LBB\/?s={search_term_string}"},"query-input":"required name=search_term_string"}],"inLanguage":"fr-FR"},{"@type":"Organization","@id":"https:\/\/lyonbondyblog.fr\/LBB\/#organization","name":"LYON BONDY BLOG","url":"https:\/\/lyonbondyblog.fr\/LBB\/","logo":{"@type":"ImageObject","inLanguage":"fr-FR","@id":"https:\/\/lyonbondyblog.fr\/LBB\/#\/schema\/logo\/image\/","url":"http:\/\/lyonbondyblog.fr\/LBB\/wp-content\/uploads\/2014\/10\/logo-portable-144.png","contentUrl":"http:\/\/lyonbondyblog.fr\/LBB\/wp-content\/uploads\/2014\/10\/logo-portable-144.png","width":144,"height":123,"caption":"LYON BONDY BLOG"},"image":{"@id":"https:\/\/lyonbondyblog.fr\/LBB\/#\/schema\/logo\/image\/"},"sameAs":["https:\/\/www.facebook.com\/lyonbondyblog","https:\/\/x.com\/bondybloglyon"]},{"@type":"Person","@id":"https:\/\/lyonbondyblog.fr\/LBB\/#\/schema\/person\/3f5335e7f858766f4ed6876c707e54c5","name":"Nicolas Delattre","url":"https:\/\/lyonbondyblog.fr\/LBB\/author\/nicolas-delattre\/"}]}},"_links":{"self":[{"href":"https:\/\/lyonbondyblog.fr\/LBB\/wp-json\/wp\/v2\/posts\/16494","targetHints":{"allow":["GET"]}}],"collection":[{"href":"https:\/\/lyonbondyblog.fr\/LBB\/wp-json\/wp\/v2\/posts"}],"about":[{"href":"https:\/\/lyonbondyblog.fr\/LBB\/wp-json\/wp\/v2\/types\/post"}],"author":[{"embeddable":true,"href":"https:\/\/lyonbondyblog.fr\/LBB\/wp-json\/wp\/v2\/users\/14288"}],"replies":[{"embeddable":true,"href":"https:\/\/lyonbondyblog.fr\/LBB\/wp-json\/wp\/v2\/comments?post=16494"}],"version-history":[{"count":6,"href":"https:\/\/lyonbondyblog.fr\/LBB\/wp-json\/wp\/v2\/posts\/16494\/revisions"}],"predecessor-version":[{"id":16498,"href":"https:\/\/lyonbondyblog.fr\/LBB\/wp-json\/wp\/v2\/posts\/16494\/revisions\/16498"}],"wp:featuredmedia":[{"embeddable":true,"href":"https:\/\/lyonbondyblog.fr\/LBB\/wp-json\/wp\/v2\/media\/16496"}],"wp:attachment":[{"href":"https:\/\/lyonbondyblog.fr\/LBB\/wp-json\/wp\/v2\/media?parent=16494"}],"wp:term":[{"taxonomy":"category","embeddable":true,"href":"https:\/\/lyonbondyblog.fr\/LBB\/wp-json\/wp\/v2\/categories?post=16494"},{"taxonomy":"post_tag","embeddable":true,"href":"https:\/\/lyonbondyblog.fr\/LBB\/wp-json\/wp\/v2\/tags?post=16494"}],"curies":[{"name":"wp","href":"https:\/\/api.w.org\/{rel}","templated":true}]}}