{"id":16445,"date":"2019-05-15T16:27:24","date_gmt":"2019-05-15T14:27:24","guid":{"rendered":"http:\/\/lyonbondyblog.fr\/LBB\/?p=16445"},"modified":"2019-05-28T10:30:41","modified_gmt":"2019-05-28T08:30:41","slug":"projet-monalisa-tous-en-lutte-contre-lisolement-des-ages","status":"publish","type":"post","link":"https:\/\/lyonbondyblog.fr\/LBB\/projet-monalisa-tous-en-lutte-contre-lisolement-des-ages\/","title":{"rendered":"Projet MONALISA : Tous en lutte contre l&rsquo;isolement des \u00e2g\u00e9s"},"content":{"rendered":"<h4>Le <a href=\"https:\/\/lyonbondyblog.fr\/LBB\/marylene-millet-il-ny-a-rien-sur-lisolement-social-des-personnes-agees\/\">projet MONALISA<\/a> c\u2019est quoi&nbsp;? Acronyme de Mobilisation nationale contre l\u2019isolement&nbsp;social des \u00e2g\u00e9s, c\u2019est une association Loi 1901 qui regroupe depuis 2014 des organisations, des \u00e9quipes citoyennes ou encore des collectivit\u00e9s territoriales. Le but est de lutter contre l\u2019isolement des personnes \u00e2g\u00e9es qui serait un facteur important dans leur perte d\u2019autonomie et qui am\u00e8nerait \u00e0 des maladies telles que l\u2019Alzheimer.<\/h4>\n<p>Ce projet part d\u2019une r\u00e9flexion qui a donn\u00e9 suite \u00e0 un rapport remis \u00e0 Mich\u00e8le Delaunay, ministre d\u00e9l\u00e9gu\u00e9e aux Personnes \u00e2g\u00e9es et \u00e0 l\u2019Autonomie autour de l\u2019isolement des \u00e2g\u00e9s, et \u00e0 Jean-Fran\u00e7ois Serres, r\u00e9f\u00e9rent national de MONALISA, qui ont d\u00e9cid\u00e9 de le valider. Brigitte Ayrault, marraine du projet, accompagne la ministre \u00e0 l\u2019occasion de d\u00e9placements afin de d\u00e9velopper cette initiative pr\u00e9sid\u00e9e par Bertrand Ousset, repr\u00e9sentant de l\u2019association au sein de la formation sp\u00e9cialis\u00e9e \u00ab&nbsp;\u00c2ge&nbsp;\u00bb.<a href=\"https:\/\/lyonbondyblog.fr\/LBB\/wp-content\/uploads\/2019\/05\/GraphiqueMembres.png\"><img loading=\"lazy\" decoding=\"async\" class=\"wp-image-16453 aligncenter\" src=\"https:\/\/lyonbondyblog.fr\/LBB\/wp-content\/uploads\/2019\/05\/GraphiqueMembres.png\" alt=\"\" width=\"509\" height=\"282\" srcset=\"https:\/\/lyonbondyblog.fr\/LBB\/wp-content\/uploads\/2019\/05\/GraphiqueMembres.png 988w, https:\/\/lyonbondyblog.fr\/LBB\/wp-content\/uploads\/2019\/05\/GraphiqueMembres-300x166.png 300w, https:\/\/lyonbondyblog.fr\/LBB\/wp-content\/uploads\/2019\/05\/GraphiqueMembres-768x426.png 768w, https:\/\/lyonbondyblog.fr\/LBB\/wp-content\/uploads\/2019\/05\/GraphiqueMembres-600x333.png 600w, https:\/\/lyonbondyblog.fr\/LBB\/wp-content\/uploads\/2019\/05\/GraphiqueMembres-360x200.png 360w\" sizes=\"auto, (max-width: 509px) 100vw, 509px\" \/><\/a><\/p>\n<p>L\u2019association a mis en place des \u00e9quipes citoyennes pour susciter le regroupement de b\u00e9n\u00e9voles qui se battent contre l\u2019isolement mais aussi contre la solitude dont 5 millions de fran\u00e7ais souffrent en 2016. Certains citoyens peuvent participer sans pour autant faire n\u00e9cessairement partie de l\u2019\u00e9quipe citoyenne, ils seront partenaires, appel\u00e9s \u00ab&nbsp;relais MONALISA \u00bb. Accompagn\u00e9es d\u2019une trentaine d\u2019associations, op\u00e9rateurs publics et parapublics, les \u00e9quipes citoyennes d\u00e9cident des actions qu\u2019elles veulent mettre en place.<\/p>\n<p><a href=\"https:\/\/lyonbondyblog.fr\/LBB\/wp-content\/uploads\/2019\/05\/GraphiqueSignataires.png\"><img loading=\"lazy\" decoding=\"async\" class=\"alignleft wp-image-16454\" src=\"https:\/\/lyonbondyblog.fr\/LBB\/wp-content\/uploads\/2019\/05\/GraphiqueSignataires.png\" alt=\"\" width=\"486\" height=\"284\" srcset=\"https:\/\/lyonbondyblog.fr\/LBB\/wp-content\/uploads\/2019\/05\/GraphiqueSignataires.png 902w, https:\/\/lyonbondyblog.fr\/LBB\/wp-content\/uploads\/2019\/05\/GraphiqueSignataires-300x175.png 300w, https:\/\/lyonbondyblog.fr\/LBB\/wp-content\/uploads\/2019\/05\/GraphiqueSignataires-768x449.png 768w, https:\/\/lyonbondyblog.fr\/LBB\/wp-content\/uploads\/2019\/05\/GraphiqueSignataires-600x351.png 600w\" sizes=\"auto, (max-width: 486px) 100vw, 486px\" \/><\/a>Dans le but de mieux comprendre ce projet, le livre de Christelle Bardet \u00ab&nbsp;<em>Quand maman plantait des brosses \u00e0 dents<\/em>&nbsp;\u00bb va aider \u00e0 comprendre la maladie qu&rsquo;est l&rsquo;Alzheimer, son apparition ainsi que son d\u00e9veloppement mais \u00e9galement l\u2019importance de lutter contre l\u2019isolement. Plusieurs personnes vont \u00e9galement donner leur avis&nbsp;: des infirmi\u00e8res sp\u00e9cialis\u00e9es chez les personnes \u00e2g\u00e9es ou non, quelques personnes du personnel de maisons de retraites mais aussi certaines personnes \u00e2g\u00e9es vont pouvoir s\u2019exprimer librement (dans de prochains articles).<\/p>\n<!-- AddThis Advanced Settings generic via filter on the_content --><!-- AddThis Share Buttons generic via filter on the_content -->","protected":false},"excerpt":{"rendered":"<p>Le projet MONALISA c\u2019est quoi&nbsp;? Acronyme de Mobilisation nationale contre l\u2019isolement&nbsp;social des \u00e2g\u00e9s, c\u2019est une association Loi 1901 qui regroupe depuis 2014 des organisations, des &hellip; <!-- AddThis Advanced Settings generic via filter on wp_trim_excerpt --><!-- AddThis Share Buttons generic via filter on wp_trim_excerpt --><\/p>\n","protected":false},"author":13657,"featured_media":16452,"comment_status":"open","ping_status":"open","sticky":false,"template":"","format":"standard","meta":{"_FSMCFIC_featured_image_caption":"","_FSMCFIC_featured_image_nocaption":"","_FSMCFIC_featured_image_hide":"","footnotes":""},"categories":[8,4,3889,6508,6506],"tags":[435,6497,11257,11258,11260,2159,11259],"class_list":["post-16445","post","type-post","status-publish","format-standard","has-post-thumbnail","hentry","category-france","category-lyon","category-sante","category-maladie","category-solidarite","tag-association","tag-isolement","tag-monalisa","tag-organisation","tag-personnes-agees","tag-projet","tag-solitude"],"yoast_head":"<!-- This site is optimized with the Yoast SEO plugin v22.8 - https:\/\/yoast.com\/wordpress\/plugins\/seo\/ -->\n<title>Projet MONALISA : Tous en lutte contre l&#039;isolement des \u00e2g\u00e9s - Lyon Bondy Blog<\/title>\n<meta name=\"description\" content=\"Association Loi 1901 regroupant des organisations, des \u00e9quipes citoyennes, des collectivit\u00e9s territoriales qui luttent contre l\u2019isolement des \u00e2g\u00e9s..........\" \/>\n<meta name=\"robots\" content=\"index, follow, max-snippet:-1, max-image-preview:large, max-video-preview:-1\" \/>\n<link rel=\"canonical\" href=\"https:\/\/lyonbondyblog.fr\/LBB\/projet-monalisa-tous-en-lutte-contre-lisolement-des-ages\/\" \/>\n<meta property=\"og:locale\" content=\"fr_FR\" \/>\n<meta property=\"og:type\" content=\"article\" \/>\n<meta property=\"og:title\" content=\"Projet MONALISA : Tous en lutte contre l&#039;isolement des \u00e2g\u00e9s - Lyon Bondy Blog\" \/>\n<meta property=\"og:description\" content=\"Association Loi 1901 regroupant des organisations, des \u00e9quipes citoyennes, des collectivit\u00e9s territoriales qui luttent contre l\u2019isolement des \u00e2g\u00e9s..........\" \/>\n<meta property=\"og:url\" content=\"https:\/\/lyonbondyblog.fr\/LBB\/projet-monalisa-tous-en-lutte-contre-lisolement-des-ages\/\" \/>\n<meta property=\"og:site_name\" content=\"Lyon Bondy Blog\" \/>\n<meta property=\"article:publisher\" content=\"https:\/\/www.facebook.com\/lyonbondyblog\" \/>\n<meta property=\"article:author\" content=\"@envgromsblog\" \/>\n<meta property=\"article:published_time\" content=\"2019-05-15T14:27:24+00:00\" \/>\n<meta property=\"article:modified_time\" content=\"2019-05-28T08:30:41+00:00\" \/>\n<meta property=\"og:image\" content=\"https:\/\/lyonbondyblog.fr\/LBB\/wp-content\/uploads\/2019\/05\/logo-monalisa-actu_342fe830a4154f244678d05f852bf6ca.png\" \/>\n\t<meta property=\"og:image:width\" content=\"730\" \/>\n\t<meta property=\"og:image:height\" content=\"327\" \/>\n\t<meta property=\"og:image:type\" content=\"image\/png\" \/>\n<meta name=\"author\" content=\"Morgane Michat\" \/>\n<meta name=\"twitter:card\" content=\"summary_large_image\" \/>\n<meta name=\"twitter:creator\" content=\"@bondybloglyon\" \/>\n<meta name=\"twitter:site\" content=\"@bondybloglyon\" \/>\n<script type=\"application\/ld+json\" class=\"yoast-schema-graph\">{\"@context\":\"https:\/\/schema.org\",\"@graph\":[{\"@type\":\"Article\",\"@id\":\"https:\/\/lyonbondyblog.fr\/LBB\/projet-monalisa-tous-en-lutte-contre-lisolement-des-ages\/#article\",\"isPartOf\":{\"@id\":\"https:\/\/lyonbondyblog.fr\/LBB\/projet-monalisa-tous-en-lutte-contre-lisolement-des-ages\/\"},\"author\":{\"name\":\"Morgane Michat\",\"@id\":\"https:\/\/lyonbondyblog.fr\/LBB\/#\/schema\/person\/f518fa5a729efca9fd3c5c607bb8c366\"},\"headline\":\"Projet MONALISA : Tous en lutte contre l&rsquo;isolement des \u00e2g\u00e9s\",\"datePublished\":\"2019-05-15T14:27:24+00:00\",\"dateModified\":\"2019-05-28T08:30:41+00:00\",\"mainEntityOfPage\":{\"@id\":\"https:\/\/lyonbondyblog.fr\/LBB\/projet-monalisa-tous-en-lutte-contre-lisolement-des-ages\/\"},\"wordCount\":345,\"commentCount\":0,\"publisher\":{\"@id\":\"https:\/\/lyonbondyblog.fr\/LBB\/#organization\"},\"image\":{\"@id\":\"https:\/\/lyonbondyblog.fr\/LBB\/projet-monalisa-tous-en-lutte-contre-lisolement-des-ages\/#primaryimage\"},\"thumbnailUrl\":\"https:\/\/lyonbondyblog.fr\/LBB\/wp-content\/uploads\/2019\/05\/logo-monalisa-actu_342fe830a4154f244678d05f852bf6ca.png\",\"keywords\":[\"association\",\"isolement\",\"monalisa\",\"organisation\",\"personnes \u00e2g\u00e9es\",\"Projet\",\"solitude\"],\"articleSection\":[\"France\",\"Lyon\",\"Sant\u00e9\",\"Sant\u00e9\",\"Solidarit\u00e9\"],\"inLanguage\":\"fr-FR\",\"potentialAction\":[{\"@type\":\"CommentAction\",\"name\":\"Comment\",\"target\":[\"https:\/\/lyonbondyblog.fr\/LBB\/projet-monalisa-tous-en-lutte-contre-lisolement-des-ages\/#respond\"]}]},{\"@type\":\"WebPage\",\"@id\":\"https:\/\/lyonbondyblog.fr\/LBB\/projet-monalisa-tous-en-lutte-contre-lisolement-des-ages\/\",\"url\":\"https:\/\/lyonbondyblog.fr\/LBB\/projet-monalisa-tous-en-lutte-contre-lisolement-des-ages\/\",\"name\":\"Projet MONALISA : Tous en lutte contre l'isolement des \u00e2g\u00e9s - Lyon Bondy Blog\",\"isPartOf\":{\"@id\":\"https:\/\/lyonbondyblog.fr\/LBB\/#website\"},\"primaryImageOfPage\":{\"@id\":\"https:\/\/lyonbondyblog.fr\/LBB\/projet-monalisa-tous-en-lutte-contre-lisolement-des-ages\/#primaryimage\"},\"image\":{\"@id\":\"https:\/\/lyonbondyblog.fr\/LBB\/projet-monalisa-tous-en-lutte-contre-lisolement-des-ages\/#primaryimage\"},\"thumbnailUrl\":\"https:\/\/lyonbondyblog.fr\/LBB\/wp-content\/uploads\/2019\/05\/logo-monalisa-actu_342fe830a4154f244678d05f852bf6ca.png\",\"datePublished\":\"2019-05-15T14:27:24+00:00\",\"dateModified\":\"2019-05-28T08:30:41+00:00\",\"description\":\"Association Loi 1901 regroupant des organisations, des \u00e9quipes citoyennes, des collectivit\u00e9s territoriales qui luttent contre l\u2019isolement des \u00e2g\u00e9s..........\",\"inLanguage\":\"fr-FR\",\"potentialAction\":[{\"@type\":\"ReadAction\",\"target\":[\"https:\/\/lyonbondyblog.fr\/LBB\/projet-monalisa-tous-en-lutte-contre-lisolement-des-ages\/\"]}]},{\"@type\":\"ImageObject\",\"inLanguage\":\"fr-FR\",\"@id\":\"https:\/\/lyonbondyblog.fr\/LBB\/projet-monalisa-tous-en-lutte-contre-lisolement-des-ages\/#primaryimage\",\"url\":\"https:\/\/lyonbondyblog.fr\/LBB\/wp-content\/uploads\/2019\/05\/logo-monalisa-actu_342fe830a4154f244678d05f852bf6ca.png\",\"contentUrl\":\"https:\/\/lyonbondyblog.fr\/LBB\/wp-content\/uploads\/2019\/05\/logo-monalisa-actu_342fe830a4154f244678d05f852bf6ca.png\",\"width\":730,\"height\":327},{\"@type\":\"WebSite\",\"@id\":\"https:\/\/lyonbondyblog.fr\/LBB\/#website\",\"url\":\"https:\/\/lyonbondyblog.fr\/LBB\/\",\"name\":\"Lyon Bondy Blog\",\"description\":\"\",\"publisher\":{\"@id\":\"https:\/\/lyonbondyblog.fr\/LBB\/#organization\"},\"potentialAction\":[{\"@type\":\"SearchAction\",\"target\":{\"@type\":\"EntryPoint\",\"urlTemplate\":\"https:\/\/lyonbondyblog.fr\/LBB\/?s={search_term_string}\"},\"query-input\":\"required name=search_term_string\"}],\"inLanguage\":\"fr-FR\"},{\"@type\":\"Organization\",\"@id\":\"https:\/\/lyonbondyblog.fr\/LBB\/#organization\",\"name\":\"LYON BONDY BLOG\",\"url\":\"https:\/\/lyonbondyblog.fr\/LBB\/\",\"logo\":{\"@type\":\"ImageObject\",\"inLanguage\":\"fr-FR\",\"@id\":\"https:\/\/lyonbondyblog.fr\/LBB\/#\/schema\/logo\/image\/\",\"url\":\"http:\/\/lyonbondyblog.fr\/LBB\/wp-content\/uploads\/2014\/10\/logo-portable-144.png\",\"contentUrl\":\"http:\/\/lyonbondyblog.fr\/LBB\/wp-content\/uploads\/2014\/10\/logo-portable-144.png\",\"width\":144,\"height\":123,\"caption\":\"LYON BONDY BLOG\"},\"image\":{\"@id\":\"https:\/\/lyonbondyblog.fr\/LBB\/#\/schema\/logo\/image\/\"},\"sameAs\":[\"https:\/\/www.facebook.com\/lyonbondyblog\",\"https:\/\/x.com\/bondybloglyon\"]},{\"@type\":\"Person\",\"@id\":\"https:\/\/lyonbondyblog.fr\/LBB\/#\/schema\/person\/f518fa5a729efca9fd3c5c607bb8c366\",\"name\":\"Morgane Michat\",\"description\":\"Actuellement en Master de communication digitale je suis la fondatrice du blog envgrom.fr et cofondatrice d'un magazine pour les \u00e9tudiantes \\\"Studieuse Magazine\\\"\",\"sameAs\":[\"http:\/\/envgrom.fr\/\",\"@envgromsblog\",\"@envgrom_\"],\"url\":\"https:\/\/lyonbondyblog.fr\/LBB\/author\/morgane-michat\/\"}]}<\/script>\n<!-- \/ Yoast SEO plugin. -->","yoast_head_json":{"title":"Projet MONALISA : Tous en lutte contre l'isolement des \u00e2g\u00e9s - Lyon Bondy Blog","description":"Association Loi 1901 regroupant des organisations, des \u00e9quipes citoyennes, des collectivit\u00e9s territoriales qui luttent contre l\u2019isolement des \u00e2g\u00e9s..........","robots":{"index":"index","follow":"follow","max-snippet":"max-snippet:-1","max-image-preview":"max-image-preview:large","max-video-preview":"max-video-preview:-1"},"canonical":"https:\/\/lyonbondyblog.fr\/LBB\/projet-monalisa-tous-en-lutte-contre-lisolement-des-ages\/","og_locale":"fr_FR","og_type":"article","og_title":"Projet MONALISA : Tous en lutte contre l'isolement des \u00e2g\u00e9s - Lyon Bondy Blog","og_description":"Association Loi 1901 regroupant des organisations, des \u00e9quipes citoyennes, des collectivit\u00e9s territoriales qui luttent contre l\u2019isolement des \u00e2g\u00e9s..........","og_url":"https:\/\/lyonbondyblog.fr\/LBB\/projet-monalisa-tous-en-lutte-contre-lisolement-des-ages\/","og_site_name":"Lyon Bondy Blog","article_publisher":"https:\/\/www.facebook.com\/lyonbondyblog","article_author":"@envgromsblog","article_published_time":"2019-05-15T14:27:24+00:00","article_modified_time":"2019-05-28T08:30:41+00:00","og_image":[{"width":730,"height":327,"url":"https:\/\/lyonbondyblog.fr\/LBB\/wp-content\/uploads\/2019\/05\/logo-monalisa-actu_342fe830a4154f244678d05f852bf6ca.png","type":"image\/png"}],"author":"Morgane Michat","twitter_card":"summary_large_image","twitter_creator":"@bondybloglyon","twitter_site":"@bondybloglyon","schema":{"@context":"https:\/\/schema.org","@graph":[{"@type":"Article","@id":"https:\/\/lyonbondyblog.fr\/LBB\/projet-monalisa-tous-en-lutte-contre-lisolement-des-ages\/#article","isPartOf":{"@id":"https:\/\/lyonbondyblog.fr\/LBB\/projet-monalisa-tous-en-lutte-contre-lisolement-des-ages\/"},"author":{"name":"Morgane Michat","@id":"https:\/\/lyonbondyblog.fr\/LBB\/#\/schema\/person\/f518fa5a729efca9fd3c5c607bb8c366"},"headline":"Projet MONALISA : Tous en lutte contre l&rsquo;isolement des \u00e2g\u00e9s","datePublished":"2019-05-15T14:27:24+00:00","dateModified":"2019-05-28T08:30:41+00:00","mainEntityOfPage":{"@id":"https:\/\/lyonbondyblog.fr\/LBB\/projet-monalisa-tous-en-lutte-contre-lisolement-des-ages\/"},"wordCount":345,"commentCount":0,"publisher":{"@id":"https:\/\/lyonbondyblog.fr\/LBB\/#organization"},"image":{"@id":"https:\/\/lyonbondyblog.fr\/LBB\/projet-monalisa-tous-en-lutte-contre-lisolement-des-ages\/#primaryimage"},"thumbnailUrl":"https:\/\/lyonbondyblog.fr\/LBB\/wp-content\/uploads\/2019\/05\/logo-monalisa-actu_342fe830a4154f244678d05f852bf6ca.png","keywords":["association","isolement","monalisa","organisation","personnes \u00e2g\u00e9es","Projet","solitude"],"articleSection":["France","Lyon","Sant\u00e9","Sant\u00e9","Solidarit\u00e9"],"inLanguage":"fr-FR","potentialAction":[{"@type":"CommentAction","name":"Comment","target":["https:\/\/lyonbondyblog.fr\/LBB\/projet-monalisa-tous-en-lutte-contre-lisolement-des-ages\/#respond"]}]},{"@type":"WebPage","@id":"https:\/\/lyonbondyblog.fr\/LBB\/projet-monalisa-tous-en-lutte-contre-lisolement-des-ages\/","url":"https:\/\/lyonbondyblog.fr\/LBB\/projet-monalisa-tous-en-lutte-contre-lisolement-des-ages\/","name":"Projet MONALISA : Tous en lutte contre l'isolement des \u00e2g\u00e9s - Lyon Bondy Blog","isPartOf":{"@id":"https:\/\/lyonbondyblog.fr\/LBB\/#website"},"primaryImageOfPage":{"@id":"https:\/\/lyonbondyblog.fr\/LBB\/projet-monalisa-tous-en-lutte-contre-lisolement-des-ages\/#primaryimage"},"image":{"@id":"https:\/\/lyonbondyblog.fr\/LBB\/projet-monalisa-tous-en-lutte-contre-lisolement-des-ages\/#primaryimage"},"thumbnailUrl":"https:\/\/lyonbondyblog.fr\/LBB\/wp-content\/uploads\/2019\/05\/logo-monalisa-actu_342fe830a4154f244678d05f852bf6ca.png","datePublished":"2019-05-15T14:27:24+00:00","dateModified":"2019-05-28T08:30:41+00:00","description":"Association Loi 1901 regroupant des organisations, des \u00e9quipes citoyennes, des collectivit\u00e9s territoriales qui luttent contre l\u2019isolement des \u00e2g\u00e9s..........","inLanguage":"fr-FR","potentialAction":[{"@type":"ReadAction","target":["https:\/\/lyonbondyblog.fr\/LBB\/projet-monalisa-tous-en-lutte-contre-lisolement-des-ages\/"]}]},{"@type":"ImageObject","inLanguage":"fr-FR","@id":"https:\/\/lyonbondyblog.fr\/LBB\/projet-monalisa-tous-en-lutte-contre-lisolement-des-ages\/#primaryimage","url":"https:\/\/lyonbondyblog.fr\/LBB\/wp-content\/uploads\/2019\/05\/logo-monalisa-actu_342fe830a4154f244678d05f852bf6ca.png","contentUrl":"https:\/\/lyonbondyblog.fr\/LBB\/wp-content\/uploads\/2019\/05\/logo-monalisa-actu_342fe830a4154f244678d05f852bf6ca.png","width":730,"height":327},{"@type":"WebSite","@id":"https:\/\/lyonbondyblog.fr\/LBB\/#website","url":"https:\/\/lyonbondyblog.fr\/LBB\/","name":"Lyon Bondy Blog","description":"","publisher":{"@id":"https:\/\/lyonbondyblog.fr\/LBB\/#organization"},"potentialAction":[{"@type":"SearchAction","target":{"@type":"EntryPoint","urlTemplate":"https:\/\/lyonbondyblog.fr\/LBB\/?s={search_term_string}"},"query-input":"required name=search_term_string"}],"inLanguage":"fr-FR"},{"@type":"Organization","@id":"https:\/\/lyonbondyblog.fr\/LBB\/#organization","name":"LYON BONDY BLOG","url":"https:\/\/lyonbondyblog.fr\/LBB\/","logo":{"@type":"ImageObject","inLanguage":"fr-FR","@id":"https:\/\/lyonbondyblog.fr\/LBB\/#\/schema\/logo\/image\/","url":"http:\/\/lyonbondyblog.fr\/LBB\/wp-content\/uploads\/2014\/10\/logo-portable-144.png","contentUrl":"http:\/\/lyonbondyblog.fr\/LBB\/wp-content\/uploads\/2014\/10\/logo-portable-144.png","width":144,"height":123,"caption":"LYON BONDY BLOG"},"image":{"@id":"https:\/\/lyonbondyblog.fr\/LBB\/#\/schema\/logo\/image\/"},"sameAs":["https:\/\/www.facebook.com\/lyonbondyblog","https:\/\/x.com\/bondybloglyon"]},{"@type":"Person","@id":"https:\/\/lyonbondyblog.fr\/LBB\/#\/schema\/person\/f518fa5a729efca9fd3c5c607bb8c366","name":"Morgane Michat","description":"Actuellement en Master de communication digitale je suis la fondatrice du blog envgrom.fr et cofondatrice d'un magazine pour les \u00e9tudiantes \"Studieuse Magazine\"","sameAs":["http:\/\/envgrom.fr\/","@envgromsblog","@envgrom_"],"url":"https:\/\/lyonbondyblog.fr\/LBB\/author\/morgane-michat\/"}]}},"_links":{"self":[{"href":"https:\/\/lyonbondyblog.fr\/LBB\/wp-json\/wp\/v2\/posts\/16445","targetHints":{"allow":["GET"]}}],"collection":[{"href":"https:\/\/lyonbondyblog.fr\/LBB\/wp-json\/wp\/v2\/posts"}],"about":[{"href":"https:\/\/lyonbondyblog.fr\/LBB\/wp-json\/wp\/v2\/types\/post"}],"author":[{"embeddable":true,"href":"https:\/\/lyonbondyblog.fr\/LBB\/wp-json\/wp\/v2\/users\/13657"}],"replies":[{"embeddable":true,"href":"https:\/\/lyonbondyblog.fr\/LBB\/wp-json\/wp\/v2\/comments?post=16445"}],"version-history":[{"count":16,"href":"https:\/\/lyonbondyblog.fr\/LBB\/wp-json\/wp\/v2\/posts\/16445\/revisions"}],"predecessor-version":[{"id":16831,"href":"https:\/\/lyonbondyblog.fr\/LBB\/wp-json\/wp\/v2\/posts\/16445\/revisions\/16831"}],"wp:featuredmedia":[{"embeddable":true,"href":"https:\/\/lyonbondyblog.fr\/LBB\/wp-json\/wp\/v2\/media\/16452"}],"wp:attachment":[{"href":"https:\/\/lyonbondyblog.fr\/LBB\/wp-json\/wp\/v2\/media?parent=16445"}],"wp:term":[{"taxonomy":"category","embeddable":true,"href":"https:\/\/lyonbondyblog.fr\/LBB\/wp-json\/wp\/v2\/categories?post=16445"},{"taxonomy":"post_tag","embeddable":true,"href":"https:\/\/lyonbondyblog.fr\/LBB\/wp-json\/wp\/v2\/tags?post=16445"}],"curies":[{"name":"wp","href":"https:\/\/api.w.org\/{rel}","templated":true}]}}