{"id":1628,"date":"2012-01-16T17:23:04","date_gmt":"2012-01-16T16:23:04","guid":{"rendered":"http:\/\/lyonbondyblog.fr\/LBB\/?p=1628"},"modified":"2013-07-25T17:28:11","modified_gmt":"2013-07-25T15:28:11","slug":"ambiance-electrique-ce-samedi-en-centre-ville-de-lyon","status":"publish","type":"post","link":"https:\/\/lyonbondyblog.fr\/LBB\/ambiance-electrique-ce-samedi-en-centre-ville-de-lyon\/","title":{"rendered":"Ambiance \u00e9lectrique ce samedi en centre ville de Lyon"},"content":{"rendered":"<p><strong>Deux groupes, deux trajets, deux id\u00e9ologies. L\u2019affrontement semble in\u00e9vitable.<\/strong><\/p>\n<div><a title=\" -- Cliquez pour voir l'image en entier\" href=\"http:\/\/yahoo.lyon.bondyblog.fr\/images\/017_1.jpg\" target=\"_blank\"> <img decoding=\"async\" alt=\" -- Cliquez pour voir l'image en entier\" src=\"http:\/\/yahoo.lyon.bondyblog.fr\/images\/017_1_t.jpg\" border=\"0\" \/> <\/a><\/div>\n<div><\/div>\n<p>Mais la menace est \u00e9cart\u00e9e, huit camionnettes barrent l\u2019acc\u00e8s principal de la place Carnot et des groupes de quelques CRS font des rondes, observant le lent rassemblement des jeunes nationalistes (estim\u00e9s \u00e0 200 participants). V\u00eatements noirs, mines sombres, ils se pr\u00e9parent. A notre approche ils reculent, refusent de nous parler, les seuls autoris\u00e9s \u00e0 nous r\u00e9pondre sont les organisateurs invisibles.<\/p>\n<p>Par chance un homme en costume s\u2019approche, \u00e9lu au Conseil municipal de V\u00e9nissieux, Yvan Benedetti accepte de me r\u00e9pondre \u00e0 moi, bloggeuse et soucieuse de comprendre ce qui pousse ces jeunes \u00e0 la haine raciale.<\/p>\n<p>Apr\u00e8s cette petite s\u00e9ance de questions\/r\u00e9ponses je d\u00e9cide d\u2019aller faire un tour de l\u2019autre c\u00f4t\u00e9 de Lyon \u00e0 la manifestation \u00ab\u00a0anti fasciste\u00a0\u00bb. Me voil\u00e0 face \u00e0 un cort\u00e8ge bien peu homog\u00e8ne, 2500 manifestants de tous horizons. Des \u00e9cologistes, des socialistes, des anarchistes, des communistes, des membres de la Ligue des droits de l\u2019homme et des citoyens lambda. Des individus motiv\u00e9s et remont\u00e9s contre les jeunes nationalistes, pr\u00eat \u00e0 en d\u00e9coudre, mais les forces de police en ont d\u00e9cid\u00e9 autrement. Tous les ponts faisant la liaison entre la presqu\u2019\u00eele et Saint-Jean sont barr\u00e9s, tout cela ressemble fort \u00e0 des postes fronti\u00e8res s\u00e9parant des gens incapables de vivre ensemble sans s\u2019entretuer. Deux id\u00e9ologies qui s\u2019affrontent, l\u2019ambiance est \u00e9lectrique, un peu plus et on se croirait sur un champ de bataille.<\/p>\n<p><a title=\"Zoom\" href=\"http:\/\/yahoo.lyon.bondyblog.fr\/images\/022_t.800.jpg\"><img loading=\"lazy\" decoding=\"async\" alt=\"\" src=\"http:\/\/yahoo.lyon.bondyblog.fr\/images\/022_t.jpg\" width=\"247\" height=\"186\" border=\"0\" \/><\/a><\/p>\n<p><em><span style=\"font-size: 12px;\">jeunes manifestants dans le cort\u00e8ge anti fasciste.<\/span><\/em><br \/>\nViennent ensuite les traditionnelles provocations entre CRS et jeunes encagoul\u00e9s, finalement les extr\u00e9mistes sont des deux c\u00f4t\u00e9s. Quelques pav\u00e9s lanc\u00e9s mais les cuirasses des forces de l\u2019ordre sont bien difficiles \u00e0 abattre, ils r\u00e9pliquent avec des bombes lacrymog\u00e8nes provoquant la col\u00e8re des jeunes. A travers cela c\u2019est toute la r\u00e9volte et la col\u00e8re accumul\u00e9es contre ces repr\u00e9sentants de l\u2019Etat qui s\u2019expriment.<\/p>\n<p>De manifestants en manifestants une id\u00e9e centrale se d\u00e9gage. La crise a mis en lumi\u00e8re et a accentu\u00e9 l\u2019\u00e9mergence et le renforcement de ces groupuscules extr\u00e9mistes qui entendent se refermer sur les valeurs dites \u00ab\u00a0pures\u00a0\u00bb de la France, pensant que l\u2019\u00e9tranger est la cause de tous les mots. La soci\u00e9t\u00e9 est malade, elle se voile encore la face en pensant que l\u2019immigr\u00e9 est seul et unique responsable de la sombre p\u00e9riode dans laquelle nous sommes engag\u00e9s.<\/p>\n<p>Finalement tout cela fait oublier la r\u00e9alit\u00e9. Mauvaise gestion gouvernementale, absence de r\u00e9gulation des march\u00e9s financiers, mauvaise coordination internationale, syst\u00e8me \u00e9conomique malade et d\u00e9pass\u00e9\u2026En effet les causes de la crise actuelle sont multiples, il est donc \u00e9tonnant et r\u00e9ducteur d\u2019imputer la faute \u00e0 une cat\u00e9gorie d\u00e9j\u00e0 en grande difficult\u00e9 du point de vue social et \u00e9conomique. Ah le mythe de l\u2019\u00e9tranger voleur d\u2019emploi fran\u00e7ais\u2026<br \/>\nLa rh\u00e9torique n\u2019est point nouvelle, il fut un temps en 1933 o\u00f9 les citoyens d\u00e9cid\u00e8rent de voter pour un parti nazi car en pleine crise \u00e9conomique ils pensaient que les politiques antis\u00e9mites permettraient de r\u00e9gler le probl\u00e8me. Bien s\u00fbr nous n\u2019en sommes pas l\u00e0 mais certains acteurs de la soci\u00e9t\u00e9 ont la conviction qu\u2019il est de leur devoir d\u2019\u00e9touffer dans l\u2019\u0153uf les revendications de ces groupuscules extr\u00e9mistes. Bien que ceux-ci mettaient en avant le fait de manifester pour le retrait des troupes fran\u00e7aises en Afghanistan, il se cache derri\u00e8re ces \u00ab\u00a0bonnes\u00a0\u00bb attentions toute une rh\u00e9torique nationaliste et raciste.<\/p>\n<p><a title=\"Zoom\" href=\"http:\/\/yahoo.lyon.bondyblog.fr\/images\/007_t.800.jpg\"><img loading=\"lazy\" decoding=\"async\" alt=\"\" src=\"http:\/\/yahoo.lyon.bondyblog.fr\/images\/007_t.jpg\" width=\"193\" height=\"145\" border=\"0\" \/><\/a><\/p>\n<p><em><span style=\"font-size: 12px;\">passage de la manifestation anti fasciste place des Terreaux<\/span><\/em><\/p>\n<p>Deux manifestations antagonistes, porteuses de probl\u00e8mes profonds au sein de notre soci\u00e9t\u00e9, qui r\u00e9v\u00e8lent un mal-\u00eatre g\u00e9n\u00e9ral sans apporter r\u00e9ellement de solutions. En effet o\u00f9 est la r\u00e9action du gouvernement\u00a0? L\u2019exacerbation des courants nationalistes violents sont-ils si peu importants pour que l\u2019Etat ne daigne en faire r\u00e9f\u00e9rence\u00a0? Ou bien cela sert-il les int\u00e9r\u00eats de la majorit\u00e9 en place visant \u00e0 mettre en avant des r\u00e9formes discriminatoires de lutte contre l\u2019immigration (telle que la circulaire Gu\u00e9ant pour ne citer qu\u2019elle)\u00a0? Affaire \u00e0 suivre.<\/p>\n<!-- AddThis Advanced Settings generic via filter on the_content --><!-- AddThis Share Buttons generic via filter on the_content -->","protected":false},"excerpt":{"rendered":"<p>Deux groupes, deux trajets, deux id\u00e9ologies. L\u2019affrontement semble in\u00e9vitable. Mais la menace est \u00e9cart\u00e9e, huit camionnettes barrent l\u2019acc\u00e8s principal de la place Carnot et des &hellip; <!-- AddThis Advanced Settings generic via filter on wp_trim_excerpt --><!-- AddThis Share Buttons generic via filter on wp_trim_excerpt --><\/p>\n","protected":false},"author":1,"featured_media":1632,"comment_status":"open","ping_status":"open","sticky":false,"template":"","format":"standard","meta":{"_FSMCFIC_featured_image_caption":"","_FSMCFIC_featured_image_nocaption":"","_FSMCFIC_featured_image_hide":"","footnotes":""},"categories":[4],"tags":[10,112],"class_list":["post-1628","post","type-post","status-publish","format-standard","has-post-thumbnail","hentry","category-lyon","tag-lyon-2","tag-lyon-bondy-blog"],"yoast_head":"<!-- This site is optimized with the Yoast SEO plugin v22.8 - https:\/\/yoast.com\/wordpress\/plugins\/seo\/ -->\n<title>Ambiance \u00e9lectrique ce samedi en centre ville de Lyon - Lyon Bondy Blog<\/title>\n<meta name=\"robots\" content=\"index, follow, max-snippet:-1, max-image-preview:large, max-video-preview:-1\" \/>\n<link rel=\"canonical\" href=\"https:\/\/lyonbondyblog.fr\/LBB\/ambiance-electrique-ce-samedi-en-centre-ville-de-lyon\/\" \/>\n<meta property=\"og:locale\" content=\"fr_FR\" \/>\n<meta property=\"og:type\" content=\"article\" \/>\n<meta property=\"og:title\" content=\"Ambiance \u00e9lectrique ce samedi en centre ville de Lyon - Lyon Bondy Blog\" \/>\n<meta property=\"og:description\" content=\"Deux groupes, deux trajets, deux id\u00e9ologies. L\u2019affrontement semble in\u00e9vitable. Mais la menace est \u00e9cart\u00e9e, huit camionnettes barrent l\u2019acc\u00e8s principal de la place Carnot et des &hellip;\" \/>\n<meta property=\"og:url\" content=\"https:\/\/lyonbondyblog.fr\/LBB\/ambiance-electrique-ce-samedi-en-centre-ville-de-lyon\/\" \/>\n<meta property=\"og:site_name\" content=\"Lyon Bondy Blog\" \/>\n<meta property=\"article:publisher\" content=\"https:\/\/www.facebook.com\/lyonbondyblog\" \/>\n<meta property=\"article:author\" content=\"https:\/\/www.facebook.com\/lyonbondyblog\" \/>\n<meta property=\"article:published_time\" content=\"2012-01-16T16:23:04+00:00\" \/>\n<meta property=\"article:modified_time\" content=\"2013-07-25T15:28:11+00:00\" \/>\n<meta property=\"og:image\" content=\"https:\/\/lyonbondyblog.fr\/LBB\/wp-content\/uploads\/2013\/07\/017_1_t.jpg\" \/>\n\t<meta property=\"og:image:width\" content=\"193\" \/>\n\t<meta property=\"og:image:height\" content=\"145\" \/>\n\t<meta property=\"og:image:type\" content=\"image\/jpeg\" \/>\n<meta name=\"author\" content=\"La r\u00e9daction\" \/>\n<meta name=\"twitter:card\" content=\"summary_large_image\" \/>\n<meta name=\"twitter:creator\" content=\"@BondyBlogLyon\" \/>\n<meta name=\"twitter:site\" content=\"@bondybloglyon\" \/>\n<script type=\"application\/ld+json\" class=\"yoast-schema-graph\">{\"@context\":\"https:\/\/schema.org\",\"@graph\":[{\"@type\":\"Article\",\"@id\":\"https:\/\/lyonbondyblog.fr\/LBB\/ambiance-electrique-ce-samedi-en-centre-ville-de-lyon\/#article\",\"isPartOf\":{\"@id\":\"https:\/\/lyonbondyblog.fr\/LBB\/ambiance-electrique-ce-samedi-en-centre-ville-de-lyon\/\"},\"author\":{\"name\":\"La r\u00e9daction\",\"@id\":\"https:\/\/lyonbondyblog.fr\/LBB\/#\/schema\/person\/e45f8d27baac75072daa0be50c409b25\"},\"headline\":\"Ambiance \u00e9lectrique ce samedi en centre ville de Lyon\",\"datePublished\":\"2012-01-16T16:23:04+00:00\",\"dateModified\":\"2013-07-25T15:28:11+00:00\",\"mainEntityOfPage\":{\"@id\":\"https:\/\/lyonbondyblog.fr\/LBB\/ambiance-electrique-ce-samedi-en-centre-ville-de-lyon\/\"},\"wordCount\":738,\"commentCount\":0,\"publisher\":{\"@id\":\"https:\/\/lyonbondyblog.fr\/LBB\/#organization\"},\"image\":{\"@id\":\"https:\/\/lyonbondyblog.fr\/LBB\/ambiance-electrique-ce-samedi-en-centre-ville-de-lyon\/#primaryimage\"},\"thumbnailUrl\":\"https:\/\/lyonbondyblog.fr\/LBB\/wp-content\/uploads\/2013\/07\/017_1_t.jpg\",\"keywords\":[\"lyon\",\"Lyon Bondy Blog\"],\"articleSection\":[\"Lyon\"],\"inLanguage\":\"fr-FR\",\"potentialAction\":[{\"@type\":\"CommentAction\",\"name\":\"Comment\",\"target\":[\"https:\/\/lyonbondyblog.fr\/LBB\/ambiance-electrique-ce-samedi-en-centre-ville-de-lyon\/#respond\"]}]},{\"@type\":\"WebPage\",\"@id\":\"https:\/\/lyonbondyblog.fr\/LBB\/ambiance-electrique-ce-samedi-en-centre-ville-de-lyon\/\",\"url\":\"https:\/\/lyonbondyblog.fr\/LBB\/ambiance-electrique-ce-samedi-en-centre-ville-de-lyon\/\",\"name\":\"Ambiance \u00e9lectrique ce samedi en centre ville de Lyon - Lyon Bondy Blog\",\"isPartOf\":{\"@id\":\"https:\/\/lyonbondyblog.fr\/LBB\/#website\"},\"primaryImageOfPage\":{\"@id\":\"https:\/\/lyonbondyblog.fr\/LBB\/ambiance-electrique-ce-samedi-en-centre-ville-de-lyon\/#primaryimage\"},\"image\":{\"@id\":\"https:\/\/lyonbondyblog.fr\/LBB\/ambiance-electrique-ce-samedi-en-centre-ville-de-lyon\/#primaryimage\"},\"thumbnailUrl\":\"https:\/\/lyonbondyblog.fr\/LBB\/wp-content\/uploads\/2013\/07\/017_1_t.jpg\",\"datePublished\":\"2012-01-16T16:23:04+00:00\",\"dateModified\":\"2013-07-25T15:28:11+00:00\",\"inLanguage\":\"fr-FR\",\"potentialAction\":[{\"@type\":\"ReadAction\",\"target\":[\"https:\/\/lyonbondyblog.fr\/LBB\/ambiance-electrique-ce-samedi-en-centre-ville-de-lyon\/\"]}]},{\"@type\":\"ImageObject\",\"inLanguage\":\"fr-FR\",\"@id\":\"https:\/\/lyonbondyblog.fr\/LBB\/ambiance-electrique-ce-samedi-en-centre-ville-de-lyon\/#primaryimage\",\"url\":\"https:\/\/lyonbondyblog.fr\/LBB\/wp-content\/uploads\/2013\/07\/017_1_t.jpg\",\"contentUrl\":\"https:\/\/lyonbondyblog.fr\/LBB\/wp-content\/uploads\/2013\/07\/017_1_t.jpg\",\"width\":193,\"height\":145},{\"@type\":\"WebSite\",\"@id\":\"https:\/\/lyonbondyblog.fr\/LBB\/#website\",\"url\":\"https:\/\/lyonbondyblog.fr\/LBB\/\",\"name\":\"Lyon Bondy Blog\",\"description\":\"\",\"publisher\":{\"@id\":\"https:\/\/lyonbondyblog.fr\/LBB\/#organization\"},\"potentialAction\":[{\"@type\":\"SearchAction\",\"target\":{\"@type\":\"EntryPoint\",\"urlTemplate\":\"https:\/\/lyonbondyblog.fr\/LBB\/?s={search_term_string}\"},\"query-input\":\"required name=search_term_string\"}],\"inLanguage\":\"fr-FR\"},{\"@type\":\"Organization\",\"@id\":\"https:\/\/lyonbondyblog.fr\/LBB\/#organization\",\"name\":\"LYON BONDY BLOG\",\"url\":\"https:\/\/lyonbondyblog.fr\/LBB\/\",\"logo\":{\"@type\":\"ImageObject\",\"inLanguage\":\"fr-FR\",\"@id\":\"https:\/\/lyonbondyblog.fr\/LBB\/#\/schema\/logo\/image\/\",\"url\":\"http:\/\/lyonbondyblog.fr\/LBB\/wp-content\/uploads\/2014\/10\/logo-portable-144.png\",\"contentUrl\":\"http:\/\/lyonbondyblog.fr\/LBB\/wp-content\/uploads\/2014\/10\/logo-portable-144.png\",\"width\":144,\"height\":123,\"caption\":\"LYON BONDY BLOG\"},\"image\":{\"@id\":\"https:\/\/lyonbondyblog.fr\/LBB\/#\/schema\/logo\/image\/\"},\"sameAs\":[\"https:\/\/www.facebook.com\/lyonbondyblog\",\"https:\/\/x.com\/bondybloglyon\"]},{\"@type\":\"Person\",\"@id\":\"https:\/\/lyonbondyblog.fr\/LBB\/#\/schema\/person\/e45f8d27baac75072daa0be50c409b25\",\"name\":\"La r\u00e9daction\",\"description\":\"Cr\u00e9e en 2008, la r\u00e9daction du Lyon Bondy Blog s'applique \u00e0 proposer une information locale diff\u00e9rente et compl\u00e9mentaire des m\u00e9dias traditionnels.\",\"sameAs\":[\"https:\/\/www.facebook.com\/lyonbondyblog\",\"https:\/\/x.com\/BondyBlogLyon\"],\"url\":\"https:\/\/lyonbondyblog.fr\/LBB\/author\/admin\/\"}]}<\/script>\n<!-- \/ Yoast SEO plugin. -->","yoast_head_json":{"title":"Ambiance \u00e9lectrique ce samedi en centre ville de Lyon - Lyon Bondy Blog","robots":{"index":"index","follow":"follow","max-snippet":"max-snippet:-1","max-image-preview":"max-image-preview:large","max-video-preview":"max-video-preview:-1"},"canonical":"https:\/\/lyonbondyblog.fr\/LBB\/ambiance-electrique-ce-samedi-en-centre-ville-de-lyon\/","og_locale":"fr_FR","og_type":"article","og_title":"Ambiance \u00e9lectrique ce samedi en centre ville de Lyon - Lyon Bondy Blog","og_description":"Deux groupes, deux trajets, deux id\u00e9ologies. L\u2019affrontement semble in\u00e9vitable. Mais la menace est \u00e9cart\u00e9e, huit camionnettes barrent l\u2019acc\u00e8s principal de la place Carnot et des &hellip;","og_url":"https:\/\/lyonbondyblog.fr\/LBB\/ambiance-electrique-ce-samedi-en-centre-ville-de-lyon\/","og_site_name":"Lyon Bondy Blog","article_publisher":"https:\/\/www.facebook.com\/lyonbondyblog","article_author":"https:\/\/www.facebook.com\/lyonbondyblog","article_published_time":"2012-01-16T16:23:04+00:00","article_modified_time":"2013-07-25T15:28:11+00:00","og_image":[{"width":193,"height":145,"url":"https:\/\/lyonbondyblog.fr\/LBB\/wp-content\/uploads\/2013\/07\/017_1_t.jpg","type":"image\/jpeg"}],"author":"La r\u00e9daction","twitter_card":"summary_large_image","twitter_creator":"@BondyBlogLyon","twitter_site":"@bondybloglyon","schema":{"@context":"https:\/\/schema.org","@graph":[{"@type":"Article","@id":"https:\/\/lyonbondyblog.fr\/LBB\/ambiance-electrique-ce-samedi-en-centre-ville-de-lyon\/#article","isPartOf":{"@id":"https:\/\/lyonbondyblog.fr\/LBB\/ambiance-electrique-ce-samedi-en-centre-ville-de-lyon\/"},"author":{"name":"La r\u00e9daction","@id":"https:\/\/lyonbondyblog.fr\/LBB\/#\/schema\/person\/e45f8d27baac75072daa0be50c409b25"},"headline":"Ambiance \u00e9lectrique ce samedi en centre ville de Lyon","datePublished":"2012-01-16T16:23:04+00:00","dateModified":"2013-07-25T15:28:11+00:00","mainEntityOfPage":{"@id":"https:\/\/lyonbondyblog.fr\/LBB\/ambiance-electrique-ce-samedi-en-centre-ville-de-lyon\/"},"wordCount":738,"commentCount":0,"publisher":{"@id":"https:\/\/lyonbondyblog.fr\/LBB\/#organization"},"image":{"@id":"https:\/\/lyonbondyblog.fr\/LBB\/ambiance-electrique-ce-samedi-en-centre-ville-de-lyon\/#primaryimage"},"thumbnailUrl":"https:\/\/lyonbondyblog.fr\/LBB\/wp-content\/uploads\/2013\/07\/017_1_t.jpg","keywords":["lyon","Lyon Bondy Blog"],"articleSection":["Lyon"],"inLanguage":"fr-FR","potentialAction":[{"@type":"CommentAction","name":"Comment","target":["https:\/\/lyonbondyblog.fr\/LBB\/ambiance-electrique-ce-samedi-en-centre-ville-de-lyon\/#respond"]}]},{"@type":"WebPage","@id":"https:\/\/lyonbondyblog.fr\/LBB\/ambiance-electrique-ce-samedi-en-centre-ville-de-lyon\/","url":"https:\/\/lyonbondyblog.fr\/LBB\/ambiance-electrique-ce-samedi-en-centre-ville-de-lyon\/","name":"Ambiance \u00e9lectrique ce samedi en centre ville de Lyon - Lyon Bondy Blog","isPartOf":{"@id":"https:\/\/lyonbondyblog.fr\/LBB\/#website"},"primaryImageOfPage":{"@id":"https:\/\/lyonbondyblog.fr\/LBB\/ambiance-electrique-ce-samedi-en-centre-ville-de-lyon\/#primaryimage"},"image":{"@id":"https:\/\/lyonbondyblog.fr\/LBB\/ambiance-electrique-ce-samedi-en-centre-ville-de-lyon\/#primaryimage"},"thumbnailUrl":"https:\/\/lyonbondyblog.fr\/LBB\/wp-content\/uploads\/2013\/07\/017_1_t.jpg","datePublished":"2012-01-16T16:23:04+00:00","dateModified":"2013-07-25T15:28:11+00:00","inLanguage":"fr-FR","potentialAction":[{"@type":"ReadAction","target":["https:\/\/lyonbondyblog.fr\/LBB\/ambiance-electrique-ce-samedi-en-centre-ville-de-lyon\/"]}]},{"@type":"ImageObject","inLanguage":"fr-FR","@id":"https:\/\/lyonbondyblog.fr\/LBB\/ambiance-electrique-ce-samedi-en-centre-ville-de-lyon\/#primaryimage","url":"https:\/\/lyonbondyblog.fr\/LBB\/wp-content\/uploads\/2013\/07\/017_1_t.jpg","contentUrl":"https:\/\/lyonbondyblog.fr\/LBB\/wp-content\/uploads\/2013\/07\/017_1_t.jpg","width":193,"height":145},{"@type":"WebSite","@id":"https:\/\/lyonbondyblog.fr\/LBB\/#website","url":"https:\/\/lyonbondyblog.fr\/LBB\/","name":"Lyon Bondy Blog","description":"","publisher":{"@id":"https:\/\/lyonbondyblog.fr\/LBB\/#organization"},"potentialAction":[{"@type":"SearchAction","target":{"@type":"EntryPoint","urlTemplate":"https:\/\/lyonbondyblog.fr\/LBB\/?s={search_term_string}"},"query-input":"required name=search_term_string"}],"inLanguage":"fr-FR"},{"@type":"Organization","@id":"https:\/\/lyonbondyblog.fr\/LBB\/#organization","name":"LYON BONDY BLOG","url":"https:\/\/lyonbondyblog.fr\/LBB\/","logo":{"@type":"ImageObject","inLanguage":"fr-FR","@id":"https:\/\/lyonbondyblog.fr\/LBB\/#\/schema\/logo\/image\/","url":"http:\/\/lyonbondyblog.fr\/LBB\/wp-content\/uploads\/2014\/10\/logo-portable-144.png","contentUrl":"http:\/\/lyonbondyblog.fr\/LBB\/wp-content\/uploads\/2014\/10\/logo-portable-144.png","width":144,"height":123,"caption":"LYON BONDY BLOG"},"image":{"@id":"https:\/\/lyonbondyblog.fr\/LBB\/#\/schema\/logo\/image\/"},"sameAs":["https:\/\/www.facebook.com\/lyonbondyblog","https:\/\/x.com\/bondybloglyon"]},{"@type":"Person","@id":"https:\/\/lyonbondyblog.fr\/LBB\/#\/schema\/person\/e45f8d27baac75072daa0be50c409b25","name":"La r\u00e9daction","description":"Cr\u00e9e en 2008, la r\u00e9daction du Lyon Bondy Blog s'applique \u00e0 proposer une information locale diff\u00e9rente et compl\u00e9mentaire des m\u00e9dias traditionnels.","sameAs":["https:\/\/www.facebook.com\/lyonbondyblog","https:\/\/x.com\/BondyBlogLyon"],"url":"https:\/\/lyonbondyblog.fr\/LBB\/author\/admin\/"}]}},"_links":{"self":[{"href":"https:\/\/lyonbondyblog.fr\/LBB\/wp-json\/wp\/v2\/posts\/1628","targetHints":{"allow":["GET"]}}],"collection":[{"href":"https:\/\/lyonbondyblog.fr\/LBB\/wp-json\/wp\/v2\/posts"}],"about":[{"href":"https:\/\/lyonbondyblog.fr\/LBB\/wp-json\/wp\/v2\/types\/post"}],"author":[{"embeddable":true,"href":"https:\/\/lyonbondyblog.fr\/LBB\/wp-json\/wp\/v2\/users\/1"}],"replies":[{"embeddable":true,"href":"https:\/\/lyonbondyblog.fr\/LBB\/wp-json\/wp\/v2\/comments?post=1628"}],"version-history":[{"count":0,"href":"https:\/\/lyonbondyblog.fr\/LBB\/wp-json\/wp\/v2\/posts\/1628\/revisions"}],"wp:featuredmedia":[{"embeddable":true,"href":"https:\/\/lyonbondyblog.fr\/LBB\/wp-json\/wp\/v2\/media\/1632"}],"wp:attachment":[{"href":"https:\/\/lyonbondyblog.fr\/LBB\/wp-json\/wp\/v2\/media?parent=1628"}],"wp:term":[{"taxonomy":"category","embeddable":true,"href":"https:\/\/lyonbondyblog.fr\/LBB\/wp-json\/wp\/v2\/categories?post=1628"},{"taxonomy":"post_tag","embeddable":true,"href":"https:\/\/lyonbondyblog.fr\/LBB\/wp-json\/wp\/v2\/tags?post=1628"}],"curies":[{"name":"wp","href":"https:\/\/api.w.org\/{rel}","templated":true}]}}