{"id":1624,"date":"2012-01-19T17:19:08","date_gmt":"2012-01-19T16:19:08","guid":{"rendered":"http:\/\/lyonbondyblog.fr\/LBB\/?p=1624"},"modified":"2013-07-25T17:43:39","modified_gmt":"2013-07-25T15:43:39","slug":"mormons-de-lyon-a-sao-paulo","status":"publish","type":"post","link":"https:\/\/lyonbondyblog.fr\/LBB\/mormons-de-lyon-a-sao-paulo\/","title":{"rendered":"Mormons de Lyon \u00e0 S\u00e3o Paulo"},"content":{"rendered":"<p>Avec la candidature de Mitt Romney, candidat mormon aux pr\u00e9sidentielles am\u00e9ricaines de 2012, le sujet \u00ab\u00a0des mormons\u00a0\u00bb a \u00e9t\u00e9 relanc\u00e9. Au c\u0153ur de l\u2019actualit\u00e9, m\u00eame fran\u00e7aise, on peut croiser ces derniers temps de plus en plus de missionnaires mormons, pr\u00eachant la bonne parole dans les rues de Lyon. Alors que faut-il vraiment penser de cette religion n\u00e9e en 1830 aux Etats-Unis\u00a0?<\/p>\n<div><a title=\" -- Cliquez pour voir l'image en entier\" href=\"http:\/\/yahoo.lyon.bondyblog.fr\/images\/DSC07416.jpg\" target=\"_blank\"> <img loading=\"lazy\" decoding=\"async\" class=\"alignleft\" style=\"border: 0px none;\" alt=\" -- Cliquez pour voir l'image en entier\" src=\"http:\/\/yahoo.lyon.bondyblog.fr\/images\/DSC07416_t.jpg\" width=\"193\" height=\"145\" border=\"0\" \/> <\/a><\/div>\n<div><\/div>\n<p>Des personnes vivant comme au XIX\u00e8me si\u00e8cle, des hommes mari\u00e9s \u00e0 plusieurs femmes vivant sous le m\u00eame toit entour\u00e9s de pleins d\u2019enfants, ces \u00abclich\u00e9s\u00bb faits aux mormons sont ceux qui reviennent le plus souvent lorsqu\u2019on parle de ces derniers.<\/p>\n<p>Jusqu\u2019\u00e0 r\u00e9cemment, je n\u2019avais jamais crois\u00e9 de mormons \u00e0 Lyon. M\u00eame si la communaut\u00e9 n\u2019est pas tr\u00e8s importante, la capitale des Gaules compte trois paroisses. Faut-il parler de secte ou pas\u2026 Autant de questions laiss\u00e9es sans r\u00e9ponse\u2026 Il semblerait que le destin soit parfois bien fait.<\/p>\n<p>Alors que je distribuais les journaux (mon job \u00e9tudiant) un midi \u00e0 la sortie du m\u00e9tro, j\u2019ai commenc\u00e9 \u00e0 discuter avec une \u00abcoll\u00e8gue de travail\u00bb, une br\u00e9silienne nomm\u00e9e Giuliana. Celle-ci est venue sp\u00e9cialement pour r\u00e9aliser son r\u00eave\u00a0: apprendre le fran\u00e7ais. Au fur et \u00e0 mesure que je discute avec cette jeune femme de 30 ans, professeure d\u2019art \u00e0 S<b>\u00e3<\/b>o Paulo, j\u2019apprends qu\u2019elle est mormone.<\/p>\n<p>Pourtant, au premier abord rien ne pouvait envisager cela. \u00ab\u00a0<i>Il y a donc des mormons au Br\u00e9sil\u00a0?!<\/i>\u00a0\u00bb. Oui, mais rien \u00e0 voir avec la petite communaut\u00e9 Fran\u00e7aise voire Lyonnaise. En effet, si on compte trois paroisses \u00e0 Lyon, le Br\u00e9sil poss\u00e8de 900 chapelles \u00e0 travers le pays et cinq temples dont un \u00e0 S\u00e3o Paulo.<\/p>\n<p>Je lui donne rendez-vous quelques jours plus tard pour un entretien.<\/p>\n<p><a title=\"Zoom\" href=\"http:\/\/yahoo.lyon.bondyblog.fr\/images\/DSC07336_t.800.jpg\"><img loading=\"lazy\" decoding=\"async\" class=\"alignleft\" style=\"border: 0px none;\" alt=\"\" src=\"http:\/\/yahoo.lyon.bondyblog.fr\/images\/DSC07336_t.jpg\" width=\"140\" height=\"185\" align=\"left\" border=\"0\" \/><\/a>Premier clich\u00e9 abord\u00e9\u00a0: la polygamie. Les mormons ont plusieurs femmes et vivent tous ensemble dans la m\u00eame maison. FAUX me r\u00e9pond Giuliana. \u00ab<i>Si, cela a exist\u00e9 au d\u00e9but des ann\u00e9es 1830, la loi mormone interdit depuis la polygamie<\/i>\u00bb. Cependant, certains maris profitent toujours de cette \u00absituation\u00bb. \u00ab<i>C\u2019est comme ceux qui s\u2019habillent et vivent comme au XIX\u00e8me si\u00e8cle. Quand j\u2019ai vu les images \u00e0 la t\u00e9l\u00e9, je me suis dit, c\u2019est incroyable\u00a0car eux font partie d\u2019une d\u00e9rive, ce ne sont pas de vrais mormons! <\/i>\u00bb, me confie Giuliana.<\/p>\n<p>En poursuivant mon entretien avec elle, j\u2019apprends qu\u2019elle vient de divorcer. A ce moment-l\u00e0, un autre clich\u00e9 pour moi se brise. Les mormons sont connus pour se marier tr\u00e8s t\u00f4t et pour toujours, ils font v\u0153ux de chastet\u00e9 jusqu\u2019au mariage et ont pleins d\u2019enfants, n\u2019est-ce pas\u00a0?\u00a0! \u00ab<i>\u00a0Il n y a pas eu de tromperies et je m\u2019entends bien avec mon ex-mari. Mais cela a \u00e9t\u00e9 tr\u00e8s difficile car j\u2019ai \u00e9t\u00e9 \u00e9lev\u00e9e dans une famille mormone o\u00f9 le mariage, c\u2019est une fois et pour la vie\u00a0<\/i>\u00bb.<\/p>\n<p>Personnellement, je trouve, cette Guiliana tr\u00e8s \u00abmoderne\u00bb pour une mormone.<\/p>\n<p>Mais alors, y a-t-il \u00abdes indices\u00bb pour reconnaitre les mormons\u00a0? Car pour le moment, je ne vois sur elle aucuns signes apparents tels que des bijoux\u2026 Seuls leur sous-v\u00eatements (T-shirt, short blanc..) pourraient les faire reconnaitre car plusieurs parties du corps, les \u00e9paules, de la poitrine jusqu\u2019aux genoux, doivent \u00eatre cach\u00e9.<br \/>\nA contrario, les missionnaires, ces jeunes envoy\u00e9s dans le monde entier pour pr\u00eacher la bonne parole sont tr\u00e8s vite reconnaissables\u00a0: costume-cravate pour les jeunes hommes avec une plaque o\u00f9 on peut lire \u00ab\u00a0Eglise de J\u00e9sus-Christ des Saints des Derniers Jours\u00a0\u00bb.<\/p>\n<p>Issue d\u2019une famille tr\u00e8s mormone depuis son grand p\u00e8re, Guiliana est une jeune femme souriante qui me parle de son histoire sans tabou. Cela me fait \u00ab\u00a0m\u00eame un peu peur\u00a0\u00bb. De nos jours, rencontrer une personne aussi ouverte et affichant une joie de vivre \u00e0 chaque seconde est de plus en plus rare.<\/p>\n<p>\u00abLa famille est tr\u00e8s importante pour nous, tout comme le travail et les \u00e9tudes\u00bb, me r\u00e9pond t-elle. Je lui demande alors ce qui lui plait tant dans cette religion, qui est en m\u00eame temps, la seule qu\u2019elle connaisse depuis son enfance\u00a0: \u00abPour moi, c\u2019est comme l\u2019air, comme respirer. C\u2019est vital. \u00c7a me permet d\u2019apprendre \u00e0 \u00eatre une personne meilleure. J\u2019ai l\u2019espoir dans la vie \u00e0 venir, dans la vie apr\u00e8s la mort\u2026 Quant \u00e0 la fin du monde en 2012, je n\u2019y crois pas une seconde\u00a0!\u00bb<\/p>\n<p>La France compterait plus de 35\u00a0000 adeptes. Si l\u2019association UNADFI parle de secte, ce n\u2019est pas le cas pour la Mission interminist\u00e9rielle de lutte contre les sectes (MILS) et MIVILUDES .<\/p>\n<!-- AddThis Advanced Settings generic via filter on the_content --><!-- AddThis Share Buttons generic via filter on the_content -->","protected":false},"excerpt":{"rendered":"<p>Avec la candidature de Mitt Romney, candidat mormon aux pr\u00e9sidentielles am\u00e9ricaines de 2012, le sujet \u00ab\u00a0des mormons\u00a0\u00bb a \u00e9t\u00e9 relanc\u00e9. Au c\u0153ur de l\u2019actualit\u00e9, m\u00eame &hellip; <!-- AddThis Advanced Settings generic via filter on wp_trim_excerpt --><!-- AddThis Share Buttons generic via filter on wp_trim_excerpt --><\/p>\n","protected":false},"author":1,"featured_media":1644,"comment_status":"open","ping_status":"open","sticky":false,"template":"","format":"standard","meta":{"_FSMCFIC_featured_image_caption":"","_FSMCFIC_featured_image_nocaption":"","_FSMCFIC_featured_image_hide":"","footnotes":""},"categories":[9,4,2],"tags":[10,112],"class_list":["post-1624","post","type-post","status-publish","format-standard","has-post-thumbnail","hentry","category-international","category-lyon","category-societe","tag-lyon-2","tag-lyon-bondy-blog"],"yoast_head":"<!-- This site is optimized with the Yoast SEO plugin v22.8 - https:\/\/yoast.com\/wordpress\/plugins\/seo\/ -->\n<title>Mormons de Lyon \u00e0 S\u00e3o Paulo - Lyon Bondy Blog<\/title>\n<meta name=\"robots\" content=\"index, follow, max-snippet:-1, max-image-preview:large, max-video-preview:-1\" \/>\n<link rel=\"canonical\" href=\"https:\/\/lyonbondyblog.fr\/LBB\/mormons-de-lyon-a-sao-paulo\/\" \/>\n<meta property=\"og:locale\" content=\"fr_FR\" \/>\n<meta property=\"og:type\" content=\"article\" \/>\n<meta property=\"og:title\" content=\"Mormons de Lyon \u00e0 S\u00e3o Paulo - Lyon Bondy Blog\" \/>\n<meta property=\"og:description\" content=\"Avec la candidature de Mitt Romney, candidat mormon aux pr\u00e9sidentielles am\u00e9ricaines de 2012, le sujet \u00ab\u00a0des mormons\u00a0\u00bb a \u00e9t\u00e9 relanc\u00e9. Au c\u0153ur de l\u2019actualit\u00e9, m\u00eame &hellip;\" \/>\n<meta property=\"og:url\" content=\"https:\/\/lyonbondyblog.fr\/LBB\/mormons-de-lyon-a-sao-paulo\/\" \/>\n<meta property=\"og:site_name\" content=\"Lyon Bondy Blog\" \/>\n<meta property=\"article:publisher\" content=\"https:\/\/www.facebook.com\/lyonbondyblog\" \/>\n<meta property=\"article:author\" content=\"https:\/\/www.facebook.com\/lyonbondyblog\" \/>\n<meta property=\"article:published_time\" content=\"2012-01-19T16:19:08+00:00\" \/>\n<meta property=\"article:modified_time\" content=\"2013-07-25T15:43:39+00:00\" \/>\n<meta property=\"og:image\" content=\"https:\/\/lyonbondyblog.fr\/LBB\/wp-content\/uploads\/2013\/07\/mormons.jpg\" \/>\n\t<meta property=\"og:image:width\" content=\"193\" \/>\n\t<meta property=\"og:image:height\" content=\"145\" \/>\n\t<meta property=\"og:image:type\" content=\"image\/jpeg\" \/>\n<meta name=\"author\" content=\"La r\u00e9daction\" \/>\n<meta name=\"twitter:card\" content=\"summary_large_image\" \/>\n<meta name=\"twitter:creator\" content=\"@BondyBlogLyon\" \/>\n<meta name=\"twitter:site\" content=\"@bondybloglyon\" \/>\n<script type=\"application\/ld+json\" class=\"yoast-schema-graph\">{\"@context\":\"https:\/\/schema.org\",\"@graph\":[{\"@type\":\"Article\",\"@id\":\"https:\/\/lyonbondyblog.fr\/LBB\/mormons-de-lyon-a-sao-paulo\/#article\",\"isPartOf\":{\"@id\":\"https:\/\/lyonbondyblog.fr\/LBB\/mormons-de-lyon-a-sao-paulo\/\"},\"author\":{\"name\":\"La r\u00e9daction\",\"@id\":\"https:\/\/lyonbondyblog.fr\/LBB\/#\/schema\/person\/e45f8d27baac75072daa0be50c409b25\"},\"headline\":\"Mormons de Lyon \u00e0 S\u00e3o Paulo\",\"datePublished\":\"2012-01-19T16:19:08+00:00\",\"dateModified\":\"2013-07-25T15:43:39+00:00\",\"mainEntityOfPage\":{\"@id\":\"https:\/\/lyonbondyblog.fr\/LBB\/mormons-de-lyon-a-sao-paulo\/\"},\"wordCount\":795,\"commentCount\":0,\"publisher\":{\"@id\":\"https:\/\/lyonbondyblog.fr\/LBB\/#organization\"},\"image\":{\"@id\":\"https:\/\/lyonbondyblog.fr\/LBB\/mormons-de-lyon-a-sao-paulo\/#primaryimage\"},\"thumbnailUrl\":\"https:\/\/lyonbondyblog.fr\/LBB\/wp-content\/uploads\/2013\/07\/mormons.jpg\",\"keywords\":[\"lyon\",\"Lyon Bondy Blog\"],\"articleSection\":[\"International\",\"Lyon\",\"Soci\u00e9t\u00e9\"],\"inLanguage\":\"fr-FR\",\"potentialAction\":[{\"@type\":\"CommentAction\",\"name\":\"Comment\",\"target\":[\"https:\/\/lyonbondyblog.fr\/LBB\/mormons-de-lyon-a-sao-paulo\/#respond\"]}]},{\"@type\":\"WebPage\",\"@id\":\"https:\/\/lyonbondyblog.fr\/LBB\/mormons-de-lyon-a-sao-paulo\/\",\"url\":\"https:\/\/lyonbondyblog.fr\/LBB\/mormons-de-lyon-a-sao-paulo\/\",\"name\":\"Mormons de Lyon \u00e0 S\u00e3o Paulo - Lyon Bondy Blog\",\"isPartOf\":{\"@id\":\"https:\/\/lyonbondyblog.fr\/LBB\/#website\"},\"primaryImageOfPage\":{\"@id\":\"https:\/\/lyonbondyblog.fr\/LBB\/mormons-de-lyon-a-sao-paulo\/#primaryimage\"},\"image\":{\"@id\":\"https:\/\/lyonbondyblog.fr\/LBB\/mormons-de-lyon-a-sao-paulo\/#primaryimage\"},\"thumbnailUrl\":\"https:\/\/lyonbondyblog.fr\/LBB\/wp-content\/uploads\/2013\/07\/mormons.jpg\",\"datePublished\":\"2012-01-19T16:19:08+00:00\",\"dateModified\":\"2013-07-25T15:43:39+00:00\",\"inLanguage\":\"fr-FR\",\"potentialAction\":[{\"@type\":\"ReadAction\",\"target\":[\"https:\/\/lyonbondyblog.fr\/LBB\/mormons-de-lyon-a-sao-paulo\/\"]}]},{\"@type\":\"ImageObject\",\"inLanguage\":\"fr-FR\",\"@id\":\"https:\/\/lyonbondyblog.fr\/LBB\/mormons-de-lyon-a-sao-paulo\/#primaryimage\",\"url\":\"https:\/\/lyonbondyblog.fr\/LBB\/wp-content\/uploads\/2013\/07\/mormons.jpg\",\"contentUrl\":\"https:\/\/lyonbondyblog.fr\/LBB\/wp-content\/uploads\/2013\/07\/mormons.jpg\",\"width\":193,\"height\":145},{\"@type\":\"WebSite\",\"@id\":\"https:\/\/lyonbondyblog.fr\/LBB\/#website\",\"url\":\"https:\/\/lyonbondyblog.fr\/LBB\/\",\"name\":\"Lyon Bondy Blog\",\"description\":\"\",\"publisher\":{\"@id\":\"https:\/\/lyonbondyblog.fr\/LBB\/#organization\"},\"potentialAction\":[{\"@type\":\"SearchAction\",\"target\":{\"@type\":\"EntryPoint\",\"urlTemplate\":\"https:\/\/lyonbondyblog.fr\/LBB\/?s={search_term_string}\"},\"query-input\":\"required name=search_term_string\"}],\"inLanguage\":\"fr-FR\"},{\"@type\":\"Organization\",\"@id\":\"https:\/\/lyonbondyblog.fr\/LBB\/#organization\",\"name\":\"LYON BONDY BLOG\",\"url\":\"https:\/\/lyonbondyblog.fr\/LBB\/\",\"logo\":{\"@type\":\"ImageObject\",\"inLanguage\":\"fr-FR\",\"@id\":\"https:\/\/lyonbondyblog.fr\/LBB\/#\/schema\/logo\/image\/\",\"url\":\"http:\/\/lyonbondyblog.fr\/LBB\/wp-content\/uploads\/2014\/10\/logo-portable-144.png\",\"contentUrl\":\"http:\/\/lyonbondyblog.fr\/LBB\/wp-content\/uploads\/2014\/10\/logo-portable-144.png\",\"width\":144,\"height\":123,\"caption\":\"LYON BONDY BLOG\"},\"image\":{\"@id\":\"https:\/\/lyonbondyblog.fr\/LBB\/#\/schema\/logo\/image\/\"},\"sameAs\":[\"https:\/\/www.facebook.com\/lyonbondyblog\",\"https:\/\/x.com\/bondybloglyon\"]},{\"@type\":\"Person\",\"@id\":\"https:\/\/lyonbondyblog.fr\/LBB\/#\/schema\/person\/e45f8d27baac75072daa0be50c409b25\",\"name\":\"La r\u00e9daction\",\"description\":\"Cr\u00e9e en 2008, la r\u00e9daction du Lyon Bondy Blog s'applique \u00e0 proposer une information locale diff\u00e9rente et compl\u00e9mentaire des m\u00e9dias traditionnels.\",\"sameAs\":[\"https:\/\/www.facebook.com\/lyonbondyblog\",\"https:\/\/x.com\/BondyBlogLyon\"],\"url\":\"https:\/\/lyonbondyblog.fr\/LBB\/author\/admin\/\"}]}<\/script>\n<!-- \/ Yoast SEO plugin. -->","yoast_head_json":{"title":"Mormons de Lyon \u00e0 S\u00e3o Paulo - Lyon Bondy Blog","robots":{"index":"index","follow":"follow","max-snippet":"max-snippet:-1","max-image-preview":"max-image-preview:large","max-video-preview":"max-video-preview:-1"},"canonical":"https:\/\/lyonbondyblog.fr\/LBB\/mormons-de-lyon-a-sao-paulo\/","og_locale":"fr_FR","og_type":"article","og_title":"Mormons de Lyon \u00e0 S\u00e3o Paulo - Lyon Bondy Blog","og_description":"Avec la candidature de Mitt Romney, candidat mormon aux pr\u00e9sidentielles am\u00e9ricaines de 2012, le sujet \u00ab\u00a0des mormons\u00a0\u00bb a \u00e9t\u00e9 relanc\u00e9. Au c\u0153ur de l\u2019actualit\u00e9, m\u00eame &hellip;","og_url":"https:\/\/lyonbondyblog.fr\/LBB\/mormons-de-lyon-a-sao-paulo\/","og_site_name":"Lyon Bondy Blog","article_publisher":"https:\/\/www.facebook.com\/lyonbondyblog","article_author":"https:\/\/www.facebook.com\/lyonbondyblog","article_published_time":"2012-01-19T16:19:08+00:00","article_modified_time":"2013-07-25T15:43:39+00:00","og_image":[{"width":193,"height":145,"url":"https:\/\/lyonbondyblog.fr\/LBB\/wp-content\/uploads\/2013\/07\/mormons.jpg","type":"image\/jpeg"}],"author":"La r\u00e9daction","twitter_card":"summary_large_image","twitter_creator":"@BondyBlogLyon","twitter_site":"@bondybloglyon","schema":{"@context":"https:\/\/schema.org","@graph":[{"@type":"Article","@id":"https:\/\/lyonbondyblog.fr\/LBB\/mormons-de-lyon-a-sao-paulo\/#article","isPartOf":{"@id":"https:\/\/lyonbondyblog.fr\/LBB\/mormons-de-lyon-a-sao-paulo\/"},"author":{"name":"La r\u00e9daction","@id":"https:\/\/lyonbondyblog.fr\/LBB\/#\/schema\/person\/e45f8d27baac75072daa0be50c409b25"},"headline":"Mormons de Lyon \u00e0 S\u00e3o Paulo","datePublished":"2012-01-19T16:19:08+00:00","dateModified":"2013-07-25T15:43:39+00:00","mainEntityOfPage":{"@id":"https:\/\/lyonbondyblog.fr\/LBB\/mormons-de-lyon-a-sao-paulo\/"},"wordCount":795,"commentCount":0,"publisher":{"@id":"https:\/\/lyonbondyblog.fr\/LBB\/#organization"},"image":{"@id":"https:\/\/lyonbondyblog.fr\/LBB\/mormons-de-lyon-a-sao-paulo\/#primaryimage"},"thumbnailUrl":"https:\/\/lyonbondyblog.fr\/LBB\/wp-content\/uploads\/2013\/07\/mormons.jpg","keywords":["lyon","Lyon Bondy Blog"],"articleSection":["International","Lyon","Soci\u00e9t\u00e9"],"inLanguage":"fr-FR","potentialAction":[{"@type":"CommentAction","name":"Comment","target":["https:\/\/lyonbondyblog.fr\/LBB\/mormons-de-lyon-a-sao-paulo\/#respond"]}]},{"@type":"WebPage","@id":"https:\/\/lyonbondyblog.fr\/LBB\/mormons-de-lyon-a-sao-paulo\/","url":"https:\/\/lyonbondyblog.fr\/LBB\/mormons-de-lyon-a-sao-paulo\/","name":"Mormons de Lyon \u00e0 S\u00e3o Paulo - Lyon Bondy Blog","isPartOf":{"@id":"https:\/\/lyonbondyblog.fr\/LBB\/#website"},"primaryImageOfPage":{"@id":"https:\/\/lyonbondyblog.fr\/LBB\/mormons-de-lyon-a-sao-paulo\/#primaryimage"},"image":{"@id":"https:\/\/lyonbondyblog.fr\/LBB\/mormons-de-lyon-a-sao-paulo\/#primaryimage"},"thumbnailUrl":"https:\/\/lyonbondyblog.fr\/LBB\/wp-content\/uploads\/2013\/07\/mormons.jpg","datePublished":"2012-01-19T16:19:08+00:00","dateModified":"2013-07-25T15:43:39+00:00","inLanguage":"fr-FR","potentialAction":[{"@type":"ReadAction","target":["https:\/\/lyonbondyblog.fr\/LBB\/mormons-de-lyon-a-sao-paulo\/"]}]},{"@type":"ImageObject","inLanguage":"fr-FR","@id":"https:\/\/lyonbondyblog.fr\/LBB\/mormons-de-lyon-a-sao-paulo\/#primaryimage","url":"https:\/\/lyonbondyblog.fr\/LBB\/wp-content\/uploads\/2013\/07\/mormons.jpg","contentUrl":"https:\/\/lyonbondyblog.fr\/LBB\/wp-content\/uploads\/2013\/07\/mormons.jpg","width":193,"height":145},{"@type":"WebSite","@id":"https:\/\/lyonbondyblog.fr\/LBB\/#website","url":"https:\/\/lyonbondyblog.fr\/LBB\/","name":"Lyon Bondy Blog","description":"","publisher":{"@id":"https:\/\/lyonbondyblog.fr\/LBB\/#organization"},"potentialAction":[{"@type":"SearchAction","target":{"@type":"EntryPoint","urlTemplate":"https:\/\/lyonbondyblog.fr\/LBB\/?s={search_term_string}"},"query-input":"required name=search_term_string"}],"inLanguage":"fr-FR"},{"@type":"Organization","@id":"https:\/\/lyonbondyblog.fr\/LBB\/#organization","name":"LYON BONDY BLOG","url":"https:\/\/lyonbondyblog.fr\/LBB\/","logo":{"@type":"ImageObject","inLanguage":"fr-FR","@id":"https:\/\/lyonbondyblog.fr\/LBB\/#\/schema\/logo\/image\/","url":"http:\/\/lyonbondyblog.fr\/LBB\/wp-content\/uploads\/2014\/10\/logo-portable-144.png","contentUrl":"http:\/\/lyonbondyblog.fr\/LBB\/wp-content\/uploads\/2014\/10\/logo-portable-144.png","width":144,"height":123,"caption":"LYON BONDY BLOG"},"image":{"@id":"https:\/\/lyonbondyblog.fr\/LBB\/#\/schema\/logo\/image\/"},"sameAs":["https:\/\/www.facebook.com\/lyonbondyblog","https:\/\/x.com\/bondybloglyon"]},{"@type":"Person","@id":"https:\/\/lyonbondyblog.fr\/LBB\/#\/schema\/person\/e45f8d27baac75072daa0be50c409b25","name":"La r\u00e9daction","description":"Cr\u00e9e en 2008, la r\u00e9daction du Lyon Bondy Blog s'applique \u00e0 proposer une information locale diff\u00e9rente et compl\u00e9mentaire des m\u00e9dias traditionnels.","sameAs":["https:\/\/www.facebook.com\/lyonbondyblog","https:\/\/x.com\/BondyBlogLyon"],"url":"https:\/\/lyonbondyblog.fr\/LBB\/author\/admin\/"}]}},"_links":{"self":[{"href":"https:\/\/lyonbondyblog.fr\/LBB\/wp-json\/wp\/v2\/posts\/1624","targetHints":{"allow":["GET"]}}],"collection":[{"href":"https:\/\/lyonbondyblog.fr\/LBB\/wp-json\/wp\/v2\/posts"}],"about":[{"href":"https:\/\/lyonbondyblog.fr\/LBB\/wp-json\/wp\/v2\/types\/post"}],"author":[{"embeddable":true,"href":"https:\/\/lyonbondyblog.fr\/LBB\/wp-json\/wp\/v2\/users\/1"}],"replies":[{"embeddable":true,"href":"https:\/\/lyonbondyblog.fr\/LBB\/wp-json\/wp\/v2\/comments?post=1624"}],"version-history":[{"count":0,"href":"https:\/\/lyonbondyblog.fr\/LBB\/wp-json\/wp\/v2\/posts\/1624\/revisions"}],"wp:featuredmedia":[{"embeddable":true,"href":"https:\/\/lyonbondyblog.fr\/LBB\/wp-json\/wp\/v2\/media\/1644"}],"wp:attachment":[{"href":"https:\/\/lyonbondyblog.fr\/LBB\/wp-json\/wp\/v2\/media?parent=1624"}],"wp:term":[{"taxonomy":"category","embeddable":true,"href":"https:\/\/lyonbondyblog.fr\/LBB\/wp-json\/wp\/v2\/categories?post=1624"},{"taxonomy":"post_tag","embeddable":true,"href":"https:\/\/lyonbondyblog.fr\/LBB\/wp-json\/wp\/v2\/tags?post=1624"}],"curies":[{"name":"wp","href":"https:\/\/api.w.org\/{rel}","templated":true}]}}