{"id":1612,"date":"2012-01-07T17:12:22","date_gmt":"2012-01-07T16:12:22","guid":{"rendered":"http:\/\/lyonbondyblog.fr\/LBB\/?p=1612"},"modified":"2013-07-25T17:14:19","modified_gmt":"2013-07-25T15:14:19","slug":"claude-gueant-a-lepreuve-de-la-memoire-politique","status":"publish","type":"post","link":"https:\/\/lyonbondyblog.fr\/LBB\/claude-gueant-a-lepreuve-de-la-memoire-politique\/","title":{"rendered":"Claude Gu\u00e9ant \u00e0 l\u2019\u00e9preuve de la m\u00e9moire politique"},"content":{"rendered":"<p><strong>Dans un entretien accord\u00e9 au Monde dat\u00e9 du mardi 3 janvier, Claude Gu\u00e9ant &#8211; ministre de l\u2019Int\u00e9rieur &#8211; tente une volteface vis-\u00e0-vis de la communaut\u00e9 musulmane et de l\u2019ensemble des fran\u00e7ais choqu\u00e9s par ses frasques incessantes sur le sujet.<\/strong><\/p>\n<div><a title=\" -- Cliquez pour voir l'image en entier\" href=\"http:\/\/yahoo.lyon.bondyblog.fr\/images\/arton793.jpg\" target=\"_blank\"> <img decoding=\"async\" alt=\" -- Cliquez pour voir l'image en entier\" src=\"http:\/\/yahoo.lyon.bondyblog.fr\/images\/arton793_t.jpg\" border=\"0\" \/> <\/a><\/div>\n<div><\/div>\n<p>Selon certaines \u00e9tudes la \u00abm\u00e9moire politique\u00bb d\u2019un citoyen est estim\u00e9e \u00e0 six mois en moyenne\u00a0; au-del\u00e0 de ce temps, l\u2019homme a tendance \u00e0 oublier certains \u00e9v\u00e8nements, noy\u00e9s dans le flux permanent de l\u2019information. M. Gu\u00e9ant semble avoir conscience de cela, profitant de cet espace d\u2019expression afin de d\u00e9diaboliser son action et surtout dans le but d\u2019attendrir une communaut\u00e9 musulmane remont\u00e9e.Ainsi, il estime que l\u2019Islam \u00ab<i>est une religion ouverte, tol\u00e9rante, pleinement ins\u00e9r\u00e9e dans la soci\u00e9t\u00e9<\/i>\u00bb.<\/p>\n<p>Malheureusement, la sinc\u00e9rit\u00e9 de cette d\u00e9claration peut \u00eatre remise en cause. En effet, le 4 avril 2011, l\u2019ancien secr\u00e9taire g\u00e9n\u00e9ral de la pr\u00e9sidence avait d\u00e9clar\u00e9 \u00e0 Nantes\u00a0: \u00ab\u00a0<i>L&rsquo;accroissement du nombre de musulmans en France et un certain nombre de leurs comportements posent probl\u00e8me<\/i>\u00a0\u00bb.<br \/>\nEn \u00e0 peine un an, la communaut\u00e9 musulmane serait donc pass\u00e9e d\u2019un statut de probl\u00e8me soci\u00e9tal \u00e0 une entit\u00e9 religieuse parfaitement int\u00e9gr\u00e9e dans la soci\u00e9t\u00e9! Mais par quel \u00ab\u00a0miracle\u00a0\u00bb ce probl\u00e8me \u00e0 t-il disparu\u00a0?<\/p>\n<p>M. le ministre estime que le \u00ab<i>bilan de ces derniers mois est plut\u00f4t positif<\/i>\u00a0\u00bb. Pour qu\u2019il y ai bilan, il faut donc des mesures. De fait, l\u2019arsenal utilis\u00e9 par le gouvernement, comme la loi sur le voile int\u00e9gral ainsi que les mesures prises \u00e0 l\u2019encontre des pri\u00e8res de rues auraient permis d\u2019\u00e9liminer les probl\u00e8mes qu\u2019engendrent certaines pratiques musulmanes vis-\u00e0-vis de la soci\u00e9t\u00e9.<\/p>\n<p>S&rsquo;\u2019il faut reconna\u00eetre que les mesures susdites \u00e9taient des d\u00e9cisions bonnes et in\u00e9vitables pour d\u00e9fendre la R\u00e9publique la\u00efque, les faits qui les ont engendr\u00e9 semblent disproportionn\u00e9s. En effet, le port du Niqab concernait entre deux mille et trois mille femmes en France, tandis que les pri\u00e8res de rues \u00e9taient un fl\u00e9au essentiellement concentr\u00e9 \u00e0 Nice et dans quelques quartiers parisiens. Ces faits-l\u00e0 sont-ils si important pour qualifier l\u2019ensemble de la communaut\u00e9 musulmane comme un \u00abprobl\u00e8me\u00a0\u00bb? On constate ais\u00e9ment que M. Gu\u00e9ant exploite le moindre d\u00e9rapage pour stigmatiser l\u2019ensemble de cette communaut\u00e9. On se doute du dessein \u00e9lectoral derri\u00e8re cela.<\/p>\n<p>L\u2019ensemble des attaques envers les musulmans \u00e9taient faites au nom de la d\u00e9fense de la la\u00efcit\u00e9. Cette derni\u00e8re est implicitement cit\u00e9e lorsqu\u2019il d\u00e9clare que \u00ab <i>ce qu\u2019on demande, c\u2019est que les expressions religieuses de certains ne soient pas ressenties comme provocatrices par l\u2019ensemble des Fran\u00e7ais<\/i>\u00a0\u00bb. C\u2019est une d\u00e9claration noble \u00e0 laquelle tout citoyen fran\u00e7ais ne peut que s\u2019accorder. Cela sous-entend donc une pratique priv\u00e9e r\u00e9sultant d\u2019un choix personnel, en parfait accord avec l\u2019esprit de la loi sur la la\u00efcit\u00e9.<\/p>\n<p>Cependant, une fois de plus, on peut douter de la probit\u00e9 des dires du ministre. En effet, il faut se rappeler du discours de Nicolas Sarkozy en 2007 au Palais du Latran, ancienne r\u00e9sidence principale des Papes, o\u00f9 il a flirt\u00e9 de tr\u00e8s pr\u00e8s avec les limites de la la\u00efcit\u00e9. Ainsi, il d\u00e9clarait que \u00ab\u00a0<i>les racines de la France sont essentiellement chr\u00e9tiennes. J&rsquo;assume pleinement le pass\u00e9 de la France et ce lien particulier qui a si longtemps uni notre nation \u00e0 l&rsquo;Eglise<\/i>\u00bb. Si cela est une v\u00e9rit\u00e9 historique qu\u2019on ne peut\u00a0 contredire, on peut en revanche critiquer le manque de r\u00e9serve et de discernement du Pr\u00e9sident, qui contraste nettement avec ses pr\u00e9d\u00e9cesseurs comme MM. Chirac et Mitterrand. Avec de telles d\u00e9clarations, Nicolas Sarkozy n\u2019\u00e9tait pas loin de violer l\u2019article 2 de la loi du 9 d\u00e9cembre 1905 qui affirme que la \u00ab <i>La R\u00e9publique ne reconna\u00eet, ne salarie ni ne subventionne aucun culte<\/i> \u00bb. La d\u00e9fense de la la\u00efcit\u00e9 doit \u00eatre la m\u00eame pour tous et par tous.<\/p>\n<p>Enfin, Claude Gu\u00e9ant affirme que \u00ab<i>L\u2019Islam ne doit pas \u00eatre un sujet d\u2019empoignades en 2012<\/i>\u00bb. Esp\u00e9rons que cette d\u00e9claration soit tenue et non pas bafou\u00e9e m\u00eame lorsque la campagne pr\u00e9sidentielle sera \u00e0 son comble. En 2007, M. Sarkozy a remport\u00e9 la mandature supr\u00eame en prenant des voix au FN. Si ce dernier s\u2019envole dans les sondages \u00e0 quelques encablures du scrutin, souhaitons que la communaut\u00e9 musulmane ou plus globalement les \u00e9trangers ne soient pas pris pour cible pour grappiller quelques voix.<\/p>\n<p>M. le Ministre, cette derni\u00e8re citation est en quelque sorte une promesse. Elle est faite \u00e0 moins de cinq mois du premier tour. Notre m\u00e9moire politique ne l\u2019aura donc pas encore oubli\u00e9e.<\/p>\n<p style=\"text-align: right;\">\n<p>photo\u00a0: N.Marques \/ Krimages<\/p>\n<!-- AddThis Advanced Settings generic via filter on the_content --><!-- AddThis Share Buttons generic via filter on the_content -->","protected":false},"excerpt":{"rendered":"<p>Dans un entretien accord\u00e9 au Monde dat\u00e9 du mardi 3 janvier, Claude Gu\u00e9ant &#8211; ministre de l\u2019Int\u00e9rieur &#8211; tente une volteface vis-\u00e0-vis de la communaut\u00e9 &hellip; <!-- AddThis Advanced Settings generic via filter on wp_trim_excerpt --><!-- AddThis Share Buttons generic via filter on wp_trim_excerpt --><\/p>\n","protected":false},"author":11,"featured_media":1613,"comment_status":"open","ping_status":"open","sticky":false,"template":"","format":"standard","meta":{"_FSMCFIC_featured_image_caption":"","_FSMCFIC_featured_image_nocaption":"","_FSMCFIC_featured_image_hide":"","footnotes":""},"categories":[6],"tags":[10,112],"class_list":["post-1612","post","type-post","status-publish","format-standard","has-post-thumbnail","hentry","category-politique","tag-lyon-2","tag-lyon-bondy-blog"],"yoast_head":"<!-- This site is optimized with the Yoast SEO plugin v22.8 - https:\/\/yoast.com\/wordpress\/plugins\/seo\/ -->\n<title>Claude Gu\u00e9ant \u00e0 l\u2019\u00e9preuve de la m\u00e9moire politique - Lyon Bondy Blog<\/title>\n<meta name=\"robots\" content=\"index, follow, max-snippet:-1, max-image-preview:large, max-video-preview:-1\" \/>\n<link rel=\"canonical\" href=\"https:\/\/lyonbondyblog.fr\/LBB\/claude-gueant-a-lepreuve-de-la-memoire-politique\/\" \/>\n<meta property=\"og:locale\" content=\"fr_FR\" \/>\n<meta property=\"og:type\" content=\"article\" \/>\n<meta property=\"og:title\" content=\"Claude Gu\u00e9ant \u00e0 l\u2019\u00e9preuve de la m\u00e9moire politique - Lyon Bondy Blog\" \/>\n<meta property=\"og:description\" content=\"Dans un entretien accord\u00e9 au Monde dat\u00e9 du mardi 3 janvier, Claude Gu\u00e9ant &#8211; ministre de l\u2019Int\u00e9rieur &#8211; tente une volteface vis-\u00e0-vis de la communaut\u00e9 &hellip;\" \/>\n<meta property=\"og:url\" content=\"https:\/\/lyonbondyblog.fr\/LBB\/claude-gueant-a-lepreuve-de-la-memoire-politique\/\" \/>\n<meta property=\"og:site_name\" content=\"Lyon Bondy Blog\" \/>\n<meta property=\"article:publisher\" content=\"https:\/\/www.facebook.com\/lyonbondyblog\" \/>\n<meta property=\"article:published_time\" content=\"2012-01-07T16:12:22+00:00\" \/>\n<meta property=\"article:modified_time\" content=\"2013-07-25T15:14:19+00:00\" \/>\n<meta property=\"og:image\" content=\"https:\/\/lyonbondyblog.fr\/LBB\/wp-content\/uploads\/2013\/07\/arton793_t.jpg\" \/>\n\t<meta property=\"og:image:width\" content=\"194\" \/>\n\t<meta property=\"og:image:height\" content=\"194\" \/>\n\t<meta property=\"og:image:type\" content=\"image\/jpeg\" \/>\n<meta name=\"author\" content=\"Maxime Hanssen\" \/>\n<meta name=\"twitter:card\" content=\"summary_large_image\" \/>\n<meta name=\"twitter:creator\" content=\"@HanssenMaxime\" \/>\n<meta name=\"twitter:site\" content=\"@bondybloglyon\" \/>\n<script type=\"application\/ld+json\" class=\"yoast-schema-graph\">{\"@context\":\"https:\/\/schema.org\",\"@graph\":[{\"@type\":\"Article\",\"@id\":\"https:\/\/lyonbondyblog.fr\/LBB\/claude-gueant-a-lepreuve-de-la-memoire-politique\/#article\",\"isPartOf\":{\"@id\":\"https:\/\/lyonbondyblog.fr\/LBB\/claude-gueant-a-lepreuve-de-la-memoire-politique\/\"},\"author\":{\"name\":\"Maxime Hanssen\",\"@id\":\"https:\/\/lyonbondyblog.fr\/LBB\/#\/schema\/person\/cc7d2de10d3ff4c29231fcdd3dc720c8\"},\"headline\":\"Claude Gu\u00e9ant \u00e0 l\u2019\u00e9preuve de la m\u00e9moire politique\",\"datePublished\":\"2012-01-07T16:12:22+00:00\",\"dateModified\":\"2013-07-25T15:14:19+00:00\",\"mainEntityOfPage\":{\"@id\":\"https:\/\/lyonbondyblog.fr\/LBB\/claude-gueant-a-lepreuve-de-la-memoire-politique\/\"},\"wordCount\":825,\"commentCount\":0,\"publisher\":{\"@id\":\"https:\/\/lyonbondyblog.fr\/LBB\/#organization\"},\"image\":{\"@id\":\"https:\/\/lyonbondyblog.fr\/LBB\/claude-gueant-a-lepreuve-de-la-memoire-politique\/#primaryimage\"},\"thumbnailUrl\":\"https:\/\/lyonbondyblog.fr\/LBB\/wp-content\/uploads\/2013\/07\/arton793_t.jpg\",\"keywords\":[\"lyon\",\"Lyon Bondy Blog\"],\"articleSection\":[\"Politique\"],\"inLanguage\":\"fr-FR\",\"potentialAction\":[{\"@type\":\"CommentAction\",\"name\":\"Comment\",\"target\":[\"https:\/\/lyonbondyblog.fr\/LBB\/claude-gueant-a-lepreuve-de-la-memoire-politique\/#respond\"]}]},{\"@type\":\"WebPage\",\"@id\":\"https:\/\/lyonbondyblog.fr\/LBB\/claude-gueant-a-lepreuve-de-la-memoire-politique\/\",\"url\":\"https:\/\/lyonbondyblog.fr\/LBB\/claude-gueant-a-lepreuve-de-la-memoire-politique\/\",\"name\":\"Claude Gu\u00e9ant \u00e0 l\u2019\u00e9preuve de la m\u00e9moire politique - Lyon Bondy Blog\",\"isPartOf\":{\"@id\":\"https:\/\/lyonbondyblog.fr\/LBB\/#website\"},\"primaryImageOfPage\":{\"@id\":\"https:\/\/lyonbondyblog.fr\/LBB\/claude-gueant-a-lepreuve-de-la-memoire-politique\/#primaryimage\"},\"image\":{\"@id\":\"https:\/\/lyonbondyblog.fr\/LBB\/claude-gueant-a-lepreuve-de-la-memoire-politique\/#primaryimage\"},\"thumbnailUrl\":\"https:\/\/lyonbondyblog.fr\/LBB\/wp-content\/uploads\/2013\/07\/arton793_t.jpg\",\"datePublished\":\"2012-01-07T16:12:22+00:00\",\"dateModified\":\"2013-07-25T15:14:19+00:00\",\"inLanguage\":\"fr-FR\",\"potentialAction\":[{\"@type\":\"ReadAction\",\"target\":[\"https:\/\/lyonbondyblog.fr\/LBB\/claude-gueant-a-lepreuve-de-la-memoire-politique\/\"]}]},{\"@type\":\"ImageObject\",\"inLanguage\":\"fr-FR\",\"@id\":\"https:\/\/lyonbondyblog.fr\/LBB\/claude-gueant-a-lepreuve-de-la-memoire-politique\/#primaryimage\",\"url\":\"https:\/\/lyonbondyblog.fr\/LBB\/wp-content\/uploads\/2013\/07\/arton793_t.jpg\",\"contentUrl\":\"https:\/\/lyonbondyblog.fr\/LBB\/wp-content\/uploads\/2013\/07\/arton793_t.jpg\",\"width\":194,\"height\":194},{\"@type\":\"WebSite\",\"@id\":\"https:\/\/lyonbondyblog.fr\/LBB\/#website\",\"url\":\"https:\/\/lyonbondyblog.fr\/LBB\/\",\"name\":\"Lyon Bondy Blog\",\"description\":\"\",\"publisher\":{\"@id\":\"https:\/\/lyonbondyblog.fr\/LBB\/#organization\"},\"potentialAction\":[{\"@type\":\"SearchAction\",\"target\":{\"@type\":\"EntryPoint\",\"urlTemplate\":\"https:\/\/lyonbondyblog.fr\/LBB\/?s={search_term_string}\"},\"query-input\":\"required name=search_term_string\"}],\"inLanguage\":\"fr-FR\"},{\"@type\":\"Organization\",\"@id\":\"https:\/\/lyonbondyblog.fr\/LBB\/#organization\",\"name\":\"LYON BONDY BLOG\",\"url\":\"https:\/\/lyonbondyblog.fr\/LBB\/\",\"logo\":{\"@type\":\"ImageObject\",\"inLanguage\":\"fr-FR\",\"@id\":\"https:\/\/lyonbondyblog.fr\/LBB\/#\/schema\/logo\/image\/\",\"url\":\"http:\/\/lyonbondyblog.fr\/LBB\/wp-content\/uploads\/2014\/10\/logo-portable-144.png\",\"contentUrl\":\"http:\/\/lyonbondyblog.fr\/LBB\/wp-content\/uploads\/2014\/10\/logo-portable-144.png\",\"width\":144,\"height\":123,\"caption\":\"LYON BONDY BLOG\"},\"image\":{\"@id\":\"https:\/\/lyonbondyblog.fr\/LBB\/#\/schema\/logo\/image\/\"},\"sameAs\":[\"https:\/\/www.facebook.com\/lyonbondyblog\",\"https:\/\/x.com\/bondybloglyon\"]},{\"@type\":\"Person\",\"@id\":\"https:\/\/lyonbondyblog.fr\/LBB\/#\/schema\/person\/cc7d2de10d3ff4c29231fcdd3dc720c8\",\"name\":\"Maxime Hanssen\",\"description\":\"Ex Service civique au #LBB. Dipl\u00f4m\u00e9 d'une ma\u00eetrise d'Histoire apr\u00e8s un m\u00e9moire de recherche sur l'histoire politique de la Hongrie. Journaliste \u00e0 Acteurs de l'\u00e9conomie - La Tribune. En formation professionnelle \u00e0 l'ESJ Lille Pro. Contributeur \u00e9ternel au LBB et citoyen europ\u00e9en.\",\"sameAs\":[\"https:\/\/x.com\/HanssenMaxime\"],\"url\":\"https:\/\/lyonbondyblog.fr\/LBB\/author\/maxime\/\"}]}<\/script>\n<!-- \/ Yoast SEO plugin. -->","yoast_head_json":{"title":"Claude Gu\u00e9ant \u00e0 l\u2019\u00e9preuve de la m\u00e9moire politique - Lyon Bondy Blog","robots":{"index":"index","follow":"follow","max-snippet":"max-snippet:-1","max-image-preview":"max-image-preview:large","max-video-preview":"max-video-preview:-1"},"canonical":"https:\/\/lyonbondyblog.fr\/LBB\/claude-gueant-a-lepreuve-de-la-memoire-politique\/","og_locale":"fr_FR","og_type":"article","og_title":"Claude Gu\u00e9ant \u00e0 l\u2019\u00e9preuve de la m\u00e9moire politique - Lyon Bondy Blog","og_description":"Dans un entretien accord\u00e9 au Monde dat\u00e9 du mardi 3 janvier, Claude Gu\u00e9ant &#8211; ministre de l\u2019Int\u00e9rieur &#8211; tente une volteface vis-\u00e0-vis de la communaut\u00e9 &hellip;","og_url":"https:\/\/lyonbondyblog.fr\/LBB\/claude-gueant-a-lepreuve-de-la-memoire-politique\/","og_site_name":"Lyon Bondy Blog","article_publisher":"https:\/\/www.facebook.com\/lyonbondyblog","article_published_time":"2012-01-07T16:12:22+00:00","article_modified_time":"2013-07-25T15:14:19+00:00","og_image":[{"width":194,"height":194,"url":"https:\/\/lyonbondyblog.fr\/LBB\/wp-content\/uploads\/2013\/07\/arton793_t.jpg","type":"image\/jpeg"}],"author":"Maxime Hanssen","twitter_card":"summary_large_image","twitter_creator":"@HanssenMaxime","twitter_site":"@bondybloglyon","schema":{"@context":"https:\/\/schema.org","@graph":[{"@type":"Article","@id":"https:\/\/lyonbondyblog.fr\/LBB\/claude-gueant-a-lepreuve-de-la-memoire-politique\/#article","isPartOf":{"@id":"https:\/\/lyonbondyblog.fr\/LBB\/claude-gueant-a-lepreuve-de-la-memoire-politique\/"},"author":{"name":"Maxime Hanssen","@id":"https:\/\/lyonbondyblog.fr\/LBB\/#\/schema\/person\/cc7d2de10d3ff4c29231fcdd3dc720c8"},"headline":"Claude Gu\u00e9ant \u00e0 l\u2019\u00e9preuve de la m\u00e9moire politique","datePublished":"2012-01-07T16:12:22+00:00","dateModified":"2013-07-25T15:14:19+00:00","mainEntityOfPage":{"@id":"https:\/\/lyonbondyblog.fr\/LBB\/claude-gueant-a-lepreuve-de-la-memoire-politique\/"},"wordCount":825,"commentCount":0,"publisher":{"@id":"https:\/\/lyonbondyblog.fr\/LBB\/#organization"},"image":{"@id":"https:\/\/lyonbondyblog.fr\/LBB\/claude-gueant-a-lepreuve-de-la-memoire-politique\/#primaryimage"},"thumbnailUrl":"https:\/\/lyonbondyblog.fr\/LBB\/wp-content\/uploads\/2013\/07\/arton793_t.jpg","keywords":["lyon","Lyon Bondy Blog"],"articleSection":["Politique"],"inLanguage":"fr-FR","potentialAction":[{"@type":"CommentAction","name":"Comment","target":["https:\/\/lyonbondyblog.fr\/LBB\/claude-gueant-a-lepreuve-de-la-memoire-politique\/#respond"]}]},{"@type":"WebPage","@id":"https:\/\/lyonbondyblog.fr\/LBB\/claude-gueant-a-lepreuve-de-la-memoire-politique\/","url":"https:\/\/lyonbondyblog.fr\/LBB\/claude-gueant-a-lepreuve-de-la-memoire-politique\/","name":"Claude Gu\u00e9ant \u00e0 l\u2019\u00e9preuve de la m\u00e9moire politique - Lyon Bondy Blog","isPartOf":{"@id":"https:\/\/lyonbondyblog.fr\/LBB\/#website"},"primaryImageOfPage":{"@id":"https:\/\/lyonbondyblog.fr\/LBB\/claude-gueant-a-lepreuve-de-la-memoire-politique\/#primaryimage"},"image":{"@id":"https:\/\/lyonbondyblog.fr\/LBB\/claude-gueant-a-lepreuve-de-la-memoire-politique\/#primaryimage"},"thumbnailUrl":"https:\/\/lyonbondyblog.fr\/LBB\/wp-content\/uploads\/2013\/07\/arton793_t.jpg","datePublished":"2012-01-07T16:12:22+00:00","dateModified":"2013-07-25T15:14:19+00:00","inLanguage":"fr-FR","potentialAction":[{"@type":"ReadAction","target":["https:\/\/lyonbondyblog.fr\/LBB\/claude-gueant-a-lepreuve-de-la-memoire-politique\/"]}]},{"@type":"ImageObject","inLanguage":"fr-FR","@id":"https:\/\/lyonbondyblog.fr\/LBB\/claude-gueant-a-lepreuve-de-la-memoire-politique\/#primaryimage","url":"https:\/\/lyonbondyblog.fr\/LBB\/wp-content\/uploads\/2013\/07\/arton793_t.jpg","contentUrl":"https:\/\/lyonbondyblog.fr\/LBB\/wp-content\/uploads\/2013\/07\/arton793_t.jpg","width":194,"height":194},{"@type":"WebSite","@id":"https:\/\/lyonbondyblog.fr\/LBB\/#website","url":"https:\/\/lyonbondyblog.fr\/LBB\/","name":"Lyon Bondy Blog","description":"","publisher":{"@id":"https:\/\/lyonbondyblog.fr\/LBB\/#organization"},"potentialAction":[{"@type":"SearchAction","target":{"@type":"EntryPoint","urlTemplate":"https:\/\/lyonbondyblog.fr\/LBB\/?s={search_term_string}"},"query-input":"required name=search_term_string"}],"inLanguage":"fr-FR"},{"@type":"Organization","@id":"https:\/\/lyonbondyblog.fr\/LBB\/#organization","name":"LYON BONDY BLOG","url":"https:\/\/lyonbondyblog.fr\/LBB\/","logo":{"@type":"ImageObject","inLanguage":"fr-FR","@id":"https:\/\/lyonbondyblog.fr\/LBB\/#\/schema\/logo\/image\/","url":"http:\/\/lyonbondyblog.fr\/LBB\/wp-content\/uploads\/2014\/10\/logo-portable-144.png","contentUrl":"http:\/\/lyonbondyblog.fr\/LBB\/wp-content\/uploads\/2014\/10\/logo-portable-144.png","width":144,"height":123,"caption":"LYON BONDY BLOG"},"image":{"@id":"https:\/\/lyonbondyblog.fr\/LBB\/#\/schema\/logo\/image\/"},"sameAs":["https:\/\/www.facebook.com\/lyonbondyblog","https:\/\/x.com\/bondybloglyon"]},{"@type":"Person","@id":"https:\/\/lyonbondyblog.fr\/LBB\/#\/schema\/person\/cc7d2de10d3ff4c29231fcdd3dc720c8","name":"Maxime Hanssen","description":"Ex Service civique au #LBB. Dipl\u00f4m\u00e9 d'une ma\u00eetrise d'Histoire apr\u00e8s un m\u00e9moire de recherche sur l'histoire politique de la Hongrie. Journaliste \u00e0 Acteurs de l'\u00e9conomie - La Tribune. En formation professionnelle \u00e0 l'ESJ Lille Pro. Contributeur \u00e9ternel au LBB et citoyen europ\u00e9en.","sameAs":["https:\/\/x.com\/HanssenMaxime"],"url":"https:\/\/lyonbondyblog.fr\/LBB\/author\/maxime\/"}]}},"_links":{"self":[{"href":"https:\/\/lyonbondyblog.fr\/LBB\/wp-json\/wp\/v2\/posts\/1612","targetHints":{"allow":["GET"]}}],"collection":[{"href":"https:\/\/lyonbondyblog.fr\/LBB\/wp-json\/wp\/v2\/posts"}],"about":[{"href":"https:\/\/lyonbondyblog.fr\/LBB\/wp-json\/wp\/v2\/types\/post"}],"author":[{"embeddable":true,"href":"https:\/\/lyonbondyblog.fr\/LBB\/wp-json\/wp\/v2\/users\/11"}],"replies":[{"embeddable":true,"href":"https:\/\/lyonbondyblog.fr\/LBB\/wp-json\/wp\/v2\/comments?post=1612"}],"version-history":[{"count":0,"href":"https:\/\/lyonbondyblog.fr\/LBB\/wp-json\/wp\/v2\/posts\/1612\/revisions"}],"wp:featuredmedia":[{"embeddable":true,"href":"https:\/\/lyonbondyblog.fr\/LBB\/wp-json\/wp\/v2\/media\/1613"}],"wp:attachment":[{"href":"https:\/\/lyonbondyblog.fr\/LBB\/wp-json\/wp\/v2\/media?parent=1612"}],"wp:term":[{"taxonomy":"category","embeddable":true,"href":"https:\/\/lyonbondyblog.fr\/LBB\/wp-json\/wp\/v2\/categories?post=1612"},{"taxonomy":"post_tag","embeddable":true,"href":"https:\/\/lyonbondyblog.fr\/LBB\/wp-json\/wp\/v2\/tags?post=1612"}],"curies":[{"name":"wp","href":"https:\/\/api.w.org\/{rel}","templated":true}]}}