{"id":16081,"date":"2019-05-03T13:53:45","date_gmt":"2019-05-03T11:53:45","guid":{"rendered":"http:\/\/lyonbondyblog.fr\/LBB\/?p=16081"},"modified":"2019-05-07T15:29:08","modified_gmt":"2019-05-07T13:29:08","slug":"lucie-salvi-mes-objectifs-apporter-joie-emotions","status":"publish","type":"post","link":"https:\/\/lyonbondyblog.fr\/LBB\/lucie-salvi-mes-objectifs-apporter-joie-emotions\/","title":{"rendered":"Lucie Salvi : \u00ab Mes objectifs sont d&rsquo;apporter de la joie, des \u00e9motions \u00bb"},"content":{"rendered":"<h4 class=\"western\">Les 9 et 10 mai prochains, Agend\u2019Arts (4 rue de Belfort, Lyon 4<sup>e<\/sup>) accueillera le spectacle de Lucie Salvi (20h30). Ce dernier intitul\u00e9 <i>Le <\/i>s<i>pectacle suspendu, <\/i>englobe divers sujets.<i> <\/i>Retrouvez notre entretien avec la com\u00e9dienne de 33 ans&nbsp;: elle y \u00e9voque le spectacle, ses objectifs, mais \u00e9galement sa passion pour le th\u00e9\u00e2tre.<\/h4>\n<figure id=\"attachment_16087\" aria-describedby=\"caption-attachment-16087\" style=\"width: 377px\" class=\"wp-caption alignleft\"><a href=\"https:\/\/lyonbondyblog.fr\/LBB\/wp-content\/uploads\/2019\/05\/Lucie-Salvi-photo.png\"><img loading=\"lazy\" decoding=\"async\" class=\"wp-image-16087 size-full\" src=\"https:\/\/lyonbondyblog.fr\/LBB\/wp-content\/uploads\/2019\/05\/Lucie-Salvi-photo.png\" alt=\"\" width=\"377\" height=\"552\" srcset=\"https:\/\/lyonbondyblog.fr\/LBB\/wp-content\/uploads\/2019\/05\/Lucie-Salvi-photo.png 377w, https:\/\/lyonbondyblog.fr\/LBB\/wp-content\/uploads\/2019\/05\/Lucie-Salvi-photo-205x300.png 205w\" sizes=\"auto, (max-width: 377px) 100vw, 377px\" \/><\/a><figcaption id=\"caption-attachment-16087\" class=\"wp-caption-text\">Lucie Salvi, com\u00e9dienne dans \u00ab\u00a0Le spectacle suspendu\u00a0\u00bb. Cr\u00e9dit : site web de Lucie Salvi \/ https:\/\/luciesalvi.wordpress.com<\/figcaption><\/figure>\n<h5 class=\"western\">Lyon Bondy Blog&nbsp;: Pouvez vous commencer par vous pr\u00e9senter&nbsp;?<\/h5>\n<p class=\"western\">Lucie Salvi&nbsp;: Je m\u2019appelle Lucie, j\u2019ai 33 ans. Je suis com\u00e9dienne. J\u2019ai une formation classique dans des conservatoires \u00e0 Chamb\u00e9ry, Metz et Paris. J\u2019ai \u00e9t\u00e9 form\u00e9e en tant qu\u2019assistante \u00e0 la mise en sc\u00e8ne au Conservatoire de Paris. J\u2019ai travaill\u00e9 le clown, le jeu masqu\u00e9. Je suis arriv\u00e9 \u00e0 Lyon en 2014. J\u2019ai mont\u00e9 un spectacle autour des po\u00e8mes d\u2019Arthur Rimbaud, que j\u2019ai jou\u00e9 au <a href=\"https:\/\/www.theatredeluchronie.fr\/rap\">th\u00e9\u00e2tre de l\u2019Uchronie<\/a>. Et l\u00e0 je joue un spectacle qui s\u2019appelle le <i>Le <\/i>s<i>pectacle suspendu<\/i>, et qui se joue les 9 et 10 mai prochains.<\/p>\n<h5 class=\"western\">LBB&nbsp;: Que faites vous actuellement&nbsp;? En quoi cela consiste&nbsp;?<\/h5>\n<p class=\"western\">L.S&nbsp;: C\u2019est un seul en sc\u00e8ne. C\u2019est un spectacle qui parle du handicap, de l\u2019exil, de la femme, et de l\u2019\u00e9cologie. Pour moi ce spectacle parle de la r\u00e9silience, du pouvoir d\u2019agir, et du changement de paradigme que l\u2019on est en train de vivre en ce moment dans notre soci\u00e9t\u00e9.<\/p>\n<h5 class=\"western\">LBB&nbsp;: Comment pourrait-on le d\u00e9finir&nbsp;? Est-ce du th\u00e9\u00e2tre\u2026<\/h5>\n<p class=\"western\">L.S&nbsp;: C\u2019est \u00e0 la fois du th\u00e9\u00e2tre parce qu\u2019il y a des textes forts, et en m\u00eame temps j\u2019ai voulu un c\u00f4t\u00e9 l\u00e9ger, humour, one woman show en interaction avec le public&nbsp;; quelque chose de tr\u00e8s l\u00e9ger \u00e0 l\u2019int\u00e9rieur de tout \u00e7a pour donner du relief et d\u00e9tendre parce que je pense qu\u2019on ne peut pas donner envie d\u2019agir si il n\u2019y a pas une l\u00e9g\u00e8ret\u00e9 et quelque chose de fun, tout simplement.<\/p>\n<h5 class=\"western\">LBB&nbsp;: Depuis quand avez-vous d\u00e9cid\u00e9 de vous lancer dans le th\u00e9\u00e2tre&nbsp;?&nbsp; Et pourquoi ?<\/h5>\n<p class=\"western\">L.S&nbsp;: Alors \u00e7a a commenc\u00e9 tr\u00e8s t\u00f4t. J\u2019ai eu envie de faire du th\u00e9\u00e2tre \u00e0 l\u2019\u00e2ge de 8 ans. J\u2019ai eu envie de prendre des cours en regardant, avec mes fr\u00e8res, des cassettes de sketchs d\u2019Alex M\u00e9tayer. J\u2019\u00e9tais non seulement s\u00e9duite, et \u00e7a me faisait rire, mais j\u2019\u00e9tais fascin\u00e9 par ce mec devant cette salle pleine. J\u2019ai demand\u00e9 \u00e0 ma m\u00e8re \u00ab&nbsp;Est-ce que c\u2019est son m\u00e9tier&nbsp;?&nbsp;\u00bb Elle m\u2019a dit oui. \u00ab&nbsp;Et qu\u2019est-ce qui faut faire pour faire ce m\u00e9tier&nbsp;?&nbsp;\u00bb Elle m\u2019a dit&nbsp;: \u00ab&nbsp;Prendre des cours de th\u00e9\u00e2tre&nbsp;\u00bb. \u00ab&nbsp;Bah je veux que tu m\u2019inscrives \u00e0 des cours de th\u00e9\u00e2tre.&nbsp;\u00bb. Apr\u00e8s \u00e7a ne s\u2019est pas arr\u00eat\u00e9, conservatoire de Chamb\u00e9ry. Apr\u00e8s le BAC, je suis retourn\u00e9 au conservatoire de Chamb\u00e9ry, puis je suis all\u00e9e \u00e0 Metz et Paris. C\u2019est une envie qui est venue tr\u00e8s t\u00f4t, et qui m\u2019a jamais quitt\u00e9e. C\u2019\u00e9tait un besoin pour moi de faire \u00e7a.<\/p>\n<h5 class=\"western\">LBB&nbsp;: Il y eu le spectacle de 2015, celui de mai prochain. Faites-vous autre chose \u00e0 c\u00f4t\u00e9&nbsp;?<\/h5>\n<p class=\"western\">L.S&nbsp;: A c\u00f4t\u00e9, en tant que com\u00e9dienne, non. Par contre je suis b\u00e9n\u00e9vole \u00e0 la Gonette. C\u2019est un besoin pour moi, justement, de transformer, peut \u00eatre, le besoin que j\u2019ai de voir une autre ville, un autre monde, et \u00e7a passe par \u00e7a, du b\u00e9n\u00e9volat dans une association.<\/p>\n<h5 class=\"western\">LBB&nbsp;: Que faites-vous dans cette association&nbsp;?<\/h5>\n<p class=\"western\">L.S&nbsp;: Il y a plusieurs choses&nbsp;: \u00e0 la fois prendre soin des personnes qui travaillent ensemble parce que, quand on est une \u00e9quipe et qu\u2019on travaille ensemble, il peut y avoir des tensions. Il y a aussi le fait d\u2019aller voir les partenaires pour les convaincre, et puis en parler, \u00e0 la presse, devant des publics, aller dans des lyc\u00e9es, des choses comme \u00e7a.<\/p>\n<figure id=\"attachment_16086\" aria-describedby=\"caption-attachment-16086\" style=\"width: 229px\" class=\"wp-caption alignright\"><a href=\"https:\/\/lyonbondyblog.fr\/LBB\/wp-content\/uploads\/2019\/05\/Lucie-Salvi-Le-Spectacle-suspendu.png\"><img loading=\"lazy\" decoding=\"async\" class=\"size-full wp-image-16086\" src=\"https:\/\/lyonbondyblog.fr\/LBB\/wp-content\/uploads\/2019\/05\/Lucie-Salvi-Le-Spectacle-suspendu.png\" alt=\"\" width=\"229\" height=\"229\" srcset=\"https:\/\/lyonbondyblog.fr\/LBB\/wp-content\/uploads\/2019\/05\/Lucie-Salvi-Le-Spectacle-suspendu.png 229w, https:\/\/lyonbondyblog.fr\/LBB\/wp-content\/uploads\/2019\/05\/Lucie-Salvi-Le-Spectacle-suspendu-150x150.png 150w\" sizes=\"auto, (max-width: 229px) 100vw, 229px\" \/><\/a><figcaption id=\"caption-attachment-16086\" class=\"wp-caption-text\">Affiche du spectacle. Cr\u00e9dit : site web d&rsquo;Agend&rsquo;Arts \/ https:\/\/agendarts.wordpress.com<\/figcaption><\/figure>\n<h5 class=\"western\">LBB&nbsp;: Quels sont vos objectifs \u00e0 travers vos spectacles&nbsp;?<\/h5>\n<p class=\"western\">L.S&nbsp;: Mes objectifs sont d\u2019apporter de la joie, des \u00e9motions, et que les personnes ressortent du spectacle en sentant qu\u2019ils ont fait un voyage, et de se dire \u00ab&nbsp;c\u2019\u00e9tait intense, j\u2019ai ressenti plein de choses. Il y a des choses avec lesquelles j\u2019\u00e9tais d\u2019accord, d\u2019autres non.&nbsp;\u00bb. Moi, quand j\u2019\u00e9tais touch\u00e9e par des spectacles, je pense qu\u2019apr\u00e8s ce n\u2019\u00e9tait plus pareil. J\u2019ai vu les choses autrement. De mon point de vue, les th\u00e9\u00e2tres, c\u2019est fait pour \u00e7a, c\u2019est fait pour parler de la soci\u00e9t\u00e9. Avant, c\u2019\u00e9tait le but du th\u00e9\u00e2tre, le <a href=\"https:\/\/www.universalis.fr\/encyclopedie\/theatre-de-treteaux\/\">th\u00e9\u00e2tre de tr\u00e9teaux<\/a>, c\u2019\u00e9tait parler de la soci\u00e9t\u00e9, parler de ce qui se passe dans le village. Je pense donc que le th\u00e9\u00e2tre est fait pour rendre compte, c\u2019est comme un miroir, et les gens se disent \u00ab&nbsp;d\u2019accord il y a \u00e7a, il se passe \u00e7a, qu\u2019est-ce que je peux faire, moi&nbsp;?&nbsp;\u00bb.<\/p>\n<h5 class=\"western\">LBB&nbsp;: D\u2019autres messages \u00e0 faire passer ?<\/h5>\n<p class=\"western\">L.S&nbsp;: Pour moi, ce qui est important c\u2019est de prendre conscience que notre joie de vivre est notre moteur, et c\u2019est ce qui fait qu\u2019on se l\u00e8ve tous les jours le matin, et qu\u2019on fait des choses. Et c\u2019est important, quand on a envie de changer la soci\u00e9t\u00e9, de changer les choses, d\u2019agir, de garder cette flamme, cette envie d\u2019\u00eatre joyeux, de communiquer de fa\u00e7on joyeuse. Les personnes qui me marquent le plus ont une joie de vivre extraordinaire, et m\u00eame si ces gens sont en col\u00e8re contre certaines choses, elles gardent cette flamme, et du coup c\u2019est hyper communicatif.<\/p>\n<h5 class=\"western\">LBB&nbsp;: Vous montez sur sc\u00e8ne, mais vous faites aussi votre propre mise en sc\u00e8ne, votre propre \u00e9criture de la pi\u00e8ce..<\/h5>\n<p class=\"western\">L.S&nbsp;: Pour le spectacle de 2015 il y avait un metteur en sc\u00e8ne. Mais pour ce spectacle, j\u2019ai voulu travailler seule, et du coup je n\u2019avais pas envie d\u2019\u00eatre avec quelqu\u2019un. J\u2019avais une petite id\u00e9e mais le spectacle s\u2019est vraiment construit au fur et \u00e0 mesure, entre la premi\u00e8re repr\u00e9sentation et la deuxi\u00e8me, il \u00e9volue entre chaque repr\u00e9sentation.<\/p>\n<h5 class=\"western\">LBB&nbsp;: Lorsqu\u2019on travaille seul sur un spectacle, combien de temps cela peut prendre&nbsp;?<\/h5>\n<p class=\"western\">L.S&nbsp;: Cela d\u00e9pend du temps qu\u2019on y consacre. Mais, je dirais, pour la mise en sc\u00e8ne&nbsp;: trois mois de r\u00e9flexion, un an pour le choix des textes.<\/p>\n<h5 class=\"western\">LBB&nbsp;: Est-ce que vous arrivez \u00e0 en vivre, de ce monde du spectacle&nbsp;?<\/h5>\n<p class=\"western\">L.S&nbsp;: Non, je n\u2019en vis pas. Mais c\u2019est un choix, de ne pas avoir le statut d\u2019intermittence, parce que je ne veux pas faire des projets qui ne me parlent pas profond\u00e9ment. Donc je fais le choix d\u2019un travail alimentaire, et comme \u00e7a les spectacles que je monte et que je fais sont vraiment ce que j\u2019ai envie de faire. Sinon \u00e7a n\u2019a plus de sens pour moi d\u2019\u00eatre com\u00e9dienne, et de faire des choses qui ne me plaisent pas, ne me satisfont pas. Je pr\u00e9f\u00e8re cette formule.<\/p>\n<h5 class=\"western\">LBB&nbsp;: Du coup, le th\u00e9\u00e2tre en troupe, ce n&rsquo;est pas trop votre truc ?<\/h5>\n<p class=\"western\">L.S&nbsp;: Pour l\u2019instant \u00e7a ne l\u2019est pas parce que j\u2019ai ces spectacles en solo. Mais j\u2019ai \u00e9tudi\u00e9 dans des conservatoires o\u00f9 il y avait cet esprit de troupe, j\u2019ai fait des spectacles o\u00f9 on \u00e9tait beaucoup et \u00e7a m\u2019a \u00e9norm\u00e9ment plu. C\u2019est une envie pour moi de rencontrer des personnes avec qui le courant passe, et qu\u2019on puisse faire des choses. Avec la Gonette, j\u2019ai appris au niveau de l\u2019intelligence collective, et comment travailler ensemble. C\u2019est quelque chose que j\u2019aimerais apporter cela dans une troupe de th\u00e9\u00e2tre&nbsp;: apporter du nouveau, du r\u00eave, du fun, de la libert\u00e9 pour travailler.<\/p>\n<h5 class=\"western\">LBB&nbsp;: Apporter du nouveau dans quel sens&nbsp;? Dans la mise en sc\u00e8ne&nbsp;?<\/h5>\n<p class=\"western\">L.S&nbsp;: Ce n\u2019est pas tellement au niveau de la mise en sc\u00e8ne ou du jeu. C\u2019est plus au niveau du rapport du travail d\u2019une troupe. Lorsqu\u2019une troupe part en tourn\u00e9e, les gens sont tout le temps ensemble, et cela peut \u00eatre lourd. Mais c\u2019est aussi dans l\u2019intelligence collective, dans le sens de concevoir des spectacles, penser ensemble et ne pas se dire qu\u2019il y a un chef, et les autres qui ex\u00e9cutent. J\u2019aimerais vraiment apporter dans le th\u00e9\u00e2tre cette fa\u00e7on de travailler.<\/p>\n<h5 class=\"western\">LBB&nbsp;: Quels sont vos objectifs pour le futur&nbsp;? De nouveaux projets de spectacle&nbsp;? En solo&nbsp;? A plusieurs&nbsp;?<\/h5>\n<p class=\"western\">L.S&nbsp;: J\u2019ai des id\u00e9es mais pas de choses fixes pour le moment. Pour l\u2019instant, ce serait en solo. En fait je m\u2019inspire de ce que je vois, ce que je lis, je le mets dans un coin, et je vois si \u00e7a peut r\u00e9sonner avec d\u2019autres choses. Je ne suis pas du tout \u00e0 r\u00e9fl\u00e9chir \u00e0 quelque chose en particulier. Donc aujourd\u2019hui je ne peux pas vous dire qu\u2019il y a un prochain projet parce que celui-l\u00e0 [le projet actuel] est d\u00e9j\u00e0 \u00e9norme \u00e0 d\u00e9velopper.<\/p>\n<h5 class=\"western\">LBB&nbsp;: Selon vous, le monde du spectacle est-il un univers facile d\u2019acc\u00e8s&nbsp;? Pour les com\u00e9diens&nbsp;? Les spectateurs&nbsp;?<\/h5>\n<p class=\"western\">L.S&nbsp;: Je pense que oui. Si on veut faire du th\u00e9\u00e2tre, il y a beaucoup d\u2019\u00e9coles. Donc si on veut prendre des cours, si on veut apprendre, c\u2019est facile. Apr\u00e8s si l\u2019on veut en vivre, c\u2019est plus compliqu\u00e9, mais peut \u00eatre par rapport aux barri\u00e8res internes que l\u2019on se met, de se dire \u00ab&nbsp;je ne suis pas capable&nbsp;\u00bb. En tant que spectateur, je pense que les spectacles devraient plus \u00eatre dans la rue, plus visibles, pour tout le monde. Cela reste quand m\u00eame dans des lieux, avec des prix assez \u00e9lev\u00e9s, dans des festivals,. Je r\u00eave d\u2019une ville avec plus de spectacles, plus de po\u00e9sie dans les rues.<\/p>\n<h5 class=\"western\">LBB&nbsp;: Quels conseils donneriez-vous \u00e0 une personne qui aimerait se mettre au th\u00e9\u00e2tre&nbsp;? Devenir com\u00e9dien&nbsp;?<\/h5>\n<p class=\"western\">L.S&nbsp;: \u00c9couter ses intuitions, savoir ce qui est important, pourquoi on le fait. C\u2019est un m\u00e9tier o\u00f9, pour ma part, je me dois, pour le public, de \u00ab&nbsp;sortir mes tripes&nbsp;\u00bb. Je ne peux pas me dire \u00ab&nbsp;J\u2019ai r\u00e9p\u00e9t\u00e9 mon spectacle, c\u2019est bon, \u00e7a va rouler&nbsp;\u00bb. C\u2019est sans cesse du d\u00e9passement de soi. C\u2019est un m\u00e9tier fascinant mais qui n\u2019est pas reposant. Je me sens pas l\u2019\u00e2me d\u2019une conseill\u00e8re, mais je crois que dans la vie, \u00e9couter ses intuitions, cela me para\u00eet essentiel.\u00a0\u00bb<\/p>\n<!-- AddThis Advanced Settings generic via filter on the_content --><!-- AddThis Share Buttons generic via filter on the_content -->","protected":false},"excerpt":{"rendered":"<p>Les 9 et 10 mai prochains, Agend\u2019Arts (4 rue de Belfort, Lyon 4e) accueillera le spectacle de Lucie Salvi (20h30). Ce dernier intitul\u00e9 Le spectacle &hellip; <!-- AddThis Advanced Settings generic via filter on wp_trim_excerpt --><!-- AddThis Share Buttons generic via filter on wp_trim_excerpt --><\/p>\n","protected":false},"author":13656,"featured_media":16086,"comment_status":"open","ping_status":"open","sticky":false,"template":"","format":"standard","meta":{"_FSMCFIC_featured_image_caption":"","_FSMCFIC_featured_image_nocaption":"","_FSMCFIC_featured_image_hide":"","footnotes":""},"categories":[3,4,4097],"tags":[152,773,76],"class_list":["post-16081","post","type-post","status-publish","format-standard","has-post-thumbnail","hentry","category-culture","category-lyon","category-rencontre","tag-interview","tag-spectacle","tag-theatre"],"yoast_head":"<!-- This site is optimized with the Yoast SEO plugin v22.8 - https:\/\/yoast.com\/wordpress\/plugins\/seo\/ -->\n<title>Lucie Salvi : \u00ab Mes objectifs sont d&#039;apporter de la joie, des \u00e9motions \u00bb - Lyon Bondy Blog<\/title>\n<meta name=\"robots\" content=\"index, follow, max-snippet:-1, max-image-preview:large, max-video-preview:-1\" \/>\n<link rel=\"canonical\" href=\"https:\/\/lyonbondyblog.fr\/LBB\/lucie-salvi-mes-objectifs-apporter-joie-emotions\/\" \/>\n<meta property=\"og:locale\" content=\"fr_FR\" \/>\n<meta property=\"og:type\" content=\"article\" \/>\n<meta property=\"og:title\" content=\"Lucie Salvi : \u00ab Mes objectifs sont d&#039;apporter de la joie, des \u00e9motions \u00bb - Lyon Bondy Blog\" \/>\n<meta property=\"og:description\" content=\"Les 9 et 10 mai prochains, Agend\u2019Arts (4 rue de Belfort, Lyon 4e) accueillera le spectacle de Lucie Salvi (20h30). Ce dernier intitul\u00e9 Le spectacle &hellip;\" \/>\n<meta property=\"og:url\" content=\"https:\/\/lyonbondyblog.fr\/LBB\/lucie-salvi-mes-objectifs-apporter-joie-emotions\/\" \/>\n<meta property=\"og:site_name\" content=\"Lyon Bondy Blog\" \/>\n<meta property=\"article:publisher\" content=\"https:\/\/www.facebook.com\/lyonbondyblog\" \/>\n<meta property=\"article:published_time\" content=\"2019-05-03T11:53:45+00:00\" \/>\n<meta property=\"article:modified_time\" content=\"2019-05-07T13:29:08+00:00\" \/>\n<meta property=\"og:image\" content=\"https:\/\/lyonbondyblog.fr\/LBB\/wp-content\/uploads\/2019\/05\/Lucie-Salvi-Le-Spectacle-suspendu.png\" \/>\n\t<meta property=\"og:image:width\" content=\"229\" \/>\n\t<meta property=\"og:image:height\" content=\"229\" \/>\n\t<meta property=\"og:image:type\" content=\"image\/png\" \/>\n<meta name=\"author\" content=\"Adams Mezamigni\" \/>\n<meta name=\"twitter:card\" content=\"summary_large_image\" \/>\n<meta name=\"twitter:creator\" content=\"@bondybloglyon\" \/>\n<meta name=\"twitter:site\" content=\"@bondybloglyon\" \/>\n<script type=\"application\/ld+json\" class=\"yoast-schema-graph\">{\"@context\":\"https:\/\/schema.org\",\"@graph\":[{\"@type\":\"Article\",\"@id\":\"https:\/\/lyonbondyblog.fr\/LBB\/lucie-salvi-mes-objectifs-apporter-joie-emotions\/#article\",\"isPartOf\":{\"@id\":\"https:\/\/lyonbondyblog.fr\/LBB\/lucie-salvi-mes-objectifs-apporter-joie-emotions\/\"},\"author\":{\"name\":\"Adams Mezamigni\",\"@id\":\"https:\/\/lyonbondyblog.fr\/LBB\/#\/schema\/person\/0a518ed51f95048524ba2597a29ba050\"},\"headline\":\"Lucie Salvi : \u00ab Mes objectifs sont d&rsquo;apporter de la joie, des \u00e9motions \u00bb\",\"datePublished\":\"2019-05-03T11:53:45+00:00\",\"dateModified\":\"2019-05-07T13:29:08+00:00\",\"mainEntityOfPage\":{\"@id\":\"https:\/\/lyonbondyblog.fr\/LBB\/lucie-salvi-mes-objectifs-apporter-joie-emotions\/\"},\"wordCount\":1957,\"commentCount\":0,\"publisher\":{\"@id\":\"https:\/\/lyonbondyblog.fr\/LBB\/#organization\"},\"image\":{\"@id\":\"https:\/\/lyonbondyblog.fr\/LBB\/lucie-salvi-mes-objectifs-apporter-joie-emotions\/#primaryimage\"},\"thumbnailUrl\":\"https:\/\/lyonbondyblog.fr\/LBB\/wp-content\/uploads\/2019\/05\/Lucie-Salvi-Le-Spectacle-suspendu.png\",\"keywords\":[\"interview\",\"spectacle\",\"theatre\"],\"articleSection\":[\"Culture\",\"Lyon\",\"Rencontre\"],\"inLanguage\":\"fr-FR\",\"potentialAction\":[{\"@type\":\"CommentAction\",\"name\":\"Comment\",\"target\":[\"https:\/\/lyonbondyblog.fr\/LBB\/lucie-salvi-mes-objectifs-apporter-joie-emotions\/#respond\"]}]},{\"@type\":\"WebPage\",\"@id\":\"https:\/\/lyonbondyblog.fr\/LBB\/lucie-salvi-mes-objectifs-apporter-joie-emotions\/\",\"url\":\"https:\/\/lyonbondyblog.fr\/LBB\/lucie-salvi-mes-objectifs-apporter-joie-emotions\/\",\"name\":\"Lucie Salvi : \u00ab Mes objectifs sont d'apporter de la joie, des \u00e9motions \u00bb - Lyon Bondy Blog\",\"isPartOf\":{\"@id\":\"https:\/\/lyonbondyblog.fr\/LBB\/#website\"},\"primaryImageOfPage\":{\"@id\":\"https:\/\/lyonbondyblog.fr\/LBB\/lucie-salvi-mes-objectifs-apporter-joie-emotions\/#primaryimage\"},\"image\":{\"@id\":\"https:\/\/lyonbondyblog.fr\/LBB\/lucie-salvi-mes-objectifs-apporter-joie-emotions\/#primaryimage\"},\"thumbnailUrl\":\"https:\/\/lyonbondyblog.fr\/LBB\/wp-content\/uploads\/2019\/05\/Lucie-Salvi-Le-Spectacle-suspendu.png\",\"datePublished\":\"2019-05-03T11:53:45+00:00\",\"dateModified\":\"2019-05-07T13:29:08+00:00\",\"inLanguage\":\"fr-FR\",\"potentialAction\":[{\"@type\":\"ReadAction\",\"target\":[\"https:\/\/lyonbondyblog.fr\/LBB\/lucie-salvi-mes-objectifs-apporter-joie-emotions\/\"]}]},{\"@type\":\"ImageObject\",\"inLanguage\":\"fr-FR\",\"@id\":\"https:\/\/lyonbondyblog.fr\/LBB\/lucie-salvi-mes-objectifs-apporter-joie-emotions\/#primaryimage\",\"url\":\"https:\/\/lyonbondyblog.fr\/LBB\/wp-content\/uploads\/2019\/05\/Lucie-Salvi-Le-Spectacle-suspendu.png\",\"contentUrl\":\"https:\/\/lyonbondyblog.fr\/LBB\/wp-content\/uploads\/2019\/05\/Lucie-Salvi-Le-Spectacle-suspendu.png\",\"width\":229,\"height\":229,\"caption\":\"Affiche du spectacle. Cr\u00e9dit : site web d'Agend'Arts \/ https:\/\/agendarts.wordpress.com\"},{\"@type\":\"WebSite\",\"@id\":\"https:\/\/lyonbondyblog.fr\/LBB\/#website\",\"url\":\"https:\/\/lyonbondyblog.fr\/LBB\/\",\"name\":\"Lyon Bondy Blog\",\"description\":\"\",\"publisher\":{\"@id\":\"https:\/\/lyonbondyblog.fr\/LBB\/#organization\"},\"potentialAction\":[{\"@type\":\"SearchAction\",\"target\":{\"@type\":\"EntryPoint\",\"urlTemplate\":\"https:\/\/lyonbondyblog.fr\/LBB\/?s={search_term_string}\"},\"query-input\":\"required name=search_term_string\"}],\"inLanguage\":\"fr-FR\"},{\"@type\":\"Organization\",\"@id\":\"https:\/\/lyonbondyblog.fr\/LBB\/#organization\",\"name\":\"LYON BONDY BLOG\",\"url\":\"https:\/\/lyonbondyblog.fr\/LBB\/\",\"logo\":{\"@type\":\"ImageObject\",\"inLanguage\":\"fr-FR\",\"@id\":\"https:\/\/lyonbondyblog.fr\/LBB\/#\/schema\/logo\/image\/\",\"url\":\"http:\/\/lyonbondyblog.fr\/LBB\/wp-content\/uploads\/2014\/10\/logo-portable-144.png\",\"contentUrl\":\"http:\/\/lyonbondyblog.fr\/LBB\/wp-content\/uploads\/2014\/10\/logo-portable-144.png\",\"width\":144,\"height\":123,\"caption\":\"LYON BONDY BLOG\"},\"image\":{\"@id\":\"https:\/\/lyonbondyblog.fr\/LBB\/#\/schema\/logo\/image\/\"},\"sameAs\":[\"https:\/\/www.facebook.com\/lyonbondyblog\",\"https:\/\/x.com\/bondybloglyon\"]},{\"@type\":\"Person\",\"@id\":\"https:\/\/lyonbondyblog.fr\/LBB\/#\/schema\/person\/0a518ed51f95048524ba2597a29ba050\",\"name\":\"Adams Mezamigni\",\"url\":\"https:\/\/lyonbondyblog.fr\/LBB\/author\/adams-mezamigni\/\"}]}<\/script>\n<!-- \/ Yoast SEO plugin. -->","yoast_head_json":{"title":"Lucie Salvi : \u00ab Mes objectifs sont d'apporter de la joie, des \u00e9motions \u00bb - Lyon Bondy Blog","robots":{"index":"index","follow":"follow","max-snippet":"max-snippet:-1","max-image-preview":"max-image-preview:large","max-video-preview":"max-video-preview:-1"},"canonical":"https:\/\/lyonbondyblog.fr\/LBB\/lucie-salvi-mes-objectifs-apporter-joie-emotions\/","og_locale":"fr_FR","og_type":"article","og_title":"Lucie Salvi : \u00ab Mes objectifs sont d'apporter de la joie, des \u00e9motions \u00bb - Lyon Bondy Blog","og_description":"Les 9 et 10 mai prochains, Agend\u2019Arts (4 rue de Belfort, Lyon 4e) accueillera le spectacle de Lucie Salvi (20h30). Ce dernier intitul\u00e9 Le spectacle &hellip;","og_url":"https:\/\/lyonbondyblog.fr\/LBB\/lucie-salvi-mes-objectifs-apporter-joie-emotions\/","og_site_name":"Lyon Bondy Blog","article_publisher":"https:\/\/www.facebook.com\/lyonbondyblog","article_published_time":"2019-05-03T11:53:45+00:00","article_modified_time":"2019-05-07T13:29:08+00:00","og_image":[{"width":229,"height":229,"url":"https:\/\/lyonbondyblog.fr\/LBB\/wp-content\/uploads\/2019\/05\/Lucie-Salvi-Le-Spectacle-suspendu.png","type":"image\/png"}],"author":"Adams Mezamigni","twitter_card":"summary_large_image","twitter_creator":"@bondybloglyon","twitter_site":"@bondybloglyon","schema":{"@context":"https:\/\/schema.org","@graph":[{"@type":"Article","@id":"https:\/\/lyonbondyblog.fr\/LBB\/lucie-salvi-mes-objectifs-apporter-joie-emotions\/#article","isPartOf":{"@id":"https:\/\/lyonbondyblog.fr\/LBB\/lucie-salvi-mes-objectifs-apporter-joie-emotions\/"},"author":{"name":"Adams Mezamigni","@id":"https:\/\/lyonbondyblog.fr\/LBB\/#\/schema\/person\/0a518ed51f95048524ba2597a29ba050"},"headline":"Lucie Salvi : \u00ab Mes objectifs sont d&rsquo;apporter de la joie, des \u00e9motions \u00bb","datePublished":"2019-05-03T11:53:45+00:00","dateModified":"2019-05-07T13:29:08+00:00","mainEntityOfPage":{"@id":"https:\/\/lyonbondyblog.fr\/LBB\/lucie-salvi-mes-objectifs-apporter-joie-emotions\/"},"wordCount":1957,"commentCount":0,"publisher":{"@id":"https:\/\/lyonbondyblog.fr\/LBB\/#organization"},"image":{"@id":"https:\/\/lyonbondyblog.fr\/LBB\/lucie-salvi-mes-objectifs-apporter-joie-emotions\/#primaryimage"},"thumbnailUrl":"https:\/\/lyonbondyblog.fr\/LBB\/wp-content\/uploads\/2019\/05\/Lucie-Salvi-Le-Spectacle-suspendu.png","keywords":["interview","spectacle","theatre"],"articleSection":["Culture","Lyon","Rencontre"],"inLanguage":"fr-FR","potentialAction":[{"@type":"CommentAction","name":"Comment","target":["https:\/\/lyonbondyblog.fr\/LBB\/lucie-salvi-mes-objectifs-apporter-joie-emotions\/#respond"]}]},{"@type":"WebPage","@id":"https:\/\/lyonbondyblog.fr\/LBB\/lucie-salvi-mes-objectifs-apporter-joie-emotions\/","url":"https:\/\/lyonbondyblog.fr\/LBB\/lucie-salvi-mes-objectifs-apporter-joie-emotions\/","name":"Lucie Salvi : \u00ab Mes objectifs sont d'apporter de la joie, des \u00e9motions \u00bb - Lyon Bondy Blog","isPartOf":{"@id":"https:\/\/lyonbondyblog.fr\/LBB\/#website"},"primaryImageOfPage":{"@id":"https:\/\/lyonbondyblog.fr\/LBB\/lucie-salvi-mes-objectifs-apporter-joie-emotions\/#primaryimage"},"image":{"@id":"https:\/\/lyonbondyblog.fr\/LBB\/lucie-salvi-mes-objectifs-apporter-joie-emotions\/#primaryimage"},"thumbnailUrl":"https:\/\/lyonbondyblog.fr\/LBB\/wp-content\/uploads\/2019\/05\/Lucie-Salvi-Le-Spectacle-suspendu.png","datePublished":"2019-05-03T11:53:45+00:00","dateModified":"2019-05-07T13:29:08+00:00","inLanguage":"fr-FR","potentialAction":[{"@type":"ReadAction","target":["https:\/\/lyonbondyblog.fr\/LBB\/lucie-salvi-mes-objectifs-apporter-joie-emotions\/"]}]},{"@type":"ImageObject","inLanguage":"fr-FR","@id":"https:\/\/lyonbondyblog.fr\/LBB\/lucie-salvi-mes-objectifs-apporter-joie-emotions\/#primaryimage","url":"https:\/\/lyonbondyblog.fr\/LBB\/wp-content\/uploads\/2019\/05\/Lucie-Salvi-Le-Spectacle-suspendu.png","contentUrl":"https:\/\/lyonbondyblog.fr\/LBB\/wp-content\/uploads\/2019\/05\/Lucie-Salvi-Le-Spectacle-suspendu.png","width":229,"height":229,"caption":"Affiche du spectacle. Cr\u00e9dit : site web d'Agend'Arts \/ https:\/\/agendarts.wordpress.com"},{"@type":"WebSite","@id":"https:\/\/lyonbondyblog.fr\/LBB\/#website","url":"https:\/\/lyonbondyblog.fr\/LBB\/","name":"Lyon Bondy Blog","description":"","publisher":{"@id":"https:\/\/lyonbondyblog.fr\/LBB\/#organization"},"potentialAction":[{"@type":"SearchAction","target":{"@type":"EntryPoint","urlTemplate":"https:\/\/lyonbondyblog.fr\/LBB\/?s={search_term_string}"},"query-input":"required name=search_term_string"}],"inLanguage":"fr-FR"},{"@type":"Organization","@id":"https:\/\/lyonbondyblog.fr\/LBB\/#organization","name":"LYON BONDY BLOG","url":"https:\/\/lyonbondyblog.fr\/LBB\/","logo":{"@type":"ImageObject","inLanguage":"fr-FR","@id":"https:\/\/lyonbondyblog.fr\/LBB\/#\/schema\/logo\/image\/","url":"http:\/\/lyonbondyblog.fr\/LBB\/wp-content\/uploads\/2014\/10\/logo-portable-144.png","contentUrl":"http:\/\/lyonbondyblog.fr\/LBB\/wp-content\/uploads\/2014\/10\/logo-portable-144.png","width":144,"height":123,"caption":"LYON BONDY BLOG"},"image":{"@id":"https:\/\/lyonbondyblog.fr\/LBB\/#\/schema\/logo\/image\/"},"sameAs":["https:\/\/www.facebook.com\/lyonbondyblog","https:\/\/x.com\/bondybloglyon"]},{"@type":"Person","@id":"https:\/\/lyonbondyblog.fr\/LBB\/#\/schema\/person\/0a518ed51f95048524ba2597a29ba050","name":"Adams Mezamigni","url":"https:\/\/lyonbondyblog.fr\/LBB\/author\/adams-mezamigni\/"}]}},"_links":{"self":[{"href":"https:\/\/lyonbondyblog.fr\/LBB\/wp-json\/wp\/v2\/posts\/16081","targetHints":{"allow":["GET"]}}],"collection":[{"href":"https:\/\/lyonbondyblog.fr\/LBB\/wp-json\/wp\/v2\/posts"}],"about":[{"href":"https:\/\/lyonbondyblog.fr\/LBB\/wp-json\/wp\/v2\/types\/post"}],"author":[{"embeddable":true,"href":"https:\/\/lyonbondyblog.fr\/LBB\/wp-json\/wp\/v2\/users\/13656"}],"replies":[{"embeddable":true,"href":"https:\/\/lyonbondyblog.fr\/LBB\/wp-json\/wp\/v2\/comments?post=16081"}],"version-history":[{"count":8,"href":"https:\/\/lyonbondyblog.fr\/LBB\/wp-json\/wp\/v2\/posts\/16081\/revisions"}],"predecessor-version":[{"id":16223,"href":"https:\/\/lyonbondyblog.fr\/LBB\/wp-json\/wp\/v2\/posts\/16081\/revisions\/16223"}],"wp:featuredmedia":[{"embeddable":true,"href":"https:\/\/lyonbondyblog.fr\/LBB\/wp-json\/wp\/v2\/media\/16086"}],"wp:attachment":[{"href":"https:\/\/lyonbondyblog.fr\/LBB\/wp-json\/wp\/v2\/media?parent=16081"}],"wp:term":[{"taxonomy":"category","embeddable":true,"href":"https:\/\/lyonbondyblog.fr\/LBB\/wp-json\/wp\/v2\/categories?post=16081"},{"taxonomy":"post_tag","embeddable":true,"href":"https:\/\/lyonbondyblog.fr\/LBB\/wp-json\/wp\/v2\/tags?post=16081"}],"curies":[{"name":"wp","href":"https:\/\/api.w.org\/{rel}","templated":true}]}}