{"id":16064,"date":"2019-05-06T09:06:40","date_gmt":"2019-05-06T07:06:40","guid":{"rendered":"http:\/\/lyonbondyblog.fr\/LBB\/?p=16064"},"modified":"2019-05-07T15:26:26","modified_gmt":"2019-05-07T13:26:26","slug":"chronique-judiciaire-je-me-sentais-apte-a-prendre-le-volant","status":"publish","type":"post","link":"https:\/\/lyonbondyblog.fr\/LBB\/chronique-judiciaire-je-me-sentais-apte-a-prendre-le-volant\/","title":{"rendered":"Chronique Judiciaire : \u00ab\u00a0Je me sentais apte \u00e0 prendre le volant\u00a0\u00bb"},"content":{"rendered":"<p class=\"Corps\"><em>Tribunal de grande instance de Lyon, comparution imm\u00e9diate du vendredi 12 avril 2019.<\/em><\/p>\n<p>Il est 14h45, la deuxi\u00e8me affaire de l\u2019apr\u00e8s-midi commence. Le pr\u00e9venu, John*, entre dans la pi\u00e8ce. Le stress se lit sur son visage crisp\u00e9 lorsque la pr\u00e9sidente \u00e9voque les faits. Le 11 avril dernier, l\u2019homme de 48 ans est contr\u00f4l\u00e9 par les CRS sur l\u2019autoroute A42 car il roule avec les feux \u00e9teints. A bord, sa compagne ainsi que son enfant de 4 ans.<\/p>\n<p>&nbsp;<\/p>\n<p>P\u00e8re de 3 enfants, John ne peine pas \u00e0 s\u2019arr\u00eater lorsque les forces de l\u2019ordre lui font signe. Contr\u00f4l\u00e9 positif au test d\u2019alcool\u00e9mie, de cannabis et de coca\u00efne, il se trouve qu\u2019il a 0,48 mg d\u2019alcool dans le sang. L\u2019accus\u00e9 avoue \u00ab&nbsp;oui, j\u2019ai bu 8 bi\u00e8res lors de la soir\u00e9e, la derni\u00e8re \u00e9tait \u00e0 minuit&nbsp;\u00bb. La pr\u00e9sidente saute sur l\u2019occasion pour le r\u00e9primander s\u00e9v\u00e8rement en lui r\u00e9torquant \u00ab&nbsp;mais Monsieur, vous pouvez boire toutes les bi\u00e8res du monde, ce n\u2019est pas notre probl\u00e8me, mais \u00e7a le devient d\u00e8s lors que vous prenez le volant derri\u00e8re&nbsp;!&nbsp;\u00bb.&nbsp; Lors de cette soir\u00e9e, il n\u2019aurait pas consomm\u00e9 que de l\u2019alcool, mais aussi du cannabis. Cependant, concernant la coca\u00efne, \u00ab&nbsp;j\u2019en ai pris le week d\u2019avant&nbsp;\u00bb, se d\u00e9fend-il comme si les faits allaient paraitre moins graves.<\/p>\n<p>Condamn\u00e9 7 fois, dont 4 pour d\u00e9tention de drogues, ce p\u00e8re de 3 enfants avait d\u00e9j\u00e0 \u00e9cop\u00e9 de 6 mois avec sursis et de 400\u20ac d\u2019amende pour blessures involontaires et d\u00e9lit de fuite en 2015. Ce qui n\u2019\u00e9tait qu\u2019un avertissement \u00e0 la base n\u2019a pas eu l\u2019effet escompt\u00e9 puisque John avait \u00ab&nbsp;besoin&nbsp;\u00bb de prendre sa voiture ce jour-l\u00e0 pour se rendre \u00e0 son travail o\u00f9 son employeur confirme que \u00ab&nbsp;tout se passe tr\u00e8s bien&nbsp;\u00bb.<\/p>\n<p>Le suspect, fumant 1 joint de cannabis chaque soir, a une tendance \u00e0 banaliser la consommation des drogues. \u00ab&nbsp;L\u2019h\u00e9ro\u00efne est une drogue douce&nbsp;\u00bb, drogue qu\u2019il a prise pendant 20 ans, de 1989 \u00e0 2009, et \u00e0 laquelle il reconnait avoir une addiction. La juge lui rappelle \u00ab&nbsp;vous savez que la consommation de drogue est interdite&nbsp;\u00bb, remarque \u00e0 laquelle il r\u00e9pond un petit \u00ab&nbsp;oui&nbsp;\u00bb, t\u00eate baiss\u00e9e. John essaie de se soigner mais ne sait pas comment faire. Il prend conscience qu\u2019il a besoin d\u2019aide.<\/p>\n<p>&nbsp;<\/p>\n<p>Suite \u00e0 ces \u00e9nonciations des faits, la procureur exige une peine de 6 mois avec sursis, ainsi qu\u2019une mise \u00e0 l\u2019\u00e9preuve de 2 ans. Mais ce n\u2019est pas tout&nbsp;! Elle demande \u00e9galement une r\u00e9vocation des 6 mois avec sursis de sa condamnation en 2015 et des soins. Elle trouve n\u00e9cessaire de le laisser travailler afin qu\u2019il garde un \u00e9quilibre, mais annonce qu\u2019il vaut mieux garantir une annulation de permis et m\u00eame une interdiction de le repasser. L\u2019avocate de l&rsquo;accus\u00e9 ne va pas \u00e9norm\u00e9ment r\u00e9pliquer, ne s\u2019exprimant pas tr\u00e8s bien en fran\u00e7ais, elle montre seulement son accord quant aux soins et reconnait les faits dont son client est accus\u00e9.<\/p>\n<p>La d\u00e9cision finale se fait entendre. John ferme les yeux, il tend l\u2019oreille afin de pouvoir bien entendre quel sort lui est r\u00e9serv\u00e9. Une d\u00e9cision radicale qui ne fera pas durer le suspense puisque la pr\u00e9sidente annonce que le pr\u00e9venu \u00e9cope d\u2019une peine de 6 mois de prison, am\u00e9nageable \u00e0 4 mois. Le retrait de son permis ainsi qu\u2019une interdiction de 12 mois avant de le repasser sont clairement exprim\u00e9s. De plus, une mise \u00e0 l\u2019\u00e9preuve avec travail lui est impos\u00e9e. Le silence est lourd, celui qui a \u00e9t\u00e9 jug\u00e9 coupable, repart seul, sans dire un mot, ni un regard dans la salle.<\/p>\n<p>&nbsp;<\/p>\n<p>Affaire suivante.<\/p>\n<p>&nbsp;<\/p>\n<p>*Pr\u00e9nom modifi\u00e9<\/p>\n<!-- AddThis Advanced Settings generic via filter on the_content --><!-- AddThis Share Buttons generic via filter on the_content -->","protected":false},"excerpt":{"rendered":"<p>Tribunal de grande instance de Lyon, comparution imm\u00e9diate du vendredi 12 avril 2019. Il est 14h45, la deuxi\u00e8me affaire de l\u2019apr\u00e8s-midi commence. Le pr\u00e9venu, John*, &hellip; <!-- AddThis Advanced Settings generic via filter on wp_trim_excerpt --><!-- AddThis Share Buttons generic via filter on wp_trim_excerpt --><\/p>\n","protected":false},"author":13657,"featured_media":15273,"comment_status":"open","ping_status":"open","sticky":false,"template":"","format":"standard","meta":{"_FSMCFIC_featured_image_caption":"","_FSMCFIC_featured_image_nocaption":"","_FSMCFIC_featured_image_hide":"","footnotes":""},"categories":[965,3898,4,64],"tags":[10441,473,395,69,559],"class_list":["post-16064","post","type-post","status-publish","format-standard","has-post-thumbnail","hentry","category-chronique-judiciaire","category-justice","category-lyon","category-prisons","tag-addiction","tag-drogue","tag-justice","tag-prison","tag-tribunal"],"yoast_head":"<!-- This site is optimized with the Yoast SEO plugin v22.8 - https:\/\/yoast.com\/wordpress\/plugins\/seo\/ -->\n<title>Chronique Judiciaire : &quot;Je me sentais apte \u00e0 prendre le volant&quot; - Lyon Bondy Blog<\/title>\n<meta name=\"robots\" content=\"index, follow, max-snippet:-1, max-image-preview:large, max-video-preview:-1\" \/>\n<link rel=\"canonical\" href=\"https:\/\/lyonbondyblog.fr\/LBB\/chronique-judiciaire-je-me-sentais-apte-a-prendre-le-volant\/\" \/>\n<meta property=\"og:locale\" content=\"fr_FR\" \/>\n<meta property=\"og:type\" content=\"article\" \/>\n<meta property=\"og:title\" content=\"Chronique Judiciaire : &quot;Je me sentais apte \u00e0 prendre le volant&quot; - Lyon Bondy Blog\" \/>\n<meta property=\"og:description\" content=\"Tribunal de grande instance de Lyon, comparution imm\u00e9diate du vendredi 12 avril 2019. Il est 14h45, la deuxi\u00e8me affaire de l\u2019apr\u00e8s-midi commence. Le pr\u00e9venu, John*, &hellip;\" \/>\n<meta property=\"og:url\" content=\"https:\/\/lyonbondyblog.fr\/LBB\/chronique-judiciaire-je-me-sentais-apte-a-prendre-le-volant\/\" \/>\n<meta property=\"og:site_name\" content=\"Lyon Bondy Blog\" \/>\n<meta property=\"article:publisher\" content=\"https:\/\/www.facebook.com\/lyonbondyblog\" \/>\n<meta property=\"article:author\" content=\"@envgromsblog\" \/>\n<meta property=\"article:published_time\" content=\"2019-05-06T07:06:40+00:00\" \/>\n<meta property=\"article:modified_time\" content=\"2019-05-07T13:26:26+00:00\" \/>\n<meta property=\"og:image\" content=\"https:\/\/lyonbondyblog.fr\/LBB\/wp-content\/uploads\/2019\/02\/justicefiction_visuel-750x420-1.jpg\" \/>\n\t<meta property=\"og:image:width\" content=\"750\" \/>\n\t<meta property=\"og:image:height\" content=\"420\" \/>\n\t<meta property=\"og:image:type\" content=\"image\/jpeg\" \/>\n<meta name=\"author\" content=\"Morgane Michat\" \/>\n<meta name=\"twitter:card\" content=\"summary_large_image\" \/>\n<meta name=\"twitter:creator\" content=\"@bondybloglyon\" \/>\n<meta name=\"twitter:site\" content=\"@bondybloglyon\" \/>\n<script type=\"application\/ld+json\" class=\"yoast-schema-graph\">{\"@context\":\"https:\/\/schema.org\",\"@graph\":[{\"@type\":\"Article\",\"@id\":\"https:\/\/lyonbondyblog.fr\/LBB\/chronique-judiciaire-je-me-sentais-apte-a-prendre-le-volant\/#article\",\"isPartOf\":{\"@id\":\"https:\/\/lyonbondyblog.fr\/LBB\/chronique-judiciaire-je-me-sentais-apte-a-prendre-le-volant\/\"},\"author\":{\"name\":\"Morgane Michat\",\"@id\":\"https:\/\/lyonbondyblog.fr\/LBB\/#\/schema\/person\/f518fa5a729efca9fd3c5c607bb8c366\"},\"headline\":\"Chronique Judiciaire : \u00ab\u00a0Je me sentais apte \u00e0 prendre le volant\u00a0\u00bb\",\"datePublished\":\"2019-05-06T07:06:40+00:00\",\"dateModified\":\"2019-05-07T13:26:26+00:00\",\"mainEntityOfPage\":{\"@id\":\"https:\/\/lyonbondyblog.fr\/LBB\/chronique-judiciaire-je-me-sentais-apte-a-prendre-le-volant\/\"},\"wordCount\":662,\"commentCount\":0,\"publisher\":{\"@id\":\"https:\/\/lyonbondyblog.fr\/LBB\/#organization\"},\"image\":{\"@id\":\"https:\/\/lyonbondyblog.fr\/LBB\/chronique-judiciaire-je-me-sentais-apte-a-prendre-le-volant\/#primaryimage\"},\"thumbnailUrl\":\"https:\/\/lyonbondyblog.fr\/LBB\/wp-content\/uploads\/2019\/02\/justicefiction_visuel-750x420-1.jpg\",\"keywords\":[\"addiction\",\"drogue\",\"justice\",\"prison\",\"tribunal\"],\"articleSection\":[\"Chronique judiciaire\",\"Justice\",\"Lyon\",\"Prisons\"],\"inLanguage\":\"fr-FR\",\"potentialAction\":[{\"@type\":\"CommentAction\",\"name\":\"Comment\",\"target\":[\"https:\/\/lyonbondyblog.fr\/LBB\/chronique-judiciaire-je-me-sentais-apte-a-prendre-le-volant\/#respond\"]}]},{\"@type\":\"WebPage\",\"@id\":\"https:\/\/lyonbondyblog.fr\/LBB\/chronique-judiciaire-je-me-sentais-apte-a-prendre-le-volant\/\",\"url\":\"https:\/\/lyonbondyblog.fr\/LBB\/chronique-judiciaire-je-me-sentais-apte-a-prendre-le-volant\/\",\"name\":\"Chronique Judiciaire : \\\"Je me sentais apte \u00e0 prendre le volant\\\" - Lyon Bondy Blog\",\"isPartOf\":{\"@id\":\"https:\/\/lyonbondyblog.fr\/LBB\/#website\"},\"primaryImageOfPage\":{\"@id\":\"https:\/\/lyonbondyblog.fr\/LBB\/chronique-judiciaire-je-me-sentais-apte-a-prendre-le-volant\/#primaryimage\"},\"image\":{\"@id\":\"https:\/\/lyonbondyblog.fr\/LBB\/chronique-judiciaire-je-me-sentais-apte-a-prendre-le-volant\/#primaryimage\"},\"thumbnailUrl\":\"https:\/\/lyonbondyblog.fr\/LBB\/wp-content\/uploads\/2019\/02\/justicefiction_visuel-750x420-1.jpg\",\"datePublished\":\"2019-05-06T07:06:40+00:00\",\"dateModified\":\"2019-05-07T13:26:26+00:00\",\"inLanguage\":\"fr-FR\",\"potentialAction\":[{\"@type\":\"ReadAction\",\"target\":[\"https:\/\/lyonbondyblog.fr\/LBB\/chronique-judiciaire-je-me-sentais-apte-a-prendre-le-volant\/\"]}]},{\"@type\":\"ImageObject\",\"inLanguage\":\"fr-FR\",\"@id\":\"https:\/\/lyonbondyblog.fr\/LBB\/chronique-judiciaire-je-me-sentais-apte-a-prendre-le-volant\/#primaryimage\",\"url\":\"https:\/\/lyonbondyblog.fr\/LBB\/wp-content\/uploads\/2019\/02\/justicefiction_visuel-750x420-1.jpg\",\"contentUrl\":\"https:\/\/lyonbondyblog.fr\/LBB\/wp-content\/uploads\/2019\/02\/justicefiction_visuel-750x420-1.jpg\",\"width\":750,\"height\":420},{\"@type\":\"WebSite\",\"@id\":\"https:\/\/lyonbondyblog.fr\/LBB\/#website\",\"url\":\"https:\/\/lyonbondyblog.fr\/LBB\/\",\"name\":\"Lyon Bondy Blog\",\"description\":\"\",\"publisher\":{\"@id\":\"https:\/\/lyonbondyblog.fr\/LBB\/#organization\"},\"potentialAction\":[{\"@type\":\"SearchAction\",\"target\":{\"@type\":\"EntryPoint\",\"urlTemplate\":\"https:\/\/lyonbondyblog.fr\/LBB\/?s={search_term_string}\"},\"query-input\":\"required name=search_term_string\"}],\"inLanguage\":\"fr-FR\"},{\"@type\":\"Organization\",\"@id\":\"https:\/\/lyonbondyblog.fr\/LBB\/#organization\",\"name\":\"LYON BONDY BLOG\",\"url\":\"https:\/\/lyonbondyblog.fr\/LBB\/\",\"logo\":{\"@type\":\"ImageObject\",\"inLanguage\":\"fr-FR\",\"@id\":\"https:\/\/lyonbondyblog.fr\/LBB\/#\/schema\/logo\/image\/\",\"url\":\"http:\/\/lyonbondyblog.fr\/LBB\/wp-content\/uploads\/2014\/10\/logo-portable-144.png\",\"contentUrl\":\"http:\/\/lyonbondyblog.fr\/LBB\/wp-content\/uploads\/2014\/10\/logo-portable-144.png\",\"width\":144,\"height\":123,\"caption\":\"LYON BONDY BLOG\"},\"image\":{\"@id\":\"https:\/\/lyonbondyblog.fr\/LBB\/#\/schema\/logo\/image\/\"},\"sameAs\":[\"https:\/\/www.facebook.com\/lyonbondyblog\",\"https:\/\/x.com\/bondybloglyon\"]},{\"@type\":\"Person\",\"@id\":\"https:\/\/lyonbondyblog.fr\/LBB\/#\/schema\/person\/f518fa5a729efca9fd3c5c607bb8c366\",\"name\":\"Morgane Michat\",\"description\":\"Actuellement en Master de communication digitale je suis la fondatrice du blog envgrom.fr et cofondatrice d'un magazine pour les \u00e9tudiantes \\\"Studieuse Magazine\\\"\",\"sameAs\":[\"http:\/\/envgrom.fr\/\",\"@envgromsblog\",\"@envgrom_\"],\"url\":\"https:\/\/lyonbondyblog.fr\/LBB\/author\/morgane-michat\/\"}]}<\/script>\n<!-- \/ Yoast SEO plugin. -->","yoast_head_json":{"title":"Chronique Judiciaire : \"Je me sentais apte \u00e0 prendre le volant\" - Lyon Bondy Blog","robots":{"index":"index","follow":"follow","max-snippet":"max-snippet:-1","max-image-preview":"max-image-preview:large","max-video-preview":"max-video-preview:-1"},"canonical":"https:\/\/lyonbondyblog.fr\/LBB\/chronique-judiciaire-je-me-sentais-apte-a-prendre-le-volant\/","og_locale":"fr_FR","og_type":"article","og_title":"Chronique Judiciaire : \"Je me sentais apte \u00e0 prendre le volant\" - Lyon Bondy Blog","og_description":"Tribunal de grande instance de Lyon, comparution imm\u00e9diate du vendredi 12 avril 2019. Il est 14h45, la deuxi\u00e8me affaire de l\u2019apr\u00e8s-midi commence. Le pr\u00e9venu, John*, &hellip;","og_url":"https:\/\/lyonbondyblog.fr\/LBB\/chronique-judiciaire-je-me-sentais-apte-a-prendre-le-volant\/","og_site_name":"Lyon Bondy Blog","article_publisher":"https:\/\/www.facebook.com\/lyonbondyblog","article_author":"@envgromsblog","article_published_time":"2019-05-06T07:06:40+00:00","article_modified_time":"2019-05-07T13:26:26+00:00","og_image":[{"width":750,"height":420,"url":"https:\/\/lyonbondyblog.fr\/LBB\/wp-content\/uploads\/2019\/02\/justicefiction_visuel-750x420-1.jpg","type":"image\/jpeg"}],"author":"Morgane Michat","twitter_card":"summary_large_image","twitter_creator":"@bondybloglyon","twitter_site":"@bondybloglyon","schema":{"@context":"https:\/\/schema.org","@graph":[{"@type":"Article","@id":"https:\/\/lyonbondyblog.fr\/LBB\/chronique-judiciaire-je-me-sentais-apte-a-prendre-le-volant\/#article","isPartOf":{"@id":"https:\/\/lyonbondyblog.fr\/LBB\/chronique-judiciaire-je-me-sentais-apte-a-prendre-le-volant\/"},"author":{"name":"Morgane Michat","@id":"https:\/\/lyonbondyblog.fr\/LBB\/#\/schema\/person\/f518fa5a729efca9fd3c5c607bb8c366"},"headline":"Chronique Judiciaire : \u00ab\u00a0Je me sentais apte \u00e0 prendre le volant\u00a0\u00bb","datePublished":"2019-05-06T07:06:40+00:00","dateModified":"2019-05-07T13:26:26+00:00","mainEntityOfPage":{"@id":"https:\/\/lyonbondyblog.fr\/LBB\/chronique-judiciaire-je-me-sentais-apte-a-prendre-le-volant\/"},"wordCount":662,"commentCount":0,"publisher":{"@id":"https:\/\/lyonbondyblog.fr\/LBB\/#organization"},"image":{"@id":"https:\/\/lyonbondyblog.fr\/LBB\/chronique-judiciaire-je-me-sentais-apte-a-prendre-le-volant\/#primaryimage"},"thumbnailUrl":"https:\/\/lyonbondyblog.fr\/LBB\/wp-content\/uploads\/2019\/02\/justicefiction_visuel-750x420-1.jpg","keywords":["addiction","drogue","justice","prison","tribunal"],"articleSection":["Chronique judiciaire","Justice","Lyon","Prisons"],"inLanguage":"fr-FR","potentialAction":[{"@type":"CommentAction","name":"Comment","target":["https:\/\/lyonbondyblog.fr\/LBB\/chronique-judiciaire-je-me-sentais-apte-a-prendre-le-volant\/#respond"]}]},{"@type":"WebPage","@id":"https:\/\/lyonbondyblog.fr\/LBB\/chronique-judiciaire-je-me-sentais-apte-a-prendre-le-volant\/","url":"https:\/\/lyonbondyblog.fr\/LBB\/chronique-judiciaire-je-me-sentais-apte-a-prendre-le-volant\/","name":"Chronique Judiciaire : \"Je me sentais apte \u00e0 prendre le volant\" - Lyon Bondy Blog","isPartOf":{"@id":"https:\/\/lyonbondyblog.fr\/LBB\/#website"},"primaryImageOfPage":{"@id":"https:\/\/lyonbondyblog.fr\/LBB\/chronique-judiciaire-je-me-sentais-apte-a-prendre-le-volant\/#primaryimage"},"image":{"@id":"https:\/\/lyonbondyblog.fr\/LBB\/chronique-judiciaire-je-me-sentais-apte-a-prendre-le-volant\/#primaryimage"},"thumbnailUrl":"https:\/\/lyonbondyblog.fr\/LBB\/wp-content\/uploads\/2019\/02\/justicefiction_visuel-750x420-1.jpg","datePublished":"2019-05-06T07:06:40+00:00","dateModified":"2019-05-07T13:26:26+00:00","inLanguage":"fr-FR","potentialAction":[{"@type":"ReadAction","target":["https:\/\/lyonbondyblog.fr\/LBB\/chronique-judiciaire-je-me-sentais-apte-a-prendre-le-volant\/"]}]},{"@type":"ImageObject","inLanguage":"fr-FR","@id":"https:\/\/lyonbondyblog.fr\/LBB\/chronique-judiciaire-je-me-sentais-apte-a-prendre-le-volant\/#primaryimage","url":"https:\/\/lyonbondyblog.fr\/LBB\/wp-content\/uploads\/2019\/02\/justicefiction_visuel-750x420-1.jpg","contentUrl":"https:\/\/lyonbondyblog.fr\/LBB\/wp-content\/uploads\/2019\/02\/justicefiction_visuel-750x420-1.jpg","width":750,"height":420},{"@type":"WebSite","@id":"https:\/\/lyonbondyblog.fr\/LBB\/#website","url":"https:\/\/lyonbondyblog.fr\/LBB\/","name":"Lyon Bondy Blog","description":"","publisher":{"@id":"https:\/\/lyonbondyblog.fr\/LBB\/#organization"},"potentialAction":[{"@type":"SearchAction","target":{"@type":"EntryPoint","urlTemplate":"https:\/\/lyonbondyblog.fr\/LBB\/?s={search_term_string}"},"query-input":"required name=search_term_string"}],"inLanguage":"fr-FR"},{"@type":"Organization","@id":"https:\/\/lyonbondyblog.fr\/LBB\/#organization","name":"LYON BONDY BLOG","url":"https:\/\/lyonbondyblog.fr\/LBB\/","logo":{"@type":"ImageObject","inLanguage":"fr-FR","@id":"https:\/\/lyonbondyblog.fr\/LBB\/#\/schema\/logo\/image\/","url":"http:\/\/lyonbondyblog.fr\/LBB\/wp-content\/uploads\/2014\/10\/logo-portable-144.png","contentUrl":"http:\/\/lyonbondyblog.fr\/LBB\/wp-content\/uploads\/2014\/10\/logo-portable-144.png","width":144,"height":123,"caption":"LYON BONDY BLOG"},"image":{"@id":"https:\/\/lyonbondyblog.fr\/LBB\/#\/schema\/logo\/image\/"},"sameAs":["https:\/\/www.facebook.com\/lyonbondyblog","https:\/\/x.com\/bondybloglyon"]},{"@type":"Person","@id":"https:\/\/lyonbondyblog.fr\/LBB\/#\/schema\/person\/f518fa5a729efca9fd3c5c607bb8c366","name":"Morgane Michat","description":"Actuellement en Master de communication digitale je suis la fondatrice du blog envgrom.fr et cofondatrice d'un magazine pour les \u00e9tudiantes \"Studieuse Magazine\"","sameAs":["http:\/\/envgrom.fr\/","@envgromsblog","@envgrom_"],"url":"https:\/\/lyonbondyblog.fr\/LBB\/author\/morgane-michat\/"}]}},"_links":{"self":[{"href":"https:\/\/lyonbondyblog.fr\/LBB\/wp-json\/wp\/v2\/posts\/16064","targetHints":{"allow":["GET"]}}],"collection":[{"href":"https:\/\/lyonbondyblog.fr\/LBB\/wp-json\/wp\/v2\/posts"}],"about":[{"href":"https:\/\/lyonbondyblog.fr\/LBB\/wp-json\/wp\/v2\/types\/post"}],"author":[{"embeddable":true,"href":"https:\/\/lyonbondyblog.fr\/LBB\/wp-json\/wp\/v2\/users\/13657"}],"replies":[{"embeddable":true,"href":"https:\/\/lyonbondyblog.fr\/LBB\/wp-json\/wp\/v2\/comments?post=16064"}],"version-history":[{"count":6,"href":"https:\/\/lyonbondyblog.fr\/LBB\/wp-json\/wp\/v2\/posts\/16064\/revisions"}],"predecessor-version":[{"id":16217,"href":"https:\/\/lyonbondyblog.fr\/LBB\/wp-json\/wp\/v2\/posts\/16064\/revisions\/16217"}],"wp:featuredmedia":[{"embeddable":true,"href":"https:\/\/lyonbondyblog.fr\/LBB\/wp-json\/wp\/v2\/media\/15273"}],"wp:attachment":[{"href":"https:\/\/lyonbondyblog.fr\/LBB\/wp-json\/wp\/v2\/media?parent=16064"}],"wp:term":[{"taxonomy":"category","embeddable":true,"href":"https:\/\/lyonbondyblog.fr\/LBB\/wp-json\/wp\/v2\/categories?post=16064"},{"taxonomy":"post_tag","embeddable":true,"href":"https:\/\/lyonbondyblog.fr\/LBB\/wp-json\/wp\/v2\/tags?post=16064"}],"curies":[{"name":"wp","href":"https:\/\/api.w.org\/{rel}","templated":true}]}}