{"id":15923,"date":"2019-04-24T12:00:05","date_gmt":"2019-04-24T10:00:05","guid":{"rendered":"http:\/\/lyonbondyblog.fr\/LBB\/?p=15923"},"modified":"2019-05-07T15:31:20","modified_gmt":"2019-05-07T13:31:20","slug":"les-europeennes-vues-par-jcl","status":"publish","type":"post","link":"https:\/\/lyonbondyblog.fr\/LBB\/les-europeennes-vues-par-jcl\/","title":{"rendered":"Les Europ\u00e9ennes vues par JCL"},"content":{"rendered":"<h4>Qui dit \u00e9lections europ\u00e9ennes dit forc\u00e9ment candidats. Le dessinateur JCL sort sa plume et donne son avis sur certaines de ces t\u00eates de listes&#8230;<\/h4>\n<figure id=\"attachment_15937\" aria-describedby=\"caption-attachment-15937\" style=\"width: 480px\" class=\"wp-caption aligncenter\"><img loading=\"lazy\" decoding=\"async\" class=\"size-full wp-image-15937\" src=\"https:\/\/lyonbondyblog.fr\/LBB\/wp-content\/uploads\/2019\/04\/euro-2-jcl.jpg\" alt=\"\" width=\"480\" height=\"644\" srcset=\"https:\/\/lyonbondyblog.fr\/LBB\/wp-content\/uploads\/2019\/04\/euro-2-jcl.jpg 480w, https:\/\/lyonbondyblog.fr\/LBB\/wp-content\/uploads\/2019\/04\/euro-2-jcl-224x300.jpg 224w\" sizes=\"auto, (max-width: 480px) 100vw, 480px\" \/><figcaption id=\"caption-attachment-15937\" class=\"wp-caption-text\">Certaines des t\u00eates de listes pour les \u00e9lections europ\u00e9ennes vues par JCL &#8211; Cr\u00e9dit : JCL, 2019<\/figcaption><\/figure>\n<!-- AddThis Advanced Settings generic via filter on the_content --><!-- AddThis Share Buttons generic via filter on the_content -->","protected":false},"excerpt":{"rendered":"<p>Qui dit \u00e9lections europ\u00e9ennes dit forc\u00e9ment candidats. Le dessinateur JCL sort sa plume et donne son avis sur certaines de ces t\u00eates de listes&#8230;<!-- AddThis Advanced Settings generic via filter on wp_trim_excerpt --><!-- AddThis Share Buttons generic via filter on wp_trim_excerpt --><\/p>\n","protected":false},"author":1,"featured_media":15924,"comment_status":"open","ping_status":"open","sticky":false,"template":"","format":"standard","meta":{"_FSMCFIC_featured_image_caption":"","_FSMCFIC_featured_image_nocaption":"","_FSMCFIC_featured_image_hide":"","footnotes":""},"categories":[1084,10384,6],"tags":[10435,1088,1089,6800,10434,10430,10433,10432,1409,10431],"class_list":["post-15923","post","type-post","status-publish","format-standard","has-post-thumbnail","hentry","category-dessin-de-presse","category-europeennes-2019","category-politique","tag-caricature","tag-dessin","tag-dessin-de-presse-2","tag-elections-europeennes-2019","tag-florian-philippot","tag-jcl","tag-jordan-bardella","tag-nathalie-loiseau","tag-nicolas-dupont-aignan","tag-raphael-gluksmann"],"yoast_head":"<!-- This site is optimized with the Yoast SEO plugin v22.8 - https:\/\/yoast.com\/wordpress\/plugins\/seo\/ -->\n<title>Les Europ\u00e9ennes vues par JCL - Lyon Bondy Blog<\/title>\n<meta name=\"robots\" content=\"index, follow, max-snippet:-1, max-image-preview:large, max-video-preview:-1\" \/>\n<link rel=\"canonical\" href=\"https:\/\/lyonbondyblog.fr\/LBB\/les-europeennes-vues-par-jcl\/\" \/>\n<meta property=\"og:locale\" content=\"fr_FR\" \/>\n<meta property=\"og:type\" content=\"article\" \/>\n<meta property=\"og:title\" content=\"Les Europ\u00e9ennes vues par JCL - Lyon Bondy Blog\" \/>\n<meta property=\"og:description\" content=\"Qui dit \u00e9lections europ\u00e9ennes dit forc\u00e9ment candidats. Le dessinateur JCL sort sa plume et donne son avis sur certaines de ces t\u00eates de listes&#8230;\" \/>\n<meta property=\"og:url\" content=\"https:\/\/lyonbondyblog.fr\/LBB\/les-europeennes-vues-par-jcl\/\" \/>\n<meta property=\"og:site_name\" content=\"Lyon Bondy Blog\" \/>\n<meta property=\"article:publisher\" content=\"https:\/\/www.facebook.com\/lyonbondyblog\" \/>\n<meta property=\"article:author\" content=\"https:\/\/www.facebook.com\/lyonbondyblog\" \/>\n<meta property=\"article:published_time\" content=\"2019-04-24T10:00:05+00:00\" \/>\n<meta property=\"article:modified_time\" content=\"2019-05-07T13:31:20+00:00\" \/>\n<meta property=\"og:image\" content=\"https:\/\/lyonbondyblog.fr\/LBB\/wp-content\/uploads\/2019\/04\/dessin-jcl-europe\u0301ennes.jpg\" \/>\n\t<meta property=\"og:image:width\" content=\"480\" \/>\n\t<meta property=\"og:image:height\" content=\"637\" \/>\n\t<meta property=\"og:image:type\" content=\"image\/jpeg\" \/>\n<meta name=\"author\" content=\"La r\u00e9daction\" \/>\n<meta name=\"twitter:card\" content=\"summary_large_image\" \/>\n<meta name=\"twitter:creator\" content=\"@BondyBlogLyon\" \/>\n<meta name=\"twitter:site\" content=\"@bondybloglyon\" \/>\n<script type=\"application\/ld+json\" class=\"yoast-schema-graph\">{\"@context\":\"https:\/\/schema.org\",\"@graph\":[{\"@type\":\"Article\",\"@id\":\"https:\/\/lyonbondyblog.fr\/LBB\/les-europeennes-vues-par-jcl\/#article\",\"isPartOf\":{\"@id\":\"https:\/\/lyonbondyblog.fr\/LBB\/les-europeennes-vues-par-jcl\/\"},\"author\":{\"name\":\"La r\u00e9daction\",\"@id\":\"https:\/\/lyonbondyblog.fr\/LBB\/#\/schema\/person\/e45f8d27baac75072daa0be50c409b25\"},\"headline\":\"Les Europ\u00e9ennes vues par JCL\",\"datePublished\":\"2019-04-24T10:00:05+00:00\",\"dateModified\":\"2019-05-07T13:31:20+00:00\",\"mainEntityOfPage\":{\"@id\":\"https:\/\/lyonbondyblog.fr\/LBB\/les-europeennes-vues-par-jcl\/\"},\"wordCount\":58,\"commentCount\":0,\"publisher\":{\"@id\":\"https:\/\/lyonbondyblog.fr\/LBB\/#organization\"},\"image\":{\"@id\":\"https:\/\/lyonbondyblog.fr\/LBB\/les-europeennes-vues-par-jcl\/#primaryimage\"},\"thumbnailUrl\":\"https:\/\/lyonbondyblog.fr\/LBB\/wp-content\/uploads\/2019\/04\/dessin-jcl-europe\u0301ennes.jpg\",\"keywords\":[\"caricature\",\"dessin\",\"dessin de presse\",\"\u00e9lections europ\u00e9ennes 2019\",\"Florian Philippot\",\"JCL\",\"Jordan Bardella\",\"Nathalie Loiseau\",\"Nicolas Dupont-Aignan\",\"Rapha\u00ebl Gluksmann\"],\"articleSection\":[\"Dessin de presse\",\"Europ\u00e9ennes 2019\",\"Politique\"],\"inLanguage\":\"fr-FR\",\"potentialAction\":[{\"@type\":\"CommentAction\",\"name\":\"Comment\",\"target\":[\"https:\/\/lyonbondyblog.fr\/LBB\/les-europeennes-vues-par-jcl\/#respond\"]}]},{\"@type\":\"WebPage\",\"@id\":\"https:\/\/lyonbondyblog.fr\/LBB\/les-europeennes-vues-par-jcl\/\",\"url\":\"https:\/\/lyonbondyblog.fr\/LBB\/les-europeennes-vues-par-jcl\/\",\"name\":\"Les Europ\u00e9ennes vues par JCL - Lyon Bondy Blog\",\"isPartOf\":{\"@id\":\"https:\/\/lyonbondyblog.fr\/LBB\/#website\"},\"primaryImageOfPage\":{\"@id\":\"https:\/\/lyonbondyblog.fr\/LBB\/les-europeennes-vues-par-jcl\/#primaryimage\"},\"image\":{\"@id\":\"https:\/\/lyonbondyblog.fr\/LBB\/les-europeennes-vues-par-jcl\/#primaryimage\"},\"thumbnailUrl\":\"https:\/\/lyonbondyblog.fr\/LBB\/wp-content\/uploads\/2019\/04\/dessin-jcl-europe\u0301ennes.jpg\",\"datePublished\":\"2019-04-24T10:00:05+00:00\",\"dateModified\":\"2019-05-07T13:31:20+00:00\",\"inLanguage\":\"fr-FR\",\"potentialAction\":[{\"@type\":\"ReadAction\",\"target\":[\"https:\/\/lyonbondyblog.fr\/LBB\/les-europeennes-vues-par-jcl\/\"]}]},{\"@type\":\"ImageObject\",\"inLanguage\":\"fr-FR\",\"@id\":\"https:\/\/lyonbondyblog.fr\/LBB\/les-europeennes-vues-par-jcl\/#primaryimage\",\"url\":\"https:\/\/lyonbondyblog.fr\/LBB\/wp-content\/uploads\/2019\/04\/dessin-jcl-europe\u0301ennes.jpg\",\"contentUrl\":\"https:\/\/lyonbondyblog.fr\/LBB\/wp-content\/uploads\/2019\/04\/dessin-jcl-europe\u0301ennes.jpg\",\"width\":480,\"height\":637,\"caption\":\"Certaines des t\u00eates de listes pour les \u00e9lections europ\u00e9ennes vues par JCL - Cr\u00e9dit : JCL\"},{\"@type\":\"WebSite\",\"@id\":\"https:\/\/lyonbondyblog.fr\/LBB\/#website\",\"url\":\"https:\/\/lyonbondyblog.fr\/LBB\/\",\"name\":\"Lyon Bondy Blog\",\"description\":\"\",\"publisher\":{\"@id\":\"https:\/\/lyonbondyblog.fr\/LBB\/#organization\"},\"potentialAction\":[{\"@type\":\"SearchAction\",\"target\":{\"@type\":\"EntryPoint\",\"urlTemplate\":\"https:\/\/lyonbondyblog.fr\/LBB\/?s={search_term_string}\"},\"query-input\":\"required name=search_term_string\"}],\"inLanguage\":\"fr-FR\"},{\"@type\":\"Organization\",\"@id\":\"https:\/\/lyonbondyblog.fr\/LBB\/#organization\",\"name\":\"LYON BONDY BLOG\",\"url\":\"https:\/\/lyonbondyblog.fr\/LBB\/\",\"logo\":{\"@type\":\"ImageObject\",\"inLanguage\":\"fr-FR\",\"@id\":\"https:\/\/lyonbondyblog.fr\/LBB\/#\/schema\/logo\/image\/\",\"url\":\"http:\/\/lyonbondyblog.fr\/LBB\/wp-content\/uploads\/2014\/10\/logo-portable-144.png\",\"contentUrl\":\"http:\/\/lyonbondyblog.fr\/LBB\/wp-content\/uploads\/2014\/10\/logo-portable-144.png\",\"width\":144,\"height\":123,\"caption\":\"LYON BONDY BLOG\"},\"image\":{\"@id\":\"https:\/\/lyonbondyblog.fr\/LBB\/#\/schema\/logo\/image\/\"},\"sameAs\":[\"https:\/\/www.facebook.com\/lyonbondyblog\",\"https:\/\/x.com\/bondybloglyon\"]},{\"@type\":\"Person\",\"@id\":\"https:\/\/lyonbondyblog.fr\/LBB\/#\/schema\/person\/e45f8d27baac75072daa0be50c409b25\",\"name\":\"La r\u00e9daction\",\"description\":\"Cr\u00e9e en 2008, la r\u00e9daction du Lyon Bondy Blog s'applique \u00e0 proposer une information locale diff\u00e9rente et compl\u00e9mentaire des m\u00e9dias traditionnels.\",\"sameAs\":[\"https:\/\/www.facebook.com\/lyonbondyblog\",\"https:\/\/x.com\/BondyBlogLyon\"],\"url\":\"https:\/\/lyonbondyblog.fr\/LBB\/author\/admin\/\"}]}<\/script>\n<!-- \/ Yoast SEO plugin. -->","yoast_head_json":{"title":"Les Europ\u00e9ennes vues par JCL - Lyon Bondy Blog","robots":{"index":"index","follow":"follow","max-snippet":"max-snippet:-1","max-image-preview":"max-image-preview:large","max-video-preview":"max-video-preview:-1"},"canonical":"https:\/\/lyonbondyblog.fr\/LBB\/les-europeennes-vues-par-jcl\/","og_locale":"fr_FR","og_type":"article","og_title":"Les Europ\u00e9ennes vues par JCL - Lyon Bondy Blog","og_description":"Qui dit \u00e9lections europ\u00e9ennes dit forc\u00e9ment candidats. Le dessinateur JCL sort sa plume et donne son avis sur certaines de ces t\u00eates de listes&#8230;","og_url":"https:\/\/lyonbondyblog.fr\/LBB\/les-europeennes-vues-par-jcl\/","og_site_name":"Lyon Bondy Blog","article_publisher":"https:\/\/www.facebook.com\/lyonbondyblog","article_author":"https:\/\/www.facebook.com\/lyonbondyblog","article_published_time":"2019-04-24T10:00:05+00:00","article_modified_time":"2019-05-07T13:31:20+00:00","og_image":[{"width":480,"height":637,"url":"https:\/\/lyonbondyblog.fr\/LBB\/wp-content\/uploads\/2019\/04\/dessin-jcl-europe\u0301ennes.jpg","type":"image\/jpeg"}],"author":"La r\u00e9daction","twitter_card":"summary_large_image","twitter_creator":"@BondyBlogLyon","twitter_site":"@bondybloglyon","schema":{"@context":"https:\/\/schema.org","@graph":[{"@type":"Article","@id":"https:\/\/lyonbondyblog.fr\/LBB\/les-europeennes-vues-par-jcl\/#article","isPartOf":{"@id":"https:\/\/lyonbondyblog.fr\/LBB\/les-europeennes-vues-par-jcl\/"},"author":{"name":"La r\u00e9daction","@id":"https:\/\/lyonbondyblog.fr\/LBB\/#\/schema\/person\/e45f8d27baac75072daa0be50c409b25"},"headline":"Les Europ\u00e9ennes vues par JCL","datePublished":"2019-04-24T10:00:05+00:00","dateModified":"2019-05-07T13:31:20+00:00","mainEntityOfPage":{"@id":"https:\/\/lyonbondyblog.fr\/LBB\/les-europeennes-vues-par-jcl\/"},"wordCount":58,"commentCount":0,"publisher":{"@id":"https:\/\/lyonbondyblog.fr\/LBB\/#organization"},"image":{"@id":"https:\/\/lyonbondyblog.fr\/LBB\/les-europeennes-vues-par-jcl\/#primaryimage"},"thumbnailUrl":"https:\/\/lyonbondyblog.fr\/LBB\/wp-content\/uploads\/2019\/04\/dessin-jcl-europe\u0301ennes.jpg","keywords":["caricature","dessin","dessin de presse","\u00e9lections europ\u00e9ennes 2019","Florian Philippot","JCL","Jordan Bardella","Nathalie Loiseau","Nicolas Dupont-Aignan","Rapha\u00ebl Gluksmann"],"articleSection":["Dessin de presse","Europ\u00e9ennes 2019","Politique"],"inLanguage":"fr-FR","potentialAction":[{"@type":"CommentAction","name":"Comment","target":["https:\/\/lyonbondyblog.fr\/LBB\/les-europeennes-vues-par-jcl\/#respond"]}]},{"@type":"WebPage","@id":"https:\/\/lyonbondyblog.fr\/LBB\/les-europeennes-vues-par-jcl\/","url":"https:\/\/lyonbondyblog.fr\/LBB\/les-europeennes-vues-par-jcl\/","name":"Les Europ\u00e9ennes vues par JCL - Lyon Bondy Blog","isPartOf":{"@id":"https:\/\/lyonbondyblog.fr\/LBB\/#website"},"primaryImageOfPage":{"@id":"https:\/\/lyonbondyblog.fr\/LBB\/les-europeennes-vues-par-jcl\/#primaryimage"},"image":{"@id":"https:\/\/lyonbondyblog.fr\/LBB\/les-europeennes-vues-par-jcl\/#primaryimage"},"thumbnailUrl":"https:\/\/lyonbondyblog.fr\/LBB\/wp-content\/uploads\/2019\/04\/dessin-jcl-europe\u0301ennes.jpg","datePublished":"2019-04-24T10:00:05+00:00","dateModified":"2019-05-07T13:31:20+00:00","inLanguage":"fr-FR","potentialAction":[{"@type":"ReadAction","target":["https:\/\/lyonbondyblog.fr\/LBB\/les-europeennes-vues-par-jcl\/"]}]},{"@type":"ImageObject","inLanguage":"fr-FR","@id":"https:\/\/lyonbondyblog.fr\/LBB\/les-europeennes-vues-par-jcl\/#primaryimage","url":"https:\/\/lyonbondyblog.fr\/LBB\/wp-content\/uploads\/2019\/04\/dessin-jcl-europe\u0301ennes.jpg","contentUrl":"https:\/\/lyonbondyblog.fr\/LBB\/wp-content\/uploads\/2019\/04\/dessin-jcl-europe\u0301ennes.jpg","width":480,"height":637,"caption":"Certaines des t\u00eates de listes pour les \u00e9lections europ\u00e9ennes vues par JCL - Cr\u00e9dit : JCL"},{"@type":"WebSite","@id":"https:\/\/lyonbondyblog.fr\/LBB\/#website","url":"https:\/\/lyonbondyblog.fr\/LBB\/","name":"Lyon Bondy Blog","description":"","publisher":{"@id":"https:\/\/lyonbondyblog.fr\/LBB\/#organization"},"potentialAction":[{"@type":"SearchAction","target":{"@type":"EntryPoint","urlTemplate":"https:\/\/lyonbondyblog.fr\/LBB\/?s={search_term_string}"},"query-input":"required name=search_term_string"}],"inLanguage":"fr-FR"},{"@type":"Organization","@id":"https:\/\/lyonbondyblog.fr\/LBB\/#organization","name":"LYON BONDY BLOG","url":"https:\/\/lyonbondyblog.fr\/LBB\/","logo":{"@type":"ImageObject","inLanguage":"fr-FR","@id":"https:\/\/lyonbondyblog.fr\/LBB\/#\/schema\/logo\/image\/","url":"http:\/\/lyonbondyblog.fr\/LBB\/wp-content\/uploads\/2014\/10\/logo-portable-144.png","contentUrl":"http:\/\/lyonbondyblog.fr\/LBB\/wp-content\/uploads\/2014\/10\/logo-portable-144.png","width":144,"height":123,"caption":"LYON BONDY BLOG"},"image":{"@id":"https:\/\/lyonbondyblog.fr\/LBB\/#\/schema\/logo\/image\/"},"sameAs":["https:\/\/www.facebook.com\/lyonbondyblog","https:\/\/x.com\/bondybloglyon"]},{"@type":"Person","@id":"https:\/\/lyonbondyblog.fr\/LBB\/#\/schema\/person\/e45f8d27baac75072daa0be50c409b25","name":"La r\u00e9daction","description":"Cr\u00e9e en 2008, la r\u00e9daction du Lyon Bondy Blog s'applique \u00e0 proposer une information locale diff\u00e9rente et compl\u00e9mentaire des m\u00e9dias traditionnels.","sameAs":["https:\/\/www.facebook.com\/lyonbondyblog","https:\/\/x.com\/BondyBlogLyon"],"url":"https:\/\/lyonbondyblog.fr\/LBB\/author\/admin\/"}]}},"_links":{"self":[{"href":"https:\/\/lyonbondyblog.fr\/LBB\/wp-json\/wp\/v2\/posts\/15923","targetHints":{"allow":["GET"]}}],"collection":[{"href":"https:\/\/lyonbondyblog.fr\/LBB\/wp-json\/wp\/v2\/posts"}],"about":[{"href":"https:\/\/lyonbondyblog.fr\/LBB\/wp-json\/wp\/v2\/types\/post"}],"author":[{"embeddable":true,"href":"https:\/\/lyonbondyblog.fr\/LBB\/wp-json\/wp\/v2\/users\/1"}],"replies":[{"embeddable":true,"href":"https:\/\/lyonbondyblog.fr\/LBB\/wp-json\/wp\/v2\/comments?post=15923"}],"version-history":[{"count":3,"href":"https:\/\/lyonbondyblog.fr\/LBB\/wp-json\/wp\/v2\/posts\/15923\/revisions"}],"predecessor-version":[{"id":15938,"href":"https:\/\/lyonbondyblog.fr\/LBB\/wp-json\/wp\/v2\/posts\/15923\/revisions\/15938"}],"wp:featuredmedia":[{"embeddable":true,"href":"https:\/\/lyonbondyblog.fr\/LBB\/wp-json\/wp\/v2\/media\/15924"}],"wp:attachment":[{"href":"https:\/\/lyonbondyblog.fr\/LBB\/wp-json\/wp\/v2\/media?parent=15923"}],"wp:term":[{"taxonomy":"category","embeddable":true,"href":"https:\/\/lyonbondyblog.fr\/LBB\/wp-json\/wp\/v2\/categories?post=15923"},{"taxonomy":"post_tag","embeddable":true,"href":"https:\/\/lyonbondyblog.fr\/LBB\/wp-json\/wp\/v2\/tags?post=15923"}],"curies":[{"name":"wp","href":"https:\/\/api.w.org\/{rel}","templated":true}]}}